{"id":286095,"date":"2026-03-09T10:14:45","date_gmt":"2026-03-09T13:14:45","guid":{"rendered":"https:\/\/noticiaempauta.com\/portal\/?p=286095"},"modified":"2026-03-09T10:36:26","modified_gmt":"2026-03-09T13:36:26","slug":"construcao-de-estrategias-pedagogicas-com-base-em-dados-sera-destaque-na-jornada-pedagogica-2026-1-em-picos","status":"publish","type":"post","link":"https:\/\/noticiaempauta.com\/portal\/construcao-de-estrategias-pedagogicas-com-base-em-dados-sera-destaque-na-jornada-pedagogica-2026-1-em-picos\/","title":{"rendered":"Constru\u00e7\u00e3o de estrat\u00e9gias pedag\u00f3gicas com base em dados ser\u00e1 destaque na Jornada Pedag\u00f3gica 2026.1 em Picos"},"content":{"rendered":"\n<p>Acontece nesta ter\u00e7a-feira, 10, a Jo<\/p>\n\n\n\n<p>rnada Pedag\u00f3gica 2026.1 da Educa\u00e7\u00e3o de Picos com o tema \u201cEduca\u00e7\u00e3o integral e aprendizagem significativa: formando cidad\u00e3os com equidade e empatia\u201d. O evento ser\u00e1 sediado no restaurante O Gald\u00eancio e iniciar\u00e1 \u00e0s 08h, com a participa\u00e7\u00e3o de gestores escolares, professores e auxiliares de atividades educacionais.<\/p>\n\n\n\n<figure class=\"wp-block-image size-large\"><img fetchpriority=\"high\" decoding=\"async\" width=\"1024\" height=\"706\" src=\"https:\/\/noticiaempauta.com\/portal\/wp-content\/uploads\/2026\/03\/jornada-pedagogica-1024x706.webp\" alt=\"\" class=\"wp-image-286096\" srcset=\"https:\/\/noticiaempauta.com\/portal\/wp-content\/uploads\/2026\/03\/jornada-pedagogica-1024x706.webp 1024w, https:\/\/noticiaempauta.com\/portal\/wp-content\/uploads\/2026\/03\/jornada-pedagogica-300x207.webp 300w, https:\/\/noticiaempauta.com\/portal\/wp-content\/uploads\/2026\/03\/jornada-pedagogica-768x530.webp 768w, https:\/\/noticiaempauta.com\/portal\/wp-content\/uploads\/2026\/03\/jornada-pedagogica.webp 1179w\" sizes=\"(max-width: 1024px) 100vw, 1024px\" \/><\/figure>\n\n\n\n<p>Com o tema \u201cConstruindo estrat\u00e9gias pedag\u00f3gicas baseadas em dados\u201d, a Palestra Magna ser\u00e1 ministrada por Hugo Harada, PhD, especialista em avalia\u00e7\u00e3o educacional, com mais de 15 anos de experi\u00eancia no desenvolvimento de solu\u00e7\u00f5es baseadas em dados para institui\u00e7\u00f5es de ensino, com foco na melhoria do desenvolvimento acad\u00eamico.<\/p>\n\n\n\n<p>Os m\u00e9dicos Maur\u00edcio Santos de Sousa \u2013 psiquiatra \u2013 e La\u00eds Portela Neiva Coelho \u2013 pediatra \u2013 tamb\u00e9m ministrar\u00e3o palestras voltadas para o eixo da inclus\u00e3o, um dos vi\u00e9s em que a Educa\u00e7\u00e3o de Picos tem se voltado, a fim de proporcionar inclus\u00e3o e equidade. Os profissionais abordar\u00e3o \u201cA escola como espa\u00e7o de promo\u00e7\u00e3o de sa\u00fade mental\u201d e \u201cO professor como facilitador: estrat\u00e9gias de acolhimento e inclus\u00e3o para o dia a dia\u201d, respectivamente.<\/p>\n\n\n\n<p>O humorista picoense Bernardo Bezerra tamb\u00e9m marcar\u00e1 presen\u00e7a na jornada deste ano, trazendo um momento de descontra\u00e7\u00e3o para os participantes.<\/p>\n\n\n\n<p>\u201cA jornada j\u00e1 vem acontecendo desde m\u00eas passado, com encontros voltados para cada modalidade de ensino, para cada eixo profissional, mas amanh\u00e3 ser\u00e1 o Dia D, onde todos nos encontraremos para vivenciarmos juntos este momento e trocarmos experi\u00eancias, com grandes nomes da sa\u00fade picoense, com o Dr. Hugo Harada que tamb\u00e9m vem trazer uma contribui\u00e7\u00e3o estrat\u00e9gica para a Educa\u00e7\u00e3o de Picos, e tamb\u00e9m muitos outros momentos importantes que acontecer\u00e3o dentro do encontro. Ent\u00e3o convido a todos os profissionais para se fazerem presentes e serem contemplados com t\u00e3o rico conhecimento\u201d, convidou a secret\u00e1ria de Educa\u00e7\u00e3o, Mary Dantas.<\/p>\n\n\n\n<p><\/p>\n","protected":false},"excerpt":{"rendered":"<p>Acontece nesta ter\u00e7a-feira, 10, a Jo rnada Pedag\u00f3gica 2026.1 da Educa\u00e7\u00e3o de Picos com o tema \u201cEduca\u00e7\u00e3o integral e aprendizagem significativa: formando cidad\u00e3os com equidade e empatia\u201d. O evento ser\u00e1 sediado no restaurante O Gald\u00eancio e iniciar\u00e1 \u00e0s 08h, com a participa\u00e7\u00e3o de gestores escolares, professores e auxiliares de atividades educacionais. Com o tema \u201cConstruindo [&hellip;]<\/p>\n","protected":false},"author":2,"featured_media":286096,"comment_status":"closed","ping_status":"closed","sticky":false,"template":"","format":"standard","meta":{"_mi_skip_tracking":false,"footnotes":""},"categories":[25,1,16],"tags":[],"class_list":["post-286095","post","type-post","status-publish","format-standard","has-post-thumbnail","hentry","category-destaques-site","category-geral","category-todas"],"acf":[],"yoast_head":"<!-- This site is optimized with the Yoast SEO Premium plugin v19.2 (Yoast SEO v26.9) - https:\/\/yoast.com\/product\/yoast-seo-premium-wordpress\/ -->\n<title>Constru\u00e7\u00e3o de estrat\u00e9gias pedag\u00f3gicas com base em dados ser\u00e1 destaque na Jornada Pedag\u00f3gica 2026.1 em Picos - Portal Not\u00edcia em Pauta<\/title>\n<meta name=\"robots\" content=\"index, follow, max-snippet:-1, max-image-preview:large, max-video-preview:-1\" \/>\n<link rel=\"canonical\" href=\"https:\/\/noticiaempauta.com\/portal\/construcao-de-estrategias-pedagogicas-com-base-em-dados-sera-destaque-na-jornada-pedagogica-2026-1-em-picos\/\" \/>\n<meta property=\"og:locale\" content=\"pt_BR\" \/>\n<meta property=\"og:type\" content=\"article\" \/>\n<meta property=\"og:title\" content=\"Constru\u00e7\u00e3o de estrat\u00e9gias pedag\u00f3gicas com base em dados ser\u00e1 destaque na Jornada Pedag\u00f3gica 2026.1 em Picos\" \/>\n<meta property=\"og:description\" content=\"Acontece nesta ter\u00e7a-feira, 10, a Jo rnada Pedag\u00f3gica 2026.1 da Educa\u00e7\u00e3o de Picos com o tema \u201cEduca\u00e7\u00e3o integral e aprendizagem significativa: formando cidad\u00e3os com equidade e empatia\u201d. O evento ser\u00e1 sediado no restaurante O Gald\u00eancio e iniciar\u00e1 \u00e0s 08h, com a participa\u00e7\u00e3o de gestores escolares, professores e auxiliares de atividades educacionais. Com o tema \u201cConstruindo [&hellip;]\" \/>\n<meta property=\"og:url\" content=\"https:\/\/noticiaempauta.com\/portal\/construcao-de-estrategias-pedagogicas-com-base-em-dados-sera-destaque-na-jornada-pedagogica-2026-1-em-picos\/\" \/>\n<meta property=\"og:site_name\" content=\"Portal Not\u00edcia em Pauta\" \/>\n<meta property=\"article:publisher\" content=\"https:\/\/www.facebook.com\/Portal-Notcia-Em-Pauta-102292869264820\/\" \/>\n<meta property=\"article:published_time\" content=\"2026-03-09T13:14:45+00:00\" \/>\n<meta property=\"article:modified_time\" content=\"2026-03-09T13:36:26+00:00\" \/>\n<meta property=\"og:image\" content=\"https:\/\/noticiaempauta.com\/portal\/wp-content\/uploads\/2026\/03\/jornada-pedagogica.webp\" \/>\n\t<meta property=\"og:image:width\" content=\"1179\" \/>\n\t<meta property=\"og:image:height\" content=\"813\" \/>\n\t<meta property=\"og:image:type\" content=\"image\/webp\" \/>\n<meta name=\"author\" content=\"Reda\u00e7\u00e3o\" \/>\n<meta name=\"twitter:card\" content=\"summary_large_image\" \/>\n<meta name=\"twitter:label1\" content=\"Escrito por\" \/>\n\t<meta name=\"twitter:data1\" content=\"Reda\u00e7\u00e3o\" \/>\n\t<meta name=\"twitter:label2\" content=\"Est. tempo de leitura\" \/>\n\t<meta name=\"twitter:data2\" content=\"2 minutos\" \/>\n<script type=\"application\/ld+json\" class=\"yoast-schema-graph\">{\"@context\":\"https:\/\/schema.org\",\"@graph\":[{\"@type\":\"Article\",\"@id\":\"https:\/\/noticiaempauta.com\/portal\/construcao-de-estrategias-pedagogicas-com-base-em-dados-sera-destaque-na-jornada-pedagogica-2026-1-em-picos\/#article\",\"isPartOf\":{\"@id\":\"https:\/\/noticiaempauta.com\/portal\/construcao-de-estrategias-pedagogicas-com-base-em-dados-sera-destaque-na-jornada-pedagogica-2026-1-em-picos\/\"},\"author\":{\"name\":\"Reda\u00e7\u00e3o\",\"@id\":\"https:\/\/noticiaempauta.com\/portal\/#\/schema\/person\/a74af43dd1ab3deca45f988c717d57ac\"},\"headline\":\"Constru\u00e7\u00e3o de estrat\u00e9gias pedag\u00f3gicas com base em dados ser\u00e1 destaque na Jornada Pedag\u00f3gica 2026.1 em Picos\",\"datePublished\":\"2026-03-09T13:14:45+00:00\",\"dateModified\":\"2026-03-09T13:36:26+00:00\",\"mainEntityOfPage\":{\"@id\":\"https:\/\/noticiaempauta.com\/portal\/construcao-de-estrategias-pedagogicas-com-base-em-dados-sera-destaque-na-jornada-pedagogica-2026-1-em-picos\/\"},\"wordCount\":344,\"publisher\":{\"@id\":\"https:\/\/noticiaempauta.com\/portal\/#organization\"},\"image\":{\"@id\":\"https:\/\/noticiaempauta.com\/portal\/construcao-de-estrategias-pedagogicas-com-base-em-dados-sera-destaque-na-jornada-pedagogica-2026-1-em-picos\/#primaryimage\"},\"thumbnailUrl\":\"https:\/\/noticiaempauta.com\/portal\/wp-content\/uploads\/2026\/03\/jornada-pedagogica.webp\",\"articleSection\":[\"Destaques\",\"Geral\",\"Todas as Not\u00edcias\"],\"inLanguage\":\"pt-BR\"},{\"@type\":\"WebPage\",\"@id\":\"https:\/\/noticiaempauta.com\/portal\/construcao-de-estrategias-pedagogicas-com-base-em-dados-sera-destaque-na-jornada-pedagogica-2026-1-em-picos\/\",\"url\":\"https:\/\/noticiaempauta.com\/portal\/construcao-de-estrategias-pedagogicas-com-base-em-dados-sera-destaque-na-jornada-pedagogica-2026-1-em-picos\/\",\"name\":\"Constru\u00e7\u00e3o de estrat\u00e9gias pedag\u00f3gicas com base em dados ser\u00e1 destaque na Jornada Pedag\u00f3gica 2026.1 em Picos - Portal Not\u00edcia em Pauta\",\"isPartOf\":{\"@id\":\"https:\/\/noticiaempauta.com\/portal\/#website\"},\"primaryImageOfPage\":{\"@id\":\"https:\/\/noticiaempauta.com\/portal\/construcao-de-estrategias-pedagogicas-com-base-em-dados-sera-destaque-na-jornada-pedagogica-2026-1-em-picos\/#primaryimage\"},\"image\":{\"@id\":\"https:\/\/noticiaempauta.com\/portal\/construcao-de-estrategias-pedagogicas-com-base-em-dados-sera-destaque-na-jornada-pedagogica-2026-1-em-picos\/#primaryimage\"},\"thumbnailUrl\":\"https:\/\/noticiaempauta.com\/portal\/wp-content\/uploads\/2026\/03\/jornada-pedagogica.webp\",\"datePublished\":\"2026-03-09T13:14:45+00:00\",\"dateModified\":\"2026-03-09T13:36:26+00:00\",\"breadcrumb\":{\"@id\":\"https:\/\/noticiaempauta.com\/portal\/construcao-de-estrategias-pedagogicas-com-base-em-dados-sera-destaque-na-jornada-pedagogica-2026-1-em-picos\/#breadcrumb\"},\"inLanguage\":\"pt-BR\",\"potentialAction\":[{\"@type\":\"ReadAction\",\"target\":[\"https:\/\/noticiaempauta.com\/portal\/construcao-de-estrategias-pedagogicas-com-base-em-dados-sera-destaque-na-jornada-pedagogica-2026-1-em-picos\/\"]}]},{\"@type\":\"ImageObject\",\"inLanguage\":\"pt-BR\",\"@id\":\"https:\/\/noticiaempauta.com\/portal\/construcao-de-estrategias-pedagogicas-com-base-em-dados-sera-destaque-na-jornada-pedagogica-2026-1-em-picos\/#primaryimage\",\"url\":\"https:\/\/noticiaempauta.com\/portal\/wp-content\/uploads\/2026\/03\/jornada-pedagogica.webp\",\"contentUrl\":\"https:\/\/noticiaempauta.com\/portal\/wp-content\/uploads\/2026\/03\/jornada-pedagogica.webp\",\"width\":1179,\"height\":813},{\"@type\":\"BreadcrumbList\",\"@id\":\"https:\/\/noticiaempauta.com\/portal\/construcao-de-estrategias-pedagogicas-com-base-em-dados-sera-destaque-na-jornada-pedagogica-2026-1-em-picos\/#breadcrumb\",\"itemListElement\":[{\"@type\":\"ListItem\",\"position\":1,\"name\":\"P\u00e1gina Inicial\",\"item\":\"https:\/\/noticiaempauta.com\/portal\/\"},{\"@type\":\"ListItem\",\"position\":2,\"name\":\"Destaques\",\"item\":\"https:\/\/noticiaempauta.com\/portal\/destaques-site\/\"},{\"@type\":\"ListItem\",\"position\":3,\"name\":\"Constru\u00e7\u00e3o de estrat\u00e9gias pedag\u00f3gicas com base em dados ser\u00e1 destaque na Jornada Pedag\u00f3gica 2026.1 em Picos\"}]},{\"@type\":\"WebSite\",\"@id\":\"https:\/\/noticiaempauta.com\/portal\/#website\",\"url\":\"https:\/\/noticiaempauta.com\/portal\/\",\"name\":\"Portal Not\u00edcia em Pauta\",\"description\":\"Voc\u00ea bem informado\",\"publisher\":{\"@id\":\"https:\/\/noticiaempauta.com\/portal\/#organization\"},\"potentialAction\":[{\"@type\":\"SearchAction\",\"target\":{\"@type\":\"EntryPoint\",\"urlTemplate\":\"https:\/\/noticiaempauta.com\/portal\/?s={search_term_string}\"},\"query-input\":{\"@type\":\"PropertyValueSpecification\",\"valueRequired\":true,\"valueName\":\"search_term_string\"}}],\"inLanguage\":\"pt-BR\"},{\"@type\":\"Organization\",\"@id\":\"https:\/\/noticiaempauta.com\/portal\/#organization\",\"name\":\"Portal Not\u00edcia em Pauta\",\"url\":\"https:\/\/noticiaempauta.com\/portal\/\",\"logo\":{\"@type\":\"ImageObject\",\"inLanguage\":\"pt-BR\",\"@id\":\"https:\/\/noticiaempauta.com\/portal\/#\/schema\/logo\/image\/\",\"url\":\"https:\/\/noticiaempauta.com\/portal\/wp-content\/uploads\/2022\/08\/logomarca_tema.fw_.png\",\"contentUrl\":\"https:\/\/noticiaempauta.com\/portal\/wp-content\/uploads\/2022\/08\/logomarca_tema.fw_.png\",\"width\":400,\"height\":232,\"caption\":\"Portal Not\u00edcia em Pauta\"},\"image\":{\"@id\":\"https:\/\/noticiaempauta.com\/portal\/#\/schema\/logo\/image\/\"},\"sameAs\":[\"https:\/\/www.facebook.com\/Portal-Notcia-Em-Pauta-102292869264820\/\",\"https:\/\/www.instagram.com\/portalnoticiaempauta\/\"]},{\"@type\":\"Person\",\"@id\":\"https:\/\/noticiaempauta.com\/portal\/#\/schema\/person\/a74af43dd1ab3deca45f988c717d57ac\",\"name\":\"Reda\u00e7\u00e3o\",\"image\":{\"@type\":\"ImageObject\",\"inLanguage\":\"pt-BR\",\"@id\":\"https:\/\/noticiaempauta.com\/portal\/#\/schema\/person\/image\/\",\"url\":\"https:\/\/secure.gravatar.com\/avatar\/03179346ecce6cdfc13361603e8f54242a90e5cde8618fa23c5c00aa2b0aadf3?s=96&d=mm&r=g\",\"contentUrl\":\"https:\/\/secure.gravatar.com\/avatar\/03179346ecce6cdfc13361603e8f54242a90e5cde8618fa23c5c00aa2b0aadf3?s=96&d=mm&r=g\",\"caption\":\"Reda\u00e7\u00e3o\"},\"sameAs\":[\"https:\/\/noticiaempauta.com\/portal\/\"],\"url\":\"https:\/\/noticiaempauta.com\/portal\/author\/fernando\/\"}]}<\/script>\n<!-- \/ Yoast SEO Premium plugin. -->","yoast_head_json":{"title":"Constru\u00e7\u00e3o de estrat\u00e9gias pedag\u00f3gicas com base em dados ser\u00e1 destaque na Jornada Pedag\u00f3gica 2026.1 em Picos - Portal Not\u00edcia em Pauta","robots":{"index":"index","follow":"follow","max-snippet":"max-snippet:-1","max-image-preview":"max-image-preview:large","max-video-preview":"max-video-preview:-1"},"canonical":"https:\/\/noticiaempauta.com\/portal\/construcao-de-estrategias-pedagogicas-com-base-em-dados-sera-destaque-na-jornada-pedagogica-2026-1-em-picos\/","og_locale":"pt_BR","og_type":"article","og_title":"Constru\u00e7\u00e3o de estrat\u00e9gias pedag\u00f3gicas com base em dados ser\u00e1 destaque na Jornada Pedag\u00f3gica 2026.1 em Picos","og_description":"Acontece nesta ter\u00e7a-feira, 10, a Jo rnada Pedag\u00f3gica 2026.1 da Educa\u00e7\u00e3o de Picos com o tema \u201cEduca\u00e7\u00e3o integral e aprendizagem significativa: formando cidad\u00e3os com equidade e empatia\u201d. O evento ser\u00e1 sediado no restaurante O Gald\u00eancio e iniciar\u00e1 \u00e0s 08h, com a participa\u00e7\u00e3o de gestores escolares, professores e auxiliares de atividades educacionais. Com o tema \u201cConstruindo [&hellip;]","og_url":"https:\/\/noticiaempauta.com\/portal\/construcao-de-estrategias-pedagogicas-com-base-em-dados-sera-destaque-na-jornada-pedagogica-2026-1-em-picos\/","og_site_name":"Portal Not\u00edcia em Pauta","article_publisher":"https:\/\/www.facebook.com\/Portal-Notcia-Em-Pauta-102292869264820\/","article_published_time":"2026-03-09T13:14:45+00:00","article_modified_time":"2026-03-09T13:36:26+00:00","og_image":[{"width":1179,"height":813,"url":"https:\/\/noticiaempauta.com\/portal\/wp-content\/uploads\/2026\/03\/jornada-pedagogica.webp","type":"image\/webp"}],"author":"Reda\u00e7\u00e3o","twitter_card":"summary_large_image","twitter_misc":{"Escrito por":"Reda\u00e7\u00e3o","Est. tempo de leitura":"2 minutos"},"schema":{"@context":"https:\/\/schema.org","@graph":[{"@type":"Article","@id":"https:\/\/noticiaempauta.com\/portal\/construcao-de-estrategias-pedagogicas-com-base-em-dados-sera-destaque-na-jornada-pedagogica-2026-1-em-picos\/#article","isPartOf":{"@id":"https:\/\/noticiaempauta.com\/portal\/construcao-de-estrategias-pedagogicas-com-base-em-dados-sera-destaque-na-jornada-pedagogica-2026-1-em-picos\/"},"author":{"name":"Reda\u00e7\u00e3o","@id":"https:\/\/noticiaempauta.com\/portal\/#\/schema\/person\/a74af43dd1ab3deca45f988c717d57ac"},"headline":"Constru\u00e7\u00e3o de estrat\u00e9gias pedag\u00f3gicas com base em dados ser\u00e1 destaque na Jornada Pedag\u00f3gica 2026.1 em Picos","datePublished":"2026-03-09T13:14:45+00:00","dateModified":"2026-03-09T13:36:26+00:00","mainEntityOfPage":{"@id":"https:\/\/noticiaempauta.com\/portal\/construcao-de-estrategias-pedagogicas-com-base-em-dados-sera-destaque-na-jornada-pedagogica-2026-1-em-picos\/"},"wordCount":344,"publisher":{"@id":"https:\/\/noticiaempauta.com\/portal\/#organization"},"image":{"@id":"https:\/\/noticiaempauta.com\/portal\/construcao-de-estrategias-pedagogicas-com-base-em-dados-sera-destaque-na-jornada-pedagogica-2026-1-em-picos\/#primaryimage"},"thumbnailUrl":"https:\/\/noticiaempauta.com\/portal\/wp-content\/uploads\/2026\/03\/jornada-pedagogica.webp","articleSection":["Destaques","Geral","Todas as Not\u00edcias"],"inLanguage":"pt-BR"},{"@type":"WebPage","@id":"https:\/\/noticiaempauta.com\/portal\/construcao-de-estrategias-pedagogicas-com-base-em-dados-sera-destaque-na-jornada-pedagogica-2026-1-em-picos\/","url":"https:\/\/noticiaempauta.com\/portal\/construcao-de-estrategias-pedagogicas-com-base-em-dados-sera-destaque-na-jornada-pedagogica-2026-1-em-picos\/","name":"Constru\u00e7\u00e3o de estrat\u00e9gias pedag\u00f3gicas com base em dados ser\u00e1 destaque na Jornada Pedag\u00f3gica 2026.1 em Picos - Portal Not\u00edcia em Pauta","isPartOf":{"@id":"https:\/\/noticiaempauta.com\/portal\/#website"},"primaryImageOfPage":{"@id":"https:\/\/noticiaempauta.com\/portal\/construcao-de-estrategias-pedagogicas-com-base-em-dados-sera-destaque-na-jornada-pedagogica-2026-1-em-picos\/#primaryimage"},"image":{"@id":"https:\/\/noticiaempauta.com\/portal\/construcao-de-estrategias-pedagogicas-com-base-em-dados-sera-destaque-na-jornada-pedagogica-2026-1-em-picos\/#primaryimage"},"thumbnailUrl":"https:\/\/noticiaempauta.com\/portal\/wp-content\/uploads\/2026\/03\/jornada-pedagogica.webp","datePublished":"2026-03-09T13:14:45+00:00","dateModified":"2026-03-09T13:36:26+00:00","breadcrumb":{"@id":"https:\/\/noticiaempauta.com\/portal\/construcao-de-estrategias-pedagogicas-com-base-em-dados-sera-destaque-na-jornada-pedagogica-2026-1-em-picos\/#breadcrumb"},"inLanguage":"pt-BR","potentialAction":[{"@type":"ReadAction","target":["https:\/\/noticiaempauta.com\/portal\/construcao-de-estrategias-pedagogicas-com-base-em-dados-sera-destaque-na-jornada-pedagogica-2026-1-em-picos\/"]}]},{"@type":"ImageObject","inLanguage":"pt-BR","@id":"https:\/\/noticiaempauta.com\/portal\/construcao-de-estrategias-pedagogicas-com-base-em-dados-sera-destaque-na-jornada-pedagogica-2026-1-em-picos\/#primaryimage","url":"https:\/\/noticiaempauta.com\/portal\/wp-content\/uploads\/2026\/03\/jornada-pedagogica.webp","contentUrl":"https:\/\/noticiaempauta.com\/portal\/wp-content\/uploads\/2026\/03\/jornada-pedagogica.webp","width":1179,"height":813},{"@type":"BreadcrumbList","@id":"https:\/\/noticiaempauta.com\/portal\/construcao-de-estrategias-pedagogicas-com-base-em-dados-sera-destaque-na-jornada-pedagogica-2026-1-em-picos\/#breadcrumb","itemListElement":[{"@type":"ListItem","position":1,"name":"P\u00e1gina Inicial","item":"https:\/\/noticiaempauta.com\/portal\/"},{"@type":"ListItem","position":2,"name":"Destaques","item":"https:\/\/noticiaempauta.com\/portal\/destaques-site\/"},{"@type":"ListItem","position":3,"name":"Constru\u00e7\u00e3o de estrat\u00e9gias pedag\u00f3gicas com base em dados ser\u00e1 destaque na Jornada Pedag\u00f3gica 2026.1 em Picos"}]},{"@type":"WebSite","@id":"https:\/\/noticiaempauta.com\/portal\/#website","url":"https:\/\/noticiaempauta.com\/portal\/","name":"Portal Not\u00edcia em Pauta","description":"Voc\u00ea bem informado","publisher":{"@id":"https:\/\/noticiaempauta.com\/portal\/#organization"},"potentialAction":[{"@type":"SearchAction","target":{"@type":"EntryPoint","urlTemplate":"https:\/\/noticiaempauta.com\/portal\/?s={search_term_string}"},"query-input":{"@type":"PropertyValueSpecification","valueRequired":true,"valueName":"search_term_string"}}],"inLanguage":"pt-BR"},{"@type":"Organization","@id":"https:\/\/noticiaempauta.com\/portal\/#organization","name":"Portal Not\u00edcia em Pauta","url":"https:\/\/noticiaempauta.com\/portal\/","logo":{"@type":"ImageObject","inLanguage":"pt-BR","@id":"https:\/\/noticiaempauta.com\/portal\/#\/schema\/logo\/image\/","url":"https:\/\/noticiaempauta.com\/portal\/wp-content\/uploads\/2022\/08\/logomarca_tema.fw_.png","contentUrl":"https:\/\/noticiaempauta.com\/portal\/wp-content\/uploads\/2022\/08\/logomarca_tema.fw_.png","width":400,"height":232,"caption":"Portal Not\u00edcia em Pauta"},"image":{"@id":"https:\/\/noticiaempauta.com\/portal\/#\/schema\/logo\/image\/"},"sameAs":["https:\/\/www.facebook.com\/Portal-Notcia-Em-Pauta-102292869264820\/","https:\/\/www.instagram.com\/portalnoticiaempauta\/"]},{"@type":"Person","@id":"https:\/\/noticiaempauta.com\/portal\/#\/schema\/person\/a74af43dd1ab3deca45f988c717d57ac","name":"Reda\u00e7\u00e3o","image":{"@type":"ImageObject","inLanguage":"pt-BR","@id":"https:\/\/noticiaempauta.com\/portal\/#\/schema\/person\/image\/","url":"https:\/\/secure.gravatar.com\/avatar\/03179346ecce6cdfc13361603e8f54242a90e5cde8618fa23c5c00aa2b0aadf3?s=96&d=mm&r=g","contentUrl":"https:\/\/secure.gravatar.com\/avatar\/03179346ecce6cdfc13361603e8f54242a90e5cde8618fa23c5c00aa2b0aadf3?s=96&d=mm&r=g","caption":"Reda\u00e7\u00e3o"},"sameAs":["https:\/\/noticiaempauta.com\/portal\/"],"url":"https:\/\/noticiaempauta.com\/portal\/author\/fernando\/"}]}},"_links":{"self":[{"href":"https:\/\/noticiaempauta.com\/portal\/wp-json\/wp\/v2\/posts\/286095","targetHints":{"allow":["GET"]}}],"collection":[{"href":"https:\/\/noticiaempauta.com\/portal\/wp-json\/wp\/v2\/posts"}],"about":[{"href":"https:\/\/noticiaempauta.com\/portal\/wp-json\/wp\/v2\/types\/post"}],"author":[{"embeddable":true,"href":"https:\/\/noticiaempauta.com\/portal\/wp-json\/wp\/v2\/users\/2"}],"replies":[{"embeddable":true,"href":"https:\/\/noticiaempauta.com\/portal\/wp-json\/wp\/v2\/comments?post=286095"}],"version-history":[{"count":4,"href":"https:\/\/noticiaempauta.com\/portal\/wp-json\/wp\/v2\/posts\/286095\/revisions"}],"predecessor-version":[{"id":286101,"href":"https:\/\/noticiaempauta.com\/portal\/wp-json\/wp\/v2\/posts\/286095\/revisions\/286101"}],"wp:featuredmedia":[{"embeddable":true,"href":"https:\/\/noticiaempauta.com\/portal\/wp-json\/wp\/v2\/media\/286096"}],"wp:attachment":[{"href":"https:\/\/noticiaempauta.com\/portal\/wp-json\/wp\/v2\/media?parent=286095"}],"wp:term":[{"taxonomy":"category","embeddable":true,"href":"https:\/\/noticiaempauta.com\/portal\/wp-json\/wp\/v2\/categories?post=286095"},{"taxonomy":"post_tag","embeddable":true,"href":"https:\/\/noticiaempauta.com\/portal\/wp-json\/wp\/v2\/tags?post=286095"}],"curies":[{"name":"wp","href":"https:\/\/api.w.org\/{rel}","templated":true}]}}