{"id":286103,"date":"2026-03-09T11:51:18","date_gmt":"2026-03-09T14:51:18","guid":{"rendered":"https:\/\/noticiaempauta.com\/portal\/?p=286103"},"modified":"2026-03-09T11:51:20","modified_gmt":"2026-03-09T14:51:20","slug":"clero-da-diocese-de-picos-realiza-dia-de-missao-em-paqueta-do-piaui","status":"publish","type":"post","link":"https:\/\/noticiaempauta.com\/portal\/clero-da-diocese-de-picos-realiza-dia-de-missao-em-paqueta-do-piaui\/","title":{"rendered":"Clero da Diocese de Picos realiza Dia de Miss\u00e3o em Paquet\u00e1 do Piau\u00ed"},"content":{"rendered":"\n<p>No \u00faltimo s\u00e1bado, 07 de mar\u00e7o de 2026, o Clero da Diocese de Picos, acompanhado pelo bispo Dom Pl\u00ednio Jos\u00e9 Luz da Silva, realizou um dia de miss\u00e3o na cidade de Paquet\u00e1 \u2013 PI e em suas comunidades. A iniciativa integra o calend\u00e1rio anual da Diocese e teve como objetivo fortalecer a presen\u00e7a mission\u00e1ria da Igreja junto \u00e0s fam\u00edlias e comunidades locais.<\/p>\n\n\n\n<figure class=\"wp-block-image size-large\"><img fetchpriority=\"high\" decoding=\"async\" width=\"1024\" height=\"802\" src=\"https:\/\/noticiaempauta.com\/portal\/wp-content\/uploads\/2026\/03\/WhatsApp-Image-2026-03-08-at-07.20.14-7-1024x802.webp\" alt=\"\" class=\"wp-image-286104\" srcset=\"https:\/\/noticiaempauta.com\/portal\/wp-content\/uploads\/2026\/03\/WhatsApp-Image-2026-03-08-at-07.20.14-7-1024x802.webp 1024w, https:\/\/noticiaempauta.com\/portal\/wp-content\/uploads\/2026\/03\/WhatsApp-Image-2026-03-08-at-07.20.14-7-300x235.webp 300w, https:\/\/noticiaempauta.com\/portal\/wp-content\/uploads\/2026\/03\/WhatsApp-Image-2026-03-08-at-07.20.14-7-768x602.webp 768w, https:\/\/noticiaempauta.com\/portal\/wp-content\/uploads\/2026\/03\/WhatsApp-Image-2026-03-08-at-07.20.14-7.webp 1280w\" sizes=\"(max-width: 1024px) 100vw, 1024px\" \/><\/figure>\n\n\n\n<p>A programa\u00e7\u00e3o teve in\u00edcio \u00e0s 8h, com um caf\u00e9 da manh\u00e3 de acolhida, seguido por um momento de ora\u00e7\u00e3o e a b\u00ean\u00e7\u00e3o de envio. <\/p>\n\n\n\n<figure class=\"wp-block-image size-large\"><img decoding=\"async\" width=\"1024\" height=\"768\" src=\"https:\/\/noticiaempauta.com\/portal\/wp-content\/uploads\/2026\/03\/WhatsApp-Image-2026-03-08-at-07.20.14-4-1024x768.webp\" alt=\"\" class=\"wp-image-286108\" srcset=\"https:\/\/noticiaempauta.com\/portal\/wp-content\/uploads\/2026\/03\/WhatsApp-Image-2026-03-08-at-07.20.14-4-1024x768.webp 1024w, https:\/\/noticiaempauta.com\/portal\/wp-content\/uploads\/2026\/03\/WhatsApp-Image-2026-03-08-at-07.20.14-4-300x225.webp 300w, https:\/\/noticiaempauta.com\/portal\/wp-content\/uploads\/2026\/03\/WhatsApp-Image-2026-03-08-at-07.20.14-4-768x576.webp 768w, https:\/\/noticiaempauta.com\/portal\/wp-content\/uploads\/2026\/03\/WhatsApp-Image-2026-03-08-at-07.20.14-4.webp 1280w\" sizes=\"(max-width: 1024px) 100vw, 1024px\" \/><\/figure>\n\n\n\n<p>Ap\u00f3s a ora\u00e7\u00e3o, os padres foram divididos em grupos, juntamente com jovens e leigos mission\u00e1rios, e partiram para visitar as fam\u00edlias da cidade e da zona rural, levando palavras de f\u00e9, esperan\u00e7a e proximidade.<\/p>\n\n\n\n<figure class=\"wp-block-image size-large\"><img decoding=\"async\" width=\"1024\" height=\"768\" src=\"https:\/\/noticiaempauta.com\/portal\/wp-content\/uploads\/2026\/03\/WhatsApp-Image-2026-03-08-at-07.20.14-3-1024x768.webp\" alt=\"\" class=\"wp-image-286112\" srcset=\"https:\/\/noticiaempauta.com\/portal\/wp-content\/uploads\/2026\/03\/WhatsApp-Image-2026-03-08-at-07.20.14-3-1024x768.webp 1024w, https:\/\/noticiaempauta.com\/portal\/wp-content\/uploads\/2026\/03\/WhatsApp-Image-2026-03-08-at-07.20.14-3-300x225.webp 300w, https:\/\/noticiaempauta.com\/portal\/wp-content\/uploads\/2026\/03\/WhatsApp-Image-2026-03-08-at-07.20.14-3-768x576.webp 768w, https:\/\/noticiaempauta.com\/portal\/wp-content\/uploads\/2026\/03\/WhatsApp-Image-2026-03-08-at-07.20.14-3.webp 1280w\" sizes=\"(max-width: 1024px) 100vw, 1024px\" \/><\/figure>\n\n\n\n<figure class=\"wp-block-image size-large\"><img loading=\"lazy\" decoding=\"async\" width=\"1024\" height=\"768\" src=\"https:\/\/noticiaempauta.com\/portal\/wp-content\/uploads\/2026\/03\/WhatsApp-Image-2026-03-08-at-07.20.14-2-1024x768.webp\" alt=\"\" class=\"wp-image-286111\" srcset=\"https:\/\/noticiaempauta.com\/portal\/wp-content\/uploads\/2026\/03\/WhatsApp-Image-2026-03-08-at-07.20.14-2-1024x768.webp 1024w, https:\/\/noticiaempauta.com\/portal\/wp-content\/uploads\/2026\/03\/WhatsApp-Image-2026-03-08-at-07.20.14-2-300x225.webp 300w, https:\/\/noticiaempauta.com\/portal\/wp-content\/uploads\/2026\/03\/WhatsApp-Image-2026-03-08-at-07.20.14-2-768x576.webp 768w, https:\/\/noticiaempauta.com\/portal\/wp-content\/uploads\/2026\/03\/WhatsApp-Image-2026-03-08-at-07.20.14-2.webp 1280w\" sizes=\"(max-width: 1024px) 100vw, 1024px\" \/><\/figure>\n\n\n\n<p>Ao longo do dia, os mission\u00e1rios realizaram visitas, momentos de escuta e partilha com os moradores, fortalecendo os la\u00e7os entre o clero e a comunidade. No per\u00edodo da tarde, ao retornarem das visitas, padres, jovens e leigos reuniram-se para um momento de avalia\u00e7\u00e3o das atividades realizadas durante a miss\u00e3o.<\/p>\n\n\n\n<figure class=\"wp-block-image size-large\"><img loading=\"lazy\" decoding=\"async\" width=\"1024\" height=\"678\" src=\"https:\/\/noticiaempauta.com\/portal\/wp-content\/uploads\/2026\/03\/DSC_0140-2048x1356-1-1024x678.webp\" alt=\"\" class=\"wp-image-286106\" srcset=\"https:\/\/noticiaempauta.com\/portal\/wp-content\/uploads\/2026\/03\/DSC_0140-2048x1356-1-1024x678.webp 1024w, https:\/\/noticiaempauta.com\/portal\/wp-content\/uploads\/2026\/03\/DSC_0140-2048x1356-1-300x199.webp 300w, https:\/\/noticiaempauta.com\/portal\/wp-content\/uploads\/2026\/03\/DSC_0140-2048x1356-1-768x509.webp 768w, https:\/\/noticiaempauta.com\/portal\/wp-content\/uploads\/2026\/03\/DSC_0140-2048x1356-1-1536x1017.webp 1536w, https:\/\/noticiaempauta.com\/portal\/wp-content\/uploads\/2026\/03\/DSC_0140-2048x1356-1.webp 2048w\" sizes=\"(max-width: 1024px) 100vw, 1024px\" \/><\/figure>\n\n\n\n<p>O encerramento do dia mission\u00e1rio aconteceu com a celebra\u00e7\u00e3o da Eucaristia, \u00e0s 16h, na igreja de Nossa Senhora do Perp\u00e9tuo Socorro. Durante a celebra\u00e7\u00e3o, foi realizada a cerim\u00f4nia de nomea\u00e7\u00e3o do Padre Sebasti\u00e3o Francisco dos Santos como Vig\u00e1rio Geral da Diocese de Picos, e do Padre Paulo Henrique da Silva Oliveira como Vig\u00e1rio Judicial e Chanceler da C\u00faria Diocesana, na presen\u00e7a do clero diocesano.<\/p>\n\n\n\n<figure class=\"wp-block-image size-large\"><img loading=\"lazy\" decoding=\"async\" width=\"1024\" height=\"768\" src=\"https:\/\/noticiaempauta.com\/portal\/wp-content\/uploads\/2026\/03\/WhatsApp-Image-2026-03-08-at-07.20.14-1024x768.webp\" alt=\"\" class=\"wp-image-286107\" srcset=\"https:\/\/noticiaempauta.com\/portal\/wp-content\/uploads\/2026\/03\/WhatsApp-Image-2026-03-08-at-07.20.14-1024x768.webp 1024w, https:\/\/noticiaempauta.com\/portal\/wp-content\/uploads\/2026\/03\/WhatsApp-Image-2026-03-08-at-07.20.14-300x225.webp 300w, https:\/\/noticiaempauta.com\/portal\/wp-content\/uploads\/2026\/03\/WhatsApp-Image-2026-03-08-at-07.20.14-768x576.webp 768w, https:\/\/noticiaempauta.com\/portal\/wp-content\/uploads\/2026\/03\/WhatsApp-Image-2026-03-08-at-07.20.14.webp 1280w\" sizes=\"(max-width: 1024px) 100vw, 1024px\" \/><\/figure>\n\n\n\n<p>O Padre Greg\u00f3rio Leal Lustosa, presidente da Comiss\u00e3o Diocesana do Clero, destacou o sentido da miss\u00e3o. \u201cBuscamos a reaproxima\u00e7\u00e3o do clero da Diocese com o povo de Deus aqui da cidade de Paquet\u00e1 e agradecemos a todos os fi\u00e9is leigos e jovens que nos acompanharam durante todo esse dia de miss\u00e3o\u201d, afirmou.<\/p>\n\n\n\n<figure class=\"wp-block-image size-large\"><img loading=\"lazy\" decoding=\"async\" width=\"1024\" height=\"678\" src=\"https:\/\/noticiaempauta.com\/portal\/wp-content\/uploads\/2026\/03\/DSC_0131-2048x1356-1-1024x678.webp\" alt=\"\" class=\"wp-image-286109\" srcset=\"https:\/\/noticiaempauta.com\/portal\/wp-content\/uploads\/2026\/03\/DSC_0131-2048x1356-1-1024x678.webp 1024w, https:\/\/noticiaempauta.com\/portal\/wp-content\/uploads\/2026\/03\/DSC_0131-2048x1356-1-300x199.webp 300w, https:\/\/noticiaempauta.com\/portal\/wp-content\/uploads\/2026\/03\/DSC_0131-2048x1356-1-768x509.webp 768w, https:\/\/noticiaempauta.com\/portal\/wp-content\/uploads\/2026\/03\/DSC_0131-2048x1356-1-1536x1017.webp 1536w, https:\/\/noticiaempauta.com\/portal\/wp-content\/uploads\/2026\/03\/DSC_0131-2048x1356-1.webp 2048w\" sizes=\"(max-width: 1024px) 100vw, 1024px\" \/><\/figure>\n\n\n\n<figure class=\"wp-block-image size-large\"><img loading=\"lazy\" decoding=\"async\" width=\"1024\" height=\"678\" src=\"https:\/\/noticiaempauta.com\/portal\/wp-content\/uploads\/2026\/03\/DSC_0102-2048x1356-1-1024x678.webp\" alt=\"\" class=\"wp-image-286110\" srcset=\"https:\/\/noticiaempauta.com\/portal\/wp-content\/uploads\/2026\/03\/DSC_0102-2048x1356-1-1024x678.webp 1024w, https:\/\/noticiaempauta.com\/portal\/wp-content\/uploads\/2026\/03\/DSC_0102-2048x1356-1-300x199.webp 300w, https:\/\/noticiaempauta.com\/portal\/wp-content\/uploads\/2026\/03\/DSC_0102-2048x1356-1-768x509.webp 768w, https:\/\/noticiaempauta.com\/portal\/wp-content\/uploads\/2026\/03\/DSC_0102-2048x1356-1-1536x1017.webp 1536w, https:\/\/noticiaempauta.com\/portal\/wp-content\/uploads\/2026\/03\/DSC_0102-2048x1356-1.webp 2048w\" sizes=\"(max-width: 1024px) 100vw, 1024px\" \/><\/figure>\n\n\n\n<p>O prefeito do munic\u00edpio Dr. Clayton Barros, esteve presente durante a celebra\u00e7\u00e3o.<\/p>\n\n\n\n<figure class=\"wp-block-image size-large\"><img loading=\"lazy\" decoding=\"async\" width=\"1024\" height=\"768\" src=\"https:\/\/noticiaempauta.com\/portal\/wp-content\/uploads\/2026\/03\/WhatsApp-Image-2026-03-08-at-07.20.14-13-1024x768.webp\" alt=\"\" class=\"wp-image-286113\" srcset=\"https:\/\/noticiaempauta.com\/portal\/wp-content\/uploads\/2026\/03\/WhatsApp-Image-2026-03-08-at-07.20.14-13-1024x768.webp 1024w, https:\/\/noticiaempauta.com\/portal\/wp-content\/uploads\/2026\/03\/WhatsApp-Image-2026-03-08-at-07.20.14-13-300x225.webp 300w, https:\/\/noticiaempauta.com\/portal\/wp-content\/uploads\/2026\/03\/WhatsApp-Image-2026-03-08-at-07.20.14-13-768x576.webp 768w, https:\/\/noticiaempauta.com\/portal\/wp-content\/uploads\/2026\/03\/WhatsApp-Image-2026-03-08-at-07.20.14-13.webp 1280w\" sizes=\"(max-width: 1024px) 100vw, 1024px\" \/><\/figure>\n\n\n\n<p><strong>Fonte e Fotos: Diocese de Picos<\/strong><\/p>\n","protected":false},"excerpt":{"rendered":"<p>No \u00faltimo s\u00e1bado, 07 de mar\u00e7o de 2026, o Clero da Diocese de Picos, acompanhado pelo bispo Dom Pl\u00ednio Jos\u00e9 Luz da Silva, realizou um dia de miss\u00e3o na cidade de Paquet\u00e1 \u2013 PI e em suas comunidades. A iniciativa integra o calend\u00e1rio anual da Diocese e teve como objetivo fortalecer a presen\u00e7a mission\u00e1ria da [&hellip;]<\/p>\n","protected":false},"author":2,"featured_media":286104,"comment_status":"closed","ping_status":"closed","sticky":false,"template":"","format":"standard","meta":{"_mi_skip_tracking":false,"footnotes":""},"categories":[25,1,9,16],"tags":[192],"class_list":["post-286103","post","type-post","status-publish","format-standard","has-post-thumbnail","hentry","category-destaques-site","category-geral","category-municipios","category-todas","tag-destaqueprincipal"],"acf":[],"yoast_head":"<!-- This site is optimized with the Yoast SEO Premium plugin v19.2 (Yoast SEO v26.9) - https:\/\/yoast.com\/product\/yoast-seo-premium-wordpress\/ -->\n<title>Clero da Diocese de Picos realiza Dia de Miss\u00e3o em Paquet\u00e1 do Piau\u00ed - Portal Not\u00edcia em Pauta<\/title>\n<meta name=\"robots\" content=\"index, follow, max-snippet:-1, max-image-preview:large, max-video-preview:-1\" \/>\n<link rel=\"canonical\" href=\"https:\/\/noticiaempauta.com\/portal\/clero-da-diocese-de-picos-realiza-dia-de-missao-em-paqueta-do-piaui\/\" \/>\n<meta property=\"og:locale\" content=\"pt_BR\" \/>\n<meta property=\"og:type\" content=\"article\" \/>\n<meta property=\"og:title\" content=\"Clero da Diocese de Picos realiza Dia de Miss\u00e3o em Paquet\u00e1 do Piau\u00ed\" \/>\n<meta property=\"og:description\" content=\"No \u00faltimo s\u00e1bado, 07 de mar\u00e7o de 2026, o Clero da Diocese de Picos, acompanhado pelo bispo Dom Pl\u00ednio Jos\u00e9 Luz da Silva, realizou um dia de miss\u00e3o na cidade de Paquet\u00e1 \u2013 PI e em suas comunidades. A iniciativa integra o calend\u00e1rio anual da Diocese e teve como objetivo fortalecer a presen\u00e7a mission\u00e1ria da [&hellip;]\" \/>\n<meta property=\"og:url\" content=\"https:\/\/noticiaempauta.com\/portal\/clero-da-diocese-de-picos-realiza-dia-de-missao-em-paqueta-do-piaui\/\" \/>\n<meta property=\"og:site_name\" content=\"Portal Not\u00edcia em Pauta\" \/>\n<meta property=\"article:publisher\" content=\"https:\/\/www.facebook.com\/Portal-Notcia-Em-Pauta-102292869264820\/\" \/>\n<meta property=\"article:published_time\" content=\"2026-03-09T14:51:18+00:00\" \/>\n<meta property=\"article:modified_time\" content=\"2026-03-09T14:51:20+00:00\" \/>\n<meta property=\"og:image\" content=\"https:\/\/noticiaempauta.com\/portal\/wp-content\/uploads\/2026\/03\/WhatsApp-Image-2026-03-08-at-07.20.14-7.webp\" \/>\n\t<meta property=\"og:image:width\" content=\"1280\" \/>\n\t<meta property=\"og:image:height\" content=\"1003\" \/>\n\t<meta property=\"og:image:type\" content=\"image\/webp\" \/>\n<meta name=\"author\" content=\"Reda\u00e7\u00e3o\" \/>\n<meta name=\"twitter:card\" content=\"summary_large_image\" \/>\n<meta name=\"twitter:label1\" content=\"Escrito por\" \/>\n\t<meta name=\"twitter:data1\" content=\"Reda\u00e7\u00e3o\" \/>\n\t<meta name=\"twitter:label2\" content=\"Est. tempo de leitura\" \/>\n\t<meta name=\"twitter:data2\" content=\"4 minutos\" \/>\n<script type=\"application\/ld+json\" class=\"yoast-schema-graph\">{\"@context\":\"https:\/\/schema.org\",\"@graph\":[{\"@type\":\"Article\",\"@id\":\"https:\/\/noticiaempauta.com\/portal\/clero-da-diocese-de-picos-realiza-dia-de-missao-em-paqueta-do-piaui\/#article\",\"isPartOf\":{\"@id\":\"https:\/\/noticiaempauta.com\/portal\/clero-da-diocese-de-picos-realiza-dia-de-missao-em-paqueta-do-piaui\/\"},\"author\":{\"name\":\"Reda\u00e7\u00e3o\",\"@id\":\"https:\/\/noticiaempauta.com\/portal\/#\/schema\/person\/a74af43dd1ab3deca45f988c717d57ac\"},\"headline\":\"Clero da Diocese de Picos realiza Dia de Miss\u00e3o em Paquet\u00e1 do Piau\u00ed\",\"datePublished\":\"2026-03-09T14:51:18+00:00\",\"dateModified\":\"2026-03-09T14:51:20+00:00\",\"mainEntityOfPage\":{\"@id\":\"https:\/\/noticiaempauta.com\/portal\/clero-da-diocese-de-picos-realiza-dia-de-missao-em-paqueta-do-piaui\/\"},\"wordCount\":356,\"publisher\":{\"@id\":\"https:\/\/noticiaempauta.com\/portal\/#organization\"},\"image\":{\"@id\":\"https:\/\/noticiaempauta.com\/portal\/clero-da-diocese-de-picos-realiza-dia-de-missao-em-paqueta-do-piaui\/#primaryimage\"},\"thumbnailUrl\":\"https:\/\/noticiaempauta.com\/portal\/wp-content\/uploads\/2026\/03\/WhatsApp-Image-2026-03-08-at-07.20.14-7.webp\",\"keywords\":[\"destaqueprincipal\"],\"articleSection\":[\"Destaques\",\"Geral\",\"Munic\u00edpios\",\"Todas as Not\u00edcias\"],\"inLanguage\":\"pt-BR\"},{\"@type\":\"WebPage\",\"@id\":\"https:\/\/noticiaempauta.com\/portal\/clero-da-diocese-de-picos-realiza-dia-de-missao-em-paqueta-do-piaui\/\",\"url\":\"https:\/\/noticiaempauta.com\/portal\/clero-da-diocese-de-picos-realiza-dia-de-missao-em-paqueta-do-piaui\/\",\"name\":\"Clero da Diocese de Picos realiza Dia de Miss\u00e3o em Paquet\u00e1 do Piau\u00ed - Portal Not\u00edcia em Pauta\",\"isPartOf\":{\"@id\":\"https:\/\/noticiaempauta.com\/portal\/#website\"},\"primaryImageOfPage\":{\"@id\":\"https:\/\/noticiaempauta.com\/portal\/clero-da-diocese-de-picos-realiza-dia-de-missao-em-paqueta-do-piaui\/#primaryimage\"},\"image\":{\"@id\":\"https:\/\/noticiaempauta.com\/portal\/clero-da-diocese-de-picos-realiza-dia-de-missao-em-paqueta-do-piaui\/#primaryimage\"},\"thumbnailUrl\":\"https:\/\/noticiaempauta.com\/portal\/wp-content\/uploads\/2026\/03\/WhatsApp-Image-2026-03-08-at-07.20.14-7.webp\",\"datePublished\":\"2026-03-09T14:51:18+00:00\",\"dateModified\":\"2026-03-09T14:51:20+00:00\",\"breadcrumb\":{\"@id\":\"https:\/\/noticiaempauta.com\/portal\/clero-da-diocese-de-picos-realiza-dia-de-missao-em-paqueta-do-piaui\/#breadcrumb\"},\"inLanguage\":\"pt-BR\",\"potentialAction\":[{\"@type\":\"ReadAction\",\"target\":[\"https:\/\/noticiaempauta.com\/portal\/clero-da-diocese-de-picos-realiza-dia-de-missao-em-paqueta-do-piaui\/\"]}]},{\"@type\":\"ImageObject\",\"inLanguage\":\"pt-BR\",\"@id\":\"https:\/\/noticiaempauta.com\/portal\/clero-da-diocese-de-picos-realiza-dia-de-missao-em-paqueta-do-piaui\/#primaryimage\",\"url\":\"https:\/\/noticiaempauta.com\/portal\/wp-content\/uploads\/2026\/03\/WhatsApp-Image-2026-03-08-at-07.20.14-7.webp\",\"contentUrl\":\"https:\/\/noticiaempauta.com\/portal\/wp-content\/uploads\/2026\/03\/WhatsApp-Image-2026-03-08-at-07.20.14-7.webp\",\"width\":1280,\"height\":1003},{\"@type\":\"BreadcrumbList\",\"@id\":\"https:\/\/noticiaempauta.com\/portal\/clero-da-diocese-de-picos-realiza-dia-de-missao-em-paqueta-do-piaui\/#breadcrumb\",\"itemListElement\":[{\"@type\":\"ListItem\",\"position\":1,\"name\":\"P\u00e1gina Inicial\",\"item\":\"https:\/\/noticiaempauta.com\/portal\/\"},{\"@type\":\"ListItem\",\"position\":2,\"name\":\"Destaques\",\"item\":\"https:\/\/noticiaempauta.com\/portal\/destaques-site\/\"},{\"@type\":\"ListItem\",\"position\":3,\"name\":\"Clero da Diocese de Picos realiza Dia de Miss\u00e3o em Paquet\u00e1 do Piau\u00ed\"}]},{\"@type\":\"WebSite\",\"@id\":\"https:\/\/noticiaempauta.com\/portal\/#website\",\"url\":\"https:\/\/noticiaempauta.com\/portal\/\",\"name\":\"Portal Not\u00edcia em Pauta\",\"description\":\"Voc\u00ea bem informado\",\"publisher\":{\"@id\":\"https:\/\/noticiaempauta.com\/portal\/#organization\"},\"potentialAction\":[{\"@type\":\"SearchAction\",\"target\":{\"@type\":\"EntryPoint\",\"urlTemplate\":\"https:\/\/noticiaempauta.com\/portal\/?s={search_term_string}\"},\"query-input\":{\"@type\":\"PropertyValueSpecification\",\"valueRequired\":true,\"valueName\":\"search_term_string\"}}],\"inLanguage\":\"pt-BR\"},{\"@type\":\"Organization\",\"@id\":\"https:\/\/noticiaempauta.com\/portal\/#organization\",\"name\":\"Portal Not\u00edcia em Pauta\",\"url\":\"https:\/\/noticiaempauta.com\/portal\/\",\"logo\":{\"@type\":\"ImageObject\",\"inLanguage\":\"pt-BR\",\"@id\":\"https:\/\/noticiaempauta.com\/portal\/#\/schema\/logo\/image\/\",\"url\":\"https:\/\/noticiaempauta.com\/portal\/wp-content\/uploads\/2022\/08\/logomarca_tema.fw_.png\",\"contentUrl\":\"https:\/\/noticiaempauta.com\/portal\/wp-content\/uploads\/2022\/08\/logomarca_tema.fw_.png\",\"width\":400,\"height\":232,\"caption\":\"Portal Not\u00edcia em Pauta\"},\"image\":{\"@id\":\"https:\/\/noticiaempauta.com\/portal\/#\/schema\/logo\/image\/\"},\"sameAs\":[\"https:\/\/www.facebook.com\/Portal-Notcia-Em-Pauta-102292869264820\/\",\"https:\/\/www.instagram.com\/portalnoticiaempauta\/\"]},{\"@type\":\"Person\",\"@id\":\"https:\/\/noticiaempauta.com\/portal\/#\/schema\/person\/a74af43dd1ab3deca45f988c717d57ac\",\"name\":\"Reda\u00e7\u00e3o\",\"image\":{\"@type\":\"ImageObject\",\"inLanguage\":\"pt-BR\",\"@id\":\"https:\/\/noticiaempauta.com\/portal\/#\/schema\/person\/image\/\",\"url\":\"https:\/\/secure.gravatar.com\/avatar\/03179346ecce6cdfc13361603e8f54242a90e5cde8618fa23c5c00aa2b0aadf3?s=96&d=mm&r=g\",\"contentUrl\":\"https:\/\/secure.gravatar.com\/avatar\/03179346ecce6cdfc13361603e8f54242a90e5cde8618fa23c5c00aa2b0aadf3?s=96&d=mm&r=g\",\"caption\":\"Reda\u00e7\u00e3o\"},\"sameAs\":[\"https:\/\/noticiaempauta.com\/portal\/\"],\"url\":\"https:\/\/noticiaempauta.com\/portal\/author\/fernando\/\"}]}<\/script>\n<!-- \/ Yoast SEO Premium plugin. -->","yoast_head_json":{"title":"Clero da Diocese de Picos realiza Dia de Miss\u00e3o em Paquet\u00e1 do Piau\u00ed - Portal Not\u00edcia em Pauta","robots":{"index":"index","follow":"follow","max-snippet":"max-snippet:-1","max-image-preview":"max-image-preview:large","max-video-preview":"max-video-preview:-1"},"canonical":"https:\/\/noticiaempauta.com\/portal\/clero-da-diocese-de-picos-realiza-dia-de-missao-em-paqueta-do-piaui\/","og_locale":"pt_BR","og_type":"article","og_title":"Clero da Diocese de Picos realiza Dia de Miss\u00e3o em Paquet\u00e1 do Piau\u00ed","og_description":"No \u00faltimo s\u00e1bado, 07 de mar\u00e7o de 2026, o Clero da Diocese de Picos, acompanhado pelo bispo Dom Pl\u00ednio Jos\u00e9 Luz da Silva, realizou um dia de miss\u00e3o na cidade de Paquet\u00e1 \u2013 PI e em suas comunidades. A iniciativa integra o calend\u00e1rio anual da Diocese e teve como objetivo fortalecer a presen\u00e7a mission\u00e1ria da [&hellip;]","og_url":"https:\/\/noticiaempauta.com\/portal\/clero-da-diocese-de-picos-realiza-dia-de-missao-em-paqueta-do-piaui\/","og_site_name":"Portal Not\u00edcia em Pauta","article_publisher":"https:\/\/www.facebook.com\/Portal-Notcia-Em-Pauta-102292869264820\/","article_published_time":"2026-03-09T14:51:18+00:00","article_modified_time":"2026-03-09T14:51:20+00:00","og_image":[{"width":1280,"height":1003,"url":"https:\/\/noticiaempauta.com\/portal\/wp-content\/uploads\/2026\/03\/WhatsApp-Image-2026-03-08-at-07.20.14-7.webp","type":"image\/webp"}],"author":"Reda\u00e7\u00e3o","twitter_card":"summary_large_image","twitter_misc":{"Escrito por":"Reda\u00e7\u00e3o","Est. tempo de leitura":"4 minutos"},"schema":{"@context":"https:\/\/schema.org","@graph":[{"@type":"Article","@id":"https:\/\/noticiaempauta.com\/portal\/clero-da-diocese-de-picos-realiza-dia-de-missao-em-paqueta-do-piaui\/#article","isPartOf":{"@id":"https:\/\/noticiaempauta.com\/portal\/clero-da-diocese-de-picos-realiza-dia-de-missao-em-paqueta-do-piaui\/"},"author":{"name":"Reda\u00e7\u00e3o","@id":"https:\/\/noticiaempauta.com\/portal\/#\/schema\/person\/a74af43dd1ab3deca45f988c717d57ac"},"headline":"Clero da Diocese de Picos realiza Dia de Miss\u00e3o em Paquet\u00e1 do Piau\u00ed","datePublished":"2026-03-09T14:51:18+00:00","dateModified":"2026-03-09T14:51:20+00:00","mainEntityOfPage":{"@id":"https:\/\/noticiaempauta.com\/portal\/clero-da-diocese-de-picos-realiza-dia-de-missao-em-paqueta-do-piaui\/"},"wordCount":356,"publisher":{"@id":"https:\/\/noticiaempauta.com\/portal\/#organization"},"image":{"@id":"https:\/\/noticiaempauta.com\/portal\/clero-da-diocese-de-picos-realiza-dia-de-missao-em-paqueta-do-piaui\/#primaryimage"},"thumbnailUrl":"https:\/\/noticiaempauta.com\/portal\/wp-content\/uploads\/2026\/03\/WhatsApp-Image-2026-03-08-at-07.20.14-7.webp","keywords":["destaqueprincipal"],"articleSection":["Destaques","Geral","Munic\u00edpios","Todas as Not\u00edcias"],"inLanguage":"pt-BR"},{"@type":"WebPage","@id":"https:\/\/noticiaempauta.com\/portal\/clero-da-diocese-de-picos-realiza-dia-de-missao-em-paqueta-do-piaui\/","url":"https:\/\/noticiaempauta.com\/portal\/clero-da-diocese-de-picos-realiza-dia-de-missao-em-paqueta-do-piaui\/","name":"Clero da Diocese de Picos realiza Dia de Miss\u00e3o em Paquet\u00e1 do Piau\u00ed - Portal Not\u00edcia em Pauta","isPartOf":{"@id":"https:\/\/noticiaempauta.com\/portal\/#website"},"primaryImageOfPage":{"@id":"https:\/\/noticiaempauta.com\/portal\/clero-da-diocese-de-picos-realiza-dia-de-missao-em-paqueta-do-piaui\/#primaryimage"},"image":{"@id":"https:\/\/noticiaempauta.com\/portal\/clero-da-diocese-de-picos-realiza-dia-de-missao-em-paqueta-do-piaui\/#primaryimage"},"thumbnailUrl":"https:\/\/noticiaempauta.com\/portal\/wp-content\/uploads\/2026\/03\/WhatsApp-Image-2026-03-08-at-07.20.14-7.webp","datePublished":"2026-03-09T14:51:18+00:00","dateModified":"2026-03-09T14:51:20+00:00","breadcrumb":{"@id":"https:\/\/noticiaempauta.com\/portal\/clero-da-diocese-de-picos-realiza-dia-de-missao-em-paqueta-do-piaui\/#breadcrumb"},"inLanguage":"pt-BR","potentialAction":[{"@type":"ReadAction","target":["https:\/\/noticiaempauta.com\/portal\/clero-da-diocese-de-picos-realiza-dia-de-missao-em-paqueta-do-piaui\/"]}]},{"@type":"ImageObject","inLanguage":"pt-BR","@id":"https:\/\/noticiaempauta.com\/portal\/clero-da-diocese-de-picos-realiza-dia-de-missao-em-paqueta-do-piaui\/#primaryimage","url":"https:\/\/noticiaempauta.com\/portal\/wp-content\/uploads\/2026\/03\/WhatsApp-Image-2026-03-08-at-07.20.14-7.webp","contentUrl":"https:\/\/noticiaempauta.com\/portal\/wp-content\/uploads\/2026\/03\/WhatsApp-Image-2026-03-08-at-07.20.14-7.webp","width":1280,"height":1003},{"@type":"BreadcrumbList","@id":"https:\/\/noticiaempauta.com\/portal\/clero-da-diocese-de-picos-realiza-dia-de-missao-em-paqueta-do-piaui\/#breadcrumb","itemListElement":[{"@type":"ListItem","position":1,"name":"P\u00e1gina Inicial","item":"https:\/\/noticiaempauta.com\/portal\/"},{"@type":"ListItem","position":2,"name":"Destaques","item":"https:\/\/noticiaempauta.com\/portal\/destaques-site\/"},{"@type":"ListItem","position":3,"name":"Clero da Diocese de Picos realiza Dia de Miss\u00e3o em Paquet\u00e1 do Piau\u00ed"}]},{"@type":"WebSite","@id":"https:\/\/noticiaempauta.com\/portal\/#website","url":"https:\/\/noticiaempauta.com\/portal\/","name":"Portal Not\u00edcia em Pauta","description":"Voc\u00ea bem informado","publisher":{"@id":"https:\/\/noticiaempauta.com\/portal\/#organization"},"potentialAction":[{"@type":"SearchAction","target":{"@type":"EntryPoint","urlTemplate":"https:\/\/noticiaempauta.com\/portal\/?s={search_term_string}"},"query-input":{"@type":"PropertyValueSpecification","valueRequired":true,"valueName":"search_term_string"}}],"inLanguage":"pt-BR"},{"@type":"Organization","@id":"https:\/\/noticiaempauta.com\/portal\/#organization","name":"Portal Not\u00edcia em Pauta","url":"https:\/\/noticiaempauta.com\/portal\/","logo":{"@type":"ImageObject","inLanguage":"pt-BR","@id":"https:\/\/noticiaempauta.com\/portal\/#\/schema\/logo\/image\/","url":"https:\/\/noticiaempauta.com\/portal\/wp-content\/uploads\/2022\/08\/logomarca_tema.fw_.png","contentUrl":"https:\/\/noticiaempauta.com\/portal\/wp-content\/uploads\/2022\/08\/logomarca_tema.fw_.png","width":400,"height":232,"caption":"Portal Not\u00edcia em Pauta"},"image":{"@id":"https:\/\/noticiaempauta.com\/portal\/#\/schema\/logo\/image\/"},"sameAs":["https:\/\/www.facebook.com\/Portal-Notcia-Em-Pauta-102292869264820\/","https:\/\/www.instagram.com\/portalnoticiaempauta\/"]},{"@type":"Person","@id":"https:\/\/noticiaempauta.com\/portal\/#\/schema\/person\/a74af43dd1ab3deca45f988c717d57ac","name":"Reda\u00e7\u00e3o","image":{"@type":"ImageObject","inLanguage":"pt-BR","@id":"https:\/\/noticiaempauta.com\/portal\/#\/schema\/person\/image\/","url":"https:\/\/secure.gravatar.com\/avatar\/03179346ecce6cdfc13361603e8f54242a90e5cde8618fa23c5c00aa2b0aadf3?s=96&d=mm&r=g","contentUrl":"https:\/\/secure.gravatar.com\/avatar\/03179346ecce6cdfc13361603e8f54242a90e5cde8618fa23c5c00aa2b0aadf3?s=96&d=mm&r=g","caption":"Reda\u00e7\u00e3o"},"sameAs":["https:\/\/noticiaempauta.com\/portal\/"],"url":"https:\/\/noticiaempauta.com\/portal\/author\/fernando\/"}]}},"_links":{"self":[{"href":"https:\/\/noticiaempauta.com\/portal\/wp-json\/wp\/v2\/posts\/286103","targetHints":{"allow":["GET"]}}],"collection":[{"href":"https:\/\/noticiaempauta.com\/portal\/wp-json\/wp\/v2\/posts"}],"about":[{"href":"https:\/\/noticiaempauta.com\/portal\/wp-json\/wp\/v2\/types\/post"}],"author":[{"embeddable":true,"href":"https:\/\/noticiaempauta.com\/portal\/wp-json\/wp\/v2\/users\/2"}],"replies":[{"embeddable":true,"href":"https:\/\/noticiaempauta.com\/portal\/wp-json\/wp\/v2\/comments?post=286103"}],"version-history":[{"count":2,"href":"https:\/\/noticiaempauta.com\/portal\/wp-json\/wp\/v2\/posts\/286103\/revisions"}],"predecessor-version":[{"id":286115,"href":"https:\/\/noticiaempauta.com\/portal\/wp-json\/wp\/v2\/posts\/286103\/revisions\/286115"}],"wp:featuredmedia":[{"embeddable":true,"href":"https:\/\/noticiaempauta.com\/portal\/wp-json\/wp\/v2\/media\/286104"}],"wp:attachment":[{"href":"https:\/\/noticiaempauta.com\/portal\/wp-json\/wp\/v2\/media?parent=286103"}],"wp:term":[{"taxonomy":"category","embeddable":true,"href":"https:\/\/noticiaempauta.com\/portal\/wp-json\/wp\/v2\/categories?post=286103"},{"taxonomy":"post_tag","embeddable":true,"href":"https:\/\/noticiaempauta.com\/portal\/wp-json\/wp\/v2\/tags?post=286103"}],"curies":[{"name":"wp","href":"https:\/\/api.w.org\/{rel}","templated":true}]}}