{"id":286116,"date":"2026-03-09T16:31:57","date_gmt":"2026-03-09T19:31:57","guid":{"rendered":"https:\/\/noticiaempauta.com\/portal\/?p=286116"},"modified":"2026-03-09T16:31:59","modified_gmt":"2026-03-09T19:31:59","slug":"haddad-deixara-ministerio-da-fazenda-para-disputar-governo-de-sao-paulo","status":"publish","type":"post","link":"https:\/\/noticiaempauta.com\/portal\/haddad-deixara-ministerio-da-fazenda-para-disputar-governo-de-sao-paulo\/","title":{"rendered":"Haddad deixar\u00e1 Minist\u00e9rio da Fazenda para disputar governo de S\u00e3o Paulo"},"content":{"rendered":"\n<p>O ministro da Fazenda,\u00a0Fernando Haddad,\u00a0deixar\u00e1 o cargo no governo federal na pr\u00f3xima semana para disputar as elei\u00e7\u00f5es deste ano ao\u00a0governo do estado de S\u00e3o Paulo. A sa\u00edda est\u00e1 sendo programada para ocorrer entre\u00a0quarta ou quinta-feira, ap\u00f3s acordo com o presidente\u00a0Luiz In\u00e1cio Lula da Silva (PT).<\/p>\n\n\n\n<figure class=\"wp-block-image size-full\"><img fetchpriority=\"high\" decoding=\"async\" width=\"785\" height=\"435\" src=\"https:\/\/noticiaempauta.com\/portal\/wp-content\/uploads\/2026\/03\/fernando-haddad-ministro-da-fazenda-d6a270a0dd4f43ea.webp\" alt=\"\" class=\"wp-image-286117\" srcset=\"https:\/\/noticiaempauta.com\/portal\/wp-content\/uploads\/2026\/03\/fernando-haddad-ministro-da-fazenda-d6a270a0dd4f43ea.webp 785w, https:\/\/noticiaempauta.com\/portal\/wp-content\/uploads\/2026\/03\/fernando-haddad-ministro-da-fazenda-d6a270a0dd4f43ea-300x166.webp 300w, https:\/\/noticiaempauta.com\/portal\/wp-content\/uploads\/2026\/03\/fernando-haddad-ministro-da-fazenda-d6a270a0dd4f43ea-768x426.webp 768w\" sizes=\"(max-width: 785px) 100vw, 785px\" \/><figcaption class=\"wp-element-caption\"><em>(Foto: Washington Costa\/MF)<\/em><\/figcaption><\/figure>\n\n\n\n<p>A decis\u00e3o foi constru\u00edda ao longo de reuni\u00f5es entre o presidente e o ministro, mas ganhou for\u00e7a ap\u00f3s a divulga\u00e7\u00e3o de uma\u00a0pesquisa Datafolha, que indicou desempenho competitivo do petista em um poss\u00edvel confronto eleitoral com o atual governador\u00a0Tarc\u00edsio de Freitas (Republicanos<strong>)<\/strong>.<\/p>\n\n\n\n<h2 class=\"wp-block-heading\"><strong>Decis\u00e3o pol\u00edtica<\/strong><\/h2>\n\n\n\n<p>A defini\u00e7\u00e3o da candidatura vinha sendo discutida h\u00e1 meses dentro do governo. A avalia\u00e7\u00e3o de aliados de Lula \u00e9 que Haddad re\u00fane condi\u00e7\u00f5es pol\u00edticas para representar o grupo na disputa pelo governo paulista.<\/p>\n\n\n\n<p>Segundo a pesquisa Datafolha divulgada no fim de semana, Haddad aparece com\u00a028% ou 31% das inten\u00e7\u00f5es de voto no primeiro turno, dependendo do cen\u00e1rio apresentado aos eleitores. Tarc\u00edsio de Freitas lidera com\u00a044% nas duas proje\u00e7\u00f5es. Em um eventual segundo turno, o levantamento indica vit\u00f3ria do atual governador por\u00a052% a 37%.<\/p>\n\n\n\n<h2 class=\"wp-block-heading\"><strong>Estrat\u00e9gia eleitoral<\/strong><\/h2>\n\n\n\n<p>Apesar da desvantagem nas pesquisas, a estrat\u00e9gia do n\u00facleo pol\u00edtico do governo \u00e9 reduzir a diferen\u00e7a no maior col\u00e9gio eleitoral do pa\u00eds.<\/p>\n\n\n\n<p>Aliados do presidente avaliam que uma disputa competitiva em S\u00e3o Paulo pode fortalecer o palanque do governo federal no estado e ampliar a base eleitoral para a campanha presidencial.<\/p>\n\n\n\n<p>Entre os fatores considerados positivos para a candidatura de Haddad est\u00e3o pesquisas qualitativas que apontam\u00a0preserva\u00e7\u00e3o da imagem do ministro\u00a0mesmo diante de debates pol\u00edticos recentes, como os casos relacionados ao\u00a0Banco Master, INSS e seguran\u00e7a p\u00fablica,\u00a0temas que devem aparecer na campanha.<\/p>\n\n\n\n<h2 class=\"wp-block-heading\"><strong>An\u00fancio da candidatura<\/strong><\/h2>\n\n\n\n<p>Ainda n\u00e3o est\u00e1 definido se o an\u00fancio oficial da\u00a0pr\u00e9-candidatura de Haddad\u00a0ser\u00e1 feito no mesmo momento de sua sa\u00edda do Minist\u00e9rio da Fazenda ou em uma etapa posterior.<\/p>\n\n\n\n<p>A decis\u00e3o pode ocorrer junto com a defini\u00e7\u00e3o da chapa majorit\u00e1ria apoiada pelo presidente Lula no estado.<\/p>\n\n\n\n<h2 class=\"wp-block-heading\"><strong>Poss\u00edvel composi\u00e7\u00e3o<\/strong><\/h2>\n\n\n\n<p>Nos bastidores, h\u00e1 discuss\u00f5es sobre a forma\u00e7\u00e3o da chapa que deve disputar o governo paulista. Entre os nomes citados est\u00e3o as ministras\u00a0Marina Silva\u00a0e\u00a0Simone Tebet, que podem concorrer ao Senado ou ocupar a vaga de vice.<\/p>\n\n\n\n<p>Outro nome envolvido nas articula\u00e7\u00f5es \u00e9 o do vice-presidente\u00a0Geraldo Alckmin, que pode atuar como coordenador da campanha do grupo pol\u00edtico em S\u00e3o Paulo ou disputar uma vaga ao Senado, caso haja acordo com partidos aliados.<\/p>\n\n\n\n<p>Segundo interlocutores do governo, a possibilidade de Alckmin permanecer como\u00a0vice na chapa presidencial de Lula\u00a0\u00e9 considerada elevada no momento.<\/p>\n\n\n\n<p>Fonte: Meio News<\/p>\n","protected":false},"excerpt":{"rendered":"<p>O ministro da Fazenda,\u00a0Fernando Haddad,\u00a0deixar\u00e1 o cargo no governo federal na pr\u00f3xima semana para disputar as elei\u00e7\u00f5es deste ano ao\u00a0governo do estado de S\u00e3o Paulo. A sa\u00edda est\u00e1 sendo programada para ocorrer entre\u00a0quarta ou quinta-feira, ap\u00f3s acordo com o presidente\u00a0Luiz In\u00e1cio Lula da Silva (PT). A decis\u00e3o foi constru\u00edda ao longo de reuni\u00f5es entre o [&hellip;]<\/p>\n","protected":false},"author":2,"featured_media":286117,"comment_status":"closed","ping_status":"closed","sticky":false,"template":"","format":"standard","meta":{"_mi_skip_tracking":false,"footnotes":""},"categories":[25,1,3,16],"tags":[192],"class_list":["post-286116","post","type-post","status-publish","format-standard","has-post-thumbnail","hentry","category-destaques-site","category-geral","category-politica","category-todas","tag-destaqueprincipal"],"acf":[],"yoast_head":"<!-- This site is optimized with the Yoast SEO Premium plugin v19.2 (Yoast SEO v26.9) - https:\/\/yoast.com\/product\/yoast-seo-premium-wordpress\/ -->\n<title>Haddad deixar\u00e1 Minist\u00e9rio da Fazenda para disputar governo de S\u00e3o Paulo - Portal Not\u00edcia em Pauta<\/title>\n<meta name=\"robots\" content=\"index, follow, max-snippet:-1, max-image-preview:large, max-video-preview:-1\" \/>\n<link rel=\"canonical\" href=\"https:\/\/noticiaempauta.com\/portal\/haddad-deixara-ministerio-da-fazenda-para-disputar-governo-de-sao-paulo\/\" \/>\n<meta property=\"og:locale\" content=\"pt_BR\" \/>\n<meta property=\"og:type\" content=\"article\" \/>\n<meta property=\"og:title\" content=\"Haddad deixar\u00e1 Minist\u00e9rio da Fazenda para disputar governo de S\u00e3o Paulo\" \/>\n<meta property=\"og:description\" content=\"O ministro da Fazenda,\u00a0Fernando Haddad,\u00a0deixar\u00e1 o cargo no governo federal na pr\u00f3xima semana para disputar as elei\u00e7\u00f5es deste ano ao\u00a0governo do estado de S\u00e3o Paulo. A sa\u00edda est\u00e1 sendo programada para ocorrer entre\u00a0quarta ou quinta-feira, ap\u00f3s acordo com o presidente\u00a0Luiz In\u00e1cio Lula da Silva (PT). A decis\u00e3o foi constru\u00edda ao longo de reuni\u00f5es entre o [&hellip;]\" \/>\n<meta property=\"og:url\" content=\"https:\/\/noticiaempauta.com\/portal\/haddad-deixara-ministerio-da-fazenda-para-disputar-governo-de-sao-paulo\/\" \/>\n<meta property=\"og:site_name\" content=\"Portal Not\u00edcia em Pauta\" \/>\n<meta property=\"article:publisher\" content=\"https:\/\/www.facebook.com\/Portal-Notcia-Em-Pauta-102292869264820\/\" \/>\n<meta property=\"article:published_time\" content=\"2026-03-09T19:31:57+00:00\" \/>\n<meta property=\"article:modified_time\" content=\"2026-03-09T19:31:59+00:00\" \/>\n<meta property=\"og:image\" content=\"https:\/\/noticiaempauta.com\/portal\/wp-content\/uploads\/2026\/03\/fernando-haddad-ministro-da-fazenda-d6a270a0dd4f43ea.webp\" \/>\n\t<meta property=\"og:image:width\" content=\"785\" \/>\n\t<meta property=\"og:image:height\" content=\"435\" \/>\n\t<meta property=\"og:image:type\" content=\"image\/webp\" \/>\n<meta name=\"author\" content=\"Reda\u00e7\u00e3o\" \/>\n<meta name=\"twitter:card\" content=\"summary_large_image\" \/>\n<meta name=\"twitter:label1\" content=\"Escrito por\" \/>\n\t<meta name=\"twitter:data1\" content=\"Reda\u00e7\u00e3o\" \/>\n\t<meta name=\"twitter:label2\" content=\"Est. tempo de leitura\" \/>\n\t<meta name=\"twitter:data2\" content=\"3 minutos\" \/>\n<script type=\"application\/ld+json\" class=\"yoast-schema-graph\">{\"@context\":\"https:\/\/schema.org\",\"@graph\":[{\"@type\":\"Article\",\"@id\":\"https:\/\/noticiaempauta.com\/portal\/haddad-deixara-ministerio-da-fazenda-para-disputar-governo-de-sao-paulo\/#article\",\"isPartOf\":{\"@id\":\"https:\/\/noticiaempauta.com\/portal\/haddad-deixara-ministerio-da-fazenda-para-disputar-governo-de-sao-paulo\/\"},\"author\":{\"name\":\"Reda\u00e7\u00e3o\",\"@id\":\"https:\/\/noticiaempauta.com\/portal\/#\/schema\/person\/a74af43dd1ab3deca45f988c717d57ac\"},\"headline\":\"Haddad deixar\u00e1 Minist\u00e9rio da Fazenda para disputar governo de S\u00e3o Paulo\",\"datePublished\":\"2026-03-09T19:31:57+00:00\",\"dateModified\":\"2026-03-09T19:31:59+00:00\",\"mainEntityOfPage\":{\"@id\":\"https:\/\/noticiaempauta.com\/portal\/haddad-deixara-ministerio-da-fazenda-para-disputar-governo-de-sao-paulo\/\"},\"wordCount\":490,\"publisher\":{\"@id\":\"https:\/\/noticiaempauta.com\/portal\/#organization\"},\"image\":{\"@id\":\"https:\/\/noticiaempauta.com\/portal\/haddad-deixara-ministerio-da-fazenda-para-disputar-governo-de-sao-paulo\/#primaryimage\"},\"thumbnailUrl\":\"https:\/\/noticiaempauta.com\/portal\/wp-content\/uploads\/2026\/03\/fernando-haddad-ministro-da-fazenda-d6a270a0dd4f43ea.webp\",\"keywords\":[\"destaqueprincipal\"],\"articleSection\":[\"Destaques\",\"Geral\",\"Pol\u00edtica\",\"Todas as Not\u00edcias\"],\"inLanguage\":\"pt-BR\"},{\"@type\":\"WebPage\",\"@id\":\"https:\/\/noticiaempauta.com\/portal\/haddad-deixara-ministerio-da-fazenda-para-disputar-governo-de-sao-paulo\/\",\"url\":\"https:\/\/noticiaempauta.com\/portal\/haddad-deixara-ministerio-da-fazenda-para-disputar-governo-de-sao-paulo\/\",\"name\":\"Haddad deixar\u00e1 Minist\u00e9rio da Fazenda para disputar governo de S\u00e3o Paulo - Portal Not\u00edcia em Pauta\",\"isPartOf\":{\"@id\":\"https:\/\/noticiaempauta.com\/portal\/#website\"},\"primaryImageOfPage\":{\"@id\":\"https:\/\/noticiaempauta.com\/portal\/haddad-deixara-ministerio-da-fazenda-para-disputar-governo-de-sao-paulo\/#primaryimage\"},\"image\":{\"@id\":\"https:\/\/noticiaempauta.com\/portal\/haddad-deixara-ministerio-da-fazenda-para-disputar-governo-de-sao-paulo\/#primaryimage\"},\"thumbnailUrl\":\"https:\/\/noticiaempauta.com\/portal\/wp-content\/uploads\/2026\/03\/fernando-haddad-ministro-da-fazenda-d6a270a0dd4f43ea.webp\",\"datePublished\":\"2026-03-09T19:31:57+00:00\",\"dateModified\":\"2026-03-09T19:31:59+00:00\",\"breadcrumb\":{\"@id\":\"https:\/\/noticiaempauta.com\/portal\/haddad-deixara-ministerio-da-fazenda-para-disputar-governo-de-sao-paulo\/#breadcrumb\"},\"inLanguage\":\"pt-BR\",\"potentialAction\":[{\"@type\":\"ReadAction\",\"target\":[\"https:\/\/noticiaempauta.com\/portal\/haddad-deixara-ministerio-da-fazenda-para-disputar-governo-de-sao-paulo\/\"]}]},{\"@type\":\"ImageObject\",\"inLanguage\":\"pt-BR\",\"@id\":\"https:\/\/noticiaempauta.com\/portal\/haddad-deixara-ministerio-da-fazenda-para-disputar-governo-de-sao-paulo\/#primaryimage\",\"url\":\"https:\/\/noticiaempauta.com\/portal\/wp-content\/uploads\/2026\/03\/fernando-haddad-ministro-da-fazenda-d6a270a0dd4f43ea.webp\",\"contentUrl\":\"https:\/\/noticiaempauta.com\/portal\/wp-content\/uploads\/2026\/03\/fernando-haddad-ministro-da-fazenda-d6a270a0dd4f43ea.webp\",\"width\":785,\"height\":435},{\"@type\":\"BreadcrumbList\",\"@id\":\"https:\/\/noticiaempauta.com\/portal\/haddad-deixara-ministerio-da-fazenda-para-disputar-governo-de-sao-paulo\/#breadcrumb\",\"itemListElement\":[{\"@type\":\"ListItem\",\"position\":1,\"name\":\"P\u00e1gina Inicial\",\"item\":\"https:\/\/noticiaempauta.com\/portal\/\"},{\"@type\":\"ListItem\",\"position\":2,\"name\":\"Destaques\",\"item\":\"https:\/\/noticiaempauta.com\/portal\/destaques-site\/\"},{\"@type\":\"ListItem\",\"position\":3,\"name\":\"Haddad deixar\u00e1 Minist\u00e9rio da Fazenda para disputar governo de S\u00e3o Paulo\"}]},{\"@type\":\"WebSite\",\"@id\":\"https:\/\/noticiaempauta.com\/portal\/#website\",\"url\":\"https:\/\/noticiaempauta.com\/portal\/\",\"name\":\"Portal Not\u00edcia em Pauta\",\"description\":\"Voc\u00ea bem informado\",\"publisher\":{\"@id\":\"https:\/\/noticiaempauta.com\/portal\/#organization\"},\"potentialAction\":[{\"@type\":\"SearchAction\",\"target\":{\"@type\":\"EntryPoint\",\"urlTemplate\":\"https:\/\/noticiaempauta.com\/portal\/?s={search_term_string}\"},\"query-input\":{\"@type\":\"PropertyValueSpecification\",\"valueRequired\":true,\"valueName\":\"search_term_string\"}}],\"inLanguage\":\"pt-BR\"},{\"@type\":\"Organization\",\"@id\":\"https:\/\/noticiaempauta.com\/portal\/#organization\",\"name\":\"Portal Not\u00edcia em Pauta\",\"url\":\"https:\/\/noticiaempauta.com\/portal\/\",\"logo\":{\"@type\":\"ImageObject\",\"inLanguage\":\"pt-BR\",\"@id\":\"https:\/\/noticiaempauta.com\/portal\/#\/schema\/logo\/image\/\",\"url\":\"https:\/\/noticiaempauta.com\/portal\/wp-content\/uploads\/2022\/08\/logomarca_tema.fw_.png\",\"contentUrl\":\"https:\/\/noticiaempauta.com\/portal\/wp-content\/uploads\/2022\/08\/logomarca_tema.fw_.png\",\"width\":400,\"height\":232,\"caption\":\"Portal Not\u00edcia em Pauta\"},\"image\":{\"@id\":\"https:\/\/noticiaempauta.com\/portal\/#\/schema\/logo\/image\/\"},\"sameAs\":[\"https:\/\/www.facebook.com\/Portal-Notcia-Em-Pauta-102292869264820\/\",\"https:\/\/www.instagram.com\/portalnoticiaempauta\/\"]},{\"@type\":\"Person\",\"@id\":\"https:\/\/noticiaempauta.com\/portal\/#\/schema\/person\/a74af43dd1ab3deca45f988c717d57ac\",\"name\":\"Reda\u00e7\u00e3o\",\"image\":{\"@type\":\"ImageObject\",\"inLanguage\":\"pt-BR\",\"@id\":\"https:\/\/noticiaempauta.com\/portal\/#\/schema\/person\/image\/\",\"url\":\"https:\/\/secure.gravatar.com\/avatar\/03179346ecce6cdfc13361603e8f54242a90e5cde8618fa23c5c00aa2b0aadf3?s=96&d=mm&r=g\",\"contentUrl\":\"https:\/\/secure.gravatar.com\/avatar\/03179346ecce6cdfc13361603e8f54242a90e5cde8618fa23c5c00aa2b0aadf3?s=96&d=mm&r=g\",\"caption\":\"Reda\u00e7\u00e3o\"},\"sameAs\":[\"https:\/\/noticiaempauta.com\/portal\/\"],\"url\":\"https:\/\/noticiaempauta.com\/portal\/author\/fernando\/\"}]}<\/script>\n<!-- \/ Yoast SEO Premium plugin. -->","yoast_head_json":{"title":"Haddad deixar\u00e1 Minist\u00e9rio da Fazenda para disputar governo de S\u00e3o Paulo - Portal Not\u00edcia em Pauta","robots":{"index":"index","follow":"follow","max-snippet":"max-snippet:-1","max-image-preview":"max-image-preview:large","max-video-preview":"max-video-preview:-1"},"canonical":"https:\/\/noticiaempauta.com\/portal\/haddad-deixara-ministerio-da-fazenda-para-disputar-governo-de-sao-paulo\/","og_locale":"pt_BR","og_type":"article","og_title":"Haddad deixar\u00e1 Minist\u00e9rio da Fazenda para disputar governo de S\u00e3o Paulo","og_description":"O ministro da Fazenda,\u00a0Fernando Haddad,\u00a0deixar\u00e1 o cargo no governo federal na pr\u00f3xima semana para disputar as elei\u00e7\u00f5es deste ano ao\u00a0governo do estado de S\u00e3o Paulo. A sa\u00edda est\u00e1 sendo programada para ocorrer entre\u00a0quarta ou quinta-feira, ap\u00f3s acordo com o presidente\u00a0Luiz In\u00e1cio Lula da Silva (PT). A decis\u00e3o foi constru\u00edda ao longo de reuni\u00f5es entre o [&hellip;]","og_url":"https:\/\/noticiaempauta.com\/portal\/haddad-deixara-ministerio-da-fazenda-para-disputar-governo-de-sao-paulo\/","og_site_name":"Portal Not\u00edcia em Pauta","article_publisher":"https:\/\/www.facebook.com\/Portal-Notcia-Em-Pauta-102292869264820\/","article_published_time":"2026-03-09T19:31:57+00:00","article_modified_time":"2026-03-09T19:31:59+00:00","og_image":[{"width":785,"height":435,"url":"https:\/\/noticiaempauta.com\/portal\/wp-content\/uploads\/2026\/03\/fernando-haddad-ministro-da-fazenda-d6a270a0dd4f43ea.webp","type":"image\/webp"}],"author":"Reda\u00e7\u00e3o","twitter_card":"summary_large_image","twitter_misc":{"Escrito por":"Reda\u00e7\u00e3o","Est. tempo de leitura":"3 minutos"},"schema":{"@context":"https:\/\/schema.org","@graph":[{"@type":"Article","@id":"https:\/\/noticiaempauta.com\/portal\/haddad-deixara-ministerio-da-fazenda-para-disputar-governo-de-sao-paulo\/#article","isPartOf":{"@id":"https:\/\/noticiaempauta.com\/portal\/haddad-deixara-ministerio-da-fazenda-para-disputar-governo-de-sao-paulo\/"},"author":{"name":"Reda\u00e7\u00e3o","@id":"https:\/\/noticiaempauta.com\/portal\/#\/schema\/person\/a74af43dd1ab3deca45f988c717d57ac"},"headline":"Haddad deixar\u00e1 Minist\u00e9rio da Fazenda para disputar governo de S\u00e3o Paulo","datePublished":"2026-03-09T19:31:57+00:00","dateModified":"2026-03-09T19:31:59+00:00","mainEntityOfPage":{"@id":"https:\/\/noticiaempauta.com\/portal\/haddad-deixara-ministerio-da-fazenda-para-disputar-governo-de-sao-paulo\/"},"wordCount":490,"publisher":{"@id":"https:\/\/noticiaempauta.com\/portal\/#organization"},"image":{"@id":"https:\/\/noticiaempauta.com\/portal\/haddad-deixara-ministerio-da-fazenda-para-disputar-governo-de-sao-paulo\/#primaryimage"},"thumbnailUrl":"https:\/\/noticiaempauta.com\/portal\/wp-content\/uploads\/2026\/03\/fernando-haddad-ministro-da-fazenda-d6a270a0dd4f43ea.webp","keywords":["destaqueprincipal"],"articleSection":["Destaques","Geral","Pol\u00edtica","Todas as Not\u00edcias"],"inLanguage":"pt-BR"},{"@type":"WebPage","@id":"https:\/\/noticiaempauta.com\/portal\/haddad-deixara-ministerio-da-fazenda-para-disputar-governo-de-sao-paulo\/","url":"https:\/\/noticiaempauta.com\/portal\/haddad-deixara-ministerio-da-fazenda-para-disputar-governo-de-sao-paulo\/","name":"Haddad deixar\u00e1 Minist\u00e9rio da Fazenda para disputar governo de S\u00e3o Paulo - Portal Not\u00edcia em Pauta","isPartOf":{"@id":"https:\/\/noticiaempauta.com\/portal\/#website"},"primaryImageOfPage":{"@id":"https:\/\/noticiaempauta.com\/portal\/haddad-deixara-ministerio-da-fazenda-para-disputar-governo-de-sao-paulo\/#primaryimage"},"image":{"@id":"https:\/\/noticiaempauta.com\/portal\/haddad-deixara-ministerio-da-fazenda-para-disputar-governo-de-sao-paulo\/#primaryimage"},"thumbnailUrl":"https:\/\/noticiaempauta.com\/portal\/wp-content\/uploads\/2026\/03\/fernando-haddad-ministro-da-fazenda-d6a270a0dd4f43ea.webp","datePublished":"2026-03-09T19:31:57+00:00","dateModified":"2026-03-09T19:31:59+00:00","breadcrumb":{"@id":"https:\/\/noticiaempauta.com\/portal\/haddad-deixara-ministerio-da-fazenda-para-disputar-governo-de-sao-paulo\/#breadcrumb"},"inLanguage":"pt-BR","potentialAction":[{"@type":"ReadAction","target":["https:\/\/noticiaempauta.com\/portal\/haddad-deixara-ministerio-da-fazenda-para-disputar-governo-de-sao-paulo\/"]}]},{"@type":"ImageObject","inLanguage":"pt-BR","@id":"https:\/\/noticiaempauta.com\/portal\/haddad-deixara-ministerio-da-fazenda-para-disputar-governo-de-sao-paulo\/#primaryimage","url":"https:\/\/noticiaempauta.com\/portal\/wp-content\/uploads\/2026\/03\/fernando-haddad-ministro-da-fazenda-d6a270a0dd4f43ea.webp","contentUrl":"https:\/\/noticiaempauta.com\/portal\/wp-content\/uploads\/2026\/03\/fernando-haddad-ministro-da-fazenda-d6a270a0dd4f43ea.webp","width":785,"height":435},{"@type":"BreadcrumbList","@id":"https:\/\/noticiaempauta.com\/portal\/haddad-deixara-ministerio-da-fazenda-para-disputar-governo-de-sao-paulo\/#breadcrumb","itemListElement":[{"@type":"ListItem","position":1,"name":"P\u00e1gina Inicial","item":"https:\/\/noticiaempauta.com\/portal\/"},{"@type":"ListItem","position":2,"name":"Destaques","item":"https:\/\/noticiaempauta.com\/portal\/destaques-site\/"},{"@type":"ListItem","position":3,"name":"Haddad deixar\u00e1 Minist\u00e9rio da Fazenda para disputar governo de S\u00e3o Paulo"}]},{"@type":"WebSite","@id":"https:\/\/noticiaempauta.com\/portal\/#website","url":"https:\/\/noticiaempauta.com\/portal\/","name":"Portal Not\u00edcia em Pauta","description":"Voc\u00ea bem informado","publisher":{"@id":"https:\/\/noticiaempauta.com\/portal\/#organization"},"potentialAction":[{"@type":"SearchAction","target":{"@type":"EntryPoint","urlTemplate":"https:\/\/noticiaempauta.com\/portal\/?s={search_term_string}"},"query-input":{"@type":"PropertyValueSpecification","valueRequired":true,"valueName":"search_term_string"}}],"inLanguage":"pt-BR"},{"@type":"Organization","@id":"https:\/\/noticiaempauta.com\/portal\/#organization","name":"Portal Not\u00edcia em Pauta","url":"https:\/\/noticiaempauta.com\/portal\/","logo":{"@type":"ImageObject","inLanguage":"pt-BR","@id":"https:\/\/noticiaempauta.com\/portal\/#\/schema\/logo\/image\/","url":"https:\/\/noticiaempauta.com\/portal\/wp-content\/uploads\/2022\/08\/logomarca_tema.fw_.png","contentUrl":"https:\/\/noticiaempauta.com\/portal\/wp-content\/uploads\/2022\/08\/logomarca_tema.fw_.png","width":400,"height":232,"caption":"Portal Not\u00edcia em Pauta"},"image":{"@id":"https:\/\/noticiaempauta.com\/portal\/#\/schema\/logo\/image\/"},"sameAs":["https:\/\/www.facebook.com\/Portal-Notcia-Em-Pauta-102292869264820\/","https:\/\/www.instagram.com\/portalnoticiaempauta\/"]},{"@type":"Person","@id":"https:\/\/noticiaempauta.com\/portal\/#\/schema\/person\/a74af43dd1ab3deca45f988c717d57ac","name":"Reda\u00e7\u00e3o","image":{"@type":"ImageObject","inLanguage":"pt-BR","@id":"https:\/\/noticiaempauta.com\/portal\/#\/schema\/person\/image\/","url":"https:\/\/secure.gravatar.com\/avatar\/03179346ecce6cdfc13361603e8f54242a90e5cde8618fa23c5c00aa2b0aadf3?s=96&d=mm&r=g","contentUrl":"https:\/\/secure.gravatar.com\/avatar\/03179346ecce6cdfc13361603e8f54242a90e5cde8618fa23c5c00aa2b0aadf3?s=96&d=mm&r=g","caption":"Reda\u00e7\u00e3o"},"sameAs":["https:\/\/noticiaempauta.com\/portal\/"],"url":"https:\/\/noticiaempauta.com\/portal\/author\/fernando\/"}]}},"_links":{"self":[{"href":"https:\/\/noticiaempauta.com\/portal\/wp-json\/wp\/v2\/posts\/286116","targetHints":{"allow":["GET"]}}],"collection":[{"href":"https:\/\/noticiaempauta.com\/portal\/wp-json\/wp\/v2\/posts"}],"about":[{"href":"https:\/\/noticiaempauta.com\/portal\/wp-json\/wp\/v2\/types\/post"}],"author":[{"embeddable":true,"href":"https:\/\/noticiaempauta.com\/portal\/wp-json\/wp\/v2\/users\/2"}],"replies":[{"embeddable":true,"href":"https:\/\/noticiaempauta.com\/portal\/wp-json\/wp\/v2\/comments?post=286116"}],"version-history":[{"count":2,"href":"https:\/\/noticiaempauta.com\/portal\/wp-json\/wp\/v2\/posts\/286116\/revisions"}],"predecessor-version":[{"id":286119,"href":"https:\/\/noticiaempauta.com\/portal\/wp-json\/wp\/v2\/posts\/286116\/revisions\/286119"}],"wp:featuredmedia":[{"embeddable":true,"href":"https:\/\/noticiaempauta.com\/portal\/wp-json\/wp\/v2\/media\/286117"}],"wp:attachment":[{"href":"https:\/\/noticiaempauta.com\/portal\/wp-json\/wp\/v2\/media?parent=286116"}],"wp:term":[{"taxonomy":"category","embeddable":true,"href":"https:\/\/noticiaempauta.com\/portal\/wp-json\/wp\/v2\/categories?post=286116"},{"taxonomy":"post_tag","embeddable":true,"href":"https:\/\/noticiaempauta.com\/portal\/wp-json\/wp\/v2\/tags?post=286116"}],"curies":[{"name":"wp","href":"https:\/\/api.w.org\/{rel}","templated":true}]}}