{"id":286120,"date":"2026-03-09T16:39:15","date_gmt":"2026-03-09T19:39:15","guid":{"rendered":"https:\/\/noticiaempauta.com\/portal\/?p=286120"},"modified":"2026-03-09T16:39:17","modified_gmt":"2026-03-09T19:39:17","slug":"alepi-e-tj-pi-oferecem-servicos-a-populacao-na-esplanada-da-casa","status":"publish","type":"post","link":"https:\/\/noticiaempauta.com\/portal\/alepi-e-tj-pi-oferecem-servicos-a-populacao-na-esplanada-da-casa\/","title":{"rendered":"Alepi e TJ-PI oferecem servi\u00e7os \u00e0 popula\u00e7\u00e3o na Esplanada da Casa"},"content":{"rendered":"\n<p>O Procon Alepi (Programa de Prote\u00e7\u00e3o e Defesa do Consumidor da Assembleia Legislativa do Piau\u00ed) iniciou, nesta segunda-feira (9), os atendimentos em alus\u00e3o \u00e0 Semana do Consumidor. De 9 a 13 de mar\u00e7o, das 8h \u00e0s 13h, o \u00f3rg\u00e3o promover\u00e1 diversos servi\u00e7os \u00e0 popula\u00e7\u00e3o na Esplanada da Alepi, em parceria com o programa Justi\u00e7a Itinerante do Tribunal de Justi\u00e7a do Piau\u00ed (TJ-PI). Defensoria P\u00fablica do Estado (DPE-PI), Procon do Minist\u00e9rio P\u00fablico do Estado (Procon\/MPPI), Ouvidoria Geral do Estado, Secretaria de Seguran\u00e7a P\u00fablica do Piau\u00ed (SSP-PI) e Equatorial Piau\u00ed tamb\u00e9m fazem parte da parceria.<\/p>\n\n\n\n<figure class=\"wp-block-image size-large\"><img fetchpriority=\"high\" decoding=\"async\" width=\"1024\" height=\"682\" src=\"https:\/\/noticiaempauta.com\/portal\/wp-content\/uploads\/2026\/03\/Imagem_do_WhatsApp_de_2025-09-08_as_11_45_44_036fad66-1024x682.webp\" alt=\"\" class=\"wp-image-286121\" srcset=\"https:\/\/noticiaempauta.com\/portal\/wp-content\/uploads\/2026\/03\/Imagem_do_WhatsApp_de_2025-09-08_as_11_45_44_036fad66-1024x682.webp 1024w, https:\/\/noticiaempauta.com\/portal\/wp-content\/uploads\/2026\/03\/Imagem_do_WhatsApp_de_2025-09-08_as_11_45_44_036fad66-300x200.webp 300w, https:\/\/noticiaempauta.com\/portal\/wp-content\/uploads\/2026\/03\/Imagem_do_WhatsApp_de_2025-09-08_as_11_45_44_036fad66-768x512.webp 768w, https:\/\/noticiaempauta.com\/portal\/wp-content\/uploads\/2026\/03\/Imagem_do_WhatsApp_de_2025-09-08_as_11_45_44_036fad66-1536x1023.webp 1536w, https:\/\/noticiaempauta.com\/portal\/wp-content\/uploads\/2026\/03\/Imagem_do_WhatsApp_de_2025-09-08_as_11_45_44_036fad66.webp 1600w\" sizes=\"(max-width: 1024px) 100vw, 1024px\" \/><figcaption class=\"wp-element-caption\"><em>(Foto: Renato Andrade\/CidadeVerde)<\/em><\/figcaption><\/figure>\n\n\n\n<p>Entre os atendimentos ofertados, est\u00e3o pr\u00e9-inscri\u00e7\u00e3o para casamento comunit\u00e1rio, div\u00f3rcio consensual, retifica\u00e7\u00e3o de registro civil, suprimento de \u00f3bito, reconhecimento volunt\u00e1rio de paternidade, homologa\u00e7\u00e3o de acordo de alimentos, declarat\u00f3ria de uni\u00e3o est\u00e1vel, acordo extrajudicial de DNA, al\u00e9m de servi\u00e7os como a nova identidade digital. Os atendimentos ser\u00e3o realizados mediante senha, com n\u00famero limitado de distribui\u00e7\u00e3o at\u00e9 as 12h.<\/p>\n\n\n\n<p>O coordenador do Procon Alepi, Leandro Coelho, explica que ser\u00e1 realizada abertura de reclama\u00e7\u00f5es, al\u00e9m de orienta\u00e7\u00f5es sobre as rela\u00e7\u00f5es de consumo. \u201cO consumidor que se sentir lesado, com seus direitos tolhidos por algum motivo, pode vir com documento pessoal, comprovante de endere\u00e7o e o documento que deu origem a esse elo entre ele e o fornecedor\u201d, explicou. Leandro Coelho acrescenta que a iniciativa \u00e9 uma forma de garantir acesso da sociedade a seus direitos e de aproxim\u00e1-la do Poder Legislativo do Piau\u00ed.<\/p>\n\n\n\n<p>A coordenadora do Procon Itinerante do MPPI, Sheyla Albuquerque, conta que ser\u00e3o ofertados no \u00f4nibus do Procon M\u00f3vel os mesmos servi\u00e7os da sede. \u201c\u00c9 uma forma mais c\u00e9lere para o consumidor resolver suas demandas\u201d, ressaltou.<\/p>\n\n\n\n<p>Uma das pessoas aguardando atendimento foi Leidiane Monteiro. Ela, que j\u00e1 havia participado de edi\u00e7\u00e3o anterior para casamento, conta que sua demanda na Justi\u00e7a Itinerante atual foi para div\u00f3rcio consensual. \u201c\u00c9 muito pr\u00e1tico, r\u00e1pido. Voc\u00ea j\u00e1 sai praticamente com a senten\u00e7a para dar registro em cart\u00f3rio\u201d, relatou.<\/p>\n\n\n\n<p>Fonte: Alepi<\/p>\n","protected":false},"excerpt":{"rendered":"<p>O Procon Alepi (Programa de Prote\u00e7\u00e3o e Defesa do Consumidor da Assembleia Legislativa do Piau\u00ed) iniciou, nesta segunda-feira (9), os atendimentos em alus\u00e3o \u00e0 Semana do Consumidor. De 9 a 13 de mar\u00e7o, das 8h \u00e0s 13h, o \u00f3rg\u00e3o promover\u00e1 diversos servi\u00e7os \u00e0 popula\u00e7\u00e3o na Esplanada da Alepi, em parceria com o programa Justi\u00e7a Itinerante [&hellip;]<\/p>\n","protected":false},"author":2,"featured_media":286121,"comment_status":"closed","ping_status":"closed","sticky":false,"template":"","format":"standard","meta":{"_mi_skip_tracking":false,"footnotes":""},"categories":[25,1,16],"tags":[],"class_list":["post-286120","post","type-post","status-publish","format-standard","has-post-thumbnail","hentry","category-destaques-site","category-geral","category-todas"],"acf":[],"yoast_head":"<!-- This site is optimized with the Yoast SEO Premium plugin v19.2 (Yoast SEO v26.9) - https:\/\/yoast.com\/product\/yoast-seo-premium-wordpress\/ -->\n<title>Alepi e TJ-PI oferecem servi\u00e7os \u00e0 popula\u00e7\u00e3o na Esplanada da Casa - Portal Not\u00edcia em Pauta<\/title>\n<meta name=\"robots\" content=\"index, follow, max-snippet:-1, max-image-preview:large, max-video-preview:-1\" \/>\n<link rel=\"canonical\" href=\"https:\/\/noticiaempauta.com\/portal\/alepi-e-tj-pi-oferecem-servicos-a-populacao-na-esplanada-da-casa\/\" \/>\n<meta property=\"og:locale\" content=\"pt_BR\" \/>\n<meta property=\"og:type\" content=\"article\" \/>\n<meta property=\"og:title\" content=\"Alepi e TJ-PI oferecem servi\u00e7os \u00e0 popula\u00e7\u00e3o na Esplanada da Casa\" \/>\n<meta property=\"og:description\" content=\"O Procon Alepi (Programa de Prote\u00e7\u00e3o e Defesa do Consumidor da Assembleia Legislativa do Piau\u00ed) iniciou, nesta segunda-feira (9), os atendimentos em alus\u00e3o \u00e0 Semana do Consumidor. De 9 a 13 de mar\u00e7o, das 8h \u00e0s 13h, o \u00f3rg\u00e3o promover\u00e1 diversos servi\u00e7os \u00e0 popula\u00e7\u00e3o na Esplanada da Alepi, em parceria com o programa Justi\u00e7a Itinerante [&hellip;]\" \/>\n<meta property=\"og:url\" content=\"https:\/\/noticiaempauta.com\/portal\/alepi-e-tj-pi-oferecem-servicos-a-populacao-na-esplanada-da-casa\/\" \/>\n<meta property=\"og:site_name\" content=\"Portal Not\u00edcia em Pauta\" \/>\n<meta property=\"article:publisher\" content=\"https:\/\/www.facebook.com\/Portal-Notcia-Em-Pauta-102292869264820\/\" \/>\n<meta property=\"article:published_time\" content=\"2026-03-09T19:39:15+00:00\" \/>\n<meta property=\"article:modified_time\" content=\"2026-03-09T19:39:17+00:00\" \/>\n<meta property=\"og:image\" content=\"https:\/\/noticiaempauta.com\/portal\/wp-content\/uploads\/2026\/03\/Imagem_do_WhatsApp_de_2025-09-08_as_11_45_44_036fad66.webp\" \/>\n\t<meta property=\"og:image:width\" content=\"1600\" \/>\n\t<meta property=\"og:image:height\" content=\"1066\" \/>\n\t<meta property=\"og:image:type\" content=\"image\/webp\" \/>\n<meta name=\"author\" content=\"Reda\u00e7\u00e3o\" \/>\n<meta name=\"twitter:card\" content=\"summary_large_image\" \/>\n<meta name=\"twitter:label1\" content=\"Escrito por\" \/>\n\t<meta name=\"twitter:data1\" content=\"Reda\u00e7\u00e3o\" \/>\n\t<meta name=\"twitter:label2\" content=\"Est. tempo de leitura\" \/>\n\t<meta name=\"twitter:data2\" content=\"3 minutos\" \/>\n<script type=\"application\/ld+json\" class=\"yoast-schema-graph\">{\"@context\":\"https:\/\/schema.org\",\"@graph\":[{\"@type\":\"Article\",\"@id\":\"https:\/\/noticiaempauta.com\/portal\/alepi-e-tj-pi-oferecem-servicos-a-populacao-na-esplanada-da-casa\/#article\",\"isPartOf\":{\"@id\":\"https:\/\/noticiaempauta.com\/portal\/alepi-e-tj-pi-oferecem-servicos-a-populacao-na-esplanada-da-casa\/\"},\"author\":{\"name\":\"Reda\u00e7\u00e3o\",\"@id\":\"https:\/\/noticiaempauta.com\/portal\/#\/schema\/person\/a74af43dd1ab3deca45f988c717d57ac\"},\"headline\":\"Alepi e TJ-PI oferecem servi\u00e7os \u00e0 popula\u00e7\u00e3o na Esplanada da Casa\",\"datePublished\":\"2026-03-09T19:39:15+00:00\",\"dateModified\":\"2026-03-09T19:39:17+00:00\",\"mainEntityOfPage\":{\"@id\":\"https:\/\/noticiaempauta.com\/portal\/alepi-e-tj-pi-oferecem-servicos-a-populacao-na-esplanada-da-casa\/\"},\"wordCount\":373,\"publisher\":{\"@id\":\"https:\/\/noticiaempauta.com\/portal\/#organization\"},\"image\":{\"@id\":\"https:\/\/noticiaempauta.com\/portal\/alepi-e-tj-pi-oferecem-servicos-a-populacao-na-esplanada-da-casa\/#primaryimage\"},\"thumbnailUrl\":\"https:\/\/noticiaempauta.com\/portal\/wp-content\/uploads\/2026\/03\/Imagem_do_WhatsApp_de_2025-09-08_as_11_45_44_036fad66.webp\",\"articleSection\":[\"Destaques\",\"Geral\",\"Todas as Not\u00edcias\"],\"inLanguage\":\"pt-BR\"},{\"@type\":\"WebPage\",\"@id\":\"https:\/\/noticiaempauta.com\/portal\/alepi-e-tj-pi-oferecem-servicos-a-populacao-na-esplanada-da-casa\/\",\"url\":\"https:\/\/noticiaempauta.com\/portal\/alepi-e-tj-pi-oferecem-servicos-a-populacao-na-esplanada-da-casa\/\",\"name\":\"Alepi e TJ-PI oferecem servi\u00e7os \u00e0 popula\u00e7\u00e3o na Esplanada da Casa - Portal Not\u00edcia em Pauta\",\"isPartOf\":{\"@id\":\"https:\/\/noticiaempauta.com\/portal\/#website\"},\"primaryImageOfPage\":{\"@id\":\"https:\/\/noticiaempauta.com\/portal\/alepi-e-tj-pi-oferecem-servicos-a-populacao-na-esplanada-da-casa\/#primaryimage\"},\"image\":{\"@id\":\"https:\/\/noticiaempauta.com\/portal\/alepi-e-tj-pi-oferecem-servicos-a-populacao-na-esplanada-da-casa\/#primaryimage\"},\"thumbnailUrl\":\"https:\/\/noticiaempauta.com\/portal\/wp-content\/uploads\/2026\/03\/Imagem_do_WhatsApp_de_2025-09-08_as_11_45_44_036fad66.webp\",\"datePublished\":\"2026-03-09T19:39:15+00:00\",\"dateModified\":\"2026-03-09T19:39:17+00:00\",\"breadcrumb\":{\"@id\":\"https:\/\/noticiaempauta.com\/portal\/alepi-e-tj-pi-oferecem-servicos-a-populacao-na-esplanada-da-casa\/#breadcrumb\"},\"inLanguage\":\"pt-BR\",\"potentialAction\":[{\"@type\":\"ReadAction\",\"target\":[\"https:\/\/noticiaempauta.com\/portal\/alepi-e-tj-pi-oferecem-servicos-a-populacao-na-esplanada-da-casa\/\"]}]},{\"@type\":\"ImageObject\",\"inLanguage\":\"pt-BR\",\"@id\":\"https:\/\/noticiaempauta.com\/portal\/alepi-e-tj-pi-oferecem-servicos-a-populacao-na-esplanada-da-casa\/#primaryimage\",\"url\":\"https:\/\/noticiaempauta.com\/portal\/wp-content\/uploads\/2026\/03\/Imagem_do_WhatsApp_de_2025-09-08_as_11_45_44_036fad66.webp\",\"contentUrl\":\"https:\/\/noticiaempauta.com\/portal\/wp-content\/uploads\/2026\/03\/Imagem_do_WhatsApp_de_2025-09-08_as_11_45_44_036fad66.webp\",\"width\":1600,\"height\":1066},{\"@type\":\"BreadcrumbList\",\"@id\":\"https:\/\/noticiaempauta.com\/portal\/alepi-e-tj-pi-oferecem-servicos-a-populacao-na-esplanada-da-casa\/#breadcrumb\",\"itemListElement\":[{\"@type\":\"ListItem\",\"position\":1,\"name\":\"P\u00e1gina Inicial\",\"item\":\"https:\/\/noticiaempauta.com\/portal\/\"},{\"@type\":\"ListItem\",\"position\":2,\"name\":\"Destaques\",\"item\":\"https:\/\/noticiaempauta.com\/portal\/destaques-site\/\"},{\"@type\":\"ListItem\",\"position\":3,\"name\":\"Alepi e TJ-PI oferecem servi\u00e7os \u00e0 popula\u00e7\u00e3o na Esplanada da Casa\"}]},{\"@type\":\"WebSite\",\"@id\":\"https:\/\/noticiaempauta.com\/portal\/#website\",\"url\":\"https:\/\/noticiaempauta.com\/portal\/\",\"name\":\"Portal Not\u00edcia em Pauta\",\"description\":\"Voc\u00ea bem informado\",\"publisher\":{\"@id\":\"https:\/\/noticiaempauta.com\/portal\/#organization\"},\"potentialAction\":[{\"@type\":\"SearchAction\",\"target\":{\"@type\":\"EntryPoint\",\"urlTemplate\":\"https:\/\/noticiaempauta.com\/portal\/?s={search_term_string}\"},\"query-input\":{\"@type\":\"PropertyValueSpecification\",\"valueRequired\":true,\"valueName\":\"search_term_string\"}}],\"inLanguage\":\"pt-BR\"},{\"@type\":\"Organization\",\"@id\":\"https:\/\/noticiaempauta.com\/portal\/#organization\",\"name\":\"Portal Not\u00edcia em Pauta\",\"url\":\"https:\/\/noticiaempauta.com\/portal\/\",\"logo\":{\"@type\":\"ImageObject\",\"inLanguage\":\"pt-BR\",\"@id\":\"https:\/\/noticiaempauta.com\/portal\/#\/schema\/logo\/image\/\",\"url\":\"https:\/\/noticiaempauta.com\/portal\/wp-content\/uploads\/2022\/08\/logomarca_tema.fw_.png\",\"contentUrl\":\"https:\/\/noticiaempauta.com\/portal\/wp-content\/uploads\/2022\/08\/logomarca_tema.fw_.png\",\"width\":400,\"height\":232,\"caption\":\"Portal Not\u00edcia em Pauta\"},\"image\":{\"@id\":\"https:\/\/noticiaempauta.com\/portal\/#\/schema\/logo\/image\/\"},\"sameAs\":[\"https:\/\/www.facebook.com\/Portal-Notcia-Em-Pauta-102292869264820\/\",\"https:\/\/www.instagram.com\/portalnoticiaempauta\/\"]},{\"@type\":\"Person\",\"@id\":\"https:\/\/noticiaempauta.com\/portal\/#\/schema\/person\/a74af43dd1ab3deca45f988c717d57ac\",\"name\":\"Reda\u00e7\u00e3o\",\"image\":{\"@type\":\"ImageObject\",\"inLanguage\":\"pt-BR\",\"@id\":\"https:\/\/noticiaempauta.com\/portal\/#\/schema\/person\/image\/\",\"url\":\"https:\/\/secure.gravatar.com\/avatar\/03179346ecce6cdfc13361603e8f54242a90e5cde8618fa23c5c00aa2b0aadf3?s=96&d=mm&r=g\",\"contentUrl\":\"https:\/\/secure.gravatar.com\/avatar\/03179346ecce6cdfc13361603e8f54242a90e5cde8618fa23c5c00aa2b0aadf3?s=96&d=mm&r=g\",\"caption\":\"Reda\u00e7\u00e3o\"},\"sameAs\":[\"https:\/\/noticiaempauta.com\/portal\/\"],\"url\":\"https:\/\/noticiaempauta.com\/portal\/author\/fernando\/\"}]}<\/script>\n<!-- \/ Yoast SEO Premium plugin. -->","yoast_head_json":{"title":"Alepi e TJ-PI oferecem servi\u00e7os \u00e0 popula\u00e7\u00e3o na Esplanada da Casa - Portal Not\u00edcia em Pauta","robots":{"index":"index","follow":"follow","max-snippet":"max-snippet:-1","max-image-preview":"max-image-preview:large","max-video-preview":"max-video-preview:-1"},"canonical":"https:\/\/noticiaempauta.com\/portal\/alepi-e-tj-pi-oferecem-servicos-a-populacao-na-esplanada-da-casa\/","og_locale":"pt_BR","og_type":"article","og_title":"Alepi e TJ-PI oferecem servi\u00e7os \u00e0 popula\u00e7\u00e3o na Esplanada da Casa","og_description":"O Procon Alepi (Programa de Prote\u00e7\u00e3o e Defesa do Consumidor da Assembleia Legislativa do Piau\u00ed) iniciou, nesta segunda-feira (9), os atendimentos em alus\u00e3o \u00e0 Semana do Consumidor. De 9 a 13 de mar\u00e7o, das 8h \u00e0s 13h, o \u00f3rg\u00e3o promover\u00e1 diversos servi\u00e7os \u00e0 popula\u00e7\u00e3o na Esplanada da Alepi, em parceria com o programa Justi\u00e7a Itinerante [&hellip;]","og_url":"https:\/\/noticiaempauta.com\/portal\/alepi-e-tj-pi-oferecem-servicos-a-populacao-na-esplanada-da-casa\/","og_site_name":"Portal Not\u00edcia em Pauta","article_publisher":"https:\/\/www.facebook.com\/Portal-Notcia-Em-Pauta-102292869264820\/","article_published_time":"2026-03-09T19:39:15+00:00","article_modified_time":"2026-03-09T19:39:17+00:00","og_image":[{"width":1600,"height":1066,"url":"https:\/\/noticiaempauta.com\/portal\/wp-content\/uploads\/2026\/03\/Imagem_do_WhatsApp_de_2025-09-08_as_11_45_44_036fad66.webp","type":"image\/webp"}],"author":"Reda\u00e7\u00e3o","twitter_card":"summary_large_image","twitter_misc":{"Escrito por":"Reda\u00e7\u00e3o","Est. tempo de leitura":"3 minutos"},"schema":{"@context":"https:\/\/schema.org","@graph":[{"@type":"Article","@id":"https:\/\/noticiaempauta.com\/portal\/alepi-e-tj-pi-oferecem-servicos-a-populacao-na-esplanada-da-casa\/#article","isPartOf":{"@id":"https:\/\/noticiaempauta.com\/portal\/alepi-e-tj-pi-oferecem-servicos-a-populacao-na-esplanada-da-casa\/"},"author":{"name":"Reda\u00e7\u00e3o","@id":"https:\/\/noticiaempauta.com\/portal\/#\/schema\/person\/a74af43dd1ab3deca45f988c717d57ac"},"headline":"Alepi e TJ-PI oferecem servi\u00e7os \u00e0 popula\u00e7\u00e3o na Esplanada da Casa","datePublished":"2026-03-09T19:39:15+00:00","dateModified":"2026-03-09T19:39:17+00:00","mainEntityOfPage":{"@id":"https:\/\/noticiaempauta.com\/portal\/alepi-e-tj-pi-oferecem-servicos-a-populacao-na-esplanada-da-casa\/"},"wordCount":373,"publisher":{"@id":"https:\/\/noticiaempauta.com\/portal\/#organization"},"image":{"@id":"https:\/\/noticiaempauta.com\/portal\/alepi-e-tj-pi-oferecem-servicos-a-populacao-na-esplanada-da-casa\/#primaryimage"},"thumbnailUrl":"https:\/\/noticiaempauta.com\/portal\/wp-content\/uploads\/2026\/03\/Imagem_do_WhatsApp_de_2025-09-08_as_11_45_44_036fad66.webp","articleSection":["Destaques","Geral","Todas as Not\u00edcias"],"inLanguage":"pt-BR"},{"@type":"WebPage","@id":"https:\/\/noticiaempauta.com\/portal\/alepi-e-tj-pi-oferecem-servicos-a-populacao-na-esplanada-da-casa\/","url":"https:\/\/noticiaempauta.com\/portal\/alepi-e-tj-pi-oferecem-servicos-a-populacao-na-esplanada-da-casa\/","name":"Alepi e TJ-PI oferecem servi\u00e7os \u00e0 popula\u00e7\u00e3o na Esplanada da Casa - Portal Not\u00edcia em Pauta","isPartOf":{"@id":"https:\/\/noticiaempauta.com\/portal\/#website"},"primaryImageOfPage":{"@id":"https:\/\/noticiaempauta.com\/portal\/alepi-e-tj-pi-oferecem-servicos-a-populacao-na-esplanada-da-casa\/#primaryimage"},"image":{"@id":"https:\/\/noticiaempauta.com\/portal\/alepi-e-tj-pi-oferecem-servicos-a-populacao-na-esplanada-da-casa\/#primaryimage"},"thumbnailUrl":"https:\/\/noticiaempauta.com\/portal\/wp-content\/uploads\/2026\/03\/Imagem_do_WhatsApp_de_2025-09-08_as_11_45_44_036fad66.webp","datePublished":"2026-03-09T19:39:15+00:00","dateModified":"2026-03-09T19:39:17+00:00","breadcrumb":{"@id":"https:\/\/noticiaempauta.com\/portal\/alepi-e-tj-pi-oferecem-servicos-a-populacao-na-esplanada-da-casa\/#breadcrumb"},"inLanguage":"pt-BR","potentialAction":[{"@type":"ReadAction","target":["https:\/\/noticiaempauta.com\/portal\/alepi-e-tj-pi-oferecem-servicos-a-populacao-na-esplanada-da-casa\/"]}]},{"@type":"ImageObject","inLanguage":"pt-BR","@id":"https:\/\/noticiaempauta.com\/portal\/alepi-e-tj-pi-oferecem-servicos-a-populacao-na-esplanada-da-casa\/#primaryimage","url":"https:\/\/noticiaempauta.com\/portal\/wp-content\/uploads\/2026\/03\/Imagem_do_WhatsApp_de_2025-09-08_as_11_45_44_036fad66.webp","contentUrl":"https:\/\/noticiaempauta.com\/portal\/wp-content\/uploads\/2026\/03\/Imagem_do_WhatsApp_de_2025-09-08_as_11_45_44_036fad66.webp","width":1600,"height":1066},{"@type":"BreadcrumbList","@id":"https:\/\/noticiaempauta.com\/portal\/alepi-e-tj-pi-oferecem-servicos-a-populacao-na-esplanada-da-casa\/#breadcrumb","itemListElement":[{"@type":"ListItem","position":1,"name":"P\u00e1gina Inicial","item":"https:\/\/noticiaempauta.com\/portal\/"},{"@type":"ListItem","position":2,"name":"Destaques","item":"https:\/\/noticiaempauta.com\/portal\/destaques-site\/"},{"@type":"ListItem","position":3,"name":"Alepi e TJ-PI oferecem servi\u00e7os \u00e0 popula\u00e7\u00e3o na Esplanada da Casa"}]},{"@type":"WebSite","@id":"https:\/\/noticiaempauta.com\/portal\/#website","url":"https:\/\/noticiaempauta.com\/portal\/","name":"Portal Not\u00edcia em Pauta","description":"Voc\u00ea bem informado","publisher":{"@id":"https:\/\/noticiaempauta.com\/portal\/#organization"},"potentialAction":[{"@type":"SearchAction","target":{"@type":"EntryPoint","urlTemplate":"https:\/\/noticiaempauta.com\/portal\/?s={search_term_string}"},"query-input":{"@type":"PropertyValueSpecification","valueRequired":true,"valueName":"search_term_string"}}],"inLanguage":"pt-BR"},{"@type":"Organization","@id":"https:\/\/noticiaempauta.com\/portal\/#organization","name":"Portal Not\u00edcia em Pauta","url":"https:\/\/noticiaempauta.com\/portal\/","logo":{"@type":"ImageObject","inLanguage":"pt-BR","@id":"https:\/\/noticiaempauta.com\/portal\/#\/schema\/logo\/image\/","url":"https:\/\/noticiaempauta.com\/portal\/wp-content\/uploads\/2022\/08\/logomarca_tema.fw_.png","contentUrl":"https:\/\/noticiaempauta.com\/portal\/wp-content\/uploads\/2022\/08\/logomarca_tema.fw_.png","width":400,"height":232,"caption":"Portal Not\u00edcia em Pauta"},"image":{"@id":"https:\/\/noticiaempauta.com\/portal\/#\/schema\/logo\/image\/"},"sameAs":["https:\/\/www.facebook.com\/Portal-Notcia-Em-Pauta-102292869264820\/","https:\/\/www.instagram.com\/portalnoticiaempauta\/"]},{"@type":"Person","@id":"https:\/\/noticiaempauta.com\/portal\/#\/schema\/person\/a74af43dd1ab3deca45f988c717d57ac","name":"Reda\u00e7\u00e3o","image":{"@type":"ImageObject","inLanguage":"pt-BR","@id":"https:\/\/noticiaempauta.com\/portal\/#\/schema\/person\/image\/","url":"https:\/\/secure.gravatar.com\/avatar\/03179346ecce6cdfc13361603e8f54242a90e5cde8618fa23c5c00aa2b0aadf3?s=96&d=mm&r=g","contentUrl":"https:\/\/secure.gravatar.com\/avatar\/03179346ecce6cdfc13361603e8f54242a90e5cde8618fa23c5c00aa2b0aadf3?s=96&d=mm&r=g","caption":"Reda\u00e7\u00e3o"},"sameAs":["https:\/\/noticiaempauta.com\/portal\/"],"url":"https:\/\/noticiaempauta.com\/portal\/author\/fernando\/"}]}},"_links":{"self":[{"href":"https:\/\/noticiaempauta.com\/portal\/wp-json\/wp\/v2\/posts\/286120","targetHints":{"allow":["GET"]}}],"collection":[{"href":"https:\/\/noticiaempauta.com\/portal\/wp-json\/wp\/v2\/posts"}],"about":[{"href":"https:\/\/noticiaempauta.com\/portal\/wp-json\/wp\/v2\/types\/post"}],"author":[{"embeddable":true,"href":"https:\/\/noticiaempauta.com\/portal\/wp-json\/wp\/v2\/users\/2"}],"replies":[{"embeddable":true,"href":"https:\/\/noticiaempauta.com\/portal\/wp-json\/wp\/v2\/comments?post=286120"}],"version-history":[{"count":2,"href":"https:\/\/noticiaempauta.com\/portal\/wp-json\/wp\/v2\/posts\/286120\/revisions"}],"predecessor-version":[{"id":286123,"href":"https:\/\/noticiaempauta.com\/portal\/wp-json\/wp\/v2\/posts\/286120\/revisions\/286123"}],"wp:featuredmedia":[{"embeddable":true,"href":"https:\/\/noticiaempauta.com\/portal\/wp-json\/wp\/v2\/media\/286121"}],"wp:attachment":[{"href":"https:\/\/noticiaempauta.com\/portal\/wp-json\/wp\/v2\/media?parent=286120"}],"wp:term":[{"taxonomy":"category","embeddable":true,"href":"https:\/\/noticiaempauta.com\/portal\/wp-json\/wp\/v2\/categories?post=286120"},{"taxonomy":"post_tag","embeddable":true,"href":"https:\/\/noticiaempauta.com\/portal\/wp-json\/wp\/v2\/tags?post=286120"}],"curies":[{"name":"wp","href":"https:\/\/api.w.org\/{rel}","templated":true}]}}