{"id":286148,"date":"2026-03-10T14:55:02","date_gmt":"2026-03-10T17:55:02","guid":{"rendered":"https:\/\/noticiaempauta.com\/portal\/?p=286148"},"modified":"2026-03-10T14:55:05","modified_gmt":"2026-03-10T17:55:05","slug":"defesa-civil-emite-2o-alerta-para-barragem-em-coronel-jose-dias-e-orienta-familias-a-deixarem-regiao-imediatamente","status":"publish","type":"post","link":"https:\/\/noticiaempauta.com\/portal\/defesa-civil-emite-2o-alerta-para-barragem-em-coronel-jose-dias-e-orienta-familias-a-deixarem-regiao-imediatamente\/","title":{"rendered":"Defesa Civil emite 2\u00ba alerta para barragem em Coronel Jos\u00e9 Dias e orienta fam\u00edlias a deixarem regi\u00e3o imediatamente"},"content":{"rendered":"\n<p>A Defesa Civil do Piau\u00ed emitiu, no in\u00edcio da tarde desta ter\u00e7a-feira (10), um novo alerta sobre o risco de rompimento da\u00a0<strong>Barragem Barra do Campestre<\/strong>, localizada no munic\u00edpio de Coronel Jos\u00e9 Dias, no Sul do estado. De acordo com o \u00f3rg\u00e3o, \u201ch\u00e1 risco iminente de rompimento\u201d.\u00a0<\/p>\n\n\n\n<figure class=\"wp-block-image size-full\"><img fetchpriority=\"high\" decoding=\"async\" width=\"785\" height=\"435\" src=\"https:\/\/noticiaempauta.com\/portal\/wp-content\/uploads\/2026\/03\/befunky-collage__5_-bc5f087500a1c627.webp\" alt=\"\" class=\"wp-image-286149\" srcset=\"https:\/\/noticiaempauta.com\/portal\/wp-content\/uploads\/2026\/03\/befunky-collage__5_-bc5f087500a1c627.webp 785w, https:\/\/noticiaempauta.com\/portal\/wp-content\/uploads\/2026\/03\/befunky-collage__5_-bc5f087500a1c627-300x166.webp 300w, https:\/\/noticiaempauta.com\/portal\/wp-content\/uploads\/2026\/03\/befunky-collage__5_-bc5f087500a1c627-768x426.webp 768w\" sizes=\"(max-width: 785px) 100vw, 785px\" \/><figcaption class=\"wp-element-caption\"><em>(Barragem Barra do Campestre | Foto: Reprodu\u00e7\u00e3o)<\/em><\/figcaption><\/figure>\n\n\n\n<p>A Defesa Civil orienta que, \u201cpor medida de seguran\u00e7a, todas as pessoas que residem ou est\u00e3o nas \u00e1reas pr\u00f3ximas devem evacuar imediatamente e se dirigir para locais seguros\u201d, e que a popula\u00e7\u00e3o siga as seguintes recomenda\u00e7\u00f5es:<\/p>\n\n\n\n<ul class=\"wp-block-list\">\n<li>Deixe a \u00e1rea o mais r\u00e1pido poss\u00edvel<\/li>\n\n\n\n<li>Siga as orienta\u00e7\u00f5es das equipes de emerg\u00eancia<\/li>\n\n\n\n<li>Evite retornar ao local at\u00e9 novo comunicado oficial<\/li>\n\n\n\n<li>Ajude crian\u00e7as, idosos e pessoas com dificuldade de locomo\u00e7\u00e3o.<\/li>\n<\/ul>\n\n\n\n<h3 class=\"wp-block-heading\"><strong>PRIMEIRO ALERTA<\/strong><\/h3>\n\n\n\n<p>Neste domingo (8), a\u00a0Defesa Civil do Piau\u00ed emitiu um alerta extremo para poss\u00edvel rompimento da Barragem da Barra do Campestre. Como parte do protocolo de seguran\u00e7a, sirenes foram acionadas e mensagens de alerta enviadas para celulares de moradores de comunidades pr\u00f3ximas, informando sobre o risco e orientando a popula\u00e7\u00e3o a ficar atenta \u00e0 situa\u00e7\u00e3o da estrutura.<\/p>\n\n\n\n<p>&#8220;O prefeito nos comunicou a situa\u00e7\u00e3o e informou que j\u00e1 havia equipes trabalhando no local. As m\u00e1quinas est\u00e3o realizando o alargamento e o aprofundamento do vertedouro para permitir a sa\u00edda mais r\u00e1pida da \u00e1gua e diminuir a press\u00e3o sobre o reservat\u00f3rio principal, detalhou o diretor de Preven\u00e7\u00e3o e Mitiga\u00e7\u00e3o da Defesa Civil do Piau\u00ed&#8221;, Werton Costa.\u00a0<\/p>\n\n\n\n<p>As chuvas intensas que atingiram Coronel Jos\u00e9 Dias nas \u00faltimas semanas tamb\u00e9m provocaram danos em estradas e estruturas urbanas do munic\u00edpio. No s\u00e1bado (7), o governador Rafael Fonteles visitou comunidades afetadas, acompanhado de engenheiros e t\u00e9cnicos da Defesa Civil.<\/p>\n\n\n\n<p>Devido a situa\u00e7\u00e3o, a\u00a0Prefeitura de Coronel Jos\u00e9 Dias acionou m\u00e1quinas retroescavadeiras\u00a0para realiza\u00e7\u00e3o de servi\u00e7os de manuten\u00e7\u00e3o no local.<\/p>\n\n\n\n<h3 class=\"wp-block-heading\"><strong>NOTA DA PREFEITURA!<\/strong><\/h3>\n\n\n\n<p><em>A Prefeitura Municipal de Coronel Jos\u00e9 Dias informa que, assim que tomou conhecimento da situa\u00e7\u00e3o na barragem estadual do povoado Barra do Campestre, mobilizou imediatamente todo o maquin\u00e1rio dispon\u00edvel do munic\u00edpio e providenciou, em car\u00e1ter de urg\u00eancia, a loca\u00e7\u00e3o de duas m\u00e1quinas maiores (PC), atrav\u00e9s da empresa ERS Empreendimentos que tem contrato de horas m\u00e1quinas com o munic\u00edpio para atua\u00e7\u00e3o no local. A defesa civil estadual tamb\u00e9m foi comunicada.&nbsp;<\/em><\/p>\n\n\n\n<p><em>As equipes est\u00e3o realizando o rebaixamento do sangradouro com o objetivo de reduzir a press\u00e3o da \u00e1gua, evitar qualquer risco de rompimento e garantir a seguran\u00e7a da popula\u00e7\u00e3o.<\/em><\/p>\n\n\n\n<p><em>Neste momento, a Prefeitura segue com equipes mobilizadas e monitoramento permanente da \u00e1rea, adotando todas as medidas preventivas necess\u00e1rias.<\/em><\/p>\n\n\n\n<p><em>A gest\u00e3o municipal refor\u00e7a seu compromisso com a seguran\u00e7a das comunidades e continuar\u00e1 atuando com responsabilidade, agilidade e transpar\u00eancia.<\/em><\/p>\n\n\n\n<h3 class=\"wp-block-heading\"><strong>NOTA DA DEFESA CIVIL<\/strong><\/h3>\n\n\n\n<p><em>A Defesa Civil do Estado do Piau\u00ed informa que, diante do risco iminente de rompimento da Barragem do Campestre, localizada no munic\u00edpio de Coronel Jos\u00e9 Dias, equipes t\u00e9cnicas e operacionais foram enviadas \u00e0 regi\u00e3o para refor\u00e7ar as a\u00e7\u00f5es de monitoramento, preven\u00e7\u00e3o e apoio \u00e0 popula\u00e7\u00e3o.<\/em><\/p>\n\n\n\n<p><em>A mobiliza\u00e7\u00e3o ocorreu ap\u00f3s avalia\u00e7\u00e3o de engenheiros do Instituto de Desenvolvimento do Piau\u00ed, que identificaram poss\u00edvel comprometimento na estrutura da parede principal da barragem, o que exige medidas imediatas de seguran\u00e7a.<\/em><\/p>\n\n\n\n<p><em>Diante da situa\u00e7\u00e3o, a Defesa Civil do Estado do Piau\u00ed emitiu alerta de evacua\u00e7\u00e3o preventiva para moradores das \u00e1reas pr\u00f3ximas \u00e0 barragem. A orienta\u00e7\u00e3o \u00e9 que a popula\u00e7\u00e3o siga as recomenda\u00e7\u00f5es das autoridades e procure os pontos de apoio indicados, garantindo sua seguran\u00e7a e a de seus familiares.<\/em><\/p>\n\n\n\n<p><em>O secret\u00e1rio de Defesa Civil, Nerinho, est\u00e1 a caminho do munic\u00edpio para acompanhar de perto as a\u00e7\u00f5es e refor\u00e7ar o suporte \u00e0s equipes que atuam no local.<\/em><\/p>\n\n\n\n<p><em>O governador Rafael Fonteles determinou a disponibiliza\u00e7\u00e3o de todos os recursos necess\u00e1rios do Governo do Estado para minimizar riscos, prestar assist\u00eancia \u00e0 popula\u00e7\u00e3o e apoiar as a\u00e7\u00f5es de preven\u00e7\u00e3o e resposta.<\/em><\/p>\n\n\n\n<p><em>A Defesa Civil seguir\u00e1 monitorando a situa\u00e7\u00e3o e novas atualiza\u00e7\u00f5es ser\u00e3o divulgadas pelos canais oficiais do Governo do Estado<\/em><\/p>\n\n\n\n<p>Fonte: Meio News<\/p>\n","protected":false},"excerpt":{"rendered":"<p>A Defesa Civil do Piau\u00ed emitiu, no in\u00edcio da tarde desta ter\u00e7a-feira (10), um novo alerta sobre o risco de rompimento da\u00a0Barragem Barra do Campestre, localizada no munic\u00edpio de Coronel Jos\u00e9 Dias, no Sul do estado. De acordo com o \u00f3rg\u00e3o, \u201ch\u00e1 risco iminente de rompimento\u201d.\u00a0 A Defesa Civil orienta que, \u201cpor medida de seguran\u00e7a, [&hellip;]<\/p>\n","protected":false},"author":2,"featured_media":286149,"comment_status":"closed","ping_status":"closed","sticky":false,"template":"","format":"standard","meta":{"_mi_skip_tracking":false,"footnotes":""},"categories":[25,1,9,16],"tags":[192],"class_list":["post-286148","post","type-post","status-publish","format-standard","has-post-thumbnail","hentry","category-destaques-site","category-geral","category-municipios","category-todas","tag-destaqueprincipal"],"acf":[],"yoast_head":"<!-- This site is optimized with the Yoast SEO Premium plugin v19.2 (Yoast SEO v26.9) - https:\/\/yoast.com\/product\/yoast-seo-premium-wordpress\/ -->\n<title>Defesa Civil emite 2\u00ba alerta para barragem em Coronel Jos\u00e9 Dias e orienta fam\u00edlias a deixarem regi\u00e3o imediatamente - Portal Not\u00edcia em Pauta<\/title>\n<meta name=\"robots\" content=\"index, follow, max-snippet:-1, max-image-preview:large, max-video-preview:-1\" \/>\n<link rel=\"canonical\" href=\"https:\/\/noticiaempauta.com\/portal\/defesa-civil-emite-2o-alerta-para-barragem-em-coronel-jose-dias-e-orienta-familias-a-deixarem-regiao-imediatamente\/\" \/>\n<meta property=\"og:locale\" content=\"pt_BR\" \/>\n<meta property=\"og:type\" content=\"article\" \/>\n<meta property=\"og:title\" content=\"Defesa Civil emite 2\u00ba alerta para barragem em Coronel Jos\u00e9 Dias e orienta fam\u00edlias a deixarem regi\u00e3o imediatamente\" \/>\n<meta property=\"og:description\" content=\"A Defesa Civil do Piau\u00ed emitiu, no in\u00edcio da tarde desta ter\u00e7a-feira (10), um novo alerta sobre o risco de rompimento da\u00a0Barragem Barra do Campestre, localizada no munic\u00edpio de Coronel Jos\u00e9 Dias, no Sul do estado. De acordo com o \u00f3rg\u00e3o, \u201ch\u00e1 risco iminente de rompimento\u201d.\u00a0 A Defesa Civil orienta que, \u201cpor medida de seguran\u00e7a, [&hellip;]\" \/>\n<meta property=\"og:url\" content=\"https:\/\/noticiaempauta.com\/portal\/defesa-civil-emite-2o-alerta-para-barragem-em-coronel-jose-dias-e-orienta-familias-a-deixarem-regiao-imediatamente\/\" \/>\n<meta property=\"og:site_name\" content=\"Portal Not\u00edcia em Pauta\" \/>\n<meta property=\"article:publisher\" content=\"https:\/\/www.facebook.com\/Portal-Notcia-Em-Pauta-102292869264820\/\" \/>\n<meta property=\"article:published_time\" content=\"2026-03-10T17:55:02+00:00\" \/>\n<meta property=\"article:modified_time\" content=\"2026-03-10T17:55:05+00:00\" \/>\n<meta property=\"og:image\" content=\"https:\/\/noticiaempauta.com\/portal\/wp-content\/uploads\/2026\/03\/befunky-collage__5_-bc5f087500a1c627.webp\" \/>\n\t<meta property=\"og:image:width\" content=\"785\" \/>\n\t<meta property=\"og:image:height\" content=\"435\" \/>\n\t<meta property=\"og:image:type\" content=\"image\/webp\" \/>\n<meta name=\"author\" content=\"Reda\u00e7\u00e3o\" \/>\n<meta name=\"twitter:card\" content=\"summary_large_image\" \/>\n<meta name=\"twitter:label1\" content=\"Escrito por\" \/>\n\t<meta name=\"twitter:data1\" content=\"Reda\u00e7\u00e3o\" \/>\n\t<meta name=\"twitter:label2\" content=\"Est. tempo de leitura\" \/>\n\t<meta name=\"twitter:data2\" content=\"4 minutos\" \/>\n<script type=\"application\/ld+json\" class=\"yoast-schema-graph\">{\"@context\":\"https:\/\/schema.org\",\"@graph\":[{\"@type\":\"Article\",\"@id\":\"https:\/\/noticiaempauta.com\/portal\/defesa-civil-emite-2o-alerta-para-barragem-em-coronel-jose-dias-e-orienta-familias-a-deixarem-regiao-imediatamente\/#article\",\"isPartOf\":{\"@id\":\"https:\/\/noticiaempauta.com\/portal\/defesa-civil-emite-2o-alerta-para-barragem-em-coronel-jose-dias-e-orienta-familias-a-deixarem-regiao-imediatamente\/\"},\"author\":{\"name\":\"Reda\u00e7\u00e3o\",\"@id\":\"https:\/\/noticiaempauta.com\/portal\/#\/schema\/person\/a74af43dd1ab3deca45f988c717d57ac\"},\"headline\":\"Defesa Civil emite 2\u00ba alerta para barragem em Coronel Jos\u00e9 Dias e orienta fam\u00edlias a deixarem regi\u00e3o imediatamente\",\"datePublished\":\"2026-03-10T17:55:02+00:00\",\"dateModified\":\"2026-03-10T17:55:05+00:00\",\"mainEntityOfPage\":{\"@id\":\"https:\/\/noticiaempauta.com\/portal\/defesa-civil-emite-2o-alerta-para-barragem-em-coronel-jose-dias-e-orienta-familias-a-deixarem-regiao-imediatamente\/\"},\"wordCount\":744,\"publisher\":{\"@id\":\"https:\/\/noticiaempauta.com\/portal\/#organization\"},\"image\":{\"@id\":\"https:\/\/noticiaempauta.com\/portal\/defesa-civil-emite-2o-alerta-para-barragem-em-coronel-jose-dias-e-orienta-familias-a-deixarem-regiao-imediatamente\/#primaryimage\"},\"thumbnailUrl\":\"https:\/\/noticiaempauta.com\/portal\/wp-content\/uploads\/2026\/03\/befunky-collage__5_-bc5f087500a1c627.webp\",\"keywords\":[\"destaqueprincipal\"],\"articleSection\":[\"Destaques\",\"Geral\",\"Munic\u00edpios\",\"Todas as Not\u00edcias\"],\"inLanguage\":\"pt-BR\"},{\"@type\":\"WebPage\",\"@id\":\"https:\/\/noticiaempauta.com\/portal\/defesa-civil-emite-2o-alerta-para-barragem-em-coronel-jose-dias-e-orienta-familias-a-deixarem-regiao-imediatamente\/\",\"url\":\"https:\/\/noticiaempauta.com\/portal\/defesa-civil-emite-2o-alerta-para-barragem-em-coronel-jose-dias-e-orienta-familias-a-deixarem-regiao-imediatamente\/\",\"name\":\"Defesa Civil emite 2\u00ba alerta para barragem em Coronel Jos\u00e9 Dias e orienta fam\u00edlias a deixarem regi\u00e3o imediatamente - Portal Not\u00edcia em Pauta\",\"isPartOf\":{\"@id\":\"https:\/\/noticiaempauta.com\/portal\/#website\"},\"primaryImageOfPage\":{\"@id\":\"https:\/\/noticiaempauta.com\/portal\/defesa-civil-emite-2o-alerta-para-barragem-em-coronel-jose-dias-e-orienta-familias-a-deixarem-regiao-imediatamente\/#primaryimage\"},\"image\":{\"@id\":\"https:\/\/noticiaempauta.com\/portal\/defesa-civil-emite-2o-alerta-para-barragem-em-coronel-jose-dias-e-orienta-familias-a-deixarem-regiao-imediatamente\/#primaryimage\"},\"thumbnailUrl\":\"https:\/\/noticiaempauta.com\/portal\/wp-content\/uploads\/2026\/03\/befunky-collage__5_-bc5f087500a1c627.webp\",\"datePublished\":\"2026-03-10T17:55:02+00:00\",\"dateModified\":\"2026-03-10T17:55:05+00:00\",\"breadcrumb\":{\"@id\":\"https:\/\/noticiaempauta.com\/portal\/defesa-civil-emite-2o-alerta-para-barragem-em-coronel-jose-dias-e-orienta-familias-a-deixarem-regiao-imediatamente\/#breadcrumb\"},\"inLanguage\":\"pt-BR\",\"potentialAction\":[{\"@type\":\"ReadAction\",\"target\":[\"https:\/\/noticiaempauta.com\/portal\/defesa-civil-emite-2o-alerta-para-barragem-em-coronel-jose-dias-e-orienta-familias-a-deixarem-regiao-imediatamente\/\"]}]},{\"@type\":\"ImageObject\",\"inLanguage\":\"pt-BR\",\"@id\":\"https:\/\/noticiaempauta.com\/portal\/defesa-civil-emite-2o-alerta-para-barragem-em-coronel-jose-dias-e-orienta-familias-a-deixarem-regiao-imediatamente\/#primaryimage\",\"url\":\"https:\/\/noticiaempauta.com\/portal\/wp-content\/uploads\/2026\/03\/befunky-collage__5_-bc5f087500a1c627.webp\",\"contentUrl\":\"https:\/\/noticiaempauta.com\/portal\/wp-content\/uploads\/2026\/03\/befunky-collage__5_-bc5f087500a1c627.webp\",\"width\":785,\"height\":435},{\"@type\":\"BreadcrumbList\",\"@id\":\"https:\/\/noticiaempauta.com\/portal\/defesa-civil-emite-2o-alerta-para-barragem-em-coronel-jose-dias-e-orienta-familias-a-deixarem-regiao-imediatamente\/#breadcrumb\",\"itemListElement\":[{\"@type\":\"ListItem\",\"position\":1,\"name\":\"P\u00e1gina Inicial\",\"item\":\"https:\/\/noticiaempauta.com\/portal\/\"},{\"@type\":\"ListItem\",\"position\":2,\"name\":\"Destaques\",\"item\":\"https:\/\/noticiaempauta.com\/portal\/destaques-site\/\"},{\"@type\":\"ListItem\",\"position\":3,\"name\":\"Defesa Civil emite 2\u00ba alerta para barragem em Coronel Jos\u00e9 Dias e orienta fam\u00edlias a deixarem regi\u00e3o imediatamente\"}]},{\"@type\":\"WebSite\",\"@id\":\"https:\/\/noticiaempauta.com\/portal\/#website\",\"url\":\"https:\/\/noticiaempauta.com\/portal\/\",\"name\":\"Portal Not\u00edcia em Pauta\",\"description\":\"Voc\u00ea bem informado\",\"publisher\":{\"@id\":\"https:\/\/noticiaempauta.com\/portal\/#organization\"},\"potentialAction\":[{\"@type\":\"SearchAction\",\"target\":{\"@type\":\"EntryPoint\",\"urlTemplate\":\"https:\/\/noticiaempauta.com\/portal\/?s={search_term_string}\"},\"query-input\":{\"@type\":\"PropertyValueSpecification\",\"valueRequired\":true,\"valueName\":\"search_term_string\"}}],\"inLanguage\":\"pt-BR\"},{\"@type\":\"Organization\",\"@id\":\"https:\/\/noticiaempauta.com\/portal\/#organization\",\"name\":\"Portal Not\u00edcia em Pauta\",\"url\":\"https:\/\/noticiaempauta.com\/portal\/\",\"logo\":{\"@type\":\"ImageObject\",\"inLanguage\":\"pt-BR\",\"@id\":\"https:\/\/noticiaempauta.com\/portal\/#\/schema\/logo\/image\/\",\"url\":\"https:\/\/noticiaempauta.com\/portal\/wp-content\/uploads\/2022\/08\/logomarca_tema.fw_.png\",\"contentUrl\":\"https:\/\/noticiaempauta.com\/portal\/wp-content\/uploads\/2022\/08\/logomarca_tema.fw_.png\",\"width\":400,\"height\":232,\"caption\":\"Portal Not\u00edcia em Pauta\"},\"image\":{\"@id\":\"https:\/\/noticiaempauta.com\/portal\/#\/schema\/logo\/image\/\"},\"sameAs\":[\"https:\/\/www.facebook.com\/Portal-Notcia-Em-Pauta-102292869264820\/\",\"https:\/\/www.instagram.com\/portalnoticiaempauta\/\"]},{\"@type\":\"Person\",\"@id\":\"https:\/\/noticiaempauta.com\/portal\/#\/schema\/person\/a74af43dd1ab3deca45f988c717d57ac\",\"name\":\"Reda\u00e7\u00e3o\",\"image\":{\"@type\":\"ImageObject\",\"inLanguage\":\"pt-BR\",\"@id\":\"https:\/\/noticiaempauta.com\/portal\/#\/schema\/person\/image\/\",\"url\":\"https:\/\/secure.gravatar.com\/avatar\/03179346ecce6cdfc13361603e8f54242a90e5cde8618fa23c5c00aa2b0aadf3?s=96&d=mm&r=g\",\"contentUrl\":\"https:\/\/secure.gravatar.com\/avatar\/03179346ecce6cdfc13361603e8f54242a90e5cde8618fa23c5c00aa2b0aadf3?s=96&d=mm&r=g\",\"caption\":\"Reda\u00e7\u00e3o\"},\"sameAs\":[\"https:\/\/noticiaempauta.com\/portal\/\"],\"url\":\"https:\/\/noticiaempauta.com\/portal\/author\/fernando\/\"}]}<\/script>\n<!-- \/ Yoast SEO Premium plugin. -->","yoast_head_json":{"title":"Defesa Civil emite 2\u00ba alerta para barragem em Coronel Jos\u00e9 Dias e orienta fam\u00edlias a deixarem regi\u00e3o imediatamente - Portal Not\u00edcia em Pauta","robots":{"index":"index","follow":"follow","max-snippet":"max-snippet:-1","max-image-preview":"max-image-preview:large","max-video-preview":"max-video-preview:-1"},"canonical":"https:\/\/noticiaempauta.com\/portal\/defesa-civil-emite-2o-alerta-para-barragem-em-coronel-jose-dias-e-orienta-familias-a-deixarem-regiao-imediatamente\/","og_locale":"pt_BR","og_type":"article","og_title":"Defesa Civil emite 2\u00ba alerta para barragem em Coronel Jos\u00e9 Dias e orienta fam\u00edlias a deixarem regi\u00e3o imediatamente","og_description":"A Defesa Civil do Piau\u00ed emitiu, no in\u00edcio da tarde desta ter\u00e7a-feira (10), um novo alerta sobre o risco de rompimento da\u00a0Barragem Barra do Campestre, localizada no munic\u00edpio de Coronel Jos\u00e9 Dias, no Sul do estado. De acordo com o \u00f3rg\u00e3o, \u201ch\u00e1 risco iminente de rompimento\u201d.\u00a0 A Defesa Civil orienta que, \u201cpor medida de seguran\u00e7a, [&hellip;]","og_url":"https:\/\/noticiaempauta.com\/portal\/defesa-civil-emite-2o-alerta-para-barragem-em-coronel-jose-dias-e-orienta-familias-a-deixarem-regiao-imediatamente\/","og_site_name":"Portal Not\u00edcia em Pauta","article_publisher":"https:\/\/www.facebook.com\/Portal-Notcia-Em-Pauta-102292869264820\/","article_published_time":"2026-03-10T17:55:02+00:00","article_modified_time":"2026-03-10T17:55:05+00:00","og_image":[{"width":785,"height":435,"url":"https:\/\/noticiaempauta.com\/portal\/wp-content\/uploads\/2026\/03\/befunky-collage__5_-bc5f087500a1c627.webp","type":"image\/webp"}],"author":"Reda\u00e7\u00e3o","twitter_card":"summary_large_image","twitter_misc":{"Escrito por":"Reda\u00e7\u00e3o","Est. tempo de leitura":"4 minutos"},"schema":{"@context":"https:\/\/schema.org","@graph":[{"@type":"Article","@id":"https:\/\/noticiaempauta.com\/portal\/defesa-civil-emite-2o-alerta-para-barragem-em-coronel-jose-dias-e-orienta-familias-a-deixarem-regiao-imediatamente\/#article","isPartOf":{"@id":"https:\/\/noticiaempauta.com\/portal\/defesa-civil-emite-2o-alerta-para-barragem-em-coronel-jose-dias-e-orienta-familias-a-deixarem-regiao-imediatamente\/"},"author":{"name":"Reda\u00e7\u00e3o","@id":"https:\/\/noticiaempauta.com\/portal\/#\/schema\/person\/a74af43dd1ab3deca45f988c717d57ac"},"headline":"Defesa Civil emite 2\u00ba alerta para barragem em Coronel Jos\u00e9 Dias e orienta fam\u00edlias a deixarem regi\u00e3o imediatamente","datePublished":"2026-03-10T17:55:02+00:00","dateModified":"2026-03-10T17:55:05+00:00","mainEntityOfPage":{"@id":"https:\/\/noticiaempauta.com\/portal\/defesa-civil-emite-2o-alerta-para-barragem-em-coronel-jose-dias-e-orienta-familias-a-deixarem-regiao-imediatamente\/"},"wordCount":744,"publisher":{"@id":"https:\/\/noticiaempauta.com\/portal\/#organization"},"image":{"@id":"https:\/\/noticiaempauta.com\/portal\/defesa-civil-emite-2o-alerta-para-barragem-em-coronel-jose-dias-e-orienta-familias-a-deixarem-regiao-imediatamente\/#primaryimage"},"thumbnailUrl":"https:\/\/noticiaempauta.com\/portal\/wp-content\/uploads\/2026\/03\/befunky-collage__5_-bc5f087500a1c627.webp","keywords":["destaqueprincipal"],"articleSection":["Destaques","Geral","Munic\u00edpios","Todas as Not\u00edcias"],"inLanguage":"pt-BR"},{"@type":"WebPage","@id":"https:\/\/noticiaempauta.com\/portal\/defesa-civil-emite-2o-alerta-para-barragem-em-coronel-jose-dias-e-orienta-familias-a-deixarem-regiao-imediatamente\/","url":"https:\/\/noticiaempauta.com\/portal\/defesa-civil-emite-2o-alerta-para-barragem-em-coronel-jose-dias-e-orienta-familias-a-deixarem-regiao-imediatamente\/","name":"Defesa Civil emite 2\u00ba alerta para barragem em Coronel Jos\u00e9 Dias e orienta fam\u00edlias a deixarem regi\u00e3o imediatamente - Portal Not\u00edcia em Pauta","isPartOf":{"@id":"https:\/\/noticiaempauta.com\/portal\/#website"},"primaryImageOfPage":{"@id":"https:\/\/noticiaempauta.com\/portal\/defesa-civil-emite-2o-alerta-para-barragem-em-coronel-jose-dias-e-orienta-familias-a-deixarem-regiao-imediatamente\/#primaryimage"},"image":{"@id":"https:\/\/noticiaempauta.com\/portal\/defesa-civil-emite-2o-alerta-para-barragem-em-coronel-jose-dias-e-orienta-familias-a-deixarem-regiao-imediatamente\/#primaryimage"},"thumbnailUrl":"https:\/\/noticiaempauta.com\/portal\/wp-content\/uploads\/2026\/03\/befunky-collage__5_-bc5f087500a1c627.webp","datePublished":"2026-03-10T17:55:02+00:00","dateModified":"2026-03-10T17:55:05+00:00","breadcrumb":{"@id":"https:\/\/noticiaempauta.com\/portal\/defesa-civil-emite-2o-alerta-para-barragem-em-coronel-jose-dias-e-orienta-familias-a-deixarem-regiao-imediatamente\/#breadcrumb"},"inLanguage":"pt-BR","potentialAction":[{"@type":"ReadAction","target":["https:\/\/noticiaempauta.com\/portal\/defesa-civil-emite-2o-alerta-para-barragem-em-coronel-jose-dias-e-orienta-familias-a-deixarem-regiao-imediatamente\/"]}]},{"@type":"ImageObject","inLanguage":"pt-BR","@id":"https:\/\/noticiaempauta.com\/portal\/defesa-civil-emite-2o-alerta-para-barragem-em-coronel-jose-dias-e-orienta-familias-a-deixarem-regiao-imediatamente\/#primaryimage","url":"https:\/\/noticiaempauta.com\/portal\/wp-content\/uploads\/2026\/03\/befunky-collage__5_-bc5f087500a1c627.webp","contentUrl":"https:\/\/noticiaempauta.com\/portal\/wp-content\/uploads\/2026\/03\/befunky-collage__5_-bc5f087500a1c627.webp","width":785,"height":435},{"@type":"BreadcrumbList","@id":"https:\/\/noticiaempauta.com\/portal\/defesa-civil-emite-2o-alerta-para-barragem-em-coronel-jose-dias-e-orienta-familias-a-deixarem-regiao-imediatamente\/#breadcrumb","itemListElement":[{"@type":"ListItem","position":1,"name":"P\u00e1gina Inicial","item":"https:\/\/noticiaempauta.com\/portal\/"},{"@type":"ListItem","position":2,"name":"Destaques","item":"https:\/\/noticiaempauta.com\/portal\/destaques-site\/"},{"@type":"ListItem","position":3,"name":"Defesa Civil emite 2\u00ba alerta para barragem em Coronel Jos\u00e9 Dias e orienta fam\u00edlias a deixarem regi\u00e3o imediatamente"}]},{"@type":"WebSite","@id":"https:\/\/noticiaempauta.com\/portal\/#website","url":"https:\/\/noticiaempauta.com\/portal\/","name":"Portal Not\u00edcia em Pauta","description":"Voc\u00ea bem informado","publisher":{"@id":"https:\/\/noticiaempauta.com\/portal\/#organization"},"potentialAction":[{"@type":"SearchAction","target":{"@type":"EntryPoint","urlTemplate":"https:\/\/noticiaempauta.com\/portal\/?s={search_term_string}"},"query-input":{"@type":"PropertyValueSpecification","valueRequired":true,"valueName":"search_term_string"}}],"inLanguage":"pt-BR"},{"@type":"Organization","@id":"https:\/\/noticiaempauta.com\/portal\/#organization","name":"Portal Not\u00edcia em Pauta","url":"https:\/\/noticiaempauta.com\/portal\/","logo":{"@type":"ImageObject","inLanguage":"pt-BR","@id":"https:\/\/noticiaempauta.com\/portal\/#\/schema\/logo\/image\/","url":"https:\/\/noticiaempauta.com\/portal\/wp-content\/uploads\/2022\/08\/logomarca_tema.fw_.png","contentUrl":"https:\/\/noticiaempauta.com\/portal\/wp-content\/uploads\/2022\/08\/logomarca_tema.fw_.png","width":400,"height":232,"caption":"Portal Not\u00edcia em Pauta"},"image":{"@id":"https:\/\/noticiaempauta.com\/portal\/#\/schema\/logo\/image\/"},"sameAs":["https:\/\/www.facebook.com\/Portal-Notcia-Em-Pauta-102292869264820\/","https:\/\/www.instagram.com\/portalnoticiaempauta\/"]},{"@type":"Person","@id":"https:\/\/noticiaempauta.com\/portal\/#\/schema\/person\/a74af43dd1ab3deca45f988c717d57ac","name":"Reda\u00e7\u00e3o","image":{"@type":"ImageObject","inLanguage":"pt-BR","@id":"https:\/\/noticiaempauta.com\/portal\/#\/schema\/person\/image\/","url":"https:\/\/secure.gravatar.com\/avatar\/03179346ecce6cdfc13361603e8f54242a90e5cde8618fa23c5c00aa2b0aadf3?s=96&d=mm&r=g","contentUrl":"https:\/\/secure.gravatar.com\/avatar\/03179346ecce6cdfc13361603e8f54242a90e5cde8618fa23c5c00aa2b0aadf3?s=96&d=mm&r=g","caption":"Reda\u00e7\u00e3o"},"sameAs":["https:\/\/noticiaempauta.com\/portal\/"],"url":"https:\/\/noticiaempauta.com\/portal\/author\/fernando\/"}]}},"_links":{"self":[{"href":"https:\/\/noticiaempauta.com\/portal\/wp-json\/wp\/v2\/posts\/286148","targetHints":{"allow":["GET"]}}],"collection":[{"href":"https:\/\/noticiaempauta.com\/portal\/wp-json\/wp\/v2\/posts"}],"about":[{"href":"https:\/\/noticiaempauta.com\/portal\/wp-json\/wp\/v2\/types\/post"}],"author":[{"embeddable":true,"href":"https:\/\/noticiaempauta.com\/portal\/wp-json\/wp\/v2\/users\/2"}],"replies":[{"embeddable":true,"href":"https:\/\/noticiaempauta.com\/portal\/wp-json\/wp\/v2\/comments?post=286148"}],"version-history":[{"count":2,"href":"https:\/\/noticiaempauta.com\/portal\/wp-json\/wp\/v2\/posts\/286148\/revisions"}],"predecessor-version":[{"id":286151,"href":"https:\/\/noticiaempauta.com\/portal\/wp-json\/wp\/v2\/posts\/286148\/revisions\/286151"}],"wp:featuredmedia":[{"embeddable":true,"href":"https:\/\/noticiaempauta.com\/portal\/wp-json\/wp\/v2\/media\/286149"}],"wp:attachment":[{"href":"https:\/\/noticiaempauta.com\/portal\/wp-json\/wp\/v2\/media?parent=286148"}],"wp:term":[{"taxonomy":"category","embeddable":true,"href":"https:\/\/noticiaempauta.com\/portal\/wp-json\/wp\/v2\/categories?post=286148"},{"taxonomy":"post_tag","embeddable":true,"href":"https:\/\/noticiaempauta.com\/portal\/wp-json\/wp\/v2\/tags?post=286148"}],"curies":[{"name":"wp","href":"https:\/\/api.w.org\/{rel}","templated":true}]}}