{"id":286164,"date":"2026-03-11T09:10:27","date_gmt":"2026-03-11T12:10:27","guid":{"rendered":"https:\/\/noticiaempauta.com\/portal\/?p=286164"},"modified":"2026-03-11T09:10:28","modified_gmt":"2026-03-11T12:10:28","slug":"policia-federal-prende-investigado-por-crimes-de-abuso-sexual-infantojuvenil-em-picos","status":"publish","type":"post","link":"https:\/\/noticiaempauta.com\/portal\/policia-federal-prende-investigado-por-crimes-de-abuso-sexual-infantojuvenil-em-picos\/","title":{"rendered":"Pol\u00edcia Federal prende investigado por crimes de abuso sexual infantojuvenil em Picos"},"content":{"rendered":"\n<p>Na manh\u00e3 desta quarta-feira (11) a Pol\u00edcia Federal decretou a Opera\u00e7\u00e3o Carcar\u00e1 40, em Picos, com o objetivo de proteger v\u00edtimas e coibir crimes de abuso sexual infantojuvenil.<\/p>\n\n\n\n<p>Na a\u00e7\u00e3o, foi dado cumprimento a um mandado de pris\u00e3o preventiva expedido pelo juiz da Central Regional de Inqu\u00e9ritos do F\u00f3rum de Picos. A medida judicial teve como fundamento a an\u00e1lise de dispositivos eletr\u00f4nicos utilizados pelo investigado, da qual resultaram ind\u00edcios da pr\u00e1tica dos crimes apurados.<\/p>\n\n\n\n<figure class=\"wp-block-image size-large\"><img fetchpriority=\"high\" decoding=\"async\" width=\"1024\" height=\"682\" src=\"https:\/\/noticiaempauta.com\/portal\/wp-content\/uploads\/2026\/03\/Inauguracao-da-Policia-Federal-em-Picos-12-1024x682.webp\" alt=\"\" class=\"wp-image-286165\" srcset=\"https:\/\/noticiaempauta.com\/portal\/wp-content\/uploads\/2026\/03\/Inauguracao-da-Policia-Federal-em-Picos-12-1024x682.webp 1024w, https:\/\/noticiaempauta.com\/portal\/wp-content\/uploads\/2026\/03\/Inauguracao-da-Policia-Federal-em-Picos-12-300x200.webp 300w, https:\/\/noticiaempauta.com\/portal\/wp-content\/uploads\/2026\/03\/Inauguracao-da-Policia-Federal-em-Picos-12-768x512.webp 768w, https:\/\/noticiaempauta.com\/portal\/wp-content\/uploads\/2026\/03\/Inauguracao-da-Policia-Federal-em-Picos-12.webp 1280w\" sizes=\"(max-width: 1024px) 100vw, 1024px\" \/><figcaption class=\"wp-element-caption\"><em>(Foto: Gabriel Torres)<\/em><\/figcaption><\/figure>\n\n\n\n<p>As dilig\u00eancias apontam que, ao longo dos \u00faltimos anos, o investigado teria adquirido, possu\u00eddo, armazenado, produzido e compartilhado imagens e v\u00eddeos com conte\u00fado de viol\u00eancia sexual envolvendo crian\u00e7as e adolescentes.<br><br>O suspeito poder\u00e1 responder pelos crimes de estupro de vulner\u00e1vel, de produ\u00e7\u00e3o, de posse e de compartilhamento de material contendo viol\u00eancia sexual contra crian\u00e7as ou adolescentes, al\u00e9m de outros delitos que venham a ser identificados no decorrer da investiga\u00e7\u00e3o.<\/p>\n\n\n\n<p>A Pol\u00edcia Federal alerta aos pais e aos respons\u00e1veis sobre a import\u00e2ncia de monitorar e orientar seus filhos no mundo virtual e f\u00edsico, protegendo-os dos riscos de abusos sexuais. Conversar abertamente sobre os perigos do mundo virtual, explicar como utilizar redes sociais, jogos e aplicativos de forma segura e acompanhar de perto as atividades on-line dos jovens s\u00e3o medidas essenciais de prote\u00e7\u00e3o. Estar atento a mudan\u00e7as de comportamento, como isolamento repentino ou segredo em rela\u00e7\u00e3o ao uso do celular e do computador, pode ajudar a identificar situa\u00e7\u00f5es de risco.<\/p>\n\n\n\n<p>Fonte: Cidade Verde<\/p>\n","protected":false},"excerpt":{"rendered":"<p>Na manh\u00e3 desta quarta-feira (11) a Pol\u00edcia Federal decretou a Opera\u00e7\u00e3o Carcar\u00e1 40, em Picos, com o objetivo de proteger v\u00edtimas e coibir crimes de abuso sexual infantojuvenil. Na a\u00e7\u00e3o, foi dado cumprimento a um mandado de pris\u00e3o preventiva expedido pelo juiz da Central Regional de Inqu\u00e9ritos do F\u00f3rum de Picos. A medida judicial teve [&hellip;]<\/p>\n","protected":false},"author":2,"featured_media":286165,"comment_status":"closed","ping_status":"closed","sticky":false,"template":"","format":"standard","meta":{"_mi_skip_tracking":false,"footnotes":""},"categories":[25,137,16],"tags":[192],"class_list":["post-286164","post","type-post","status-publish","format-standard","has-post-thumbnail","hentry","category-destaques-site","category-policia","category-todas","tag-destaqueprincipal"],"acf":[],"yoast_head":"<!-- This site is optimized with the Yoast SEO Premium plugin v19.2 (Yoast SEO v26.9) - https:\/\/yoast.com\/product\/yoast-seo-premium-wordpress\/ -->\n<title>Pol\u00edcia Federal prende investigado por crimes de abuso sexual infantojuvenil em Picos - Portal Not\u00edcia em Pauta<\/title>\n<meta name=\"robots\" content=\"index, follow, max-snippet:-1, max-image-preview:large, max-video-preview:-1\" \/>\n<link rel=\"canonical\" href=\"https:\/\/noticiaempauta.com\/portal\/policia-federal-prende-investigado-por-crimes-de-abuso-sexual-infantojuvenil-em-picos\/\" \/>\n<meta property=\"og:locale\" content=\"pt_BR\" \/>\n<meta property=\"og:type\" content=\"article\" \/>\n<meta property=\"og:title\" content=\"Pol\u00edcia Federal prende investigado por crimes de abuso sexual infantojuvenil em Picos\" \/>\n<meta property=\"og:description\" content=\"Na manh\u00e3 desta quarta-feira (11) a Pol\u00edcia Federal decretou a Opera\u00e7\u00e3o Carcar\u00e1 40, em Picos, com o objetivo de proteger v\u00edtimas e coibir crimes de abuso sexual infantojuvenil. Na a\u00e7\u00e3o, foi dado cumprimento a um mandado de pris\u00e3o preventiva expedido pelo juiz da Central Regional de Inqu\u00e9ritos do F\u00f3rum de Picos. A medida judicial teve [&hellip;]\" \/>\n<meta property=\"og:url\" content=\"https:\/\/noticiaempauta.com\/portal\/policia-federal-prende-investigado-por-crimes-de-abuso-sexual-infantojuvenil-em-picos\/\" \/>\n<meta property=\"og:site_name\" content=\"Portal Not\u00edcia em Pauta\" \/>\n<meta property=\"article:publisher\" content=\"https:\/\/www.facebook.com\/Portal-Notcia-Em-Pauta-102292869264820\/\" \/>\n<meta property=\"article:published_time\" content=\"2026-03-11T12:10:27+00:00\" \/>\n<meta property=\"article:modified_time\" content=\"2026-03-11T12:10:28+00:00\" \/>\n<meta property=\"og:image\" content=\"https:\/\/noticiaempauta.com\/portal\/wp-content\/uploads\/2026\/03\/Inauguracao-da-Policia-Federal-em-Picos-12.webp\" \/>\n\t<meta property=\"og:image:width\" content=\"1280\" \/>\n\t<meta property=\"og:image:height\" content=\"853\" \/>\n\t<meta property=\"og:image:type\" content=\"image\/webp\" \/>\n<meta name=\"author\" content=\"Reda\u00e7\u00e3o\" \/>\n<meta name=\"twitter:card\" content=\"summary_large_image\" \/>\n<meta name=\"twitter:label1\" content=\"Escrito por\" \/>\n\t<meta name=\"twitter:data1\" content=\"Reda\u00e7\u00e3o\" \/>\n\t<meta name=\"twitter:label2\" content=\"Est. tempo de leitura\" \/>\n\t<meta name=\"twitter:data2\" content=\"2 minutos\" \/>\n<script type=\"application\/ld+json\" class=\"yoast-schema-graph\">{\"@context\":\"https:\/\/schema.org\",\"@graph\":[{\"@type\":\"Article\",\"@id\":\"https:\/\/noticiaempauta.com\/portal\/policia-federal-prende-investigado-por-crimes-de-abuso-sexual-infantojuvenil-em-picos\/#article\",\"isPartOf\":{\"@id\":\"https:\/\/noticiaempauta.com\/portal\/policia-federal-prende-investigado-por-crimes-de-abuso-sexual-infantojuvenil-em-picos\/\"},\"author\":{\"name\":\"Reda\u00e7\u00e3o\",\"@id\":\"https:\/\/noticiaempauta.com\/portal\/#\/schema\/person\/a74af43dd1ab3deca45f988c717d57ac\"},\"headline\":\"Pol\u00edcia Federal prende investigado por crimes de abuso sexual infantojuvenil em Picos\",\"datePublished\":\"2026-03-11T12:10:27+00:00\",\"dateModified\":\"2026-03-11T12:10:28+00:00\",\"mainEntityOfPage\":{\"@id\":\"https:\/\/noticiaempauta.com\/portal\/policia-federal-prende-investigado-por-crimes-de-abuso-sexual-infantojuvenil-em-picos\/\"},\"wordCount\":281,\"publisher\":{\"@id\":\"https:\/\/noticiaempauta.com\/portal\/#organization\"},\"image\":{\"@id\":\"https:\/\/noticiaempauta.com\/portal\/policia-federal-prende-investigado-por-crimes-de-abuso-sexual-infantojuvenil-em-picos\/#primaryimage\"},\"thumbnailUrl\":\"https:\/\/noticiaempauta.com\/portal\/wp-content\/uploads\/2026\/03\/Inauguracao-da-Policia-Federal-em-Picos-12.webp\",\"keywords\":[\"destaqueprincipal\"],\"articleSection\":[\"Destaques\",\"Pol\u00edcia\",\"Todas as Not\u00edcias\"],\"inLanguage\":\"pt-BR\"},{\"@type\":\"WebPage\",\"@id\":\"https:\/\/noticiaempauta.com\/portal\/policia-federal-prende-investigado-por-crimes-de-abuso-sexual-infantojuvenil-em-picos\/\",\"url\":\"https:\/\/noticiaempauta.com\/portal\/policia-federal-prende-investigado-por-crimes-de-abuso-sexual-infantojuvenil-em-picos\/\",\"name\":\"Pol\u00edcia Federal prende investigado por crimes de abuso sexual infantojuvenil em Picos - Portal Not\u00edcia em Pauta\",\"isPartOf\":{\"@id\":\"https:\/\/noticiaempauta.com\/portal\/#website\"},\"primaryImageOfPage\":{\"@id\":\"https:\/\/noticiaempauta.com\/portal\/policia-federal-prende-investigado-por-crimes-de-abuso-sexual-infantojuvenil-em-picos\/#primaryimage\"},\"image\":{\"@id\":\"https:\/\/noticiaempauta.com\/portal\/policia-federal-prende-investigado-por-crimes-de-abuso-sexual-infantojuvenil-em-picos\/#primaryimage\"},\"thumbnailUrl\":\"https:\/\/noticiaempauta.com\/portal\/wp-content\/uploads\/2026\/03\/Inauguracao-da-Policia-Federal-em-Picos-12.webp\",\"datePublished\":\"2026-03-11T12:10:27+00:00\",\"dateModified\":\"2026-03-11T12:10:28+00:00\",\"breadcrumb\":{\"@id\":\"https:\/\/noticiaempauta.com\/portal\/policia-federal-prende-investigado-por-crimes-de-abuso-sexual-infantojuvenil-em-picos\/#breadcrumb\"},\"inLanguage\":\"pt-BR\",\"potentialAction\":[{\"@type\":\"ReadAction\",\"target\":[\"https:\/\/noticiaempauta.com\/portal\/policia-federal-prende-investigado-por-crimes-de-abuso-sexual-infantojuvenil-em-picos\/\"]}]},{\"@type\":\"ImageObject\",\"inLanguage\":\"pt-BR\",\"@id\":\"https:\/\/noticiaempauta.com\/portal\/policia-federal-prende-investigado-por-crimes-de-abuso-sexual-infantojuvenil-em-picos\/#primaryimage\",\"url\":\"https:\/\/noticiaempauta.com\/portal\/wp-content\/uploads\/2026\/03\/Inauguracao-da-Policia-Federal-em-Picos-12.webp\",\"contentUrl\":\"https:\/\/noticiaempauta.com\/portal\/wp-content\/uploads\/2026\/03\/Inauguracao-da-Policia-Federal-em-Picos-12.webp\",\"width\":1280,\"height\":853},{\"@type\":\"BreadcrumbList\",\"@id\":\"https:\/\/noticiaempauta.com\/portal\/policia-federal-prende-investigado-por-crimes-de-abuso-sexual-infantojuvenil-em-picos\/#breadcrumb\",\"itemListElement\":[{\"@type\":\"ListItem\",\"position\":1,\"name\":\"P\u00e1gina Inicial\",\"item\":\"https:\/\/noticiaempauta.com\/portal\/\"},{\"@type\":\"ListItem\",\"position\":2,\"name\":\"Destaques\",\"item\":\"https:\/\/noticiaempauta.com\/portal\/destaques-site\/\"},{\"@type\":\"ListItem\",\"position\":3,\"name\":\"Pol\u00edcia Federal prende investigado por crimes de abuso sexual infantojuvenil em Picos\"}]},{\"@type\":\"WebSite\",\"@id\":\"https:\/\/noticiaempauta.com\/portal\/#website\",\"url\":\"https:\/\/noticiaempauta.com\/portal\/\",\"name\":\"Portal Not\u00edcia em Pauta\",\"description\":\"Voc\u00ea bem informado\",\"publisher\":{\"@id\":\"https:\/\/noticiaempauta.com\/portal\/#organization\"},\"potentialAction\":[{\"@type\":\"SearchAction\",\"target\":{\"@type\":\"EntryPoint\",\"urlTemplate\":\"https:\/\/noticiaempauta.com\/portal\/?s={search_term_string}\"},\"query-input\":{\"@type\":\"PropertyValueSpecification\",\"valueRequired\":true,\"valueName\":\"search_term_string\"}}],\"inLanguage\":\"pt-BR\"},{\"@type\":\"Organization\",\"@id\":\"https:\/\/noticiaempauta.com\/portal\/#organization\",\"name\":\"Portal Not\u00edcia em Pauta\",\"url\":\"https:\/\/noticiaempauta.com\/portal\/\",\"logo\":{\"@type\":\"ImageObject\",\"inLanguage\":\"pt-BR\",\"@id\":\"https:\/\/noticiaempauta.com\/portal\/#\/schema\/logo\/image\/\",\"url\":\"https:\/\/noticiaempauta.com\/portal\/wp-content\/uploads\/2022\/08\/logomarca_tema.fw_.png\",\"contentUrl\":\"https:\/\/noticiaempauta.com\/portal\/wp-content\/uploads\/2022\/08\/logomarca_tema.fw_.png\",\"width\":400,\"height\":232,\"caption\":\"Portal Not\u00edcia em Pauta\"},\"image\":{\"@id\":\"https:\/\/noticiaempauta.com\/portal\/#\/schema\/logo\/image\/\"},\"sameAs\":[\"https:\/\/www.facebook.com\/Portal-Notcia-Em-Pauta-102292869264820\/\",\"https:\/\/www.instagram.com\/portalnoticiaempauta\/\"]},{\"@type\":\"Person\",\"@id\":\"https:\/\/noticiaempauta.com\/portal\/#\/schema\/person\/a74af43dd1ab3deca45f988c717d57ac\",\"name\":\"Reda\u00e7\u00e3o\",\"image\":{\"@type\":\"ImageObject\",\"inLanguage\":\"pt-BR\",\"@id\":\"https:\/\/noticiaempauta.com\/portal\/#\/schema\/person\/image\/\",\"url\":\"https:\/\/secure.gravatar.com\/avatar\/03179346ecce6cdfc13361603e8f54242a90e5cde8618fa23c5c00aa2b0aadf3?s=96&d=mm&r=g\",\"contentUrl\":\"https:\/\/secure.gravatar.com\/avatar\/03179346ecce6cdfc13361603e8f54242a90e5cde8618fa23c5c00aa2b0aadf3?s=96&d=mm&r=g\",\"caption\":\"Reda\u00e7\u00e3o\"},\"sameAs\":[\"https:\/\/noticiaempauta.com\/portal\/\"],\"url\":\"https:\/\/noticiaempauta.com\/portal\/author\/fernando\/\"}]}<\/script>\n<!-- \/ Yoast SEO Premium plugin. -->","yoast_head_json":{"title":"Pol\u00edcia Federal prende investigado por crimes de abuso sexual infantojuvenil em Picos - Portal Not\u00edcia em Pauta","robots":{"index":"index","follow":"follow","max-snippet":"max-snippet:-1","max-image-preview":"max-image-preview:large","max-video-preview":"max-video-preview:-1"},"canonical":"https:\/\/noticiaempauta.com\/portal\/policia-federal-prende-investigado-por-crimes-de-abuso-sexual-infantojuvenil-em-picos\/","og_locale":"pt_BR","og_type":"article","og_title":"Pol\u00edcia Federal prende investigado por crimes de abuso sexual infantojuvenil em Picos","og_description":"Na manh\u00e3 desta quarta-feira (11) a Pol\u00edcia Federal decretou a Opera\u00e7\u00e3o Carcar\u00e1 40, em Picos, com o objetivo de proteger v\u00edtimas e coibir crimes de abuso sexual infantojuvenil. Na a\u00e7\u00e3o, foi dado cumprimento a um mandado de pris\u00e3o preventiva expedido pelo juiz da Central Regional de Inqu\u00e9ritos do F\u00f3rum de Picos. A medida judicial teve [&hellip;]","og_url":"https:\/\/noticiaempauta.com\/portal\/policia-federal-prende-investigado-por-crimes-de-abuso-sexual-infantojuvenil-em-picos\/","og_site_name":"Portal Not\u00edcia em Pauta","article_publisher":"https:\/\/www.facebook.com\/Portal-Notcia-Em-Pauta-102292869264820\/","article_published_time":"2026-03-11T12:10:27+00:00","article_modified_time":"2026-03-11T12:10:28+00:00","og_image":[{"width":1280,"height":853,"url":"https:\/\/noticiaempauta.com\/portal\/wp-content\/uploads\/2026\/03\/Inauguracao-da-Policia-Federal-em-Picos-12.webp","type":"image\/webp"}],"author":"Reda\u00e7\u00e3o","twitter_card":"summary_large_image","twitter_misc":{"Escrito por":"Reda\u00e7\u00e3o","Est. tempo de leitura":"2 minutos"},"schema":{"@context":"https:\/\/schema.org","@graph":[{"@type":"Article","@id":"https:\/\/noticiaempauta.com\/portal\/policia-federal-prende-investigado-por-crimes-de-abuso-sexual-infantojuvenil-em-picos\/#article","isPartOf":{"@id":"https:\/\/noticiaempauta.com\/portal\/policia-federal-prende-investigado-por-crimes-de-abuso-sexual-infantojuvenil-em-picos\/"},"author":{"name":"Reda\u00e7\u00e3o","@id":"https:\/\/noticiaempauta.com\/portal\/#\/schema\/person\/a74af43dd1ab3deca45f988c717d57ac"},"headline":"Pol\u00edcia Federal prende investigado por crimes de abuso sexual infantojuvenil em Picos","datePublished":"2026-03-11T12:10:27+00:00","dateModified":"2026-03-11T12:10:28+00:00","mainEntityOfPage":{"@id":"https:\/\/noticiaempauta.com\/portal\/policia-federal-prende-investigado-por-crimes-de-abuso-sexual-infantojuvenil-em-picos\/"},"wordCount":281,"publisher":{"@id":"https:\/\/noticiaempauta.com\/portal\/#organization"},"image":{"@id":"https:\/\/noticiaempauta.com\/portal\/policia-federal-prende-investigado-por-crimes-de-abuso-sexual-infantojuvenil-em-picos\/#primaryimage"},"thumbnailUrl":"https:\/\/noticiaempauta.com\/portal\/wp-content\/uploads\/2026\/03\/Inauguracao-da-Policia-Federal-em-Picos-12.webp","keywords":["destaqueprincipal"],"articleSection":["Destaques","Pol\u00edcia","Todas as Not\u00edcias"],"inLanguage":"pt-BR"},{"@type":"WebPage","@id":"https:\/\/noticiaempauta.com\/portal\/policia-federal-prende-investigado-por-crimes-de-abuso-sexual-infantojuvenil-em-picos\/","url":"https:\/\/noticiaempauta.com\/portal\/policia-federal-prende-investigado-por-crimes-de-abuso-sexual-infantojuvenil-em-picos\/","name":"Pol\u00edcia Federal prende investigado por crimes de abuso sexual infantojuvenil em Picos - Portal Not\u00edcia em Pauta","isPartOf":{"@id":"https:\/\/noticiaempauta.com\/portal\/#website"},"primaryImageOfPage":{"@id":"https:\/\/noticiaempauta.com\/portal\/policia-federal-prende-investigado-por-crimes-de-abuso-sexual-infantojuvenil-em-picos\/#primaryimage"},"image":{"@id":"https:\/\/noticiaempauta.com\/portal\/policia-federal-prende-investigado-por-crimes-de-abuso-sexual-infantojuvenil-em-picos\/#primaryimage"},"thumbnailUrl":"https:\/\/noticiaempauta.com\/portal\/wp-content\/uploads\/2026\/03\/Inauguracao-da-Policia-Federal-em-Picos-12.webp","datePublished":"2026-03-11T12:10:27+00:00","dateModified":"2026-03-11T12:10:28+00:00","breadcrumb":{"@id":"https:\/\/noticiaempauta.com\/portal\/policia-federal-prende-investigado-por-crimes-de-abuso-sexual-infantojuvenil-em-picos\/#breadcrumb"},"inLanguage":"pt-BR","potentialAction":[{"@type":"ReadAction","target":["https:\/\/noticiaempauta.com\/portal\/policia-federal-prende-investigado-por-crimes-de-abuso-sexual-infantojuvenil-em-picos\/"]}]},{"@type":"ImageObject","inLanguage":"pt-BR","@id":"https:\/\/noticiaempauta.com\/portal\/policia-federal-prende-investigado-por-crimes-de-abuso-sexual-infantojuvenil-em-picos\/#primaryimage","url":"https:\/\/noticiaempauta.com\/portal\/wp-content\/uploads\/2026\/03\/Inauguracao-da-Policia-Federal-em-Picos-12.webp","contentUrl":"https:\/\/noticiaempauta.com\/portal\/wp-content\/uploads\/2026\/03\/Inauguracao-da-Policia-Federal-em-Picos-12.webp","width":1280,"height":853},{"@type":"BreadcrumbList","@id":"https:\/\/noticiaempauta.com\/portal\/policia-federal-prende-investigado-por-crimes-de-abuso-sexual-infantojuvenil-em-picos\/#breadcrumb","itemListElement":[{"@type":"ListItem","position":1,"name":"P\u00e1gina Inicial","item":"https:\/\/noticiaempauta.com\/portal\/"},{"@type":"ListItem","position":2,"name":"Destaques","item":"https:\/\/noticiaempauta.com\/portal\/destaques-site\/"},{"@type":"ListItem","position":3,"name":"Pol\u00edcia Federal prende investigado por crimes de abuso sexual infantojuvenil em Picos"}]},{"@type":"WebSite","@id":"https:\/\/noticiaempauta.com\/portal\/#website","url":"https:\/\/noticiaempauta.com\/portal\/","name":"Portal Not\u00edcia em Pauta","description":"Voc\u00ea bem informado","publisher":{"@id":"https:\/\/noticiaempauta.com\/portal\/#organization"},"potentialAction":[{"@type":"SearchAction","target":{"@type":"EntryPoint","urlTemplate":"https:\/\/noticiaempauta.com\/portal\/?s={search_term_string}"},"query-input":{"@type":"PropertyValueSpecification","valueRequired":true,"valueName":"search_term_string"}}],"inLanguage":"pt-BR"},{"@type":"Organization","@id":"https:\/\/noticiaempauta.com\/portal\/#organization","name":"Portal Not\u00edcia em Pauta","url":"https:\/\/noticiaempauta.com\/portal\/","logo":{"@type":"ImageObject","inLanguage":"pt-BR","@id":"https:\/\/noticiaempauta.com\/portal\/#\/schema\/logo\/image\/","url":"https:\/\/noticiaempauta.com\/portal\/wp-content\/uploads\/2022\/08\/logomarca_tema.fw_.png","contentUrl":"https:\/\/noticiaempauta.com\/portal\/wp-content\/uploads\/2022\/08\/logomarca_tema.fw_.png","width":400,"height":232,"caption":"Portal Not\u00edcia em Pauta"},"image":{"@id":"https:\/\/noticiaempauta.com\/portal\/#\/schema\/logo\/image\/"},"sameAs":["https:\/\/www.facebook.com\/Portal-Notcia-Em-Pauta-102292869264820\/","https:\/\/www.instagram.com\/portalnoticiaempauta\/"]},{"@type":"Person","@id":"https:\/\/noticiaempauta.com\/portal\/#\/schema\/person\/a74af43dd1ab3deca45f988c717d57ac","name":"Reda\u00e7\u00e3o","image":{"@type":"ImageObject","inLanguage":"pt-BR","@id":"https:\/\/noticiaempauta.com\/portal\/#\/schema\/person\/image\/","url":"https:\/\/secure.gravatar.com\/avatar\/03179346ecce6cdfc13361603e8f54242a90e5cde8618fa23c5c00aa2b0aadf3?s=96&d=mm&r=g","contentUrl":"https:\/\/secure.gravatar.com\/avatar\/03179346ecce6cdfc13361603e8f54242a90e5cde8618fa23c5c00aa2b0aadf3?s=96&d=mm&r=g","caption":"Reda\u00e7\u00e3o"},"sameAs":["https:\/\/noticiaempauta.com\/portal\/"],"url":"https:\/\/noticiaempauta.com\/portal\/author\/fernando\/"}]}},"_links":{"self":[{"href":"https:\/\/noticiaempauta.com\/portal\/wp-json\/wp\/v2\/posts\/286164","targetHints":{"allow":["GET"]}}],"collection":[{"href":"https:\/\/noticiaempauta.com\/portal\/wp-json\/wp\/v2\/posts"}],"about":[{"href":"https:\/\/noticiaempauta.com\/portal\/wp-json\/wp\/v2\/types\/post"}],"author":[{"embeddable":true,"href":"https:\/\/noticiaempauta.com\/portal\/wp-json\/wp\/v2\/users\/2"}],"replies":[{"embeddable":true,"href":"https:\/\/noticiaempauta.com\/portal\/wp-json\/wp\/v2\/comments?post=286164"}],"version-history":[{"count":2,"href":"https:\/\/noticiaempauta.com\/portal\/wp-json\/wp\/v2\/posts\/286164\/revisions"}],"predecessor-version":[{"id":286167,"href":"https:\/\/noticiaempauta.com\/portal\/wp-json\/wp\/v2\/posts\/286164\/revisions\/286167"}],"wp:featuredmedia":[{"embeddable":true,"href":"https:\/\/noticiaempauta.com\/portal\/wp-json\/wp\/v2\/media\/286165"}],"wp:attachment":[{"href":"https:\/\/noticiaempauta.com\/portal\/wp-json\/wp\/v2\/media?parent=286164"}],"wp:term":[{"taxonomy":"category","embeddable":true,"href":"https:\/\/noticiaempauta.com\/portal\/wp-json\/wp\/v2\/categories?post=286164"},{"taxonomy":"post_tag","embeddable":true,"href":"https:\/\/noticiaempauta.com\/portal\/wp-json\/wp\/v2\/tags?post=286164"}],"curies":[{"name":"wp","href":"https:\/\/api.w.org\/{rel}","templated":true}]}}