{"id":286180,"date":"2026-03-11T11:37:08","date_gmt":"2026-03-11T14:37:08","guid":{"rendered":"https:\/\/noticiaempauta.com\/portal\/?p=286180"},"modified":"2026-03-11T11:37:09","modified_gmt":"2026-03-11T14:37:09","slug":"aroeiras-do-itaim-recebe-equipe-tecnica-da-sasc-em-preparacao-para-o-lancamento-do-programa-primeira-infancia","status":"publish","type":"post","link":"https:\/\/noticiaempauta.com\/portal\/aroeiras-do-itaim-recebe-equipe-tecnica-da-sasc-em-preparacao-para-o-lancamento-do-programa-primeira-infancia\/","title":{"rendered":"Aroeiras do Itaim recebe equipe t\u00e9cnica da SASC em prepara\u00e7\u00e3o para o lan\u00e7amento do Programa Primeira Inf\u00e2ncia"},"content":{"rendered":"\n<p><\/p>\n\n\n\n<p>A Prefeitura de Aroeiras do Itaim atrav\u00e9s da Secretaria Municipal de Assist\u00eancia Social, realizou um importante momento de alinhamento com a equipe t\u00e9cnica estadual da SASC, gerente da Primeira Inf\u00e2ncia no SUAS\/Servi\u00e7o no Domic\u00edlio, Francimeire Marques Pinheiro e multiplicadora Marlla Carlla Carvalho para tratar do lan\u00e7amento do Programa Estadual da Primeira Inf\u00e2ncia no SUAS\/Crian\u00e7a Feliz no munic\u00edpio, iniciativa visa fortalecer as pol\u00edticas p\u00fablicas voltadas ao desenvolvimento integral das crian\u00e7as na primeira inf\u00e2ncia.<\/p>\n\n\n\n<figure class=\"wp-block-image size-large\"><img fetchpriority=\"high\" decoding=\"async\" width=\"1024\" height=\"768\" src=\"https:\/\/noticiaempauta.com\/portal\/wp-content\/uploads\/2026\/03\/WhatsApp-Image-2026-03-11-at-10.56.24-1-1024x768.webp\" alt=\"\" class=\"wp-image-286182\" srcset=\"https:\/\/noticiaempauta.com\/portal\/wp-content\/uploads\/2026\/03\/WhatsApp-Image-2026-03-11-at-10.56.24-1-1024x768.webp 1024w, https:\/\/noticiaempauta.com\/portal\/wp-content\/uploads\/2026\/03\/WhatsApp-Image-2026-03-11-at-10.56.24-1-300x225.webp 300w, https:\/\/noticiaempauta.com\/portal\/wp-content\/uploads\/2026\/03\/WhatsApp-Image-2026-03-11-at-10.56.24-1-768x576.webp 768w, https:\/\/noticiaempauta.com\/portal\/wp-content\/uploads\/2026\/03\/WhatsApp-Image-2026-03-11-at-10.56.24-1-1536x1152.webp 1536w, https:\/\/noticiaempauta.com\/portal\/wp-content\/uploads\/2026\/03\/WhatsApp-Image-2026-03-11-at-10.56.24-1.webp 1600w\" sizes=\"(max-width: 1024px) 100vw, 1024px\" \/><\/figure>\n\n\n\n<p>O encontro contou com a participa\u00e7\u00e3o da gestora da Assist\u00eancia Social, Vanusa Moura, da coordenadora do CRAS, Taynara Moura, da supervisora do Programa Primeira Inf\u00e2ncia no SUAS, Camila Crispim, das educadoras sociais Marcil\u00e2ndia e Marcioneide, da equipe do SCFV Fernanda e Dailane, al\u00e9m da assessora \u00c2ngela Bezerra.<\/p>\n\n\n\n<figure class=\"wp-block-image size-large\"><img decoding=\"async\" width=\"1024\" height=\"576\" src=\"https:\/\/noticiaempauta.com\/portal\/wp-content\/uploads\/2026\/03\/WhatsApp-Image-2026-03-11-at-10.56.25-1-1024x576.webp\" alt=\"\" class=\"wp-image-286183\" srcset=\"https:\/\/noticiaempauta.com\/portal\/wp-content\/uploads\/2026\/03\/WhatsApp-Image-2026-03-11-at-10.56.25-1-1024x576.webp 1024w, https:\/\/noticiaempauta.com\/portal\/wp-content\/uploads\/2026\/03\/WhatsApp-Image-2026-03-11-at-10.56.25-1-300x169.webp 300w, https:\/\/noticiaempauta.com\/portal\/wp-content\/uploads\/2026\/03\/WhatsApp-Image-2026-03-11-at-10.56.25-1-768x432.webp 768w, https:\/\/noticiaempauta.com\/portal\/wp-content\/uploads\/2026\/03\/WhatsApp-Image-2026-03-11-at-10.56.25-1.webp 1280w\" sizes=\"(max-width: 1024px) 100vw, 1024px\" \/><\/figure>\n\n\n\n<p>Durante o alinhamento, foram discutidas estrat\u00e9gias de atua\u00e7\u00e3o, orienta\u00e7\u00f5es t\u00e9cnicas e o fortalecimento das a\u00e7\u00f5es voltadas ao acompanhamento das fam\u00edlias e ao desenvolvimento saud\u00e1vel das crian\u00e7as, refor\u00e7ando o compromisso do munic\u00edpio com a promo\u00e7\u00e3o de pol\u00edticas p\u00fablicas que garantam cuidado, prote\u00e7\u00e3o e oportunidades desde os primeiros anos de vida.<\/p>\n\n\n\n<figure class=\"wp-block-image size-large\"><img decoding=\"async\" width=\"1024\" height=\"768\" src=\"https:\/\/noticiaempauta.com\/portal\/wp-content\/uploads\/2026\/03\/WhatsApp-Image-2026-03-11-at-10.56.45-1024x768.webp\" alt=\"\" class=\"wp-image-286184\" srcset=\"https:\/\/noticiaempauta.com\/portal\/wp-content\/uploads\/2026\/03\/WhatsApp-Image-2026-03-11-at-10.56.45-1024x768.webp 1024w, https:\/\/noticiaempauta.com\/portal\/wp-content\/uploads\/2026\/03\/WhatsApp-Image-2026-03-11-at-10.56.45-300x225.webp 300w, https:\/\/noticiaempauta.com\/portal\/wp-content\/uploads\/2026\/03\/WhatsApp-Image-2026-03-11-at-10.56.45-768x576.webp 768w, https:\/\/noticiaempauta.com\/portal\/wp-content\/uploads\/2026\/03\/WhatsApp-Image-2026-03-11-at-10.56.45-1536x1152.webp 1536w, https:\/\/noticiaempauta.com\/portal\/wp-content\/uploads\/2026\/03\/WhatsApp-Image-2026-03-11-at-10.56.45.webp 1600w\" sizes=\"(max-width: 1024px) 100vw, 1024px\" \/><\/figure>\n\n\n\n<p>A iniciativa conta com total apoio do prefeito Marciano Macedo e demonstra o empenho da gest\u00e3o municipal e da equipe da assist\u00eancia social em trabalhar de forma integrada para ampliar e qualificar os servi\u00e7os ofertados \u00e0s fam\u00edlias, fortalecendo o Sistema \u00danico de Assist\u00eancia Social (SUAS) e promovendo mais qualidade de vida para as crian\u00e7as e suas fam\u00edlias.<\/p>\n\n\n\n<figure class=\"wp-block-image size-large\"><img loading=\"lazy\" decoding=\"async\" width=\"1024\" height=\"768\" src=\"https:\/\/noticiaempauta.com\/portal\/wp-content\/uploads\/2026\/03\/WhatsApp-Image-2026-03-11-at-10.56.46-1024x768.webp\" alt=\"\" class=\"wp-image-286185\" srcset=\"https:\/\/noticiaempauta.com\/portal\/wp-content\/uploads\/2026\/03\/WhatsApp-Image-2026-03-11-at-10.56.46-1024x768.webp 1024w, https:\/\/noticiaempauta.com\/portal\/wp-content\/uploads\/2026\/03\/WhatsApp-Image-2026-03-11-at-10.56.46-300x225.webp 300w, https:\/\/noticiaempauta.com\/portal\/wp-content\/uploads\/2026\/03\/WhatsApp-Image-2026-03-11-at-10.56.46-768x576.webp 768w, https:\/\/noticiaempauta.com\/portal\/wp-content\/uploads\/2026\/03\/WhatsApp-Image-2026-03-11-at-10.56.46-1536x1152.webp 1536w, https:\/\/noticiaempauta.com\/portal\/wp-content\/uploads\/2026\/03\/WhatsApp-Image-2026-03-11-at-10.56.46.webp 1600w\" sizes=\"(max-width: 1024px) 100vw, 1024px\" \/><\/figure>\n\n\n\n<figure class=\"wp-block-image size-large\"><img loading=\"lazy\" decoding=\"async\" width=\"1024\" height=\"576\" src=\"https:\/\/noticiaempauta.com\/portal\/wp-content\/uploads\/2026\/03\/WhatsApp-Image-2026-03-11-at-10.56.25-2-1024x576.webp\" alt=\"\" class=\"wp-image-286186\" srcset=\"https:\/\/noticiaempauta.com\/portal\/wp-content\/uploads\/2026\/03\/WhatsApp-Image-2026-03-11-at-10.56.25-2-1024x576.webp 1024w, https:\/\/noticiaempauta.com\/portal\/wp-content\/uploads\/2026\/03\/WhatsApp-Image-2026-03-11-at-10.56.25-2-300x169.webp 300w, https:\/\/noticiaempauta.com\/portal\/wp-content\/uploads\/2026\/03\/WhatsApp-Image-2026-03-11-at-10.56.25-2-768x432.webp 768w, https:\/\/noticiaempauta.com\/portal\/wp-content\/uploads\/2026\/03\/WhatsApp-Image-2026-03-11-at-10.56.25-2.webp 1280w\" sizes=\"(max-width: 1024px) 100vw, 1024px\" \/><\/figure>\n\n\n\n<p><\/p>\n","protected":false},"excerpt":{"rendered":"<p>A Prefeitura de Aroeiras do Itaim atrav\u00e9s da Secretaria Municipal de Assist\u00eancia Social, realizou um importante momento de alinhamento com a equipe t\u00e9cnica estadual da SASC, gerente da Primeira Inf\u00e2ncia no SUAS\/Servi\u00e7o no Domic\u00edlio, Francimeire Marques Pinheiro e multiplicadora Marlla Carlla Carvalho para tratar do lan\u00e7amento do Programa Estadual da Primeira Inf\u00e2ncia no SUAS\/Crian\u00e7a Feliz [&hellip;]<\/p>\n","protected":false},"author":2,"featured_media":286181,"comment_status":"closed","ping_status":"closed","sticky":false,"template":"","format":"standard","meta":{"_mi_skip_tracking":false,"footnotes":""},"categories":[25,9,16],"tags":[],"class_list":["post-286180","post","type-post","status-publish","format-standard","has-post-thumbnail","hentry","category-destaques-site","category-municipios","category-todas"],"acf":[],"yoast_head":"<!-- This site is optimized with the Yoast SEO Premium plugin v19.2 (Yoast SEO v26.9) - https:\/\/yoast.com\/product\/yoast-seo-premium-wordpress\/ -->\n<title>Aroeiras do Itaim recebe equipe t\u00e9cnica da SASC em prepara\u00e7\u00e3o para o lan\u00e7amento do Programa Primeira Inf\u00e2ncia - Portal Not\u00edcia em Pauta<\/title>\n<meta name=\"robots\" content=\"index, follow, max-snippet:-1, max-image-preview:large, max-video-preview:-1\" \/>\n<link rel=\"canonical\" href=\"https:\/\/noticiaempauta.com\/portal\/aroeiras-do-itaim-recebe-equipe-tecnica-da-sasc-em-preparacao-para-o-lancamento-do-programa-primeira-infancia\/\" \/>\n<meta property=\"og:locale\" content=\"pt_BR\" \/>\n<meta property=\"og:type\" content=\"article\" \/>\n<meta property=\"og:title\" content=\"Aroeiras do Itaim recebe equipe t\u00e9cnica da SASC em prepara\u00e7\u00e3o para o lan\u00e7amento do Programa Primeira Inf\u00e2ncia\" \/>\n<meta property=\"og:description\" content=\"A Prefeitura de Aroeiras do Itaim atrav\u00e9s da Secretaria Municipal de Assist\u00eancia Social, realizou um importante momento de alinhamento com a equipe t\u00e9cnica estadual da SASC, gerente da Primeira Inf\u00e2ncia no SUAS\/Servi\u00e7o no Domic\u00edlio, Francimeire Marques Pinheiro e multiplicadora Marlla Carlla Carvalho para tratar do lan\u00e7amento do Programa Estadual da Primeira Inf\u00e2ncia no SUAS\/Crian\u00e7a Feliz [&hellip;]\" \/>\n<meta property=\"og:url\" content=\"https:\/\/noticiaempauta.com\/portal\/aroeiras-do-itaim-recebe-equipe-tecnica-da-sasc-em-preparacao-para-o-lancamento-do-programa-primeira-infancia\/\" \/>\n<meta property=\"og:site_name\" content=\"Portal Not\u00edcia em Pauta\" \/>\n<meta property=\"article:publisher\" content=\"https:\/\/www.facebook.com\/Portal-Notcia-Em-Pauta-102292869264820\/\" \/>\n<meta property=\"article:published_time\" content=\"2026-03-11T14:37:08+00:00\" \/>\n<meta property=\"article:modified_time\" content=\"2026-03-11T14:37:09+00:00\" \/>\n<meta property=\"og:image\" content=\"https:\/\/noticiaempauta.com\/portal\/wp-content\/uploads\/2026\/03\/WhatsApp-Image-2026-03-11-at-10.56.24.webp\" \/>\n\t<meta property=\"og:image:width\" content=\"1600\" \/>\n\t<meta property=\"og:image:height\" content=\"1200\" \/>\n\t<meta property=\"og:image:type\" content=\"image\/webp\" \/>\n<meta name=\"author\" content=\"Reda\u00e7\u00e3o\" \/>\n<meta name=\"twitter:card\" content=\"summary_large_image\" \/>\n<meta name=\"twitter:label1\" content=\"Escrito por\" \/>\n\t<meta name=\"twitter:data1\" content=\"Reda\u00e7\u00e3o\" \/>\n\t<meta name=\"twitter:label2\" content=\"Est. tempo de leitura\" \/>\n\t<meta name=\"twitter:data2\" content=\"3 minutos\" \/>\n<script type=\"application\/ld+json\" class=\"yoast-schema-graph\">{\"@context\":\"https:\/\/schema.org\",\"@graph\":[{\"@type\":\"Article\",\"@id\":\"https:\/\/noticiaempauta.com\/portal\/aroeiras-do-itaim-recebe-equipe-tecnica-da-sasc-em-preparacao-para-o-lancamento-do-programa-primeira-infancia\/#article\",\"isPartOf\":{\"@id\":\"https:\/\/noticiaempauta.com\/portal\/aroeiras-do-itaim-recebe-equipe-tecnica-da-sasc-em-preparacao-para-o-lancamento-do-programa-primeira-infancia\/\"},\"author\":{\"name\":\"Reda\u00e7\u00e3o\",\"@id\":\"https:\/\/noticiaempauta.com\/portal\/#\/schema\/person\/a74af43dd1ab3deca45f988c717d57ac\"},\"headline\":\"Aroeiras do Itaim recebe equipe t\u00e9cnica da SASC em prepara\u00e7\u00e3o para o lan\u00e7amento do Programa Primeira Inf\u00e2ncia\",\"datePublished\":\"2026-03-11T14:37:08+00:00\",\"dateModified\":\"2026-03-11T14:37:09+00:00\",\"mainEntityOfPage\":{\"@id\":\"https:\/\/noticiaempauta.com\/portal\/aroeiras-do-itaim-recebe-equipe-tecnica-da-sasc-em-preparacao-para-o-lancamento-do-programa-primeira-infancia\/\"},\"wordCount\":288,\"publisher\":{\"@id\":\"https:\/\/noticiaempauta.com\/portal\/#organization\"},\"image\":{\"@id\":\"https:\/\/noticiaempauta.com\/portal\/aroeiras-do-itaim-recebe-equipe-tecnica-da-sasc-em-preparacao-para-o-lancamento-do-programa-primeira-infancia\/#primaryimage\"},\"thumbnailUrl\":\"https:\/\/noticiaempauta.com\/portal\/wp-content\/uploads\/2026\/03\/WhatsApp-Image-2026-03-11-at-10.56.24.webp\",\"articleSection\":[\"Destaques\",\"Munic\u00edpios\",\"Todas as Not\u00edcias\"],\"inLanguage\":\"pt-BR\"},{\"@type\":\"WebPage\",\"@id\":\"https:\/\/noticiaempauta.com\/portal\/aroeiras-do-itaim-recebe-equipe-tecnica-da-sasc-em-preparacao-para-o-lancamento-do-programa-primeira-infancia\/\",\"url\":\"https:\/\/noticiaempauta.com\/portal\/aroeiras-do-itaim-recebe-equipe-tecnica-da-sasc-em-preparacao-para-o-lancamento-do-programa-primeira-infancia\/\",\"name\":\"Aroeiras do Itaim recebe equipe t\u00e9cnica da SASC em prepara\u00e7\u00e3o para o lan\u00e7amento do Programa Primeira Inf\u00e2ncia - Portal Not\u00edcia em Pauta\",\"isPartOf\":{\"@id\":\"https:\/\/noticiaempauta.com\/portal\/#website\"},\"primaryImageOfPage\":{\"@id\":\"https:\/\/noticiaempauta.com\/portal\/aroeiras-do-itaim-recebe-equipe-tecnica-da-sasc-em-preparacao-para-o-lancamento-do-programa-primeira-infancia\/#primaryimage\"},\"image\":{\"@id\":\"https:\/\/noticiaempauta.com\/portal\/aroeiras-do-itaim-recebe-equipe-tecnica-da-sasc-em-preparacao-para-o-lancamento-do-programa-primeira-infancia\/#primaryimage\"},\"thumbnailUrl\":\"https:\/\/noticiaempauta.com\/portal\/wp-content\/uploads\/2026\/03\/WhatsApp-Image-2026-03-11-at-10.56.24.webp\",\"datePublished\":\"2026-03-11T14:37:08+00:00\",\"dateModified\":\"2026-03-11T14:37:09+00:00\",\"breadcrumb\":{\"@id\":\"https:\/\/noticiaempauta.com\/portal\/aroeiras-do-itaim-recebe-equipe-tecnica-da-sasc-em-preparacao-para-o-lancamento-do-programa-primeira-infancia\/#breadcrumb\"},\"inLanguage\":\"pt-BR\",\"potentialAction\":[{\"@type\":\"ReadAction\",\"target\":[\"https:\/\/noticiaempauta.com\/portal\/aroeiras-do-itaim-recebe-equipe-tecnica-da-sasc-em-preparacao-para-o-lancamento-do-programa-primeira-infancia\/\"]}]},{\"@type\":\"ImageObject\",\"inLanguage\":\"pt-BR\",\"@id\":\"https:\/\/noticiaempauta.com\/portal\/aroeiras-do-itaim-recebe-equipe-tecnica-da-sasc-em-preparacao-para-o-lancamento-do-programa-primeira-infancia\/#primaryimage\",\"url\":\"https:\/\/noticiaempauta.com\/portal\/wp-content\/uploads\/2026\/03\/WhatsApp-Image-2026-03-11-at-10.56.24.webp\",\"contentUrl\":\"https:\/\/noticiaempauta.com\/portal\/wp-content\/uploads\/2026\/03\/WhatsApp-Image-2026-03-11-at-10.56.24.webp\",\"width\":1600,\"height\":1200},{\"@type\":\"BreadcrumbList\",\"@id\":\"https:\/\/noticiaempauta.com\/portal\/aroeiras-do-itaim-recebe-equipe-tecnica-da-sasc-em-preparacao-para-o-lancamento-do-programa-primeira-infancia\/#breadcrumb\",\"itemListElement\":[{\"@type\":\"ListItem\",\"position\":1,\"name\":\"P\u00e1gina Inicial\",\"item\":\"https:\/\/noticiaempauta.com\/portal\/\"},{\"@type\":\"ListItem\",\"position\":2,\"name\":\"Destaques\",\"item\":\"https:\/\/noticiaempauta.com\/portal\/destaques-site\/\"},{\"@type\":\"ListItem\",\"position\":3,\"name\":\"Aroeiras do Itaim recebe equipe t\u00e9cnica da SASC em prepara\u00e7\u00e3o para o lan\u00e7amento do Programa Primeira Inf\u00e2ncia\"}]},{\"@type\":\"WebSite\",\"@id\":\"https:\/\/noticiaempauta.com\/portal\/#website\",\"url\":\"https:\/\/noticiaempauta.com\/portal\/\",\"name\":\"Portal Not\u00edcia em Pauta\",\"description\":\"Voc\u00ea bem informado\",\"publisher\":{\"@id\":\"https:\/\/noticiaempauta.com\/portal\/#organization\"},\"potentialAction\":[{\"@type\":\"SearchAction\",\"target\":{\"@type\":\"EntryPoint\",\"urlTemplate\":\"https:\/\/noticiaempauta.com\/portal\/?s={search_term_string}\"},\"query-input\":{\"@type\":\"PropertyValueSpecification\",\"valueRequired\":true,\"valueName\":\"search_term_string\"}}],\"inLanguage\":\"pt-BR\"},{\"@type\":\"Organization\",\"@id\":\"https:\/\/noticiaempauta.com\/portal\/#organization\",\"name\":\"Portal Not\u00edcia em Pauta\",\"url\":\"https:\/\/noticiaempauta.com\/portal\/\",\"logo\":{\"@type\":\"ImageObject\",\"inLanguage\":\"pt-BR\",\"@id\":\"https:\/\/noticiaempauta.com\/portal\/#\/schema\/logo\/image\/\",\"url\":\"https:\/\/noticiaempauta.com\/portal\/wp-content\/uploads\/2022\/08\/logomarca_tema.fw_.png\",\"contentUrl\":\"https:\/\/noticiaempauta.com\/portal\/wp-content\/uploads\/2022\/08\/logomarca_tema.fw_.png\",\"width\":400,\"height\":232,\"caption\":\"Portal Not\u00edcia em Pauta\"},\"image\":{\"@id\":\"https:\/\/noticiaempauta.com\/portal\/#\/schema\/logo\/image\/\"},\"sameAs\":[\"https:\/\/www.facebook.com\/Portal-Notcia-Em-Pauta-102292869264820\/\",\"https:\/\/www.instagram.com\/portalnoticiaempauta\/\"]},{\"@type\":\"Person\",\"@id\":\"https:\/\/noticiaempauta.com\/portal\/#\/schema\/person\/a74af43dd1ab3deca45f988c717d57ac\",\"name\":\"Reda\u00e7\u00e3o\",\"image\":{\"@type\":\"ImageObject\",\"inLanguage\":\"pt-BR\",\"@id\":\"https:\/\/noticiaempauta.com\/portal\/#\/schema\/person\/image\/\",\"url\":\"https:\/\/secure.gravatar.com\/avatar\/03179346ecce6cdfc13361603e8f54242a90e5cde8618fa23c5c00aa2b0aadf3?s=96&d=mm&r=g\",\"contentUrl\":\"https:\/\/secure.gravatar.com\/avatar\/03179346ecce6cdfc13361603e8f54242a90e5cde8618fa23c5c00aa2b0aadf3?s=96&d=mm&r=g\",\"caption\":\"Reda\u00e7\u00e3o\"},\"sameAs\":[\"https:\/\/noticiaempauta.com\/portal\/\"],\"url\":\"https:\/\/noticiaempauta.com\/portal\/author\/fernando\/\"}]}<\/script>\n<!-- \/ Yoast SEO Premium plugin. -->","yoast_head_json":{"title":"Aroeiras do Itaim recebe equipe t\u00e9cnica da SASC em prepara\u00e7\u00e3o para o lan\u00e7amento do Programa Primeira Inf\u00e2ncia - Portal Not\u00edcia em Pauta","robots":{"index":"index","follow":"follow","max-snippet":"max-snippet:-1","max-image-preview":"max-image-preview:large","max-video-preview":"max-video-preview:-1"},"canonical":"https:\/\/noticiaempauta.com\/portal\/aroeiras-do-itaim-recebe-equipe-tecnica-da-sasc-em-preparacao-para-o-lancamento-do-programa-primeira-infancia\/","og_locale":"pt_BR","og_type":"article","og_title":"Aroeiras do Itaim recebe equipe t\u00e9cnica da SASC em prepara\u00e7\u00e3o para o lan\u00e7amento do Programa Primeira Inf\u00e2ncia","og_description":"A Prefeitura de Aroeiras do Itaim atrav\u00e9s da Secretaria Municipal de Assist\u00eancia Social, realizou um importante momento de alinhamento com a equipe t\u00e9cnica estadual da SASC, gerente da Primeira Inf\u00e2ncia no SUAS\/Servi\u00e7o no Domic\u00edlio, Francimeire Marques Pinheiro e multiplicadora Marlla Carlla Carvalho para tratar do lan\u00e7amento do Programa Estadual da Primeira Inf\u00e2ncia no SUAS\/Crian\u00e7a Feliz [&hellip;]","og_url":"https:\/\/noticiaempauta.com\/portal\/aroeiras-do-itaim-recebe-equipe-tecnica-da-sasc-em-preparacao-para-o-lancamento-do-programa-primeira-infancia\/","og_site_name":"Portal Not\u00edcia em Pauta","article_publisher":"https:\/\/www.facebook.com\/Portal-Notcia-Em-Pauta-102292869264820\/","article_published_time":"2026-03-11T14:37:08+00:00","article_modified_time":"2026-03-11T14:37:09+00:00","og_image":[{"width":1600,"height":1200,"url":"https:\/\/noticiaempauta.com\/portal\/wp-content\/uploads\/2026\/03\/WhatsApp-Image-2026-03-11-at-10.56.24.webp","type":"image\/webp"}],"author":"Reda\u00e7\u00e3o","twitter_card":"summary_large_image","twitter_misc":{"Escrito por":"Reda\u00e7\u00e3o","Est. tempo de leitura":"3 minutos"},"schema":{"@context":"https:\/\/schema.org","@graph":[{"@type":"Article","@id":"https:\/\/noticiaempauta.com\/portal\/aroeiras-do-itaim-recebe-equipe-tecnica-da-sasc-em-preparacao-para-o-lancamento-do-programa-primeira-infancia\/#article","isPartOf":{"@id":"https:\/\/noticiaempauta.com\/portal\/aroeiras-do-itaim-recebe-equipe-tecnica-da-sasc-em-preparacao-para-o-lancamento-do-programa-primeira-infancia\/"},"author":{"name":"Reda\u00e7\u00e3o","@id":"https:\/\/noticiaempauta.com\/portal\/#\/schema\/person\/a74af43dd1ab3deca45f988c717d57ac"},"headline":"Aroeiras do Itaim recebe equipe t\u00e9cnica da SASC em prepara\u00e7\u00e3o para o lan\u00e7amento do Programa Primeira Inf\u00e2ncia","datePublished":"2026-03-11T14:37:08+00:00","dateModified":"2026-03-11T14:37:09+00:00","mainEntityOfPage":{"@id":"https:\/\/noticiaempauta.com\/portal\/aroeiras-do-itaim-recebe-equipe-tecnica-da-sasc-em-preparacao-para-o-lancamento-do-programa-primeira-infancia\/"},"wordCount":288,"publisher":{"@id":"https:\/\/noticiaempauta.com\/portal\/#organization"},"image":{"@id":"https:\/\/noticiaempauta.com\/portal\/aroeiras-do-itaim-recebe-equipe-tecnica-da-sasc-em-preparacao-para-o-lancamento-do-programa-primeira-infancia\/#primaryimage"},"thumbnailUrl":"https:\/\/noticiaempauta.com\/portal\/wp-content\/uploads\/2026\/03\/WhatsApp-Image-2026-03-11-at-10.56.24.webp","articleSection":["Destaques","Munic\u00edpios","Todas as Not\u00edcias"],"inLanguage":"pt-BR"},{"@type":"WebPage","@id":"https:\/\/noticiaempauta.com\/portal\/aroeiras-do-itaim-recebe-equipe-tecnica-da-sasc-em-preparacao-para-o-lancamento-do-programa-primeira-infancia\/","url":"https:\/\/noticiaempauta.com\/portal\/aroeiras-do-itaim-recebe-equipe-tecnica-da-sasc-em-preparacao-para-o-lancamento-do-programa-primeira-infancia\/","name":"Aroeiras do Itaim recebe equipe t\u00e9cnica da SASC em prepara\u00e7\u00e3o para o lan\u00e7amento do Programa Primeira Inf\u00e2ncia - Portal Not\u00edcia em Pauta","isPartOf":{"@id":"https:\/\/noticiaempauta.com\/portal\/#website"},"primaryImageOfPage":{"@id":"https:\/\/noticiaempauta.com\/portal\/aroeiras-do-itaim-recebe-equipe-tecnica-da-sasc-em-preparacao-para-o-lancamento-do-programa-primeira-infancia\/#primaryimage"},"image":{"@id":"https:\/\/noticiaempauta.com\/portal\/aroeiras-do-itaim-recebe-equipe-tecnica-da-sasc-em-preparacao-para-o-lancamento-do-programa-primeira-infancia\/#primaryimage"},"thumbnailUrl":"https:\/\/noticiaempauta.com\/portal\/wp-content\/uploads\/2026\/03\/WhatsApp-Image-2026-03-11-at-10.56.24.webp","datePublished":"2026-03-11T14:37:08+00:00","dateModified":"2026-03-11T14:37:09+00:00","breadcrumb":{"@id":"https:\/\/noticiaempauta.com\/portal\/aroeiras-do-itaim-recebe-equipe-tecnica-da-sasc-em-preparacao-para-o-lancamento-do-programa-primeira-infancia\/#breadcrumb"},"inLanguage":"pt-BR","potentialAction":[{"@type":"ReadAction","target":["https:\/\/noticiaempauta.com\/portal\/aroeiras-do-itaim-recebe-equipe-tecnica-da-sasc-em-preparacao-para-o-lancamento-do-programa-primeira-infancia\/"]}]},{"@type":"ImageObject","inLanguage":"pt-BR","@id":"https:\/\/noticiaempauta.com\/portal\/aroeiras-do-itaim-recebe-equipe-tecnica-da-sasc-em-preparacao-para-o-lancamento-do-programa-primeira-infancia\/#primaryimage","url":"https:\/\/noticiaempauta.com\/portal\/wp-content\/uploads\/2026\/03\/WhatsApp-Image-2026-03-11-at-10.56.24.webp","contentUrl":"https:\/\/noticiaempauta.com\/portal\/wp-content\/uploads\/2026\/03\/WhatsApp-Image-2026-03-11-at-10.56.24.webp","width":1600,"height":1200},{"@type":"BreadcrumbList","@id":"https:\/\/noticiaempauta.com\/portal\/aroeiras-do-itaim-recebe-equipe-tecnica-da-sasc-em-preparacao-para-o-lancamento-do-programa-primeira-infancia\/#breadcrumb","itemListElement":[{"@type":"ListItem","position":1,"name":"P\u00e1gina Inicial","item":"https:\/\/noticiaempauta.com\/portal\/"},{"@type":"ListItem","position":2,"name":"Destaques","item":"https:\/\/noticiaempauta.com\/portal\/destaques-site\/"},{"@type":"ListItem","position":3,"name":"Aroeiras do Itaim recebe equipe t\u00e9cnica da SASC em prepara\u00e7\u00e3o para o lan\u00e7amento do Programa Primeira Inf\u00e2ncia"}]},{"@type":"WebSite","@id":"https:\/\/noticiaempauta.com\/portal\/#website","url":"https:\/\/noticiaempauta.com\/portal\/","name":"Portal Not\u00edcia em Pauta","description":"Voc\u00ea bem informado","publisher":{"@id":"https:\/\/noticiaempauta.com\/portal\/#organization"},"potentialAction":[{"@type":"SearchAction","target":{"@type":"EntryPoint","urlTemplate":"https:\/\/noticiaempauta.com\/portal\/?s={search_term_string}"},"query-input":{"@type":"PropertyValueSpecification","valueRequired":true,"valueName":"search_term_string"}}],"inLanguage":"pt-BR"},{"@type":"Organization","@id":"https:\/\/noticiaempauta.com\/portal\/#organization","name":"Portal Not\u00edcia em Pauta","url":"https:\/\/noticiaempauta.com\/portal\/","logo":{"@type":"ImageObject","inLanguage":"pt-BR","@id":"https:\/\/noticiaempauta.com\/portal\/#\/schema\/logo\/image\/","url":"https:\/\/noticiaempauta.com\/portal\/wp-content\/uploads\/2022\/08\/logomarca_tema.fw_.png","contentUrl":"https:\/\/noticiaempauta.com\/portal\/wp-content\/uploads\/2022\/08\/logomarca_tema.fw_.png","width":400,"height":232,"caption":"Portal Not\u00edcia em Pauta"},"image":{"@id":"https:\/\/noticiaempauta.com\/portal\/#\/schema\/logo\/image\/"},"sameAs":["https:\/\/www.facebook.com\/Portal-Notcia-Em-Pauta-102292869264820\/","https:\/\/www.instagram.com\/portalnoticiaempauta\/"]},{"@type":"Person","@id":"https:\/\/noticiaempauta.com\/portal\/#\/schema\/person\/a74af43dd1ab3deca45f988c717d57ac","name":"Reda\u00e7\u00e3o","image":{"@type":"ImageObject","inLanguage":"pt-BR","@id":"https:\/\/noticiaempauta.com\/portal\/#\/schema\/person\/image\/","url":"https:\/\/secure.gravatar.com\/avatar\/03179346ecce6cdfc13361603e8f54242a90e5cde8618fa23c5c00aa2b0aadf3?s=96&d=mm&r=g","contentUrl":"https:\/\/secure.gravatar.com\/avatar\/03179346ecce6cdfc13361603e8f54242a90e5cde8618fa23c5c00aa2b0aadf3?s=96&d=mm&r=g","caption":"Reda\u00e7\u00e3o"},"sameAs":["https:\/\/noticiaempauta.com\/portal\/"],"url":"https:\/\/noticiaempauta.com\/portal\/author\/fernando\/"}]}},"_links":{"self":[{"href":"https:\/\/noticiaempauta.com\/portal\/wp-json\/wp\/v2\/posts\/286180","targetHints":{"allow":["GET"]}}],"collection":[{"href":"https:\/\/noticiaempauta.com\/portal\/wp-json\/wp\/v2\/posts"}],"about":[{"href":"https:\/\/noticiaempauta.com\/portal\/wp-json\/wp\/v2\/types\/post"}],"author":[{"embeddable":true,"href":"https:\/\/noticiaempauta.com\/portal\/wp-json\/wp\/v2\/users\/2"}],"replies":[{"embeddable":true,"href":"https:\/\/noticiaempauta.com\/portal\/wp-json\/wp\/v2\/comments?post=286180"}],"version-history":[{"count":2,"href":"https:\/\/noticiaempauta.com\/portal\/wp-json\/wp\/v2\/posts\/286180\/revisions"}],"predecessor-version":[{"id":286188,"href":"https:\/\/noticiaempauta.com\/portal\/wp-json\/wp\/v2\/posts\/286180\/revisions\/286188"}],"wp:featuredmedia":[{"embeddable":true,"href":"https:\/\/noticiaempauta.com\/portal\/wp-json\/wp\/v2\/media\/286181"}],"wp:attachment":[{"href":"https:\/\/noticiaempauta.com\/portal\/wp-json\/wp\/v2\/media?parent=286180"}],"wp:term":[{"taxonomy":"category","embeddable":true,"href":"https:\/\/noticiaempauta.com\/portal\/wp-json\/wp\/v2\/categories?post=286180"},{"taxonomy":"post_tag","embeddable":true,"href":"https:\/\/noticiaempauta.com\/portal\/wp-json\/wp\/v2\/tags?post=286180"}],"curies":[{"name":"wp","href":"https:\/\/api.w.org\/{rel}","templated":true}]}}