{"id":286189,"date":"2026-03-11T11:40:21","date_gmt":"2026-03-11T14:40:21","guid":{"rendered":"https:\/\/noticiaempauta.com\/portal\/?p=286189"},"modified":"2026-03-11T11:40:23","modified_gmt":"2026-03-11T14:40:23","slug":"conselho-municipal-da-pessoa-idosa-institui-comissao-eleitoral-para-escolha-de-representantes-da-sociedade-civil-em-picos","status":"publish","type":"post","link":"https:\/\/noticiaempauta.com\/portal\/conselho-municipal-da-pessoa-idosa-institui-comissao-eleitoral-para-escolha-de-representantes-da-sociedade-civil-em-picos\/","title":{"rendered":"Conselho Municipal da Pessoa Idosa institui Comiss\u00e3o Eleitoral para escolha de representantes da sociedade civil em Picos"},"content":{"rendered":"\n<p>O Conselho Municipal dos Direitos da Pessoa Idosa (CMDPI) de Picos publicou a Resolu\u00e7\u00e3o n\u00ba 01\/2026, que institui a Comiss\u00e3o Eleitoral respons\u00e1vel por coordenar o processo de escolha das entidades representantes da sociedade civil que ir\u00e3o compor o colegiado no bi\u00eanio 2026\u20132028.<\/p>\n\n\n\n<figure class=\"wp-block-image size-large\"><img fetchpriority=\"high\" decoding=\"async\" width=\"1024\" height=\"1024\" src=\"https:\/\/noticiaempauta.com\/portal\/wp-content\/uploads\/2026\/03\/WhatsApp-Image-2026-03-11-at-11.17.54-1024x1024.webp\" alt=\"\" class=\"wp-image-286191\" srcset=\"https:\/\/noticiaempauta.com\/portal\/wp-content\/uploads\/2026\/03\/WhatsApp-Image-2026-03-11-at-11.17.54-1024x1024.webp 1024w, https:\/\/noticiaempauta.com\/portal\/wp-content\/uploads\/2026\/03\/WhatsApp-Image-2026-03-11-at-11.17.54-300x300.webp 300w, https:\/\/noticiaempauta.com\/portal\/wp-content\/uploads\/2026\/03\/WhatsApp-Image-2026-03-11-at-11.17.54-150x150.webp 150w, https:\/\/noticiaempauta.com\/portal\/wp-content\/uploads\/2026\/03\/WhatsApp-Image-2026-03-11-at-11.17.54-768x768.webp 768w, https:\/\/noticiaempauta.com\/portal\/wp-content\/uploads\/2026\/03\/WhatsApp-Image-2026-03-11-at-11.17.54.webp 1080w\" sizes=\"(max-width: 1024px) 100vw, 1024px\" \/><\/figure>\n\n\n\n<p>A resolu\u00e7\u00e3o foi aprovada durante reuni\u00e3o ordin\u00e1ria do Conselho realizada no dia 05 de mar\u00e7o de 2026, em conformidade com as atribui\u00e7\u00f5es previstas na Lei Municipal n\u00ba 3.068\/2021, que disp\u00f5e sobre a organiza\u00e7\u00e3o e funcionamento do CMDPI no munic\u00edpio.<\/p>\n\n\n\n<p><strong>Confira as publica\u00e7\u00f5es na \u00edntegra!<\/strong><\/p>\n\n\n\n<div data-wp-interactive=\"core\/file\" class=\"wp-block-file\"><object data-wp-bind--hidden=\"!state.hasPdfPreview\" hidden class=\"wp-block-file__embed\" data=\"https:\/\/noticiaempauta.com\/portal\/wp-content\/uploads\/2026\/03\/ACE-Scanner_2026_03_09.pdf\" type=\"application\/pdf\" style=\"width:100%;height:600px\" aria-label=\"Incorporado de ACE Scanner_2026_03_09.\"><\/object><a id=\"wp-block-file--media-c5957beb-0ffb-4bcd-b9b0-ca641b5ed32c\" href=\"https:\/\/noticiaempauta.com\/portal\/wp-content\/uploads\/2026\/03\/ACE-Scanner_2026_03_09.pdf\">ACE Scanner_2026_03_09<\/a><a href=\"https:\/\/noticiaempauta.com\/portal\/wp-content\/uploads\/2026\/03\/ACE-Scanner_2026_03_09.pdf\" class=\"wp-block-file__button wp-element-button\" download aria-describedby=\"wp-block-file--media-c5957beb-0ffb-4bcd-b9b0-ca641b5ed32c\">Baixar<\/a><\/div>\n\n\n\n<p>De acordo com o documento, a Comiss\u00e3o Eleitoral ter\u00e1 como principal fun\u00e7\u00e3o conduzir todas as etapas do processo eleitoral, garantindo a transpar\u00eancia e a regularidade da escolha das entidades da sociedade civil que participar\u00e3o da composi\u00e7\u00e3o do Conselho.<\/p>\n\n\n\n<p>Entre as atribui\u00e7\u00f5es da comiss\u00e3o est\u00e3o a condu\u00e7\u00e3o do processo eleitoral, a divulga\u00e7\u00e3o p\u00fablica das candidaturas inscritas, a an\u00e1lise e decis\u00e3o sobre eventuais recursos relacionados \u00e0s candidaturas, al\u00e9m da instala\u00e7\u00e3o das mesas receptoras respons\u00e1veis por organizar a vota\u00e7\u00e3o e apura\u00e7\u00e3o dos votos. A comiss\u00e3o tamb\u00e9m dever\u00e1 proclamar o resultado final e apresentar relat\u00f3rio ao Conselho Municipal dos Direitos da Pessoa Idosa com observa\u00e7\u00f5es que possam contribuir para o aperfei\u00e7oamento do processo eleitoral.<\/p>\n\n\n\n<p>A Comiss\u00e3o Eleitoral institu\u00edda pela resolu\u00e7\u00e3o ser\u00e1 composta pelos seguintes membros: Francisco Zacarias Teixeira, que atuar\u00e1 como presidente da comiss\u00e3o; Rosa de Ara\u00fajo Soares Correia e Oliveira, vice-presidente; e Ana Milena Moura Luz, representante da Secretaria Municipal do Trabalho e Assist\u00eancia Social (SEMTAS).<\/p>\n\n\n\n<p>Com a publica\u00e7\u00e3o da resolu\u00e7\u00e3o, o CMDPI d\u00e1 in\u00edcio aos procedimentos necess\u00e1rios para a renova\u00e7\u00e3o das representa\u00e7\u00f5es da sociedade civil no Conselho, fortalecendo a participa\u00e7\u00e3o social e o controle democr\u00e1tico das pol\u00edticas p\u00fablicas voltadas \u00e0 pessoa idosa no munic\u00edpio de Picos.<\/p>\n\n\n\n<p><strong><em>Por: Isael Pereira \/ Ascom<\/em><\/strong><\/p>\n","protected":false},"excerpt":{"rendered":"<p>O Conselho Municipal dos Direitos da Pessoa Idosa (CMDPI) de Picos publicou a Resolu\u00e7\u00e3o n\u00ba 01\/2026, que institui a Comiss\u00e3o Eleitoral respons\u00e1vel por coordenar o processo de escolha das entidades representantes da sociedade civil que ir\u00e3o compor o colegiado no bi\u00eanio 2026\u20132028. A resolu\u00e7\u00e3o foi aprovada durante reuni\u00e3o ordin\u00e1ria do Conselho realizada no dia 05 [&hellip;]<\/p>\n","protected":false},"author":2,"featured_media":286191,"comment_status":"closed","ping_status":"closed","sticky":false,"template":"","format":"standard","meta":{"_mi_skip_tracking":false,"footnotes":""},"categories":[25,1,16],"tags":[],"class_list":["post-286189","post","type-post","status-publish","format-standard","has-post-thumbnail","hentry","category-destaques-site","category-geral","category-todas"],"acf":[],"yoast_head":"<!-- This site is optimized with the Yoast SEO Premium plugin v19.2 (Yoast SEO v26.9) - https:\/\/yoast.com\/product\/yoast-seo-premium-wordpress\/ -->\n<title>Conselho Municipal da Pessoa Idosa institui Comiss\u00e3o Eleitoral para escolha de representantes da sociedade civil em Picos - Portal Not\u00edcia em Pauta<\/title>\n<meta name=\"robots\" content=\"index, follow, max-snippet:-1, max-image-preview:large, max-video-preview:-1\" \/>\n<link rel=\"canonical\" href=\"https:\/\/noticiaempauta.com\/portal\/conselho-municipal-da-pessoa-idosa-institui-comissao-eleitoral-para-escolha-de-representantes-da-sociedade-civil-em-picos\/\" \/>\n<meta property=\"og:locale\" content=\"pt_BR\" \/>\n<meta property=\"og:type\" content=\"article\" \/>\n<meta property=\"og:title\" content=\"Conselho Municipal da Pessoa Idosa institui Comiss\u00e3o Eleitoral para escolha de representantes da sociedade civil em Picos\" \/>\n<meta property=\"og:description\" content=\"O Conselho Municipal dos Direitos da Pessoa Idosa (CMDPI) de Picos publicou a Resolu\u00e7\u00e3o n\u00ba 01\/2026, que institui a Comiss\u00e3o Eleitoral respons\u00e1vel por coordenar o processo de escolha das entidades representantes da sociedade civil que ir\u00e3o compor o colegiado no bi\u00eanio 2026\u20132028. A resolu\u00e7\u00e3o foi aprovada durante reuni\u00e3o ordin\u00e1ria do Conselho realizada no dia 05 [&hellip;]\" \/>\n<meta property=\"og:url\" content=\"https:\/\/noticiaempauta.com\/portal\/conselho-municipal-da-pessoa-idosa-institui-comissao-eleitoral-para-escolha-de-representantes-da-sociedade-civil-em-picos\/\" \/>\n<meta property=\"og:site_name\" content=\"Portal Not\u00edcia em Pauta\" \/>\n<meta property=\"article:publisher\" content=\"https:\/\/www.facebook.com\/Portal-Notcia-Em-Pauta-102292869264820\/\" \/>\n<meta property=\"article:published_time\" content=\"2026-03-11T14:40:21+00:00\" \/>\n<meta property=\"article:modified_time\" content=\"2026-03-11T14:40:23+00:00\" \/>\n<meta property=\"og:image\" content=\"https:\/\/noticiaempauta.com\/portal\/wp-content\/uploads\/2026\/03\/WhatsApp-Image-2026-03-11-at-11.17.54.webp\" \/>\n\t<meta property=\"og:image:width\" content=\"1080\" \/>\n\t<meta property=\"og:image:height\" content=\"1080\" \/>\n\t<meta property=\"og:image:type\" content=\"image\/webp\" \/>\n<meta name=\"author\" content=\"Reda\u00e7\u00e3o\" \/>\n<meta name=\"twitter:card\" content=\"summary_large_image\" \/>\n<meta name=\"twitter:label1\" content=\"Escrito por\" \/>\n\t<meta name=\"twitter:data1\" content=\"Reda\u00e7\u00e3o\" \/>\n\t<meta name=\"twitter:label2\" content=\"Est. tempo de leitura\" \/>\n\t<meta name=\"twitter:data2\" content=\"2 minutos\" \/>\n<script type=\"application\/ld+json\" class=\"yoast-schema-graph\">{\"@context\":\"https:\/\/schema.org\",\"@graph\":[{\"@type\":\"Article\",\"@id\":\"https:\/\/noticiaempauta.com\/portal\/conselho-municipal-da-pessoa-idosa-institui-comissao-eleitoral-para-escolha-de-representantes-da-sociedade-civil-em-picos\/#article\",\"isPartOf\":{\"@id\":\"https:\/\/noticiaempauta.com\/portal\/conselho-municipal-da-pessoa-idosa-institui-comissao-eleitoral-para-escolha-de-representantes-da-sociedade-civil-em-picos\/\"},\"author\":{\"name\":\"Reda\u00e7\u00e3o\",\"@id\":\"https:\/\/noticiaempauta.com\/portal\/#\/schema\/person\/a74af43dd1ab3deca45f988c717d57ac\"},\"headline\":\"Conselho Municipal da Pessoa Idosa institui Comiss\u00e3o Eleitoral para escolha de representantes da sociedade civil em Picos\",\"datePublished\":\"2026-03-11T14:40:21+00:00\",\"dateModified\":\"2026-03-11T14:40:23+00:00\",\"mainEntityOfPage\":{\"@id\":\"https:\/\/noticiaempauta.com\/portal\/conselho-municipal-da-pessoa-idosa-institui-comissao-eleitoral-para-escolha-de-representantes-da-sociedade-civil-em-picos\/\"},\"wordCount\":353,\"publisher\":{\"@id\":\"https:\/\/noticiaempauta.com\/portal\/#organization\"},\"image\":{\"@id\":\"https:\/\/noticiaempauta.com\/portal\/conselho-municipal-da-pessoa-idosa-institui-comissao-eleitoral-para-escolha-de-representantes-da-sociedade-civil-em-picos\/#primaryimage\"},\"thumbnailUrl\":\"https:\/\/noticiaempauta.com\/portal\/wp-content\/uploads\/2026\/03\/WhatsApp-Image-2026-03-11-at-11.17.54.webp\",\"articleSection\":[\"Destaques\",\"Geral\",\"Todas as Not\u00edcias\"],\"inLanguage\":\"pt-BR\"},{\"@type\":\"WebPage\",\"@id\":\"https:\/\/noticiaempauta.com\/portal\/conselho-municipal-da-pessoa-idosa-institui-comissao-eleitoral-para-escolha-de-representantes-da-sociedade-civil-em-picos\/\",\"url\":\"https:\/\/noticiaempauta.com\/portal\/conselho-municipal-da-pessoa-idosa-institui-comissao-eleitoral-para-escolha-de-representantes-da-sociedade-civil-em-picos\/\",\"name\":\"Conselho Municipal da Pessoa Idosa institui Comiss\u00e3o Eleitoral para escolha de representantes da sociedade civil em Picos - Portal Not\u00edcia em Pauta\",\"isPartOf\":{\"@id\":\"https:\/\/noticiaempauta.com\/portal\/#website\"},\"primaryImageOfPage\":{\"@id\":\"https:\/\/noticiaempauta.com\/portal\/conselho-municipal-da-pessoa-idosa-institui-comissao-eleitoral-para-escolha-de-representantes-da-sociedade-civil-em-picos\/#primaryimage\"},\"image\":{\"@id\":\"https:\/\/noticiaempauta.com\/portal\/conselho-municipal-da-pessoa-idosa-institui-comissao-eleitoral-para-escolha-de-representantes-da-sociedade-civil-em-picos\/#primaryimage\"},\"thumbnailUrl\":\"https:\/\/noticiaempauta.com\/portal\/wp-content\/uploads\/2026\/03\/WhatsApp-Image-2026-03-11-at-11.17.54.webp\",\"datePublished\":\"2026-03-11T14:40:21+00:00\",\"dateModified\":\"2026-03-11T14:40:23+00:00\",\"breadcrumb\":{\"@id\":\"https:\/\/noticiaempauta.com\/portal\/conselho-municipal-da-pessoa-idosa-institui-comissao-eleitoral-para-escolha-de-representantes-da-sociedade-civil-em-picos\/#breadcrumb\"},\"inLanguage\":\"pt-BR\",\"potentialAction\":[{\"@type\":\"ReadAction\",\"target\":[\"https:\/\/noticiaempauta.com\/portal\/conselho-municipal-da-pessoa-idosa-institui-comissao-eleitoral-para-escolha-de-representantes-da-sociedade-civil-em-picos\/\"]}]},{\"@type\":\"ImageObject\",\"inLanguage\":\"pt-BR\",\"@id\":\"https:\/\/noticiaempauta.com\/portal\/conselho-municipal-da-pessoa-idosa-institui-comissao-eleitoral-para-escolha-de-representantes-da-sociedade-civil-em-picos\/#primaryimage\",\"url\":\"https:\/\/noticiaempauta.com\/portal\/wp-content\/uploads\/2026\/03\/WhatsApp-Image-2026-03-11-at-11.17.54.webp\",\"contentUrl\":\"https:\/\/noticiaempauta.com\/portal\/wp-content\/uploads\/2026\/03\/WhatsApp-Image-2026-03-11-at-11.17.54.webp\",\"width\":1080,\"height\":1080},{\"@type\":\"BreadcrumbList\",\"@id\":\"https:\/\/noticiaempauta.com\/portal\/conselho-municipal-da-pessoa-idosa-institui-comissao-eleitoral-para-escolha-de-representantes-da-sociedade-civil-em-picos\/#breadcrumb\",\"itemListElement\":[{\"@type\":\"ListItem\",\"position\":1,\"name\":\"P\u00e1gina Inicial\",\"item\":\"https:\/\/noticiaempauta.com\/portal\/\"},{\"@type\":\"ListItem\",\"position\":2,\"name\":\"Destaques\",\"item\":\"https:\/\/noticiaempauta.com\/portal\/destaques-site\/\"},{\"@type\":\"ListItem\",\"position\":3,\"name\":\"Conselho Municipal da Pessoa Idosa institui Comiss\u00e3o Eleitoral para escolha de representantes da sociedade civil em Picos\"}]},{\"@type\":\"WebSite\",\"@id\":\"https:\/\/noticiaempauta.com\/portal\/#website\",\"url\":\"https:\/\/noticiaempauta.com\/portal\/\",\"name\":\"Portal Not\u00edcia em Pauta\",\"description\":\"Voc\u00ea bem informado\",\"publisher\":{\"@id\":\"https:\/\/noticiaempauta.com\/portal\/#organization\"},\"potentialAction\":[{\"@type\":\"SearchAction\",\"target\":{\"@type\":\"EntryPoint\",\"urlTemplate\":\"https:\/\/noticiaempauta.com\/portal\/?s={search_term_string}\"},\"query-input\":{\"@type\":\"PropertyValueSpecification\",\"valueRequired\":true,\"valueName\":\"search_term_string\"}}],\"inLanguage\":\"pt-BR\"},{\"@type\":\"Organization\",\"@id\":\"https:\/\/noticiaempauta.com\/portal\/#organization\",\"name\":\"Portal Not\u00edcia em Pauta\",\"url\":\"https:\/\/noticiaempauta.com\/portal\/\",\"logo\":{\"@type\":\"ImageObject\",\"inLanguage\":\"pt-BR\",\"@id\":\"https:\/\/noticiaempauta.com\/portal\/#\/schema\/logo\/image\/\",\"url\":\"https:\/\/noticiaempauta.com\/portal\/wp-content\/uploads\/2022\/08\/logomarca_tema.fw_.png\",\"contentUrl\":\"https:\/\/noticiaempauta.com\/portal\/wp-content\/uploads\/2022\/08\/logomarca_tema.fw_.png\",\"width\":400,\"height\":232,\"caption\":\"Portal Not\u00edcia em Pauta\"},\"image\":{\"@id\":\"https:\/\/noticiaempauta.com\/portal\/#\/schema\/logo\/image\/\"},\"sameAs\":[\"https:\/\/www.facebook.com\/Portal-Notcia-Em-Pauta-102292869264820\/\",\"https:\/\/www.instagram.com\/portalnoticiaempauta\/\"]},{\"@type\":\"Person\",\"@id\":\"https:\/\/noticiaempauta.com\/portal\/#\/schema\/person\/a74af43dd1ab3deca45f988c717d57ac\",\"name\":\"Reda\u00e7\u00e3o\",\"image\":{\"@type\":\"ImageObject\",\"inLanguage\":\"pt-BR\",\"@id\":\"https:\/\/noticiaempauta.com\/portal\/#\/schema\/person\/image\/\",\"url\":\"https:\/\/secure.gravatar.com\/avatar\/03179346ecce6cdfc13361603e8f54242a90e5cde8618fa23c5c00aa2b0aadf3?s=96&d=mm&r=g\",\"contentUrl\":\"https:\/\/secure.gravatar.com\/avatar\/03179346ecce6cdfc13361603e8f54242a90e5cde8618fa23c5c00aa2b0aadf3?s=96&d=mm&r=g\",\"caption\":\"Reda\u00e7\u00e3o\"},\"sameAs\":[\"https:\/\/noticiaempauta.com\/portal\/\"],\"url\":\"https:\/\/noticiaempauta.com\/portal\/author\/fernando\/\"}]}<\/script>\n<!-- \/ Yoast SEO Premium plugin. -->","yoast_head_json":{"title":"Conselho Municipal da Pessoa Idosa institui Comiss\u00e3o Eleitoral para escolha de representantes da sociedade civil em Picos - Portal Not\u00edcia em Pauta","robots":{"index":"index","follow":"follow","max-snippet":"max-snippet:-1","max-image-preview":"max-image-preview:large","max-video-preview":"max-video-preview:-1"},"canonical":"https:\/\/noticiaempauta.com\/portal\/conselho-municipal-da-pessoa-idosa-institui-comissao-eleitoral-para-escolha-de-representantes-da-sociedade-civil-em-picos\/","og_locale":"pt_BR","og_type":"article","og_title":"Conselho Municipal da Pessoa Idosa institui Comiss\u00e3o Eleitoral para escolha de representantes da sociedade civil em Picos","og_description":"O Conselho Municipal dos Direitos da Pessoa Idosa (CMDPI) de Picos publicou a Resolu\u00e7\u00e3o n\u00ba 01\/2026, que institui a Comiss\u00e3o Eleitoral respons\u00e1vel por coordenar o processo de escolha das entidades representantes da sociedade civil que ir\u00e3o compor o colegiado no bi\u00eanio 2026\u20132028. A resolu\u00e7\u00e3o foi aprovada durante reuni\u00e3o ordin\u00e1ria do Conselho realizada no dia 05 [&hellip;]","og_url":"https:\/\/noticiaempauta.com\/portal\/conselho-municipal-da-pessoa-idosa-institui-comissao-eleitoral-para-escolha-de-representantes-da-sociedade-civil-em-picos\/","og_site_name":"Portal Not\u00edcia em Pauta","article_publisher":"https:\/\/www.facebook.com\/Portal-Notcia-Em-Pauta-102292869264820\/","article_published_time":"2026-03-11T14:40:21+00:00","article_modified_time":"2026-03-11T14:40:23+00:00","og_image":[{"width":1080,"height":1080,"url":"https:\/\/noticiaempauta.com\/portal\/wp-content\/uploads\/2026\/03\/WhatsApp-Image-2026-03-11-at-11.17.54.webp","type":"image\/webp"}],"author":"Reda\u00e7\u00e3o","twitter_card":"summary_large_image","twitter_misc":{"Escrito por":"Reda\u00e7\u00e3o","Est. tempo de leitura":"2 minutos"},"schema":{"@context":"https:\/\/schema.org","@graph":[{"@type":"Article","@id":"https:\/\/noticiaempauta.com\/portal\/conselho-municipal-da-pessoa-idosa-institui-comissao-eleitoral-para-escolha-de-representantes-da-sociedade-civil-em-picos\/#article","isPartOf":{"@id":"https:\/\/noticiaempauta.com\/portal\/conselho-municipal-da-pessoa-idosa-institui-comissao-eleitoral-para-escolha-de-representantes-da-sociedade-civil-em-picos\/"},"author":{"name":"Reda\u00e7\u00e3o","@id":"https:\/\/noticiaempauta.com\/portal\/#\/schema\/person\/a74af43dd1ab3deca45f988c717d57ac"},"headline":"Conselho Municipal da Pessoa Idosa institui Comiss\u00e3o Eleitoral para escolha de representantes da sociedade civil em Picos","datePublished":"2026-03-11T14:40:21+00:00","dateModified":"2026-03-11T14:40:23+00:00","mainEntityOfPage":{"@id":"https:\/\/noticiaempauta.com\/portal\/conselho-municipal-da-pessoa-idosa-institui-comissao-eleitoral-para-escolha-de-representantes-da-sociedade-civil-em-picos\/"},"wordCount":353,"publisher":{"@id":"https:\/\/noticiaempauta.com\/portal\/#organization"},"image":{"@id":"https:\/\/noticiaempauta.com\/portal\/conselho-municipal-da-pessoa-idosa-institui-comissao-eleitoral-para-escolha-de-representantes-da-sociedade-civil-em-picos\/#primaryimage"},"thumbnailUrl":"https:\/\/noticiaempauta.com\/portal\/wp-content\/uploads\/2026\/03\/WhatsApp-Image-2026-03-11-at-11.17.54.webp","articleSection":["Destaques","Geral","Todas as Not\u00edcias"],"inLanguage":"pt-BR"},{"@type":"WebPage","@id":"https:\/\/noticiaempauta.com\/portal\/conselho-municipal-da-pessoa-idosa-institui-comissao-eleitoral-para-escolha-de-representantes-da-sociedade-civil-em-picos\/","url":"https:\/\/noticiaempauta.com\/portal\/conselho-municipal-da-pessoa-idosa-institui-comissao-eleitoral-para-escolha-de-representantes-da-sociedade-civil-em-picos\/","name":"Conselho Municipal da Pessoa Idosa institui Comiss\u00e3o Eleitoral para escolha de representantes da sociedade civil em Picos - Portal Not\u00edcia em Pauta","isPartOf":{"@id":"https:\/\/noticiaempauta.com\/portal\/#website"},"primaryImageOfPage":{"@id":"https:\/\/noticiaempauta.com\/portal\/conselho-municipal-da-pessoa-idosa-institui-comissao-eleitoral-para-escolha-de-representantes-da-sociedade-civil-em-picos\/#primaryimage"},"image":{"@id":"https:\/\/noticiaempauta.com\/portal\/conselho-municipal-da-pessoa-idosa-institui-comissao-eleitoral-para-escolha-de-representantes-da-sociedade-civil-em-picos\/#primaryimage"},"thumbnailUrl":"https:\/\/noticiaempauta.com\/portal\/wp-content\/uploads\/2026\/03\/WhatsApp-Image-2026-03-11-at-11.17.54.webp","datePublished":"2026-03-11T14:40:21+00:00","dateModified":"2026-03-11T14:40:23+00:00","breadcrumb":{"@id":"https:\/\/noticiaempauta.com\/portal\/conselho-municipal-da-pessoa-idosa-institui-comissao-eleitoral-para-escolha-de-representantes-da-sociedade-civil-em-picos\/#breadcrumb"},"inLanguage":"pt-BR","potentialAction":[{"@type":"ReadAction","target":["https:\/\/noticiaempauta.com\/portal\/conselho-municipal-da-pessoa-idosa-institui-comissao-eleitoral-para-escolha-de-representantes-da-sociedade-civil-em-picos\/"]}]},{"@type":"ImageObject","inLanguage":"pt-BR","@id":"https:\/\/noticiaempauta.com\/portal\/conselho-municipal-da-pessoa-idosa-institui-comissao-eleitoral-para-escolha-de-representantes-da-sociedade-civil-em-picos\/#primaryimage","url":"https:\/\/noticiaempauta.com\/portal\/wp-content\/uploads\/2026\/03\/WhatsApp-Image-2026-03-11-at-11.17.54.webp","contentUrl":"https:\/\/noticiaempauta.com\/portal\/wp-content\/uploads\/2026\/03\/WhatsApp-Image-2026-03-11-at-11.17.54.webp","width":1080,"height":1080},{"@type":"BreadcrumbList","@id":"https:\/\/noticiaempauta.com\/portal\/conselho-municipal-da-pessoa-idosa-institui-comissao-eleitoral-para-escolha-de-representantes-da-sociedade-civil-em-picos\/#breadcrumb","itemListElement":[{"@type":"ListItem","position":1,"name":"P\u00e1gina Inicial","item":"https:\/\/noticiaempauta.com\/portal\/"},{"@type":"ListItem","position":2,"name":"Destaques","item":"https:\/\/noticiaempauta.com\/portal\/destaques-site\/"},{"@type":"ListItem","position":3,"name":"Conselho Municipal da Pessoa Idosa institui Comiss\u00e3o Eleitoral para escolha de representantes da sociedade civil em Picos"}]},{"@type":"WebSite","@id":"https:\/\/noticiaempauta.com\/portal\/#website","url":"https:\/\/noticiaempauta.com\/portal\/","name":"Portal Not\u00edcia em Pauta","description":"Voc\u00ea bem informado","publisher":{"@id":"https:\/\/noticiaempauta.com\/portal\/#organization"},"potentialAction":[{"@type":"SearchAction","target":{"@type":"EntryPoint","urlTemplate":"https:\/\/noticiaempauta.com\/portal\/?s={search_term_string}"},"query-input":{"@type":"PropertyValueSpecification","valueRequired":true,"valueName":"search_term_string"}}],"inLanguage":"pt-BR"},{"@type":"Organization","@id":"https:\/\/noticiaempauta.com\/portal\/#organization","name":"Portal Not\u00edcia em Pauta","url":"https:\/\/noticiaempauta.com\/portal\/","logo":{"@type":"ImageObject","inLanguage":"pt-BR","@id":"https:\/\/noticiaempauta.com\/portal\/#\/schema\/logo\/image\/","url":"https:\/\/noticiaempauta.com\/portal\/wp-content\/uploads\/2022\/08\/logomarca_tema.fw_.png","contentUrl":"https:\/\/noticiaempauta.com\/portal\/wp-content\/uploads\/2022\/08\/logomarca_tema.fw_.png","width":400,"height":232,"caption":"Portal Not\u00edcia em Pauta"},"image":{"@id":"https:\/\/noticiaempauta.com\/portal\/#\/schema\/logo\/image\/"},"sameAs":["https:\/\/www.facebook.com\/Portal-Notcia-Em-Pauta-102292869264820\/","https:\/\/www.instagram.com\/portalnoticiaempauta\/"]},{"@type":"Person","@id":"https:\/\/noticiaempauta.com\/portal\/#\/schema\/person\/a74af43dd1ab3deca45f988c717d57ac","name":"Reda\u00e7\u00e3o","image":{"@type":"ImageObject","inLanguage":"pt-BR","@id":"https:\/\/noticiaempauta.com\/portal\/#\/schema\/person\/image\/","url":"https:\/\/secure.gravatar.com\/avatar\/03179346ecce6cdfc13361603e8f54242a90e5cde8618fa23c5c00aa2b0aadf3?s=96&d=mm&r=g","contentUrl":"https:\/\/secure.gravatar.com\/avatar\/03179346ecce6cdfc13361603e8f54242a90e5cde8618fa23c5c00aa2b0aadf3?s=96&d=mm&r=g","caption":"Reda\u00e7\u00e3o"},"sameAs":["https:\/\/noticiaempauta.com\/portal\/"],"url":"https:\/\/noticiaempauta.com\/portal\/author\/fernando\/"}]}},"_links":{"self":[{"href":"https:\/\/noticiaempauta.com\/portal\/wp-json\/wp\/v2\/posts\/286189","targetHints":{"allow":["GET"]}}],"collection":[{"href":"https:\/\/noticiaempauta.com\/portal\/wp-json\/wp\/v2\/posts"}],"about":[{"href":"https:\/\/noticiaempauta.com\/portal\/wp-json\/wp\/v2\/types\/post"}],"author":[{"embeddable":true,"href":"https:\/\/noticiaempauta.com\/portal\/wp-json\/wp\/v2\/users\/2"}],"replies":[{"embeddable":true,"href":"https:\/\/noticiaempauta.com\/portal\/wp-json\/wp\/v2\/comments?post=286189"}],"version-history":[{"count":2,"href":"https:\/\/noticiaempauta.com\/portal\/wp-json\/wp\/v2\/posts\/286189\/revisions"}],"predecessor-version":[{"id":286193,"href":"https:\/\/noticiaempauta.com\/portal\/wp-json\/wp\/v2\/posts\/286189\/revisions\/286193"}],"wp:featuredmedia":[{"embeddable":true,"href":"https:\/\/noticiaempauta.com\/portal\/wp-json\/wp\/v2\/media\/286191"}],"wp:attachment":[{"href":"https:\/\/noticiaempauta.com\/portal\/wp-json\/wp\/v2\/media?parent=286189"}],"wp:term":[{"taxonomy":"category","embeddable":true,"href":"https:\/\/noticiaempauta.com\/portal\/wp-json\/wp\/v2\/categories?post=286189"},{"taxonomy":"post_tag","embeddable":true,"href":"https:\/\/noticiaempauta.com\/portal\/wp-json\/wp\/v2\/tags?post=286189"}],"curies":[{"name":"wp","href":"https:\/\/api.w.org\/{rel}","templated":true}]}}