{"id":286195,"date":"2026-03-11T15:23:28","date_gmt":"2026-03-11T18:23:28","guid":{"rendered":"https:\/\/noticiaempauta.com\/portal\/?p=286195"},"modified":"2026-03-11T15:23:30","modified_gmt":"2026-03-11T18:23:30","slug":"picos-e-contemplada-com-mais-45-000m%c2%b2-de-asfalto-na-zona-urbana","status":"publish","type":"post","link":"https:\/\/noticiaempauta.com\/portal\/picos-e-contemplada-com-mais-45-000m%c2%b2-de-asfalto-na-zona-urbana\/","title":{"rendered":"Picos \u00e9 contemplada com mais 45.000m\u00b2 de asfalto na zona urbana"},"content":{"rendered":"\n<p>Teve in\u00edcio, nesta \u00faltima ter\u00e7a-feira (10), mais uma importante obra de mobilidade urbana na cidade de Picos.<\/p>\n\n\n\n<p>O munic\u00edpio picoense, na gest\u00e3o do prefeito, Dr. Pablo Santos (MDB), est\u00e1 recebendo a quarta etapa de obras de pavimenta\u00e7\u00e3o asf\u00e1ltica.<\/p>\n\n\n\n<figure class=\"wp-block-image size-full\"><img fetchpriority=\"high\" decoding=\"async\" width=\"640\" height=\"427\" src=\"https:\/\/noticiaempauta.com\/portal\/wp-content\/uploads\/2026\/03\/CCM_0925.webp\" alt=\"\" class=\"wp-image-286200\" srcset=\"https:\/\/noticiaempauta.com\/portal\/wp-content\/uploads\/2026\/03\/CCM_0925.webp 640w, https:\/\/noticiaempauta.com\/portal\/wp-content\/uploads\/2026\/03\/CCM_0925-300x200.webp 300w\" sizes=\"(max-width: 640px) 100vw, 640px\" \/><\/figure>\n\n\n\n<p>Dessa vez ser\u00e3o implementados mais 45.000m\u00b2 de asfalto, o que corresponde a um investimento de R$ 5.000.000,00 (cinco milh\u00f5es de reais).<\/p>\n\n\n\n<figure class=\"wp-block-image size-full\"><img decoding=\"async\" width=\"640\" height=\"427\" src=\"https:\/\/noticiaempauta.com\/portal\/wp-content\/uploads\/2026\/03\/CCM_0927.webp\" alt=\"\" class=\"wp-image-286201\" srcset=\"https:\/\/noticiaempauta.com\/portal\/wp-content\/uploads\/2026\/03\/CCM_0927.webp 640w, https:\/\/noticiaempauta.com\/portal\/wp-content\/uploads\/2026\/03\/CCM_0927-300x200.webp 300w\" sizes=\"(max-width: 640px) 100vw, 640px\" \/><\/figure>\n\n\n\n<p>A obra teve in\u00edcio pela Rua Raimundo Jo\u00e3o de Ara\u00fajo, entre os bairros Ipueiras e Morro da Macambira, com 1.200 m\u00b2 de pavimenta\u00e7\u00e3o asf\u00e1ltica.<\/p>\n\n\n\n<figure class=\"wp-block-image size-full\"><img decoding=\"async\" width=\"640\" height=\"427\" src=\"https:\/\/noticiaempauta.com\/portal\/wp-content\/uploads\/2026\/03\/CCM_0941.webp\" alt=\"\" class=\"wp-image-286199\" srcset=\"https:\/\/noticiaempauta.com\/portal\/wp-content\/uploads\/2026\/03\/CCM_0941.webp 640w, https:\/\/noticiaempauta.com\/portal\/wp-content\/uploads\/2026\/03\/CCM_0941-300x200.webp 300w\" sizes=\"(max-width: 640px) 100vw, 640px\" \/><\/figure>\n\n\n\n<p>Essa \u00e9 uma via importante que d\u00e1 acesso ao Loteamento Umbuzeiro e as localidades Malhada Grande, Brejinho, Vila Cust\u00f3dio e Morro da Areia.<\/p>\n\n\n\n<figure class=\"wp-block-image size-full\"><img loading=\"lazy\" decoding=\"async\" width=\"640\" height=\"427\" src=\"https:\/\/noticiaempauta.com\/portal\/wp-content\/uploads\/2026\/03\/CCM_0943.webp\" alt=\"\" class=\"wp-image-286198\" srcset=\"https:\/\/noticiaempauta.com\/portal\/wp-content\/uploads\/2026\/03\/CCM_0943.webp 640w, https:\/\/noticiaempauta.com\/portal\/wp-content\/uploads\/2026\/03\/CCM_0943-300x200.webp 300w\" sizes=\"(max-width: 640px) 100vw, 640px\" \/><\/figure>\n\n\n\n<p>\u201cEsse foi um recurso de uma Emenda Parlamentar do Senador, Marcelo Castro, ainda de 2022, mas como os processos federais para asfaltamento s\u00e3o morosos, tem de ter avalia\u00e7\u00e3o da Caixa Econ\u00f4mica, ent\u00e3o depois de tr\u00eas anos \u00e9 que esta obra est\u00e1 sendo entregue\u201d, explicou o prefeito.<\/p>\n\n\n\n<p>Pablo Santos informou ainda, que al\u00e9m da Rua Raimundo Jo\u00e3o de Ara\u00fajo, a obra vai contemplar diversas vias do Centro de Picos e bairros adjacentes.<\/p>\n\n\n\n<figure class=\"wp-block-image size-full\"><img loading=\"lazy\" decoding=\"async\" width=\"640\" height=\"427\" src=\"https:\/\/noticiaempauta.com\/portal\/wp-content\/uploads\/2026\/03\/CCM_0945-1.webp\" alt=\"\" class=\"wp-image-286197\" srcset=\"https:\/\/noticiaempauta.com\/portal\/wp-content\/uploads\/2026\/03\/CCM_0945-1.webp 640w, https:\/\/noticiaempauta.com\/portal\/wp-content\/uploads\/2026\/03\/CCM_0945-1-300x200.webp 300w\" sizes=\"(max-width: 640px) 100vw, 640px\" \/><\/figure>\n\n\n\n<p>\u201cMas temos outros recursos que vir\u00e3o a partir do m\u00eas de abril e in\u00edcio do m\u00eas de maio, que s\u00e3o mais R$ 7 milh\u00f5es de reais do deputado Federal, Jadyel Alencar, em parceria com o Governo do Estado do Piau\u00ed para a gente comtemplar as \u00e1reas mais afetadas da cidade\u201d, projetou o gestor.<\/p>\n\n\n\n<figure class=\"wp-block-image size-full\"><img loading=\"lazy\" decoding=\"async\" width=\"640\" height=\"427\" src=\"https:\/\/noticiaempauta.com\/portal\/wp-content\/uploads\/2026\/03\/CCM_0950.webp\" alt=\"\" class=\"wp-image-286196\" srcset=\"https:\/\/noticiaempauta.com\/portal\/wp-content\/uploads\/2026\/03\/CCM_0950.webp 640w, https:\/\/noticiaempauta.com\/portal\/wp-content\/uploads\/2026\/03\/CCM_0950-300x200.webp 300w\" sizes=\"(max-width: 640px) 100vw, 640px\" \/><\/figure>\n\n\n\n<p><strong>Etapas anteriores<\/strong><\/p>\n\n\n\n<p>Nas tr\u00eas etapas anteriores foram asfaltadas a rodovia Estadual PI 376, que liga a sede do munic\u00edpio ao Povoado Gameleira dos Rodrigues, passando pelos Bairros Ema\u00fas e Belo Norte (3\u00aa Etapa), a rodovia Estadual PI 238, no trecho que liga a sede da cidade ao Povoado Tabatinga, passando pelas localidades Aroeiras do Matadouro e Torr\u00f5es (2\u00aa Etapa) e os bairros, Belo Norte (Rua Belo Horizonte), Boa Sorte (Ruas Eud\u00f3xia Dantas, Aureliano Ferreira, Wils\u00f4nia Monteiro e o Novo Espa\u00e7o de Eventos), Canto da V\u00e1rzea (Rua Zuza Lino) e Centro (Rua Jo\u00e3o XXIII) (1\u00aa Etapa).<\/p>\n\n\n\n<p><\/p>\n","protected":false},"excerpt":{"rendered":"<p>Teve in\u00edcio, nesta \u00faltima ter\u00e7a-feira (10), mais uma importante obra de mobilidade urbana na cidade de Picos. O munic\u00edpio picoense, na gest\u00e3o do prefeito, Dr. Pablo Santos (MDB), est\u00e1 recebendo a quarta etapa de obras de pavimenta\u00e7\u00e3o asf\u00e1ltica. Dessa vez ser\u00e3o implementados mais 45.000m\u00b2 de asfalto, o que corresponde a um investimento de R$ 5.000.000,00 [&hellip;]<\/p>\n","protected":false},"author":2,"featured_media":286198,"comment_status":"closed","ping_status":"closed","sticky":false,"template":"","format":"standard","meta":{"_mi_skip_tracking":false,"footnotes":""},"categories":[25,1,16],"tags":[],"class_list":["post-286195","post","type-post","status-publish","format-standard","has-post-thumbnail","hentry","category-destaques-site","category-geral","category-todas"],"acf":[],"yoast_head":"<!-- This site is optimized with the Yoast SEO Premium plugin v19.2 (Yoast SEO v26.9) - https:\/\/yoast.com\/product\/yoast-seo-premium-wordpress\/ -->\n<title>Picos \u00e9 contemplada com mais 45.000m\u00b2 de asfalto na zona urbana - Portal Not\u00edcia em Pauta<\/title>\n<meta name=\"robots\" content=\"index, follow, max-snippet:-1, max-image-preview:large, max-video-preview:-1\" \/>\n<link rel=\"canonical\" href=\"https:\/\/noticiaempauta.com\/portal\/picos-e-contemplada-com-mais-45-000m\u00b2-de-asfalto-na-zona-urbana\/\" \/>\n<meta property=\"og:locale\" content=\"pt_BR\" \/>\n<meta property=\"og:type\" content=\"article\" \/>\n<meta property=\"og:title\" content=\"Picos \u00e9 contemplada com mais 45.000m\u00b2 de asfalto na zona urbana\" \/>\n<meta property=\"og:description\" content=\"Teve in\u00edcio, nesta \u00faltima ter\u00e7a-feira (10), mais uma importante obra de mobilidade urbana na cidade de Picos. O munic\u00edpio picoense, na gest\u00e3o do prefeito, Dr. Pablo Santos (MDB), est\u00e1 recebendo a quarta etapa de obras de pavimenta\u00e7\u00e3o asf\u00e1ltica. Dessa vez ser\u00e3o implementados mais 45.000m\u00b2 de asfalto, o que corresponde a um investimento de R$ 5.000.000,00 [&hellip;]\" \/>\n<meta property=\"og:url\" content=\"https:\/\/noticiaempauta.com\/portal\/picos-e-contemplada-com-mais-45-000m\u00b2-de-asfalto-na-zona-urbana\/\" \/>\n<meta property=\"og:site_name\" content=\"Portal Not\u00edcia em Pauta\" \/>\n<meta property=\"article:publisher\" content=\"https:\/\/www.facebook.com\/Portal-Notcia-Em-Pauta-102292869264820\/\" \/>\n<meta property=\"article:published_time\" content=\"2026-03-11T18:23:28+00:00\" \/>\n<meta property=\"article:modified_time\" content=\"2026-03-11T18:23:30+00:00\" \/>\n<meta property=\"og:image\" content=\"https:\/\/noticiaempauta.com\/portal\/wp-content\/uploads\/2026\/03\/CCM_0943.webp\" \/>\n\t<meta property=\"og:image:width\" content=\"640\" \/>\n\t<meta property=\"og:image:height\" content=\"427\" \/>\n\t<meta property=\"og:image:type\" content=\"image\/webp\" \/>\n<meta name=\"author\" content=\"Reda\u00e7\u00e3o\" \/>\n<meta name=\"twitter:card\" content=\"summary_large_image\" \/>\n<meta name=\"twitter:label1\" content=\"Escrito por\" \/>\n\t<meta name=\"twitter:data1\" content=\"Reda\u00e7\u00e3o\" \/>\n\t<meta name=\"twitter:label2\" content=\"Est. tempo de leitura\" \/>\n\t<meta name=\"twitter:data2\" content=\"4 minutos\" \/>\n<script type=\"application\/ld+json\" class=\"yoast-schema-graph\">{\"@context\":\"https:\/\/schema.org\",\"@graph\":[{\"@type\":\"Article\",\"@id\":\"https:\/\/noticiaempauta.com\/portal\/picos-e-contemplada-com-mais-45-000m%c2%b2-de-asfalto-na-zona-urbana\/#article\",\"isPartOf\":{\"@id\":\"https:\/\/noticiaempauta.com\/portal\/picos-e-contemplada-com-mais-45-000m%c2%b2-de-asfalto-na-zona-urbana\/\"},\"author\":{\"name\":\"Reda\u00e7\u00e3o\",\"@id\":\"https:\/\/noticiaempauta.com\/portal\/#\/schema\/person\/a74af43dd1ab3deca45f988c717d57ac\"},\"headline\":\"Picos \u00e9 contemplada com mais 45.000m\u00b2 de asfalto na zona urbana\",\"datePublished\":\"2026-03-11T18:23:28+00:00\",\"dateModified\":\"2026-03-11T18:23:30+00:00\",\"mainEntityOfPage\":{\"@id\":\"https:\/\/noticiaempauta.com\/portal\/picos-e-contemplada-com-mais-45-000m%c2%b2-de-asfalto-na-zona-urbana\/\"},\"wordCount\":360,\"publisher\":{\"@id\":\"https:\/\/noticiaempauta.com\/portal\/#organization\"},\"image\":{\"@id\":\"https:\/\/noticiaempauta.com\/portal\/picos-e-contemplada-com-mais-45-000m%c2%b2-de-asfalto-na-zona-urbana\/#primaryimage\"},\"thumbnailUrl\":\"https:\/\/noticiaempauta.com\/portal\/wp-content\/uploads\/2026\/03\/CCM_0943.webp\",\"articleSection\":[\"Destaques\",\"Geral\",\"Todas as Not\u00edcias\"],\"inLanguage\":\"pt-BR\"},{\"@type\":\"WebPage\",\"@id\":\"https:\/\/noticiaempauta.com\/portal\/picos-e-contemplada-com-mais-45-000m%c2%b2-de-asfalto-na-zona-urbana\/\",\"url\":\"https:\/\/noticiaempauta.com\/portal\/picos-e-contemplada-com-mais-45-000m%c2%b2-de-asfalto-na-zona-urbana\/\",\"name\":\"Picos \u00e9 contemplada com mais 45.000m\u00b2 de asfalto na zona urbana - Portal Not\u00edcia em Pauta\",\"isPartOf\":{\"@id\":\"https:\/\/noticiaempauta.com\/portal\/#website\"},\"primaryImageOfPage\":{\"@id\":\"https:\/\/noticiaempauta.com\/portal\/picos-e-contemplada-com-mais-45-000m%c2%b2-de-asfalto-na-zona-urbana\/#primaryimage\"},\"image\":{\"@id\":\"https:\/\/noticiaempauta.com\/portal\/picos-e-contemplada-com-mais-45-000m%c2%b2-de-asfalto-na-zona-urbana\/#primaryimage\"},\"thumbnailUrl\":\"https:\/\/noticiaempauta.com\/portal\/wp-content\/uploads\/2026\/03\/CCM_0943.webp\",\"datePublished\":\"2026-03-11T18:23:28+00:00\",\"dateModified\":\"2026-03-11T18:23:30+00:00\",\"breadcrumb\":{\"@id\":\"https:\/\/noticiaempauta.com\/portal\/picos-e-contemplada-com-mais-45-000m%c2%b2-de-asfalto-na-zona-urbana\/#breadcrumb\"},\"inLanguage\":\"pt-BR\",\"potentialAction\":[{\"@type\":\"ReadAction\",\"target\":[\"https:\/\/noticiaempauta.com\/portal\/picos-e-contemplada-com-mais-45-000m%c2%b2-de-asfalto-na-zona-urbana\/\"]}]},{\"@type\":\"ImageObject\",\"inLanguage\":\"pt-BR\",\"@id\":\"https:\/\/noticiaempauta.com\/portal\/picos-e-contemplada-com-mais-45-000m%c2%b2-de-asfalto-na-zona-urbana\/#primaryimage\",\"url\":\"https:\/\/noticiaempauta.com\/portal\/wp-content\/uploads\/2026\/03\/CCM_0943.webp\",\"contentUrl\":\"https:\/\/noticiaempauta.com\/portal\/wp-content\/uploads\/2026\/03\/CCM_0943.webp\",\"width\":640,\"height\":427},{\"@type\":\"BreadcrumbList\",\"@id\":\"https:\/\/noticiaempauta.com\/portal\/picos-e-contemplada-com-mais-45-000m%c2%b2-de-asfalto-na-zona-urbana\/#breadcrumb\",\"itemListElement\":[{\"@type\":\"ListItem\",\"position\":1,\"name\":\"P\u00e1gina Inicial\",\"item\":\"https:\/\/noticiaempauta.com\/portal\/\"},{\"@type\":\"ListItem\",\"position\":2,\"name\":\"Destaques\",\"item\":\"https:\/\/noticiaempauta.com\/portal\/destaques-site\/\"},{\"@type\":\"ListItem\",\"position\":3,\"name\":\"Picos \u00e9 contemplada com mais 45.000m\u00b2 de asfalto na zona urbana\"}]},{\"@type\":\"WebSite\",\"@id\":\"https:\/\/noticiaempauta.com\/portal\/#website\",\"url\":\"https:\/\/noticiaempauta.com\/portal\/\",\"name\":\"Portal Not\u00edcia em Pauta\",\"description\":\"Voc\u00ea bem informado\",\"publisher\":{\"@id\":\"https:\/\/noticiaempauta.com\/portal\/#organization\"},\"potentialAction\":[{\"@type\":\"SearchAction\",\"target\":{\"@type\":\"EntryPoint\",\"urlTemplate\":\"https:\/\/noticiaempauta.com\/portal\/?s={search_term_string}\"},\"query-input\":{\"@type\":\"PropertyValueSpecification\",\"valueRequired\":true,\"valueName\":\"search_term_string\"}}],\"inLanguage\":\"pt-BR\"},{\"@type\":\"Organization\",\"@id\":\"https:\/\/noticiaempauta.com\/portal\/#organization\",\"name\":\"Portal Not\u00edcia em Pauta\",\"url\":\"https:\/\/noticiaempauta.com\/portal\/\",\"logo\":{\"@type\":\"ImageObject\",\"inLanguage\":\"pt-BR\",\"@id\":\"https:\/\/noticiaempauta.com\/portal\/#\/schema\/logo\/image\/\",\"url\":\"https:\/\/noticiaempauta.com\/portal\/wp-content\/uploads\/2022\/08\/logomarca_tema.fw_.png\",\"contentUrl\":\"https:\/\/noticiaempauta.com\/portal\/wp-content\/uploads\/2022\/08\/logomarca_tema.fw_.png\",\"width\":400,\"height\":232,\"caption\":\"Portal Not\u00edcia em Pauta\"},\"image\":{\"@id\":\"https:\/\/noticiaempauta.com\/portal\/#\/schema\/logo\/image\/\"},\"sameAs\":[\"https:\/\/www.facebook.com\/Portal-Notcia-Em-Pauta-102292869264820\/\",\"https:\/\/www.instagram.com\/portalnoticiaempauta\/\"]},{\"@type\":\"Person\",\"@id\":\"https:\/\/noticiaempauta.com\/portal\/#\/schema\/person\/a74af43dd1ab3deca45f988c717d57ac\",\"name\":\"Reda\u00e7\u00e3o\",\"image\":{\"@type\":\"ImageObject\",\"inLanguage\":\"pt-BR\",\"@id\":\"https:\/\/noticiaempauta.com\/portal\/#\/schema\/person\/image\/\",\"url\":\"https:\/\/secure.gravatar.com\/avatar\/03179346ecce6cdfc13361603e8f54242a90e5cde8618fa23c5c00aa2b0aadf3?s=96&d=mm&r=g\",\"contentUrl\":\"https:\/\/secure.gravatar.com\/avatar\/03179346ecce6cdfc13361603e8f54242a90e5cde8618fa23c5c00aa2b0aadf3?s=96&d=mm&r=g\",\"caption\":\"Reda\u00e7\u00e3o\"},\"sameAs\":[\"https:\/\/noticiaempauta.com\/portal\/\"],\"url\":\"https:\/\/noticiaempauta.com\/portal\/author\/fernando\/\"}]}<\/script>\n<!-- \/ Yoast SEO Premium plugin. -->","yoast_head_json":{"title":"Picos \u00e9 contemplada com mais 45.000m\u00b2 de asfalto na zona urbana - Portal Not\u00edcia em Pauta","robots":{"index":"index","follow":"follow","max-snippet":"max-snippet:-1","max-image-preview":"max-image-preview:large","max-video-preview":"max-video-preview:-1"},"canonical":"https:\/\/noticiaempauta.com\/portal\/picos-e-contemplada-com-mais-45-000m\u00b2-de-asfalto-na-zona-urbana\/","og_locale":"pt_BR","og_type":"article","og_title":"Picos \u00e9 contemplada com mais 45.000m\u00b2 de asfalto na zona urbana","og_description":"Teve in\u00edcio, nesta \u00faltima ter\u00e7a-feira (10), mais uma importante obra de mobilidade urbana na cidade de Picos. O munic\u00edpio picoense, na gest\u00e3o do prefeito, Dr. Pablo Santos (MDB), est\u00e1 recebendo a quarta etapa de obras de pavimenta\u00e7\u00e3o asf\u00e1ltica. Dessa vez ser\u00e3o implementados mais 45.000m\u00b2 de asfalto, o que corresponde a um investimento de R$ 5.000.000,00 [&hellip;]","og_url":"https:\/\/noticiaempauta.com\/portal\/picos-e-contemplada-com-mais-45-000m\u00b2-de-asfalto-na-zona-urbana\/","og_site_name":"Portal Not\u00edcia em Pauta","article_publisher":"https:\/\/www.facebook.com\/Portal-Notcia-Em-Pauta-102292869264820\/","article_published_time":"2026-03-11T18:23:28+00:00","article_modified_time":"2026-03-11T18:23:30+00:00","og_image":[{"width":640,"height":427,"url":"https:\/\/noticiaempauta.com\/portal\/wp-content\/uploads\/2026\/03\/CCM_0943.webp","type":"image\/webp"}],"author":"Reda\u00e7\u00e3o","twitter_card":"summary_large_image","twitter_misc":{"Escrito por":"Reda\u00e7\u00e3o","Est. tempo de leitura":"4 minutos"},"schema":{"@context":"https:\/\/schema.org","@graph":[{"@type":"Article","@id":"https:\/\/noticiaempauta.com\/portal\/picos-e-contemplada-com-mais-45-000m%c2%b2-de-asfalto-na-zona-urbana\/#article","isPartOf":{"@id":"https:\/\/noticiaempauta.com\/portal\/picos-e-contemplada-com-mais-45-000m%c2%b2-de-asfalto-na-zona-urbana\/"},"author":{"name":"Reda\u00e7\u00e3o","@id":"https:\/\/noticiaempauta.com\/portal\/#\/schema\/person\/a74af43dd1ab3deca45f988c717d57ac"},"headline":"Picos \u00e9 contemplada com mais 45.000m\u00b2 de asfalto na zona urbana","datePublished":"2026-03-11T18:23:28+00:00","dateModified":"2026-03-11T18:23:30+00:00","mainEntityOfPage":{"@id":"https:\/\/noticiaempauta.com\/portal\/picos-e-contemplada-com-mais-45-000m%c2%b2-de-asfalto-na-zona-urbana\/"},"wordCount":360,"publisher":{"@id":"https:\/\/noticiaempauta.com\/portal\/#organization"},"image":{"@id":"https:\/\/noticiaempauta.com\/portal\/picos-e-contemplada-com-mais-45-000m%c2%b2-de-asfalto-na-zona-urbana\/#primaryimage"},"thumbnailUrl":"https:\/\/noticiaempauta.com\/portal\/wp-content\/uploads\/2026\/03\/CCM_0943.webp","articleSection":["Destaques","Geral","Todas as Not\u00edcias"],"inLanguage":"pt-BR"},{"@type":"WebPage","@id":"https:\/\/noticiaempauta.com\/portal\/picos-e-contemplada-com-mais-45-000m%c2%b2-de-asfalto-na-zona-urbana\/","url":"https:\/\/noticiaempauta.com\/portal\/picos-e-contemplada-com-mais-45-000m%c2%b2-de-asfalto-na-zona-urbana\/","name":"Picos \u00e9 contemplada com mais 45.000m\u00b2 de asfalto na zona urbana - Portal Not\u00edcia em Pauta","isPartOf":{"@id":"https:\/\/noticiaempauta.com\/portal\/#website"},"primaryImageOfPage":{"@id":"https:\/\/noticiaempauta.com\/portal\/picos-e-contemplada-com-mais-45-000m%c2%b2-de-asfalto-na-zona-urbana\/#primaryimage"},"image":{"@id":"https:\/\/noticiaempauta.com\/portal\/picos-e-contemplada-com-mais-45-000m%c2%b2-de-asfalto-na-zona-urbana\/#primaryimage"},"thumbnailUrl":"https:\/\/noticiaempauta.com\/portal\/wp-content\/uploads\/2026\/03\/CCM_0943.webp","datePublished":"2026-03-11T18:23:28+00:00","dateModified":"2026-03-11T18:23:30+00:00","breadcrumb":{"@id":"https:\/\/noticiaempauta.com\/portal\/picos-e-contemplada-com-mais-45-000m%c2%b2-de-asfalto-na-zona-urbana\/#breadcrumb"},"inLanguage":"pt-BR","potentialAction":[{"@type":"ReadAction","target":["https:\/\/noticiaempauta.com\/portal\/picos-e-contemplada-com-mais-45-000m%c2%b2-de-asfalto-na-zona-urbana\/"]}]},{"@type":"ImageObject","inLanguage":"pt-BR","@id":"https:\/\/noticiaempauta.com\/portal\/picos-e-contemplada-com-mais-45-000m%c2%b2-de-asfalto-na-zona-urbana\/#primaryimage","url":"https:\/\/noticiaempauta.com\/portal\/wp-content\/uploads\/2026\/03\/CCM_0943.webp","contentUrl":"https:\/\/noticiaempauta.com\/portal\/wp-content\/uploads\/2026\/03\/CCM_0943.webp","width":640,"height":427},{"@type":"BreadcrumbList","@id":"https:\/\/noticiaempauta.com\/portal\/picos-e-contemplada-com-mais-45-000m%c2%b2-de-asfalto-na-zona-urbana\/#breadcrumb","itemListElement":[{"@type":"ListItem","position":1,"name":"P\u00e1gina Inicial","item":"https:\/\/noticiaempauta.com\/portal\/"},{"@type":"ListItem","position":2,"name":"Destaques","item":"https:\/\/noticiaempauta.com\/portal\/destaques-site\/"},{"@type":"ListItem","position":3,"name":"Picos \u00e9 contemplada com mais 45.000m\u00b2 de asfalto na zona urbana"}]},{"@type":"WebSite","@id":"https:\/\/noticiaempauta.com\/portal\/#website","url":"https:\/\/noticiaempauta.com\/portal\/","name":"Portal Not\u00edcia em Pauta","description":"Voc\u00ea bem informado","publisher":{"@id":"https:\/\/noticiaempauta.com\/portal\/#organization"},"potentialAction":[{"@type":"SearchAction","target":{"@type":"EntryPoint","urlTemplate":"https:\/\/noticiaempauta.com\/portal\/?s={search_term_string}"},"query-input":{"@type":"PropertyValueSpecification","valueRequired":true,"valueName":"search_term_string"}}],"inLanguage":"pt-BR"},{"@type":"Organization","@id":"https:\/\/noticiaempauta.com\/portal\/#organization","name":"Portal Not\u00edcia em Pauta","url":"https:\/\/noticiaempauta.com\/portal\/","logo":{"@type":"ImageObject","inLanguage":"pt-BR","@id":"https:\/\/noticiaempauta.com\/portal\/#\/schema\/logo\/image\/","url":"https:\/\/noticiaempauta.com\/portal\/wp-content\/uploads\/2022\/08\/logomarca_tema.fw_.png","contentUrl":"https:\/\/noticiaempauta.com\/portal\/wp-content\/uploads\/2022\/08\/logomarca_tema.fw_.png","width":400,"height":232,"caption":"Portal Not\u00edcia em Pauta"},"image":{"@id":"https:\/\/noticiaempauta.com\/portal\/#\/schema\/logo\/image\/"},"sameAs":["https:\/\/www.facebook.com\/Portal-Notcia-Em-Pauta-102292869264820\/","https:\/\/www.instagram.com\/portalnoticiaempauta\/"]},{"@type":"Person","@id":"https:\/\/noticiaempauta.com\/portal\/#\/schema\/person\/a74af43dd1ab3deca45f988c717d57ac","name":"Reda\u00e7\u00e3o","image":{"@type":"ImageObject","inLanguage":"pt-BR","@id":"https:\/\/noticiaempauta.com\/portal\/#\/schema\/person\/image\/","url":"https:\/\/secure.gravatar.com\/avatar\/03179346ecce6cdfc13361603e8f54242a90e5cde8618fa23c5c00aa2b0aadf3?s=96&d=mm&r=g","contentUrl":"https:\/\/secure.gravatar.com\/avatar\/03179346ecce6cdfc13361603e8f54242a90e5cde8618fa23c5c00aa2b0aadf3?s=96&d=mm&r=g","caption":"Reda\u00e7\u00e3o"},"sameAs":["https:\/\/noticiaempauta.com\/portal\/"],"url":"https:\/\/noticiaempauta.com\/portal\/author\/fernando\/"}]}},"_links":{"self":[{"href":"https:\/\/noticiaempauta.com\/portal\/wp-json\/wp\/v2\/posts\/286195","targetHints":{"allow":["GET"]}}],"collection":[{"href":"https:\/\/noticiaempauta.com\/portal\/wp-json\/wp\/v2\/posts"}],"about":[{"href":"https:\/\/noticiaempauta.com\/portal\/wp-json\/wp\/v2\/types\/post"}],"author":[{"embeddable":true,"href":"https:\/\/noticiaempauta.com\/portal\/wp-json\/wp\/v2\/users\/2"}],"replies":[{"embeddable":true,"href":"https:\/\/noticiaempauta.com\/portal\/wp-json\/wp\/v2\/comments?post=286195"}],"version-history":[{"count":2,"href":"https:\/\/noticiaempauta.com\/portal\/wp-json\/wp\/v2\/posts\/286195\/revisions"}],"predecessor-version":[{"id":286203,"href":"https:\/\/noticiaempauta.com\/portal\/wp-json\/wp\/v2\/posts\/286195\/revisions\/286203"}],"wp:featuredmedia":[{"embeddable":true,"href":"https:\/\/noticiaempauta.com\/portal\/wp-json\/wp\/v2\/media\/286198"}],"wp:attachment":[{"href":"https:\/\/noticiaempauta.com\/portal\/wp-json\/wp\/v2\/media?parent=286195"}],"wp:term":[{"taxonomy":"category","embeddable":true,"href":"https:\/\/noticiaempauta.com\/portal\/wp-json\/wp\/v2\/categories?post=286195"},{"taxonomy":"post_tag","embeddable":true,"href":"https:\/\/noticiaempauta.com\/portal\/wp-json\/wp\/v2\/tags?post=286195"}],"curies":[{"name":"wp","href":"https:\/\/api.w.org\/{rel}","templated":true}]}}