{"id":286204,"date":"2026-03-11T18:10:00","date_gmt":"2026-03-11T21:10:00","guid":{"rendered":"https:\/\/noticiaempauta.com\/portal\/?p=286204"},"modified":"2026-03-11T18:28:51","modified_gmt":"2026-03-11T21:28:51","slug":"prefeitura-de-massape-do-piaui-aciona-ministerio-publico-e-orgaos-de-controle-diante-de-problemas-no-abastecimento-de-agua","status":"publish","type":"post","link":"https:\/\/noticiaempauta.com\/portal\/prefeitura-de-massape-do-piaui-aciona-ministerio-publico-e-orgaos-de-controle-diante-de-problemas-no-abastecimento-de-agua\/","title":{"rendered":"Prefeitura de Massap\u00ea do Piau\u00ed aciona Minist\u00e9rio P\u00fablico e \u00f3rg\u00e3os de controle diante de problemas no abastecimento de \u00e1gua"},"content":{"rendered":"\n<p><\/p>\n\n\n\n<p>A Prefeitura Municipal de Massap\u00ea do Piau\u00ed adotou uma s\u00e9rie de medidas institucionais diante dos problemas de desabastecimento de \u00e1gua que v\u00eam afetando a popula\u00e7\u00e3o da zona urbana do munic\u00edpio nos \u00faltimos dias.<\/p>\n\n\n\n<figure class=\"wp-block-image size-full\"><img fetchpriority=\"high\" decoding=\"async\" width=\"1024\" height=\"629\" src=\"https:\/\/noticiaempauta.com\/portal\/wp-content\/uploads\/2024\/01\/agua_3-1024x629-1.jpg\" alt=\"\" class=\"wp-image-253945\" srcset=\"https:\/\/noticiaempauta.com\/portal\/wp-content\/uploads\/2024\/01\/agua_3-1024x629-1.jpg 1024w, https:\/\/noticiaempauta.com\/portal\/wp-content\/uploads\/2024\/01\/agua_3-1024x629-1-300x184.jpg 300w, https:\/\/noticiaempauta.com\/portal\/wp-content\/uploads\/2024\/01\/agua_3-1024x629-1-768x472.jpg 768w\" sizes=\"(max-width: 1024px) 100vw, 1024px\" \/><\/figure>\n\n\n\n<p>De acordo com a gest\u00e3o municipal, o prefeito e sua equipe administrativa t\u00eam acompanhado de perto a situa\u00e7\u00e3o e passaram a provocar oficialmente os \u00f3rg\u00e3os respons\u00e1veis pela fiscaliza\u00e7\u00e3o e regula\u00e7\u00e3o do servi\u00e7o, al\u00e9m da pr\u00f3pria empresa concession\u00e1ria respons\u00e1vel pelo abastecimento.<\/p>\n\n\n\n<p>Entre as medidas adotadas est\u00e1 o encaminhamento de den\u00fancia formal ao Minist\u00e9rio P\u00fablico do Estado do Piau\u00ed, solicitando a abertura de procedimento para apura\u00e7\u00e3o das irregularidades relacionadas \u00e0 presta\u00e7\u00e3o do servi\u00e7o de abastecimento de \u00e1gua no munic\u00edpio.<\/p>\n\n\n\n<p>Al\u00e9m disso, o Munic\u00edpio tamb\u00e9m reiterou den\u00fancia junto \u00e0 Ag\u00eancia de Regula\u00e7\u00e3o dos Servi\u00e7os P\u00fablicos Delegados do Estado do Piau\u00ed (AGRESPI), \u00f3rg\u00e3o respons\u00e1vel pela fiscaliza\u00e7\u00e3o da concess\u00e3o do servi\u00e7o, solicitando provid\u00eancias diante da situa\u00e7\u00e3o enfrentada pela popula\u00e7\u00e3o.<\/p>\n\n\n\n<p>Paralelamente, a gest\u00e3o municipal informou que segue cobrando insistentemente provid\u00eancias da empresa \u00c1guas do Piau\u00ed, por meio de seus diretores e gerentes, exigindo a imediata normaliza\u00e7\u00e3o do abastecimento.<\/p>\n\n\n\n<p>Segundo a Prefeitura, o problema est\u00e1 sendo tratado como uma quest\u00e3o de interesse p\u00fablico e de sa\u00fade p\u00fablica, j\u00e1 que o acesso \u00e0 \u00e1gua \u00e9 considerado um servi\u00e7o essencial para a popula\u00e7\u00e3o.<\/p>\n\n\n\n<p>\u201cEstamos tratando essa situa\u00e7\u00e3o com a m\u00e1xima seriedade. O Munic\u00edpio n\u00e3o pode se omitir diante de um problema dessa dimens\u00e3o, que afeta diretamente a vida das pessoas. Por isso estamos acionando todos os \u00f3rg\u00e3os competentes e cobrando provid\u00eancias da empresa respons\u00e1vel\u201d, destacou a gest\u00e3o municipal.<\/p>\n\n\n\n<p>A Prefeitura tamb\u00e9m informou que as autoridades estaduais j\u00e1 foram cientificadas da situa\u00e7\u00e3o, e que representantes pol\u00edticos est\u00e3o dialogando com a empresa respons\u00e1vel na tentativa de buscar solu\u00e7\u00f5es para o problema.<\/p>\n\n\n\n<p>Como parte das medidas de transpar\u00eancia e di\u00e1logo com a sociedade, a gest\u00e3o municipal anunciou ainda que dever\u00e1 convocar uma audi\u00eancia p\u00fablica para discutir a problem\u00e1tica do abastecimento de \u00e1gua no munic\u00edpio. A reuni\u00e3o dever\u00e1 contar com a participa\u00e7\u00e3o de representantes do Minist\u00e9rio P\u00fablico, da Defensoria P\u00fablica, da empresa concession\u00e1ria, de autoridades estaduais e da sociedade civil organizada.<\/p>\n\n\n\n<p>O objetivo \u00e9 debater a situa\u00e7\u00e3o, esclarecer a popula\u00e7\u00e3o e buscar encaminhamentos concretos para a regulariza\u00e7\u00e3o do servi\u00e7o.<\/p>\n\n\n\n<p>Enquanto isso, a Prefeitura refor\u00e7a que segue acompanhando a situa\u00e7\u00e3o e cobrando provid\u00eancias at\u00e9 que o abastecimento de \u00e1gua seja plenamente normalizado em Massap\u00ea do Piau\u00ed.<\/p>\n\n\n\n<p><\/p>\n","protected":false},"excerpt":{"rendered":"<p>A Prefeitura Municipal de Massap\u00ea do Piau\u00ed adotou uma s\u00e9rie de medidas institucionais diante dos problemas de desabastecimento de \u00e1gua que v\u00eam afetando a popula\u00e7\u00e3o da zona urbana do munic\u00edpio nos \u00faltimos dias. De acordo com a gest\u00e3o municipal, o prefeito e sua equipe administrativa t\u00eam acompanhado de perto a situa\u00e7\u00e3o e passaram a provocar [&hellip;]<\/p>\n","protected":false},"author":2,"featured_media":253945,"comment_status":"closed","ping_status":"closed","sticky":false,"template":"","format":"standard","meta":{"_mi_skip_tracking":false,"footnotes":""},"categories":[25,1,9,16],"tags":[],"class_list":["post-286204","post","type-post","status-publish","format-standard","has-post-thumbnail","hentry","category-destaques-site","category-geral","category-municipios","category-todas"],"acf":[],"yoast_head":"<!-- This site is optimized with the Yoast SEO Premium plugin v19.2 (Yoast SEO v26.9) - https:\/\/yoast.com\/product\/yoast-seo-premium-wordpress\/ -->\n<title>Prefeitura de Massap\u00ea do Piau\u00ed aciona Minist\u00e9rio P\u00fablico e \u00f3rg\u00e3os de controle diante de problemas no abastecimento de \u00e1gua - Portal Not\u00edcia em Pauta<\/title>\n<meta name=\"robots\" content=\"index, follow, max-snippet:-1, max-image-preview:large, max-video-preview:-1\" \/>\n<link rel=\"canonical\" href=\"https:\/\/noticiaempauta.com\/portal\/prefeitura-de-massape-do-piaui-aciona-ministerio-publico-e-orgaos-de-controle-diante-de-problemas-no-abastecimento-de-agua\/\" \/>\n<meta property=\"og:locale\" content=\"pt_BR\" \/>\n<meta property=\"og:type\" content=\"article\" \/>\n<meta property=\"og:title\" content=\"Prefeitura de Massap\u00ea do Piau\u00ed aciona Minist\u00e9rio P\u00fablico e \u00f3rg\u00e3os de controle diante de problemas no abastecimento de \u00e1gua\" \/>\n<meta property=\"og:description\" content=\"A Prefeitura Municipal de Massap\u00ea do Piau\u00ed adotou uma s\u00e9rie de medidas institucionais diante dos problemas de desabastecimento de \u00e1gua que v\u00eam afetando a popula\u00e7\u00e3o da zona urbana do munic\u00edpio nos \u00faltimos dias. De acordo com a gest\u00e3o municipal, o prefeito e sua equipe administrativa t\u00eam acompanhado de perto a situa\u00e7\u00e3o e passaram a provocar [&hellip;]\" \/>\n<meta property=\"og:url\" content=\"https:\/\/noticiaempauta.com\/portal\/prefeitura-de-massape-do-piaui-aciona-ministerio-publico-e-orgaos-de-controle-diante-de-problemas-no-abastecimento-de-agua\/\" \/>\n<meta property=\"og:site_name\" content=\"Portal Not\u00edcia em Pauta\" \/>\n<meta property=\"article:publisher\" content=\"https:\/\/www.facebook.com\/Portal-Notcia-Em-Pauta-102292869264820\/\" \/>\n<meta property=\"article:published_time\" content=\"2026-03-11T21:10:00+00:00\" \/>\n<meta property=\"article:modified_time\" content=\"2026-03-11T21:28:51+00:00\" \/>\n<meta property=\"og:image\" content=\"https:\/\/noticiaempauta.com\/portal\/wp-content\/uploads\/2024\/01\/agua_3-1024x629-1.jpg\" \/>\n\t<meta property=\"og:image:width\" content=\"1024\" \/>\n\t<meta property=\"og:image:height\" content=\"629\" \/>\n\t<meta property=\"og:image:type\" content=\"image\/jpeg\" \/>\n<meta name=\"author\" content=\"Reda\u00e7\u00e3o\" \/>\n<meta name=\"twitter:card\" content=\"summary_large_image\" \/>\n<meta name=\"twitter:label1\" content=\"Escrito por\" \/>\n\t<meta name=\"twitter:data1\" content=\"Reda\u00e7\u00e3o\" \/>\n\t<meta name=\"twitter:label2\" content=\"Est. tempo de leitura\" \/>\n\t<meta name=\"twitter:data2\" content=\"3 minutos\" \/>\n<script type=\"application\/ld+json\" class=\"yoast-schema-graph\">{\"@context\":\"https:\/\/schema.org\",\"@graph\":[{\"@type\":\"Article\",\"@id\":\"https:\/\/noticiaempauta.com\/portal\/prefeitura-de-massape-do-piaui-aciona-ministerio-publico-e-orgaos-de-controle-diante-de-problemas-no-abastecimento-de-agua\/#article\",\"isPartOf\":{\"@id\":\"https:\/\/noticiaempauta.com\/portal\/prefeitura-de-massape-do-piaui-aciona-ministerio-publico-e-orgaos-de-controle-diante-de-problemas-no-abastecimento-de-agua\/\"},\"author\":{\"name\":\"Reda\u00e7\u00e3o\",\"@id\":\"https:\/\/noticiaempauta.com\/portal\/#\/schema\/person\/a74af43dd1ab3deca45f988c717d57ac\"},\"headline\":\"Prefeitura de Massap\u00ea do Piau\u00ed aciona Minist\u00e9rio P\u00fablico e \u00f3rg\u00e3os de controle diante de problemas no abastecimento de \u00e1gua\",\"datePublished\":\"2026-03-11T21:10:00+00:00\",\"dateModified\":\"2026-03-11T21:28:51+00:00\",\"mainEntityOfPage\":{\"@id\":\"https:\/\/noticiaempauta.com\/portal\/prefeitura-de-massape-do-piaui-aciona-ministerio-publico-e-orgaos-de-controle-diante-de-problemas-no-abastecimento-de-agua\/\"},\"wordCount\":485,\"publisher\":{\"@id\":\"https:\/\/noticiaempauta.com\/portal\/#organization\"},\"image\":{\"@id\":\"https:\/\/noticiaempauta.com\/portal\/prefeitura-de-massape-do-piaui-aciona-ministerio-publico-e-orgaos-de-controle-diante-de-problemas-no-abastecimento-de-agua\/#primaryimage\"},\"thumbnailUrl\":\"https:\/\/noticiaempauta.com\/portal\/wp-content\/uploads\/2024\/01\/agua_3-1024x629-1.jpg\",\"articleSection\":[\"Destaques\",\"Geral\",\"Munic\u00edpios\",\"Todas as Not\u00edcias\"],\"inLanguage\":\"pt-BR\"},{\"@type\":\"WebPage\",\"@id\":\"https:\/\/noticiaempauta.com\/portal\/prefeitura-de-massape-do-piaui-aciona-ministerio-publico-e-orgaos-de-controle-diante-de-problemas-no-abastecimento-de-agua\/\",\"url\":\"https:\/\/noticiaempauta.com\/portal\/prefeitura-de-massape-do-piaui-aciona-ministerio-publico-e-orgaos-de-controle-diante-de-problemas-no-abastecimento-de-agua\/\",\"name\":\"Prefeitura de Massap\u00ea do Piau\u00ed aciona Minist\u00e9rio P\u00fablico e \u00f3rg\u00e3os de controle diante de problemas no abastecimento de \u00e1gua - Portal Not\u00edcia em Pauta\",\"isPartOf\":{\"@id\":\"https:\/\/noticiaempauta.com\/portal\/#website\"},\"primaryImageOfPage\":{\"@id\":\"https:\/\/noticiaempauta.com\/portal\/prefeitura-de-massape-do-piaui-aciona-ministerio-publico-e-orgaos-de-controle-diante-de-problemas-no-abastecimento-de-agua\/#primaryimage\"},\"image\":{\"@id\":\"https:\/\/noticiaempauta.com\/portal\/prefeitura-de-massape-do-piaui-aciona-ministerio-publico-e-orgaos-de-controle-diante-de-problemas-no-abastecimento-de-agua\/#primaryimage\"},\"thumbnailUrl\":\"https:\/\/noticiaempauta.com\/portal\/wp-content\/uploads\/2024\/01\/agua_3-1024x629-1.jpg\",\"datePublished\":\"2026-03-11T21:10:00+00:00\",\"dateModified\":\"2026-03-11T21:28:51+00:00\",\"breadcrumb\":{\"@id\":\"https:\/\/noticiaempauta.com\/portal\/prefeitura-de-massape-do-piaui-aciona-ministerio-publico-e-orgaos-de-controle-diante-de-problemas-no-abastecimento-de-agua\/#breadcrumb\"},\"inLanguage\":\"pt-BR\",\"potentialAction\":[{\"@type\":\"ReadAction\",\"target\":[\"https:\/\/noticiaempauta.com\/portal\/prefeitura-de-massape-do-piaui-aciona-ministerio-publico-e-orgaos-de-controle-diante-de-problemas-no-abastecimento-de-agua\/\"]}]},{\"@type\":\"ImageObject\",\"inLanguage\":\"pt-BR\",\"@id\":\"https:\/\/noticiaempauta.com\/portal\/prefeitura-de-massape-do-piaui-aciona-ministerio-publico-e-orgaos-de-controle-diante-de-problemas-no-abastecimento-de-agua\/#primaryimage\",\"url\":\"https:\/\/noticiaempauta.com\/portal\/wp-content\/uploads\/2024\/01\/agua_3-1024x629-1.jpg\",\"contentUrl\":\"https:\/\/noticiaempauta.com\/portal\/wp-content\/uploads\/2024\/01\/agua_3-1024x629-1.jpg\",\"width\":1024,\"height\":629,\"caption\":\"BIE - Banco de Imagens Externas da Ag\u00eancia Senado. Com risco de escassez de \u00e1gua, parlamentares prop\u00f5em combate ao desperd\u00edcio. Os parlamentares ouviram especialistas e avan\u00e7aram na vota\u00e7\u00e3o de projetos para promover o uso racional de recursos h\u00eddricos. O Projeto de Lei do Senado (PLS) 112\/2013, que tem esse objetivo, foi aprovado no primeiro semestre pela Comiss\u00e3o de Assuntos Sociais (CAS) e que aguarda delibera\u00e7\u00e3o da Comiss\u00e3o de Meio Ambiente, Defesa do Consumidor e Fiscaliza\u00e7\u00e3o e Controle (CMA), onde ser\u00e1 votado em decis\u00e3o terminativa. Cr\u00e9dito: Pedro Fran\u00e7a\/Ag\u00eancia Senado\"},{\"@type\":\"BreadcrumbList\",\"@id\":\"https:\/\/noticiaempauta.com\/portal\/prefeitura-de-massape-do-piaui-aciona-ministerio-publico-e-orgaos-de-controle-diante-de-problemas-no-abastecimento-de-agua\/#breadcrumb\",\"itemListElement\":[{\"@type\":\"ListItem\",\"position\":1,\"name\":\"P\u00e1gina Inicial\",\"item\":\"https:\/\/noticiaempauta.com\/portal\/\"},{\"@type\":\"ListItem\",\"position\":2,\"name\":\"Destaques\",\"item\":\"https:\/\/noticiaempauta.com\/portal\/destaques-site\/\"},{\"@type\":\"ListItem\",\"position\":3,\"name\":\"Prefeitura de Massap\u00ea do Piau\u00ed aciona Minist\u00e9rio P\u00fablico e \u00f3rg\u00e3os de controle diante de problemas no abastecimento de \u00e1gua\"}]},{\"@type\":\"WebSite\",\"@id\":\"https:\/\/noticiaempauta.com\/portal\/#website\",\"url\":\"https:\/\/noticiaempauta.com\/portal\/\",\"name\":\"Portal Not\u00edcia em Pauta\",\"description\":\"Voc\u00ea bem informado\",\"publisher\":{\"@id\":\"https:\/\/noticiaempauta.com\/portal\/#organization\"},\"potentialAction\":[{\"@type\":\"SearchAction\",\"target\":{\"@type\":\"EntryPoint\",\"urlTemplate\":\"https:\/\/noticiaempauta.com\/portal\/?s={search_term_string}\"},\"query-input\":{\"@type\":\"PropertyValueSpecification\",\"valueRequired\":true,\"valueName\":\"search_term_string\"}}],\"inLanguage\":\"pt-BR\"},{\"@type\":\"Organization\",\"@id\":\"https:\/\/noticiaempauta.com\/portal\/#organization\",\"name\":\"Portal Not\u00edcia em Pauta\",\"url\":\"https:\/\/noticiaempauta.com\/portal\/\",\"logo\":{\"@type\":\"ImageObject\",\"inLanguage\":\"pt-BR\",\"@id\":\"https:\/\/noticiaempauta.com\/portal\/#\/schema\/logo\/image\/\",\"url\":\"https:\/\/noticiaempauta.com\/portal\/wp-content\/uploads\/2022\/08\/logomarca_tema.fw_.png\",\"contentUrl\":\"https:\/\/noticiaempauta.com\/portal\/wp-content\/uploads\/2022\/08\/logomarca_tema.fw_.png\",\"width\":400,\"height\":232,\"caption\":\"Portal Not\u00edcia em Pauta\"},\"image\":{\"@id\":\"https:\/\/noticiaempauta.com\/portal\/#\/schema\/logo\/image\/\"},\"sameAs\":[\"https:\/\/www.facebook.com\/Portal-Notcia-Em-Pauta-102292869264820\/\",\"https:\/\/www.instagram.com\/portalnoticiaempauta\/\"]},{\"@type\":\"Person\",\"@id\":\"https:\/\/noticiaempauta.com\/portal\/#\/schema\/person\/a74af43dd1ab3deca45f988c717d57ac\",\"name\":\"Reda\u00e7\u00e3o\",\"image\":{\"@type\":\"ImageObject\",\"inLanguage\":\"pt-BR\",\"@id\":\"https:\/\/noticiaempauta.com\/portal\/#\/schema\/person\/image\/\",\"url\":\"https:\/\/secure.gravatar.com\/avatar\/03179346ecce6cdfc13361603e8f54242a90e5cde8618fa23c5c00aa2b0aadf3?s=96&d=mm&r=g\",\"contentUrl\":\"https:\/\/secure.gravatar.com\/avatar\/03179346ecce6cdfc13361603e8f54242a90e5cde8618fa23c5c00aa2b0aadf3?s=96&d=mm&r=g\",\"caption\":\"Reda\u00e7\u00e3o\"},\"sameAs\":[\"https:\/\/noticiaempauta.com\/portal\/\"],\"url\":\"https:\/\/noticiaempauta.com\/portal\/author\/fernando\/\"}]}<\/script>\n<!-- \/ Yoast SEO Premium plugin. -->","yoast_head_json":{"title":"Prefeitura de Massap\u00ea do Piau\u00ed aciona Minist\u00e9rio P\u00fablico e \u00f3rg\u00e3os de controle diante de problemas no abastecimento de \u00e1gua - Portal Not\u00edcia em Pauta","robots":{"index":"index","follow":"follow","max-snippet":"max-snippet:-1","max-image-preview":"max-image-preview:large","max-video-preview":"max-video-preview:-1"},"canonical":"https:\/\/noticiaempauta.com\/portal\/prefeitura-de-massape-do-piaui-aciona-ministerio-publico-e-orgaos-de-controle-diante-de-problemas-no-abastecimento-de-agua\/","og_locale":"pt_BR","og_type":"article","og_title":"Prefeitura de Massap\u00ea do Piau\u00ed aciona Minist\u00e9rio P\u00fablico e \u00f3rg\u00e3os de controle diante de problemas no abastecimento de \u00e1gua","og_description":"A Prefeitura Municipal de Massap\u00ea do Piau\u00ed adotou uma s\u00e9rie de medidas institucionais diante dos problemas de desabastecimento de \u00e1gua que v\u00eam afetando a popula\u00e7\u00e3o da zona urbana do munic\u00edpio nos \u00faltimos dias. De acordo com a gest\u00e3o municipal, o prefeito e sua equipe administrativa t\u00eam acompanhado de perto a situa\u00e7\u00e3o e passaram a provocar [&hellip;]","og_url":"https:\/\/noticiaempauta.com\/portal\/prefeitura-de-massape-do-piaui-aciona-ministerio-publico-e-orgaos-de-controle-diante-de-problemas-no-abastecimento-de-agua\/","og_site_name":"Portal Not\u00edcia em Pauta","article_publisher":"https:\/\/www.facebook.com\/Portal-Notcia-Em-Pauta-102292869264820\/","article_published_time":"2026-03-11T21:10:00+00:00","article_modified_time":"2026-03-11T21:28:51+00:00","og_image":[{"width":1024,"height":629,"url":"https:\/\/noticiaempauta.com\/portal\/wp-content\/uploads\/2024\/01\/agua_3-1024x629-1.jpg","type":"image\/jpeg"}],"author":"Reda\u00e7\u00e3o","twitter_card":"summary_large_image","twitter_misc":{"Escrito por":"Reda\u00e7\u00e3o","Est. tempo de leitura":"3 minutos"},"schema":{"@context":"https:\/\/schema.org","@graph":[{"@type":"Article","@id":"https:\/\/noticiaempauta.com\/portal\/prefeitura-de-massape-do-piaui-aciona-ministerio-publico-e-orgaos-de-controle-diante-de-problemas-no-abastecimento-de-agua\/#article","isPartOf":{"@id":"https:\/\/noticiaempauta.com\/portal\/prefeitura-de-massape-do-piaui-aciona-ministerio-publico-e-orgaos-de-controle-diante-de-problemas-no-abastecimento-de-agua\/"},"author":{"name":"Reda\u00e7\u00e3o","@id":"https:\/\/noticiaempauta.com\/portal\/#\/schema\/person\/a74af43dd1ab3deca45f988c717d57ac"},"headline":"Prefeitura de Massap\u00ea do Piau\u00ed aciona Minist\u00e9rio P\u00fablico e \u00f3rg\u00e3os de controle diante de problemas no abastecimento de \u00e1gua","datePublished":"2026-03-11T21:10:00+00:00","dateModified":"2026-03-11T21:28:51+00:00","mainEntityOfPage":{"@id":"https:\/\/noticiaempauta.com\/portal\/prefeitura-de-massape-do-piaui-aciona-ministerio-publico-e-orgaos-de-controle-diante-de-problemas-no-abastecimento-de-agua\/"},"wordCount":485,"publisher":{"@id":"https:\/\/noticiaempauta.com\/portal\/#organization"},"image":{"@id":"https:\/\/noticiaempauta.com\/portal\/prefeitura-de-massape-do-piaui-aciona-ministerio-publico-e-orgaos-de-controle-diante-de-problemas-no-abastecimento-de-agua\/#primaryimage"},"thumbnailUrl":"https:\/\/noticiaempauta.com\/portal\/wp-content\/uploads\/2024\/01\/agua_3-1024x629-1.jpg","articleSection":["Destaques","Geral","Munic\u00edpios","Todas as Not\u00edcias"],"inLanguage":"pt-BR"},{"@type":"WebPage","@id":"https:\/\/noticiaempauta.com\/portal\/prefeitura-de-massape-do-piaui-aciona-ministerio-publico-e-orgaos-de-controle-diante-de-problemas-no-abastecimento-de-agua\/","url":"https:\/\/noticiaempauta.com\/portal\/prefeitura-de-massape-do-piaui-aciona-ministerio-publico-e-orgaos-de-controle-diante-de-problemas-no-abastecimento-de-agua\/","name":"Prefeitura de Massap\u00ea do Piau\u00ed aciona Minist\u00e9rio P\u00fablico e \u00f3rg\u00e3os de controle diante de problemas no abastecimento de \u00e1gua - Portal Not\u00edcia em Pauta","isPartOf":{"@id":"https:\/\/noticiaempauta.com\/portal\/#website"},"primaryImageOfPage":{"@id":"https:\/\/noticiaempauta.com\/portal\/prefeitura-de-massape-do-piaui-aciona-ministerio-publico-e-orgaos-de-controle-diante-de-problemas-no-abastecimento-de-agua\/#primaryimage"},"image":{"@id":"https:\/\/noticiaempauta.com\/portal\/prefeitura-de-massape-do-piaui-aciona-ministerio-publico-e-orgaos-de-controle-diante-de-problemas-no-abastecimento-de-agua\/#primaryimage"},"thumbnailUrl":"https:\/\/noticiaempauta.com\/portal\/wp-content\/uploads\/2024\/01\/agua_3-1024x629-1.jpg","datePublished":"2026-03-11T21:10:00+00:00","dateModified":"2026-03-11T21:28:51+00:00","breadcrumb":{"@id":"https:\/\/noticiaempauta.com\/portal\/prefeitura-de-massape-do-piaui-aciona-ministerio-publico-e-orgaos-de-controle-diante-de-problemas-no-abastecimento-de-agua\/#breadcrumb"},"inLanguage":"pt-BR","potentialAction":[{"@type":"ReadAction","target":["https:\/\/noticiaempauta.com\/portal\/prefeitura-de-massape-do-piaui-aciona-ministerio-publico-e-orgaos-de-controle-diante-de-problemas-no-abastecimento-de-agua\/"]}]},{"@type":"ImageObject","inLanguage":"pt-BR","@id":"https:\/\/noticiaempauta.com\/portal\/prefeitura-de-massape-do-piaui-aciona-ministerio-publico-e-orgaos-de-controle-diante-de-problemas-no-abastecimento-de-agua\/#primaryimage","url":"https:\/\/noticiaempauta.com\/portal\/wp-content\/uploads\/2024\/01\/agua_3-1024x629-1.jpg","contentUrl":"https:\/\/noticiaempauta.com\/portal\/wp-content\/uploads\/2024\/01\/agua_3-1024x629-1.jpg","width":1024,"height":629,"caption":"BIE - Banco de Imagens Externas da Ag\u00eancia Senado. Com risco de escassez de \u00e1gua, parlamentares prop\u00f5em combate ao desperd\u00edcio. Os parlamentares ouviram especialistas e avan\u00e7aram na vota\u00e7\u00e3o de projetos para promover o uso racional de recursos h\u00eddricos. O Projeto de Lei do Senado (PLS) 112\/2013, que tem esse objetivo, foi aprovado no primeiro semestre pela Comiss\u00e3o de Assuntos Sociais (CAS) e que aguarda delibera\u00e7\u00e3o da Comiss\u00e3o de Meio Ambiente, Defesa do Consumidor e Fiscaliza\u00e7\u00e3o e Controle (CMA), onde ser\u00e1 votado em decis\u00e3o terminativa. Cr\u00e9dito: Pedro Fran\u00e7a\/Ag\u00eancia Senado"},{"@type":"BreadcrumbList","@id":"https:\/\/noticiaempauta.com\/portal\/prefeitura-de-massape-do-piaui-aciona-ministerio-publico-e-orgaos-de-controle-diante-de-problemas-no-abastecimento-de-agua\/#breadcrumb","itemListElement":[{"@type":"ListItem","position":1,"name":"P\u00e1gina Inicial","item":"https:\/\/noticiaempauta.com\/portal\/"},{"@type":"ListItem","position":2,"name":"Destaques","item":"https:\/\/noticiaempauta.com\/portal\/destaques-site\/"},{"@type":"ListItem","position":3,"name":"Prefeitura de Massap\u00ea do Piau\u00ed aciona Minist\u00e9rio P\u00fablico e \u00f3rg\u00e3os de controle diante de problemas no abastecimento de \u00e1gua"}]},{"@type":"WebSite","@id":"https:\/\/noticiaempauta.com\/portal\/#website","url":"https:\/\/noticiaempauta.com\/portal\/","name":"Portal Not\u00edcia em Pauta","description":"Voc\u00ea bem informado","publisher":{"@id":"https:\/\/noticiaempauta.com\/portal\/#organization"},"potentialAction":[{"@type":"SearchAction","target":{"@type":"EntryPoint","urlTemplate":"https:\/\/noticiaempauta.com\/portal\/?s={search_term_string}"},"query-input":{"@type":"PropertyValueSpecification","valueRequired":true,"valueName":"search_term_string"}}],"inLanguage":"pt-BR"},{"@type":"Organization","@id":"https:\/\/noticiaempauta.com\/portal\/#organization","name":"Portal Not\u00edcia em Pauta","url":"https:\/\/noticiaempauta.com\/portal\/","logo":{"@type":"ImageObject","inLanguage":"pt-BR","@id":"https:\/\/noticiaempauta.com\/portal\/#\/schema\/logo\/image\/","url":"https:\/\/noticiaempauta.com\/portal\/wp-content\/uploads\/2022\/08\/logomarca_tema.fw_.png","contentUrl":"https:\/\/noticiaempauta.com\/portal\/wp-content\/uploads\/2022\/08\/logomarca_tema.fw_.png","width":400,"height":232,"caption":"Portal Not\u00edcia em Pauta"},"image":{"@id":"https:\/\/noticiaempauta.com\/portal\/#\/schema\/logo\/image\/"},"sameAs":["https:\/\/www.facebook.com\/Portal-Notcia-Em-Pauta-102292869264820\/","https:\/\/www.instagram.com\/portalnoticiaempauta\/"]},{"@type":"Person","@id":"https:\/\/noticiaempauta.com\/portal\/#\/schema\/person\/a74af43dd1ab3deca45f988c717d57ac","name":"Reda\u00e7\u00e3o","image":{"@type":"ImageObject","inLanguage":"pt-BR","@id":"https:\/\/noticiaempauta.com\/portal\/#\/schema\/person\/image\/","url":"https:\/\/secure.gravatar.com\/avatar\/03179346ecce6cdfc13361603e8f54242a90e5cde8618fa23c5c00aa2b0aadf3?s=96&d=mm&r=g","contentUrl":"https:\/\/secure.gravatar.com\/avatar\/03179346ecce6cdfc13361603e8f54242a90e5cde8618fa23c5c00aa2b0aadf3?s=96&d=mm&r=g","caption":"Reda\u00e7\u00e3o"},"sameAs":["https:\/\/noticiaempauta.com\/portal\/"],"url":"https:\/\/noticiaempauta.com\/portal\/author\/fernando\/"}]}},"_links":{"self":[{"href":"https:\/\/noticiaempauta.com\/portal\/wp-json\/wp\/v2\/posts\/286204","targetHints":{"allow":["GET"]}}],"collection":[{"href":"https:\/\/noticiaempauta.com\/portal\/wp-json\/wp\/v2\/posts"}],"about":[{"href":"https:\/\/noticiaempauta.com\/portal\/wp-json\/wp\/v2\/types\/post"}],"author":[{"embeddable":true,"href":"https:\/\/noticiaempauta.com\/portal\/wp-json\/wp\/v2\/users\/2"}],"replies":[{"embeddable":true,"href":"https:\/\/noticiaempauta.com\/portal\/wp-json\/wp\/v2\/comments?post=286204"}],"version-history":[{"count":3,"href":"https:\/\/noticiaempauta.com\/portal\/wp-json\/wp\/v2\/posts\/286204\/revisions"}],"predecessor-version":[{"id":286208,"href":"https:\/\/noticiaempauta.com\/portal\/wp-json\/wp\/v2\/posts\/286204\/revisions\/286208"}],"wp:featuredmedia":[{"embeddable":true,"href":"https:\/\/noticiaempauta.com\/portal\/wp-json\/wp\/v2\/media\/253945"}],"wp:attachment":[{"href":"https:\/\/noticiaempauta.com\/portal\/wp-json\/wp\/v2\/media?parent=286204"}],"wp:term":[{"taxonomy":"category","embeddable":true,"href":"https:\/\/noticiaempauta.com\/portal\/wp-json\/wp\/v2\/categories?post=286204"},{"taxonomy":"post_tag","embeddable":true,"href":"https:\/\/noticiaempauta.com\/portal\/wp-json\/wp\/v2\/tags?post=286204"}],"curies":[{"name":"wp","href":"https:\/\/api.w.org\/{rel}","templated":true}]}}