{"id":286222,"date":"2026-03-12T10:28:50","date_gmt":"2026-03-12T13:28:50","guid":{"rendered":"https:\/\/noticiaempauta.com\/portal\/?p=286222"},"modified":"2026-03-12T10:28:52","modified_gmt":"2026-03-12T13:28:52","slug":"5a-copa-amvi-gestao-dr-wilton-reforca-apoio-a-selecao-de-massape-do-piaui-jogo-de-abertura-acontece-neste-sabado-14","status":"publish","type":"post","link":"https:\/\/noticiaempauta.com\/portal\/5a-copa-amvi-gestao-dr-wilton-reforca-apoio-a-selecao-de-massape-do-piaui-jogo-de-abertura-acontece-neste-sabado-14\/","title":{"rendered":"5\u00aa Copa AMVI: Gest\u00e3o Dr. Wilton refor\u00e7a apoio a Sele\u00e7\u00e3o de Massap\u00ea do Piau\u00ed; jogo de abertura acontece neste s\u00e1bado (14)"},"content":{"rendered":"\n<p>A sele\u00e7\u00e3o de Massap\u00ea do Piau\u00ed disputar\u00e1 seu primeiro jogo na 5\u00aa edi\u00e7\u00e3o da Copa AMVI, em partida que integra a\u00a0abertura da competi\u00e7\u00e3o regional de futebol que acontece neste s\u00e1bado 14 de mar\u00e7o.<\/p>\n\n\n\n<p>O jogo ser\u00e1 realizado na Arena Acau\u00e3, no munic\u00edpio de Acau\u00e3, com\u00a0cerim\u00f4nia de abertura marcada para as 16h\u00a0e\u00a0in\u00edcio da partida entre Acau\u00e3 e Massap\u00ea \u00e0s 17h.<\/p>\n\n\n\n<figure class=\"wp-block-image size-full\"><img fetchpriority=\"high\" decoding=\"async\" width=\"640\" height=\"320\" src=\"https:\/\/noticiaempauta.com\/portal\/wp-content\/uploads\/2026\/03\/eff0afeb13626a533fd615231f982fc6_.webp\" alt=\"\" class=\"wp-image-286223\" srcset=\"https:\/\/noticiaempauta.com\/portal\/wp-content\/uploads\/2026\/03\/eff0afeb13626a533fd615231f982fc6_.webp 640w, https:\/\/noticiaempauta.com\/portal\/wp-content\/uploads\/2026\/03\/eff0afeb13626a533fd615231f982fc6_-300x150.webp 300w\" sizes=\"(max-width: 640px) 100vw, 640px\" \/><\/figure>\n\n\n\n<p>A participa\u00e7\u00e3o da sele\u00e7\u00e3o de Massap\u00ea do Piau\u00ed integra as a\u00e7\u00f5es de incentivo ao esporte no munic\u00edpio, promovidas pela\u00a0Prefeitura Municipal de Massap\u00ea do Piau\u00ed, atrav\u00e9s do prefeito Dr. Wilton, que tem priorizado buscar fortalecer o futebol local e ampliar as oportunidades de participa\u00e7\u00e3o dos atletas em competi\u00e7\u00f5es regionais.<\/p>\n\n\n\n<p>A Copa AMVI re\u00fane sele\u00e7\u00f5es\u00a0de munic\u00edpios da regi\u00e3o do Vale do Itaim, promovendo integra\u00e7\u00e3o entre as cidades e valorizando o esporte como ferramenta de lazer, conviv\u00eancia e desenvolvimento social.<\/p>\n\n\n\n<p>Al\u00e9m da partida de abertura,\u00a0a primeira rodada da competi\u00e7\u00e3o continua no domingo, 15 de mar\u00e7o, com outros dois jogos:\u00a0Caridade do Piau\u00ed x Bel\u00e9m do Piau\u00ed, no Est\u00e1dio Arauj\u00e3o, em Caridade do Piau\u00ed, \u00e0s 16h; e\u00a0Curral Novo do Piau\u00ed x Sim\u00f5es, no Est\u00e1dio Chapad\u00e3o, em Curral Novo do Piau\u00ed, \u00e0s 17h.<\/p>\n\n\n\n<p>A expectativa \u00e9 de grande participa\u00e7\u00e3o dos torcedores de Massap\u00ea do Piau\u00ed\u00a0no jogo de estreira da sele\u00e7\u00e3o na 5\u00aa\u00a0Copa AMVI\u00a0da sele\u00e7\u00e3o, incentivando os atletas e contribuindo para o fortalecimento do futebol regional.<\/p>\n\n\n\n<p><\/p>\n","protected":false},"excerpt":{"rendered":"<p>A sele\u00e7\u00e3o de Massap\u00ea do Piau\u00ed disputar\u00e1 seu primeiro jogo na 5\u00aa edi\u00e7\u00e3o da Copa AMVI, em partida que integra a\u00a0abertura da competi\u00e7\u00e3o regional de futebol que acontece neste s\u00e1bado 14 de mar\u00e7o. O jogo ser\u00e1 realizado na Arena Acau\u00e3, no munic\u00edpio de Acau\u00e3, com\u00a0cerim\u00f4nia de abertura marcada para as 16h\u00a0e\u00a0in\u00edcio da partida entre Acau\u00e3 [&hellip;]<\/p>\n","protected":false},"author":2,"featured_media":286223,"comment_status":"closed","ping_status":"closed","sticky":false,"template":"","format":"standard","meta":{"_mi_skip_tracking":false,"footnotes":""},"categories":[25,26,1,9,16],"tags":[],"class_list":["post-286222","post","type-post","status-publish","format-standard","has-post-thumbnail","hentry","category-destaques-site","category-esporte","category-geral","category-municipios","category-todas"],"acf":[],"yoast_head":"<!-- This site is optimized with the Yoast SEO Premium plugin v19.2 (Yoast SEO v26.9) - https:\/\/yoast.com\/product\/yoast-seo-premium-wordpress\/ -->\n<title>5\u00aa Copa AMVI: Gest\u00e3o Dr. Wilton refor\u00e7a apoio a Sele\u00e7\u00e3o de Massap\u00ea do Piau\u00ed; jogo de abertura acontece neste s\u00e1bado (14) - Portal Not\u00edcia em Pauta<\/title>\n<meta name=\"robots\" content=\"index, follow, max-snippet:-1, max-image-preview:large, max-video-preview:-1\" \/>\n<link rel=\"canonical\" href=\"https:\/\/noticiaempauta.com\/portal\/5a-copa-amvi-gestao-dr-wilton-reforca-apoio-a-selecao-de-massape-do-piaui-jogo-de-abertura-acontece-neste-sabado-14\/\" \/>\n<meta property=\"og:locale\" content=\"pt_BR\" \/>\n<meta property=\"og:type\" content=\"article\" \/>\n<meta property=\"og:title\" content=\"5\u00aa Copa AMVI: Gest\u00e3o Dr. Wilton refor\u00e7a apoio a Sele\u00e7\u00e3o de Massap\u00ea do Piau\u00ed; jogo de abertura acontece neste s\u00e1bado (14)\" \/>\n<meta property=\"og:description\" content=\"A sele\u00e7\u00e3o de Massap\u00ea do Piau\u00ed disputar\u00e1 seu primeiro jogo na 5\u00aa edi\u00e7\u00e3o da Copa AMVI, em partida que integra a\u00a0abertura da competi\u00e7\u00e3o regional de futebol que acontece neste s\u00e1bado 14 de mar\u00e7o. O jogo ser\u00e1 realizado na Arena Acau\u00e3, no munic\u00edpio de Acau\u00e3, com\u00a0cerim\u00f4nia de abertura marcada para as 16h\u00a0e\u00a0in\u00edcio da partida entre Acau\u00e3 [&hellip;]\" \/>\n<meta property=\"og:url\" content=\"https:\/\/noticiaempauta.com\/portal\/5a-copa-amvi-gestao-dr-wilton-reforca-apoio-a-selecao-de-massape-do-piaui-jogo-de-abertura-acontece-neste-sabado-14\/\" \/>\n<meta property=\"og:site_name\" content=\"Portal Not\u00edcia em Pauta\" \/>\n<meta property=\"article:publisher\" content=\"https:\/\/www.facebook.com\/Portal-Notcia-Em-Pauta-102292869264820\/\" \/>\n<meta property=\"article:published_time\" content=\"2026-03-12T13:28:50+00:00\" \/>\n<meta property=\"article:modified_time\" content=\"2026-03-12T13:28:52+00:00\" \/>\n<meta property=\"og:image\" content=\"https:\/\/noticiaempauta.com\/portal\/wp-content\/uploads\/2026\/03\/eff0afeb13626a533fd615231f982fc6_.webp\" \/>\n\t<meta property=\"og:image:width\" content=\"640\" \/>\n\t<meta property=\"og:image:height\" content=\"320\" \/>\n\t<meta property=\"og:image:type\" content=\"image\/webp\" \/>\n<meta name=\"author\" content=\"Reda\u00e7\u00e3o\" \/>\n<meta name=\"twitter:card\" content=\"summary_large_image\" \/>\n<meta name=\"twitter:label1\" content=\"Escrito por\" \/>\n\t<meta name=\"twitter:data1\" content=\"Reda\u00e7\u00e3o\" \/>\n\t<meta name=\"twitter:label2\" content=\"Est. tempo de leitura\" \/>\n\t<meta name=\"twitter:data2\" content=\"2 minutos\" \/>\n<script type=\"application\/ld+json\" class=\"yoast-schema-graph\">{\"@context\":\"https:\/\/schema.org\",\"@graph\":[{\"@type\":\"Article\",\"@id\":\"https:\/\/noticiaempauta.com\/portal\/5a-copa-amvi-gestao-dr-wilton-reforca-apoio-a-selecao-de-massape-do-piaui-jogo-de-abertura-acontece-neste-sabado-14\/#article\",\"isPartOf\":{\"@id\":\"https:\/\/noticiaempauta.com\/portal\/5a-copa-amvi-gestao-dr-wilton-reforca-apoio-a-selecao-de-massape-do-piaui-jogo-de-abertura-acontece-neste-sabado-14\/\"},\"author\":{\"name\":\"Reda\u00e7\u00e3o\",\"@id\":\"https:\/\/noticiaempauta.com\/portal\/#\/schema\/person\/a74af43dd1ab3deca45f988c717d57ac\"},\"headline\":\"5\u00aa Copa AMVI: Gest\u00e3o Dr. Wilton refor\u00e7a apoio a Sele\u00e7\u00e3o de Massap\u00ea do Piau\u00ed; jogo de abertura acontece neste s\u00e1bado (14)\",\"datePublished\":\"2026-03-12T13:28:50+00:00\",\"dateModified\":\"2026-03-12T13:28:52+00:00\",\"mainEntityOfPage\":{\"@id\":\"https:\/\/noticiaempauta.com\/portal\/5a-copa-amvi-gestao-dr-wilton-reforca-apoio-a-selecao-de-massape-do-piaui-jogo-de-abertura-acontece-neste-sabado-14\/\"},\"wordCount\":281,\"publisher\":{\"@id\":\"https:\/\/noticiaempauta.com\/portal\/#organization\"},\"image\":{\"@id\":\"https:\/\/noticiaempauta.com\/portal\/5a-copa-amvi-gestao-dr-wilton-reforca-apoio-a-selecao-de-massape-do-piaui-jogo-de-abertura-acontece-neste-sabado-14\/#primaryimage\"},\"thumbnailUrl\":\"https:\/\/noticiaempauta.com\/portal\/wp-content\/uploads\/2026\/03\/eff0afeb13626a533fd615231f982fc6_.webp\",\"articleSection\":[\"Destaques\",\"Esporte\",\"Geral\",\"Munic\u00edpios\",\"Todas as Not\u00edcias\"],\"inLanguage\":\"pt-BR\"},{\"@type\":\"WebPage\",\"@id\":\"https:\/\/noticiaempauta.com\/portal\/5a-copa-amvi-gestao-dr-wilton-reforca-apoio-a-selecao-de-massape-do-piaui-jogo-de-abertura-acontece-neste-sabado-14\/\",\"url\":\"https:\/\/noticiaempauta.com\/portal\/5a-copa-amvi-gestao-dr-wilton-reforca-apoio-a-selecao-de-massape-do-piaui-jogo-de-abertura-acontece-neste-sabado-14\/\",\"name\":\"5\u00aa Copa AMVI: Gest\u00e3o Dr. Wilton refor\u00e7a apoio a Sele\u00e7\u00e3o de Massap\u00ea do Piau\u00ed; jogo de abertura acontece neste s\u00e1bado (14) - Portal Not\u00edcia em Pauta\",\"isPartOf\":{\"@id\":\"https:\/\/noticiaempauta.com\/portal\/#website\"},\"primaryImageOfPage\":{\"@id\":\"https:\/\/noticiaempauta.com\/portal\/5a-copa-amvi-gestao-dr-wilton-reforca-apoio-a-selecao-de-massape-do-piaui-jogo-de-abertura-acontece-neste-sabado-14\/#primaryimage\"},\"image\":{\"@id\":\"https:\/\/noticiaempauta.com\/portal\/5a-copa-amvi-gestao-dr-wilton-reforca-apoio-a-selecao-de-massape-do-piaui-jogo-de-abertura-acontece-neste-sabado-14\/#primaryimage\"},\"thumbnailUrl\":\"https:\/\/noticiaempauta.com\/portal\/wp-content\/uploads\/2026\/03\/eff0afeb13626a533fd615231f982fc6_.webp\",\"datePublished\":\"2026-03-12T13:28:50+00:00\",\"dateModified\":\"2026-03-12T13:28:52+00:00\",\"breadcrumb\":{\"@id\":\"https:\/\/noticiaempauta.com\/portal\/5a-copa-amvi-gestao-dr-wilton-reforca-apoio-a-selecao-de-massape-do-piaui-jogo-de-abertura-acontece-neste-sabado-14\/#breadcrumb\"},\"inLanguage\":\"pt-BR\",\"potentialAction\":[{\"@type\":\"ReadAction\",\"target\":[\"https:\/\/noticiaempauta.com\/portal\/5a-copa-amvi-gestao-dr-wilton-reforca-apoio-a-selecao-de-massape-do-piaui-jogo-de-abertura-acontece-neste-sabado-14\/\"]}]},{\"@type\":\"ImageObject\",\"inLanguage\":\"pt-BR\",\"@id\":\"https:\/\/noticiaempauta.com\/portal\/5a-copa-amvi-gestao-dr-wilton-reforca-apoio-a-selecao-de-massape-do-piaui-jogo-de-abertura-acontece-neste-sabado-14\/#primaryimage\",\"url\":\"https:\/\/noticiaempauta.com\/portal\/wp-content\/uploads\/2026\/03\/eff0afeb13626a533fd615231f982fc6_.webp\",\"contentUrl\":\"https:\/\/noticiaempauta.com\/portal\/wp-content\/uploads\/2026\/03\/eff0afeb13626a533fd615231f982fc6_.webp\",\"width\":640,\"height\":320},{\"@type\":\"BreadcrumbList\",\"@id\":\"https:\/\/noticiaempauta.com\/portal\/5a-copa-amvi-gestao-dr-wilton-reforca-apoio-a-selecao-de-massape-do-piaui-jogo-de-abertura-acontece-neste-sabado-14\/#breadcrumb\",\"itemListElement\":[{\"@type\":\"ListItem\",\"position\":1,\"name\":\"P\u00e1gina Inicial\",\"item\":\"https:\/\/noticiaempauta.com\/portal\/\"},{\"@type\":\"ListItem\",\"position\":2,\"name\":\"Destaques\",\"item\":\"https:\/\/noticiaempauta.com\/portal\/destaques-site\/\"},{\"@type\":\"ListItem\",\"position\":3,\"name\":\"5\u00aa Copa AMVI: Gest\u00e3o Dr. Wilton refor\u00e7a apoio a Sele\u00e7\u00e3o de Massap\u00ea do Piau\u00ed; jogo de abertura acontece neste s\u00e1bado (14)\"}]},{\"@type\":\"WebSite\",\"@id\":\"https:\/\/noticiaempauta.com\/portal\/#website\",\"url\":\"https:\/\/noticiaempauta.com\/portal\/\",\"name\":\"Portal Not\u00edcia em Pauta\",\"description\":\"Voc\u00ea bem informado\",\"publisher\":{\"@id\":\"https:\/\/noticiaempauta.com\/portal\/#organization\"},\"potentialAction\":[{\"@type\":\"SearchAction\",\"target\":{\"@type\":\"EntryPoint\",\"urlTemplate\":\"https:\/\/noticiaempauta.com\/portal\/?s={search_term_string}\"},\"query-input\":{\"@type\":\"PropertyValueSpecification\",\"valueRequired\":true,\"valueName\":\"search_term_string\"}}],\"inLanguage\":\"pt-BR\"},{\"@type\":\"Organization\",\"@id\":\"https:\/\/noticiaempauta.com\/portal\/#organization\",\"name\":\"Portal Not\u00edcia em Pauta\",\"url\":\"https:\/\/noticiaempauta.com\/portal\/\",\"logo\":{\"@type\":\"ImageObject\",\"inLanguage\":\"pt-BR\",\"@id\":\"https:\/\/noticiaempauta.com\/portal\/#\/schema\/logo\/image\/\",\"url\":\"https:\/\/noticiaempauta.com\/portal\/wp-content\/uploads\/2022\/08\/logomarca_tema.fw_.png\",\"contentUrl\":\"https:\/\/noticiaempauta.com\/portal\/wp-content\/uploads\/2022\/08\/logomarca_tema.fw_.png\",\"width\":400,\"height\":232,\"caption\":\"Portal Not\u00edcia em Pauta\"},\"image\":{\"@id\":\"https:\/\/noticiaempauta.com\/portal\/#\/schema\/logo\/image\/\"},\"sameAs\":[\"https:\/\/www.facebook.com\/Portal-Notcia-Em-Pauta-102292869264820\/\",\"https:\/\/www.instagram.com\/portalnoticiaempauta\/\"]},{\"@type\":\"Person\",\"@id\":\"https:\/\/noticiaempauta.com\/portal\/#\/schema\/person\/a74af43dd1ab3deca45f988c717d57ac\",\"name\":\"Reda\u00e7\u00e3o\",\"image\":{\"@type\":\"ImageObject\",\"inLanguage\":\"pt-BR\",\"@id\":\"https:\/\/noticiaempauta.com\/portal\/#\/schema\/person\/image\/\",\"url\":\"https:\/\/secure.gravatar.com\/avatar\/03179346ecce6cdfc13361603e8f54242a90e5cde8618fa23c5c00aa2b0aadf3?s=96&d=mm&r=g\",\"contentUrl\":\"https:\/\/secure.gravatar.com\/avatar\/03179346ecce6cdfc13361603e8f54242a90e5cde8618fa23c5c00aa2b0aadf3?s=96&d=mm&r=g\",\"caption\":\"Reda\u00e7\u00e3o\"},\"sameAs\":[\"https:\/\/noticiaempauta.com\/portal\/\"],\"url\":\"https:\/\/noticiaempauta.com\/portal\/author\/fernando\/\"}]}<\/script>\n<!-- \/ Yoast SEO Premium plugin. -->","yoast_head_json":{"title":"5\u00aa Copa AMVI: Gest\u00e3o Dr. Wilton refor\u00e7a apoio a Sele\u00e7\u00e3o de Massap\u00ea do Piau\u00ed; jogo de abertura acontece neste s\u00e1bado (14) - Portal Not\u00edcia em Pauta","robots":{"index":"index","follow":"follow","max-snippet":"max-snippet:-1","max-image-preview":"max-image-preview:large","max-video-preview":"max-video-preview:-1"},"canonical":"https:\/\/noticiaempauta.com\/portal\/5a-copa-amvi-gestao-dr-wilton-reforca-apoio-a-selecao-de-massape-do-piaui-jogo-de-abertura-acontece-neste-sabado-14\/","og_locale":"pt_BR","og_type":"article","og_title":"5\u00aa Copa AMVI: Gest\u00e3o Dr. Wilton refor\u00e7a apoio a Sele\u00e7\u00e3o de Massap\u00ea do Piau\u00ed; jogo de abertura acontece neste s\u00e1bado (14)","og_description":"A sele\u00e7\u00e3o de Massap\u00ea do Piau\u00ed disputar\u00e1 seu primeiro jogo na 5\u00aa edi\u00e7\u00e3o da Copa AMVI, em partida que integra a\u00a0abertura da competi\u00e7\u00e3o regional de futebol que acontece neste s\u00e1bado 14 de mar\u00e7o. O jogo ser\u00e1 realizado na Arena Acau\u00e3, no munic\u00edpio de Acau\u00e3, com\u00a0cerim\u00f4nia de abertura marcada para as 16h\u00a0e\u00a0in\u00edcio da partida entre Acau\u00e3 [&hellip;]","og_url":"https:\/\/noticiaempauta.com\/portal\/5a-copa-amvi-gestao-dr-wilton-reforca-apoio-a-selecao-de-massape-do-piaui-jogo-de-abertura-acontece-neste-sabado-14\/","og_site_name":"Portal Not\u00edcia em Pauta","article_publisher":"https:\/\/www.facebook.com\/Portal-Notcia-Em-Pauta-102292869264820\/","article_published_time":"2026-03-12T13:28:50+00:00","article_modified_time":"2026-03-12T13:28:52+00:00","og_image":[{"width":640,"height":320,"url":"https:\/\/noticiaempauta.com\/portal\/wp-content\/uploads\/2026\/03\/eff0afeb13626a533fd615231f982fc6_.webp","type":"image\/webp"}],"author":"Reda\u00e7\u00e3o","twitter_card":"summary_large_image","twitter_misc":{"Escrito por":"Reda\u00e7\u00e3o","Est. tempo de leitura":"2 minutos"},"schema":{"@context":"https:\/\/schema.org","@graph":[{"@type":"Article","@id":"https:\/\/noticiaempauta.com\/portal\/5a-copa-amvi-gestao-dr-wilton-reforca-apoio-a-selecao-de-massape-do-piaui-jogo-de-abertura-acontece-neste-sabado-14\/#article","isPartOf":{"@id":"https:\/\/noticiaempauta.com\/portal\/5a-copa-amvi-gestao-dr-wilton-reforca-apoio-a-selecao-de-massape-do-piaui-jogo-de-abertura-acontece-neste-sabado-14\/"},"author":{"name":"Reda\u00e7\u00e3o","@id":"https:\/\/noticiaempauta.com\/portal\/#\/schema\/person\/a74af43dd1ab3deca45f988c717d57ac"},"headline":"5\u00aa Copa AMVI: Gest\u00e3o Dr. Wilton refor\u00e7a apoio a Sele\u00e7\u00e3o de Massap\u00ea do Piau\u00ed; jogo de abertura acontece neste s\u00e1bado (14)","datePublished":"2026-03-12T13:28:50+00:00","dateModified":"2026-03-12T13:28:52+00:00","mainEntityOfPage":{"@id":"https:\/\/noticiaempauta.com\/portal\/5a-copa-amvi-gestao-dr-wilton-reforca-apoio-a-selecao-de-massape-do-piaui-jogo-de-abertura-acontece-neste-sabado-14\/"},"wordCount":281,"publisher":{"@id":"https:\/\/noticiaempauta.com\/portal\/#organization"},"image":{"@id":"https:\/\/noticiaempauta.com\/portal\/5a-copa-amvi-gestao-dr-wilton-reforca-apoio-a-selecao-de-massape-do-piaui-jogo-de-abertura-acontece-neste-sabado-14\/#primaryimage"},"thumbnailUrl":"https:\/\/noticiaempauta.com\/portal\/wp-content\/uploads\/2026\/03\/eff0afeb13626a533fd615231f982fc6_.webp","articleSection":["Destaques","Esporte","Geral","Munic\u00edpios","Todas as Not\u00edcias"],"inLanguage":"pt-BR"},{"@type":"WebPage","@id":"https:\/\/noticiaempauta.com\/portal\/5a-copa-amvi-gestao-dr-wilton-reforca-apoio-a-selecao-de-massape-do-piaui-jogo-de-abertura-acontece-neste-sabado-14\/","url":"https:\/\/noticiaempauta.com\/portal\/5a-copa-amvi-gestao-dr-wilton-reforca-apoio-a-selecao-de-massape-do-piaui-jogo-de-abertura-acontece-neste-sabado-14\/","name":"5\u00aa Copa AMVI: Gest\u00e3o Dr. Wilton refor\u00e7a apoio a Sele\u00e7\u00e3o de Massap\u00ea do Piau\u00ed; jogo de abertura acontece neste s\u00e1bado (14) - Portal Not\u00edcia em Pauta","isPartOf":{"@id":"https:\/\/noticiaempauta.com\/portal\/#website"},"primaryImageOfPage":{"@id":"https:\/\/noticiaempauta.com\/portal\/5a-copa-amvi-gestao-dr-wilton-reforca-apoio-a-selecao-de-massape-do-piaui-jogo-de-abertura-acontece-neste-sabado-14\/#primaryimage"},"image":{"@id":"https:\/\/noticiaempauta.com\/portal\/5a-copa-amvi-gestao-dr-wilton-reforca-apoio-a-selecao-de-massape-do-piaui-jogo-de-abertura-acontece-neste-sabado-14\/#primaryimage"},"thumbnailUrl":"https:\/\/noticiaempauta.com\/portal\/wp-content\/uploads\/2026\/03\/eff0afeb13626a533fd615231f982fc6_.webp","datePublished":"2026-03-12T13:28:50+00:00","dateModified":"2026-03-12T13:28:52+00:00","breadcrumb":{"@id":"https:\/\/noticiaempauta.com\/portal\/5a-copa-amvi-gestao-dr-wilton-reforca-apoio-a-selecao-de-massape-do-piaui-jogo-de-abertura-acontece-neste-sabado-14\/#breadcrumb"},"inLanguage":"pt-BR","potentialAction":[{"@type":"ReadAction","target":["https:\/\/noticiaempauta.com\/portal\/5a-copa-amvi-gestao-dr-wilton-reforca-apoio-a-selecao-de-massape-do-piaui-jogo-de-abertura-acontece-neste-sabado-14\/"]}]},{"@type":"ImageObject","inLanguage":"pt-BR","@id":"https:\/\/noticiaempauta.com\/portal\/5a-copa-amvi-gestao-dr-wilton-reforca-apoio-a-selecao-de-massape-do-piaui-jogo-de-abertura-acontece-neste-sabado-14\/#primaryimage","url":"https:\/\/noticiaempauta.com\/portal\/wp-content\/uploads\/2026\/03\/eff0afeb13626a533fd615231f982fc6_.webp","contentUrl":"https:\/\/noticiaempauta.com\/portal\/wp-content\/uploads\/2026\/03\/eff0afeb13626a533fd615231f982fc6_.webp","width":640,"height":320},{"@type":"BreadcrumbList","@id":"https:\/\/noticiaempauta.com\/portal\/5a-copa-amvi-gestao-dr-wilton-reforca-apoio-a-selecao-de-massape-do-piaui-jogo-de-abertura-acontece-neste-sabado-14\/#breadcrumb","itemListElement":[{"@type":"ListItem","position":1,"name":"P\u00e1gina Inicial","item":"https:\/\/noticiaempauta.com\/portal\/"},{"@type":"ListItem","position":2,"name":"Destaques","item":"https:\/\/noticiaempauta.com\/portal\/destaques-site\/"},{"@type":"ListItem","position":3,"name":"5\u00aa Copa AMVI: Gest\u00e3o Dr. Wilton refor\u00e7a apoio a Sele\u00e7\u00e3o de Massap\u00ea do Piau\u00ed; jogo de abertura acontece neste s\u00e1bado (14)"}]},{"@type":"WebSite","@id":"https:\/\/noticiaempauta.com\/portal\/#website","url":"https:\/\/noticiaempauta.com\/portal\/","name":"Portal Not\u00edcia em Pauta","description":"Voc\u00ea bem informado","publisher":{"@id":"https:\/\/noticiaempauta.com\/portal\/#organization"},"potentialAction":[{"@type":"SearchAction","target":{"@type":"EntryPoint","urlTemplate":"https:\/\/noticiaempauta.com\/portal\/?s={search_term_string}"},"query-input":{"@type":"PropertyValueSpecification","valueRequired":true,"valueName":"search_term_string"}}],"inLanguage":"pt-BR"},{"@type":"Organization","@id":"https:\/\/noticiaempauta.com\/portal\/#organization","name":"Portal Not\u00edcia em Pauta","url":"https:\/\/noticiaempauta.com\/portal\/","logo":{"@type":"ImageObject","inLanguage":"pt-BR","@id":"https:\/\/noticiaempauta.com\/portal\/#\/schema\/logo\/image\/","url":"https:\/\/noticiaempauta.com\/portal\/wp-content\/uploads\/2022\/08\/logomarca_tema.fw_.png","contentUrl":"https:\/\/noticiaempauta.com\/portal\/wp-content\/uploads\/2022\/08\/logomarca_tema.fw_.png","width":400,"height":232,"caption":"Portal Not\u00edcia em Pauta"},"image":{"@id":"https:\/\/noticiaempauta.com\/portal\/#\/schema\/logo\/image\/"},"sameAs":["https:\/\/www.facebook.com\/Portal-Notcia-Em-Pauta-102292869264820\/","https:\/\/www.instagram.com\/portalnoticiaempauta\/"]},{"@type":"Person","@id":"https:\/\/noticiaempauta.com\/portal\/#\/schema\/person\/a74af43dd1ab3deca45f988c717d57ac","name":"Reda\u00e7\u00e3o","image":{"@type":"ImageObject","inLanguage":"pt-BR","@id":"https:\/\/noticiaempauta.com\/portal\/#\/schema\/person\/image\/","url":"https:\/\/secure.gravatar.com\/avatar\/03179346ecce6cdfc13361603e8f54242a90e5cde8618fa23c5c00aa2b0aadf3?s=96&d=mm&r=g","contentUrl":"https:\/\/secure.gravatar.com\/avatar\/03179346ecce6cdfc13361603e8f54242a90e5cde8618fa23c5c00aa2b0aadf3?s=96&d=mm&r=g","caption":"Reda\u00e7\u00e3o"},"sameAs":["https:\/\/noticiaempauta.com\/portal\/"],"url":"https:\/\/noticiaempauta.com\/portal\/author\/fernando\/"}]}},"_links":{"self":[{"href":"https:\/\/noticiaempauta.com\/portal\/wp-json\/wp\/v2\/posts\/286222","targetHints":{"allow":["GET"]}}],"collection":[{"href":"https:\/\/noticiaempauta.com\/portal\/wp-json\/wp\/v2\/posts"}],"about":[{"href":"https:\/\/noticiaempauta.com\/portal\/wp-json\/wp\/v2\/types\/post"}],"author":[{"embeddable":true,"href":"https:\/\/noticiaempauta.com\/portal\/wp-json\/wp\/v2\/users\/2"}],"replies":[{"embeddable":true,"href":"https:\/\/noticiaempauta.com\/portal\/wp-json\/wp\/v2\/comments?post=286222"}],"version-history":[{"count":2,"href":"https:\/\/noticiaempauta.com\/portal\/wp-json\/wp\/v2\/posts\/286222\/revisions"}],"predecessor-version":[{"id":286225,"href":"https:\/\/noticiaempauta.com\/portal\/wp-json\/wp\/v2\/posts\/286222\/revisions\/286225"}],"wp:featuredmedia":[{"embeddable":true,"href":"https:\/\/noticiaempauta.com\/portal\/wp-json\/wp\/v2\/media\/286223"}],"wp:attachment":[{"href":"https:\/\/noticiaempauta.com\/portal\/wp-json\/wp\/v2\/media?parent=286222"}],"wp:term":[{"taxonomy":"category","embeddable":true,"href":"https:\/\/noticiaempauta.com\/portal\/wp-json\/wp\/v2\/categories?post=286222"},{"taxonomy":"post_tag","embeddable":true,"href":"https:\/\/noticiaempauta.com\/portal\/wp-json\/wp\/v2\/tags?post=286222"}],"curies":[{"name":"wp","href":"https:\/\/api.w.org\/{rel}","templated":true}]}}