{"id":286230,"date":"2026-03-12T16:18:07","date_gmt":"2026-03-12T19:18:07","guid":{"rendered":"https:\/\/noticiaempauta.com\/portal\/?p=286230"},"modified":"2026-03-12T16:18:10","modified_gmt":"2026-03-12T19:18:10","slug":"semtas-e-cmdpi-lancam-edital-para-eleicao-do-conselho-municipal-dos-direitos-da-pessoa-idosa-de-picos","status":"publish","type":"post","link":"https:\/\/noticiaempauta.com\/portal\/semtas-e-cmdpi-lancam-edital-para-eleicao-do-conselho-municipal-dos-direitos-da-pessoa-idosa-de-picos\/","title":{"rendered":"SEMTAS e CMDPI lan\u00e7am edital para elei\u00e7\u00e3o do Conselho Municipal dos Direitos da Pessoa Idosa de Picos"},"content":{"rendered":"\n<p>A Secretaria Municipal do Trabalho e Assist\u00eancia Social (SEMTAS), em conjunto com o Conselho Municipal dos Direitos da Pessoa Idosa (CMDPI), lan\u00e7ou o Edital SEMTAS\/CMDPI n\u00ba 01\/2026, que convoca entidades da sociedade civil para participarem do processo eleitoral que definir\u00e1 a composi\u00e7\u00e3o do Conselho Municipal dos Direitos da Pessoa Idosa de Picos para o bi\u00eanio 2026\u20132028.<\/p>\n\n\n\n<figure class=\"wp-block-image size-full\"><img fetchpriority=\"high\" decoding=\"async\" width=\"800\" height=\"450\" src=\"https:\/\/noticiaempauta.com\/portal\/wp-content\/uploads\/2026\/03\/WhatsApp-Image-2026-03-12-at-10.41.38.webp\" alt=\"\" class=\"wp-image-286231\" srcset=\"https:\/\/noticiaempauta.com\/portal\/wp-content\/uploads\/2026\/03\/WhatsApp-Image-2026-03-12-at-10.41.38.webp 800w, https:\/\/noticiaempauta.com\/portal\/wp-content\/uploads\/2026\/03\/WhatsApp-Image-2026-03-12-at-10.41.38-300x169.webp 300w, https:\/\/noticiaempauta.com\/portal\/wp-content\/uploads\/2026\/03\/WhatsApp-Image-2026-03-12-at-10.41.38-768x432.webp 768w\" sizes=\"(max-width: 800px) 100vw, 800px\" \/><figcaption class=\"wp-element-caption\">Sede da Secretaria de Trabalho e Assist\u00eancia Social (Foto: Isael Pereira)<\/figcaption><\/figure>\n\n\n\n<p><strong>Confira o Edital na \u00edntegra!<\/strong><\/p>\n\n\n\n<p><a href=\"https:\/\/www2.picos.pi.gov.br\/secretarias\/secretaria-de-trabalho-e-assistencia-social\/semtas-e-cmdpi-lancam-edital-para-eleicao-do-conselho-municipal-dos-direitos-da-pessoa-idosa-de-picos\/attachment\/dm_5526_609_picos_edital_001-26_convocacao_pag_411\/\">DM_5526_609_Picos_Edital_001-26_Convocacao_pag_411<\/a><\/p>\n\n\n\n<p>O edital tem como objetivo regulamentar a elei\u00e7\u00e3o das entidades n\u00e3o governamentais que ir\u00e3o representar a sociedade civil no conselho, al\u00e9m de disciplinar a indica\u00e7\u00e3o dos representantes governamentais que tamb\u00e9m comp\u00f5em o colegiado. A medida segue o que determina a Lei Municipal n\u00ba 3.068\/2021, que institui e regulamenta o funcionamento do CMDPI no munic\u00edpio.<\/p>\n\n\n\n<p>De acordo com o documento, poder\u00e3o participar do processo eleitoral entidades da sociedade civil que atuem na promo\u00e7\u00e3o, defesa ou atendimento dos direitos da pessoa idosa, desde que estejam legalmente constitu\u00eddas e em funcionamento h\u00e1, no m\u00ednimo, um ano no munic\u00edpio de Picos.<\/p>\n\n\n\n<figure class=\"wp-block-image size-large\"><img decoding=\"async\" width=\"1024\" height=\"1024\" src=\"https:\/\/noticiaempauta.com\/portal\/wp-content\/uploads\/2026\/03\/WhatsApp-Image-2026-03-11-at-11.17.54-1024x1024.webp\" alt=\"\" class=\"wp-image-286191\" srcset=\"https:\/\/noticiaempauta.com\/portal\/wp-content\/uploads\/2026\/03\/WhatsApp-Image-2026-03-11-at-11.17.54-1024x1024.webp 1024w, https:\/\/noticiaempauta.com\/portal\/wp-content\/uploads\/2026\/03\/WhatsApp-Image-2026-03-11-at-11.17.54-300x300.webp 300w, https:\/\/noticiaempauta.com\/portal\/wp-content\/uploads\/2026\/03\/WhatsApp-Image-2026-03-11-at-11.17.54-150x150.webp 150w, https:\/\/noticiaempauta.com\/portal\/wp-content\/uploads\/2026\/03\/WhatsApp-Image-2026-03-11-at-11.17.54-768x768.webp 768w, https:\/\/noticiaempauta.com\/portal\/wp-content\/uploads\/2026\/03\/WhatsApp-Image-2026-03-11-at-11.17.54.webp 1080w\" sizes=\"(max-width: 1024px) 100vw, 1024px\" \/><\/figure>\n\n\n\n<p>O edital prev\u00ea vagas para diferentes segmentos da sociedade civil, incluindo representantes de institui\u00e7\u00f5es ligadas \u00e0 defesa dos direitos da pessoa idosa, associa\u00e7\u00f5es ou sindicatos, entidades religiosas que desenvolvam a\u00e7\u00f5es voltadas \u00e0 popula\u00e7\u00e3o idosa e organiza\u00e7\u00f5es que atuem em pol\u00edticas permanentes de atendimento e promo\u00e7\u00e3o desse p\u00fablico. A Ordem dos Advogados do Brasil (OAB) \u2013 Subse\u00e7\u00e3o de Picos tamb\u00e9m possui representa\u00e7\u00e3o garantida no conselho.<\/p>\n\n\n\n<p>As inscri\u00e7\u00f5es das entidades interessadas devem ser realizadas presencialmente na sede da Secretaria Municipal do Trabalho e Assist\u00eancia Social (SEMTAS), localizada na Rua Marcos Parente, n\u00ba 170, no Centro de Picos, no hor\u00e1rio das 8h \u00e0s 12h, mediante apresenta\u00e7\u00e3o da documenta\u00e7\u00e3o exigida no edital.<\/p>\n\n\n\n<p>O processo eleitoral ser\u00e1 conduzido por uma Comiss\u00e3o Eleitoral, respons\u00e1vel por coordenar todas as etapas do pleito, desde a an\u00e1lise das inscri\u00e7\u00f5es at\u00e9 a apura\u00e7\u00e3o dos votos e divulga\u00e7\u00e3o do resultado final.<\/p>\n\n\n\n<p>A elei\u00e7\u00e3o das entidades representantes da sociedade civil ocorrer\u00e1 durante um f\u00f3rum presencial marcado para o dia 08 de abril de 2026, \u00e0s 10h, em local que ser\u00e1 divulgado posteriormente pela organiza\u00e7\u00e3o do processo.<\/p>\n\n\n\n<p>Ap\u00f3s a conclus\u00e3o do processo eleitoral, a ata com o resultado ser\u00e1 encaminhada ao prefeito municipal para a nomea\u00e7\u00e3o oficial dos conselheiros por meio de decreto. Na ocasi\u00e3o, tamb\u00e9m ser\u00e1 realizada a posse dos representantes que ir\u00e3o compor o Conselho Municipal dos Direitos da Pessoa Idosa.<\/p>\n\n\n\n<p>O CMDPI \u00e9 um \u00f3rg\u00e3o de car\u00e1ter deliberativo e de controle social das pol\u00edticas p\u00fablicas voltadas \u00e0 popula\u00e7\u00e3o idosa, atuando na formula\u00e7\u00e3o, acompanhamento e fiscaliza\u00e7\u00e3o das a\u00e7\u00f5es voltadas \u00e0 garantia de direitos e \u00e0 promo\u00e7\u00e3o da qualidade de vida das pessoas idosas no munic\u00edpio de Picos.<\/p>\n\n\n\n<p><a href=\"https:\/\/www2.picos.pi.gov.br\/geral\/conselho-municipal-da-pessoa-idosa-institui-comissao-eleitoral-para-escolha-de-representantes-da-sociedade-civil-em-picos\/attachment\/whatsapp-image-2026-03-11-at-11-01-23\/\"><\/a><\/p>\n","protected":false},"excerpt":{"rendered":"<p>A Secretaria Municipal do Trabalho e Assist\u00eancia Social (SEMTAS), em conjunto com o Conselho Municipal dos Direitos da Pessoa Idosa (CMDPI), lan\u00e7ou o Edital SEMTAS\/CMDPI n\u00ba 01\/2026, que convoca entidades da sociedade civil para participarem do processo eleitoral que definir\u00e1 a composi\u00e7\u00e3o do Conselho Municipal dos Direitos da Pessoa Idosa de Picos para o bi\u00eanio [&hellip;]<\/p>\n","protected":false},"author":2,"featured_media":286231,"comment_status":"closed","ping_status":"closed","sticky":false,"template":"","format":"standard","meta":{"_mi_skip_tracking":false,"footnotes":""},"categories":[25,1,16],"tags":[],"class_list":["post-286230","post","type-post","status-publish","format-standard","has-post-thumbnail","hentry","category-destaques-site","category-geral","category-todas"],"acf":[],"yoast_head":"<!-- This site is optimized with the Yoast SEO Premium plugin v19.2 (Yoast SEO v26.9) - https:\/\/yoast.com\/product\/yoast-seo-premium-wordpress\/ -->\n<title>SEMTAS e CMDPI lan\u00e7am edital para elei\u00e7\u00e3o do Conselho Municipal dos Direitos da Pessoa Idosa de Picos - Portal Not\u00edcia em Pauta<\/title>\n<meta name=\"robots\" content=\"index, follow, max-snippet:-1, max-image-preview:large, max-video-preview:-1\" \/>\n<link rel=\"canonical\" href=\"https:\/\/noticiaempauta.com\/portal\/semtas-e-cmdpi-lancam-edital-para-eleicao-do-conselho-municipal-dos-direitos-da-pessoa-idosa-de-picos\/\" \/>\n<meta property=\"og:locale\" content=\"pt_BR\" \/>\n<meta property=\"og:type\" content=\"article\" \/>\n<meta property=\"og:title\" content=\"SEMTAS e CMDPI lan\u00e7am edital para elei\u00e7\u00e3o do Conselho Municipal dos Direitos da Pessoa Idosa de Picos\" \/>\n<meta property=\"og:description\" content=\"A Secretaria Municipal do Trabalho e Assist\u00eancia Social (SEMTAS), em conjunto com o Conselho Municipal dos Direitos da Pessoa Idosa (CMDPI), lan\u00e7ou o Edital SEMTAS\/CMDPI n\u00ba 01\/2026, que convoca entidades da sociedade civil para participarem do processo eleitoral que definir\u00e1 a composi\u00e7\u00e3o do Conselho Municipal dos Direitos da Pessoa Idosa de Picos para o bi\u00eanio [&hellip;]\" \/>\n<meta property=\"og:url\" content=\"https:\/\/noticiaempauta.com\/portal\/semtas-e-cmdpi-lancam-edital-para-eleicao-do-conselho-municipal-dos-direitos-da-pessoa-idosa-de-picos\/\" \/>\n<meta property=\"og:site_name\" content=\"Portal Not\u00edcia em Pauta\" \/>\n<meta property=\"article:publisher\" content=\"https:\/\/www.facebook.com\/Portal-Notcia-Em-Pauta-102292869264820\/\" \/>\n<meta property=\"article:published_time\" content=\"2026-03-12T19:18:07+00:00\" \/>\n<meta property=\"article:modified_time\" content=\"2026-03-12T19:18:10+00:00\" \/>\n<meta property=\"og:image\" content=\"https:\/\/noticiaempauta.com\/portal\/wp-content\/uploads\/2026\/03\/WhatsApp-Image-2026-03-12-at-10.41.38.webp\" \/>\n\t<meta property=\"og:image:width\" content=\"800\" \/>\n\t<meta property=\"og:image:height\" content=\"450\" \/>\n\t<meta property=\"og:image:type\" content=\"image\/webp\" \/>\n<meta name=\"author\" content=\"Reda\u00e7\u00e3o\" \/>\n<meta name=\"twitter:card\" content=\"summary_large_image\" \/>\n<meta name=\"twitter:label1\" content=\"Escrito por\" \/>\n\t<meta name=\"twitter:data1\" content=\"Reda\u00e7\u00e3o\" \/>\n\t<meta name=\"twitter:label2\" content=\"Est. tempo de leitura\" \/>\n\t<meta name=\"twitter:data2\" content=\"4 minutos\" \/>\n<script type=\"application\/ld+json\" class=\"yoast-schema-graph\">{\"@context\":\"https:\/\/schema.org\",\"@graph\":[{\"@type\":\"Article\",\"@id\":\"https:\/\/noticiaempauta.com\/portal\/semtas-e-cmdpi-lancam-edital-para-eleicao-do-conselho-municipal-dos-direitos-da-pessoa-idosa-de-picos\/#article\",\"isPartOf\":{\"@id\":\"https:\/\/noticiaempauta.com\/portal\/semtas-e-cmdpi-lancam-edital-para-eleicao-do-conselho-municipal-dos-direitos-da-pessoa-idosa-de-picos\/\"},\"author\":{\"name\":\"Reda\u00e7\u00e3o\",\"@id\":\"https:\/\/noticiaempauta.com\/portal\/#\/schema\/person\/a74af43dd1ab3deca45f988c717d57ac\"},\"headline\":\"SEMTAS e CMDPI lan\u00e7am edital para elei\u00e7\u00e3o do Conselho Municipal dos Direitos da Pessoa Idosa de Picos\",\"datePublished\":\"2026-03-12T19:18:07+00:00\",\"dateModified\":\"2026-03-12T19:18:10+00:00\",\"mainEntityOfPage\":{\"@id\":\"https:\/\/noticiaempauta.com\/portal\/semtas-e-cmdpi-lancam-edital-para-eleicao-do-conselho-municipal-dos-direitos-da-pessoa-idosa-de-picos\/\"},\"wordCount\":507,\"publisher\":{\"@id\":\"https:\/\/noticiaempauta.com\/portal\/#organization\"},\"image\":{\"@id\":\"https:\/\/noticiaempauta.com\/portal\/semtas-e-cmdpi-lancam-edital-para-eleicao-do-conselho-municipal-dos-direitos-da-pessoa-idosa-de-picos\/#primaryimage\"},\"thumbnailUrl\":\"https:\/\/noticiaempauta.com\/portal\/wp-content\/uploads\/2026\/03\/WhatsApp-Image-2026-03-12-at-10.41.38.webp\",\"articleSection\":[\"Destaques\",\"Geral\",\"Todas as Not\u00edcias\"],\"inLanguage\":\"pt-BR\"},{\"@type\":\"WebPage\",\"@id\":\"https:\/\/noticiaempauta.com\/portal\/semtas-e-cmdpi-lancam-edital-para-eleicao-do-conselho-municipal-dos-direitos-da-pessoa-idosa-de-picos\/\",\"url\":\"https:\/\/noticiaempauta.com\/portal\/semtas-e-cmdpi-lancam-edital-para-eleicao-do-conselho-municipal-dos-direitos-da-pessoa-idosa-de-picos\/\",\"name\":\"SEMTAS e CMDPI lan\u00e7am edital para elei\u00e7\u00e3o do Conselho Municipal dos Direitos da Pessoa Idosa de Picos - Portal Not\u00edcia em Pauta\",\"isPartOf\":{\"@id\":\"https:\/\/noticiaempauta.com\/portal\/#website\"},\"primaryImageOfPage\":{\"@id\":\"https:\/\/noticiaempauta.com\/portal\/semtas-e-cmdpi-lancam-edital-para-eleicao-do-conselho-municipal-dos-direitos-da-pessoa-idosa-de-picos\/#primaryimage\"},\"image\":{\"@id\":\"https:\/\/noticiaempauta.com\/portal\/semtas-e-cmdpi-lancam-edital-para-eleicao-do-conselho-municipal-dos-direitos-da-pessoa-idosa-de-picos\/#primaryimage\"},\"thumbnailUrl\":\"https:\/\/noticiaempauta.com\/portal\/wp-content\/uploads\/2026\/03\/WhatsApp-Image-2026-03-12-at-10.41.38.webp\",\"datePublished\":\"2026-03-12T19:18:07+00:00\",\"dateModified\":\"2026-03-12T19:18:10+00:00\",\"breadcrumb\":{\"@id\":\"https:\/\/noticiaempauta.com\/portal\/semtas-e-cmdpi-lancam-edital-para-eleicao-do-conselho-municipal-dos-direitos-da-pessoa-idosa-de-picos\/#breadcrumb\"},\"inLanguage\":\"pt-BR\",\"potentialAction\":[{\"@type\":\"ReadAction\",\"target\":[\"https:\/\/noticiaempauta.com\/portal\/semtas-e-cmdpi-lancam-edital-para-eleicao-do-conselho-municipal-dos-direitos-da-pessoa-idosa-de-picos\/\"]}]},{\"@type\":\"ImageObject\",\"inLanguage\":\"pt-BR\",\"@id\":\"https:\/\/noticiaempauta.com\/portal\/semtas-e-cmdpi-lancam-edital-para-eleicao-do-conselho-municipal-dos-direitos-da-pessoa-idosa-de-picos\/#primaryimage\",\"url\":\"https:\/\/noticiaempauta.com\/portal\/wp-content\/uploads\/2026\/03\/WhatsApp-Image-2026-03-12-at-10.41.38.webp\",\"contentUrl\":\"https:\/\/noticiaempauta.com\/portal\/wp-content\/uploads\/2026\/03\/WhatsApp-Image-2026-03-12-at-10.41.38.webp\",\"width\":800,\"height\":450},{\"@type\":\"BreadcrumbList\",\"@id\":\"https:\/\/noticiaempauta.com\/portal\/semtas-e-cmdpi-lancam-edital-para-eleicao-do-conselho-municipal-dos-direitos-da-pessoa-idosa-de-picos\/#breadcrumb\",\"itemListElement\":[{\"@type\":\"ListItem\",\"position\":1,\"name\":\"P\u00e1gina Inicial\",\"item\":\"https:\/\/noticiaempauta.com\/portal\/\"},{\"@type\":\"ListItem\",\"position\":2,\"name\":\"Destaques\",\"item\":\"https:\/\/noticiaempauta.com\/portal\/destaques-site\/\"},{\"@type\":\"ListItem\",\"position\":3,\"name\":\"SEMTAS e CMDPI lan\u00e7am edital para elei\u00e7\u00e3o do Conselho Municipal dos Direitos da Pessoa Idosa de Picos\"}]},{\"@type\":\"WebSite\",\"@id\":\"https:\/\/noticiaempauta.com\/portal\/#website\",\"url\":\"https:\/\/noticiaempauta.com\/portal\/\",\"name\":\"Portal Not\u00edcia em Pauta\",\"description\":\"Voc\u00ea bem informado\",\"publisher\":{\"@id\":\"https:\/\/noticiaempauta.com\/portal\/#organization\"},\"potentialAction\":[{\"@type\":\"SearchAction\",\"target\":{\"@type\":\"EntryPoint\",\"urlTemplate\":\"https:\/\/noticiaempauta.com\/portal\/?s={search_term_string}\"},\"query-input\":{\"@type\":\"PropertyValueSpecification\",\"valueRequired\":true,\"valueName\":\"search_term_string\"}}],\"inLanguage\":\"pt-BR\"},{\"@type\":\"Organization\",\"@id\":\"https:\/\/noticiaempauta.com\/portal\/#organization\",\"name\":\"Portal Not\u00edcia em Pauta\",\"url\":\"https:\/\/noticiaempauta.com\/portal\/\",\"logo\":{\"@type\":\"ImageObject\",\"inLanguage\":\"pt-BR\",\"@id\":\"https:\/\/noticiaempauta.com\/portal\/#\/schema\/logo\/image\/\",\"url\":\"https:\/\/noticiaempauta.com\/portal\/wp-content\/uploads\/2022\/08\/logomarca_tema.fw_.png\",\"contentUrl\":\"https:\/\/noticiaempauta.com\/portal\/wp-content\/uploads\/2022\/08\/logomarca_tema.fw_.png\",\"width\":400,\"height\":232,\"caption\":\"Portal Not\u00edcia em Pauta\"},\"image\":{\"@id\":\"https:\/\/noticiaempauta.com\/portal\/#\/schema\/logo\/image\/\"},\"sameAs\":[\"https:\/\/www.facebook.com\/Portal-Notcia-Em-Pauta-102292869264820\/\",\"https:\/\/www.instagram.com\/portalnoticiaempauta\/\"]},{\"@type\":\"Person\",\"@id\":\"https:\/\/noticiaempauta.com\/portal\/#\/schema\/person\/a74af43dd1ab3deca45f988c717d57ac\",\"name\":\"Reda\u00e7\u00e3o\",\"image\":{\"@type\":\"ImageObject\",\"inLanguage\":\"pt-BR\",\"@id\":\"https:\/\/noticiaempauta.com\/portal\/#\/schema\/person\/image\/\",\"url\":\"https:\/\/secure.gravatar.com\/avatar\/03179346ecce6cdfc13361603e8f54242a90e5cde8618fa23c5c00aa2b0aadf3?s=96&d=mm&r=g\",\"contentUrl\":\"https:\/\/secure.gravatar.com\/avatar\/03179346ecce6cdfc13361603e8f54242a90e5cde8618fa23c5c00aa2b0aadf3?s=96&d=mm&r=g\",\"caption\":\"Reda\u00e7\u00e3o\"},\"sameAs\":[\"https:\/\/noticiaempauta.com\/portal\/\"],\"url\":\"https:\/\/noticiaempauta.com\/portal\/author\/fernando\/\"}]}<\/script>\n<!-- \/ Yoast SEO Premium plugin. -->","yoast_head_json":{"title":"SEMTAS e CMDPI lan\u00e7am edital para elei\u00e7\u00e3o do Conselho Municipal dos Direitos da Pessoa Idosa de Picos - Portal Not\u00edcia em Pauta","robots":{"index":"index","follow":"follow","max-snippet":"max-snippet:-1","max-image-preview":"max-image-preview:large","max-video-preview":"max-video-preview:-1"},"canonical":"https:\/\/noticiaempauta.com\/portal\/semtas-e-cmdpi-lancam-edital-para-eleicao-do-conselho-municipal-dos-direitos-da-pessoa-idosa-de-picos\/","og_locale":"pt_BR","og_type":"article","og_title":"SEMTAS e CMDPI lan\u00e7am edital para elei\u00e7\u00e3o do Conselho Municipal dos Direitos da Pessoa Idosa de Picos","og_description":"A Secretaria Municipal do Trabalho e Assist\u00eancia Social (SEMTAS), em conjunto com o Conselho Municipal dos Direitos da Pessoa Idosa (CMDPI), lan\u00e7ou o Edital SEMTAS\/CMDPI n\u00ba 01\/2026, que convoca entidades da sociedade civil para participarem do processo eleitoral que definir\u00e1 a composi\u00e7\u00e3o do Conselho Municipal dos Direitos da Pessoa Idosa de Picos para o bi\u00eanio [&hellip;]","og_url":"https:\/\/noticiaempauta.com\/portal\/semtas-e-cmdpi-lancam-edital-para-eleicao-do-conselho-municipal-dos-direitos-da-pessoa-idosa-de-picos\/","og_site_name":"Portal Not\u00edcia em Pauta","article_publisher":"https:\/\/www.facebook.com\/Portal-Notcia-Em-Pauta-102292869264820\/","article_published_time":"2026-03-12T19:18:07+00:00","article_modified_time":"2026-03-12T19:18:10+00:00","og_image":[{"width":800,"height":450,"url":"https:\/\/noticiaempauta.com\/portal\/wp-content\/uploads\/2026\/03\/WhatsApp-Image-2026-03-12-at-10.41.38.webp","type":"image\/webp"}],"author":"Reda\u00e7\u00e3o","twitter_card":"summary_large_image","twitter_misc":{"Escrito por":"Reda\u00e7\u00e3o","Est. tempo de leitura":"4 minutos"},"schema":{"@context":"https:\/\/schema.org","@graph":[{"@type":"Article","@id":"https:\/\/noticiaempauta.com\/portal\/semtas-e-cmdpi-lancam-edital-para-eleicao-do-conselho-municipal-dos-direitos-da-pessoa-idosa-de-picos\/#article","isPartOf":{"@id":"https:\/\/noticiaempauta.com\/portal\/semtas-e-cmdpi-lancam-edital-para-eleicao-do-conselho-municipal-dos-direitos-da-pessoa-idosa-de-picos\/"},"author":{"name":"Reda\u00e7\u00e3o","@id":"https:\/\/noticiaempauta.com\/portal\/#\/schema\/person\/a74af43dd1ab3deca45f988c717d57ac"},"headline":"SEMTAS e CMDPI lan\u00e7am edital para elei\u00e7\u00e3o do Conselho Municipal dos Direitos da Pessoa Idosa de Picos","datePublished":"2026-03-12T19:18:07+00:00","dateModified":"2026-03-12T19:18:10+00:00","mainEntityOfPage":{"@id":"https:\/\/noticiaempauta.com\/portal\/semtas-e-cmdpi-lancam-edital-para-eleicao-do-conselho-municipal-dos-direitos-da-pessoa-idosa-de-picos\/"},"wordCount":507,"publisher":{"@id":"https:\/\/noticiaempauta.com\/portal\/#organization"},"image":{"@id":"https:\/\/noticiaempauta.com\/portal\/semtas-e-cmdpi-lancam-edital-para-eleicao-do-conselho-municipal-dos-direitos-da-pessoa-idosa-de-picos\/#primaryimage"},"thumbnailUrl":"https:\/\/noticiaempauta.com\/portal\/wp-content\/uploads\/2026\/03\/WhatsApp-Image-2026-03-12-at-10.41.38.webp","articleSection":["Destaques","Geral","Todas as Not\u00edcias"],"inLanguage":"pt-BR"},{"@type":"WebPage","@id":"https:\/\/noticiaempauta.com\/portal\/semtas-e-cmdpi-lancam-edital-para-eleicao-do-conselho-municipal-dos-direitos-da-pessoa-idosa-de-picos\/","url":"https:\/\/noticiaempauta.com\/portal\/semtas-e-cmdpi-lancam-edital-para-eleicao-do-conselho-municipal-dos-direitos-da-pessoa-idosa-de-picos\/","name":"SEMTAS e CMDPI lan\u00e7am edital para elei\u00e7\u00e3o do Conselho Municipal dos Direitos da Pessoa Idosa de Picos - Portal Not\u00edcia em Pauta","isPartOf":{"@id":"https:\/\/noticiaempauta.com\/portal\/#website"},"primaryImageOfPage":{"@id":"https:\/\/noticiaempauta.com\/portal\/semtas-e-cmdpi-lancam-edital-para-eleicao-do-conselho-municipal-dos-direitos-da-pessoa-idosa-de-picos\/#primaryimage"},"image":{"@id":"https:\/\/noticiaempauta.com\/portal\/semtas-e-cmdpi-lancam-edital-para-eleicao-do-conselho-municipal-dos-direitos-da-pessoa-idosa-de-picos\/#primaryimage"},"thumbnailUrl":"https:\/\/noticiaempauta.com\/portal\/wp-content\/uploads\/2026\/03\/WhatsApp-Image-2026-03-12-at-10.41.38.webp","datePublished":"2026-03-12T19:18:07+00:00","dateModified":"2026-03-12T19:18:10+00:00","breadcrumb":{"@id":"https:\/\/noticiaempauta.com\/portal\/semtas-e-cmdpi-lancam-edital-para-eleicao-do-conselho-municipal-dos-direitos-da-pessoa-idosa-de-picos\/#breadcrumb"},"inLanguage":"pt-BR","potentialAction":[{"@type":"ReadAction","target":["https:\/\/noticiaempauta.com\/portal\/semtas-e-cmdpi-lancam-edital-para-eleicao-do-conselho-municipal-dos-direitos-da-pessoa-idosa-de-picos\/"]}]},{"@type":"ImageObject","inLanguage":"pt-BR","@id":"https:\/\/noticiaempauta.com\/portal\/semtas-e-cmdpi-lancam-edital-para-eleicao-do-conselho-municipal-dos-direitos-da-pessoa-idosa-de-picos\/#primaryimage","url":"https:\/\/noticiaempauta.com\/portal\/wp-content\/uploads\/2026\/03\/WhatsApp-Image-2026-03-12-at-10.41.38.webp","contentUrl":"https:\/\/noticiaempauta.com\/portal\/wp-content\/uploads\/2026\/03\/WhatsApp-Image-2026-03-12-at-10.41.38.webp","width":800,"height":450},{"@type":"BreadcrumbList","@id":"https:\/\/noticiaempauta.com\/portal\/semtas-e-cmdpi-lancam-edital-para-eleicao-do-conselho-municipal-dos-direitos-da-pessoa-idosa-de-picos\/#breadcrumb","itemListElement":[{"@type":"ListItem","position":1,"name":"P\u00e1gina Inicial","item":"https:\/\/noticiaempauta.com\/portal\/"},{"@type":"ListItem","position":2,"name":"Destaques","item":"https:\/\/noticiaempauta.com\/portal\/destaques-site\/"},{"@type":"ListItem","position":3,"name":"SEMTAS e CMDPI lan\u00e7am edital para elei\u00e7\u00e3o do Conselho Municipal dos Direitos da Pessoa Idosa de Picos"}]},{"@type":"WebSite","@id":"https:\/\/noticiaempauta.com\/portal\/#website","url":"https:\/\/noticiaempauta.com\/portal\/","name":"Portal Not\u00edcia em Pauta","description":"Voc\u00ea bem informado","publisher":{"@id":"https:\/\/noticiaempauta.com\/portal\/#organization"},"potentialAction":[{"@type":"SearchAction","target":{"@type":"EntryPoint","urlTemplate":"https:\/\/noticiaempauta.com\/portal\/?s={search_term_string}"},"query-input":{"@type":"PropertyValueSpecification","valueRequired":true,"valueName":"search_term_string"}}],"inLanguage":"pt-BR"},{"@type":"Organization","@id":"https:\/\/noticiaempauta.com\/portal\/#organization","name":"Portal Not\u00edcia em Pauta","url":"https:\/\/noticiaempauta.com\/portal\/","logo":{"@type":"ImageObject","inLanguage":"pt-BR","@id":"https:\/\/noticiaempauta.com\/portal\/#\/schema\/logo\/image\/","url":"https:\/\/noticiaempauta.com\/portal\/wp-content\/uploads\/2022\/08\/logomarca_tema.fw_.png","contentUrl":"https:\/\/noticiaempauta.com\/portal\/wp-content\/uploads\/2022\/08\/logomarca_tema.fw_.png","width":400,"height":232,"caption":"Portal Not\u00edcia em Pauta"},"image":{"@id":"https:\/\/noticiaempauta.com\/portal\/#\/schema\/logo\/image\/"},"sameAs":["https:\/\/www.facebook.com\/Portal-Notcia-Em-Pauta-102292869264820\/","https:\/\/www.instagram.com\/portalnoticiaempauta\/"]},{"@type":"Person","@id":"https:\/\/noticiaempauta.com\/portal\/#\/schema\/person\/a74af43dd1ab3deca45f988c717d57ac","name":"Reda\u00e7\u00e3o","image":{"@type":"ImageObject","inLanguage":"pt-BR","@id":"https:\/\/noticiaempauta.com\/portal\/#\/schema\/person\/image\/","url":"https:\/\/secure.gravatar.com\/avatar\/03179346ecce6cdfc13361603e8f54242a90e5cde8618fa23c5c00aa2b0aadf3?s=96&d=mm&r=g","contentUrl":"https:\/\/secure.gravatar.com\/avatar\/03179346ecce6cdfc13361603e8f54242a90e5cde8618fa23c5c00aa2b0aadf3?s=96&d=mm&r=g","caption":"Reda\u00e7\u00e3o"},"sameAs":["https:\/\/noticiaempauta.com\/portal\/"],"url":"https:\/\/noticiaempauta.com\/portal\/author\/fernando\/"}]}},"_links":{"self":[{"href":"https:\/\/noticiaempauta.com\/portal\/wp-json\/wp\/v2\/posts\/286230","targetHints":{"allow":["GET"]}}],"collection":[{"href":"https:\/\/noticiaempauta.com\/portal\/wp-json\/wp\/v2\/posts"}],"about":[{"href":"https:\/\/noticiaempauta.com\/portal\/wp-json\/wp\/v2\/types\/post"}],"author":[{"embeddable":true,"href":"https:\/\/noticiaempauta.com\/portal\/wp-json\/wp\/v2\/users\/2"}],"replies":[{"embeddable":true,"href":"https:\/\/noticiaempauta.com\/portal\/wp-json\/wp\/v2\/comments?post=286230"}],"version-history":[{"count":2,"href":"https:\/\/noticiaempauta.com\/portal\/wp-json\/wp\/v2\/posts\/286230\/revisions"}],"predecessor-version":[{"id":286233,"href":"https:\/\/noticiaempauta.com\/portal\/wp-json\/wp\/v2\/posts\/286230\/revisions\/286233"}],"wp:featuredmedia":[{"embeddable":true,"href":"https:\/\/noticiaempauta.com\/portal\/wp-json\/wp\/v2\/media\/286231"}],"wp:attachment":[{"href":"https:\/\/noticiaempauta.com\/portal\/wp-json\/wp\/v2\/media?parent=286230"}],"wp:term":[{"taxonomy":"category","embeddable":true,"href":"https:\/\/noticiaempauta.com\/portal\/wp-json\/wp\/v2\/categories?post=286230"},{"taxonomy":"post_tag","embeddable":true,"href":"https:\/\/noticiaempauta.com\/portal\/wp-json\/wp\/v2\/tags?post=286230"}],"curies":[{"name":"wp","href":"https:\/\/api.w.org\/{rel}","templated":true}]}}