{"id":286247,"date":"2026-03-12T16:29:47","date_gmt":"2026-03-12T19:29:47","guid":{"rendered":"https:\/\/noticiaempauta.com\/portal\/?p=286247"},"modified":"2026-03-12T16:29:50","modified_gmt":"2026-03-12T19:29:50","slug":"massape-do-piaui-participa-de-nova-formacao-do-selo-unicef-para-a-edicao-2025-2028","status":"publish","type":"post","link":"https:\/\/noticiaempauta.com\/portal\/massape-do-piaui-participa-de-nova-formacao-do-selo-unicef-para-a-edicao-2025-2028\/","title":{"rendered":"Massap\u00ea do Piau\u00ed participa de nova forma\u00e7\u00e3o do Selo UNICEF para a edi\u00e7\u00e3o 2025\u20132028"},"content":{"rendered":"\n<p>A promo\u00e7\u00e3o de a\u00e7\u00f5es voltadas \u00e0 garantia de direitos de crian\u00e7as e adolescentes tem sido pauta constante nas iniciativas desenvolvidas pela gest\u00e3o municipal de Massap\u00ea do Piau\u00ed.&nbsp;<\/p>\n\n\n\n<p>Como parte desse compromisso, representantes do munic\u00edpio participaram, na quarta-feira, 11 de mar\u00e7o, do 3\u00ba Ciclo de Forma\u00e7\u00e3o do Selo UNICEF 2025\u20132028, encontro que reuniu representantes de 81 munic\u00edpios do Piau\u00ed para debater estrat\u00e9gias relacionadas ao acompanhamento de indicadores e ao fortalecimento de pol\u00edticas p\u00fablicas destinadas \u00e0 inf\u00e2ncia e \u00e0 adolesc\u00eancia.<\/p>\n\n\n\n<figure class=\"wp-block-image size-full\"><img fetchpriority=\"high\" decoding=\"async\" width=\"652\" height=\"581\" src=\"https:\/\/noticiaempauta.com\/portal\/wp-content\/uploads\/2026\/03\/0cb5b44e-1c88-487a-a19c-6d24852eab46-1.webp\" alt=\"\" class=\"wp-image-286248\" srcset=\"https:\/\/noticiaempauta.com\/portal\/wp-content\/uploads\/2026\/03\/0cb5b44e-1c88-487a-a19c-6d24852eab46-1.webp 652w, https:\/\/noticiaempauta.com\/portal\/wp-content\/uploads\/2026\/03\/0cb5b44e-1c88-487a-a19c-6d24852eab46-1-300x267.webp 300w\" sizes=\"(max-width: 652px) 100vw, 652px\" \/><\/figure>\n\n\n\n<p>A atividade teve como tema \u201cAgendas priorit\u00e1rias de educa\u00e7\u00e3o para crian\u00e7as e adolescentes\u201d, abordando iniciativas como a Busca Ativa Escolar, estrat\u00e9gia voltada \u00e0 identifica\u00e7\u00e3o e ao retorno de estudantes que est\u00e3o fora da escola, al\u00e9m do fortalecimento de a\u00e7\u00f5es intersetoriais nas \u00e1reas de educa\u00e7\u00e3o, sa\u00fade e assist\u00eancia social.<\/p>\n\n\n\n<figure class=\"wp-block-image size-large\"><img decoding=\"async\" width=\"578\" height=\"1024\" src=\"https:\/\/noticiaempauta.com\/portal\/wp-content\/uploads\/2026\/03\/db1e21b7-bdfc-4363-bceb-bf69c43ed8fd-1-578x1024.webp\" alt=\"\" class=\"wp-image-286249\" srcset=\"https:\/\/noticiaempauta.com\/portal\/wp-content\/uploads\/2026\/03\/db1e21b7-bdfc-4363-bceb-bf69c43ed8fd-1-578x1024.webp 578w, https:\/\/noticiaempauta.com\/portal\/wp-content\/uploads\/2026\/03\/db1e21b7-bdfc-4363-bceb-bf69c43ed8fd-1-169x300.webp 169w, https:\/\/noticiaempauta.com\/portal\/wp-content\/uploads\/2026\/03\/db1e21b7-bdfc-4363-bceb-bf69c43ed8fd-1.webp 652w\" sizes=\"(max-width: 578px) 100vw, 578px\" \/><\/figure>\n\n\n\n<p>Massap\u00ea do Piau\u00ed esteve representado por M\u00f4nica Teles, articuladora do Selo UNICEF, e Paula Regina, mobilizadora da Educa\u00e7\u00e3o, que acompanharam as discuss\u00f5es e atividades formativas voltadas ao planejamento e \u00e0 execu\u00e7\u00e3o de a\u00e7\u00f5es previstas na nova edi\u00e7\u00e3o do programa.<\/p>\n\n\n\n<p>O Selo UNICEF \u00e9 uma iniciativa que incentiva os munic\u00edpios participantes a desenvolverem e aprimorarem pol\u00edticas p\u00fablicas voltadas \u00e0s \u00e1reas de educa\u00e7\u00e3o, sa\u00fade e assist\u00eancia social, promovendo o acompanhamento de indicadores e a\u00e7\u00f5es que contribuam para a melhoria da qualidade de vida de crian\u00e7as e adolescentes.<\/p>\n\n\n\n<p>Fonte: Cidades em Foco<\/p>\n","protected":false},"excerpt":{"rendered":"<p>A promo\u00e7\u00e3o de a\u00e7\u00f5es voltadas \u00e0 garantia de direitos de crian\u00e7as e adolescentes tem sido pauta constante nas iniciativas desenvolvidas pela gest\u00e3o municipal de Massap\u00ea do Piau\u00ed.&nbsp; Como parte desse compromisso, representantes do munic\u00edpio participaram, na quarta-feira, 11 de mar\u00e7o, do 3\u00ba Ciclo de Forma\u00e7\u00e3o do Selo UNICEF 2025\u20132028, encontro que reuniu representantes de 81 [&hellip;]<\/p>\n","protected":false},"author":2,"featured_media":286248,"comment_status":"closed","ping_status":"closed","sticky":false,"template":"","format":"standard","meta":{"_mi_skip_tracking":false,"footnotes":""},"categories":[1,9],"tags":[],"class_list":["post-286247","post","type-post","status-publish","format-standard","has-post-thumbnail","hentry","category-geral","category-municipios"],"acf":[],"yoast_head":"<!-- This site is optimized with the Yoast SEO Premium plugin v19.2 (Yoast SEO v26.9) - https:\/\/yoast.com\/product\/yoast-seo-premium-wordpress\/ -->\n<title>Massap\u00ea do Piau\u00ed participa de nova forma\u00e7\u00e3o do Selo UNICEF para a edi\u00e7\u00e3o 2025\u20132028 - Portal Not\u00edcia em Pauta<\/title>\n<meta name=\"robots\" content=\"index, follow, max-snippet:-1, max-image-preview:large, max-video-preview:-1\" \/>\n<link rel=\"canonical\" href=\"https:\/\/noticiaempauta.com\/portal\/massape-do-piaui-participa-de-nova-formacao-do-selo-unicef-para-a-edicao-2025-2028\/\" \/>\n<meta property=\"og:locale\" content=\"pt_BR\" \/>\n<meta property=\"og:type\" content=\"article\" \/>\n<meta property=\"og:title\" content=\"Massap\u00ea do Piau\u00ed participa de nova forma\u00e7\u00e3o do Selo UNICEF para a edi\u00e7\u00e3o 2025\u20132028\" \/>\n<meta property=\"og:description\" content=\"A promo\u00e7\u00e3o de a\u00e7\u00f5es voltadas \u00e0 garantia de direitos de crian\u00e7as e adolescentes tem sido pauta constante nas iniciativas desenvolvidas pela gest\u00e3o municipal de Massap\u00ea do Piau\u00ed.&nbsp; Como parte desse compromisso, representantes do munic\u00edpio participaram, na quarta-feira, 11 de mar\u00e7o, do 3\u00ba Ciclo de Forma\u00e7\u00e3o do Selo UNICEF 2025\u20132028, encontro que reuniu representantes de 81 [&hellip;]\" \/>\n<meta property=\"og:url\" content=\"https:\/\/noticiaempauta.com\/portal\/massape-do-piaui-participa-de-nova-formacao-do-selo-unicef-para-a-edicao-2025-2028\/\" \/>\n<meta property=\"og:site_name\" content=\"Portal Not\u00edcia em Pauta\" \/>\n<meta property=\"article:publisher\" content=\"https:\/\/www.facebook.com\/Portal-Notcia-Em-Pauta-102292869264820\/\" \/>\n<meta property=\"article:published_time\" content=\"2026-03-12T19:29:47+00:00\" \/>\n<meta property=\"article:modified_time\" content=\"2026-03-12T19:29:50+00:00\" \/>\n<meta property=\"og:image\" content=\"https:\/\/noticiaempauta.com\/portal\/wp-content\/uploads\/2026\/03\/0cb5b44e-1c88-487a-a19c-6d24852eab46-1.webp\" \/>\n\t<meta property=\"og:image:width\" content=\"652\" \/>\n\t<meta property=\"og:image:height\" content=\"581\" \/>\n\t<meta property=\"og:image:type\" content=\"image\/webp\" \/>\n<meta name=\"author\" content=\"Reda\u00e7\u00e3o\" \/>\n<meta name=\"twitter:card\" content=\"summary_large_image\" \/>\n<meta name=\"twitter:label1\" content=\"Escrito por\" \/>\n\t<meta name=\"twitter:data1\" content=\"Reda\u00e7\u00e3o\" \/>\n\t<meta name=\"twitter:label2\" content=\"Est. tempo de leitura\" \/>\n\t<meta name=\"twitter:data2\" content=\"2 minutos\" \/>\n<script type=\"application\/ld+json\" class=\"yoast-schema-graph\">{\"@context\":\"https:\/\/schema.org\",\"@graph\":[{\"@type\":\"Article\",\"@id\":\"https:\/\/noticiaempauta.com\/portal\/massape-do-piaui-participa-de-nova-formacao-do-selo-unicef-para-a-edicao-2025-2028\/#article\",\"isPartOf\":{\"@id\":\"https:\/\/noticiaempauta.com\/portal\/massape-do-piaui-participa-de-nova-formacao-do-selo-unicef-para-a-edicao-2025-2028\/\"},\"author\":{\"name\":\"Reda\u00e7\u00e3o\",\"@id\":\"https:\/\/noticiaempauta.com\/portal\/#\/schema\/person\/a74af43dd1ab3deca45f988c717d57ac\"},\"headline\":\"Massap\u00ea do Piau\u00ed participa de nova forma\u00e7\u00e3o do Selo UNICEF para a edi\u00e7\u00e3o 2025\u20132028\",\"datePublished\":\"2026-03-12T19:29:47+00:00\",\"dateModified\":\"2026-03-12T19:29:50+00:00\",\"mainEntityOfPage\":{\"@id\":\"https:\/\/noticiaempauta.com\/portal\/massape-do-piaui-participa-de-nova-formacao-do-selo-unicef-para-a-edicao-2025-2028\/\"},\"wordCount\":259,\"publisher\":{\"@id\":\"https:\/\/noticiaempauta.com\/portal\/#organization\"},\"image\":{\"@id\":\"https:\/\/noticiaempauta.com\/portal\/massape-do-piaui-participa-de-nova-formacao-do-selo-unicef-para-a-edicao-2025-2028\/#primaryimage\"},\"thumbnailUrl\":\"https:\/\/noticiaempauta.com\/portal\/wp-content\/uploads\/2026\/03\/0cb5b44e-1c88-487a-a19c-6d24852eab46-1.webp\",\"articleSection\":[\"Geral\",\"Munic\u00edpios\"],\"inLanguage\":\"pt-BR\"},{\"@type\":\"WebPage\",\"@id\":\"https:\/\/noticiaempauta.com\/portal\/massape-do-piaui-participa-de-nova-formacao-do-selo-unicef-para-a-edicao-2025-2028\/\",\"url\":\"https:\/\/noticiaempauta.com\/portal\/massape-do-piaui-participa-de-nova-formacao-do-selo-unicef-para-a-edicao-2025-2028\/\",\"name\":\"Massap\u00ea do Piau\u00ed participa de nova forma\u00e7\u00e3o do Selo UNICEF para a edi\u00e7\u00e3o 2025\u20132028 - Portal Not\u00edcia em Pauta\",\"isPartOf\":{\"@id\":\"https:\/\/noticiaempauta.com\/portal\/#website\"},\"primaryImageOfPage\":{\"@id\":\"https:\/\/noticiaempauta.com\/portal\/massape-do-piaui-participa-de-nova-formacao-do-selo-unicef-para-a-edicao-2025-2028\/#primaryimage\"},\"image\":{\"@id\":\"https:\/\/noticiaempauta.com\/portal\/massape-do-piaui-participa-de-nova-formacao-do-selo-unicef-para-a-edicao-2025-2028\/#primaryimage\"},\"thumbnailUrl\":\"https:\/\/noticiaempauta.com\/portal\/wp-content\/uploads\/2026\/03\/0cb5b44e-1c88-487a-a19c-6d24852eab46-1.webp\",\"datePublished\":\"2026-03-12T19:29:47+00:00\",\"dateModified\":\"2026-03-12T19:29:50+00:00\",\"breadcrumb\":{\"@id\":\"https:\/\/noticiaempauta.com\/portal\/massape-do-piaui-participa-de-nova-formacao-do-selo-unicef-para-a-edicao-2025-2028\/#breadcrumb\"},\"inLanguage\":\"pt-BR\",\"potentialAction\":[{\"@type\":\"ReadAction\",\"target\":[\"https:\/\/noticiaempauta.com\/portal\/massape-do-piaui-participa-de-nova-formacao-do-selo-unicef-para-a-edicao-2025-2028\/\"]}]},{\"@type\":\"ImageObject\",\"inLanguage\":\"pt-BR\",\"@id\":\"https:\/\/noticiaempauta.com\/portal\/massape-do-piaui-participa-de-nova-formacao-do-selo-unicef-para-a-edicao-2025-2028\/#primaryimage\",\"url\":\"https:\/\/noticiaempauta.com\/portal\/wp-content\/uploads\/2026\/03\/0cb5b44e-1c88-487a-a19c-6d24852eab46-1.webp\",\"contentUrl\":\"https:\/\/noticiaempauta.com\/portal\/wp-content\/uploads\/2026\/03\/0cb5b44e-1c88-487a-a19c-6d24852eab46-1.webp\",\"width\":652,\"height\":581},{\"@type\":\"BreadcrumbList\",\"@id\":\"https:\/\/noticiaempauta.com\/portal\/massape-do-piaui-participa-de-nova-formacao-do-selo-unicef-para-a-edicao-2025-2028\/#breadcrumb\",\"itemListElement\":[{\"@type\":\"ListItem\",\"position\":1,\"name\":\"P\u00e1gina Inicial\",\"item\":\"https:\/\/noticiaempauta.com\/portal\/\"},{\"@type\":\"ListItem\",\"position\":2,\"name\":\"Geral\",\"item\":\"https:\/\/noticiaempauta.com\/portal\/geral\/\"},{\"@type\":\"ListItem\",\"position\":3,\"name\":\"Massap\u00ea do Piau\u00ed participa de nova forma\u00e7\u00e3o do Selo UNICEF para a edi\u00e7\u00e3o 2025\u20132028\"}]},{\"@type\":\"WebSite\",\"@id\":\"https:\/\/noticiaempauta.com\/portal\/#website\",\"url\":\"https:\/\/noticiaempauta.com\/portal\/\",\"name\":\"Portal Not\u00edcia em Pauta\",\"description\":\"Voc\u00ea bem informado\",\"publisher\":{\"@id\":\"https:\/\/noticiaempauta.com\/portal\/#organization\"},\"potentialAction\":[{\"@type\":\"SearchAction\",\"target\":{\"@type\":\"EntryPoint\",\"urlTemplate\":\"https:\/\/noticiaempauta.com\/portal\/?s={search_term_string}\"},\"query-input\":{\"@type\":\"PropertyValueSpecification\",\"valueRequired\":true,\"valueName\":\"search_term_string\"}}],\"inLanguage\":\"pt-BR\"},{\"@type\":\"Organization\",\"@id\":\"https:\/\/noticiaempauta.com\/portal\/#organization\",\"name\":\"Portal Not\u00edcia em Pauta\",\"url\":\"https:\/\/noticiaempauta.com\/portal\/\",\"logo\":{\"@type\":\"ImageObject\",\"inLanguage\":\"pt-BR\",\"@id\":\"https:\/\/noticiaempauta.com\/portal\/#\/schema\/logo\/image\/\",\"url\":\"https:\/\/noticiaempauta.com\/portal\/wp-content\/uploads\/2022\/08\/logomarca_tema.fw_.png\",\"contentUrl\":\"https:\/\/noticiaempauta.com\/portal\/wp-content\/uploads\/2022\/08\/logomarca_tema.fw_.png\",\"width\":400,\"height\":232,\"caption\":\"Portal Not\u00edcia em Pauta\"},\"image\":{\"@id\":\"https:\/\/noticiaempauta.com\/portal\/#\/schema\/logo\/image\/\"},\"sameAs\":[\"https:\/\/www.facebook.com\/Portal-Notcia-Em-Pauta-102292869264820\/\",\"https:\/\/www.instagram.com\/portalnoticiaempauta\/\"]},{\"@type\":\"Person\",\"@id\":\"https:\/\/noticiaempauta.com\/portal\/#\/schema\/person\/a74af43dd1ab3deca45f988c717d57ac\",\"name\":\"Reda\u00e7\u00e3o\",\"image\":{\"@type\":\"ImageObject\",\"inLanguage\":\"pt-BR\",\"@id\":\"https:\/\/noticiaempauta.com\/portal\/#\/schema\/person\/image\/\",\"url\":\"https:\/\/secure.gravatar.com\/avatar\/03179346ecce6cdfc13361603e8f54242a90e5cde8618fa23c5c00aa2b0aadf3?s=96&d=mm&r=g\",\"contentUrl\":\"https:\/\/secure.gravatar.com\/avatar\/03179346ecce6cdfc13361603e8f54242a90e5cde8618fa23c5c00aa2b0aadf3?s=96&d=mm&r=g\",\"caption\":\"Reda\u00e7\u00e3o\"},\"sameAs\":[\"https:\/\/noticiaempauta.com\/portal\/\"],\"url\":\"https:\/\/noticiaempauta.com\/portal\/author\/fernando\/\"}]}<\/script>\n<!-- \/ Yoast SEO Premium plugin. -->","yoast_head_json":{"title":"Massap\u00ea do Piau\u00ed participa de nova forma\u00e7\u00e3o do Selo UNICEF para a edi\u00e7\u00e3o 2025\u20132028 - Portal Not\u00edcia em Pauta","robots":{"index":"index","follow":"follow","max-snippet":"max-snippet:-1","max-image-preview":"max-image-preview:large","max-video-preview":"max-video-preview:-1"},"canonical":"https:\/\/noticiaempauta.com\/portal\/massape-do-piaui-participa-de-nova-formacao-do-selo-unicef-para-a-edicao-2025-2028\/","og_locale":"pt_BR","og_type":"article","og_title":"Massap\u00ea do Piau\u00ed participa de nova forma\u00e7\u00e3o do Selo UNICEF para a edi\u00e7\u00e3o 2025\u20132028","og_description":"A promo\u00e7\u00e3o de a\u00e7\u00f5es voltadas \u00e0 garantia de direitos de crian\u00e7as e adolescentes tem sido pauta constante nas iniciativas desenvolvidas pela gest\u00e3o municipal de Massap\u00ea do Piau\u00ed.&nbsp; Como parte desse compromisso, representantes do munic\u00edpio participaram, na quarta-feira, 11 de mar\u00e7o, do 3\u00ba Ciclo de Forma\u00e7\u00e3o do Selo UNICEF 2025\u20132028, encontro que reuniu representantes de 81 [&hellip;]","og_url":"https:\/\/noticiaempauta.com\/portal\/massape-do-piaui-participa-de-nova-formacao-do-selo-unicef-para-a-edicao-2025-2028\/","og_site_name":"Portal Not\u00edcia em Pauta","article_publisher":"https:\/\/www.facebook.com\/Portal-Notcia-Em-Pauta-102292869264820\/","article_published_time":"2026-03-12T19:29:47+00:00","article_modified_time":"2026-03-12T19:29:50+00:00","og_image":[{"width":652,"height":581,"url":"https:\/\/noticiaempauta.com\/portal\/wp-content\/uploads\/2026\/03\/0cb5b44e-1c88-487a-a19c-6d24852eab46-1.webp","type":"image\/webp"}],"author":"Reda\u00e7\u00e3o","twitter_card":"summary_large_image","twitter_misc":{"Escrito por":"Reda\u00e7\u00e3o","Est. tempo de leitura":"2 minutos"},"schema":{"@context":"https:\/\/schema.org","@graph":[{"@type":"Article","@id":"https:\/\/noticiaempauta.com\/portal\/massape-do-piaui-participa-de-nova-formacao-do-selo-unicef-para-a-edicao-2025-2028\/#article","isPartOf":{"@id":"https:\/\/noticiaempauta.com\/portal\/massape-do-piaui-participa-de-nova-formacao-do-selo-unicef-para-a-edicao-2025-2028\/"},"author":{"name":"Reda\u00e7\u00e3o","@id":"https:\/\/noticiaempauta.com\/portal\/#\/schema\/person\/a74af43dd1ab3deca45f988c717d57ac"},"headline":"Massap\u00ea do Piau\u00ed participa de nova forma\u00e7\u00e3o do Selo UNICEF para a edi\u00e7\u00e3o 2025\u20132028","datePublished":"2026-03-12T19:29:47+00:00","dateModified":"2026-03-12T19:29:50+00:00","mainEntityOfPage":{"@id":"https:\/\/noticiaempauta.com\/portal\/massape-do-piaui-participa-de-nova-formacao-do-selo-unicef-para-a-edicao-2025-2028\/"},"wordCount":259,"publisher":{"@id":"https:\/\/noticiaempauta.com\/portal\/#organization"},"image":{"@id":"https:\/\/noticiaempauta.com\/portal\/massape-do-piaui-participa-de-nova-formacao-do-selo-unicef-para-a-edicao-2025-2028\/#primaryimage"},"thumbnailUrl":"https:\/\/noticiaempauta.com\/portal\/wp-content\/uploads\/2026\/03\/0cb5b44e-1c88-487a-a19c-6d24852eab46-1.webp","articleSection":["Geral","Munic\u00edpios"],"inLanguage":"pt-BR"},{"@type":"WebPage","@id":"https:\/\/noticiaempauta.com\/portal\/massape-do-piaui-participa-de-nova-formacao-do-selo-unicef-para-a-edicao-2025-2028\/","url":"https:\/\/noticiaempauta.com\/portal\/massape-do-piaui-participa-de-nova-formacao-do-selo-unicef-para-a-edicao-2025-2028\/","name":"Massap\u00ea do Piau\u00ed participa de nova forma\u00e7\u00e3o do Selo UNICEF para a edi\u00e7\u00e3o 2025\u20132028 - Portal Not\u00edcia em Pauta","isPartOf":{"@id":"https:\/\/noticiaempauta.com\/portal\/#website"},"primaryImageOfPage":{"@id":"https:\/\/noticiaempauta.com\/portal\/massape-do-piaui-participa-de-nova-formacao-do-selo-unicef-para-a-edicao-2025-2028\/#primaryimage"},"image":{"@id":"https:\/\/noticiaempauta.com\/portal\/massape-do-piaui-participa-de-nova-formacao-do-selo-unicef-para-a-edicao-2025-2028\/#primaryimage"},"thumbnailUrl":"https:\/\/noticiaempauta.com\/portal\/wp-content\/uploads\/2026\/03\/0cb5b44e-1c88-487a-a19c-6d24852eab46-1.webp","datePublished":"2026-03-12T19:29:47+00:00","dateModified":"2026-03-12T19:29:50+00:00","breadcrumb":{"@id":"https:\/\/noticiaempauta.com\/portal\/massape-do-piaui-participa-de-nova-formacao-do-selo-unicef-para-a-edicao-2025-2028\/#breadcrumb"},"inLanguage":"pt-BR","potentialAction":[{"@type":"ReadAction","target":["https:\/\/noticiaempauta.com\/portal\/massape-do-piaui-participa-de-nova-formacao-do-selo-unicef-para-a-edicao-2025-2028\/"]}]},{"@type":"ImageObject","inLanguage":"pt-BR","@id":"https:\/\/noticiaempauta.com\/portal\/massape-do-piaui-participa-de-nova-formacao-do-selo-unicef-para-a-edicao-2025-2028\/#primaryimage","url":"https:\/\/noticiaempauta.com\/portal\/wp-content\/uploads\/2026\/03\/0cb5b44e-1c88-487a-a19c-6d24852eab46-1.webp","contentUrl":"https:\/\/noticiaempauta.com\/portal\/wp-content\/uploads\/2026\/03\/0cb5b44e-1c88-487a-a19c-6d24852eab46-1.webp","width":652,"height":581},{"@type":"BreadcrumbList","@id":"https:\/\/noticiaempauta.com\/portal\/massape-do-piaui-participa-de-nova-formacao-do-selo-unicef-para-a-edicao-2025-2028\/#breadcrumb","itemListElement":[{"@type":"ListItem","position":1,"name":"P\u00e1gina Inicial","item":"https:\/\/noticiaempauta.com\/portal\/"},{"@type":"ListItem","position":2,"name":"Geral","item":"https:\/\/noticiaempauta.com\/portal\/geral\/"},{"@type":"ListItem","position":3,"name":"Massap\u00ea do Piau\u00ed participa de nova forma\u00e7\u00e3o do Selo UNICEF para a edi\u00e7\u00e3o 2025\u20132028"}]},{"@type":"WebSite","@id":"https:\/\/noticiaempauta.com\/portal\/#website","url":"https:\/\/noticiaempauta.com\/portal\/","name":"Portal Not\u00edcia em Pauta","description":"Voc\u00ea bem informado","publisher":{"@id":"https:\/\/noticiaempauta.com\/portal\/#organization"},"potentialAction":[{"@type":"SearchAction","target":{"@type":"EntryPoint","urlTemplate":"https:\/\/noticiaempauta.com\/portal\/?s={search_term_string}"},"query-input":{"@type":"PropertyValueSpecification","valueRequired":true,"valueName":"search_term_string"}}],"inLanguage":"pt-BR"},{"@type":"Organization","@id":"https:\/\/noticiaempauta.com\/portal\/#organization","name":"Portal Not\u00edcia em Pauta","url":"https:\/\/noticiaempauta.com\/portal\/","logo":{"@type":"ImageObject","inLanguage":"pt-BR","@id":"https:\/\/noticiaempauta.com\/portal\/#\/schema\/logo\/image\/","url":"https:\/\/noticiaempauta.com\/portal\/wp-content\/uploads\/2022\/08\/logomarca_tema.fw_.png","contentUrl":"https:\/\/noticiaempauta.com\/portal\/wp-content\/uploads\/2022\/08\/logomarca_tema.fw_.png","width":400,"height":232,"caption":"Portal Not\u00edcia em Pauta"},"image":{"@id":"https:\/\/noticiaempauta.com\/portal\/#\/schema\/logo\/image\/"},"sameAs":["https:\/\/www.facebook.com\/Portal-Notcia-Em-Pauta-102292869264820\/","https:\/\/www.instagram.com\/portalnoticiaempauta\/"]},{"@type":"Person","@id":"https:\/\/noticiaempauta.com\/portal\/#\/schema\/person\/a74af43dd1ab3deca45f988c717d57ac","name":"Reda\u00e7\u00e3o","image":{"@type":"ImageObject","inLanguage":"pt-BR","@id":"https:\/\/noticiaempauta.com\/portal\/#\/schema\/person\/image\/","url":"https:\/\/secure.gravatar.com\/avatar\/03179346ecce6cdfc13361603e8f54242a90e5cde8618fa23c5c00aa2b0aadf3?s=96&d=mm&r=g","contentUrl":"https:\/\/secure.gravatar.com\/avatar\/03179346ecce6cdfc13361603e8f54242a90e5cde8618fa23c5c00aa2b0aadf3?s=96&d=mm&r=g","caption":"Reda\u00e7\u00e3o"},"sameAs":["https:\/\/noticiaempauta.com\/portal\/"],"url":"https:\/\/noticiaempauta.com\/portal\/author\/fernando\/"}]}},"_links":{"self":[{"href":"https:\/\/noticiaempauta.com\/portal\/wp-json\/wp\/v2\/posts\/286247","targetHints":{"allow":["GET"]}}],"collection":[{"href":"https:\/\/noticiaempauta.com\/portal\/wp-json\/wp\/v2\/posts"}],"about":[{"href":"https:\/\/noticiaempauta.com\/portal\/wp-json\/wp\/v2\/types\/post"}],"author":[{"embeddable":true,"href":"https:\/\/noticiaempauta.com\/portal\/wp-json\/wp\/v2\/users\/2"}],"replies":[{"embeddable":true,"href":"https:\/\/noticiaempauta.com\/portal\/wp-json\/wp\/v2\/comments?post=286247"}],"version-history":[{"count":1,"href":"https:\/\/noticiaempauta.com\/portal\/wp-json\/wp\/v2\/posts\/286247\/revisions"}],"predecessor-version":[{"id":286250,"href":"https:\/\/noticiaempauta.com\/portal\/wp-json\/wp\/v2\/posts\/286247\/revisions\/286250"}],"wp:featuredmedia":[{"embeddable":true,"href":"https:\/\/noticiaempauta.com\/portal\/wp-json\/wp\/v2\/media\/286248"}],"wp:attachment":[{"href":"https:\/\/noticiaempauta.com\/portal\/wp-json\/wp\/v2\/media?parent=286247"}],"wp:term":[{"taxonomy":"category","embeddable":true,"href":"https:\/\/noticiaempauta.com\/portal\/wp-json\/wp\/v2\/categories?post=286247"},{"taxonomy":"post_tag","embeddable":true,"href":"https:\/\/noticiaempauta.com\/portal\/wp-json\/wp\/v2\/tags?post=286247"}],"curies":[{"name":"wp","href":"https:\/\/api.w.org\/{rel}","templated":true}]}}