{"id":286251,"date":"2026-03-12T16:37:08","date_gmt":"2026-03-12T19:37:08","guid":{"rendered":"https:\/\/noticiaempauta.com\/portal\/?p=286251"},"modified":"2026-03-12T16:37:10","modified_gmt":"2026-03-12T19:37:10","slug":"apos-aumento-de-ate-r-081-procon-notifica-nove-distribuidoras-de-combustivel-no-piaui","status":"publish","type":"post","link":"https:\/\/noticiaempauta.com\/portal\/apos-aumento-de-ate-r-081-procon-notifica-nove-distribuidoras-de-combustivel-no-piaui\/","title":{"rendered":"Ap\u00f3s aumento de at\u00e9 R$ 0,81, Procon notifica nove distribuidoras de combust\u00edvel no Piau\u00ed"},"content":{"rendered":"\n<p>O Programa de Prote\u00e7\u00e3o e Defesa do Consumidor (Procon) notificou nove distribuidoras de combust\u00edvel no Piau\u00ed por conta do aumento n\u00e3o justificado de at\u00e9 R$ 0,81 no pre\u00e7o repassado ao cliente. O Sindicato dos Postos de Combust\u00edveis do Piau\u00ed (Sindipostos-PI) alega que o\u00a0reajuste se deu por efeitos da guerra no Oriente M\u00e9dio e o cen\u00e1rio de instabilidade internacional.\u00a0<\/p>\n\n\n\n<figure class=\"wp-block-image size-full\"><img fetchpriority=\"high\" decoding=\"async\" width=\"800\" height=\"533\" src=\"https:\/\/noticiaempauta.com\/portal\/wp-content\/uploads\/2026\/03\/V9WACeVbdZHO71eJclb16zHE1U9Cgj1dlAgMxLw5.webp\" alt=\"\" class=\"wp-image-286252\" srcset=\"https:\/\/noticiaempauta.com\/portal\/wp-content\/uploads\/2026\/03\/V9WACeVbdZHO71eJclb16zHE1U9Cgj1dlAgMxLw5.webp 800w, https:\/\/noticiaempauta.com\/portal\/wp-content\/uploads\/2026\/03\/V9WACeVbdZHO71eJclb16zHE1U9Cgj1dlAgMxLw5-300x200.webp 300w, https:\/\/noticiaempauta.com\/portal\/wp-content\/uploads\/2026\/03\/V9WACeVbdZHO71eJclb16zHE1U9Cgj1dlAgMxLw5-768x512.webp 768w\" sizes=\"(max-width: 800px) 100vw, 800px\" \/><figcaption class=\"wp-element-caption\">(Arquivo O DIA)<\/figcaption><\/figure>\n\n\n\n<p>Mas o Procon alega que isso por si s\u00f3 n\u00e3o \u00e9 justificativa para o aumento. Principalmente ap\u00f3s a Petrobras anunciar que vai segurar os pre\u00e7os e descartar reajuste imediato dos combust\u00edveis, mesmo com a disparada internacional do petr\u00f3leo. O que os postos piauienses dizem \u00e9 que compram combust\u00edvel de revendedores particulares e n\u00e3o da Petrobras.<\/p>\n\n\n\n<p>Em coletiva de imprensa nesta tarde (12), o coordenador-geral do Procon-PI, Nivaldo Ribeiro, explicou que os pre\u00e7os praticados pelos postos de combust\u00edveis no Estado s\u00e3o abusivos e cobrou transpar\u00eancia. \u201cDe uma hora para a outra aumenta. Temos que ver a origem deste aumento com a distribuidora e os postos. Existe muita m\u00e1 f\u00e9 nisso. O Procon quer que haja transpar\u00eancia neste pre\u00e7o, analisar se \u00e9 cab\u00edvel este aumento\u201d, disse.<\/p>\n\n\n\n<p>Mais de cem postos de combust\u00edveis j\u00e1 foram fiscalizados pelo \u00f3rg\u00e3o no Piau\u00ed. As nove distribuidoras que foram notificadas por aumento abusivo dos pre\u00e7os ter\u00e3o um prazo judicial para apresentarem suas alega\u00e7\u00f5es e as notas fiscais, explicando os valores praticados. Se for comprovado que o aumento repassado ao consumidor \u00e9 indevido, elas estar\u00e3o sujeitas a san\u00e7\u00f5es administrativas que podem resultar em multas de at\u00e9 R$ 10 milh\u00f5es.<\/p>\n\n\n\n<p>O Piau\u00ed n\u00e3o \u00e9 o \u00fanico estado brasileiro onde os \u00f3rg\u00e3os de fiscaliza\u00e7\u00e3o est\u00e3o cobrando dos postos de combust\u00edveis explica\u00e7\u00f5es sobre os aumentos recentes. No Rio Grande do Norte, o\u00a0Minist\u00e9rio da Justi\u00e7a pediu que Conselho Administrativo de Defesa Econ\u00f4mica (Cade) investigue os reajustes dos combust\u00edveis, que ocorreram mesmo sem altera\u00e7\u00f5es nos valores praticados pela Petrobras.<\/p>\n\n\n\n<p>Na semana passada, o litro da gasolina em Natal chegou a subir R$ 0,40. O Sindicato do Com\u00e9rcio Varejista de Derivados de Petr\u00f3leo do RN alegou que o aumento \u00e9 consequ\u00eancia do conflito entre Estados Unidos e Ir\u00e3, assim como acontece no Piau\u00ed.<\/p>\n\n\n\n<p>Fonte: Portal O Dia<\/p>\n","protected":false},"excerpt":{"rendered":"<p>O Programa de Prote\u00e7\u00e3o e Defesa do Consumidor (Procon) notificou nove distribuidoras de combust\u00edvel no Piau\u00ed por conta do aumento n\u00e3o justificado de at\u00e9 R$ 0,81 no pre\u00e7o repassado ao cliente. O Sindicato dos Postos de Combust\u00edveis do Piau\u00ed (Sindipostos-PI) alega que o\u00a0reajuste se deu por efeitos da guerra no Oriente M\u00e9dio e o cen\u00e1rio [&hellip;]<\/p>\n","protected":false},"author":2,"featured_media":286252,"comment_status":"closed","ping_status":"closed","sticky":false,"template":"","format":"standard","meta":{"_mi_skip_tracking":false,"footnotes":""},"categories":[25,6,1,16],"tags":[192],"class_list":["post-286251","post","type-post","status-publish","format-standard","has-post-thumbnail","hentry","category-destaques-site","category-economia","category-geral","category-todas","tag-destaqueprincipal"],"acf":[],"yoast_head":"<!-- This site is optimized with the Yoast SEO Premium plugin v19.2 (Yoast SEO v26.9) - https:\/\/yoast.com\/product\/yoast-seo-premium-wordpress\/ -->\n<title>Ap\u00f3s aumento de at\u00e9 R$ 0,81, Procon notifica nove distribuidoras de combust\u00edvel no Piau\u00ed - Portal Not\u00edcia em Pauta<\/title>\n<meta name=\"robots\" content=\"index, follow, max-snippet:-1, max-image-preview:large, max-video-preview:-1\" \/>\n<link rel=\"canonical\" href=\"https:\/\/noticiaempauta.com\/portal\/apos-aumento-de-ate-r-081-procon-notifica-nove-distribuidoras-de-combustivel-no-piaui\/\" \/>\n<meta property=\"og:locale\" content=\"pt_BR\" \/>\n<meta property=\"og:type\" content=\"article\" \/>\n<meta property=\"og:title\" content=\"Ap\u00f3s aumento de at\u00e9 R$ 0,81, Procon notifica nove distribuidoras de combust\u00edvel no Piau\u00ed\" \/>\n<meta property=\"og:description\" content=\"O Programa de Prote\u00e7\u00e3o e Defesa do Consumidor (Procon) notificou nove distribuidoras de combust\u00edvel no Piau\u00ed por conta do aumento n\u00e3o justificado de at\u00e9 R$ 0,81 no pre\u00e7o repassado ao cliente. O Sindicato dos Postos de Combust\u00edveis do Piau\u00ed (Sindipostos-PI) alega que o\u00a0reajuste se deu por efeitos da guerra no Oriente M\u00e9dio e o cen\u00e1rio [&hellip;]\" \/>\n<meta property=\"og:url\" content=\"https:\/\/noticiaempauta.com\/portal\/apos-aumento-de-ate-r-081-procon-notifica-nove-distribuidoras-de-combustivel-no-piaui\/\" \/>\n<meta property=\"og:site_name\" content=\"Portal Not\u00edcia em Pauta\" \/>\n<meta property=\"article:publisher\" content=\"https:\/\/www.facebook.com\/Portal-Notcia-Em-Pauta-102292869264820\/\" \/>\n<meta property=\"article:published_time\" content=\"2026-03-12T19:37:08+00:00\" \/>\n<meta property=\"article:modified_time\" content=\"2026-03-12T19:37:10+00:00\" \/>\n<meta property=\"og:image\" content=\"https:\/\/noticiaempauta.com\/portal\/wp-content\/uploads\/2026\/03\/V9WACeVbdZHO71eJclb16zHE1U9Cgj1dlAgMxLw5.webp\" \/>\n\t<meta property=\"og:image:width\" content=\"800\" \/>\n\t<meta property=\"og:image:height\" content=\"533\" \/>\n\t<meta property=\"og:image:type\" content=\"image\/webp\" \/>\n<meta name=\"author\" content=\"Reda\u00e7\u00e3o\" \/>\n<meta name=\"twitter:card\" content=\"summary_large_image\" \/>\n<meta name=\"twitter:label1\" content=\"Escrito por\" \/>\n\t<meta name=\"twitter:data1\" content=\"Reda\u00e7\u00e3o\" \/>\n\t<meta name=\"twitter:label2\" content=\"Est. tempo de leitura\" \/>\n\t<meta name=\"twitter:data2\" content=\"3 minutos\" \/>\n<script type=\"application\/ld+json\" class=\"yoast-schema-graph\">{\"@context\":\"https:\/\/schema.org\",\"@graph\":[{\"@type\":\"Article\",\"@id\":\"https:\/\/noticiaempauta.com\/portal\/apos-aumento-de-ate-r-081-procon-notifica-nove-distribuidoras-de-combustivel-no-piaui\/#article\",\"isPartOf\":{\"@id\":\"https:\/\/noticiaempauta.com\/portal\/apos-aumento-de-ate-r-081-procon-notifica-nove-distribuidoras-de-combustivel-no-piaui\/\"},\"author\":{\"name\":\"Reda\u00e7\u00e3o\",\"@id\":\"https:\/\/noticiaempauta.com\/portal\/#\/schema\/person\/a74af43dd1ab3deca45f988c717d57ac\"},\"headline\":\"Ap\u00f3s aumento de at\u00e9 R$ 0,81, Procon notifica nove distribuidoras de combust\u00edvel no Piau\u00ed\",\"datePublished\":\"2026-03-12T19:37:08+00:00\",\"dateModified\":\"2026-03-12T19:37:10+00:00\",\"mainEntityOfPage\":{\"@id\":\"https:\/\/noticiaempauta.com\/portal\/apos-aumento-de-ate-r-081-procon-notifica-nove-distribuidoras-de-combustivel-no-piaui\/\"},\"wordCount\":404,\"publisher\":{\"@id\":\"https:\/\/noticiaempauta.com\/portal\/#organization\"},\"image\":{\"@id\":\"https:\/\/noticiaempauta.com\/portal\/apos-aumento-de-ate-r-081-procon-notifica-nove-distribuidoras-de-combustivel-no-piaui\/#primaryimage\"},\"thumbnailUrl\":\"https:\/\/noticiaempauta.com\/portal\/wp-content\/uploads\/2026\/03\/V9WACeVbdZHO71eJclb16zHE1U9Cgj1dlAgMxLw5.webp\",\"keywords\":[\"destaqueprincipal\"],\"articleSection\":[\"Destaques\",\"Economia\",\"Geral\",\"Todas as Not\u00edcias\"],\"inLanguage\":\"pt-BR\"},{\"@type\":\"WebPage\",\"@id\":\"https:\/\/noticiaempauta.com\/portal\/apos-aumento-de-ate-r-081-procon-notifica-nove-distribuidoras-de-combustivel-no-piaui\/\",\"url\":\"https:\/\/noticiaempauta.com\/portal\/apos-aumento-de-ate-r-081-procon-notifica-nove-distribuidoras-de-combustivel-no-piaui\/\",\"name\":\"Ap\u00f3s aumento de at\u00e9 R$ 0,81, Procon notifica nove distribuidoras de combust\u00edvel no Piau\u00ed - Portal Not\u00edcia em Pauta\",\"isPartOf\":{\"@id\":\"https:\/\/noticiaempauta.com\/portal\/#website\"},\"primaryImageOfPage\":{\"@id\":\"https:\/\/noticiaempauta.com\/portal\/apos-aumento-de-ate-r-081-procon-notifica-nove-distribuidoras-de-combustivel-no-piaui\/#primaryimage\"},\"image\":{\"@id\":\"https:\/\/noticiaempauta.com\/portal\/apos-aumento-de-ate-r-081-procon-notifica-nove-distribuidoras-de-combustivel-no-piaui\/#primaryimage\"},\"thumbnailUrl\":\"https:\/\/noticiaempauta.com\/portal\/wp-content\/uploads\/2026\/03\/V9WACeVbdZHO71eJclb16zHE1U9Cgj1dlAgMxLw5.webp\",\"datePublished\":\"2026-03-12T19:37:08+00:00\",\"dateModified\":\"2026-03-12T19:37:10+00:00\",\"breadcrumb\":{\"@id\":\"https:\/\/noticiaempauta.com\/portal\/apos-aumento-de-ate-r-081-procon-notifica-nove-distribuidoras-de-combustivel-no-piaui\/#breadcrumb\"},\"inLanguage\":\"pt-BR\",\"potentialAction\":[{\"@type\":\"ReadAction\",\"target\":[\"https:\/\/noticiaempauta.com\/portal\/apos-aumento-de-ate-r-081-procon-notifica-nove-distribuidoras-de-combustivel-no-piaui\/\"]}]},{\"@type\":\"ImageObject\",\"inLanguage\":\"pt-BR\",\"@id\":\"https:\/\/noticiaempauta.com\/portal\/apos-aumento-de-ate-r-081-procon-notifica-nove-distribuidoras-de-combustivel-no-piaui\/#primaryimage\",\"url\":\"https:\/\/noticiaempauta.com\/portal\/wp-content\/uploads\/2026\/03\/V9WACeVbdZHO71eJclb16zHE1U9Cgj1dlAgMxLw5.webp\",\"contentUrl\":\"https:\/\/noticiaempauta.com\/portal\/wp-content\/uploads\/2026\/03\/V9WACeVbdZHO71eJclb16zHE1U9Cgj1dlAgMxLw5.webp\",\"width\":800,\"height\":533},{\"@type\":\"BreadcrumbList\",\"@id\":\"https:\/\/noticiaempauta.com\/portal\/apos-aumento-de-ate-r-081-procon-notifica-nove-distribuidoras-de-combustivel-no-piaui\/#breadcrumb\",\"itemListElement\":[{\"@type\":\"ListItem\",\"position\":1,\"name\":\"P\u00e1gina Inicial\",\"item\":\"https:\/\/noticiaempauta.com\/portal\/\"},{\"@type\":\"ListItem\",\"position\":2,\"name\":\"Destaques\",\"item\":\"https:\/\/noticiaempauta.com\/portal\/destaques-site\/\"},{\"@type\":\"ListItem\",\"position\":3,\"name\":\"Ap\u00f3s aumento de at\u00e9 R$ 0,81, Procon notifica nove distribuidoras de combust\u00edvel no Piau\u00ed\"}]},{\"@type\":\"WebSite\",\"@id\":\"https:\/\/noticiaempauta.com\/portal\/#website\",\"url\":\"https:\/\/noticiaempauta.com\/portal\/\",\"name\":\"Portal Not\u00edcia em Pauta\",\"description\":\"Voc\u00ea bem informado\",\"publisher\":{\"@id\":\"https:\/\/noticiaempauta.com\/portal\/#organization\"},\"potentialAction\":[{\"@type\":\"SearchAction\",\"target\":{\"@type\":\"EntryPoint\",\"urlTemplate\":\"https:\/\/noticiaempauta.com\/portal\/?s={search_term_string}\"},\"query-input\":{\"@type\":\"PropertyValueSpecification\",\"valueRequired\":true,\"valueName\":\"search_term_string\"}}],\"inLanguage\":\"pt-BR\"},{\"@type\":\"Organization\",\"@id\":\"https:\/\/noticiaempauta.com\/portal\/#organization\",\"name\":\"Portal Not\u00edcia em Pauta\",\"url\":\"https:\/\/noticiaempauta.com\/portal\/\",\"logo\":{\"@type\":\"ImageObject\",\"inLanguage\":\"pt-BR\",\"@id\":\"https:\/\/noticiaempauta.com\/portal\/#\/schema\/logo\/image\/\",\"url\":\"https:\/\/noticiaempauta.com\/portal\/wp-content\/uploads\/2022\/08\/logomarca_tema.fw_.png\",\"contentUrl\":\"https:\/\/noticiaempauta.com\/portal\/wp-content\/uploads\/2022\/08\/logomarca_tema.fw_.png\",\"width\":400,\"height\":232,\"caption\":\"Portal Not\u00edcia em Pauta\"},\"image\":{\"@id\":\"https:\/\/noticiaempauta.com\/portal\/#\/schema\/logo\/image\/\"},\"sameAs\":[\"https:\/\/www.facebook.com\/Portal-Notcia-Em-Pauta-102292869264820\/\",\"https:\/\/www.instagram.com\/portalnoticiaempauta\/\"]},{\"@type\":\"Person\",\"@id\":\"https:\/\/noticiaempauta.com\/portal\/#\/schema\/person\/a74af43dd1ab3deca45f988c717d57ac\",\"name\":\"Reda\u00e7\u00e3o\",\"image\":{\"@type\":\"ImageObject\",\"inLanguage\":\"pt-BR\",\"@id\":\"https:\/\/noticiaempauta.com\/portal\/#\/schema\/person\/image\/\",\"url\":\"https:\/\/secure.gravatar.com\/avatar\/03179346ecce6cdfc13361603e8f54242a90e5cde8618fa23c5c00aa2b0aadf3?s=96&d=mm&r=g\",\"contentUrl\":\"https:\/\/secure.gravatar.com\/avatar\/03179346ecce6cdfc13361603e8f54242a90e5cde8618fa23c5c00aa2b0aadf3?s=96&d=mm&r=g\",\"caption\":\"Reda\u00e7\u00e3o\"},\"sameAs\":[\"https:\/\/noticiaempauta.com\/portal\/\"],\"url\":\"https:\/\/noticiaempauta.com\/portal\/author\/fernando\/\"}]}<\/script>\n<!-- \/ Yoast SEO Premium plugin. -->","yoast_head_json":{"title":"Ap\u00f3s aumento de at\u00e9 R$ 0,81, Procon notifica nove distribuidoras de combust\u00edvel no Piau\u00ed - Portal Not\u00edcia em Pauta","robots":{"index":"index","follow":"follow","max-snippet":"max-snippet:-1","max-image-preview":"max-image-preview:large","max-video-preview":"max-video-preview:-1"},"canonical":"https:\/\/noticiaempauta.com\/portal\/apos-aumento-de-ate-r-081-procon-notifica-nove-distribuidoras-de-combustivel-no-piaui\/","og_locale":"pt_BR","og_type":"article","og_title":"Ap\u00f3s aumento de at\u00e9 R$ 0,81, Procon notifica nove distribuidoras de combust\u00edvel no Piau\u00ed","og_description":"O Programa de Prote\u00e7\u00e3o e Defesa do Consumidor (Procon) notificou nove distribuidoras de combust\u00edvel no Piau\u00ed por conta do aumento n\u00e3o justificado de at\u00e9 R$ 0,81 no pre\u00e7o repassado ao cliente. O Sindicato dos Postos de Combust\u00edveis do Piau\u00ed (Sindipostos-PI) alega que o\u00a0reajuste se deu por efeitos da guerra no Oriente M\u00e9dio e o cen\u00e1rio [&hellip;]","og_url":"https:\/\/noticiaempauta.com\/portal\/apos-aumento-de-ate-r-081-procon-notifica-nove-distribuidoras-de-combustivel-no-piaui\/","og_site_name":"Portal Not\u00edcia em Pauta","article_publisher":"https:\/\/www.facebook.com\/Portal-Notcia-Em-Pauta-102292869264820\/","article_published_time":"2026-03-12T19:37:08+00:00","article_modified_time":"2026-03-12T19:37:10+00:00","og_image":[{"width":800,"height":533,"url":"https:\/\/noticiaempauta.com\/portal\/wp-content\/uploads\/2026\/03\/V9WACeVbdZHO71eJclb16zHE1U9Cgj1dlAgMxLw5.webp","type":"image\/webp"}],"author":"Reda\u00e7\u00e3o","twitter_card":"summary_large_image","twitter_misc":{"Escrito por":"Reda\u00e7\u00e3o","Est. tempo de leitura":"3 minutos"},"schema":{"@context":"https:\/\/schema.org","@graph":[{"@type":"Article","@id":"https:\/\/noticiaempauta.com\/portal\/apos-aumento-de-ate-r-081-procon-notifica-nove-distribuidoras-de-combustivel-no-piaui\/#article","isPartOf":{"@id":"https:\/\/noticiaempauta.com\/portal\/apos-aumento-de-ate-r-081-procon-notifica-nove-distribuidoras-de-combustivel-no-piaui\/"},"author":{"name":"Reda\u00e7\u00e3o","@id":"https:\/\/noticiaempauta.com\/portal\/#\/schema\/person\/a74af43dd1ab3deca45f988c717d57ac"},"headline":"Ap\u00f3s aumento de at\u00e9 R$ 0,81, Procon notifica nove distribuidoras de combust\u00edvel no Piau\u00ed","datePublished":"2026-03-12T19:37:08+00:00","dateModified":"2026-03-12T19:37:10+00:00","mainEntityOfPage":{"@id":"https:\/\/noticiaempauta.com\/portal\/apos-aumento-de-ate-r-081-procon-notifica-nove-distribuidoras-de-combustivel-no-piaui\/"},"wordCount":404,"publisher":{"@id":"https:\/\/noticiaempauta.com\/portal\/#organization"},"image":{"@id":"https:\/\/noticiaempauta.com\/portal\/apos-aumento-de-ate-r-081-procon-notifica-nove-distribuidoras-de-combustivel-no-piaui\/#primaryimage"},"thumbnailUrl":"https:\/\/noticiaempauta.com\/portal\/wp-content\/uploads\/2026\/03\/V9WACeVbdZHO71eJclb16zHE1U9Cgj1dlAgMxLw5.webp","keywords":["destaqueprincipal"],"articleSection":["Destaques","Economia","Geral","Todas as Not\u00edcias"],"inLanguage":"pt-BR"},{"@type":"WebPage","@id":"https:\/\/noticiaempauta.com\/portal\/apos-aumento-de-ate-r-081-procon-notifica-nove-distribuidoras-de-combustivel-no-piaui\/","url":"https:\/\/noticiaempauta.com\/portal\/apos-aumento-de-ate-r-081-procon-notifica-nove-distribuidoras-de-combustivel-no-piaui\/","name":"Ap\u00f3s aumento de at\u00e9 R$ 0,81, Procon notifica nove distribuidoras de combust\u00edvel no Piau\u00ed - Portal Not\u00edcia em Pauta","isPartOf":{"@id":"https:\/\/noticiaempauta.com\/portal\/#website"},"primaryImageOfPage":{"@id":"https:\/\/noticiaempauta.com\/portal\/apos-aumento-de-ate-r-081-procon-notifica-nove-distribuidoras-de-combustivel-no-piaui\/#primaryimage"},"image":{"@id":"https:\/\/noticiaempauta.com\/portal\/apos-aumento-de-ate-r-081-procon-notifica-nove-distribuidoras-de-combustivel-no-piaui\/#primaryimage"},"thumbnailUrl":"https:\/\/noticiaempauta.com\/portal\/wp-content\/uploads\/2026\/03\/V9WACeVbdZHO71eJclb16zHE1U9Cgj1dlAgMxLw5.webp","datePublished":"2026-03-12T19:37:08+00:00","dateModified":"2026-03-12T19:37:10+00:00","breadcrumb":{"@id":"https:\/\/noticiaempauta.com\/portal\/apos-aumento-de-ate-r-081-procon-notifica-nove-distribuidoras-de-combustivel-no-piaui\/#breadcrumb"},"inLanguage":"pt-BR","potentialAction":[{"@type":"ReadAction","target":["https:\/\/noticiaempauta.com\/portal\/apos-aumento-de-ate-r-081-procon-notifica-nove-distribuidoras-de-combustivel-no-piaui\/"]}]},{"@type":"ImageObject","inLanguage":"pt-BR","@id":"https:\/\/noticiaempauta.com\/portal\/apos-aumento-de-ate-r-081-procon-notifica-nove-distribuidoras-de-combustivel-no-piaui\/#primaryimage","url":"https:\/\/noticiaempauta.com\/portal\/wp-content\/uploads\/2026\/03\/V9WACeVbdZHO71eJclb16zHE1U9Cgj1dlAgMxLw5.webp","contentUrl":"https:\/\/noticiaempauta.com\/portal\/wp-content\/uploads\/2026\/03\/V9WACeVbdZHO71eJclb16zHE1U9Cgj1dlAgMxLw5.webp","width":800,"height":533},{"@type":"BreadcrumbList","@id":"https:\/\/noticiaempauta.com\/portal\/apos-aumento-de-ate-r-081-procon-notifica-nove-distribuidoras-de-combustivel-no-piaui\/#breadcrumb","itemListElement":[{"@type":"ListItem","position":1,"name":"P\u00e1gina Inicial","item":"https:\/\/noticiaempauta.com\/portal\/"},{"@type":"ListItem","position":2,"name":"Destaques","item":"https:\/\/noticiaempauta.com\/portal\/destaques-site\/"},{"@type":"ListItem","position":3,"name":"Ap\u00f3s aumento de at\u00e9 R$ 0,81, Procon notifica nove distribuidoras de combust\u00edvel no Piau\u00ed"}]},{"@type":"WebSite","@id":"https:\/\/noticiaempauta.com\/portal\/#website","url":"https:\/\/noticiaempauta.com\/portal\/","name":"Portal Not\u00edcia em Pauta","description":"Voc\u00ea bem informado","publisher":{"@id":"https:\/\/noticiaempauta.com\/portal\/#organization"},"potentialAction":[{"@type":"SearchAction","target":{"@type":"EntryPoint","urlTemplate":"https:\/\/noticiaempauta.com\/portal\/?s={search_term_string}"},"query-input":{"@type":"PropertyValueSpecification","valueRequired":true,"valueName":"search_term_string"}}],"inLanguage":"pt-BR"},{"@type":"Organization","@id":"https:\/\/noticiaempauta.com\/portal\/#organization","name":"Portal Not\u00edcia em Pauta","url":"https:\/\/noticiaempauta.com\/portal\/","logo":{"@type":"ImageObject","inLanguage":"pt-BR","@id":"https:\/\/noticiaempauta.com\/portal\/#\/schema\/logo\/image\/","url":"https:\/\/noticiaempauta.com\/portal\/wp-content\/uploads\/2022\/08\/logomarca_tema.fw_.png","contentUrl":"https:\/\/noticiaempauta.com\/portal\/wp-content\/uploads\/2022\/08\/logomarca_tema.fw_.png","width":400,"height":232,"caption":"Portal Not\u00edcia em Pauta"},"image":{"@id":"https:\/\/noticiaempauta.com\/portal\/#\/schema\/logo\/image\/"},"sameAs":["https:\/\/www.facebook.com\/Portal-Notcia-Em-Pauta-102292869264820\/","https:\/\/www.instagram.com\/portalnoticiaempauta\/"]},{"@type":"Person","@id":"https:\/\/noticiaempauta.com\/portal\/#\/schema\/person\/a74af43dd1ab3deca45f988c717d57ac","name":"Reda\u00e7\u00e3o","image":{"@type":"ImageObject","inLanguage":"pt-BR","@id":"https:\/\/noticiaempauta.com\/portal\/#\/schema\/person\/image\/","url":"https:\/\/secure.gravatar.com\/avatar\/03179346ecce6cdfc13361603e8f54242a90e5cde8618fa23c5c00aa2b0aadf3?s=96&d=mm&r=g","contentUrl":"https:\/\/secure.gravatar.com\/avatar\/03179346ecce6cdfc13361603e8f54242a90e5cde8618fa23c5c00aa2b0aadf3?s=96&d=mm&r=g","caption":"Reda\u00e7\u00e3o"},"sameAs":["https:\/\/noticiaempauta.com\/portal\/"],"url":"https:\/\/noticiaempauta.com\/portal\/author\/fernando\/"}]}},"_links":{"self":[{"href":"https:\/\/noticiaempauta.com\/portal\/wp-json\/wp\/v2\/posts\/286251","targetHints":{"allow":["GET"]}}],"collection":[{"href":"https:\/\/noticiaempauta.com\/portal\/wp-json\/wp\/v2\/posts"}],"about":[{"href":"https:\/\/noticiaempauta.com\/portal\/wp-json\/wp\/v2\/types\/post"}],"author":[{"embeddable":true,"href":"https:\/\/noticiaempauta.com\/portal\/wp-json\/wp\/v2\/users\/2"}],"replies":[{"embeddable":true,"href":"https:\/\/noticiaempauta.com\/portal\/wp-json\/wp\/v2\/comments?post=286251"}],"version-history":[{"count":2,"href":"https:\/\/noticiaempauta.com\/portal\/wp-json\/wp\/v2\/posts\/286251\/revisions"}],"predecessor-version":[{"id":286254,"href":"https:\/\/noticiaempauta.com\/portal\/wp-json\/wp\/v2\/posts\/286251\/revisions\/286254"}],"wp:featuredmedia":[{"embeddable":true,"href":"https:\/\/noticiaempauta.com\/portal\/wp-json\/wp\/v2\/media\/286252"}],"wp:attachment":[{"href":"https:\/\/noticiaempauta.com\/portal\/wp-json\/wp\/v2\/media?parent=286251"}],"wp:term":[{"taxonomy":"category","embeddable":true,"href":"https:\/\/noticiaempauta.com\/portal\/wp-json\/wp\/v2\/categories?post=286251"},{"taxonomy":"post_tag","embeddable":true,"href":"https:\/\/noticiaempauta.com\/portal\/wp-json\/wp\/v2\/tags?post=286251"}],"curies":[{"name":"wp","href":"https:\/\/api.w.org\/{rel}","templated":true}]}}