{"id":286291,"date":"2026-03-14T05:31:06","date_gmt":"2026-03-14T08:31:06","guid":{"rendered":"https:\/\/noticiaempauta.com\/portal\/?p=286291"},"modified":"2026-03-14T05:31:07","modified_gmt":"2026-03-14T08:31:07","slug":"pt-anuncia-chapa-com-rafael-e-bandeira-para-as-eleicoes-de-2026","status":"publish","type":"post","link":"https:\/\/noticiaempauta.com\/portal\/pt-anuncia-chapa-com-rafael-e-bandeira-para-as-eleicoes-de-2026\/","title":{"rendered":"PT anuncia chapa com Rafael e Bandeira para as elei\u00e7\u00f5es de 2026"},"content":{"rendered":"\n<p>Foi anunciada oficialmente nesta sexta-feira (13) a composi\u00e7\u00e3o da chapa majorit\u00e1ria da base governista para as elei\u00e7\u00f5es de 2026 no Piau\u00ed. O an\u00fancio acontece durante evento na sede do Partido dos Trabalhadores (PT), em Teresina, com a presen\u00e7a de lideran\u00e7as da base aliada. <\/p>\n\n\n\n<figure class=\"wp-block-image size-large\"><img fetchpriority=\"high\" decoding=\"async\" width=\"1024\" height=\"678\" src=\"https:\/\/noticiaempauta.com\/portal\/wp-content\/uploads\/2026\/03\/IMG_5278-1024x678.webp\" alt=\"\" class=\"wp-image-286292\" srcset=\"https:\/\/noticiaempauta.com\/portal\/wp-content\/uploads\/2026\/03\/IMG_5278-1024x678.webp 1024w, https:\/\/noticiaempauta.com\/portal\/wp-content\/uploads\/2026\/03\/IMG_5278-300x199.webp 300w, https:\/\/noticiaempauta.com\/portal\/wp-content\/uploads\/2026\/03\/IMG_5278-768x509.webp 768w, https:\/\/noticiaempauta.com\/portal\/wp-content\/uploads\/2026\/03\/IMG_5278.webp 1280w\" sizes=\"(max-width: 1024px) 100vw, 1024px\" \/><figcaption class=\"wp-element-caption\">(Foto: Roberta Aline)<\/figcaption><\/figure>\n\n\n\n<p>A chapa foi anunciada oficialmente pelo ministro do Minist\u00e9rio do Desenvolvimento e Assist\u00eancia Social, Fam\u00edlia e Combate \u00e0 Fome (MDS), Wellington Dias (PT). Ap\u00f3s a fala do ministro, o governador Rafael Fonteles tamb\u00e9m se manifestou.\u00a0\u00a0<\/p>\n\n\n\n<h3 class=\"wp-block-heading\"><strong>A chapa ser\u00e1 formada por:<\/strong><\/h3>\n\n\n\n<ul class=\"wp-block-list\">\n<li><strong>Rafael Fonteles (PT)<\/strong>\u00a0\u2013 candidato \u00e0 reelei\u00e7\u00e3o ao Governo do Estado<\/li>\n\n\n\n<li><strong>Washington Bandeira (PT)<\/strong>\u00a0\u2013 vice-governador<\/li>\n\n\n\n<li><strong>Marcelo Castro (MDB)<\/strong>\u00a0\u2013 candidato ao Senado<\/li>\n\n\n\n<li><strong>J\u00falio C\u00e9sar (PSD)<\/strong>\u00a0\u2013 candidato ao Senado<\/li>\n<\/ul>\n\n\n\n<p>Durante o evento,&nbsp;<strong>Wellington Dias afirmou que o grupo chega unido para a disputa eleitoral&nbsp;<\/strong>e destacou o alinhamento entre os partidos da base.<\/p>\n\n\n\n<blockquote class=\"wp-block-quote is-layout-flow wp-block-quote-is-layout-flow\">\n<p>\u201cA partir de hoje posso afirmar com toda seguran\u00e7a: estamos unidos como nunca. N\u00e3o \u00e9 apenas um juntar de pessoas, \u00e9 caminhar numa mesma dire\u00e7\u00e3o\u201d, declarou.<\/p>\n<\/blockquote>\n\n\n\n<p>Segundo ele, a composi\u00e7\u00e3o re\u00fane&nbsp;<strong>11 partidos<\/strong>&nbsp;e deve atuar de forma integrada nas elei\u00e7\u00f5es de 2026. \u201c\u00c9 uma uni\u00e3o feita a partir do di\u00e1logo. Vamos celebrar essa unidade em cada munic\u00edpio do Piau\u00ed\u201d, disse.<\/p>\n\n\n\n<p>Wellington Dias tamb\u00e9m ressaltou o hist\u00f3rico eleitoral do grupo pol\u00edtico no estado.<\/p>\n\n\n\n<blockquote class=\"wp-block-quote is-layout-flow wp-block-quote-is-layout-flow\">\n<p>\u201cDesde 2002 fomos eleitos cinco vezes ao governo em primeiro turno. Esse time est\u00e1 unido em torno de um projeto para o Piau\u00ed e para o Brasil\u201d, afirmou.<\/p>\n<\/blockquote>\n\n\n\n<p>De acordo com o senador, a base governista ter\u00e1 como refer\u00eancia nacional o presidente&nbsp;<strong>Luiz In\u00e1cio Lula da Silva (PT)<\/strong>, enquanto no estado o projeto ser\u00e1 liderado pelo governador Rafael Fonteles.<\/p>\n\n\n\n<p><strong>\u201cSeremos liderados no Brasil por Lula. No Piau\u00ed temos Rafael, Washington Bandeira, Marcelo Castro e J\u00falio C\u00e9sar\u201d, afirmou.<\/strong><\/p>\n\n\n\n<h2 class=\"wp-block-heading\"><strong>Rafael Fonteles destaca uni\u00e3o&nbsp;<\/strong><\/h2>\n\n\n\n<p>Durante o evento, o governador&nbsp;<strong>Rafael Fonteles (PT)<\/strong>&nbsp;refor\u00e7ou a import\u00e2ncia da<strong>&nbsp;uni\u00e3o pol\u00edtica da base<\/strong>&nbsp;e destacou o papel de Wellington Dias na condu\u00e7\u00e3o do grupo. Segundo Fonteles, a for\u00e7a pol\u00edtica do grupo est\u00e1 diretamente ligada \u00e0 unidade entre os partidos.<\/p>\n\n\n\n<blockquote class=\"wp-block-quote is-layout-flow wp-block-quote-is-layout-flow\">\n<p>\u201cEsse time tem for\u00e7a pol\u00edtica porque tem uni\u00e3o pol\u00edtica. \u00c9 uma uni\u00e3o de prop\u00f3sito que faz esse grupo forte\u201d, declarou.<\/p>\n<\/blockquote>\n\n\n\n<p>O governador afirmou ainda que a defini\u00e7\u00e3o da chapa \u00e9 resultado do&nbsp;<strong>di\u00e1logo entre os partidos da base.<\/strong>&nbsp;\u201cO di\u00e1logo entre os l\u00edderes e os partidos caminhou de maneira acelerada para esse momento de consenso e de uni\u00e3o, que certamente ser\u00e1 fundamental para nossa caminhada nas elei\u00e7\u00f5es\u201d, disse.<\/p>\n\n\n\n<h2 class=\"wp-block-heading\"><strong>\u201cHumildade e p\u00e9 no ch\u00e3o\u201d<\/strong><\/h2>\n\n\n\n<p>Rafael Fonteles tamb\u00e9m destacou que o grupo pretende<strong>&nbsp;conduzir o processo eleitoral com cautela.<\/strong>&nbsp;\u201cOutro sentimento que marca esse time \u00e9 a humildade e o p\u00e9 no ch\u00e3o. O processo pol\u00edtico \u00e9 complexo e depende de v\u00e1rias vari\u00e1veis, portanto nunca podemos estar de salto alto\u201d, afirmou.<\/p>\n\n\n\n<h2 class=\"wp-block-heading\"><strong>Avan\u00e7o do Piau\u00ed no IDH<\/strong><\/h2>\n\n\n\n<p>Durante o discurso, o governador tamb\u00e9m citou dados que, segundo ele, devem ser divulgados em breve pelo Programa das Na\u00e7\u00f5es Unidas para o Desenvolvimento (PNUD) sobre o avan\u00e7o do Brasil e do Piau\u00ed no \u00cdndice de Desenvolvimento Humano (IDH).<\/p>\n\n\n\n<p>De acordo com Fonteles, o Brasil dever\u00e1 ultrapassar pela primeira vez a marca de&nbsp;<strong>0,8 no \u00edndice<\/strong>, considerada de desenvolvimento muito alto.<\/p>\n\n\n\n<blockquote class=\"wp-block-quote is-layout-flow wp-block-quote-is-layout-flow\">\n<p>\u201cDos 27 estados, o que mais evoluiu no IDH foi exatamente o estado do Piau\u00ed. Quem vai dizer isso \u00e9 a pr\u00f3pria ONU\u201d, afirmou.<\/p>\n<\/blockquote>\n\n\n\n<p>Segundo ele, o resultado reflete pol\u00edticas p\u00fablicas voltadas \u00e0 melhoria da educa\u00e7\u00e3o, renda e longevidade da popula\u00e7\u00e3o.<\/p>\n\n\n\n<h2 class=\"wp-block-heading\"><strong>Washington Bandeira cita Batalha do Jenipapo e agradece confian\u00e7a na chapa<\/strong><\/h2>\n\n\n\n<p>O ex-secret\u00e1rio de Educa\u00e7\u00e3o e pr\u00e9-candidato a vice-governador,&nbsp;<strong>Washington Bandeira (PT)<\/strong>, destacou a uni\u00e3o da base governista e relacionou o momento pol\u00edtico \u00e0 data hist\u00f3rica de 13 de mar\u00e7o, quando se comemoram os 203 anos da&nbsp;<strong>Batalha do Jenipapo<\/strong>.<\/p>\n\n\n\n<p>\u201c<strong>Na Batalha do Jenipapo, o protagonista foi o povo<\/strong>: vaqueiros, agricultores e populares que lutaram contra as tropas de Portugal, mostrando a for\u00e7a e a coragem do povo piauiense\u201d, afirmou.<\/p>\n\n\n\n<p>Segundo ele,<strong>&nbsp;o grupo pol\u00edtico busca manter esse esp\u00edrito de uni\u00e3o<\/strong>. \u201cHoje estamos aqui celebrando a uni\u00e3o e a for\u00e7a desse time, em que a prioridade e o protagonista tamb\u00e9m s\u00e3o o povo\u201d, disse.<\/p>\n\n\n\n<p>Bandeira tamb\u00e9m agradeceu \u00e0s lideran\u00e7as pela confian\u00e7a em integr\u00e1-lo \u00e0 chapa e destacou sua liga\u00e7\u00e3o com o PT.<\/p>\n\n\n\n<blockquote class=\"wp-block-quote is-layout-flow wp-block-quote-is-layout-flow\">\n<p>\u201cSempre fui PT, de cora\u00e7\u00e3o e de alma. Por quest\u00f5es legais, como eu era magistrado, n\u00e3o podia. Agora tenho a honra de fazer parte desse time e dessa chapa\u201d, declarou.<\/p>\n<\/blockquote>\n\n\n\n<h2 class=\"wp-block-heading\"><strong>J\u00falio C\u00e9sar destaca compromisso com o futuro<\/strong><\/h2>\n\n\n\n<p>O deputado federal e pr\u00e9-candidato ao Senado,&nbsp;<strong>J\u00falio C\u00e9sar (PSD)<\/strong>, afirmou que a composi\u00e7\u00e3o da chapa representa um compromisso coletivo da base governista. \u201cEssa chapa n\u00e3o \u00e9 de interesse pessoal, nem meu, nem do Marcelo, nem do governador ou do Washington. \u00c9 uma chapa de interesse de todos\u201d, declarou.<\/p>\n\n\n\n<p>Segundo ele, o grupo pol\u00edtico chega unido para a disputa eleitoral.<\/p>\n\n\n\n<blockquote class=\"wp-block-quote is-layout-flow wp-block-quote-is-layout-flow\">\n<p>\u201cElei\u00e7\u00e3o n\u00e3o se ganha no microfone. Elei\u00e7\u00e3o se ganha com trabalho, mostrando a hist\u00f3ria, o presente e o compromisso com o futuro\u201d, afirmou.<\/p>\n<\/blockquote>\n\n\n\n<h2 class=\"wp-block-heading\"><strong>Marcelo Castro diz que grupo supera diverg\u00eancias<\/strong><\/h2>\n\n\n\n<p>O senador&nbsp;<strong>Marcelo Castro (MDB)<\/strong>&nbsp;destacou a rela\u00e7\u00e3o hist\u00f3rica entre o MDB e o PT no estado e afirmou que o grupo chega unido para apoiar a reelei\u00e7\u00e3o do governador Rafael Fonteles. \u201cEm toda a minha trajet\u00f3ria o PT sempre contou com Marcelo Castro, e eu sempre contei com o PT\u201d, disse.<\/p>\n\n\n\n<p>Segundo o senador, a base superou eventuais diverg\u00eancias internas e se apresenta fortalecida para a disputa eleitoral.<\/p>\n\n\n\n<blockquote class=\"wp-block-quote is-layout-flow wp-block-quote-is-layout-flow\">\n<p>\u201cEstamos aqui, vencidas algumas desintelig\u00eancias que poderiam ter ocorrido, como um grupo forte e unido para apoiar o governador Rafael Fonteles e continuar esse trabalho em favor do Piau\u00ed\u201d, afirmou.<\/p>\n<\/blockquote>\n\n\n\n<p>A avalia\u00e7\u00e3o entre aliados \u00e9 que a defini\u00e7\u00e3o encerra as articula\u00e7\u00f5es em torno da chapa majorit\u00e1ria, e que as negocia\u00e7\u00f5es agora devem se concentrar nas&nbsp;<strong>chapas proporcionais para deputado federal e estadual<\/strong>.<\/p>\n\n\n\n<p>Durante o evento desta sexta-feira, Wellington Dias refor\u00e7ou que o grupo seguir\u00e1 unido durante a campanha.<\/p>\n\n\n\n<blockquote class=\"wp-block-quote is-layout-flow wp-block-quote-is-layout-flow\"><\/blockquote>\n\n\n\n<p>Fonte: Cidade Verde<\/p>\n\n\n\n<p><\/p>\n","protected":false},"excerpt":{"rendered":"<p>Foi anunciada oficialmente nesta sexta-feira (13) a composi\u00e7\u00e3o da chapa majorit\u00e1ria da base governista para as elei\u00e7\u00f5es de 2026 no Piau\u00ed. O an\u00fancio acontece durante evento na sede do Partido dos Trabalhadores (PT), em Teresina, com a presen\u00e7a de lideran\u00e7as da base aliada. A chapa foi anunciada oficialmente pelo ministro do Minist\u00e9rio do Desenvolvimento e [&hellip;]<\/p>\n","protected":false},"author":2,"featured_media":286292,"comment_status":"closed","ping_status":"closed","sticky":false,"template":"","format":"standard","meta":{"_mi_skip_tracking":false,"footnotes":""},"categories":[25,1,3,16],"tags":[192],"class_list":["post-286291","post","type-post","status-publish","format-standard","has-post-thumbnail","hentry","category-destaques-site","category-geral","category-politica","category-todas","tag-destaqueprincipal"],"acf":[],"yoast_head":"<!-- This site is optimized with the Yoast SEO Premium plugin v19.2 (Yoast SEO v26.9) - https:\/\/yoast.com\/product\/yoast-seo-premium-wordpress\/ -->\n<title>PT anuncia chapa com Rafael e Bandeira para as elei\u00e7\u00f5es de 2026 - Portal Not\u00edcia em Pauta<\/title>\n<meta name=\"robots\" content=\"index, follow, max-snippet:-1, max-image-preview:large, max-video-preview:-1\" \/>\n<link rel=\"canonical\" href=\"https:\/\/noticiaempauta.com\/portal\/pt-anuncia-chapa-com-rafael-e-bandeira-para-as-eleicoes-de-2026\/\" \/>\n<meta property=\"og:locale\" content=\"pt_BR\" \/>\n<meta property=\"og:type\" content=\"article\" \/>\n<meta property=\"og:title\" content=\"PT anuncia chapa com Rafael e Bandeira para as elei\u00e7\u00f5es de 2026\" \/>\n<meta property=\"og:description\" content=\"Foi anunciada oficialmente nesta sexta-feira (13) a composi\u00e7\u00e3o da chapa majorit\u00e1ria da base governista para as elei\u00e7\u00f5es de 2026 no Piau\u00ed. O an\u00fancio acontece durante evento na sede do Partido dos Trabalhadores (PT), em Teresina, com a presen\u00e7a de lideran\u00e7as da base aliada. A chapa foi anunciada oficialmente pelo ministro do Minist\u00e9rio do Desenvolvimento e [&hellip;]\" \/>\n<meta property=\"og:url\" content=\"https:\/\/noticiaempauta.com\/portal\/pt-anuncia-chapa-com-rafael-e-bandeira-para-as-eleicoes-de-2026\/\" \/>\n<meta property=\"og:site_name\" content=\"Portal Not\u00edcia em Pauta\" \/>\n<meta property=\"article:publisher\" content=\"https:\/\/www.facebook.com\/Portal-Notcia-Em-Pauta-102292869264820\/\" \/>\n<meta property=\"article:published_time\" content=\"2026-03-14T08:31:06+00:00\" \/>\n<meta property=\"article:modified_time\" content=\"2026-03-14T08:31:07+00:00\" \/>\n<meta property=\"og:image\" content=\"https:\/\/noticiaempauta.com\/portal\/wp-content\/uploads\/2026\/03\/IMG_5278.webp\" \/>\n\t<meta property=\"og:image:width\" content=\"1280\" \/>\n\t<meta property=\"og:image:height\" content=\"848\" \/>\n\t<meta property=\"og:image:type\" content=\"image\/webp\" \/>\n<meta name=\"author\" content=\"Reda\u00e7\u00e3o\" \/>\n<meta name=\"twitter:card\" content=\"summary_large_image\" \/>\n<meta name=\"twitter:label1\" content=\"Escrito por\" \/>\n\t<meta name=\"twitter:data1\" content=\"Reda\u00e7\u00e3o\" \/>\n\t<meta name=\"twitter:label2\" content=\"Est. tempo de leitura\" \/>\n\t<meta name=\"twitter:data2\" content=\"5 minutos\" \/>\n<script type=\"application\/ld+json\" class=\"yoast-schema-graph\">{\"@context\":\"https:\/\/schema.org\",\"@graph\":[{\"@type\":\"Article\",\"@id\":\"https:\/\/noticiaempauta.com\/portal\/pt-anuncia-chapa-com-rafael-e-bandeira-para-as-eleicoes-de-2026\/#article\",\"isPartOf\":{\"@id\":\"https:\/\/noticiaempauta.com\/portal\/pt-anuncia-chapa-com-rafael-e-bandeira-para-as-eleicoes-de-2026\/\"},\"author\":{\"name\":\"Reda\u00e7\u00e3o\",\"@id\":\"https:\/\/noticiaempauta.com\/portal\/#\/schema\/person\/a74af43dd1ab3deca45f988c717d57ac\"},\"headline\":\"PT anuncia chapa com Rafael e Bandeira para as elei\u00e7\u00f5es de 2026\",\"datePublished\":\"2026-03-14T08:31:06+00:00\",\"dateModified\":\"2026-03-14T08:31:07+00:00\",\"mainEntityOfPage\":{\"@id\":\"https:\/\/noticiaempauta.com\/portal\/pt-anuncia-chapa-com-rafael-e-bandeira-para-as-eleicoes-de-2026\/\"},\"wordCount\":1089,\"publisher\":{\"@id\":\"https:\/\/noticiaempauta.com\/portal\/#organization\"},\"image\":{\"@id\":\"https:\/\/noticiaempauta.com\/portal\/pt-anuncia-chapa-com-rafael-e-bandeira-para-as-eleicoes-de-2026\/#primaryimage\"},\"thumbnailUrl\":\"https:\/\/noticiaempauta.com\/portal\/wp-content\/uploads\/2026\/03\/IMG_5278.webp\",\"keywords\":[\"destaqueprincipal\"],\"articleSection\":[\"Destaques\",\"Geral\",\"Pol\u00edtica\",\"Todas as Not\u00edcias\"],\"inLanguage\":\"pt-BR\"},{\"@type\":\"WebPage\",\"@id\":\"https:\/\/noticiaempauta.com\/portal\/pt-anuncia-chapa-com-rafael-e-bandeira-para-as-eleicoes-de-2026\/\",\"url\":\"https:\/\/noticiaempauta.com\/portal\/pt-anuncia-chapa-com-rafael-e-bandeira-para-as-eleicoes-de-2026\/\",\"name\":\"PT anuncia chapa com Rafael e Bandeira para as elei\u00e7\u00f5es de 2026 - Portal Not\u00edcia em Pauta\",\"isPartOf\":{\"@id\":\"https:\/\/noticiaempauta.com\/portal\/#website\"},\"primaryImageOfPage\":{\"@id\":\"https:\/\/noticiaempauta.com\/portal\/pt-anuncia-chapa-com-rafael-e-bandeira-para-as-eleicoes-de-2026\/#primaryimage\"},\"image\":{\"@id\":\"https:\/\/noticiaempauta.com\/portal\/pt-anuncia-chapa-com-rafael-e-bandeira-para-as-eleicoes-de-2026\/#primaryimage\"},\"thumbnailUrl\":\"https:\/\/noticiaempauta.com\/portal\/wp-content\/uploads\/2026\/03\/IMG_5278.webp\",\"datePublished\":\"2026-03-14T08:31:06+00:00\",\"dateModified\":\"2026-03-14T08:31:07+00:00\",\"breadcrumb\":{\"@id\":\"https:\/\/noticiaempauta.com\/portal\/pt-anuncia-chapa-com-rafael-e-bandeira-para-as-eleicoes-de-2026\/#breadcrumb\"},\"inLanguage\":\"pt-BR\",\"potentialAction\":[{\"@type\":\"ReadAction\",\"target\":[\"https:\/\/noticiaempauta.com\/portal\/pt-anuncia-chapa-com-rafael-e-bandeira-para-as-eleicoes-de-2026\/\"]}]},{\"@type\":\"ImageObject\",\"inLanguage\":\"pt-BR\",\"@id\":\"https:\/\/noticiaempauta.com\/portal\/pt-anuncia-chapa-com-rafael-e-bandeira-para-as-eleicoes-de-2026\/#primaryimage\",\"url\":\"https:\/\/noticiaempauta.com\/portal\/wp-content\/uploads\/2026\/03\/IMG_5278.webp\",\"contentUrl\":\"https:\/\/noticiaempauta.com\/portal\/wp-content\/uploads\/2026\/03\/IMG_5278.webp\",\"width\":1280,\"height\":848},{\"@type\":\"BreadcrumbList\",\"@id\":\"https:\/\/noticiaempauta.com\/portal\/pt-anuncia-chapa-com-rafael-e-bandeira-para-as-eleicoes-de-2026\/#breadcrumb\",\"itemListElement\":[{\"@type\":\"ListItem\",\"position\":1,\"name\":\"P\u00e1gina Inicial\",\"item\":\"https:\/\/noticiaempauta.com\/portal\/\"},{\"@type\":\"ListItem\",\"position\":2,\"name\":\"Destaques\",\"item\":\"https:\/\/noticiaempauta.com\/portal\/destaques-site\/\"},{\"@type\":\"ListItem\",\"position\":3,\"name\":\"PT anuncia chapa com Rafael e Bandeira para as elei\u00e7\u00f5es de 2026\"}]},{\"@type\":\"WebSite\",\"@id\":\"https:\/\/noticiaempauta.com\/portal\/#website\",\"url\":\"https:\/\/noticiaempauta.com\/portal\/\",\"name\":\"Portal Not\u00edcia em Pauta\",\"description\":\"Voc\u00ea bem informado\",\"publisher\":{\"@id\":\"https:\/\/noticiaempauta.com\/portal\/#organization\"},\"potentialAction\":[{\"@type\":\"SearchAction\",\"target\":{\"@type\":\"EntryPoint\",\"urlTemplate\":\"https:\/\/noticiaempauta.com\/portal\/?s={search_term_string}\"},\"query-input\":{\"@type\":\"PropertyValueSpecification\",\"valueRequired\":true,\"valueName\":\"search_term_string\"}}],\"inLanguage\":\"pt-BR\"},{\"@type\":\"Organization\",\"@id\":\"https:\/\/noticiaempauta.com\/portal\/#organization\",\"name\":\"Portal Not\u00edcia em Pauta\",\"url\":\"https:\/\/noticiaempauta.com\/portal\/\",\"logo\":{\"@type\":\"ImageObject\",\"inLanguage\":\"pt-BR\",\"@id\":\"https:\/\/noticiaempauta.com\/portal\/#\/schema\/logo\/image\/\",\"url\":\"https:\/\/noticiaempauta.com\/portal\/wp-content\/uploads\/2022\/08\/logomarca_tema.fw_.png\",\"contentUrl\":\"https:\/\/noticiaempauta.com\/portal\/wp-content\/uploads\/2022\/08\/logomarca_tema.fw_.png\",\"width\":400,\"height\":232,\"caption\":\"Portal Not\u00edcia em Pauta\"},\"image\":{\"@id\":\"https:\/\/noticiaempauta.com\/portal\/#\/schema\/logo\/image\/\"},\"sameAs\":[\"https:\/\/www.facebook.com\/Portal-Notcia-Em-Pauta-102292869264820\/\",\"https:\/\/www.instagram.com\/portalnoticiaempauta\/\"]},{\"@type\":\"Person\",\"@id\":\"https:\/\/noticiaempauta.com\/portal\/#\/schema\/person\/a74af43dd1ab3deca45f988c717d57ac\",\"name\":\"Reda\u00e7\u00e3o\",\"image\":{\"@type\":\"ImageObject\",\"inLanguage\":\"pt-BR\",\"@id\":\"https:\/\/noticiaempauta.com\/portal\/#\/schema\/person\/image\/\",\"url\":\"https:\/\/secure.gravatar.com\/avatar\/03179346ecce6cdfc13361603e8f54242a90e5cde8618fa23c5c00aa2b0aadf3?s=96&d=mm&r=g\",\"contentUrl\":\"https:\/\/secure.gravatar.com\/avatar\/03179346ecce6cdfc13361603e8f54242a90e5cde8618fa23c5c00aa2b0aadf3?s=96&d=mm&r=g\",\"caption\":\"Reda\u00e7\u00e3o\"},\"sameAs\":[\"https:\/\/noticiaempauta.com\/portal\/\"],\"url\":\"https:\/\/noticiaempauta.com\/portal\/author\/fernando\/\"}]}<\/script>\n<!-- \/ Yoast SEO Premium plugin. -->","yoast_head_json":{"title":"PT anuncia chapa com Rafael e Bandeira para as elei\u00e7\u00f5es de 2026 - Portal Not\u00edcia em Pauta","robots":{"index":"index","follow":"follow","max-snippet":"max-snippet:-1","max-image-preview":"max-image-preview:large","max-video-preview":"max-video-preview:-1"},"canonical":"https:\/\/noticiaempauta.com\/portal\/pt-anuncia-chapa-com-rafael-e-bandeira-para-as-eleicoes-de-2026\/","og_locale":"pt_BR","og_type":"article","og_title":"PT anuncia chapa com Rafael e Bandeira para as elei\u00e7\u00f5es de 2026","og_description":"Foi anunciada oficialmente nesta sexta-feira (13) a composi\u00e7\u00e3o da chapa majorit\u00e1ria da base governista para as elei\u00e7\u00f5es de 2026 no Piau\u00ed. O an\u00fancio acontece durante evento na sede do Partido dos Trabalhadores (PT), em Teresina, com a presen\u00e7a de lideran\u00e7as da base aliada. A chapa foi anunciada oficialmente pelo ministro do Minist\u00e9rio do Desenvolvimento e [&hellip;]","og_url":"https:\/\/noticiaempauta.com\/portal\/pt-anuncia-chapa-com-rafael-e-bandeira-para-as-eleicoes-de-2026\/","og_site_name":"Portal Not\u00edcia em Pauta","article_publisher":"https:\/\/www.facebook.com\/Portal-Notcia-Em-Pauta-102292869264820\/","article_published_time":"2026-03-14T08:31:06+00:00","article_modified_time":"2026-03-14T08:31:07+00:00","og_image":[{"width":1280,"height":848,"url":"https:\/\/noticiaempauta.com\/portal\/wp-content\/uploads\/2026\/03\/IMG_5278.webp","type":"image\/webp"}],"author":"Reda\u00e7\u00e3o","twitter_card":"summary_large_image","twitter_misc":{"Escrito por":"Reda\u00e7\u00e3o","Est. tempo de leitura":"5 minutos"},"schema":{"@context":"https:\/\/schema.org","@graph":[{"@type":"Article","@id":"https:\/\/noticiaempauta.com\/portal\/pt-anuncia-chapa-com-rafael-e-bandeira-para-as-eleicoes-de-2026\/#article","isPartOf":{"@id":"https:\/\/noticiaempauta.com\/portal\/pt-anuncia-chapa-com-rafael-e-bandeira-para-as-eleicoes-de-2026\/"},"author":{"name":"Reda\u00e7\u00e3o","@id":"https:\/\/noticiaempauta.com\/portal\/#\/schema\/person\/a74af43dd1ab3deca45f988c717d57ac"},"headline":"PT anuncia chapa com Rafael e Bandeira para as elei\u00e7\u00f5es de 2026","datePublished":"2026-03-14T08:31:06+00:00","dateModified":"2026-03-14T08:31:07+00:00","mainEntityOfPage":{"@id":"https:\/\/noticiaempauta.com\/portal\/pt-anuncia-chapa-com-rafael-e-bandeira-para-as-eleicoes-de-2026\/"},"wordCount":1089,"publisher":{"@id":"https:\/\/noticiaempauta.com\/portal\/#organization"},"image":{"@id":"https:\/\/noticiaempauta.com\/portal\/pt-anuncia-chapa-com-rafael-e-bandeira-para-as-eleicoes-de-2026\/#primaryimage"},"thumbnailUrl":"https:\/\/noticiaempauta.com\/portal\/wp-content\/uploads\/2026\/03\/IMG_5278.webp","keywords":["destaqueprincipal"],"articleSection":["Destaques","Geral","Pol\u00edtica","Todas as Not\u00edcias"],"inLanguage":"pt-BR"},{"@type":"WebPage","@id":"https:\/\/noticiaempauta.com\/portal\/pt-anuncia-chapa-com-rafael-e-bandeira-para-as-eleicoes-de-2026\/","url":"https:\/\/noticiaempauta.com\/portal\/pt-anuncia-chapa-com-rafael-e-bandeira-para-as-eleicoes-de-2026\/","name":"PT anuncia chapa com Rafael e Bandeira para as elei\u00e7\u00f5es de 2026 - Portal Not\u00edcia em Pauta","isPartOf":{"@id":"https:\/\/noticiaempauta.com\/portal\/#website"},"primaryImageOfPage":{"@id":"https:\/\/noticiaempauta.com\/portal\/pt-anuncia-chapa-com-rafael-e-bandeira-para-as-eleicoes-de-2026\/#primaryimage"},"image":{"@id":"https:\/\/noticiaempauta.com\/portal\/pt-anuncia-chapa-com-rafael-e-bandeira-para-as-eleicoes-de-2026\/#primaryimage"},"thumbnailUrl":"https:\/\/noticiaempauta.com\/portal\/wp-content\/uploads\/2026\/03\/IMG_5278.webp","datePublished":"2026-03-14T08:31:06+00:00","dateModified":"2026-03-14T08:31:07+00:00","breadcrumb":{"@id":"https:\/\/noticiaempauta.com\/portal\/pt-anuncia-chapa-com-rafael-e-bandeira-para-as-eleicoes-de-2026\/#breadcrumb"},"inLanguage":"pt-BR","potentialAction":[{"@type":"ReadAction","target":["https:\/\/noticiaempauta.com\/portal\/pt-anuncia-chapa-com-rafael-e-bandeira-para-as-eleicoes-de-2026\/"]}]},{"@type":"ImageObject","inLanguage":"pt-BR","@id":"https:\/\/noticiaempauta.com\/portal\/pt-anuncia-chapa-com-rafael-e-bandeira-para-as-eleicoes-de-2026\/#primaryimage","url":"https:\/\/noticiaempauta.com\/portal\/wp-content\/uploads\/2026\/03\/IMG_5278.webp","contentUrl":"https:\/\/noticiaempauta.com\/portal\/wp-content\/uploads\/2026\/03\/IMG_5278.webp","width":1280,"height":848},{"@type":"BreadcrumbList","@id":"https:\/\/noticiaempauta.com\/portal\/pt-anuncia-chapa-com-rafael-e-bandeira-para-as-eleicoes-de-2026\/#breadcrumb","itemListElement":[{"@type":"ListItem","position":1,"name":"P\u00e1gina Inicial","item":"https:\/\/noticiaempauta.com\/portal\/"},{"@type":"ListItem","position":2,"name":"Destaques","item":"https:\/\/noticiaempauta.com\/portal\/destaques-site\/"},{"@type":"ListItem","position":3,"name":"PT anuncia chapa com Rafael e Bandeira para as elei\u00e7\u00f5es de 2026"}]},{"@type":"WebSite","@id":"https:\/\/noticiaempauta.com\/portal\/#website","url":"https:\/\/noticiaempauta.com\/portal\/","name":"Portal Not\u00edcia em Pauta","description":"Voc\u00ea bem informado","publisher":{"@id":"https:\/\/noticiaempauta.com\/portal\/#organization"},"potentialAction":[{"@type":"SearchAction","target":{"@type":"EntryPoint","urlTemplate":"https:\/\/noticiaempauta.com\/portal\/?s={search_term_string}"},"query-input":{"@type":"PropertyValueSpecification","valueRequired":true,"valueName":"search_term_string"}}],"inLanguage":"pt-BR"},{"@type":"Organization","@id":"https:\/\/noticiaempauta.com\/portal\/#organization","name":"Portal Not\u00edcia em Pauta","url":"https:\/\/noticiaempauta.com\/portal\/","logo":{"@type":"ImageObject","inLanguage":"pt-BR","@id":"https:\/\/noticiaempauta.com\/portal\/#\/schema\/logo\/image\/","url":"https:\/\/noticiaempauta.com\/portal\/wp-content\/uploads\/2022\/08\/logomarca_tema.fw_.png","contentUrl":"https:\/\/noticiaempauta.com\/portal\/wp-content\/uploads\/2022\/08\/logomarca_tema.fw_.png","width":400,"height":232,"caption":"Portal Not\u00edcia em Pauta"},"image":{"@id":"https:\/\/noticiaempauta.com\/portal\/#\/schema\/logo\/image\/"},"sameAs":["https:\/\/www.facebook.com\/Portal-Notcia-Em-Pauta-102292869264820\/","https:\/\/www.instagram.com\/portalnoticiaempauta\/"]},{"@type":"Person","@id":"https:\/\/noticiaempauta.com\/portal\/#\/schema\/person\/a74af43dd1ab3deca45f988c717d57ac","name":"Reda\u00e7\u00e3o","image":{"@type":"ImageObject","inLanguage":"pt-BR","@id":"https:\/\/noticiaempauta.com\/portal\/#\/schema\/person\/image\/","url":"https:\/\/secure.gravatar.com\/avatar\/03179346ecce6cdfc13361603e8f54242a90e5cde8618fa23c5c00aa2b0aadf3?s=96&d=mm&r=g","contentUrl":"https:\/\/secure.gravatar.com\/avatar\/03179346ecce6cdfc13361603e8f54242a90e5cde8618fa23c5c00aa2b0aadf3?s=96&d=mm&r=g","caption":"Reda\u00e7\u00e3o"},"sameAs":["https:\/\/noticiaempauta.com\/portal\/"],"url":"https:\/\/noticiaempauta.com\/portal\/author\/fernando\/"}]}},"_links":{"self":[{"href":"https:\/\/noticiaempauta.com\/portal\/wp-json\/wp\/v2\/posts\/286291","targetHints":{"allow":["GET"]}}],"collection":[{"href":"https:\/\/noticiaempauta.com\/portal\/wp-json\/wp\/v2\/posts"}],"about":[{"href":"https:\/\/noticiaempauta.com\/portal\/wp-json\/wp\/v2\/types\/post"}],"author":[{"embeddable":true,"href":"https:\/\/noticiaempauta.com\/portal\/wp-json\/wp\/v2\/users\/2"}],"replies":[{"embeddable":true,"href":"https:\/\/noticiaempauta.com\/portal\/wp-json\/wp\/v2\/comments?post=286291"}],"version-history":[{"count":2,"href":"https:\/\/noticiaempauta.com\/portal\/wp-json\/wp\/v2\/posts\/286291\/revisions"}],"predecessor-version":[{"id":286294,"href":"https:\/\/noticiaempauta.com\/portal\/wp-json\/wp\/v2\/posts\/286291\/revisions\/286294"}],"wp:featuredmedia":[{"embeddable":true,"href":"https:\/\/noticiaempauta.com\/portal\/wp-json\/wp\/v2\/media\/286292"}],"wp:attachment":[{"href":"https:\/\/noticiaempauta.com\/portal\/wp-json\/wp\/v2\/media?parent=286291"}],"wp:term":[{"taxonomy":"category","embeddable":true,"href":"https:\/\/noticiaempauta.com\/portal\/wp-json\/wp\/v2\/categories?post=286291"},{"taxonomy":"post_tag","embeddable":true,"href":"https:\/\/noticiaempauta.com\/portal\/wp-json\/wp\/v2\/tags?post=286291"}],"curies":[{"name":"wp","href":"https:\/\/api.w.org\/{rel}","templated":true}]}}