{"id":287882,"date":"2026-04-24T10:05:37","date_gmt":"2026-04-24T13:05:37","guid":{"rendered":"https:\/\/noticiaempauta.com\/portal\/?p=287882"},"modified":"2026-04-24T10:08:50","modified_gmt":"2026-04-24T13:08:50","slug":"prefeito-pablo-santos-confirma-festival-de-quadrilhas-e-anuncia-gustavo-mioto-como-14a-atracao-do-picos-cidade-junina-2026","status":"publish","type":"post","link":"https:\/\/noticiaempauta.com\/portal\/prefeito-pablo-santos-confirma-festival-de-quadrilhas-e-anuncia-gustavo-mioto-como-14a-atracao-do-picos-cidade-junina-2026\/","title":{"rendered":"Prefeito Pablo Santos confirma Festival de Quadrilhas e anuncia Gustavo Mioto como 14\u00aa atra\u00e7\u00e3o do Picos Cidade Junina 2026"},"content":{"rendered":"\n<p>O prefeito de Picos, Dr. Pablo Santos (MDB), confirmou no in\u00edcio da noite desta quinta-feira (23) detalhes que consolidam o Picos Cidade Junina como o maior evento cultural da hist\u00f3ria do munic\u00edpio picoense.<\/p>\n\n\n\n<p>Em an\u00fancio nas redes sociais, o gestor garantiu a realiza\u00e7\u00e3o do tradicional Festival de Quadrilhas Juninas, o que estender\u00e1 a programa\u00e7\u00e3o para um total de oito dias.<\/p>\n\n\n\n<figure class=\"wp-block-image size-full\"><img fetchpriority=\"high\" decoding=\"async\" width=\"640\" height=\"427\" src=\"https:\/\/noticiaempauta.com\/portal\/wp-content\/uploads\/2026\/04\/IMG_5075-Enhanced-NR.webp\" alt=\"\" class=\"wp-image-287883\" srcset=\"https:\/\/noticiaempauta.com\/portal\/wp-content\/uploads\/2026\/04\/IMG_5075-Enhanced-NR.webp 640w, https:\/\/noticiaempauta.com\/portal\/wp-content\/uploads\/2026\/04\/IMG_5075-Enhanced-NR-300x200.webp 300w\" sizes=\"(max-width: 640px) 100vw, 640px\" \/><figcaption class=\"wp-element-caption\"><em>(Foto: Festival de Quadrilhas 2025)<\/em><\/figcaption><\/figure>\n\n\n\n<p>\u201cGente o Picos Cidade Junina \u00e9 uma realidade que mexe com a nossa economia local.&nbsp; E quero aqui deixar claro para toda a popula\u00e7\u00e3o que haver\u00e1 sim quadrilhas juninas, ser\u00e3o oito dias de festividades na nossa cidade\u201d, esclareceu o gestor.<\/p>\n\n\n\n<figure class=\"wp-block-image size-full\"><img decoding=\"async\" width=\"640\" height=\"392\" src=\"https:\/\/noticiaempauta.com\/portal\/wp-content\/uploads\/2026\/04\/Cacapava-SP-mttt-obrigado-pelo-carinho.-Foi-massa-estar-com-vcs.-Ate-a-proxima-\u2764\ufe0f\ud83d\udcf8-@liperegis-1.webp\" alt=\"\" class=\"wp-image-287890\" srcset=\"https:\/\/noticiaempauta.com\/portal\/wp-content\/uploads\/2026\/04\/Cacapava-SP-mttt-obrigado-pelo-carinho.-Foi-massa-estar-com-vcs.-Ate-a-proxima-\u2764\ufe0f\ud83d\udcf8-@liperegis-1.webp 640w, https:\/\/noticiaempauta.com\/portal\/wp-content\/uploads\/2026\/04\/Cacapava-SP-mttt-obrigado-pelo-carinho.-Foi-massa-estar-com-vcs.-Ate-a-proxima-\u2764\ufe0f\ud83d\udcf8-@liperegis-1-300x184.webp 300w\" sizes=\"(max-width: 640px) 100vw, 640px\" \/><\/figure>\n\n\n\n<p>Al\u00e9m da valoriza\u00e7\u00e3o da cultura tradicional nordestina, o prefeito surpreendeu a popula\u00e7\u00e3o ao anunciar mais um artista nacional, dessa vez o cantor, Gustavo Mioto, como a 14\u00aa atra\u00e7\u00e3o confirmada para o evento.<\/p>\n\n\n\n<p>Com o an\u00fancio de Mioto, os shows do Picos Cidade Junina colocam a \u201cCapital do Mel\u201d na rota das maiores festas juninas do Nordeste.<\/p>\n\n\n\n<p>Entre as atra\u00e7\u00f5es j\u00e1 confirmadas est\u00e3o tamb\u00e9m, Ana Castela, a \u201cBoiadeira\u201d, em sua estreia oficial no Piau\u00ed, Xand Avi\u00e3o, Elba Ramalho, Bruno e Marrone, a rainha do Calypso, Joelma, Batista Lima, Taty Girl, Rey Vaqueiro, Mariozan Rocha, Forr\u00f3 Balancear, Banda L\u00edbanos, Forroz\u00e3o Tropic\u00e1lia e Lourim Vaqueiro.<\/p>\n\n\n\n<p>O Picos Cidade Junina acontecer\u00e1 de 04 a 07 de junho, datas dos grandes shows, com a programa\u00e7\u00e3o estendida para contemplar o Festival de Quadrilhas.<\/p>\n\n\n\n<p>Outras atualiza\u00e7\u00f5es em rela\u00e7\u00e3o ao Picos Cidade 2026 ser\u00e3o publicadas nos canais de comunica\u00e7\u00e3o oficiais da Prefeitura.<\/p>\n\n\n\n<p>O Picos Cidade Junina \u00e9 uma realiza\u00e7\u00e3o da Prefeitura de Picos, administra\u00e7\u00e3o \u201cReconstruindo Nosso Futuro\u201d, com apoio do Governo do Estado do Piau\u00ed, gest\u00e3o \u201cAqui tem trabalho, Aqui tem futuro\u201d.<\/p>\n\n\n\n<p><\/p>\n","protected":false},"excerpt":{"rendered":"<p>O prefeito de Picos, Dr. Pablo Santos (MDB), confirmou no in\u00edcio da noite desta quinta-feira (23) detalhes que consolidam o Picos Cidade Junina como o maior evento cultural da hist\u00f3ria do munic\u00edpio picoense. Em an\u00fancio nas redes sociais, o gestor garantiu a realiza\u00e7\u00e3o do tradicional Festival de Quadrilhas Juninas, o que estender\u00e1 a programa\u00e7\u00e3o para [&hellip;]<\/p>\n","protected":false},"author":2,"featured_media":287883,"comment_status":"closed","ping_status":"closed","sticky":false,"template":"","format":"standard","meta":{"_mi_skip_tracking":false,"footnotes":""},"categories":[167,25,1,16],"tags":[192],"class_list":["post-287882","post","type-post","status-publish","format-standard","has-post-thumbnail","hentry","category-cultura","category-destaques-site","category-geral","category-todas","tag-destaqueprincipal"],"acf":[],"yoast_head":"<!-- This site is optimized with the Yoast SEO Premium plugin v19.2 (Yoast SEO v26.9) - https:\/\/yoast.com\/product\/yoast-seo-premium-wordpress\/ -->\n<title>Prefeito Pablo Santos confirma Festival de Quadrilhas e anuncia Gustavo Mioto como 14\u00aa atra\u00e7\u00e3o do Picos Cidade Junina 2026 - Portal Not\u00edcia em Pauta<\/title>\n<meta name=\"robots\" content=\"index, follow, max-snippet:-1, max-image-preview:large, max-video-preview:-1\" \/>\n<link rel=\"canonical\" href=\"https:\/\/noticiaempauta.com\/portal\/prefeito-pablo-santos-confirma-festival-de-quadrilhas-e-anuncia-gustavo-mioto-como-14a-atracao-do-picos-cidade-junina-2026\/\" \/>\n<meta property=\"og:locale\" content=\"pt_BR\" \/>\n<meta property=\"og:type\" content=\"article\" \/>\n<meta property=\"og:title\" content=\"Prefeito Pablo Santos confirma Festival de Quadrilhas e anuncia Gustavo Mioto como 14\u00aa atra\u00e7\u00e3o do Picos Cidade Junina 2026\" \/>\n<meta property=\"og:description\" content=\"O prefeito de Picos, Dr. Pablo Santos (MDB), confirmou no in\u00edcio da noite desta quinta-feira (23) detalhes que consolidam o Picos Cidade Junina como o maior evento cultural da hist\u00f3ria do munic\u00edpio picoense. Em an\u00fancio nas redes sociais, o gestor garantiu a realiza\u00e7\u00e3o do tradicional Festival de Quadrilhas Juninas, o que estender\u00e1 a programa\u00e7\u00e3o para [&hellip;]\" \/>\n<meta property=\"og:url\" content=\"https:\/\/noticiaempauta.com\/portal\/prefeito-pablo-santos-confirma-festival-de-quadrilhas-e-anuncia-gustavo-mioto-como-14a-atracao-do-picos-cidade-junina-2026\/\" \/>\n<meta property=\"og:site_name\" content=\"Portal Not\u00edcia em Pauta\" \/>\n<meta property=\"article:publisher\" content=\"https:\/\/www.facebook.com\/Portal-Notcia-Em-Pauta-102292869264820\/\" \/>\n<meta property=\"article:published_time\" content=\"2026-04-24T13:05:37+00:00\" \/>\n<meta property=\"article:modified_time\" content=\"2026-04-24T13:08:50+00:00\" \/>\n<meta property=\"og:image\" content=\"https:\/\/noticiaempauta.com\/portal\/wp-content\/uploads\/2026\/04\/IMG_5075-Enhanced-NR.webp\" \/>\n\t<meta property=\"og:image:width\" content=\"640\" \/>\n\t<meta property=\"og:image:height\" content=\"427\" \/>\n\t<meta property=\"og:image:type\" content=\"image\/webp\" \/>\n<meta name=\"author\" content=\"Reda\u00e7\u00e3o\" \/>\n<meta name=\"twitter:card\" content=\"summary_large_image\" \/>\n<meta name=\"twitter:label1\" content=\"Escrito por\" \/>\n\t<meta name=\"twitter:data1\" content=\"Reda\u00e7\u00e3o\" \/>\n\t<meta name=\"twitter:label2\" content=\"Est. tempo de leitura\" \/>\n\t<meta name=\"twitter:data2\" content=\"3 minutos\" \/>\n<script type=\"application\/ld+json\" class=\"yoast-schema-graph\">{\"@context\":\"https:\/\/schema.org\",\"@graph\":[{\"@type\":\"Article\",\"@id\":\"https:\/\/noticiaempauta.com\/portal\/prefeito-pablo-santos-confirma-festival-de-quadrilhas-e-anuncia-gustavo-mioto-como-14a-atracao-do-picos-cidade-junina-2026\/#article\",\"isPartOf\":{\"@id\":\"https:\/\/noticiaempauta.com\/portal\/prefeito-pablo-santos-confirma-festival-de-quadrilhas-e-anuncia-gustavo-mioto-como-14a-atracao-do-picos-cidade-junina-2026\/\"},\"author\":{\"name\":\"Reda\u00e7\u00e3o\",\"@id\":\"https:\/\/noticiaempauta.com\/portal\/#\/schema\/person\/a74af43dd1ab3deca45f988c717d57ac\"},\"headline\":\"Prefeito Pablo Santos confirma Festival de Quadrilhas e anuncia Gustavo Mioto como 14\u00aa atra\u00e7\u00e3o do Picos Cidade Junina 2026\",\"datePublished\":\"2026-04-24T13:05:37+00:00\",\"dateModified\":\"2026-04-24T13:08:50+00:00\",\"mainEntityOfPage\":{\"@id\":\"https:\/\/noticiaempauta.com\/portal\/prefeito-pablo-santos-confirma-festival-de-quadrilhas-e-anuncia-gustavo-mioto-como-14a-atracao-do-picos-cidade-junina-2026\/\"},\"wordCount\":318,\"publisher\":{\"@id\":\"https:\/\/noticiaempauta.com\/portal\/#organization\"},\"image\":{\"@id\":\"https:\/\/noticiaempauta.com\/portal\/prefeito-pablo-santos-confirma-festival-de-quadrilhas-e-anuncia-gustavo-mioto-como-14a-atracao-do-picos-cidade-junina-2026\/#primaryimage\"},\"thumbnailUrl\":\"https:\/\/noticiaempauta.com\/portal\/wp-content\/uploads\/2026\/04\/IMG_5075-Enhanced-NR.webp\",\"keywords\":[\"destaqueprincipal\"],\"articleSection\":[\"Cultura\",\"Destaques\",\"Geral\",\"Todas as Not\u00edcias\"],\"inLanguage\":\"pt-BR\"},{\"@type\":\"WebPage\",\"@id\":\"https:\/\/noticiaempauta.com\/portal\/prefeito-pablo-santos-confirma-festival-de-quadrilhas-e-anuncia-gustavo-mioto-como-14a-atracao-do-picos-cidade-junina-2026\/\",\"url\":\"https:\/\/noticiaempauta.com\/portal\/prefeito-pablo-santos-confirma-festival-de-quadrilhas-e-anuncia-gustavo-mioto-como-14a-atracao-do-picos-cidade-junina-2026\/\",\"name\":\"Prefeito Pablo Santos confirma Festival de Quadrilhas e anuncia Gustavo Mioto como 14\u00aa atra\u00e7\u00e3o do Picos Cidade Junina 2026 - Portal Not\u00edcia em Pauta\",\"isPartOf\":{\"@id\":\"https:\/\/noticiaempauta.com\/portal\/#website\"},\"primaryImageOfPage\":{\"@id\":\"https:\/\/noticiaempauta.com\/portal\/prefeito-pablo-santos-confirma-festival-de-quadrilhas-e-anuncia-gustavo-mioto-como-14a-atracao-do-picos-cidade-junina-2026\/#primaryimage\"},\"image\":{\"@id\":\"https:\/\/noticiaempauta.com\/portal\/prefeito-pablo-santos-confirma-festival-de-quadrilhas-e-anuncia-gustavo-mioto-como-14a-atracao-do-picos-cidade-junina-2026\/#primaryimage\"},\"thumbnailUrl\":\"https:\/\/noticiaempauta.com\/portal\/wp-content\/uploads\/2026\/04\/IMG_5075-Enhanced-NR.webp\",\"datePublished\":\"2026-04-24T13:05:37+00:00\",\"dateModified\":\"2026-04-24T13:08:50+00:00\",\"breadcrumb\":{\"@id\":\"https:\/\/noticiaempauta.com\/portal\/prefeito-pablo-santos-confirma-festival-de-quadrilhas-e-anuncia-gustavo-mioto-como-14a-atracao-do-picos-cidade-junina-2026\/#breadcrumb\"},\"inLanguage\":\"pt-BR\",\"potentialAction\":[{\"@type\":\"ReadAction\",\"target\":[\"https:\/\/noticiaempauta.com\/portal\/prefeito-pablo-santos-confirma-festival-de-quadrilhas-e-anuncia-gustavo-mioto-como-14a-atracao-do-picos-cidade-junina-2026\/\"]}]},{\"@type\":\"ImageObject\",\"inLanguage\":\"pt-BR\",\"@id\":\"https:\/\/noticiaempauta.com\/portal\/prefeito-pablo-santos-confirma-festival-de-quadrilhas-e-anuncia-gustavo-mioto-como-14a-atracao-do-picos-cidade-junina-2026\/#primaryimage\",\"url\":\"https:\/\/noticiaempauta.com\/portal\/wp-content\/uploads\/2026\/04\/IMG_5075-Enhanced-NR.webp\",\"contentUrl\":\"https:\/\/noticiaempauta.com\/portal\/wp-content\/uploads\/2026\/04\/IMG_5075-Enhanced-NR.webp\",\"width\":640,\"height\":427},{\"@type\":\"BreadcrumbList\",\"@id\":\"https:\/\/noticiaempauta.com\/portal\/prefeito-pablo-santos-confirma-festival-de-quadrilhas-e-anuncia-gustavo-mioto-como-14a-atracao-do-picos-cidade-junina-2026\/#breadcrumb\",\"itemListElement\":[{\"@type\":\"ListItem\",\"position\":1,\"name\":\"P\u00e1gina Inicial\",\"item\":\"https:\/\/noticiaempauta.com\/portal\/\"},{\"@type\":\"ListItem\",\"position\":2,\"name\":\"Destaques\",\"item\":\"https:\/\/noticiaempauta.com\/portal\/destaques-site\/\"},{\"@type\":\"ListItem\",\"position\":3,\"name\":\"Prefeito Pablo Santos confirma Festival de Quadrilhas e anuncia Gustavo Mioto como 14\u00aa atra\u00e7\u00e3o do Picos Cidade Junina 2026\"}]},{\"@type\":\"WebSite\",\"@id\":\"https:\/\/noticiaempauta.com\/portal\/#website\",\"url\":\"https:\/\/noticiaempauta.com\/portal\/\",\"name\":\"Portal Not\u00edcia em Pauta\",\"description\":\"Voc\u00ea bem informado\",\"publisher\":{\"@id\":\"https:\/\/noticiaempauta.com\/portal\/#organization\"},\"potentialAction\":[{\"@type\":\"SearchAction\",\"target\":{\"@type\":\"EntryPoint\",\"urlTemplate\":\"https:\/\/noticiaempauta.com\/portal\/?s={search_term_string}\"},\"query-input\":{\"@type\":\"PropertyValueSpecification\",\"valueRequired\":true,\"valueName\":\"search_term_string\"}}],\"inLanguage\":\"pt-BR\"},{\"@type\":\"Organization\",\"@id\":\"https:\/\/noticiaempauta.com\/portal\/#organization\",\"name\":\"Portal Not\u00edcia em Pauta\",\"url\":\"https:\/\/noticiaempauta.com\/portal\/\",\"logo\":{\"@type\":\"ImageObject\",\"inLanguage\":\"pt-BR\",\"@id\":\"https:\/\/noticiaempauta.com\/portal\/#\/schema\/logo\/image\/\",\"url\":\"https:\/\/noticiaempauta.com\/portal\/wp-content\/uploads\/2022\/08\/logomarca_tema.fw_.png\",\"contentUrl\":\"https:\/\/noticiaempauta.com\/portal\/wp-content\/uploads\/2022\/08\/logomarca_tema.fw_.png\",\"width\":400,\"height\":232,\"caption\":\"Portal Not\u00edcia em Pauta\"},\"image\":{\"@id\":\"https:\/\/noticiaempauta.com\/portal\/#\/schema\/logo\/image\/\"},\"sameAs\":[\"https:\/\/www.facebook.com\/Portal-Notcia-Em-Pauta-102292869264820\/\",\"https:\/\/www.instagram.com\/portalnoticiaempauta\/\"]},{\"@type\":\"Person\",\"@id\":\"https:\/\/noticiaempauta.com\/portal\/#\/schema\/person\/a74af43dd1ab3deca45f988c717d57ac\",\"name\":\"Reda\u00e7\u00e3o\",\"image\":{\"@type\":\"ImageObject\",\"inLanguage\":\"pt-BR\",\"@id\":\"https:\/\/noticiaempauta.com\/portal\/#\/schema\/person\/image\/\",\"url\":\"https:\/\/secure.gravatar.com\/avatar\/03179346ecce6cdfc13361603e8f54242a90e5cde8618fa23c5c00aa2b0aadf3?s=96&d=mm&r=g\",\"contentUrl\":\"https:\/\/secure.gravatar.com\/avatar\/03179346ecce6cdfc13361603e8f54242a90e5cde8618fa23c5c00aa2b0aadf3?s=96&d=mm&r=g\",\"caption\":\"Reda\u00e7\u00e3o\"},\"sameAs\":[\"https:\/\/noticiaempauta.com\/portal\/\"],\"url\":\"https:\/\/noticiaempauta.com\/portal\/author\/fernando\/\"}]}<\/script>\n<!-- \/ Yoast SEO Premium plugin. -->","yoast_head_json":{"title":"Prefeito Pablo Santos confirma Festival de Quadrilhas e anuncia Gustavo Mioto como 14\u00aa atra\u00e7\u00e3o do Picos Cidade Junina 2026 - Portal Not\u00edcia em Pauta","robots":{"index":"index","follow":"follow","max-snippet":"max-snippet:-1","max-image-preview":"max-image-preview:large","max-video-preview":"max-video-preview:-1"},"canonical":"https:\/\/noticiaempauta.com\/portal\/prefeito-pablo-santos-confirma-festival-de-quadrilhas-e-anuncia-gustavo-mioto-como-14a-atracao-do-picos-cidade-junina-2026\/","og_locale":"pt_BR","og_type":"article","og_title":"Prefeito Pablo Santos confirma Festival de Quadrilhas e anuncia Gustavo Mioto como 14\u00aa atra\u00e7\u00e3o do Picos Cidade Junina 2026","og_description":"O prefeito de Picos, Dr. Pablo Santos (MDB), confirmou no in\u00edcio da noite desta quinta-feira (23) detalhes que consolidam o Picos Cidade Junina como o maior evento cultural da hist\u00f3ria do munic\u00edpio picoense. Em an\u00fancio nas redes sociais, o gestor garantiu a realiza\u00e7\u00e3o do tradicional Festival de Quadrilhas Juninas, o que estender\u00e1 a programa\u00e7\u00e3o para [&hellip;]","og_url":"https:\/\/noticiaempauta.com\/portal\/prefeito-pablo-santos-confirma-festival-de-quadrilhas-e-anuncia-gustavo-mioto-como-14a-atracao-do-picos-cidade-junina-2026\/","og_site_name":"Portal Not\u00edcia em Pauta","article_publisher":"https:\/\/www.facebook.com\/Portal-Notcia-Em-Pauta-102292869264820\/","article_published_time":"2026-04-24T13:05:37+00:00","article_modified_time":"2026-04-24T13:08:50+00:00","og_image":[{"width":640,"height":427,"url":"https:\/\/noticiaempauta.com\/portal\/wp-content\/uploads\/2026\/04\/IMG_5075-Enhanced-NR.webp","type":"image\/webp"}],"author":"Reda\u00e7\u00e3o","twitter_card":"summary_large_image","twitter_misc":{"Escrito por":"Reda\u00e7\u00e3o","Est. tempo de leitura":"3 minutos"},"schema":{"@context":"https:\/\/schema.org","@graph":[{"@type":"Article","@id":"https:\/\/noticiaempauta.com\/portal\/prefeito-pablo-santos-confirma-festival-de-quadrilhas-e-anuncia-gustavo-mioto-como-14a-atracao-do-picos-cidade-junina-2026\/#article","isPartOf":{"@id":"https:\/\/noticiaempauta.com\/portal\/prefeito-pablo-santos-confirma-festival-de-quadrilhas-e-anuncia-gustavo-mioto-como-14a-atracao-do-picos-cidade-junina-2026\/"},"author":{"name":"Reda\u00e7\u00e3o","@id":"https:\/\/noticiaempauta.com\/portal\/#\/schema\/person\/a74af43dd1ab3deca45f988c717d57ac"},"headline":"Prefeito Pablo Santos confirma Festival de Quadrilhas e anuncia Gustavo Mioto como 14\u00aa atra\u00e7\u00e3o do Picos Cidade Junina 2026","datePublished":"2026-04-24T13:05:37+00:00","dateModified":"2026-04-24T13:08:50+00:00","mainEntityOfPage":{"@id":"https:\/\/noticiaempauta.com\/portal\/prefeito-pablo-santos-confirma-festival-de-quadrilhas-e-anuncia-gustavo-mioto-como-14a-atracao-do-picos-cidade-junina-2026\/"},"wordCount":318,"publisher":{"@id":"https:\/\/noticiaempauta.com\/portal\/#organization"},"image":{"@id":"https:\/\/noticiaempauta.com\/portal\/prefeito-pablo-santos-confirma-festival-de-quadrilhas-e-anuncia-gustavo-mioto-como-14a-atracao-do-picos-cidade-junina-2026\/#primaryimage"},"thumbnailUrl":"https:\/\/noticiaempauta.com\/portal\/wp-content\/uploads\/2026\/04\/IMG_5075-Enhanced-NR.webp","keywords":["destaqueprincipal"],"articleSection":["Cultura","Destaques","Geral","Todas as Not\u00edcias"],"inLanguage":"pt-BR"},{"@type":"WebPage","@id":"https:\/\/noticiaempauta.com\/portal\/prefeito-pablo-santos-confirma-festival-de-quadrilhas-e-anuncia-gustavo-mioto-como-14a-atracao-do-picos-cidade-junina-2026\/","url":"https:\/\/noticiaempauta.com\/portal\/prefeito-pablo-santos-confirma-festival-de-quadrilhas-e-anuncia-gustavo-mioto-como-14a-atracao-do-picos-cidade-junina-2026\/","name":"Prefeito Pablo Santos confirma Festival de Quadrilhas e anuncia Gustavo Mioto como 14\u00aa atra\u00e7\u00e3o do Picos Cidade Junina 2026 - Portal Not\u00edcia em Pauta","isPartOf":{"@id":"https:\/\/noticiaempauta.com\/portal\/#website"},"primaryImageOfPage":{"@id":"https:\/\/noticiaempauta.com\/portal\/prefeito-pablo-santos-confirma-festival-de-quadrilhas-e-anuncia-gustavo-mioto-como-14a-atracao-do-picos-cidade-junina-2026\/#primaryimage"},"image":{"@id":"https:\/\/noticiaempauta.com\/portal\/prefeito-pablo-santos-confirma-festival-de-quadrilhas-e-anuncia-gustavo-mioto-como-14a-atracao-do-picos-cidade-junina-2026\/#primaryimage"},"thumbnailUrl":"https:\/\/noticiaempauta.com\/portal\/wp-content\/uploads\/2026\/04\/IMG_5075-Enhanced-NR.webp","datePublished":"2026-04-24T13:05:37+00:00","dateModified":"2026-04-24T13:08:50+00:00","breadcrumb":{"@id":"https:\/\/noticiaempauta.com\/portal\/prefeito-pablo-santos-confirma-festival-de-quadrilhas-e-anuncia-gustavo-mioto-como-14a-atracao-do-picos-cidade-junina-2026\/#breadcrumb"},"inLanguage":"pt-BR","potentialAction":[{"@type":"ReadAction","target":["https:\/\/noticiaempauta.com\/portal\/prefeito-pablo-santos-confirma-festival-de-quadrilhas-e-anuncia-gustavo-mioto-como-14a-atracao-do-picos-cidade-junina-2026\/"]}]},{"@type":"ImageObject","inLanguage":"pt-BR","@id":"https:\/\/noticiaempauta.com\/portal\/prefeito-pablo-santos-confirma-festival-de-quadrilhas-e-anuncia-gustavo-mioto-como-14a-atracao-do-picos-cidade-junina-2026\/#primaryimage","url":"https:\/\/noticiaempauta.com\/portal\/wp-content\/uploads\/2026\/04\/IMG_5075-Enhanced-NR.webp","contentUrl":"https:\/\/noticiaempauta.com\/portal\/wp-content\/uploads\/2026\/04\/IMG_5075-Enhanced-NR.webp","width":640,"height":427},{"@type":"BreadcrumbList","@id":"https:\/\/noticiaempauta.com\/portal\/prefeito-pablo-santos-confirma-festival-de-quadrilhas-e-anuncia-gustavo-mioto-como-14a-atracao-do-picos-cidade-junina-2026\/#breadcrumb","itemListElement":[{"@type":"ListItem","position":1,"name":"P\u00e1gina Inicial","item":"https:\/\/noticiaempauta.com\/portal\/"},{"@type":"ListItem","position":2,"name":"Destaques","item":"https:\/\/noticiaempauta.com\/portal\/destaques-site\/"},{"@type":"ListItem","position":3,"name":"Prefeito Pablo Santos confirma Festival de Quadrilhas e anuncia Gustavo Mioto como 14\u00aa atra\u00e7\u00e3o do Picos Cidade Junina 2026"}]},{"@type":"WebSite","@id":"https:\/\/noticiaempauta.com\/portal\/#website","url":"https:\/\/noticiaempauta.com\/portal\/","name":"Portal Not\u00edcia em Pauta","description":"Voc\u00ea bem informado","publisher":{"@id":"https:\/\/noticiaempauta.com\/portal\/#organization"},"potentialAction":[{"@type":"SearchAction","target":{"@type":"EntryPoint","urlTemplate":"https:\/\/noticiaempauta.com\/portal\/?s={search_term_string}"},"query-input":{"@type":"PropertyValueSpecification","valueRequired":true,"valueName":"search_term_string"}}],"inLanguage":"pt-BR"},{"@type":"Organization","@id":"https:\/\/noticiaempauta.com\/portal\/#organization","name":"Portal Not\u00edcia em Pauta","url":"https:\/\/noticiaempauta.com\/portal\/","logo":{"@type":"ImageObject","inLanguage":"pt-BR","@id":"https:\/\/noticiaempauta.com\/portal\/#\/schema\/logo\/image\/","url":"https:\/\/noticiaempauta.com\/portal\/wp-content\/uploads\/2022\/08\/logomarca_tema.fw_.png","contentUrl":"https:\/\/noticiaempauta.com\/portal\/wp-content\/uploads\/2022\/08\/logomarca_tema.fw_.png","width":400,"height":232,"caption":"Portal Not\u00edcia em Pauta"},"image":{"@id":"https:\/\/noticiaempauta.com\/portal\/#\/schema\/logo\/image\/"},"sameAs":["https:\/\/www.facebook.com\/Portal-Notcia-Em-Pauta-102292869264820\/","https:\/\/www.instagram.com\/portalnoticiaempauta\/"]},{"@type":"Person","@id":"https:\/\/noticiaempauta.com\/portal\/#\/schema\/person\/a74af43dd1ab3deca45f988c717d57ac","name":"Reda\u00e7\u00e3o","image":{"@type":"ImageObject","inLanguage":"pt-BR","@id":"https:\/\/noticiaempauta.com\/portal\/#\/schema\/person\/image\/","url":"https:\/\/secure.gravatar.com\/avatar\/03179346ecce6cdfc13361603e8f54242a90e5cde8618fa23c5c00aa2b0aadf3?s=96&d=mm&r=g","contentUrl":"https:\/\/secure.gravatar.com\/avatar\/03179346ecce6cdfc13361603e8f54242a90e5cde8618fa23c5c00aa2b0aadf3?s=96&d=mm&r=g","caption":"Reda\u00e7\u00e3o"},"sameAs":["https:\/\/noticiaempauta.com\/portal\/"],"url":"https:\/\/noticiaempauta.com\/portal\/author\/fernando\/"}]}},"_links":{"self":[{"href":"https:\/\/noticiaempauta.com\/portal\/wp-json\/wp\/v2\/posts\/287882","targetHints":{"allow":["GET"]}}],"collection":[{"href":"https:\/\/noticiaempauta.com\/portal\/wp-json\/wp\/v2\/posts"}],"about":[{"href":"https:\/\/noticiaempauta.com\/portal\/wp-json\/wp\/v2\/types\/post"}],"author":[{"embeddable":true,"href":"https:\/\/noticiaempauta.com\/portal\/wp-json\/wp\/v2\/users\/2"}],"replies":[{"embeddable":true,"href":"https:\/\/noticiaempauta.com\/portal\/wp-json\/wp\/v2\/comments?post=287882"}],"version-history":[{"count":3,"href":"https:\/\/noticiaempauta.com\/portal\/wp-json\/wp\/v2\/posts\/287882\/revisions"}],"predecessor-version":[{"id":287891,"href":"https:\/\/noticiaempauta.com\/portal\/wp-json\/wp\/v2\/posts\/287882\/revisions\/287891"}],"wp:featuredmedia":[{"embeddable":true,"href":"https:\/\/noticiaempauta.com\/portal\/wp-json\/wp\/v2\/media\/287883"}],"wp:attachment":[{"href":"https:\/\/noticiaempauta.com\/portal\/wp-json\/wp\/v2\/media?parent=287882"}],"wp:term":[{"taxonomy":"category","embeddable":true,"href":"https:\/\/noticiaempauta.com\/portal\/wp-json\/wp\/v2\/categories?post=287882"},{"taxonomy":"post_tag","embeddable":true,"href":"https:\/\/noticiaempauta.com\/portal\/wp-json\/wp\/v2\/tags?post=287882"}],"curies":[{"name":"wp","href":"https:\/\/api.w.org\/{rel}","templated":true}]}}