{"id":287910,"date":"2026-04-24T17:38:29","date_gmt":"2026-04-24T20:38:29","guid":{"rendered":"https:\/\/noticiaempauta.com\/portal\/?p=287910"},"modified":"2026-04-24T17:41:17","modified_gmt":"2026-04-24T20:41:17","slug":"picos-e-contemplada-com-nova-unidade-basica-de-saude-atraves-do-novo-pac-saude","status":"publish","type":"post","link":"https:\/\/noticiaempauta.com\/portal\/picos-e-contemplada-com-nova-unidade-basica-de-saude-atraves-do-novo-pac-saude\/","title":{"rendered":"Picos \u00e9 contemplada com nova Unidade B\u00e1sica de Sa\u00fade atrav\u00e9s do Novo PAC Sa\u00fade"},"content":{"rendered":"\n<p>Em um marco para o fortalecimento da sa\u00fade p\u00fablica no Piau\u00ed, o munic\u00edpio de Picos representado pelo prefeito Dr. Pablo Santos esteve presente na solenidade de entrega das ordens de servi\u00e7o que autorizam o in\u00edcio das obras de novas Unidades B\u00e1sicas de Sa\u00fade (UBS) em diversas cidades do estado atrav\u00e9s do Novo PAC Sa\u00fade do Governo Federal. <\/p>\n\n\n\n<figure class=\"wp-block-image size-large\"><img fetchpriority=\"high\" decoding=\"async\" width=\"1024\" height=\"852\" src=\"https:\/\/noticiaempauta.com\/portal\/wp-content\/uploads\/2026\/04\/WhatsApp-Image-2026-04-24-at-17.17.04-1024x852.webp\" alt=\"\" class=\"wp-image-287912\" srcset=\"https:\/\/noticiaempauta.com\/portal\/wp-content\/uploads\/2026\/04\/WhatsApp-Image-2026-04-24-at-17.17.04-1024x852.webp 1024w, https:\/\/noticiaempauta.com\/portal\/wp-content\/uploads\/2026\/04\/WhatsApp-Image-2026-04-24-at-17.17.04-300x250.webp 300w, https:\/\/noticiaempauta.com\/portal\/wp-content\/uploads\/2026\/04\/WhatsApp-Image-2026-04-24-at-17.17.04-768x639.webp 768w, https:\/\/noticiaempauta.com\/portal\/wp-content\/uploads\/2026\/04\/WhatsApp-Image-2026-04-24-at-17.17.04.webp 1169w\" sizes=\"(max-width: 1024px) 100vw, 1024px\" \/><\/figure>\n\n\n\n<p>O evento contou com a presen\u00e7a do ministros, da Sa\u00fade, Alexandre Padilha, e do ministro do Desenvolvimento e Assist\u00eancia Social, Fam\u00edlia e Combate \u00e0 Fome (MDS), Wellington Dias, al\u00e9m de outras importantes autoridades do estado.<\/p>\n\n\n\n<p>Picos foi um dos munic\u00edpios contemplados com uma nova unidade, o que representa um avan\u00e7o significativo para a amplia\u00e7\u00e3o do acesso aos servi\u00e7os de sa\u00fade, o fortalecimento da aten\u00e7\u00e3o b\u00e1sica e a melhoria na qualidade do atendimento \u00e0 popula\u00e7\u00e3o picoense.<\/p>\n\n\n\n<p>A nova UBS dever\u00e1 descentralizar o atendimento, reduzir filas e levar mais conforto e agilidade no acolhimento aos usu\u00e1rios do Sistema \u00danico de Sa\u00fade (SUS) no munic\u00edpio.<\/p>\n\n\n\n<figure class=\"wp-block-image size-large\"><img decoding=\"async\" width=\"1024\" height=\"820\" src=\"https:\/\/noticiaempauta.com\/portal\/wp-content\/uploads\/2026\/04\/WhatsApp-Image-2026-04-24-at-17.17.04-3-1024x820.webp\" alt=\"\" class=\"wp-image-287911\" srcset=\"https:\/\/noticiaempauta.com\/portal\/wp-content\/uploads\/2026\/04\/WhatsApp-Image-2026-04-24-at-17.17.04-3-1024x820.webp 1024w, https:\/\/noticiaempauta.com\/portal\/wp-content\/uploads\/2026\/04\/WhatsApp-Image-2026-04-24-at-17.17.04-3-300x240.webp 300w, https:\/\/noticiaempauta.com\/portal\/wp-content\/uploads\/2026\/04\/WhatsApp-Image-2026-04-24-at-17.17.04-3-768x615.webp 768w, https:\/\/noticiaempauta.com\/portal\/wp-content\/uploads\/2026\/04\/WhatsApp-Image-2026-04-24-at-17.17.04-3.webp 1169w\" sizes=\"(max-width: 1024px) 100vw, 1024px\" \/><\/figure>\n\n\n\n<p>Tamb\u00e9m presente na solenidade a secret\u00e1ria municipal de Sa\u00fade, Dra. Yara Portela, refor\u00e7a que a gest\u00e3o segue trabalhando com compromisso e responsabilidade para garantir mais sa\u00fade, mais estrutura e mais cuidado para todos. A expectativa \u00e9 que as obras tenham in\u00edcio nos pr\u00f3ximos dias, seguindo o cronograma estabelecido pelo governo estadual em parceria com o Minist\u00e9rio da Sa\u00fade.<\/p>\n\n\n\n<figure class=\"wp-block-image size-large\"><img decoding=\"async\" width=\"1024\" height=\"920\" src=\"https:\/\/noticiaempauta.com\/portal\/wp-content\/uploads\/2026\/04\/WhatsApp-Image-2026-04-24-at-17.17.04-2-1024x920.webp\" alt=\"\" class=\"wp-image-287913\" srcset=\"https:\/\/noticiaempauta.com\/portal\/wp-content\/uploads\/2026\/04\/WhatsApp-Image-2026-04-24-at-17.17.04-2-1024x920.webp 1024w, https:\/\/noticiaempauta.com\/portal\/wp-content\/uploads\/2026\/04\/WhatsApp-Image-2026-04-24-at-17.17.04-2-300x269.webp 300w, https:\/\/noticiaempauta.com\/portal\/wp-content\/uploads\/2026\/04\/WhatsApp-Image-2026-04-24-at-17.17.04-2-768x690.webp 768w, https:\/\/noticiaempauta.com\/portal\/wp-content\/uploads\/2026\/04\/WhatsApp-Image-2026-04-24-at-17.17.04-2.webp 1169w\" sizes=\"(max-width: 1024px) 100vw, 1024px\" \/><\/figure>\n\n\n\n<p>Para o prefeito Pablo Santos, a conquista refor\u00e7a o compromisso da administra\u00e7\u00e3o municipal com o bem-estar dos picoenses e com o fortalecimento da sa\u00fade p\u00fablica.<\/p>\n\n\n\n<figure class=\"wp-block-image size-large\"><img loading=\"lazy\" decoding=\"async\" width=\"1024\" height=\"874\" src=\"https:\/\/noticiaempauta.com\/portal\/wp-content\/uploads\/2026\/04\/IMG_8367-1024x874.webp\" alt=\"\" class=\"wp-image-287916\" srcset=\"https:\/\/noticiaempauta.com\/portal\/wp-content\/uploads\/2026\/04\/IMG_8367-1024x874.webp 1024w, https:\/\/noticiaempauta.com\/portal\/wp-content\/uploads\/2026\/04\/IMG_8367-300x256.webp 300w, https:\/\/noticiaempauta.com\/portal\/wp-content\/uploads\/2026\/04\/IMG_8367-768x656.webp 768w, https:\/\/noticiaempauta.com\/portal\/wp-content\/uploads\/2026\/04\/IMG_8367.webp 1169w\" sizes=\"(max-width: 1024px) 100vw, 1024px\" \/><\/figure>\n\n\n\n<p>&#8220;Esse \u00e9 um momento muito importante para Picos. A chegada de uma nova Unidade B\u00e1sica de Sa\u00fade significa mais acesso, mais qualidade no atendimento e mais dignidade para a nossa popula\u00e7\u00e3o. Seguimos trabalhando para garantir avan\u00e7os concretos na sa\u00fade do nosso munic\u00edpio&#8221;, destacou o gestor.<\/p>\n\n\n\n<p><\/p>\n\n\n\n<p><\/p>\n","protected":false},"excerpt":{"rendered":"<p>Em um marco para o fortalecimento da sa\u00fade p\u00fablica no Piau\u00ed, o munic\u00edpio de Picos representado pelo prefeito Dr. Pablo Santos esteve presente na solenidade de entrega das ordens de servi\u00e7o que autorizam o in\u00edcio das obras de novas Unidades B\u00e1sicas de Sa\u00fade (UBS) em diversas cidades do estado atrav\u00e9s do Novo PAC Sa\u00fade do [&hellip;]<\/p>\n","protected":false},"author":2,"featured_media":287911,"comment_status":"closed","ping_status":"closed","sticky":false,"template":"","format":"standard","meta":{"_mi_skip_tracking":false,"footnotes":""},"categories":[1,5,16],"tags":[192],"class_list":["post-287910","post","type-post","status-publish","format-standard","has-post-thumbnail","hentry","category-geral","category-saude","category-todas","tag-destaqueprincipal"],"acf":[],"yoast_head":"<!-- This site is optimized with the Yoast SEO Premium plugin v19.2 (Yoast SEO v26.9) - https:\/\/yoast.com\/product\/yoast-seo-premium-wordpress\/ -->\n<title>Picos \u00e9 contemplada com nova Unidade B\u00e1sica de Sa\u00fade atrav\u00e9s do Novo PAC Sa\u00fade - Portal Not\u00edcia em Pauta<\/title>\n<meta name=\"robots\" content=\"index, follow, max-snippet:-1, max-image-preview:large, max-video-preview:-1\" \/>\n<link rel=\"canonical\" href=\"https:\/\/noticiaempauta.com\/portal\/picos-e-contemplada-com-nova-unidade-basica-de-saude-atraves-do-novo-pac-saude\/\" \/>\n<meta property=\"og:locale\" content=\"pt_BR\" \/>\n<meta property=\"og:type\" content=\"article\" \/>\n<meta property=\"og:title\" content=\"Picos \u00e9 contemplada com nova Unidade B\u00e1sica de Sa\u00fade atrav\u00e9s do Novo PAC Sa\u00fade\" \/>\n<meta property=\"og:description\" content=\"Em um marco para o fortalecimento da sa\u00fade p\u00fablica no Piau\u00ed, o munic\u00edpio de Picos representado pelo prefeito Dr. Pablo Santos esteve presente na solenidade de entrega das ordens de servi\u00e7o que autorizam o in\u00edcio das obras de novas Unidades B\u00e1sicas de Sa\u00fade (UBS) em diversas cidades do estado atrav\u00e9s do Novo PAC Sa\u00fade do [&hellip;]\" \/>\n<meta property=\"og:url\" content=\"https:\/\/noticiaempauta.com\/portal\/picos-e-contemplada-com-nova-unidade-basica-de-saude-atraves-do-novo-pac-saude\/\" \/>\n<meta property=\"og:site_name\" content=\"Portal Not\u00edcia em Pauta\" \/>\n<meta property=\"article:publisher\" content=\"https:\/\/www.facebook.com\/Portal-Notcia-Em-Pauta-102292869264820\/\" \/>\n<meta property=\"article:published_time\" content=\"2026-04-24T20:38:29+00:00\" \/>\n<meta property=\"article:modified_time\" content=\"2026-04-24T20:41:17+00:00\" \/>\n<meta property=\"og:image\" content=\"https:\/\/noticiaempauta.com\/portal\/wp-content\/uploads\/2026\/04\/WhatsApp-Image-2026-04-24-at-17.17.04-3.webp\" \/>\n\t<meta property=\"og:image:width\" content=\"1169\" \/>\n\t<meta property=\"og:image:height\" content=\"936\" \/>\n\t<meta property=\"og:image:type\" content=\"image\/webp\" \/>\n<meta name=\"author\" content=\"Reda\u00e7\u00e3o\" \/>\n<meta name=\"twitter:card\" content=\"summary_large_image\" \/>\n<meta name=\"twitter:label1\" content=\"Escrito por\" \/>\n\t<meta name=\"twitter:data1\" content=\"Reda\u00e7\u00e3o\" \/>\n\t<meta name=\"twitter:label2\" content=\"Est. tempo de leitura\" \/>\n\t<meta name=\"twitter:data2\" content=\"3 minutos\" \/>\n<script type=\"application\/ld+json\" class=\"yoast-schema-graph\">{\"@context\":\"https:\/\/schema.org\",\"@graph\":[{\"@type\":\"Article\",\"@id\":\"https:\/\/noticiaempauta.com\/portal\/picos-e-contemplada-com-nova-unidade-basica-de-saude-atraves-do-novo-pac-saude\/#article\",\"isPartOf\":{\"@id\":\"https:\/\/noticiaempauta.com\/portal\/picos-e-contemplada-com-nova-unidade-basica-de-saude-atraves-do-novo-pac-saude\/\"},\"author\":{\"name\":\"Reda\u00e7\u00e3o\",\"@id\":\"https:\/\/noticiaempauta.com\/portal\/#\/schema\/person\/a74af43dd1ab3deca45f988c717d57ac\"},\"headline\":\"Picos \u00e9 contemplada com nova Unidade B\u00e1sica de Sa\u00fade atrav\u00e9s do Novo PAC Sa\u00fade\",\"datePublished\":\"2026-04-24T20:38:29+00:00\",\"dateModified\":\"2026-04-24T20:41:17+00:00\",\"mainEntityOfPage\":{\"@id\":\"https:\/\/noticiaempauta.com\/portal\/picos-e-contemplada-com-nova-unidade-basica-de-saude-atraves-do-novo-pac-saude\/\"},\"wordCount\":345,\"publisher\":{\"@id\":\"https:\/\/noticiaempauta.com\/portal\/#organization\"},\"image\":{\"@id\":\"https:\/\/noticiaempauta.com\/portal\/picos-e-contemplada-com-nova-unidade-basica-de-saude-atraves-do-novo-pac-saude\/#primaryimage\"},\"thumbnailUrl\":\"https:\/\/noticiaempauta.com\/portal\/wp-content\/uploads\/2026\/04\/WhatsApp-Image-2026-04-24-at-17.17.04-3.webp\",\"keywords\":[\"destaqueprincipal\"],\"articleSection\":[\"Geral\",\"Sa\u00fade\",\"Todas as Not\u00edcias\"],\"inLanguage\":\"pt-BR\"},{\"@type\":\"WebPage\",\"@id\":\"https:\/\/noticiaempauta.com\/portal\/picos-e-contemplada-com-nova-unidade-basica-de-saude-atraves-do-novo-pac-saude\/\",\"url\":\"https:\/\/noticiaempauta.com\/portal\/picos-e-contemplada-com-nova-unidade-basica-de-saude-atraves-do-novo-pac-saude\/\",\"name\":\"Picos \u00e9 contemplada com nova Unidade B\u00e1sica de Sa\u00fade atrav\u00e9s do Novo PAC Sa\u00fade - Portal Not\u00edcia em Pauta\",\"isPartOf\":{\"@id\":\"https:\/\/noticiaempauta.com\/portal\/#website\"},\"primaryImageOfPage\":{\"@id\":\"https:\/\/noticiaempauta.com\/portal\/picos-e-contemplada-com-nova-unidade-basica-de-saude-atraves-do-novo-pac-saude\/#primaryimage\"},\"image\":{\"@id\":\"https:\/\/noticiaempauta.com\/portal\/picos-e-contemplada-com-nova-unidade-basica-de-saude-atraves-do-novo-pac-saude\/#primaryimage\"},\"thumbnailUrl\":\"https:\/\/noticiaempauta.com\/portal\/wp-content\/uploads\/2026\/04\/WhatsApp-Image-2026-04-24-at-17.17.04-3.webp\",\"datePublished\":\"2026-04-24T20:38:29+00:00\",\"dateModified\":\"2026-04-24T20:41:17+00:00\",\"breadcrumb\":{\"@id\":\"https:\/\/noticiaempauta.com\/portal\/picos-e-contemplada-com-nova-unidade-basica-de-saude-atraves-do-novo-pac-saude\/#breadcrumb\"},\"inLanguage\":\"pt-BR\",\"potentialAction\":[{\"@type\":\"ReadAction\",\"target\":[\"https:\/\/noticiaempauta.com\/portal\/picos-e-contemplada-com-nova-unidade-basica-de-saude-atraves-do-novo-pac-saude\/\"]}]},{\"@type\":\"ImageObject\",\"inLanguage\":\"pt-BR\",\"@id\":\"https:\/\/noticiaempauta.com\/portal\/picos-e-contemplada-com-nova-unidade-basica-de-saude-atraves-do-novo-pac-saude\/#primaryimage\",\"url\":\"https:\/\/noticiaempauta.com\/portal\/wp-content\/uploads\/2026\/04\/WhatsApp-Image-2026-04-24-at-17.17.04-3.webp\",\"contentUrl\":\"https:\/\/noticiaempauta.com\/portal\/wp-content\/uploads\/2026\/04\/WhatsApp-Image-2026-04-24-at-17.17.04-3.webp\",\"width\":1169,\"height\":936},{\"@type\":\"BreadcrumbList\",\"@id\":\"https:\/\/noticiaempauta.com\/portal\/picos-e-contemplada-com-nova-unidade-basica-de-saude-atraves-do-novo-pac-saude\/#breadcrumb\",\"itemListElement\":[{\"@type\":\"ListItem\",\"position\":1,\"name\":\"P\u00e1gina Inicial\",\"item\":\"https:\/\/noticiaempauta.com\/portal\/\"},{\"@type\":\"ListItem\",\"position\":2,\"name\":\"Geral\",\"item\":\"https:\/\/noticiaempauta.com\/portal\/geral\/\"},{\"@type\":\"ListItem\",\"position\":3,\"name\":\"Picos \u00e9 contemplada com nova Unidade B\u00e1sica de Sa\u00fade atrav\u00e9s do Novo PAC Sa\u00fade\"}]},{\"@type\":\"WebSite\",\"@id\":\"https:\/\/noticiaempauta.com\/portal\/#website\",\"url\":\"https:\/\/noticiaempauta.com\/portal\/\",\"name\":\"Portal Not\u00edcia em Pauta\",\"description\":\"Voc\u00ea bem informado\",\"publisher\":{\"@id\":\"https:\/\/noticiaempauta.com\/portal\/#organization\"},\"potentialAction\":[{\"@type\":\"SearchAction\",\"target\":{\"@type\":\"EntryPoint\",\"urlTemplate\":\"https:\/\/noticiaempauta.com\/portal\/?s={search_term_string}\"},\"query-input\":{\"@type\":\"PropertyValueSpecification\",\"valueRequired\":true,\"valueName\":\"search_term_string\"}}],\"inLanguage\":\"pt-BR\"},{\"@type\":\"Organization\",\"@id\":\"https:\/\/noticiaempauta.com\/portal\/#organization\",\"name\":\"Portal Not\u00edcia em Pauta\",\"url\":\"https:\/\/noticiaempauta.com\/portal\/\",\"logo\":{\"@type\":\"ImageObject\",\"inLanguage\":\"pt-BR\",\"@id\":\"https:\/\/noticiaempauta.com\/portal\/#\/schema\/logo\/image\/\",\"url\":\"https:\/\/noticiaempauta.com\/portal\/wp-content\/uploads\/2022\/08\/logomarca_tema.fw_.png\",\"contentUrl\":\"https:\/\/noticiaempauta.com\/portal\/wp-content\/uploads\/2022\/08\/logomarca_tema.fw_.png\",\"width\":400,\"height\":232,\"caption\":\"Portal Not\u00edcia em Pauta\"},\"image\":{\"@id\":\"https:\/\/noticiaempauta.com\/portal\/#\/schema\/logo\/image\/\"},\"sameAs\":[\"https:\/\/www.facebook.com\/Portal-Notcia-Em-Pauta-102292869264820\/\",\"https:\/\/www.instagram.com\/portalnoticiaempauta\/\"]},{\"@type\":\"Person\",\"@id\":\"https:\/\/noticiaempauta.com\/portal\/#\/schema\/person\/a74af43dd1ab3deca45f988c717d57ac\",\"name\":\"Reda\u00e7\u00e3o\",\"image\":{\"@type\":\"ImageObject\",\"inLanguage\":\"pt-BR\",\"@id\":\"https:\/\/noticiaempauta.com\/portal\/#\/schema\/person\/image\/\",\"url\":\"https:\/\/secure.gravatar.com\/avatar\/03179346ecce6cdfc13361603e8f54242a90e5cde8618fa23c5c00aa2b0aadf3?s=96&d=mm&r=g\",\"contentUrl\":\"https:\/\/secure.gravatar.com\/avatar\/03179346ecce6cdfc13361603e8f54242a90e5cde8618fa23c5c00aa2b0aadf3?s=96&d=mm&r=g\",\"caption\":\"Reda\u00e7\u00e3o\"},\"sameAs\":[\"https:\/\/noticiaempauta.com\/portal\/\"],\"url\":\"https:\/\/noticiaempauta.com\/portal\/author\/fernando\/\"}]}<\/script>\n<!-- \/ Yoast SEO Premium plugin. -->","yoast_head_json":{"title":"Picos \u00e9 contemplada com nova Unidade B\u00e1sica de Sa\u00fade atrav\u00e9s do Novo PAC Sa\u00fade - Portal Not\u00edcia em Pauta","robots":{"index":"index","follow":"follow","max-snippet":"max-snippet:-1","max-image-preview":"max-image-preview:large","max-video-preview":"max-video-preview:-1"},"canonical":"https:\/\/noticiaempauta.com\/portal\/picos-e-contemplada-com-nova-unidade-basica-de-saude-atraves-do-novo-pac-saude\/","og_locale":"pt_BR","og_type":"article","og_title":"Picos \u00e9 contemplada com nova Unidade B\u00e1sica de Sa\u00fade atrav\u00e9s do Novo PAC Sa\u00fade","og_description":"Em um marco para o fortalecimento da sa\u00fade p\u00fablica no Piau\u00ed, o munic\u00edpio de Picos representado pelo prefeito Dr. Pablo Santos esteve presente na solenidade de entrega das ordens de servi\u00e7o que autorizam o in\u00edcio das obras de novas Unidades B\u00e1sicas de Sa\u00fade (UBS) em diversas cidades do estado atrav\u00e9s do Novo PAC Sa\u00fade do [&hellip;]","og_url":"https:\/\/noticiaempauta.com\/portal\/picos-e-contemplada-com-nova-unidade-basica-de-saude-atraves-do-novo-pac-saude\/","og_site_name":"Portal Not\u00edcia em Pauta","article_publisher":"https:\/\/www.facebook.com\/Portal-Notcia-Em-Pauta-102292869264820\/","article_published_time":"2026-04-24T20:38:29+00:00","article_modified_time":"2026-04-24T20:41:17+00:00","og_image":[{"width":1169,"height":936,"url":"https:\/\/noticiaempauta.com\/portal\/wp-content\/uploads\/2026\/04\/WhatsApp-Image-2026-04-24-at-17.17.04-3.webp","type":"image\/webp"}],"author":"Reda\u00e7\u00e3o","twitter_card":"summary_large_image","twitter_misc":{"Escrito por":"Reda\u00e7\u00e3o","Est. tempo de leitura":"3 minutos"},"schema":{"@context":"https:\/\/schema.org","@graph":[{"@type":"Article","@id":"https:\/\/noticiaempauta.com\/portal\/picos-e-contemplada-com-nova-unidade-basica-de-saude-atraves-do-novo-pac-saude\/#article","isPartOf":{"@id":"https:\/\/noticiaempauta.com\/portal\/picos-e-contemplada-com-nova-unidade-basica-de-saude-atraves-do-novo-pac-saude\/"},"author":{"name":"Reda\u00e7\u00e3o","@id":"https:\/\/noticiaempauta.com\/portal\/#\/schema\/person\/a74af43dd1ab3deca45f988c717d57ac"},"headline":"Picos \u00e9 contemplada com nova Unidade B\u00e1sica de Sa\u00fade atrav\u00e9s do Novo PAC Sa\u00fade","datePublished":"2026-04-24T20:38:29+00:00","dateModified":"2026-04-24T20:41:17+00:00","mainEntityOfPage":{"@id":"https:\/\/noticiaempauta.com\/portal\/picos-e-contemplada-com-nova-unidade-basica-de-saude-atraves-do-novo-pac-saude\/"},"wordCount":345,"publisher":{"@id":"https:\/\/noticiaempauta.com\/portal\/#organization"},"image":{"@id":"https:\/\/noticiaempauta.com\/portal\/picos-e-contemplada-com-nova-unidade-basica-de-saude-atraves-do-novo-pac-saude\/#primaryimage"},"thumbnailUrl":"https:\/\/noticiaempauta.com\/portal\/wp-content\/uploads\/2026\/04\/WhatsApp-Image-2026-04-24-at-17.17.04-3.webp","keywords":["destaqueprincipal"],"articleSection":["Geral","Sa\u00fade","Todas as Not\u00edcias"],"inLanguage":"pt-BR"},{"@type":"WebPage","@id":"https:\/\/noticiaempauta.com\/portal\/picos-e-contemplada-com-nova-unidade-basica-de-saude-atraves-do-novo-pac-saude\/","url":"https:\/\/noticiaempauta.com\/portal\/picos-e-contemplada-com-nova-unidade-basica-de-saude-atraves-do-novo-pac-saude\/","name":"Picos \u00e9 contemplada com nova Unidade B\u00e1sica de Sa\u00fade atrav\u00e9s do Novo PAC Sa\u00fade - Portal Not\u00edcia em Pauta","isPartOf":{"@id":"https:\/\/noticiaempauta.com\/portal\/#website"},"primaryImageOfPage":{"@id":"https:\/\/noticiaempauta.com\/portal\/picos-e-contemplada-com-nova-unidade-basica-de-saude-atraves-do-novo-pac-saude\/#primaryimage"},"image":{"@id":"https:\/\/noticiaempauta.com\/portal\/picos-e-contemplada-com-nova-unidade-basica-de-saude-atraves-do-novo-pac-saude\/#primaryimage"},"thumbnailUrl":"https:\/\/noticiaempauta.com\/portal\/wp-content\/uploads\/2026\/04\/WhatsApp-Image-2026-04-24-at-17.17.04-3.webp","datePublished":"2026-04-24T20:38:29+00:00","dateModified":"2026-04-24T20:41:17+00:00","breadcrumb":{"@id":"https:\/\/noticiaempauta.com\/portal\/picos-e-contemplada-com-nova-unidade-basica-de-saude-atraves-do-novo-pac-saude\/#breadcrumb"},"inLanguage":"pt-BR","potentialAction":[{"@type":"ReadAction","target":["https:\/\/noticiaempauta.com\/portal\/picos-e-contemplada-com-nova-unidade-basica-de-saude-atraves-do-novo-pac-saude\/"]}]},{"@type":"ImageObject","inLanguage":"pt-BR","@id":"https:\/\/noticiaempauta.com\/portal\/picos-e-contemplada-com-nova-unidade-basica-de-saude-atraves-do-novo-pac-saude\/#primaryimage","url":"https:\/\/noticiaempauta.com\/portal\/wp-content\/uploads\/2026\/04\/WhatsApp-Image-2026-04-24-at-17.17.04-3.webp","contentUrl":"https:\/\/noticiaempauta.com\/portal\/wp-content\/uploads\/2026\/04\/WhatsApp-Image-2026-04-24-at-17.17.04-3.webp","width":1169,"height":936},{"@type":"BreadcrumbList","@id":"https:\/\/noticiaempauta.com\/portal\/picos-e-contemplada-com-nova-unidade-basica-de-saude-atraves-do-novo-pac-saude\/#breadcrumb","itemListElement":[{"@type":"ListItem","position":1,"name":"P\u00e1gina Inicial","item":"https:\/\/noticiaempauta.com\/portal\/"},{"@type":"ListItem","position":2,"name":"Geral","item":"https:\/\/noticiaempauta.com\/portal\/geral\/"},{"@type":"ListItem","position":3,"name":"Picos \u00e9 contemplada com nova Unidade B\u00e1sica de Sa\u00fade atrav\u00e9s do Novo PAC Sa\u00fade"}]},{"@type":"WebSite","@id":"https:\/\/noticiaempauta.com\/portal\/#website","url":"https:\/\/noticiaempauta.com\/portal\/","name":"Portal Not\u00edcia em Pauta","description":"Voc\u00ea bem informado","publisher":{"@id":"https:\/\/noticiaempauta.com\/portal\/#organization"},"potentialAction":[{"@type":"SearchAction","target":{"@type":"EntryPoint","urlTemplate":"https:\/\/noticiaempauta.com\/portal\/?s={search_term_string}"},"query-input":{"@type":"PropertyValueSpecification","valueRequired":true,"valueName":"search_term_string"}}],"inLanguage":"pt-BR"},{"@type":"Organization","@id":"https:\/\/noticiaempauta.com\/portal\/#organization","name":"Portal Not\u00edcia em Pauta","url":"https:\/\/noticiaempauta.com\/portal\/","logo":{"@type":"ImageObject","inLanguage":"pt-BR","@id":"https:\/\/noticiaempauta.com\/portal\/#\/schema\/logo\/image\/","url":"https:\/\/noticiaempauta.com\/portal\/wp-content\/uploads\/2022\/08\/logomarca_tema.fw_.png","contentUrl":"https:\/\/noticiaempauta.com\/portal\/wp-content\/uploads\/2022\/08\/logomarca_tema.fw_.png","width":400,"height":232,"caption":"Portal Not\u00edcia em Pauta"},"image":{"@id":"https:\/\/noticiaempauta.com\/portal\/#\/schema\/logo\/image\/"},"sameAs":["https:\/\/www.facebook.com\/Portal-Notcia-Em-Pauta-102292869264820\/","https:\/\/www.instagram.com\/portalnoticiaempauta\/"]},{"@type":"Person","@id":"https:\/\/noticiaempauta.com\/portal\/#\/schema\/person\/a74af43dd1ab3deca45f988c717d57ac","name":"Reda\u00e7\u00e3o","image":{"@type":"ImageObject","inLanguage":"pt-BR","@id":"https:\/\/noticiaempauta.com\/portal\/#\/schema\/person\/image\/","url":"https:\/\/secure.gravatar.com\/avatar\/03179346ecce6cdfc13361603e8f54242a90e5cde8618fa23c5c00aa2b0aadf3?s=96&d=mm&r=g","contentUrl":"https:\/\/secure.gravatar.com\/avatar\/03179346ecce6cdfc13361603e8f54242a90e5cde8618fa23c5c00aa2b0aadf3?s=96&d=mm&r=g","caption":"Reda\u00e7\u00e3o"},"sameAs":["https:\/\/noticiaempauta.com\/portal\/"],"url":"https:\/\/noticiaempauta.com\/portal\/author\/fernando\/"}]}},"_links":{"self":[{"href":"https:\/\/noticiaempauta.com\/portal\/wp-json\/wp\/v2\/posts\/287910","targetHints":{"allow":["GET"]}}],"collection":[{"href":"https:\/\/noticiaempauta.com\/portal\/wp-json\/wp\/v2\/posts"}],"about":[{"href":"https:\/\/noticiaempauta.com\/portal\/wp-json\/wp\/v2\/types\/post"}],"author":[{"embeddable":true,"href":"https:\/\/noticiaempauta.com\/portal\/wp-json\/wp\/v2\/users\/2"}],"replies":[{"embeddable":true,"href":"https:\/\/noticiaempauta.com\/portal\/wp-json\/wp\/v2\/comments?post=287910"}],"version-history":[{"count":5,"href":"https:\/\/noticiaempauta.com\/portal\/wp-json\/wp\/v2\/posts\/287910\/revisions"}],"predecessor-version":[{"id":287919,"href":"https:\/\/noticiaempauta.com\/portal\/wp-json\/wp\/v2\/posts\/287910\/revisions\/287919"}],"wp:featuredmedia":[{"embeddable":true,"href":"https:\/\/noticiaempauta.com\/portal\/wp-json\/wp\/v2\/media\/287911"}],"wp:attachment":[{"href":"https:\/\/noticiaempauta.com\/portal\/wp-json\/wp\/v2\/media?parent=287910"}],"wp:term":[{"taxonomy":"category","embeddable":true,"href":"https:\/\/noticiaempauta.com\/portal\/wp-json\/wp\/v2\/categories?post=287910"},{"taxonomy":"post_tag","embeddable":true,"href":"https:\/\/noticiaempauta.com\/portal\/wp-json\/wp\/v2\/tags?post=287910"}],"curies":[{"name":"wp","href":"https:\/\/api.w.org\/{rel}","templated":true}]}}