{"id":287957,"date":"2026-04-25T15:53:21","date_gmt":"2026-04-25T18:53:21","guid":{"rendered":"https:\/\/noticiaempauta.com\/portal\/?p=287957"},"modified":"2026-04-25T15:53:22","modified_gmt":"2026-04-25T18:53:22","slug":"justica-libera-show-de-alok-em-teresina-apos-suspender-decisao-anterior","status":"publish","type":"post","link":"https:\/\/noticiaempauta.com\/portal\/justica-libera-show-de-alok-em-teresina-apos-suspender-decisao-anterior\/","title":{"rendered":"Justi\u00e7a libera show de Alok em Teresina ap\u00f3s suspender decis\u00e3o anterior"},"content":{"rendered":"\n<p>O show do cantor Alok, denominado \u201cAUREA \u2013 Alok e Convidados\u201d, foi liberado por decis\u00e3o da Justi\u00e7a do Piau\u00ed e\u00a0est\u00e1 confirmado para este s\u00e1bado (25), em Teresina. O ju\u00edz concedeu a\u00a0liminar suspendendo a decis\u00e3o anterior que havia determinado o cancelamento do evento.<\/p>\n\n\n\n<p>O magistrado entendeu que o evento tem natureza privada e que o Estado atua apenas como patrocinador, sem responsabilidade direta pela organiza\u00e7\u00e3o. Al\u00e9m disso,\u00a0considerou que n\u00e3o \u00e9 poss\u00edvel obrigar o poder p\u00fablico a cancelar o show, tendo em vista sua condi\u00e7\u00e3o de patrocinador.<\/p>\n\n\n\n<figure class=\"wp-block-image size-full\"><img fetchpriority=\"high\" decoding=\"async\" width=\"785\" height=\"435\" src=\"https:\/\/noticiaempauta.com\/portal\/wp-content\/uploads\/2026\/04\/alok-se-apresentara-em-teresina-neste-sabado-25-09efdcfbfe609c21.webp\" alt=\"\" class=\"wp-image-287958\" srcset=\"https:\/\/noticiaempauta.com\/portal\/wp-content\/uploads\/2026\/04\/alok-se-apresentara-em-teresina-neste-sabado-25-09efdcfbfe609c21.webp 785w, https:\/\/noticiaempauta.com\/portal\/wp-content\/uploads\/2026\/04\/alok-se-apresentara-em-teresina-neste-sabado-25-09efdcfbfe609c21-300x166.webp 300w, https:\/\/noticiaempauta.com\/portal\/wp-content\/uploads\/2026\/04\/alok-se-apresentara-em-teresina-neste-sabado-25-09efdcfbfe609c21-768x426.webp 768w\" sizes=\"(max-width: 785px) 100vw, 785px\" \/><figcaption class=\"wp-element-caption\"><em>Foto: Juliana Oliveira<\/em><\/figcaption><\/figure>\n\n\n\n<p>Nesse contexto, a decis\u00e3o proferida na A\u00e7\u00e3o Popular n\u00ba 0825211-87.2026.8.18.0140, que determinou ao Estado do Piau\u00ed a &#8220;suspens\u00e3o do evento&#8221;, parece ter incorrido em uma ordem juridicamente imposs\u00edvel. O Estado n\u00e3o possui poder de pol\u00edcia administrativo ou prerrogativa legal para, por ato pr\u00f3prio, paralisar a atividade empresarial de um terceiro com o qual mant\u00e9m uma rela\u00e7\u00e3o meramente comercial de patroc\u00ednio. Poderia, em tese, suspender seus pr\u00f3prios atos, como o repasse de verbas, mas n\u00e3o o evento em si, que \u00e9 de titularidade e responsabilidade da empresa Kalor Ltda.<\/p>\n\n\n\n<p>Outro ponto destacado foi o risco de preju\u00edzos imediatos, j\u00e1 que o evento j\u00e1 estava com estrutura montada e contratos firmados. Segundo a decis\u00e3o,\u00a0a suspens\u00e3o poderia causar impactos econ\u00f4micos e sociais relevantes.<\/p>\n\n\n\n<p>O perigo de inefic\u00e1cia da medida, caso n\u00e3o seja deferida de imediato, n\u00e3o \u00e9 uma possibilidade, mas uma certeza. A concess\u00e3o da seguran\u00e7a ao final do processo, ap\u00f3s o cancelamento do evento, n\u00e3o teria o cond\u00e3o de reverter os preju\u00edzos materiais e imateriais j\u00e1 consumados. A urg\u00eancia, portanto, \u00e9 absoluta e justifica plenamente a concess\u00e3o da liminar inaudita altera parte.<\/p>\n\n\n\n<p>Com isso, a Justi\u00e7a autorizou n\u00e3o apenas a realiza\u00e7\u00e3o do evento,\u00a0mas tamb\u00e9m a continuidade do contrato de patroc\u00ednio firmado pelo Estado,\u00a0mantendo a execu\u00e7\u00e3o prevista inicialmente.<\/p>\n\n\n\n<ul class=\"wp-block-list\">\n<li><a href=\"https:\/\/pje.tjpi.jus.br\/2g\/ConsultaPublica\/DetalheProcessoConsultaPublica\/documentoSemLoginHTML.seam?ca=1febe59b2cf4d9f5efba6a7d7ca143447a1d3833a8d93f19cde88914e2587d32a31d234af8a69e134b12ba0927781c29a51a9d78617737da&amp;idProcessoDoc=32706373\"><strong>CLIQUE AQUI E VEJA O DOCUMENTO COMPLETO<\/strong><\/a><\/li>\n<\/ul>\n\n\n\n<p>A Kalor Produ\u00e7\u00f5es havia informado nesta sexta-feira (24) que iria recorrer da decis\u00e3o judicial que determinava a suspens\u00e3o do show. Na nota, a empresa esclareceu que o evento possui natureza privada, estruturado dentro dos par\u00e2metros legais e contratuais vigentes. Neste s\u00e1bado (25), ap\u00f3s a decis\u00e3o a produtora emitiu um novo comunicado:<\/p>\n\n\n\n<p><em><strong>NOTA OFICIAL \u2013 KALOR PRODU\u00c7\u00d5ES<\/strong><\/em><\/p>\n\n\n\n<p><em>A Kalor Produ\u00e7\u00f5es informa que, em decis\u00e3o proferida na tarde deste s\u00e1bado (25), o Tribunal de Justi\u00e7a do Estado do Piau\u00ed deferiu medida liminar autorizando a realiza\u00e7\u00e3o do evento \u201cAUREA \u2013 Alok e Convidados\u201d, em Teresina.<\/em><\/p>\n\n\n\n<p><em>A decis\u00e3o reconhece a natureza privada do evento e destaca que o Estado do Piau\u00ed atua exclusivamente como patrocinador, assim como v\u00e1rios outros patrocinadores, n\u00e3o possuindo inger\u00eancia na organiza\u00e7\u00e3o, afastando, portanto, qualquer impedimento para sua realiza\u00e7\u00e3o. &nbsp;<\/em><\/p>\n\n\n\n<p><em>Com isso, ficam suspensos os efeitos da decis\u00e3o anterior que determinava a paralisa\u00e7\u00e3o do evento, garantindo a continuidade dos preparativos e a realiza\u00e7\u00e3o do show conforme planejado.<\/em><\/p>\n\n\n\n<p><em>A Kalor refor\u00e7a seu compromisso com a legalidade, a transpar\u00eancia e o respeito \u00e0s institui\u00e7\u00f5es, destacando que toda a estrutura do evento foi planejada com responsabilidade e dentro dos par\u00e2metros legais.<\/em><\/p>\n\n\n\n<p><em>O evento&nbsp;<strong>segue mantido para hoje, reunindo milhares de pessoas e contribuindo significativamente para a economia local, gera\u00e7\u00e3o de empregos e fortalecimento do turismo no estado.<\/strong><\/em><\/p>\n\n\n\n<p><em>Seguimos \u00e0 disposi\u00e7\u00e3o para quaisquer esclarecimentos.<\/em><\/p>\n\n\n\n<p><em>Kalor Produ\u00e7\u00f5es<\/em><\/p>\n\n\n\n<p><strong>Fonte: Meio News<\/strong><\/p>\n","protected":false},"excerpt":{"rendered":"<p>O show do cantor Alok, denominado \u201cAUREA \u2013 Alok e Convidados\u201d, foi liberado por decis\u00e3o da Justi\u00e7a do Piau\u00ed e\u00a0est\u00e1 confirmado para este s\u00e1bado (25), em Teresina. O ju\u00edz concedeu a\u00a0liminar suspendendo a decis\u00e3o anterior que havia determinado o cancelamento do evento. O magistrado entendeu que o evento tem natureza privada e que o Estado [&hellip;]<\/p>\n","protected":false},"author":2,"featured_media":287958,"comment_status":"closed","ping_status":"closed","sticky":false,"template":"","format":"standard","meta":{"_mi_skip_tracking":false,"footnotes":""},"categories":[25,1,16],"tags":[192],"class_list":["post-287957","post","type-post","status-publish","format-standard","has-post-thumbnail","hentry","category-destaques-site","category-geral","category-todas","tag-destaqueprincipal"],"acf":[],"yoast_head":"<!-- This site is optimized with the Yoast SEO Premium plugin v19.2 (Yoast SEO v26.9) - https:\/\/yoast.com\/product\/yoast-seo-premium-wordpress\/ -->\n<title>Justi\u00e7a libera show de Alok em Teresina ap\u00f3s suspender decis\u00e3o anterior - Portal Not\u00edcia em Pauta<\/title>\n<meta name=\"robots\" content=\"index, follow, max-snippet:-1, max-image-preview:large, max-video-preview:-1\" \/>\n<link rel=\"canonical\" href=\"https:\/\/noticiaempauta.com\/portal\/justica-libera-show-de-alok-em-teresina-apos-suspender-decisao-anterior\/\" \/>\n<meta property=\"og:locale\" content=\"pt_BR\" \/>\n<meta property=\"og:type\" content=\"article\" \/>\n<meta property=\"og:title\" content=\"Justi\u00e7a libera show de Alok em Teresina ap\u00f3s suspender decis\u00e3o anterior\" \/>\n<meta property=\"og:description\" content=\"O show do cantor Alok, denominado \u201cAUREA \u2013 Alok e Convidados\u201d, foi liberado por decis\u00e3o da Justi\u00e7a do Piau\u00ed e\u00a0est\u00e1 confirmado para este s\u00e1bado (25), em Teresina. O ju\u00edz concedeu a\u00a0liminar suspendendo a decis\u00e3o anterior que havia determinado o cancelamento do evento. O magistrado entendeu que o evento tem natureza privada e que o Estado [&hellip;]\" \/>\n<meta property=\"og:url\" content=\"https:\/\/noticiaempauta.com\/portal\/justica-libera-show-de-alok-em-teresina-apos-suspender-decisao-anterior\/\" \/>\n<meta property=\"og:site_name\" content=\"Portal Not\u00edcia em Pauta\" \/>\n<meta property=\"article:publisher\" content=\"https:\/\/www.facebook.com\/Portal-Notcia-Em-Pauta-102292869264820\/\" \/>\n<meta property=\"article:published_time\" content=\"2026-04-25T18:53:21+00:00\" \/>\n<meta property=\"article:modified_time\" content=\"2026-04-25T18:53:22+00:00\" \/>\n<meta property=\"og:image\" content=\"https:\/\/noticiaempauta.com\/portal\/wp-content\/uploads\/2026\/04\/alok-se-apresentara-em-teresina-neste-sabado-25-09efdcfbfe609c21.webp\" \/>\n\t<meta property=\"og:image:width\" content=\"785\" \/>\n\t<meta property=\"og:image:height\" content=\"435\" \/>\n\t<meta property=\"og:image:type\" content=\"image\/webp\" \/>\n<meta name=\"author\" content=\"Reda\u00e7\u00e3o\" \/>\n<meta name=\"twitter:card\" content=\"summary_large_image\" \/>\n<meta name=\"twitter:label1\" content=\"Escrito por\" \/>\n\t<meta name=\"twitter:data1\" content=\"Reda\u00e7\u00e3o\" \/>\n\t<meta name=\"twitter:label2\" content=\"Est. tempo de leitura\" \/>\n\t<meta name=\"twitter:data2\" content=\"4 minutos\" \/>\n<script type=\"application\/ld+json\" class=\"yoast-schema-graph\">{\"@context\":\"https:\/\/schema.org\",\"@graph\":[{\"@type\":\"Article\",\"@id\":\"https:\/\/noticiaempauta.com\/portal\/justica-libera-show-de-alok-em-teresina-apos-suspender-decisao-anterior\/#article\",\"isPartOf\":{\"@id\":\"https:\/\/noticiaempauta.com\/portal\/justica-libera-show-de-alok-em-teresina-apos-suspender-decisao-anterior\/\"},\"author\":{\"name\":\"Reda\u00e7\u00e3o\",\"@id\":\"https:\/\/noticiaempauta.com\/portal\/#\/schema\/person\/a74af43dd1ab3deca45f988c717d57ac\"},\"headline\":\"Justi\u00e7a libera show de Alok em Teresina ap\u00f3s suspender decis\u00e3o anterior\",\"datePublished\":\"2026-04-25T18:53:21+00:00\",\"dateModified\":\"2026-04-25T18:53:22+00:00\",\"mainEntityOfPage\":{\"@id\":\"https:\/\/noticiaempauta.com\/portal\/justica-libera-show-de-alok-em-teresina-apos-suspender-decisao-anterior\/\"},\"wordCount\":606,\"publisher\":{\"@id\":\"https:\/\/noticiaempauta.com\/portal\/#organization\"},\"image\":{\"@id\":\"https:\/\/noticiaempauta.com\/portal\/justica-libera-show-de-alok-em-teresina-apos-suspender-decisao-anterior\/#primaryimage\"},\"thumbnailUrl\":\"https:\/\/noticiaempauta.com\/portal\/wp-content\/uploads\/2026\/04\/alok-se-apresentara-em-teresina-neste-sabado-25-09efdcfbfe609c21.webp\",\"keywords\":[\"destaqueprincipal\"],\"articleSection\":[\"Destaques\",\"Geral\",\"Todas as Not\u00edcias\"],\"inLanguage\":\"pt-BR\"},{\"@type\":\"WebPage\",\"@id\":\"https:\/\/noticiaempauta.com\/portal\/justica-libera-show-de-alok-em-teresina-apos-suspender-decisao-anterior\/\",\"url\":\"https:\/\/noticiaempauta.com\/portal\/justica-libera-show-de-alok-em-teresina-apos-suspender-decisao-anterior\/\",\"name\":\"Justi\u00e7a libera show de Alok em Teresina ap\u00f3s suspender decis\u00e3o anterior - Portal Not\u00edcia em Pauta\",\"isPartOf\":{\"@id\":\"https:\/\/noticiaempauta.com\/portal\/#website\"},\"primaryImageOfPage\":{\"@id\":\"https:\/\/noticiaempauta.com\/portal\/justica-libera-show-de-alok-em-teresina-apos-suspender-decisao-anterior\/#primaryimage\"},\"image\":{\"@id\":\"https:\/\/noticiaempauta.com\/portal\/justica-libera-show-de-alok-em-teresina-apos-suspender-decisao-anterior\/#primaryimage\"},\"thumbnailUrl\":\"https:\/\/noticiaempauta.com\/portal\/wp-content\/uploads\/2026\/04\/alok-se-apresentara-em-teresina-neste-sabado-25-09efdcfbfe609c21.webp\",\"datePublished\":\"2026-04-25T18:53:21+00:00\",\"dateModified\":\"2026-04-25T18:53:22+00:00\",\"breadcrumb\":{\"@id\":\"https:\/\/noticiaempauta.com\/portal\/justica-libera-show-de-alok-em-teresina-apos-suspender-decisao-anterior\/#breadcrumb\"},\"inLanguage\":\"pt-BR\",\"potentialAction\":[{\"@type\":\"ReadAction\",\"target\":[\"https:\/\/noticiaempauta.com\/portal\/justica-libera-show-de-alok-em-teresina-apos-suspender-decisao-anterior\/\"]}]},{\"@type\":\"ImageObject\",\"inLanguage\":\"pt-BR\",\"@id\":\"https:\/\/noticiaempauta.com\/portal\/justica-libera-show-de-alok-em-teresina-apos-suspender-decisao-anterior\/#primaryimage\",\"url\":\"https:\/\/noticiaempauta.com\/portal\/wp-content\/uploads\/2026\/04\/alok-se-apresentara-em-teresina-neste-sabado-25-09efdcfbfe609c21.webp\",\"contentUrl\":\"https:\/\/noticiaempauta.com\/portal\/wp-content\/uploads\/2026\/04\/alok-se-apresentara-em-teresina-neste-sabado-25-09efdcfbfe609c21.webp\",\"width\":785,\"height\":435},{\"@type\":\"BreadcrumbList\",\"@id\":\"https:\/\/noticiaempauta.com\/portal\/justica-libera-show-de-alok-em-teresina-apos-suspender-decisao-anterior\/#breadcrumb\",\"itemListElement\":[{\"@type\":\"ListItem\",\"position\":1,\"name\":\"P\u00e1gina Inicial\",\"item\":\"https:\/\/noticiaempauta.com\/portal\/\"},{\"@type\":\"ListItem\",\"position\":2,\"name\":\"Destaques\",\"item\":\"https:\/\/noticiaempauta.com\/portal\/destaques-site\/\"},{\"@type\":\"ListItem\",\"position\":3,\"name\":\"Justi\u00e7a libera show de Alok em Teresina ap\u00f3s suspender decis\u00e3o anterior\"}]},{\"@type\":\"WebSite\",\"@id\":\"https:\/\/noticiaempauta.com\/portal\/#website\",\"url\":\"https:\/\/noticiaempauta.com\/portal\/\",\"name\":\"Portal Not\u00edcia em Pauta\",\"description\":\"Voc\u00ea bem informado\",\"publisher\":{\"@id\":\"https:\/\/noticiaempauta.com\/portal\/#organization\"},\"potentialAction\":[{\"@type\":\"SearchAction\",\"target\":{\"@type\":\"EntryPoint\",\"urlTemplate\":\"https:\/\/noticiaempauta.com\/portal\/?s={search_term_string}\"},\"query-input\":{\"@type\":\"PropertyValueSpecification\",\"valueRequired\":true,\"valueName\":\"search_term_string\"}}],\"inLanguage\":\"pt-BR\"},{\"@type\":\"Organization\",\"@id\":\"https:\/\/noticiaempauta.com\/portal\/#organization\",\"name\":\"Portal Not\u00edcia em Pauta\",\"url\":\"https:\/\/noticiaempauta.com\/portal\/\",\"logo\":{\"@type\":\"ImageObject\",\"inLanguage\":\"pt-BR\",\"@id\":\"https:\/\/noticiaempauta.com\/portal\/#\/schema\/logo\/image\/\",\"url\":\"https:\/\/noticiaempauta.com\/portal\/wp-content\/uploads\/2022\/08\/logomarca_tema.fw_.png\",\"contentUrl\":\"https:\/\/noticiaempauta.com\/portal\/wp-content\/uploads\/2022\/08\/logomarca_tema.fw_.png\",\"width\":400,\"height\":232,\"caption\":\"Portal Not\u00edcia em Pauta\"},\"image\":{\"@id\":\"https:\/\/noticiaempauta.com\/portal\/#\/schema\/logo\/image\/\"},\"sameAs\":[\"https:\/\/www.facebook.com\/Portal-Notcia-Em-Pauta-102292869264820\/\",\"https:\/\/www.instagram.com\/portalnoticiaempauta\/\"]},{\"@type\":\"Person\",\"@id\":\"https:\/\/noticiaempauta.com\/portal\/#\/schema\/person\/a74af43dd1ab3deca45f988c717d57ac\",\"name\":\"Reda\u00e7\u00e3o\",\"image\":{\"@type\":\"ImageObject\",\"inLanguage\":\"pt-BR\",\"@id\":\"https:\/\/noticiaempauta.com\/portal\/#\/schema\/person\/image\/\",\"url\":\"https:\/\/secure.gravatar.com\/avatar\/03179346ecce6cdfc13361603e8f54242a90e5cde8618fa23c5c00aa2b0aadf3?s=96&d=mm&r=g\",\"contentUrl\":\"https:\/\/secure.gravatar.com\/avatar\/03179346ecce6cdfc13361603e8f54242a90e5cde8618fa23c5c00aa2b0aadf3?s=96&d=mm&r=g\",\"caption\":\"Reda\u00e7\u00e3o\"},\"sameAs\":[\"https:\/\/noticiaempauta.com\/portal\/\"],\"url\":\"https:\/\/noticiaempauta.com\/portal\/author\/fernando\/\"}]}<\/script>\n<!-- \/ Yoast SEO Premium plugin. -->","yoast_head_json":{"title":"Justi\u00e7a libera show de Alok em Teresina ap\u00f3s suspender decis\u00e3o anterior - Portal Not\u00edcia em Pauta","robots":{"index":"index","follow":"follow","max-snippet":"max-snippet:-1","max-image-preview":"max-image-preview:large","max-video-preview":"max-video-preview:-1"},"canonical":"https:\/\/noticiaempauta.com\/portal\/justica-libera-show-de-alok-em-teresina-apos-suspender-decisao-anterior\/","og_locale":"pt_BR","og_type":"article","og_title":"Justi\u00e7a libera show de Alok em Teresina ap\u00f3s suspender decis\u00e3o anterior","og_description":"O show do cantor Alok, denominado \u201cAUREA \u2013 Alok e Convidados\u201d, foi liberado por decis\u00e3o da Justi\u00e7a do Piau\u00ed e\u00a0est\u00e1 confirmado para este s\u00e1bado (25), em Teresina. O ju\u00edz concedeu a\u00a0liminar suspendendo a decis\u00e3o anterior que havia determinado o cancelamento do evento. O magistrado entendeu que o evento tem natureza privada e que o Estado [&hellip;]","og_url":"https:\/\/noticiaempauta.com\/portal\/justica-libera-show-de-alok-em-teresina-apos-suspender-decisao-anterior\/","og_site_name":"Portal Not\u00edcia em Pauta","article_publisher":"https:\/\/www.facebook.com\/Portal-Notcia-Em-Pauta-102292869264820\/","article_published_time":"2026-04-25T18:53:21+00:00","article_modified_time":"2026-04-25T18:53:22+00:00","og_image":[{"width":785,"height":435,"url":"https:\/\/noticiaempauta.com\/portal\/wp-content\/uploads\/2026\/04\/alok-se-apresentara-em-teresina-neste-sabado-25-09efdcfbfe609c21.webp","type":"image\/webp"}],"author":"Reda\u00e7\u00e3o","twitter_card":"summary_large_image","twitter_misc":{"Escrito por":"Reda\u00e7\u00e3o","Est. tempo de leitura":"4 minutos"},"schema":{"@context":"https:\/\/schema.org","@graph":[{"@type":"Article","@id":"https:\/\/noticiaempauta.com\/portal\/justica-libera-show-de-alok-em-teresina-apos-suspender-decisao-anterior\/#article","isPartOf":{"@id":"https:\/\/noticiaempauta.com\/portal\/justica-libera-show-de-alok-em-teresina-apos-suspender-decisao-anterior\/"},"author":{"name":"Reda\u00e7\u00e3o","@id":"https:\/\/noticiaempauta.com\/portal\/#\/schema\/person\/a74af43dd1ab3deca45f988c717d57ac"},"headline":"Justi\u00e7a libera show de Alok em Teresina ap\u00f3s suspender decis\u00e3o anterior","datePublished":"2026-04-25T18:53:21+00:00","dateModified":"2026-04-25T18:53:22+00:00","mainEntityOfPage":{"@id":"https:\/\/noticiaempauta.com\/portal\/justica-libera-show-de-alok-em-teresina-apos-suspender-decisao-anterior\/"},"wordCount":606,"publisher":{"@id":"https:\/\/noticiaempauta.com\/portal\/#organization"},"image":{"@id":"https:\/\/noticiaempauta.com\/portal\/justica-libera-show-de-alok-em-teresina-apos-suspender-decisao-anterior\/#primaryimage"},"thumbnailUrl":"https:\/\/noticiaempauta.com\/portal\/wp-content\/uploads\/2026\/04\/alok-se-apresentara-em-teresina-neste-sabado-25-09efdcfbfe609c21.webp","keywords":["destaqueprincipal"],"articleSection":["Destaques","Geral","Todas as Not\u00edcias"],"inLanguage":"pt-BR"},{"@type":"WebPage","@id":"https:\/\/noticiaempauta.com\/portal\/justica-libera-show-de-alok-em-teresina-apos-suspender-decisao-anterior\/","url":"https:\/\/noticiaempauta.com\/portal\/justica-libera-show-de-alok-em-teresina-apos-suspender-decisao-anterior\/","name":"Justi\u00e7a libera show de Alok em Teresina ap\u00f3s suspender decis\u00e3o anterior - Portal Not\u00edcia em Pauta","isPartOf":{"@id":"https:\/\/noticiaempauta.com\/portal\/#website"},"primaryImageOfPage":{"@id":"https:\/\/noticiaempauta.com\/portal\/justica-libera-show-de-alok-em-teresina-apos-suspender-decisao-anterior\/#primaryimage"},"image":{"@id":"https:\/\/noticiaempauta.com\/portal\/justica-libera-show-de-alok-em-teresina-apos-suspender-decisao-anterior\/#primaryimage"},"thumbnailUrl":"https:\/\/noticiaempauta.com\/portal\/wp-content\/uploads\/2026\/04\/alok-se-apresentara-em-teresina-neste-sabado-25-09efdcfbfe609c21.webp","datePublished":"2026-04-25T18:53:21+00:00","dateModified":"2026-04-25T18:53:22+00:00","breadcrumb":{"@id":"https:\/\/noticiaempauta.com\/portal\/justica-libera-show-de-alok-em-teresina-apos-suspender-decisao-anterior\/#breadcrumb"},"inLanguage":"pt-BR","potentialAction":[{"@type":"ReadAction","target":["https:\/\/noticiaempauta.com\/portal\/justica-libera-show-de-alok-em-teresina-apos-suspender-decisao-anterior\/"]}]},{"@type":"ImageObject","inLanguage":"pt-BR","@id":"https:\/\/noticiaempauta.com\/portal\/justica-libera-show-de-alok-em-teresina-apos-suspender-decisao-anterior\/#primaryimage","url":"https:\/\/noticiaempauta.com\/portal\/wp-content\/uploads\/2026\/04\/alok-se-apresentara-em-teresina-neste-sabado-25-09efdcfbfe609c21.webp","contentUrl":"https:\/\/noticiaempauta.com\/portal\/wp-content\/uploads\/2026\/04\/alok-se-apresentara-em-teresina-neste-sabado-25-09efdcfbfe609c21.webp","width":785,"height":435},{"@type":"BreadcrumbList","@id":"https:\/\/noticiaempauta.com\/portal\/justica-libera-show-de-alok-em-teresina-apos-suspender-decisao-anterior\/#breadcrumb","itemListElement":[{"@type":"ListItem","position":1,"name":"P\u00e1gina Inicial","item":"https:\/\/noticiaempauta.com\/portal\/"},{"@type":"ListItem","position":2,"name":"Destaques","item":"https:\/\/noticiaempauta.com\/portal\/destaques-site\/"},{"@type":"ListItem","position":3,"name":"Justi\u00e7a libera show de Alok em Teresina ap\u00f3s suspender decis\u00e3o anterior"}]},{"@type":"WebSite","@id":"https:\/\/noticiaempauta.com\/portal\/#website","url":"https:\/\/noticiaempauta.com\/portal\/","name":"Portal Not\u00edcia em Pauta","description":"Voc\u00ea bem informado","publisher":{"@id":"https:\/\/noticiaempauta.com\/portal\/#organization"},"potentialAction":[{"@type":"SearchAction","target":{"@type":"EntryPoint","urlTemplate":"https:\/\/noticiaempauta.com\/portal\/?s={search_term_string}"},"query-input":{"@type":"PropertyValueSpecification","valueRequired":true,"valueName":"search_term_string"}}],"inLanguage":"pt-BR"},{"@type":"Organization","@id":"https:\/\/noticiaempauta.com\/portal\/#organization","name":"Portal Not\u00edcia em Pauta","url":"https:\/\/noticiaempauta.com\/portal\/","logo":{"@type":"ImageObject","inLanguage":"pt-BR","@id":"https:\/\/noticiaempauta.com\/portal\/#\/schema\/logo\/image\/","url":"https:\/\/noticiaempauta.com\/portal\/wp-content\/uploads\/2022\/08\/logomarca_tema.fw_.png","contentUrl":"https:\/\/noticiaempauta.com\/portal\/wp-content\/uploads\/2022\/08\/logomarca_tema.fw_.png","width":400,"height":232,"caption":"Portal Not\u00edcia em Pauta"},"image":{"@id":"https:\/\/noticiaempauta.com\/portal\/#\/schema\/logo\/image\/"},"sameAs":["https:\/\/www.facebook.com\/Portal-Notcia-Em-Pauta-102292869264820\/","https:\/\/www.instagram.com\/portalnoticiaempauta\/"]},{"@type":"Person","@id":"https:\/\/noticiaempauta.com\/portal\/#\/schema\/person\/a74af43dd1ab3deca45f988c717d57ac","name":"Reda\u00e7\u00e3o","image":{"@type":"ImageObject","inLanguage":"pt-BR","@id":"https:\/\/noticiaempauta.com\/portal\/#\/schema\/person\/image\/","url":"https:\/\/secure.gravatar.com\/avatar\/03179346ecce6cdfc13361603e8f54242a90e5cde8618fa23c5c00aa2b0aadf3?s=96&d=mm&r=g","contentUrl":"https:\/\/secure.gravatar.com\/avatar\/03179346ecce6cdfc13361603e8f54242a90e5cde8618fa23c5c00aa2b0aadf3?s=96&d=mm&r=g","caption":"Reda\u00e7\u00e3o"},"sameAs":["https:\/\/noticiaempauta.com\/portal\/"],"url":"https:\/\/noticiaempauta.com\/portal\/author\/fernando\/"}]}},"_links":{"self":[{"href":"https:\/\/noticiaempauta.com\/portal\/wp-json\/wp\/v2\/posts\/287957","targetHints":{"allow":["GET"]}}],"collection":[{"href":"https:\/\/noticiaempauta.com\/portal\/wp-json\/wp\/v2\/posts"}],"about":[{"href":"https:\/\/noticiaempauta.com\/portal\/wp-json\/wp\/v2\/types\/post"}],"author":[{"embeddable":true,"href":"https:\/\/noticiaempauta.com\/portal\/wp-json\/wp\/v2\/users\/2"}],"replies":[{"embeddable":true,"href":"https:\/\/noticiaempauta.com\/portal\/wp-json\/wp\/v2\/comments?post=287957"}],"version-history":[{"count":2,"href":"https:\/\/noticiaempauta.com\/portal\/wp-json\/wp\/v2\/posts\/287957\/revisions"}],"predecessor-version":[{"id":287960,"href":"https:\/\/noticiaempauta.com\/portal\/wp-json\/wp\/v2\/posts\/287957\/revisions\/287960"}],"wp:featuredmedia":[{"embeddable":true,"href":"https:\/\/noticiaempauta.com\/portal\/wp-json\/wp\/v2\/media\/287958"}],"wp:attachment":[{"href":"https:\/\/noticiaempauta.com\/portal\/wp-json\/wp\/v2\/media?parent=287957"}],"wp:term":[{"taxonomy":"category","embeddable":true,"href":"https:\/\/noticiaempauta.com\/portal\/wp-json\/wp\/v2\/categories?post=287957"},{"taxonomy":"post_tag","embeddable":true,"href":"https:\/\/noticiaempauta.com\/portal\/wp-json\/wp\/v2\/tags?post=287957"}],"curies":[{"name":"wp","href":"https:\/\/api.w.org\/{rel}","templated":true}]}}