{"id":287968,"date":"2026-04-26T08:59:44","date_gmt":"2026-04-26T11:59:44","guid":{"rendered":"https:\/\/noticiaempauta.com\/portal\/?p=287968"},"modified":"2026-04-26T08:59:46","modified_gmt":"2026-04-26T11:59:46","slug":"aneel-aciona-bandeira-amarela-e-conta-de-luz-fica-mais-cara-a-partir-de-maio-no-piaui","status":"publish","type":"post","link":"https:\/\/noticiaempauta.com\/portal\/aneel-aciona-bandeira-amarela-e-conta-de-luz-fica-mais-cara-a-partir-de-maio-no-piaui\/","title":{"rendered":"Aneel aciona bandeira amarela e conta de luz fica mais cara a partir de maio no Piau\u00ed"},"content":{"rendered":"\n<p>A Ag\u00eancia Nacional de Energia El\u00e9trica (Aneel) anunciou nesta sexta-feira (24) que a bandeira tarif\u00e1ria das contas de luz ser\u00e1 amarela no m\u00eas de maio, o que resultar\u00e1 em cobran\u00e7a adicional para consumidores atendidos pelo Sistema Interligado Nacional (SIN).<\/p>\n\n\n\n<p>Com a mudan\u00e7a, haver\u00e1 acr\u00e9scimo de R$ 1,88 a cada 100 quilowatts-hora (kWh) consumidos. Segundo a ag\u00eancia, a decis\u00e3o foi motivada pela redu\u00e7\u00e3o das chuvas no per\u00edodo de transi\u00e7\u00e3o entre a esta\u00e7\u00e3o chuvosa e a seca, cen\u00e1rio que diminui a gera\u00e7\u00e3o de energia por hidrel\u00e9tricas e exige o acionamento de usinas termel\u00e9tricas, que t\u00eam custo mais elevado.<\/p>\n\n\n\n<figure class=\"wp-block-image size-full\"><img fetchpriority=\"high\" decoding=\"async\" width=\"800\" height=\"479\" src=\"https:\/\/noticiaempauta.com\/portal\/wp-content\/uploads\/2026\/04\/4uSjTWXZVfItBgWXMfXQn63L490oii6FPyOHCC28.webp\" alt=\"\" class=\"wp-image-287969\" srcset=\"https:\/\/noticiaempauta.com\/portal\/wp-content\/uploads\/2026\/04\/4uSjTWXZVfItBgWXMfXQn63L490oii6FPyOHCC28.webp 800w, https:\/\/noticiaempauta.com\/portal\/wp-content\/uploads\/2026\/04\/4uSjTWXZVfItBgWXMfXQn63L490oii6FPyOHCC28-300x180.webp 300w, https:\/\/noticiaempauta.com\/portal\/wp-content\/uploads\/2026\/04\/4uSjTWXZVfItBgWXMfXQn63L490oii6FPyOHCC28-768x460.webp 768w\" sizes=\"(max-width: 800px) 100vw, 800px\" \/><figcaption class=\"wp-element-caption\"><em>Marcello Casal Jr\/Ag\u00eancia Brasil<\/em><\/figcaption><\/figure>\n\n\n\n<p>Desde janeiro, vigorava a bandeira verde, sem cobran\u00e7a extra, devido \u00e0s condi\u00e7\u00f5es favor\u00e1veis de gera\u00e7\u00e3o e aos n\u00edveis satisfat\u00f3rios dos reservat\u00f3rios.<\/p>\n\n\n\n<p>Criado em 2015, o sistema de bandeiras tarif\u00e1rias sinaliza aos consumidores o custo real da produ\u00e7\u00e3o de energia no pa\u00eds. As cores indicam o n\u00edvel de custo para gera\u00e7\u00e3o: verde (sem acr\u00e9scimo), amarela (custo moderado) e vermelha (custo elevado).<\/p>\n\n\n\n<p>A defini\u00e7\u00e3o mensal das bandeiras leva em conta avalia\u00e7\u00f5es do Operador Nacional do Sistema El\u00e9trico (ONS), respons\u00e1vel por analisar as condi\u00e7\u00f5es de opera\u00e7\u00e3o do sistema el\u00e9trico e projetar os custos necess\u00e1rios para atender \u00e0 demanda.<\/p>\n\n\n\n<p>Atualmente, os valores adicionais cobrados seguem tr\u00eas n\u00edveis: na bandeira amarela, o acr\u00e9scimo \u00e9 de R$ 1,88 a cada 100 kWh; na bandeira vermelha patamar 1, o valor sobe para R$ 4,46; e na bandeira vermelha patamar 2, chega a R$ 7,87 para o mesmo consumo.<\/p>\n\n\n\n<p>A mudan\u00e7a na bandeira deve impactar diretamente o valor das contas de energia j\u00e1 a partir de maio.<\/p>\n\n\n\n<p><strong>Fonte: Portal O Dia<\/strong><\/p>\n\n\n\n<p><\/p>\n","protected":false},"excerpt":{"rendered":"<p>A Ag\u00eancia Nacional de Energia El\u00e9trica (Aneel) anunciou nesta sexta-feira (24) que a bandeira tarif\u00e1ria das contas de luz ser\u00e1 amarela no m\u00eas de maio, o que resultar\u00e1 em cobran\u00e7a adicional para consumidores atendidos pelo Sistema Interligado Nacional (SIN). Com a mudan\u00e7a, haver\u00e1 acr\u00e9scimo de R$ 1,88 a cada 100 quilowatts-hora (kWh) consumidos. Segundo a [&hellip;]<\/p>\n","protected":false},"author":2,"featured_media":287969,"comment_status":"closed","ping_status":"closed","sticky":false,"template":"","format":"standard","meta":{"_mi_skip_tracking":false,"footnotes":""},"categories":[25,1,16],"tags":[192],"class_list":["post-287968","post","type-post","status-publish","format-standard","has-post-thumbnail","hentry","category-destaques-site","category-geral","category-todas","tag-destaqueprincipal"],"acf":[],"yoast_head":"<!-- This site is optimized with the Yoast SEO Premium plugin v19.2 (Yoast SEO v26.9) - https:\/\/yoast.com\/product\/yoast-seo-premium-wordpress\/ -->\n<title>Aneel aciona bandeira amarela e conta de luz fica mais cara a partir de maio no Piau\u00ed - Portal Not\u00edcia em Pauta<\/title>\n<meta name=\"robots\" content=\"index, follow, max-snippet:-1, max-image-preview:large, max-video-preview:-1\" \/>\n<link rel=\"canonical\" href=\"https:\/\/noticiaempauta.com\/portal\/aneel-aciona-bandeira-amarela-e-conta-de-luz-fica-mais-cara-a-partir-de-maio-no-piaui\/\" \/>\n<meta property=\"og:locale\" content=\"pt_BR\" \/>\n<meta property=\"og:type\" content=\"article\" \/>\n<meta property=\"og:title\" content=\"Aneel aciona bandeira amarela e conta de luz fica mais cara a partir de maio no Piau\u00ed\" \/>\n<meta property=\"og:description\" content=\"A Ag\u00eancia Nacional de Energia El\u00e9trica (Aneel) anunciou nesta sexta-feira (24) que a bandeira tarif\u00e1ria das contas de luz ser\u00e1 amarela no m\u00eas de maio, o que resultar\u00e1 em cobran\u00e7a adicional para consumidores atendidos pelo Sistema Interligado Nacional (SIN). Com a mudan\u00e7a, haver\u00e1 acr\u00e9scimo de R$ 1,88 a cada 100 quilowatts-hora (kWh) consumidos. Segundo a [&hellip;]\" \/>\n<meta property=\"og:url\" content=\"https:\/\/noticiaempauta.com\/portal\/aneel-aciona-bandeira-amarela-e-conta-de-luz-fica-mais-cara-a-partir-de-maio-no-piaui\/\" \/>\n<meta property=\"og:site_name\" content=\"Portal Not\u00edcia em Pauta\" \/>\n<meta property=\"article:publisher\" content=\"https:\/\/www.facebook.com\/Portal-Notcia-Em-Pauta-102292869264820\/\" \/>\n<meta property=\"article:published_time\" content=\"2026-04-26T11:59:44+00:00\" \/>\n<meta property=\"article:modified_time\" content=\"2026-04-26T11:59:46+00:00\" \/>\n<meta property=\"og:image\" content=\"https:\/\/noticiaempauta.com\/portal\/wp-content\/uploads\/2026\/04\/4uSjTWXZVfItBgWXMfXQn63L490oii6FPyOHCC28.webp\" \/>\n\t<meta property=\"og:image:width\" content=\"800\" \/>\n\t<meta property=\"og:image:height\" content=\"479\" \/>\n\t<meta property=\"og:image:type\" content=\"image\/webp\" \/>\n<meta name=\"author\" content=\"Reda\u00e7\u00e3o\" \/>\n<meta name=\"twitter:card\" content=\"summary_large_image\" \/>\n<meta name=\"twitter:label1\" content=\"Escrito por\" \/>\n\t<meta name=\"twitter:data1\" content=\"Reda\u00e7\u00e3o\" \/>\n\t<meta name=\"twitter:label2\" content=\"Est. tempo de leitura\" \/>\n\t<meta name=\"twitter:data2\" content=\"2 minutos\" \/>\n<script type=\"application\/ld+json\" class=\"yoast-schema-graph\">{\"@context\":\"https:\/\/schema.org\",\"@graph\":[{\"@type\":\"Article\",\"@id\":\"https:\/\/noticiaempauta.com\/portal\/aneel-aciona-bandeira-amarela-e-conta-de-luz-fica-mais-cara-a-partir-de-maio-no-piaui\/#article\",\"isPartOf\":{\"@id\":\"https:\/\/noticiaempauta.com\/portal\/aneel-aciona-bandeira-amarela-e-conta-de-luz-fica-mais-cara-a-partir-de-maio-no-piaui\/\"},\"author\":{\"name\":\"Reda\u00e7\u00e3o\",\"@id\":\"https:\/\/noticiaempauta.com\/portal\/#\/schema\/person\/a74af43dd1ab3deca45f988c717d57ac\"},\"headline\":\"Aneel aciona bandeira amarela e conta de luz fica mais cara a partir de maio no Piau\u00ed\",\"datePublished\":\"2026-04-26T11:59:44+00:00\",\"dateModified\":\"2026-04-26T11:59:46+00:00\",\"mainEntityOfPage\":{\"@id\":\"https:\/\/noticiaempauta.com\/portal\/aneel-aciona-bandeira-amarela-e-conta-de-luz-fica-mais-cara-a-partir-de-maio-no-piaui\/\"},\"wordCount\":313,\"publisher\":{\"@id\":\"https:\/\/noticiaempauta.com\/portal\/#organization\"},\"image\":{\"@id\":\"https:\/\/noticiaempauta.com\/portal\/aneel-aciona-bandeira-amarela-e-conta-de-luz-fica-mais-cara-a-partir-de-maio-no-piaui\/#primaryimage\"},\"thumbnailUrl\":\"https:\/\/noticiaempauta.com\/portal\/wp-content\/uploads\/2026\/04\/4uSjTWXZVfItBgWXMfXQn63L490oii6FPyOHCC28.webp\",\"keywords\":[\"destaqueprincipal\"],\"articleSection\":[\"Destaques\",\"Geral\",\"Todas as Not\u00edcias\"],\"inLanguage\":\"pt-BR\"},{\"@type\":\"WebPage\",\"@id\":\"https:\/\/noticiaempauta.com\/portal\/aneel-aciona-bandeira-amarela-e-conta-de-luz-fica-mais-cara-a-partir-de-maio-no-piaui\/\",\"url\":\"https:\/\/noticiaempauta.com\/portal\/aneel-aciona-bandeira-amarela-e-conta-de-luz-fica-mais-cara-a-partir-de-maio-no-piaui\/\",\"name\":\"Aneel aciona bandeira amarela e conta de luz fica mais cara a partir de maio no Piau\u00ed - Portal Not\u00edcia em Pauta\",\"isPartOf\":{\"@id\":\"https:\/\/noticiaempauta.com\/portal\/#website\"},\"primaryImageOfPage\":{\"@id\":\"https:\/\/noticiaempauta.com\/portal\/aneel-aciona-bandeira-amarela-e-conta-de-luz-fica-mais-cara-a-partir-de-maio-no-piaui\/#primaryimage\"},\"image\":{\"@id\":\"https:\/\/noticiaempauta.com\/portal\/aneel-aciona-bandeira-amarela-e-conta-de-luz-fica-mais-cara-a-partir-de-maio-no-piaui\/#primaryimage\"},\"thumbnailUrl\":\"https:\/\/noticiaempauta.com\/portal\/wp-content\/uploads\/2026\/04\/4uSjTWXZVfItBgWXMfXQn63L490oii6FPyOHCC28.webp\",\"datePublished\":\"2026-04-26T11:59:44+00:00\",\"dateModified\":\"2026-04-26T11:59:46+00:00\",\"breadcrumb\":{\"@id\":\"https:\/\/noticiaempauta.com\/portal\/aneel-aciona-bandeira-amarela-e-conta-de-luz-fica-mais-cara-a-partir-de-maio-no-piaui\/#breadcrumb\"},\"inLanguage\":\"pt-BR\",\"potentialAction\":[{\"@type\":\"ReadAction\",\"target\":[\"https:\/\/noticiaempauta.com\/portal\/aneel-aciona-bandeira-amarela-e-conta-de-luz-fica-mais-cara-a-partir-de-maio-no-piaui\/\"]}]},{\"@type\":\"ImageObject\",\"inLanguage\":\"pt-BR\",\"@id\":\"https:\/\/noticiaempauta.com\/portal\/aneel-aciona-bandeira-amarela-e-conta-de-luz-fica-mais-cara-a-partir-de-maio-no-piaui\/#primaryimage\",\"url\":\"https:\/\/noticiaempauta.com\/portal\/wp-content\/uploads\/2026\/04\/4uSjTWXZVfItBgWXMfXQn63L490oii6FPyOHCC28.webp\",\"contentUrl\":\"https:\/\/noticiaempauta.com\/portal\/wp-content\/uploads\/2026\/04\/4uSjTWXZVfItBgWXMfXQn63L490oii6FPyOHCC28.webp\",\"width\":800,\"height\":479},{\"@type\":\"BreadcrumbList\",\"@id\":\"https:\/\/noticiaempauta.com\/portal\/aneel-aciona-bandeira-amarela-e-conta-de-luz-fica-mais-cara-a-partir-de-maio-no-piaui\/#breadcrumb\",\"itemListElement\":[{\"@type\":\"ListItem\",\"position\":1,\"name\":\"P\u00e1gina Inicial\",\"item\":\"https:\/\/noticiaempauta.com\/portal\/\"},{\"@type\":\"ListItem\",\"position\":2,\"name\":\"Destaques\",\"item\":\"https:\/\/noticiaempauta.com\/portal\/destaques-site\/\"},{\"@type\":\"ListItem\",\"position\":3,\"name\":\"Aneel aciona bandeira amarela e conta de luz fica mais cara a partir de maio no Piau\u00ed\"}]},{\"@type\":\"WebSite\",\"@id\":\"https:\/\/noticiaempauta.com\/portal\/#website\",\"url\":\"https:\/\/noticiaempauta.com\/portal\/\",\"name\":\"Portal Not\u00edcia em Pauta\",\"description\":\"Voc\u00ea bem informado\",\"publisher\":{\"@id\":\"https:\/\/noticiaempauta.com\/portal\/#organization\"},\"potentialAction\":[{\"@type\":\"SearchAction\",\"target\":{\"@type\":\"EntryPoint\",\"urlTemplate\":\"https:\/\/noticiaempauta.com\/portal\/?s={search_term_string}\"},\"query-input\":{\"@type\":\"PropertyValueSpecification\",\"valueRequired\":true,\"valueName\":\"search_term_string\"}}],\"inLanguage\":\"pt-BR\"},{\"@type\":\"Organization\",\"@id\":\"https:\/\/noticiaempauta.com\/portal\/#organization\",\"name\":\"Portal Not\u00edcia em Pauta\",\"url\":\"https:\/\/noticiaempauta.com\/portal\/\",\"logo\":{\"@type\":\"ImageObject\",\"inLanguage\":\"pt-BR\",\"@id\":\"https:\/\/noticiaempauta.com\/portal\/#\/schema\/logo\/image\/\",\"url\":\"https:\/\/noticiaempauta.com\/portal\/wp-content\/uploads\/2022\/08\/logomarca_tema.fw_.png\",\"contentUrl\":\"https:\/\/noticiaempauta.com\/portal\/wp-content\/uploads\/2022\/08\/logomarca_tema.fw_.png\",\"width\":400,\"height\":232,\"caption\":\"Portal Not\u00edcia em Pauta\"},\"image\":{\"@id\":\"https:\/\/noticiaempauta.com\/portal\/#\/schema\/logo\/image\/\"},\"sameAs\":[\"https:\/\/www.facebook.com\/Portal-Notcia-Em-Pauta-102292869264820\/\",\"https:\/\/www.instagram.com\/portalnoticiaempauta\/\"]},{\"@type\":\"Person\",\"@id\":\"https:\/\/noticiaempauta.com\/portal\/#\/schema\/person\/a74af43dd1ab3deca45f988c717d57ac\",\"name\":\"Reda\u00e7\u00e3o\",\"image\":{\"@type\":\"ImageObject\",\"inLanguage\":\"pt-BR\",\"@id\":\"https:\/\/noticiaempauta.com\/portal\/#\/schema\/person\/image\/\",\"url\":\"https:\/\/secure.gravatar.com\/avatar\/03179346ecce6cdfc13361603e8f54242a90e5cde8618fa23c5c00aa2b0aadf3?s=96&d=mm&r=g\",\"contentUrl\":\"https:\/\/secure.gravatar.com\/avatar\/03179346ecce6cdfc13361603e8f54242a90e5cde8618fa23c5c00aa2b0aadf3?s=96&d=mm&r=g\",\"caption\":\"Reda\u00e7\u00e3o\"},\"sameAs\":[\"https:\/\/noticiaempauta.com\/portal\/\"],\"url\":\"https:\/\/noticiaempauta.com\/portal\/author\/fernando\/\"}]}<\/script>\n<!-- \/ Yoast SEO Premium plugin. -->","yoast_head_json":{"title":"Aneel aciona bandeira amarela e conta de luz fica mais cara a partir de maio no Piau\u00ed - Portal Not\u00edcia em Pauta","robots":{"index":"index","follow":"follow","max-snippet":"max-snippet:-1","max-image-preview":"max-image-preview:large","max-video-preview":"max-video-preview:-1"},"canonical":"https:\/\/noticiaempauta.com\/portal\/aneel-aciona-bandeira-amarela-e-conta-de-luz-fica-mais-cara-a-partir-de-maio-no-piaui\/","og_locale":"pt_BR","og_type":"article","og_title":"Aneel aciona bandeira amarela e conta de luz fica mais cara a partir de maio no Piau\u00ed","og_description":"A Ag\u00eancia Nacional de Energia El\u00e9trica (Aneel) anunciou nesta sexta-feira (24) que a bandeira tarif\u00e1ria das contas de luz ser\u00e1 amarela no m\u00eas de maio, o que resultar\u00e1 em cobran\u00e7a adicional para consumidores atendidos pelo Sistema Interligado Nacional (SIN). Com a mudan\u00e7a, haver\u00e1 acr\u00e9scimo de R$ 1,88 a cada 100 quilowatts-hora (kWh) consumidos. Segundo a [&hellip;]","og_url":"https:\/\/noticiaempauta.com\/portal\/aneel-aciona-bandeira-amarela-e-conta-de-luz-fica-mais-cara-a-partir-de-maio-no-piaui\/","og_site_name":"Portal Not\u00edcia em Pauta","article_publisher":"https:\/\/www.facebook.com\/Portal-Notcia-Em-Pauta-102292869264820\/","article_published_time":"2026-04-26T11:59:44+00:00","article_modified_time":"2026-04-26T11:59:46+00:00","og_image":[{"width":800,"height":479,"url":"https:\/\/noticiaempauta.com\/portal\/wp-content\/uploads\/2026\/04\/4uSjTWXZVfItBgWXMfXQn63L490oii6FPyOHCC28.webp","type":"image\/webp"}],"author":"Reda\u00e7\u00e3o","twitter_card":"summary_large_image","twitter_misc":{"Escrito por":"Reda\u00e7\u00e3o","Est. tempo de leitura":"2 minutos"},"schema":{"@context":"https:\/\/schema.org","@graph":[{"@type":"Article","@id":"https:\/\/noticiaempauta.com\/portal\/aneel-aciona-bandeira-amarela-e-conta-de-luz-fica-mais-cara-a-partir-de-maio-no-piaui\/#article","isPartOf":{"@id":"https:\/\/noticiaempauta.com\/portal\/aneel-aciona-bandeira-amarela-e-conta-de-luz-fica-mais-cara-a-partir-de-maio-no-piaui\/"},"author":{"name":"Reda\u00e7\u00e3o","@id":"https:\/\/noticiaempauta.com\/portal\/#\/schema\/person\/a74af43dd1ab3deca45f988c717d57ac"},"headline":"Aneel aciona bandeira amarela e conta de luz fica mais cara a partir de maio no Piau\u00ed","datePublished":"2026-04-26T11:59:44+00:00","dateModified":"2026-04-26T11:59:46+00:00","mainEntityOfPage":{"@id":"https:\/\/noticiaempauta.com\/portal\/aneel-aciona-bandeira-amarela-e-conta-de-luz-fica-mais-cara-a-partir-de-maio-no-piaui\/"},"wordCount":313,"publisher":{"@id":"https:\/\/noticiaempauta.com\/portal\/#organization"},"image":{"@id":"https:\/\/noticiaempauta.com\/portal\/aneel-aciona-bandeira-amarela-e-conta-de-luz-fica-mais-cara-a-partir-de-maio-no-piaui\/#primaryimage"},"thumbnailUrl":"https:\/\/noticiaempauta.com\/portal\/wp-content\/uploads\/2026\/04\/4uSjTWXZVfItBgWXMfXQn63L490oii6FPyOHCC28.webp","keywords":["destaqueprincipal"],"articleSection":["Destaques","Geral","Todas as Not\u00edcias"],"inLanguage":"pt-BR"},{"@type":"WebPage","@id":"https:\/\/noticiaempauta.com\/portal\/aneel-aciona-bandeira-amarela-e-conta-de-luz-fica-mais-cara-a-partir-de-maio-no-piaui\/","url":"https:\/\/noticiaempauta.com\/portal\/aneel-aciona-bandeira-amarela-e-conta-de-luz-fica-mais-cara-a-partir-de-maio-no-piaui\/","name":"Aneel aciona bandeira amarela e conta de luz fica mais cara a partir de maio no Piau\u00ed - Portal Not\u00edcia em Pauta","isPartOf":{"@id":"https:\/\/noticiaempauta.com\/portal\/#website"},"primaryImageOfPage":{"@id":"https:\/\/noticiaempauta.com\/portal\/aneel-aciona-bandeira-amarela-e-conta-de-luz-fica-mais-cara-a-partir-de-maio-no-piaui\/#primaryimage"},"image":{"@id":"https:\/\/noticiaempauta.com\/portal\/aneel-aciona-bandeira-amarela-e-conta-de-luz-fica-mais-cara-a-partir-de-maio-no-piaui\/#primaryimage"},"thumbnailUrl":"https:\/\/noticiaempauta.com\/portal\/wp-content\/uploads\/2026\/04\/4uSjTWXZVfItBgWXMfXQn63L490oii6FPyOHCC28.webp","datePublished":"2026-04-26T11:59:44+00:00","dateModified":"2026-04-26T11:59:46+00:00","breadcrumb":{"@id":"https:\/\/noticiaempauta.com\/portal\/aneel-aciona-bandeira-amarela-e-conta-de-luz-fica-mais-cara-a-partir-de-maio-no-piaui\/#breadcrumb"},"inLanguage":"pt-BR","potentialAction":[{"@type":"ReadAction","target":["https:\/\/noticiaempauta.com\/portal\/aneel-aciona-bandeira-amarela-e-conta-de-luz-fica-mais-cara-a-partir-de-maio-no-piaui\/"]}]},{"@type":"ImageObject","inLanguage":"pt-BR","@id":"https:\/\/noticiaempauta.com\/portal\/aneel-aciona-bandeira-amarela-e-conta-de-luz-fica-mais-cara-a-partir-de-maio-no-piaui\/#primaryimage","url":"https:\/\/noticiaempauta.com\/portal\/wp-content\/uploads\/2026\/04\/4uSjTWXZVfItBgWXMfXQn63L490oii6FPyOHCC28.webp","contentUrl":"https:\/\/noticiaempauta.com\/portal\/wp-content\/uploads\/2026\/04\/4uSjTWXZVfItBgWXMfXQn63L490oii6FPyOHCC28.webp","width":800,"height":479},{"@type":"BreadcrumbList","@id":"https:\/\/noticiaempauta.com\/portal\/aneel-aciona-bandeira-amarela-e-conta-de-luz-fica-mais-cara-a-partir-de-maio-no-piaui\/#breadcrumb","itemListElement":[{"@type":"ListItem","position":1,"name":"P\u00e1gina Inicial","item":"https:\/\/noticiaempauta.com\/portal\/"},{"@type":"ListItem","position":2,"name":"Destaques","item":"https:\/\/noticiaempauta.com\/portal\/destaques-site\/"},{"@type":"ListItem","position":3,"name":"Aneel aciona bandeira amarela e conta de luz fica mais cara a partir de maio no Piau\u00ed"}]},{"@type":"WebSite","@id":"https:\/\/noticiaempauta.com\/portal\/#website","url":"https:\/\/noticiaempauta.com\/portal\/","name":"Portal Not\u00edcia em Pauta","description":"Voc\u00ea bem informado","publisher":{"@id":"https:\/\/noticiaempauta.com\/portal\/#organization"},"potentialAction":[{"@type":"SearchAction","target":{"@type":"EntryPoint","urlTemplate":"https:\/\/noticiaempauta.com\/portal\/?s={search_term_string}"},"query-input":{"@type":"PropertyValueSpecification","valueRequired":true,"valueName":"search_term_string"}}],"inLanguage":"pt-BR"},{"@type":"Organization","@id":"https:\/\/noticiaempauta.com\/portal\/#organization","name":"Portal Not\u00edcia em Pauta","url":"https:\/\/noticiaempauta.com\/portal\/","logo":{"@type":"ImageObject","inLanguage":"pt-BR","@id":"https:\/\/noticiaempauta.com\/portal\/#\/schema\/logo\/image\/","url":"https:\/\/noticiaempauta.com\/portal\/wp-content\/uploads\/2022\/08\/logomarca_tema.fw_.png","contentUrl":"https:\/\/noticiaempauta.com\/portal\/wp-content\/uploads\/2022\/08\/logomarca_tema.fw_.png","width":400,"height":232,"caption":"Portal Not\u00edcia em Pauta"},"image":{"@id":"https:\/\/noticiaempauta.com\/portal\/#\/schema\/logo\/image\/"},"sameAs":["https:\/\/www.facebook.com\/Portal-Notcia-Em-Pauta-102292869264820\/","https:\/\/www.instagram.com\/portalnoticiaempauta\/"]},{"@type":"Person","@id":"https:\/\/noticiaempauta.com\/portal\/#\/schema\/person\/a74af43dd1ab3deca45f988c717d57ac","name":"Reda\u00e7\u00e3o","image":{"@type":"ImageObject","inLanguage":"pt-BR","@id":"https:\/\/noticiaempauta.com\/portal\/#\/schema\/person\/image\/","url":"https:\/\/secure.gravatar.com\/avatar\/03179346ecce6cdfc13361603e8f54242a90e5cde8618fa23c5c00aa2b0aadf3?s=96&d=mm&r=g","contentUrl":"https:\/\/secure.gravatar.com\/avatar\/03179346ecce6cdfc13361603e8f54242a90e5cde8618fa23c5c00aa2b0aadf3?s=96&d=mm&r=g","caption":"Reda\u00e7\u00e3o"},"sameAs":["https:\/\/noticiaempauta.com\/portal\/"],"url":"https:\/\/noticiaempauta.com\/portal\/author\/fernando\/"}]}},"_links":{"self":[{"href":"https:\/\/noticiaempauta.com\/portal\/wp-json\/wp\/v2\/posts\/287968","targetHints":{"allow":["GET"]}}],"collection":[{"href":"https:\/\/noticiaempauta.com\/portal\/wp-json\/wp\/v2\/posts"}],"about":[{"href":"https:\/\/noticiaempauta.com\/portal\/wp-json\/wp\/v2\/types\/post"}],"author":[{"embeddable":true,"href":"https:\/\/noticiaempauta.com\/portal\/wp-json\/wp\/v2\/users\/2"}],"replies":[{"embeddable":true,"href":"https:\/\/noticiaempauta.com\/portal\/wp-json\/wp\/v2\/comments?post=287968"}],"version-history":[{"count":2,"href":"https:\/\/noticiaempauta.com\/portal\/wp-json\/wp\/v2\/posts\/287968\/revisions"}],"predecessor-version":[{"id":287971,"href":"https:\/\/noticiaempauta.com\/portal\/wp-json\/wp\/v2\/posts\/287968\/revisions\/287971"}],"wp:featuredmedia":[{"embeddable":true,"href":"https:\/\/noticiaempauta.com\/portal\/wp-json\/wp\/v2\/media\/287969"}],"wp:attachment":[{"href":"https:\/\/noticiaempauta.com\/portal\/wp-json\/wp\/v2\/media?parent=287968"}],"wp:term":[{"taxonomy":"category","embeddable":true,"href":"https:\/\/noticiaempauta.com\/portal\/wp-json\/wp\/v2\/categories?post=287968"},{"taxonomy":"post_tag","embeddable":true,"href":"https:\/\/noticiaempauta.com\/portal\/wp-json\/wp\/v2\/tags?post=287968"}],"curies":[{"name":"wp","href":"https:\/\/api.w.org\/{rel}","templated":true}]}}