{"id":287973,"date":"2026-04-27T08:41:34","date_gmt":"2026-04-27T11:41:34","guid":{"rendered":"https:\/\/noticiaempauta.com\/portal\/?p=287973"},"modified":"2026-04-27T08:41:36","modified_gmt":"2026-04-27T11:41:36","slug":"homem-desaparece-apos-saltar-de-escadaria-em-acude-em-fronteiras","status":"publish","type":"post","link":"https:\/\/noticiaempauta.com\/portal\/homem-desaparece-apos-saltar-de-escadaria-em-acude-em-fronteiras\/","title":{"rendered":"Homem desaparece ap\u00f3s saltar de escadaria em a\u00e7ude em Fronteiras"},"content":{"rendered":"\n<p>Um homem identificado apenas como Rafael desapareceu na tarde de domingo (26) ap\u00f3s pular da parte mais alta da galeria de um a\u00e7ude no munic\u00edpio de Fronteiras. Segundo populares que estavam no local, o homem\u00a0saltou na \u00e1gua e n\u00e3o retornou \u00e0 superf\u00edcie, o que gerou preocupa\u00e7\u00e3o imediata.<\/p>\n\n\n\n<figure class=\"wp-block-image size-full\"><img fetchpriority=\"high\" decoding=\"async\" width=\"362\" height=\"650\" src=\"https:\/\/noticiaempauta.com\/portal\/wp-content\/uploads\/2026\/04\/escadaria-acude-fronteiras-ok1.webp\" alt=\"\" class=\"wp-image-287974\" srcset=\"https:\/\/noticiaempauta.com\/portal\/wp-content\/uploads\/2026\/04\/escadaria-acude-fronteiras-ok1.webp 362w, https:\/\/noticiaempauta.com\/portal\/wp-content\/uploads\/2026\/04\/escadaria-acude-fronteiras-ok1-167x300.webp 167w\" sizes=\"(max-width: 362px) 100vw, 362px\" \/><\/figure>\n\n\n\n<p>Moradores acionaram rapidamente os servi\u00e7os de sa\u00fade e a pol\u00edcia. O prefeito Eudes Ribeiro informou, por meio das redes sociais, que o Corpo de Bombeiros, com equipe da cidade de Picos, foi acionado para realizar as\u00a0buscas e poss\u00edvel resgate.<\/p>\n\n\n\n<p>As circunst\u00e2ncias do desaparecimento ainda ser\u00e3o apuradas pelas autoridades competentes.<\/p>\n\n\n\n<p><em>(Com informa\u00e7\u00f5es do Portal do Cariri)<\/em><\/p>\n","protected":false},"excerpt":{"rendered":"<p>Um homem identificado apenas como Rafael desapareceu na tarde de domingo (26) ap\u00f3s pular da parte mais alta da galeria de um a\u00e7ude no munic\u00edpio de Fronteiras. Segundo populares que estavam no local, o homem\u00a0saltou na \u00e1gua e n\u00e3o retornou \u00e0 superf\u00edcie, o que gerou preocupa\u00e7\u00e3o imediata. Moradores acionaram rapidamente os servi\u00e7os de sa\u00fade e [&hellip;]<\/p>\n","protected":false},"author":2,"featured_media":287975,"comment_status":"closed","ping_status":"closed","sticky":false,"template":"","format":"standard","meta":{"_mi_skip_tracking":false,"footnotes":""},"categories":[25,1,16],"tags":[192],"class_list":["post-287973","post","type-post","status-publish","format-standard","has-post-thumbnail","hentry","category-destaques-site","category-geral","category-todas","tag-destaqueprincipal"],"acf":[],"yoast_head":"<!-- This site is optimized with the Yoast SEO Premium plugin v19.2 (Yoast SEO v26.9) - https:\/\/yoast.com\/product\/yoast-seo-premium-wordpress\/ -->\n<title>Homem desaparece ap\u00f3s saltar de escadaria em a\u00e7ude em Fronteiras - Portal Not\u00edcia em Pauta<\/title>\n<meta name=\"robots\" content=\"index, follow, max-snippet:-1, max-image-preview:large, max-video-preview:-1\" \/>\n<link rel=\"canonical\" href=\"https:\/\/noticiaempauta.com\/portal\/homem-desaparece-apos-saltar-de-escadaria-em-acude-em-fronteiras\/\" \/>\n<meta property=\"og:locale\" content=\"pt_BR\" \/>\n<meta property=\"og:type\" content=\"article\" \/>\n<meta property=\"og:title\" content=\"Homem desaparece ap\u00f3s saltar de escadaria em a\u00e7ude em Fronteiras\" \/>\n<meta property=\"og:description\" content=\"Um homem identificado apenas como Rafael desapareceu na tarde de domingo (26) ap\u00f3s pular da parte mais alta da galeria de um a\u00e7ude no munic\u00edpio de Fronteiras. Segundo populares que estavam no local, o homem\u00a0saltou na \u00e1gua e n\u00e3o retornou \u00e0 superf\u00edcie, o que gerou preocupa\u00e7\u00e3o imediata. Moradores acionaram rapidamente os servi\u00e7os de sa\u00fade e [&hellip;]\" \/>\n<meta property=\"og:url\" content=\"https:\/\/noticiaempauta.com\/portal\/homem-desaparece-apos-saltar-de-escadaria-em-acude-em-fronteiras\/\" \/>\n<meta property=\"og:site_name\" content=\"Portal Not\u00edcia em Pauta\" \/>\n<meta property=\"article:publisher\" content=\"https:\/\/www.facebook.com\/Portal-Notcia-Em-Pauta-102292869264820\/\" \/>\n<meta property=\"article:published_time\" content=\"2026-04-27T11:41:34+00:00\" \/>\n<meta property=\"article:modified_time\" content=\"2026-04-27T11:41:36+00:00\" \/>\n<meta property=\"og:image\" content=\"https:\/\/noticiaempauta.com\/portal\/wp-content\/uploads\/2026\/04\/escadaria-acude-fronteiras-ok1-1.webp\" \/>\n\t<meta property=\"og:image:width\" content=\"362\" \/>\n\t<meta property=\"og:image:height\" content=\"346\" \/>\n\t<meta property=\"og:image:type\" content=\"image\/webp\" \/>\n<meta name=\"author\" content=\"Reda\u00e7\u00e3o\" \/>\n<meta name=\"twitter:card\" content=\"summary_large_image\" \/>\n<meta name=\"twitter:label1\" content=\"Escrito por\" \/>\n\t<meta name=\"twitter:data1\" content=\"Reda\u00e7\u00e3o\" \/>\n\t<meta name=\"twitter:label2\" content=\"Est. tempo de leitura\" \/>\n\t<meta name=\"twitter:data2\" content=\"1 minuto\" \/>\n<script type=\"application\/ld+json\" class=\"yoast-schema-graph\">{\"@context\":\"https:\/\/schema.org\",\"@graph\":[{\"@type\":\"Article\",\"@id\":\"https:\/\/noticiaempauta.com\/portal\/homem-desaparece-apos-saltar-de-escadaria-em-acude-em-fronteiras\/#article\",\"isPartOf\":{\"@id\":\"https:\/\/noticiaempauta.com\/portal\/homem-desaparece-apos-saltar-de-escadaria-em-acude-em-fronteiras\/\"},\"author\":{\"name\":\"Reda\u00e7\u00e3o\",\"@id\":\"https:\/\/noticiaempauta.com\/portal\/#\/schema\/person\/a74af43dd1ab3deca45f988c717d57ac\"},\"headline\":\"Homem desaparece ap\u00f3s saltar de escadaria em a\u00e7ude em Fronteiras\",\"datePublished\":\"2026-04-27T11:41:34+00:00\",\"dateModified\":\"2026-04-27T11:41:36+00:00\",\"mainEntityOfPage\":{\"@id\":\"https:\/\/noticiaempauta.com\/portal\/homem-desaparece-apos-saltar-de-escadaria-em-acude-em-fronteiras\/\"},\"wordCount\":127,\"publisher\":{\"@id\":\"https:\/\/noticiaempauta.com\/portal\/#organization\"},\"image\":{\"@id\":\"https:\/\/noticiaempauta.com\/portal\/homem-desaparece-apos-saltar-de-escadaria-em-acude-em-fronteiras\/#primaryimage\"},\"thumbnailUrl\":\"https:\/\/noticiaempauta.com\/portal\/wp-content\/uploads\/2026\/04\/escadaria-acude-fronteiras-ok1-1.webp\",\"keywords\":[\"destaqueprincipal\"],\"articleSection\":[\"Destaques\",\"Geral\",\"Todas as Not\u00edcias\"],\"inLanguage\":\"pt-BR\"},{\"@type\":\"WebPage\",\"@id\":\"https:\/\/noticiaempauta.com\/portal\/homem-desaparece-apos-saltar-de-escadaria-em-acude-em-fronteiras\/\",\"url\":\"https:\/\/noticiaempauta.com\/portal\/homem-desaparece-apos-saltar-de-escadaria-em-acude-em-fronteiras\/\",\"name\":\"Homem desaparece ap\u00f3s saltar de escadaria em a\u00e7ude em Fronteiras - Portal Not\u00edcia em Pauta\",\"isPartOf\":{\"@id\":\"https:\/\/noticiaempauta.com\/portal\/#website\"},\"primaryImageOfPage\":{\"@id\":\"https:\/\/noticiaempauta.com\/portal\/homem-desaparece-apos-saltar-de-escadaria-em-acude-em-fronteiras\/#primaryimage\"},\"image\":{\"@id\":\"https:\/\/noticiaempauta.com\/portal\/homem-desaparece-apos-saltar-de-escadaria-em-acude-em-fronteiras\/#primaryimage\"},\"thumbnailUrl\":\"https:\/\/noticiaempauta.com\/portal\/wp-content\/uploads\/2026\/04\/escadaria-acude-fronteiras-ok1-1.webp\",\"datePublished\":\"2026-04-27T11:41:34+00:00\",\"dateModified\":\"2026-04-27T11:41:36+00:00\",\"breadcrumb\":{\"@id\":\"https:\/\/noticiaempauta.com\/portal\/homem-desaparece-apos-saltar-de-escadaria-em-acude-em-fronteiras\/#breadcrumb\"},\"inLanguage\":\"pt-BR\",\"potentialAction\":[{\"@type\":\"ReadAction\",\"target\":[\"https:\/\/noticiaempauta.com\/portal\/homem-desaparece-apos-saltar-de-escadaria-em-acude-em-fronteiras\/\"]}]},{\"@type\":\"ImageObject\",\"inLanguage\":\"pt-BR\",\"@id\":\"https:\/\/noticiaempauta.com\/portal\/homem-desaparece-apos-saltar-de-escadaria-em-acude-em-fronteiras\/#primaryimage\",\"url\":\"https:\/\/noticiaempauta.com\/portal\/wp-content\/uploads\/2026\/04\/escadaria-acude-fronteiras-ok1-1.webp\",\"contentUrl\":\"https:\/\/noticiaempauta.com\/portal\/wp-content\/uploads\/2026\/04\/escadaria-acude-fronteiras-ok1-1.webp\",\"width\":362,\"height\":346},{\"@type\":\"BreadcrumbList\",\"@id\":\"https:\/\/noticiaempauta.com\/portal\/homem-desaparece-apos-saltar-de-escadaria-em-acude-em-fronteiras\/#breadcrumb\",\"itemListElement\":[{\"@type\":\"ListItem\",\"position\":1,\"name\":\"P\u00e1gina Inicial\",\"item\":\"https:\/\/noticiaempauta.com\/portal\/\"},{\"@type\":\"ListItem\",\"position\":2,\"name\":\"Destaques\",\"item\":\"https:\/\/noticiaempauta.com\/portal\/destaques-site\/\"},{\"@type\":\"ListItem\",\"position\":3,\"name\":\"Homem desaparece ap\u00f3s saltar de escadaria em a\u00e7ude em Fronteiras\"}]},{\"@type\":\"WebSite\",\"@id\":\"https:\/\/noticiaempauta.com\/portal\/#website\",\"url\":\"https:\/\/noticiaempauta.com\/portal\/\",\"name\":\"Portal Not\u00edcia em Pauta\",\"description\":\"Voc\u00ea bem informado\",\"publisher\":{\"@id\":\"https:\/\/noticiaempauta.com\/portal\/#organization\"},\"potentialAction\":[{\"@type\":\"SearchAction\",\"target\":{\"@type\":\"EntryPoint\",\"urlTemplate\":\"https:\/\/noticiaempauta.com\/portal\/?s={search_term_string}\"},\"query-input\":{\"@type\":\"PropertyValueSpecification\",\"valueRequired\":true,\"valueName\":\"search_term_string\"}}],\"inLanguage\":\"pt-BR\"},{\"@type\":\"Organization\",\"@id\":\"https:\/\/noticiaempauta.com\/portal\/#organization\",\"name\":\"Portal Not\u00edcia em Pauta\",\"url\":\"https:\/\/noticiaempauta.com\/portal\/\",\"logo\":{\"@type\":\"ImageObject\",\"inLanguage\":\"pt-BR\",\"@id\":\"https:\/\/noticiaempauta.com\/portal\/#\/schema\/logo\/image\/\",\"url\":\"https:\/\/noticiaempauta.com\/portal\/wp-content\/uploads\/2022\/08\/logomarca_tema.fw_.png\",\"contentUrl\":\"https:\/\/noticiaempauta.com\/portal\/wp-content\/uploads\/2022\/08\/logomarca_tema.fw_.png\",\"width\":400,\"height\":232,\"caption\":\"Portal Not\u00edcia em Pauta\"},\"image\":{\"@id\":\"https:\/\/noticiaempauta.com\/portal\/#\/schema\/logo\/image\/\"},\"sameAs\":[\"https:\/\/www.facebook.com\/Portal-Notcia-Em-Pauta-102292869264820\/\",\"https:\/\/www.instagram.com\/portalnoticiaempauta\/\"]},{\"@type\":\"Person\",\"@id\":\"https:\/\/noticiaempauta.com\/portal\/#\/schema\/person\/a74af43dd1ab3deca45f988c717d57ac\",\"name\":\"Reda\u00e7\u00e3o\",\"image\":{\"@type\":\"ImageObject\",\"inLanguage\":\"pt-BR\",\"@id\":\"https:\/\/noticiaempauta.com\/portal\/#\/schema\/person\/image\/\",\"url\":\"https:\/\/secure.gravatar.com\/avatar\/03179346ecce6cdfc13361603e8f54242a90e5cde8618fa23c5c00aa2b0aadf3?s=96&d=mm&r=g\",\"contentUrl\":\"https:\/\/secure.gravatar.com\/avatar\/03179346ecce6cdfc13361603e8f54242a90e5cde8618fa23c5c00aa2b0aadf3?s=96&d=mm&r=g\",\"caption\":\"Reda\u00e7\u00e3o\"},\"sameAs\":[\"https:\/\/noticiaempauta.com\/portal\/\"],\"url\":\"https:\/\/noticiaempauta.com\/portal\/author\/fernando\/\"}]}<\/script>\n<!-- \/ Yoast SEO Premium plugin. -->","yoast_head_json":{"title":"Homem desaparece ap\u00f3s saltar de escadaria em a\u00e7ude em Fronteiras - Portal Not\u00edcia em Pauta","robots":{"index":"index","follow":"follow","max-snippet":"max-snippet:-1","max-image-preview":"max-image-preview:large","max-video-preview":"max-video-preview:-1"},"canonical":"https:\/\/noticiaempauta.com\/portal\/homem-desaparece-apos-saltar-de-escadaria-em-acude-em-fronteiras\/","og_locale":"pt_BR","og_type":"article","og_title":"Homem desaparece ap\u00f3s saltar de escadaria em a\u00e7ude em Fronteiras","og_description":"Um homem identificado apenas como Rafael desapareceu na tarde de domingo (26) ap\u00f3s pular da parte mais alta da galeria de um a\u00e7ude no munic\u00edpio de Fronteiras. Segundo populares que estavam no local, o homem\u00a0saltou na \u00e1gua e n\u00e3o retornou \u00e0 superf\u00edcie, o que gerou preocupa\u00e7\u00e3o imediata. Moradores acionaram rapidamente os servi\u00e7os de sa\u00fade e [&hellip;]","og_url":"https:\/\/noticiaempauta.com\/portal\/homem-desaparece-apos-saltar-de-escadaria-em-acude-em-fronteiras\/","og_site_name":"Portal Not\u00edcia em Pauta","article_publisher":"https:\/\/www.facebook.com\/Portal-Notcia-Em-Pauta-102292869264820\/","article_published_time":"2026-04-27T11:41:34+00:00","article_modified_time":"2026-04-27T11:41:36+00:00","og_image":[{"width":362,"height":346,"url":"https:\/\/noticiaempauta.com\/portal\/wp-content\/uploads\/2026\/04\/escadaria-acude-fronteiras-ok1-1.webp","type":"image\/webp"}],"author":"Reda\u00e7\u00e3o","twitter_card":"summary_large_image","twitter_misc":{"Escrito por":"Reda\u00e7\u00e3o","Est. tempo de leitura":"1 minuto"},"schema":{"@context":"https:\/\/schema.org","@graph":[{"@type":"Article","@id":"https:\/\/noticiaempauta.com\/portal\/homem-desaparece-apos-saltar-de-escadaria-em-acude-em-fronteiras\/#article","isPartOf":{"@id":"https:\/\/noticiaempauta.com\/portal\/homem-desaparece-apos-saltar-de-escadaria-em-acude-em-fronteiras\/"},"author":{"name":"Reda\u00e7\u00e3o","@id":"https:\/\/noticiaempauta.com\/portal\/#\/schema\/person\/a74af43dd1ab3deca45f988c717d57ac"},"headline":"Homem desaparece ap\u00f3s saltar de escadaria em a\u00e7ude em Fronteiras","datePublished":"2026-04-27T11:41:34+00:00","dateModified":"2026-04-27T11:41:36+00:00","mainEntityOfPage":{"@id":"https:\/\/noticiaempauta.com\/portal\/homem-desaparece-apos-saltar-de-escadaria-em-acude-em-fronteiras\/"},"wordCount":127,"publisher":{"@id":"https:\/\/noticiaempauta.com\/portal\/#organization"},"image":{"@id":"https:\/\/noticiaempauta.com\/portal\/homem-desaparece-apos-saltar-de-escadaria-em-acude-em-fronteiras\/#primaryimage"},"thumbnailUrl":"https:\/\/noticiaempauta.com\/portal\/wp-content\/uploads\/2026\/04\/escadaria-acude-fronteiras-ok1-1.webp","keywords":["destaqueprincipal"],"articleSection":["Destaques","Geral","Todas as Not\u00edcias"],"inLanguage":"pt-BR"},{"@type":"WebPage","@id":"https:\/\/noticiaempauta.com\/portal\/homem-desaparece-apos-saltar-de-escadaria-em-acude-em-fronteiras\/","url":"https:\/\/noticiaempauta.com\/portal\/homem-desaparece-apos-saltar-de-escadaria-em-acude-em-fronteiras\/","name":"Homem desaparece ap\u00f3s saltar de escadaria em a\u00e7ude em Fronteiras - Portal Not\u00edcia em Pauta","isPartOf":{"@id":"https:\/\/noticiaempauta.com\/portal\/#website"},"primaryImageOfPage":{"@id":"https:\/\/noticiaempauta.com\/portal\/homem-desaparece-apos-saltar-de-escadaria-em-acude-em-fronteiras\/#primaryimage"},"image":{"@id":"https:\/\/noticiaempauta.com\/portal\/homem-desaparece-apos-saltar-de-escadaria-em-acude-em-fronteiras\/#primaryimage"},"thumbnailUrl":"https:\/\/noticiaempauta.com\/portal\/wp-content\/uploads\/2026\/04\/escadaria-acude-fronteiras-ok1-1.webp","datePublished":"2026-04-27T11:41:34+00:00","dateModified":"2026-04-27T11:41:36+00:00","breadcrumb":{"@id":"https:\/\/noticiaempauta.com\/portal\/homem-desaparece-apos-saltar-de-escadaria-em-acude-em-fronteiras\/#breadcrumb"},"inLanguage":"pt-BR","potentialAction":[{"@type":"ReadAction","target":["https:\/\/noticiaempauta.com\/portal\/homem-desaparece-apos-saltar-de-escadaria-em-acude-em-fronteiras\/"]}]},{"@type":"ImageObject","inLanguage":"pt-BR","@id":"https:\/\/noticiaempauta.com\/portal\/homem-desaparece-apos-saltar-de-escadaria-em-acude-em-fronteiras\/#primaryimage","url":"https:\/\/noticiaempauta.com\/portal\/wp-content\/uploads\/2026\/04\/escadaria-acude-fronteiras-ok1-1.webp","contentUrl":"https:\/\/noticiaempauta.com\/portal\/wp-content\/uploads\/2026\/04\/escadaria-acude-fronteiras-ok1-1.webp","width":362,"height":346},{"@type":"BreadcrumbList","@id":"https:\/\/noticiaempauta.com\/portal\/homem-desaparece-apos-saltar-de-escadaria-em-acude-em-fronteiras\/#breadcrumb","itemListElement":[{"@type":"ListItem","position":1,"name":"P\u00e1gina Inicial","item":"https:\/\/noticiaempauta.com\/portal\/"},{"@type":"ListItem","position":2,"name":"Destaques","item":"https:\/\/noticiaempauta.com\/portal\/destaques-site\/"},{"@type":"ListItem","position":3,"name":"Homem desaparece ap\u00f3s saltar de escadaria em a\u00e7ude em Fronteiras"}]},{"@type":"WebSite","@id":"https:\/\/noticiaempauta.com\/portal\/#website","url":"https:\/\/noticiaempauta.com\/portal\/","name":"Portal Not\u00edcia em Pauta","description":"Voc\u00ea bem informado","publisher":{"@id":"https:\/\/noticiaempauta.com\/portal\/#organization"},"potentialAction":[{"@type":"SearchAction","target":{"@type":"EntryPoint","urlTemplate":"https:\/\/noticiaempauta.com\/portal\/?s={search_term_string}"},"query-input":{"@type":"PropertyValueSpecification","valueRequired":true,"valueName":"search_term_string"}}],"inLanguage":"pt-BR"},{"@type":"Organization","@id":"https:\/\/noticiaempauta.com\/portal\/#organization","name":"Portal Not\u00edcia em Pauta","url":"https:\/\/noticiaempauta.com\/portal\/","logo":{"@type":"ImageObject","inLanguage":"pt-BR","@id":"https:\/\/noticiaempauta.com\/portal\/#\/schema\/logo\/image\/","url":"https:\/\/noticiaempauta.com\/portal\/wp-content\/uploads\/2022\/08\/logomarca_tema.fw_.png","contentUrl":"https:\/\/noticiaempauta.com\/portal\/wp-content\/uploads\/2022\/08\/logomarca_tema.fw_.png","width":400,"height":232,"caption":"Portal Not\u00edcia em Pauta"},"image":{"@id":"https:\/\/noticiaempauta.com\/portal\/#\/schema\/logo\/image\/"},"sameAs":["https:\/\/www.facebook.com\/Portal-Notcia-Em-Pauta-102292869264820\/","https:\/\/www.instagram.com\/portalnoticiaempauta\/"]},{"@type":"Person","@id":"https:\/\/noticiaempauta.com\/portal\/#\/schema\/person\/a74af43dd1ab3deca45f988c717d57ac","name":"Reda\u00e7\u00e3o","image":{"@type":"ImageObject","inLanguage":"pt-BR","@id":"https:\/\/noticiaempauta.com\/portal\/#\/schema\/person\/image\/","url":"https:\/\/secure.gravatar.com\/avatar\/03179346ecce6cdfc13361603e8f54242a90e5cde8618fa23c5c00aa2b0aadf3?s=96&d=mm&r=g","contentUrl":"https:\/\/secure.gravatar.com\/avatar\/03179346ecce6cdfc13361603e8f54242a90e5cde8618fa23c5c00aa2b0aadf3?s=96&d=mm&r=g","caption":"Reda\u00e7\u00e3o"},"sameAs":["https:\/\/noticiaempauta.com\/portal\/"],"url":"https:\/\/noticiaempauta.com\/portal\/author\/fernando\/"}]}},"_links":{"self":[{"href":"https:\/\/noticiaempauta.com\/portal\/wp-json\/wp\/v2\/posts\/287973","targetHints":{"allow":["GET"]}}],"collection":[{"href":"https:\/\/noticiaempauta.com\/portal\/wp-json\/wp\/v2\/posts"}],"about":[{"href":"https:\/\/noticiaempauta.com\/portal\/wp-json\/wp\/v2\/types\/post"}],"author":[{"embeddable":true,"href":"https:\/\/noticiaempauta.com\/portal\/wp-json\/wp\/v2\/users\/2"}],"replies":[{"embeddable":true,"href":"https:\/\/noticiaempauta.com\/portal\/wp-json\/wp\/v2\/comments?post=287973"}],"version-history":[{"count":2,"href":"https:\/\/noticiaempauta.com\/portal\/wp-json\/wp\/v2\/posts\/287973\/revisions"}],"predecessor-version":[{"id":287977,"href":"https:\/\/noticiaempauta.com\/portal\/wp-json\/wp\/v2\/posts\/287973\/revisions\/287977"}],"wp:featuredmedia":[{"embeddable":true,"href":"https:\/\/noticiaempauta.com\/portal\/wp-json\/wp\/v2\/media\/287975"}],"wp:attachment":[{"href":"https:\/\/noticiaempauta.com\/portal\/wp-json\/wp\/v2\/media?parent=287973"}],"wp:term":[{"taxonomy":"category","embeddable":true,"href":"https:\/\/noticiaempauta.com\/portal\/wp-json\/wp\/v2\/categories?post=287973"},{"taxonomy":"post_tag","embeddable":true,"href":"https:\/\/noticiaempauta.com\/portal\/wp-json\/wp\/v2\/tags?post=287973"}],"curies":[{"name":"wp","href":"https:\/\/api.w.org\/{rel}","templated":true}]}}