{"id":287978,"date":"2026-04-27T08:51:31","date_gmt":"2026-04-27T11:51:31","guid":{"rendered":"https:\/\/noticiaempauta.com\/portal\/?p=287978"},"modified":"2026-04-27T08:51:33","modified_gmt":"2026-04-27T11:51:33","slug":"secretario-alerta-para-crescimento-da-dengue-e-reforca-prevencao-no-piaui","status":"publish","type":"post","link":"https:\/\/noticiaempauta.com\/portal\/secretario-alerta-para-crescimento-da-dengue-e-reforca-prevencao-no-piaui\/","title":{"rendered":"Secret\u00e1rio alerta para crescimento da dengue e refor\u00e7a preven\u00e7\u00e3o no Piau\u00ed"},"content":{"rendered":"\n<p>O secret\u00e1rio de Estado da Sa\u00fade do Piau\u00ed, Dirceu Camp\u00ealo, alertou a popula\u00e7\u00e3o para a necessidade de intensificar medidas de preven\u00e7\u00e3o contra a dengue, diante do cen\u00e1rio de aumento de casos em algumas regi\u00f5es do estado. O apelo ocorre no fim do per\u00edodo chuvoso, considerado cr\u00edtico para a prolifera\u00e7\u00e3o do mosquito transmissor. Somente em Parna\u00edba,\u00a0teve um aumento de 470%.<\/p>\n\n\n\n<figure class=\"wp-block-image size-large\"><img fetchpriority=\"high\" decoding=\"async\" width=\"1024\" height=\"682\" src=\"https:\/\/noticiaempauta.com\/portal\/wp-content\/uploads\/2026\/04\/698a3ff5-f00f-4bee-83ab-822a1436fea9-1024x682.webp\" alt=\"\" class=\"wp-image-287979\" srcset=\"https:\/\/noticiaempauta.com\/portal\/wp-content\/uploads\/2026\/04\/698a3ff5-f00f-4bee-83ab-822a1436fea9-1024x682.webp 1024w, https:\/\/noticiaempauta.com\/portal\/wp-content\/uploads\/2026\/04\/698a3ff5-f00f-4bee-83ab-822a1436fea9-300x200.webp 300w, https:\/\/noticiaempauta.com\/portal\/wp-content\/uploads\/2026\/04\/698a3ff5-f00f-4bee-83ab-822a1436fea9-768x512.webp 768w, https:\/\/noticiaempauta.com\/portal\/wp-content\/uploads\/2026\/04\/698a3ff5-f00f-4bee-83ab-822a1436fea9-1536x1023.webp 1536w, https:\/\/noticiaempauta.com\/portal\/wp-content\/uploads\/2026\/04\/698a3ff5-f00f-4bee-83ab-822a1436fea9.webp 1600w\" sizes=\"(max-width: 1024px) 100vw, 1024px\" \/><figcaption class=\"wp-element-caption\"><em>Foto: Renato Andrade\/ Cidade Verde<\/em><\/figcaption><\/figure>\n\n\n\n<p>Ao comentar a situa\u00e7\u00e3o, o gestor destacou que, embora os indicadores locais ainda sejam inferiores aos de outros estados, o momento exige aten\u00e7\u00e3o redobrada.<\/p>\n\n\n\n<p>\u201cA gente tem indicadores at\u00e9 menores do que outros estados, mas isso nos d\u00e1 o alerta de que esse \u00e9 o momento ideal para evitar aumento desses indicadores, aumento da incid\u00eancia de dengue, para a gente atuar na preven\u00e7\u00e3o junto aos munic\u00edpios. A popula\u00e7\u00e3o \u00e9 a grande protagonista desse cen\u00e1rio, mantendo a\u00e7\u00f5es simples como evitar \u00e1gua parada e eliminar criadouros do mosquito\u201d, afirmou.<\/p>\n\n\n\n<p>Dados do Painel de Monitoramento das Arboviroses do Minist\u00e9rio da Sa\u00fade mostram que, em abril de 2026,\u00a0o Piau\u00ed registrou 1.464 casos prov\u00e1veis de dengue. No acumulado do ano, s\u00e3o 5.454 casos prov\u00e1veis, com um \u00f3bito confirmado. O coeficiente de incid\u00eancia est\u00e1 em 161,1, com letalidade de 0,02% nos casos prov\u00e1veis e 1,82% nos casos graves.<\/p>\n\n\n\n<p>A\u00a0preocupa\u00e7\u00e3o maior, segundo o secret\u00e1rio, est\u00e1 concentrada na regi\u00e3o da Serra da Capivara, especialmente em S\u00e3o Raimundo Nonato, onde houve aumento recente de casos.\u00a0\u201cAo longo das \u00faltimas duas semanas, a regi\u00e3o que tem maior incid\u00eancia \u00e9 a de S\u00e3o Raimundo Nonato e munic\u00edpios pr\u00f3ximos. As equipes refor\u00e7aram o atendimento nas unidades b\u00e1sicas de sa\u00fade, al\u00e9m do suporte da UPA e do hospital estadual para os casos que necessitam de interna\u00e7\u00e3o\u201d, explicou.<\/p>\n\n\n\n<p>No munic\u00edpio, a Secretaria de Estado da Sa\u00fade iniciou uma for\u00e7a-tarefa para conter o avan\u00e7o da doen\u00e7a. T\u00e9cnicos das \u00e1reas de vigil\u00e2ncia ambiental e epidemiol\u00f3gica foram enviados para refor\u00e7ar o monitoramento, orientar profissionais de sa\u00fade e intensificar o combate aos focos do mosquito. A a\u00e7\u00e3o inclui ainda investiga\u00e7\u00e3o de um \u00f3bito suspeito em Bonfim do Piau\u00ed e apoio na elabora\u00e7\u00e3o de planos de conting\u00eancia nos munic\u00edpios da regi\u00e3o.<\/p>\n\n\n\n<p>Outro ponto de aten\u00e7\u00e3o \u00e9\u00a0Parna\u00edba, no litoral do estado, onde foi registrado um crescimento expressivo dos casos.\u00a0Na Semana Epidemiol\u00f3gica 16, entre os dias 12 e 18 de abril, o aumento foi de cerca de 470% em rela\u00e7\u00e3o ao mesmo per\u00edodo do ano passado. Em 2026, o munic\u00edpio contabiliza 169 casos prov\u00e1veis e 136 confirmados, enquanto em 2025 haviam sido registrados 30 casos prov\u00e1veis e 29 confirmados.<\/p>\n\n\n\n<p>Diante desse cen\u00e1rio, a Secretaria de Sa\u00fade refor\u00e7a que a principal estrat\u00e9gia continua sendo a preven\u00e7\u00e3o. A orienta\u00e7\u00e3o \u00e9 eliminar recipientes que possam acumular \u00e1gua, manter caixas d\u2019\u00e1gua fechadas, limpar calhas e evitar o descarte irregular de lixo. A recomenda\u00e7\u00e3o \u00e9 que a popula\u00e7\u00e3o procure atendimento ao apresentar sintomas como febre, dores no corpo e manchas na pele, para diagn\u00f3stico e acompanhamento adequados.<\/p>\n\n\n\n<p><strong>Fonte: Cidade Verde<\/strong><\/p>\n","protected":false},"excerpt":{"rendered":"<p>O secret\u00e1rio de Estado da Sa\u00fade do Piau\u00ed, Dirceu Camp\u00ealo, alertou a popula\u00e7\u00e3o para a necessidade de intensificar medidas de preven\u00e7\u00e3o contra a dengue, diante do cen\u00e1rio de aumento de casos em algumas regi\u00f5es do estado. O apelo ocorre no fim do per\u00edodo chuvoso, considerado cr\u00edtico para a prolifera\u00e7\u00e3o do mosquito transmissor. Somente em Parna\u00edba,\u00a0teve [&hellip;]<\/p>\n","protected":false},"author":2,"featured_media":287979,"comment_status":"closed","ping_status":"closed","sticky":false,"template":"","format":"standard","meta":{"_mi_skip_tracking":false,"footnotes":""},"categories":[25,1,9,5,16],"tags":[192],"class_list":["post-287978","post","type-post","status-publish","format-standard","has-post-thumbnail","hentry","category-destaques-site","category-geral","category-municipios","category-saude","category-todas","tag-destaqueprincipal"],"acf":[],"yoast_head":"<!-- This site is optimized with the Yoast SEO Premium plugin v19.2 (Yoast SEO v26.9) - https:\/\/yoast.com\/product\/yoast-seo-premium-wordpress\/ -->\n<title>Secret\u00e1rio alerta para crescimento da dengue e refor\u00e7a preven\u00e7\u00e3o no Piau\u00ed - Portal Not\u00edcia em Pauta<\/title>\n<meta name=\"robots\" content=\"index, follow, max-snippet:-1, max-image-preview:large, max-video-preview:-1\" \/>\n<link rel=\"canonical\" href=\"https:\/\/noticiaempauta.com\/portal\/secretario-alerta-para-crescimento-da-dengue-e-reforca-prevencao-no-piaui\/\" \/>\n<meta property=\"og:locale\" content=\"pt_BR\" \/>\n<meta property=\"og:type\" content=\"article\" \/>\n<meta property=\"og:title\" content=\"Secret\u00e1rio alerta para crescimento da dengue e refor\u00e7a preven\u00e7\u00e3o no Piau\u00ed\" \/>\n<meta property=\"og:description\" content=\"O secret\u00e1rio de Estado da Sa\u00fade do Piau\u00ed, Dirceu Camp\u00ealo, alertou a popula\u00e7\u00e3o para a necessidade de intensificar medidas de preven\u00e7\u00e3o contra a dengue, diante do cen\u00e1rio de aumento de casos em algumas regi\u00f5es do estado. O apelo ocorre no fim do per\u00edodo chuvoso, considerado cr\u00edtico para a prolifera\u00e7\u00e3o do mosquito transmissor. Somente em Parna\u00edba,\u00a0teve [&hellip;]\" \/>\n<meta property=\"og:url\" content=\"https:\/\/noticiaempauta.com\/portal\/secretario-alerta-para-crescimento-da-dengue-e-reforca-prevencao-no-piaui\/\" \/>\n<meta property=\"og:site_name\" content=\"Portal Not\u00edcia em Pauta\" \/>\n<meta property=\"article:publisher\" content=\"https:\/\/www.facebook.com\/Portal-Notcia-Em-Pauta-102292869264820\/\" \/>\n<meta property=\"article:published_time\" content=\"2026-04-27T11:51:31+00:00\" \/>\n<meta property=\"article:modified_time\" content=\"2026-04-27T11:51:33+00:00\" \/>\n<meta property=\"og:image\" content=\"https:\/\/noticiaempauta.com\/portal\/wp-content\/uploads\/2026\/04\/698a3ff5-f00f-4bee-83ab-822a1436fea9.webp\" \/>\n\t<meta property=\"og:image:width\" content=\"1600\" \/>\n\t<meta property=\"og:image:height\" content=\"1066\" \/>\n\t<meta property=\"og:image:type\" content=\"image\/webp\" \/>\n<meta name=\"author\" content=\"Reda\u00e7\u00e3o\" \/>\n<meta name=\"twitter:card\" content=\"summary_large_image\" \/>\n<meta name=\"twitter:label1\" content=\"Escrito por\" \/>\n\t<meta name=\"twitter:data1\" content=\"Reda\u00e7\u00e3o\" \/>\n\t<meta name=\"twitter:label2\" content=\"Est. tempo de leitura\" \/>\n\t<meta name=\"twitter:data2\" content=\"4 minutos\" \/>\n<script type=\"application\/ld+json\" class=\"yoast-schema-graph\">{\"@context\":\"https:\/\/schema.org\",\"@graph\":[{\"@type\":\"Article\",\"@id\":\"https:\/\/noticiaempauta.com\/portal\/secretario-alerta-para-crescimento-da-dengue-e-reforca-prevencao-no-piaui\/#article\",\"isPartOf\":{\"@id\":\"https:\/\/noticiaempauta.com\/portal\/secretario-alerta-para-crescimento-da-dengue-e-reforca-prevencao-no-piaui\/\"},\"author\":{\"name\":\"Reda\u00e7\u00e3o\",\"@id\":\"https:\/\/noticiaempauta.com\/portal\/#\/schema\/person\/a74af43dd1ab3deca45f988c717d57ac\"},\"headline\":\"Secret\u00e1rio alerta para crescimento da dengue e refor\u00e7a preven\u00e7\u00e3o no Piau\u00ed\",\"datePublished\":\"2026-04-27T11:51:31+00:00\",\"dateModified\":\"2026-04-27T11:51:33+00:00\",\"mainEntityOfPage\":{\"@id\":\"https:\/\/noticiaempauta.com\/portal\/secretario-alerta-para-crescimento-da-dengue-e-reforca-prevencao-no-piaui\/\"},\"wordCount\":548,\"publisher\":{\"@id\":\"https:\/\/noticiaempauta.com\/portal\/#organization\"},\"image\":{\"@id\":\"https:\/\/noticiaempauta.com\/portal\/secretario-alerta-para-crescimento-da-dengue-e-reforca-prevencao-no-piaui\/#primaryimage\"},\"thumbnailUrl\":\"https:\/\/noticiaempauta.com\/portal\/wp-content\/uploads\/2026\/04\/698a3ff5-f00f-4bee-83ab-822a1436fea9.webp\",\"keywords\":[\"destaqueprincipal\"],\"articleSection\":[\"Destaques\",\"Geral\",\"Munic\u00edpios\",\"Sa\u00fade\",\"Todas as Not\u00edcias\"],\"inLanguage\":\"pt-BR\"},{\"@type\":\"WebPage\",\"@id\":\"https:\/\/noticiaempauta.com\/portal\/secretario-alerta-para-crescimento-da-dengue-e-reforca-prevencao-no-piaui\/\",\"url\":\"https:\/\/noticiaempauta.com\/portal\/secretario-alerta-para-crescimento-da-dengue-e-reforca-prevencao-no-piaui\/\",\"name\":\"Secret\u00e1rio alerta para crescimento da dengue e refor\u00e7a preven\u00e7\u00e3o no Piau\u00ed - Portal Not\u00edcia em Pauta\",\"isPartOf\":{\"@id\":\"https:\/\/noticiaempauta.com\/portal\/#website\"},\"primaryImageOfPage\":{\"@id\":\"https:\/\/noticiaempauta.com\/portal\/secretario-alerta-para-crescimento-da-dengue-e-reforca-prevencao-no-piaui\/#primaryimage\"},\"image\":{\"@id\":\"https:\/\/noticiaempauta.com\/portal\/secretario-alerta-para-crescimento-da-dengue-e-reforca-prevencao-no-piaui\/#primaryimage\"},\"thumbnailUrl\":\"https:\/\/noticiaempauta.com\/portal\/wp-content\/uploads\/2026\/04\/698a3ff5-f00f-4bee-83ab-822a1436fea9.webp\",\"datePublished\":\"2026-04-27T11:51:31+00:00\",\"dateModified\":\"2026-04-27T11:51:33+00:00\",\"breadcrumb\":{\"@id\":\"https:\/\/noticiaempauta.com\/portal\/secretario-alerta-para-crescimento-da-dengue-e-reforca-prevencao-no-piaui\/#breadcrumb\"},\"inLanguage\":\"pt-BR\",\"potentialAction\":[{\"@type\":\"ReadAction\",\"target\":[\"https:\/\/noticiaempauta.com\/portal\/secretario-alerta-para-crescimento-da-dengue-e-reforca-prevencao-no-piaui\/\"]}]},{\"@type\":\"ImageObject\",\"inLanguage\":\"pt-BR\",\"@id\":\"https:\/\/noticiaempauta.com\/portal\/secretario-alerta-para-crescimento-da-dengue-e-reforca-prevencao-no-piaui\/#primaryimage\",\"url\":\"https:\/\/noticiaempauta.com\/portal\/wp-content\/uploads\/2026\/04\/698a3ff5-f00f-4bee-83ab-822a1436fea9.webp\",\"contentUrl\":\"https:\/\/noticiaempauta.com\/portal\/wp-content\/uploads\/2026\/04\/698a3ff5-f00f-4bee-83ab-822a1436fea9.webp\",\"width\":1600,\"height\":1066},{\"@type\":\"BreadcrumbList\",\"@id\":\"https:\/\/noticiaempauta.com\/portal\/secretario-alerta-para-crescimento-da-dengue-e-reforca-prevencao-no-piaui\/#breadcrumb\",\"itemListElement\":[{\"@type\":\"ListItem\",\"position\":1,\"name\":\"P\u00e1gina Inicial\",\"item\":\"https:\/\/noticiaempauta.com\/portal\/\"},{\"@type\":\"ListItem\",\"position\":2,\"name\":\"Destaques\",\"item\":\"https:\/\/noticiaempauta.com\/portal\/destaques-site\/\"},{\"@type\":\"ListItem\",\"position\":3,\"name\":\"Secret\u00e1rio alerta para crescimento da dengue e refor\u00e7a preven\u00e7\u00e3o no Piau\u00ed\"}]},{\"@type\":\"WebSite\",\"@id\":\"https:\/\/noticiaempauta.com\/portal\/#website\",\"url\":\"https:\/\/noticiaempauta.com\/portal\/\",\"name\":\"Portal Not\u00edcia em Pauta\",\"description\":\"Voc\u00ea bem informado\",\"publisher\":{\"@id\":\"https:\/\/noticiaempauta.com\/portal\/#organization\"},\"potentialAction\":[{\"@type\":\"SearchAction\",\"target\":{\"@type\":\"EntryPoint\",\"urlTemplate\":\"https:\/\/noticiaempauta.com\/portal\/?s={search_term_string}\"},\"query-input\":{\"@type\":\"PropertyValueSpecification\",\"valueRequired\":true,\"valueName\":\"search_term_string\"}}],\"inLanguage\":\"pt-BR\"},{\"@type\":\"Organization\",\"@id\":\"https:\/\/noticiaempauta.com\/portal\/#organization\",\"name\":\"Portal Not\u00edcia em Pauta\",\"url\":\"https:\/\/noticiaempauta.com\/portal\/\",\"logo\":{\"@type\":\"ImageObject\",\"inLanguage\":\"pt-BR\",\"@id\":\"https:\/\/noticiaempauta.com\/portal\/#\/schema\/logo\/image\/\",\"url\":\"https:\/\/noticiaempauta.com\/portal\/wp-content\/uploads\/2022\/08\/logomarca_tema.fw_.png\",\"contentUrl\":\"https:\/\/noticiaempauta.com\/portal\/wp-content\/uploads\/2022\/08\/logomarca_tema.fw_.png\",\"width\":400,\"height\":232,\"caption\":\"Portal Not\u00edcia em Pauta\"},\"image\":{\"@id\":\"https:\/\/noticiaempauta.com\/portal\/#\/schema\/logo\/image\/\"},\"sameAs\":[\"https:\/\/www.facebook.com\/Portal-Notcia-Em-Pauta-102292869264820\/\",\"https:\/\/www.instagram.com\/portalnoticiaempauta\/\"]},{\"@type\":\"Person\",\"@id\":\"https:\/\/noticiaempauta.com\/portal\/#\/schema\/person\/a74af43dd1ab3deca45f988c717d57ac\",\"name\":\"Reda\u00e7\u00e3o\",\"image\":{\"@type\":\"ImageObject\",\"inLanguage\":\"pt-BR\",\"@id\":\"https:\/\/noticiaempauta.com\/portal\/#\/schema\/person\/image\/\",\"url\":\"https:\/\/secure.gravatar.com\/avatar\/03179346ecce6cdfc13361603e8f54242a90e5cde8618fa23c5c00aa2b0aadf3?s=96&d=mm&r=g\",\"contentUrl\":\"https:\/\/secure.gravatar.com\/avatar\/03179346ecce6cdfc13361603e8f54242a90e5cde8618fa23c5c00aa2b0aadf3?s=96&d=mm&r=g\",\"caption\":\"Reda\u00e7\u00e3o\"},\"sameAs\":[\"https:\/\/noticiaempauta.com\/portal\/\"],\"url\":\"https:\/\/noticiaempauta.com\/portal\/author\/fernando\/\"}]}<\/script>\n<!-- \/ Yoast SEO Premium plugin. -->","yoast_head_json":{"title":"Secret\u00e1rio alerta para crescimento da dengue e refor\u00e7a preven\u00e7\u00e3o no Piau\u00ed - Portal Not\u00edcia em Pauta","robots":{"index":"index","follow":"follow","max-snippet":"max-snippet:-1","max-image-preview":"max-image-preview:large","max-video-preview":"max-video-preview:-1"},"canonical":"https:\/\/noticiaempauta.com\/portal\/secretario-alerta-para-crescimento-da-dengue-e-reforca-prevencao-no-piaui\/","og_locale":"pt_BR","og_type":"article","og_title":"Secret\u00e1rio alerta para crescimento da dengue e refor\u00e7a preven\u00e7\u00e3o no Piau\u00ed","og_description":"O secret\u00e1rio de Estado da Sa\u00fade do Piau\u00ed, Dirceu Camp\u00ealo, alertou a popula\u00e7\u00e3o para a necessidade de intensificar medidas de preven\u00e7\u00e3o contra a dengue, diante do cen\u00e1rio de aumento de casos em algumas regi\u00f5es do estado. O apelo ocorre no fim do per\u00edodo chuvoso, considerado cr\u00edtico para a prolifera\u00e7\u00e3o do mosquito transmissor. Somente em Parna\u00edba,\u00a0teve [&hellip;]","og_url":"https:\/\/noticiaempauta.com\/portal\/secretario-alerta-para-crescimento-da-dengue-e-reforca-prevencao-no-piaui\/","og_site_name":"Portal Not\u00edcia em Pauta","article_publisher":"https:\/\/www.facebook.com\/Portal-Notcia-Em-Pauta-102292869264820\/","article_published_time":"2026-04-27T11:51:31+00:00","article_modified_time":"2026-04-27T11:51:33+00:00","og_image":[{"width":1600,"height":1066,"url":"https:\/\/noticiaempauta.com\/portal\/wp-content\/uploads\/2026\/04\/698a3ff5-f00f-4bee-83ab-822a1436fea9.webp","type":"image\/webp"}],"author":"Reda\u00e7\u00e3o","twitter_card":"summary_large_image","twitter_misc":{"Escrito por":"Reda\u00e7\u00e3o","Est. tempo de leitura":"4 minutos"},"schema":{"@context":"https:\/\/schema.org","@graph":[{"@type":"Article","@id":"https:\/\/noticiaempauta.com\/portal\/secretario-alerta-para-crescimento-da-dengue-e-reforca-prevencao-no-piaui\/#article","isPartOf":{"@id":"https:\/\/noticiaempauta.com\/portal\/secretario-alerta-para-crescimento-da-dengue-e-reforca-prevencao-no-piaui\/"},"author":{"name":"Reda\u00e7\u00e3o","@id":"https:\/\/noticiaempauta.com\/portal\/#\/schema\/person\/a74af43dd1ab3deca45f988c717d57ac"},"headline":"Secret\u00e1rio alerta para crescimento da dengue e refor\u00e7a preven\u00e7\u00e3o no Piau\u00ed","datePublished":"2026-04-27T11:51:31+00:00","dateModified":"2026-04-27T11:51:33+00:00","mainEntityOfPage":{"@id":"https:\/\/noticiaempauta.com\/portal\/secretario-alerta-para-crescimento-da-dengue-e-reforca-prevencao-no-piaui\/"},"wordCount":548,"publisher":{"@id":"https:\/\/noticiaempauta.com\/portal\/#organization"},"image":{"@id":"https:\/\/noticiaempauta.com\/portal\/secretario-alerta-para-crescimento-da-dengue-e-reforca-prevencao-no-piaui\/#primaryimage"},"thumbnailUrl":"https:\/\/noticiaempauta.com\/portal\/wp-content\/uploads\/2026\/04\/698a3ff5-f00f-4bee-83ab-822a1436fea9.webp","keywords":["destaqueprincipal"],"articleSection":["Destaques","Geral","Munic\u00edpios","Sa\u00fade","Todas as Not\u00edcias"],"inLanguage":"pt-BR"},{"@type":"WebPage","@id":"https:\/\/noticiaempauta.com\/portal\/secretario-alerta-para-crescimento-da-dengue-e-reforca-prevencao-no-piaui\/","url":"https:\/\/noticiaempauta.com\/portal\/secretario-alerta-para-crescimento-da-dengue-e-reforca-prevencao-no-piaui\/","name":"Secret\u00e1rio alerta para crescimento da dengue e refor\u00e7a preven\u00e7\u00e3o no Piau\u00ed - Portal Not\u00edcia em Pauta","isPartOf":{"@id":"https:\/\/noticiaempauta.com\/portal\/#website"},"primaryImageOfPage":{"@id":"https:\/\/noticiaempauta.com\/portal\/secretario-alerta-para-crescimento-da-dengue-e-reforca-prevencao-no-piaui\/#primaryimage"},"image":{"@id":"https:\/\/noticiaempauta.com\/portal\/secretario-alerta-para-crescimento-da-dengue-e-reforca-prevencao-no-piaui\/#primaryimage"},"thumbnailUrl":"https:\/\/noticiaempauta.com\/portal\/wp-content\/uploads\/2026\/04\/698a3ff5-f00f-4bee-83ab-822a1436fea9.webp","datePublished":"2026-04-27T11:51:31+00:00","dateModified":"2026-04-27T11:51:33+00:00","breadcrumb":{"@id":"https:\/\/noticiaempauta.com\/portal\/secretario-alerta-para-crescimento-da-dengue-e-reforca-prevencao-no-piaui\/#breadcrumb"},"inLanguage":"pt-BR","potentialAction":[{"@type":"ReadAction","target":["https:\/\/noticiaempauta.com\/portal\/secretario-alerta-para-crescimento-da-dengue-e-reforca-prevencao-no-piaui\/"]}]},{"@type":"ImageObject","inLanguage":"pt-BR","@id":"https:\/\/noticiaempauta.com\/portal\/secretario-alerta-para-crescimento-da-dengue-e-reforca-prevencao-no-piaui\/#primaryimage","url":"https:\/\/noticiaempauta.com\/portal\/wp-content\/uploads\/2026\/04\/698a3ff5-f00f-4bee-83ab-822a1436fea9.webp","contentUrl":"https:\/\/noticiaempauta.com\/portal\/wp-content\/uploads\/2026\/04\/698a3ff5-f00f-4bee-83ab-822a1436fea9.webp","width":1600,"height":1066},{"@type":"BreadcrumbList","@id":"https:\/\/noticiaempauta.com\/portal\/secretario-alerta-para-crescimento-da-dengue-e-reforca-prevencao-no-piaui\/#breadcrumb","itemListElement":[{"@type":"ListItem","position":1,"name":"P\u00e1gina Inicial","item":"https:\/\/noticiaempauta.com\/portal\/"},{"@type":"ListItem","position":2,"name":"Destaques","item":"https:\/\/noticiaempauta.com\/portal\/destaques-site\/"},{"@type":"ListItem","position":3,"name":"Secret\u00e1rio alerta para crescimento da dengue e refor\u00e7a preven\u00e7\u00e3o no Piau\u00ed"}]},{"@type":"WebSite","@id":"https:\/\/noticiaempauta.com\/portal\/#website","url":"https:\/\/noticiaempauta.com\/portal\/","name":"Portal Not\u00edcia em Pauta","description":"Voc\u00ea bem informado","publisher":{"@id":"https:\/\/noticiaempauta.com\/portal\/#organization"},"potentialAction":[{"@type":"SearchAction","target":{"@type":"EntryPoint","urlTemplate":"https:\/\/noticiaempauta.com\/portal\/?s={search_term_string}"},"query-input":{"@type":"PropertyValueSpecification","valueRequired":true,"valueName":"search_term_string"}}],"inLanguage":"pt-BR"},{"@type":"Organization","@id":"https:\/\/noticiaempauta.com\/portal\/#organization","name":"Portal Not\u00edcia em Pauta","url":"https:\/\/noticiaempauta.com\/portal\/","logo":{"@type":"ImageObject","inLanguage":"pt-BR","@id":"https:\/\/noticiaempauta.com\/portal\/#\/schema\/logo\/image\/","url":"https:\/\/noticiaempauta.com\/portal\/wp-content\/uploads\/2022\/08\/logomarca_tema.fw_.png","contentUrl":"https:\/\/noticiaempauta.com\/portal\/wp-content\/uploads\/2022\/08\/logomarca_tema.fw_.png","width":400,"height":232,"caption":"Portal Not\u00edcia em Pauta"},"image":{"@id":"https:\/\/noticiaempauta.com\/portal\/#\/schema\/logo\/image\/"},"sameAs":["https:\/\/www.facebook.com\/Portal-Notcia-Em-Pauta-102292869264820\/","https:\/\/www.instagram.com\/portalnoticiaempauta\/"]},{"@type":"Person","@id":"https:\/\/noticiaempauta.com\/portal\/#\/schema\/person\/a74af43dd1ab3deca45f988c717d57ac","name":"Reda\u00e7\u00e3o","image":{"@type":"ImageObject","inLanguage":"pt-BR","@id":"https:\/\/noticiaempauta.com\/portal\/#\/schema\/person\/image\/","url":"https:\/\/secure.gravatar.com\/avatar\/03179346ecce6cdfc13361603e8f54242a90e5cde8618fa23c5c00aa2b0aadf3?s=96&d=mm&r=g","contentUrl":"https:\/\/secure.gravatar.com\/avatar\/03179346ecce6cdfc13361603e8f54242a90e5cde8618fa23c5c00aa2b0aadf3?s=96&d=mm&r=g","caption":"Reda\u00e7\u00e3o"},"sameAs":["https:\/\/noticiaempauta.com\/portal\/"],"url":"https:\/\/noticiaempauta.com\/portal\/author\/fernando\/"}]}},"_links":{"self":[{"href":"https:\/\/noticiaempauta.com\/portal\/wp-json\/wp\/v2\/posts\/287978","targetHints":{"allow":["GET"]}}],"collection":[{"href":"https:\/\/noticiaempauta.com\/portal\/wp-json\/wp\/v2\/posts"}],"about":[{"href":"https:\/\/noticiaempauta.com\/portal\/wp-json\/wp\/v2\/types\/post"}],"author":[{"embeddable":true,"href":"https:\/\/noticiaempauta.com\/portal\/wp-json\/wp\/v2\/users\/2"}],"replies":[{"embeddable":true,"href":"https:\/\/noticiaempauta.com\/portal\/wp-json\/wp\/v2\/comments?post=287978"}],"version-history":[{"count":2,"href":"https:\/\/noticiaempauta.com\/portal\/wp-json\/wp\/v2\/posts\/287978\/revisions"}],"predecessor-version":[{"id":287981,"href":"https:\/\/noticiaempauta.com\/portal\/wp-json\/wp\/v2\/posts\/287978\/revisions\/287981"}],"wp:featuredmedia":[{"embeddable":true,"href":"https:\/\/noticiaempauta.com\/portal\/wp-json\/wp\/v2\/media\/287979"}],"wp:attachment":[{"href":"https:\/\/noticiaempauta.com\/portal\/wp-json\/wp\/v2\/media?parent=287978"}],"wp:term":[{"taxonomy":"category","embeddable":true,"href":"https:\/\/noticiaempauta.com\/portal\/wp-json\/wp\/v2\/categories?post=287978"},{"taxonomy":"post_tag","embeddable":true,"href":"https:\/\/noticiaempauta.com\/portal\/wp-json\/wp\/v2\/tags?post=287978"}],"curies":[{"name":"wp","href":"https:\/\/api.w.org\/{rel}","templated":true}]}}