{"id":287982,"date":"2026-04-27T10:29:21","date_gmt":"2026-04-27T13:29:21","guid":{"rendered":"https:\/\/noticiaempauta.com\/portal\/?p=287982"},"modified":"2026-04-27T10:41:38","modified_gmt":"2026-04-27T13:41:38","slug":"prefeito-dr-wilton-anuncia-reabertura-de-escola-na-zona-rural-de-massape-do-piaui","status":"publish","type":"post","link":"https:\/\/noticiaempauta.com\/portal\/prefeito-dr-wilton-anuncia-reabertura-de-escola-na-zona-rural-de-massape-do-piaui\/","title":{"rendered":"Prefeito Dr. Wilton anuncia reabertura de escola na zona rural de Massap\u00ea do Piau\u00ed"},"content":{"rendered":"\n<p>A Comunidade V\u00e1rzea Bela, em Massap\u00ea do Piau\u00ed, foi palco de uma importante not\u00edcia neste final de semana. O prefeito Dr. Wilton esteve visitando de perto a realidade da escola da localidade, que h\u00e1 anos se encontra desativada.<\/p>\n\n\n\n<figure class=\"wp-block-image size-large\"><img fetchpriority=\"high\" decoding=\"async\" width=\"1024\" height=\"837\" src=\"https:\/\/noticiaempauta.com\/portal\/wp-content\/uploads\/2026\/04\/WhatsApp-Image-2026-04-27-at-10.13.55-1024x837.webp\" alt=\"\" class=\"wp-image-287983\" srcset=\"https:\/\/noticiaempauta.com\/portal\/wp-content\/uploads\/2026\/04\/WhatsApp-Image-2026-04-27-at-10.13.55-1024x837.webp 1024w, https:\/\/noticiaempauta.com\/portal\/wp-content\/uploads\/2026\/04\/WhatsApp-Image-2026-04-27-at-10.13.55-300x245.webp 300w, https:\/\/noticiaempauta.com\/portal\/wp-content\/uploads\/2026\/04\/WhatsApp-Image-2026-04-27-at-10.13.55-768x628.webp 768w, https:\/\/noticiaempauta.com\/portal\/wp-content\/uploads\/2026\/04\/WhatsApp-Image-2026-04-27-at-10.13.55.webp 1169w\" sizes=\"(max-width: 1024px) 100vw, 1024px\" \/><\/figure>\n\n\n\n<p>Durante a visita, o gestor anunciou o planejamento das melhorias necess\u00e1rias para a reabertura da unidade de ensino. Est\u00e3o previstas a reforma completa, a reorganiza\u00e7\u00e3o do espa\u00e7o e a constru\u00e7\u00e3o do muro, garantindo mais seguran\u00e7a e dignidade para todos que ir\u00e3o frequentar  e utilizar o espa\u00e7o educacional.<\/p>\n\n\n\n<figure class=\"wp-block-image size-large\"><img decoding=\"async\" width=\"1024\" height=\"1009\" src=\"https:\/\/noticiaempauta.com\/portal\/wp-content\/uploads\/2026\/04\/WhatsApp-Image-2026-04-27-at-10.13.56-1024x1009.webp\" alt=\"\" class=\"wp-image-287984\" srcset=\"https:\/\/noticiaempauta.com\/portal\/wp-content\/uploads\/2026\/04\/WhatsApp-Image-2026-04-27-at-10.13.56-1024x1009.webp 1024w, https:\/\/noticiaempauta.com\/portal\/wp-content\/uploads\/2026\/04\/WhatsApp-Image-2026-04-27-at-10.13.56-300x296.webp 300w, https:\/\/noticiaempauta.com\/portal\/wp-content\/uploads\/2026\/04\/WhatsApp-Image-2026-04-27-at-10.13.56-768x757.webp 768w, https:\/\/noticiaempauta.com\/portal\/wp-content\/uploads\/2026\/04\/WhatsApp-Image-2026-04-27-at-10.13.56.webp 1169w\" sizes=\"(max-width: 1024px) 100vw, 1024px\" \/><\/figure>\n\n\n\n<p>De acordo com o prefeito Dr. Wilton a iniciativa vai al\u00e9m da estrutura f\u00edsica, a escola tamb\u00e9m abrigar\u00e1 a Educa\u00e7\u00e3o de Jovens e Adultos (EJA), levando oportunidade para quem deseja aprender, recome\u00e7ar e construir um futuro diferente, sendo tamb\u00e9m um espa\u00e7o que ir\u00e1 servir de apoio para a\u00e7\u00f5es de sa\u00fade, assist\u00eancia social e outros servi\u00e7os que v\u00e3o atender diretamente as fam\u00edlias da Localidade V\u00e1rzea Bela.<\/p>\n\n\n\n<figure class=\"wp-block-image size-large\"><img decoding=\"async\" width=\"1024\" height=\"959\" src=\"https:\/\/noticiaempauta.com\/portal\/wp-content\/uploads\/2026\/04\/WhatsApp-Image-2026-04-27-at-10.13.57-1024x959.webp\" alt=\"\" class=\"wp-image-287985\" srcset=\"https:\/\/noticiaempauta.com\/portal\/wp-content\/uploads\/2026\/04\/WhatsApp-Image-2026-04-27-at-10.13.57-1024x959.webp 1024w, https:\/\/noticiaempauta.com\/portal\/wp-content\/uploads\/2026\/04\/WhatsApp-Image-2026-04-27-at-10.13.57-300x281.webp 300w, https:\/\/noticiaempauta.com\/portal\/wp-content\/uploads\/2026\/04\/WhatsApp-Image-2026-04-27-at-10.13.57-768x719.webp 768w, https:\/\/noticiaempauta.com\/portal\/wp-content\/uploads\/2026\/04\/WhatsApp-Image-2026-04-27-at-10.13.57.webp 1170w\" sizes=\"(max-width: 1024px) 100vw, 1024px\" \/><\/figure>\n\n\n\n<p>&#8220;Seguimos trabalhando com compromisso e responsabilidade, porque cuidar das pessoas \u00e9, e sempre ser\u00e1, a nossa maior miss\u00e3o em Massap\u00ea do Piau\u00ed&#8221;, destacou o prefeito Dr. Wilton.<\/p>\n\n\n\n<p>A reabertura da escola representa n\u00e3o apenas a retomada das atividades educacionais, mas a amplia\u00e7\u00e3o da cidadania no campo, levando servi\u00e7os essenciais a quem mais precisa.<\/p>\n\n\n\n<p><\/p>\n","protected":false},"excerpt":{"rendered":"<p>A Comunidade V\u00e1rzea Bela, em Massap\u00ea do Piau\u00ed, foi palco de uma importante not\u00edcia neste final de semana. O prefeito Dr. Wilton esteve visitando de perto a realidade da escola da localidade, que h\u00e1 anos se encontra desativada. Durante a visita, o gestor anunciou o planejamento das melhorias necess\u00e1rias para a reabertura da unidade de [&hellip;]<\/p>\n","protected":false},"author":2,"featured_media":287984,"comment_status":"closed","ping_status":"closed","sticky":false,"template":"","format":"standard","meta":{"_mi_skip_tracking":false,"footnotes":""},"categories":[25,1,9,16],"tags":[192],"class_list":["post-287982","post","type-post","status-publish","format-standard","has-post-thumbnail","hentry","category-destaques-site","category-geral","category-municipios","category-todas","tag-destaqueprincipal"],"acf":[],"yoast_head":"<!-- This site is optimized with the Yoast SEO Premium plugin v19.2 (Yoast SEO v26.9) - https:\/\/yoast.com\/product\/yoast-seo-premium-wordpress\/ -->\n<title>Prefeito Dr. Wilton anuncia reabertura de escola na zona rural de Massap\u00ea do Piau\u00ed - Portal Not\u00edcia em Pauta<\/title>\n<meta name=\"robots\" content=\"index, follow, max-snippet:-1, max-image-preview:large, max-video-preview:-1\" \/>\n<link rel=\"canonical\" href=\"https:\/\/noticiaempauta.com\/portal\/prefeito-dr-wilton-anuncia-reabertura-de-escola-na-zona-rural-de-massape-do-piaui\/\" \/>\n<meta property=\"og:locale\" content=\"pt_BR\" \/>\n<meta property=\"og:type\" content=\"article\" \/>\n<meta property=\"og:title\" content=\"Prefeito Dr. Wilton anuncia reabertura de escola na zona rural de Massap\u00ea do Piau\u00ed\" \/>\n<meta property=\"og:description\" content=\"A Comunidade V\u00e1rzea Bela, em Massap\u00ea do Piau\u00ed, foi palco de uma importante not\u00edcia neste final de semana. O prefeito Dr. Wilton esteve visitando de perto a realidade da escola da localidade, que h\u00e1 anos se encontra desativada. Durante a visita, o gestor anunciou o planejamento das melhorias necess\u00e1rias para a reabertura da unidade de [&hellip;]\" \/>\n<meta property=\"og:url\" content=\"https:\/\/noticiaempauta.com\/portal\/prefeito-dr-wilton-anuncia-reabertura-de-escola-na-zona-rural-de-massape-do-piaui\/\" \/>\n<meta property=\"og:site_name\" content=\"Portal Not\u00edcia em Pauta\" \/>\n<meta property=\"article:publisher\" content=\"https:\/\/www.facebook.com\/Portal-Notcia-Em-Pauta-102292869264820\/\" \/>\n<meta property=\"article:published_time\" content=\"2026-04-27T13:29:21+00:00\" \/>\n<meta property=\"article:modified_time\" content=\"2026-04-27T13:41:38+00:00\" \/>\n<meta property=\"og:image\" content=\"https:\/\/noticiaempauta.com\/portal\/wp-content\/uploads\/2026\/04\/WhatsApp-Image-2026-04-27-at-10.13.56.webp\" \/>\n\t<meta property=\"og:image:width\" content=\"1169\" \/>\n\t<meta property=\"og:image:height\" content=\"1152\" \/>\n\t<meta property=\"og:image:type\" content=\"image\/webp\" \/>\n<meta name=\"author\" content=\"Reda\u00e7\u00e3o\" \/>\n<meta name=\"twitter:card\" content=\"summary_large_image\" \/>\n<meta name=\"twitter:label1\" content=\"Escrito por\" \/>\n\t<meta name=\"twitter:data1\" content=\"Reda\u00e7\u00e3o\" \/>\n\t<meta name=\"twitter:label2\" content=\"Est. tempo de leitura\" \/>\n\t<meta name=\"twitter:data2\" content=\"2 minutos\" \/>\n<script type=\"application\/ld+json\" class=\"yoast-schema-graph\">{\"@context\":\"https:\/\/schema.org\",\"@graph\":[{\"@type\":\"Article\",\"@id\":\"https:\/\/noticiaempauta.com\/portal\/prefeito-dr-wilton-anuncia-reabertura-de-escola-na-zona-rural-de-massape-do-piaui\/#article\",\"isPartOf\":{\"@id\":\"https:\/\/noticiaempauta.com\/portal\/prefeito-dr-wilton-anuncia-reabertura-de-escola-na-zona-rural-de-massape-do-piaui\/\"},\"author\":{\"name\":\"Reda\u00e7\u00e3o\",\"@id\":\"https:\/\/noticiaempauta.com\/portal\/#\/schema\/person\/a74af43dd1ab3deca45f988c717d57ac\"},\"headline\":\"Prefeito Dr. Wilton anuncia reabertura de escola na zona rural de Massap\u00ea do Piau\u00ed\",\"datePublished\":\"2026-04-27T13:29:21+00:00\",\"dateModified\":\"2026-04-27T13:41:38+00:00\",\"mainEntityOfPage\":{\"@id\":\"https:\/\/noticiaempauta.com\/portal\/prefeito-dr-wilton-anuncia-reabertura-de-escola-na-zona-rural-de-massape-do-piaui\/\"},\"wordCount\":244,\"publisher\":{\"@id\":\"https:\/\/noticiaempauta.com\/portal\/#organization\"},\"image\":{\"@id\":\"https:\/\/noticiaempauta.com\/portal\/prefeito-dr-wilton-anuncia-reabertura-de-escola-na-zona-rural-de-massape-do-piaui\/#primaryimage\"},\"thumbnailUrl\":\"https:\/\/noticiaempauta.com\/portal\/wp-content\/uploads\/2026\/04\/WhatsApp-Image-2026-04-27-at-10.13.56.webp\",\"keywords\":[\"destaqueprincipal\"],\"articleSection\":[\"Destaques\",\"Geral\",\"Munic\u00edpios\",\"Todas as Not\u00edcias\"],\"inLanguage\":\"pt-BR\"},{\"@type\":\"WebPage\",\"@id\":\"https:\/\/noticiaempauta.com\/portal\/prefeito-dr-wilton-anuncia-reabertura-de-escola-na-zona-rural-de-massape-do-piaui\/\",\"url\":\"https:\/\/noticiaempauta.com\/portal\/prefeito-dr-wilton-anuncia-reabertura-de-escola-na-zona-rural-de-massape-do-piaui\/\",\"name\":\"Prefeito Dr. Wilton anuncia reabertura de escola na zona rural de Massap\u00ea do Piau\u00ed - Portal Not\u00edcia em Pauta\",\"isPartOf\":{\"@id\":\"https:\/\/noticiaempauta.com\/portal\/#website\"},\"primaryImageOfPage\":{\"@id\":\"https:\/\/noticiaempauta.com\/portal\/prefeito-dr-wilton-anuncia-reabertura-de-escola-na-zona-rural-de-massape-do-piaui\/#primaryimage\"},\"image\":{\"@id\":\"https:\/\/noticiaempauta.com\/portal\/prefeito-dr-wilton-anuncia-reabertura-de-escola-na-zona-rural-de-massape-do-piaui\/#primaryimage\"},\"thumbnailUrl\":\"https:\/\/noticiaempauta.com\/portal\/wp-content\/uploads\/2026\/04\/WhatsApp-Image-2026-04-27-at-10.13.56.webp\",\"datePublished\":\"2026-04-27T13:29:21+00:00\",\"dateModified\":\"2026-04-27T13:41:38+00:00\",\"breadcrumb\":{\"@id\":\"https:\/\/noticiaempauta.com\/portal\/prefeito-dr-wilton-anuncia-reabertura-de-escola-na-zona-rural-de-massape-do-piaui\/#breadcrumb\"},\"inLanguage\":\"pt-BR\",\"potentialAction\":[{\"@type\":\"ReadAction\",\"target\":[\"https:\/\/noticiaempauta.com\/portal\/prefeito-dr-wilton-anuncia-reabertura-de-escola-na-zona-rural-de-massape-do-piaui\/\"]}]},{\"@type\":\"ImageObject\",\"inLanguage\":\"pt-BR\",\"@id\":\"https:\/\/noticiaempauta.com\/portal\/prefeito-dr-wilton-anuncia-reabertura-de-escola-na-zona-rural-de-massape-do-piaui\/#primaryimage\",\"url\":\"https:\/\/noticiaempauta.com\/portal\/wp-content\/uploads\/2026\/04\/WhatsApp-Image-2026-04-27-at-10.13.56.webp\",\"contentUrl\":\"https:\/\/noticiaempauta.com\/portal\/wp-content\/uploads\/2026\/04\/WhatsApp-Image-2026-04-27-at-10.13.56.webp\",\"width\":1169,\"height\":1152},{\"@type\":\"BreadcrumbList\",\"@id\":\"https:\/\/noticiaempauta.com\/portal\/prefeito-dr-wilton-anuncia-reabertura-de-escola-na-zona-rural-de-massape-do-piaui\/#breadcrumb\",\"itemListElement\":[{\"@type\":\"ListItem\",\"position\":1,\"name\":\"P\u00e1gina Inicial\",\"item\":\"https:\/\/noticiaempauta.com\/portal\/\"},{\"@type\":\"ListItem\",\"position\":2,\"name\":\"Destaques\",\"item\":\"https:\/\/noticiaempauta.com\/portal\/destaques-site\/\"},{\"@type\":\"ListItem\",\"position\":3,\"name\":\"Prefeito Dr. Wilton anuncia reabertura de escola na zona rural de Massap\u00ea do Piau\u00ed\"}]},{\"@type\":\"WebSite\",\"@id\":\"https:\/\/noticiaempauta.com\/portal\/#website\",\"url\":\"https:\/\/noticiaempauta.com\/portal\/\",\"name\":\"Portal Not\u00edcia em Pauta\",\"description\":\"Voc\u00ea bem informado\",\"publisher\":{\"@id\":\"https:\/\/noticiaempauta.com\/portal\/#organization\"},\"potentialAction\":[{\"@type\":\"SearchAction\",\"target\":{\"@type\":\"EntryPoint\",\"urlTemplate\":\"https:\/\/noticiaempauta.com\/portal\/?s={search_term_string}\"},\"query-input\":{\"@type\":\"PropertyValueSpecification\",\"valueRequired\":true,\"valueName\":\"search_term_string\"}}],\"inLanguage\":\"pt-BR\"},{\"@type\":\"Organization\",\"@id\":\"https:\/\/noticiaempauta.com\/portal\/#organization\",\"name\":\"Portal Not\u00edcia em Pauta\",\"url\":\"https:\/\/noticiaempauta.com\/portal\/\",\"logo\":{\"@type\":\"ImageObject\",\"inLanguage\":\"pt-BR\",\"@id\":\"https:\/\/noticiaempauta.com\/portal\/#\/schema\/logo\/image\/\",\"url\":\"https:\/\/noticiaempauta.com\/portal\/wp-content\/uploads\/2022\/08\/logomarca_tema.fw_.png\",\"contentUrl\":\"https:\/\/noticiaempauta.com\/portal\/wp-content\/uploads\/2022\/08\/logomarca_tema.fw_.png\",\"width\":400,\"height\":232,\"caption\":\"Portal Not\u00edcia em Pauta\"},\"image\":{\"@id\":\"https:\/\/noticiaempauta.com\/portal\/#\/schema\/logo\/image\/\"},\"sameAs\":[\"https:\/\/www.facebook.com\/Portal-Notcia-Em-Pauta-102292869264820\/\",\"https:\/\/www.instagram.com\/portalnoticiaempauta\/\"]},{\"@type\":\"Person\",\"@id\":\"https:\/\/noticiaempauta.com\/portal\/#\/schema\/person\/a74af43dd1ab3deca45f988c717d57ac\",\"name\":\"Reda\u00e7\u00e3o\",\"image\":{\"@type\":\"ImageObject\",\"inLanguage\":\"pt-BR\",\"@id\":\"https:\/\/noticiaempauta.com\/portal\/#\/schema\/person\/image\/\",\"url\":\"https:\/\/secure.gravatar.com\/avatar\/03179346ecce6cdfc13361603e8f54242a90e5cde8618fa23c5c00aa2b0aadf3?s=96&d=mm&r=g\",\"contentUrl\":\"https:\/\/secure.gravatar.com\/avatar\/03179346ecce6cdfc13361603e8f54242a90e5cde8618fa23c5c00aa2b0aadf3?s=96&d=mm&r=g\",\"caption\":\"Reda\u00e7\u00e3o\"},\"sameAs\":[\"https:\/\/noticiaempauta.com\/portal\/\"],\"url\":\"https:\/\/noticiaempauta.com\/portal\/author\/fernando\/\"}]}<\/script>\n<!-- \/ Yoast SEO Premium plugin. -->","yoast_head_json":{"title":"Prefeito Dr. Wilton anuncia reabertura de escola na zona rural de Massap\u00ea do Piau\u00ed - Portal Not\u00edcia em Pauta","robots":{"index":"index","follow":"follow","max-snippet":"max-snippet:-1","max-image-preview":"max-image-preview:large","max-video-preview":"max-video-preview:-1"},"canonical":"https:\/\/noticiaempauta.com\/portal\/prefeito-dr-wilton-anuncia-reabertura-de-escola-na-zona-rural-de-massape-do-piaui\/","og_locale":"pt_BR","og_type":"article","og_title":"Prefeito Dr. Wilton anuncia reabertura de escola na zona rural de Massap\u00ea do Piau\u00ed","og_description":"A Comunidade V\u00e1rzea Bela, em Massap\u00ea do Piau\u00ed, foi palco de uma importante not\u00edcia neste final de semana. O prefeito Dr. Wilton esteve visitando de perto a realidade da escola da localidade, que h\u00e1 anos se encontra desativada. Durante a visita, o gestor anunciou o planejamento das melhorias necess\u00e1rias para a reabertura da unidade de [&hellip;]","og_url":"https:\/\/noticiaempauta.com\/portal\/prefeito-dr-wilton-anuncia-reabertura-de-escola-na-zona-rural-de-massape-do-piaui\/","og_site_name":"Portal Not\u00edcia em Pauta","article_publisher":"https:\/\/www.facebook.com\/Portal-Notcia-Em-Pauta-102292869264820\/","article_published_time":"2026-04-27T13:29:21+00:00","article_modified_time":"2026-04-27T13:41:38+00:00","og_image":[{"width":1169,"height":1152,"url":"https:\/\/noticiaempauta.com\/portal\/wp-content\/uploads\/2026\/04\/WhatsApp-Image-2026-04-27-at-10.13.56.webp","type":"image\/webp"}],"author":"Reda\u00e7\u00e3o","twitter_card":"summary_large_image","twitter_misc":{"Escrito por":"Reda\u00e7\u00e3o","Est. tempo de leitura":"2 minutos"},"schema":{"@context":"https:\/\/schema.org","@graph":[{"@type":"Article","@id":"https:\/\/noticiaempauta.com\/portal\/prefeito-dr-wilton-anuncia-reabertura-de-escola-na-zona-rural-de-massape-do-piaui\/#article","isPartOf":{"@id":"https:\/\/noticiaempauta.com\/portal\/prefeito-dr-wilton-anuncia-reabertura-de-escola-na-zona-rural-de-massape-do-piaui\/"},"author":{"name":"Reda\u00e7\u00e3o","@id":"https:\/\/noticiaempauta.com\/portal\/#\/schema\/person\/a74af43dd1ab3deca45f988c717d57ac"},"headline":"Prefeito Dr. Wilton anuncia reabertura de escola na zona rural de Massap\u00ea do Piau\u00ed","datePublished":"2026-04-27T13:29:21+00:00","dateModified":"2026-04-27T13:41:38+00:00","mainEntityOfPage":{"@id":"https:\/\/noticiaempauta.com\/portal\/prefeito-dr-wilton-anuncia-reabertura-de-escola-na-zona-rural-de-massape-do-piaui\/"},"wordCount":244,"publisher":{"@id":"https:\/\/noticiaempauta.com\/portal\/#organization"},"image":{"@id":"https:\/\/noticiaempauta.com\/portal\/prefeito-dr-wilton-anuncia-reabertura-de-escola-na-zona-rural-de-massape-do-piaui\/#primaryimage"},"thumbnailUrl":"https:\/\/noticiaempauta.com\/portal\/wp-content\/uploads\/2026\/04\/WhatsApp-Image-2026-04-27-at-10.13.56.webp","keywords":["destaqueprincipal"],"articleSection":["Destaques","Geral","Munic\u00edpios","Todas as Not\u00edcias"],"inLanguage":"pt-BR"},{"@type":"WebPage","@id":"https:\/\/noticiaempauta.com\/portal\/prefeito-dr-wilton-anuncia-reabertura-de-escola-na-zona-rural-de-massape-do-piaui\/","url":"https:\/\/noticiaempauta.com\/portal\/prefeito-dr-wilton-anuncia-reabertura-de-escola-na-zona-rural-de-massape-do-piaui\/","name":"Prefeito Dr. Wilton anuncia reabertura de escola na zona rural de Massap\u00ea do Piau\u00ed - Portal Not\u00edcia em Pauta","isPartOf":{"@id":"https:\/\/noticiaempauta.com\/portal\/#website"},"primaryImageOfPage":{"@id":"https:\/\/noticiaempauta.com\/portal\/prefeito-dr-wilton-anuncia-reabertura-de-escola-na-zona-rural-de-massape-do-piaui\/#primaryimage"},"image":{"@id":"https:\/\/noticiaempauta.com\/portal\/prefeito-dr-wilton-anuncia-reabertura-de-escola-na-zona-rural-de-massape-do-piaui\/#primaryimage"},"thumbnailUrl":"https:\/\/noticiaempauta.com\/portal\/wp-content\/uploads\/2026\/04\/WhatsApp-Image-2026-04-27-at-10.13.56.webp","datePublished":"2026-04-27T13:29:21+00:00","dateModified":"2026-04-27T13:41:38+00:00","breadcrumb":{"@id":"https:\/\/noticiaempauta.com\/portal\/prefeito-dr-wilton-anuncia-reabertura-de-escola-na-zona-rural-de-massape-do-piaui\/#breadcrumb"},"inLanguage":"pt-BR","potentialAction":[{"@type":"ReadAction","target":["https:\/\/noticiaempauta.com\/portal\/prefeito-dr-wilton-anuncia-reabertura-de-escola-na-zona-rural-de-massape-do-piaui\/"]}]},{"@type":"ImageObject","inLanguage":"pt-BR","@id":"https:\/\/noticiaempauta.com\/portal\/prefeito-dr-wilton-anuncia-reabertura-de-escola-na-zona-rural-de-massape-do-piaui\/#primaryimage","url":"https:\/\/noticiaempauta.com\/portal\/wp-content\/uploads\/2026\/04\/WhatsApp-Image-2026-04-27-at-10.13.56.webp","contentUrl":"https:\/\/noticiaempauta.com\/portal\/wp-content\/uploads\/2026\/04\/WhatsApp-Image-2026-04-27-at-10.13.56.webp","width":1169,"height":1152},{"@type":"BreadcrumbList","@id":"https:\/\/noticiaempauta.com\/portal\/prefeito-dr-wilton-anuncia-reabertura-de-escola-na-zona-rural-de-massape-do-piaui\/#breadcrumb","itemListElement":[{"@type":"ListItem","position":1,"name":"P\u00e1gina Inicial","item":"https:\/\/noticiaempauta.com\/portal\/"},{"@type":"ListItem","position":2,"name":"Destaques","item":"https:\/\/noticiaempauta.com\/portal\/destaques-site\/"},{"@type":"ListItem","position":3,"name":"Prefeito Dr. Wilton anuncia reabertura de escola na zona rural de Massap\u00ea do Piau\u00ed"}]},{"@type":"WebSite","@id":"https:\/\/noticiaempauta.com\/portal\/#website","url":"https:\/\/noticiaempauta.com\/portal\/","name":"Portal Not\u00edcia em Pauta","description":"Voc\u00ea bem informado","publisher":{"@id":"https:\/\/noticiaempauta.com\/portal\/#organization"},"potentialAction":[{"@type":"SearchAction","target":{"@type":"EntryPoint","urlTemplate":"https:\/\/noticiaempauta.com\/portal\/?s={search_term_string}"},"query-input":{"@type":"PropertyValueSpecification","valueRequired":true,"valueName":"search_term_string"}}],"inLanguage":"pt-BR"},{"@type":"Organization","@id":"https:\/\/noticiaempauta.com\/portal\/#organization","name":"Portal Not\u00edcia em Pauta","url":"https:\/\/noticiaempauta.com\/portal\/","logo":{"@type":"ImageObject","inLanguage":"pt-BR","@id":"https:\/\/noticiaempauta.com\/portal\/#\/schema\/logo\/image\/","url":"https:\/\/noticiaempauta.com\/portal\/wp-content\/uploads\/2022\/08\/logomarca_tema.fw_.png","contentUrl":"https:\/\/noticiaempauta.com\/portal\/wp-content\/uploads\/2022\/08\/logomarca_tema.fw_.png","width":400,"height":232,"caption":"Portal Not\u00edcia em Pauta"},"image":{"@id":"https:\/\/noticiaempauta.com\/portal\/#\/schema\/logo\/image\/"},"sameAs":["https:\/\/www.facebook.com\/Portal-Notcia-Em-Pauta-102292869264820\/","https:\/\/www.instagram.com\/portalnoticiaempauta\/"]},{"@type":"Person","@id":"https:\/\/noticiaempauta.com\/portal\/#\/schema\/person\/a74af43dd1ab3deca45f988c717d57ac","name":"Reda\u00e7\u00e3o","image":{"@type":"ImageObject","inLanguage":"pt-BR","@id":"https:\/\/noticiaempauta.com\/portal\/#\/schema\/person\/image\/","url":"https:\/\/secure.gravatar.com\/avatar\/03179346ecce6cdfc13361603e8f54242a90e5cde8618fa23c5c00aa2b0aadf3?s=96&d=mm&r=g","contentUrl":"https:\/\/secure.gravatar.com\/avatar\/03179346ecce6cdfc13361603e8f54242a90e5cde8618fa23c5c00aa2b0aadf3?s=96&d=mm&r=g","caption":"Reda\u00e7\u00e3o"},"sameAs":["https:\/\/noticiaempauta.com\/portal\/"],"url":"https:\/\/noticiaempauta.com\/portal\/author\/fernando\/"}]}},"_links":{"self":[{"href":"https:\/\/noticiaempauta.com\/portal\/wp-json\/wp\/v2\/posts\/287982","targetHints":{"allow":["GET"]}}],"collection":[{"href":"https:\/\/noticiaempauta.com\/portal\/wp-json\/wp\/v2\/posts"}],"about":[{"href":"https:\/\/noticiaempauta.com\/portal\/wp-json\/wp\/v2\/types\/post"}],"author":[{"embeddable":true,"href":"https:\/\/noticiaempauta.com\/portal\/wp-json\/wp\/v2\/users\/2"}],"replies":[{"embeddable":true,"href":"https:\/\/noticiaempauta.com\/portal\/wp-json\/wp\/v2\/comments?post=287982"}],"version-history":[{"count":5,"href":"https:\/\/noticiaempauta.com\/portal\/wp-json\/wp\/v2\/posts\/287982\/revisions"}],"predecessor-version":[{"id":287990,"href":"https:\/\/noticiaempauta.com\/portal\/wp-json\/wp\/v2\/posts\/287982\/revisions\/287990"}],"wp:featuredmedia":[{"embeddable":true,"href":"https:\/\/noticiaempauta.com\/portal\/wp-json\/wp\/v2\/media\/287984"}],"wp:attachment":[{"href":"https:\/\/noticiaempauta.com\/portal\/wp-json\/wp\/v2\/media?parent=287982"}],"wp:term":[{"taxonomy":"category","embeddable":true,"href":"https:\/\/noticiaempauta.com\/portal\/wp-json\/wp\/v2\/categories?post=287982"},{"taxonomy":"post_tag","embeddable":true,"href":"https:\/\/noticiaempauta.com\/portal\/wp-json\/wp\/v2\/tags?post=287982"}],"curies":[{"name":"wp","href":"https:\/\/api.w.org\/{rel}","templated":true}]}}