{"id":288001,"date":"2026-04-27T11:28:40","date_gmt":"2026-04-27T14:28:40","guid":{"rendered":"https:\/\/noticiaempauta.com\/portal\/?p=288001"},"modified":"2026-04-27T11:28:41","modified_gmt":"2026-04-27T14:28:41","slug":"itainopolis-fieis-se-preparam-para-celebrar-a-68a-festa-de-nossa-senhora-de-fatima-confira-programacao","status":"publish","type":"post","link":"https:\/\/noticiaempauta.com\/portal\/itainopolis-fieis-se-preparam-para-celebrar-a-68a-festa-de-nossa-senhora-de-fatima-confira-programacao\/","title":{"rendered":"Itain\u00f3polis | Fi\u00e9is se preparam para celebrar a 68\u00aa Festa de Nossa Senhora de F\u00e1tima; confira programa\u00e7\u00e3o"},"content":{"rendered":"\n<p>A comunidade cat\u00f3lica de Itain\u00f3polis-PI se prepara para celebrar de 04 a 13 de maio, a\u00a0<strong>68\u00aa Festa de Nossa Senhora de F\u00e1tima<\/strong>, \u00a0Co-padroeira do munic\u00edpio. Neste ano, o festa conta com o tema\u00a0<strong><em>\u201c<\/em>\u00a0Virgem de F\u00e1tima, M\u00e3e da Provid\u00eancia e da Partilha \u201c.<\/strong><\/p>\n\n\n\n<figure class=\"wp-block-image size-large\"><img fetchpriority=\"high\" decoding=\"async\" width=\"1024\" height=\"683\" src=\"https:\/\/noticiaempauta.com\/portal\/wp-content\/uploads\/2026\/04\/IMG_1167.jpg-r52lc6cptf8zdkjzq3396kty7lsmydt0i0u9e594cg-1024x683.webp\" alt=\"\" class=\"wp-image-288002\" srcset=\"https:\/\/noticiaempauta.com\/portal\/wp-content\/uploads\/2026\/04\/IMG_1167.jpg-r52lc6cptf8zdkjzq3396kty7lsmydt0i0u9e594cg-1024x683.webp 1024w, https:\/\/noticiaempauta.com\/portal\/wp-content\/uploads\/2026\/04\/IMG_1167.jpg-r52lc6cptf8zdkjzq3396kty7lsmydt0i0u9e594cg-300x200.webp 300w, https:\/\/noticiaempauta.com\/portal\/wp-content\/uploads\/2026\/04\/IMG_1167.jpg-r52lc6cptf8zdkjzq3396kty7lsmydt0i0u9e594cg-768x512.webp 768w, https:\/\/noticiaempauta.com\/portal\/wp-content\/uploads\/2026\/04\/IMG_1167.jpg-r52lc6cptf8zdkjzq3396kty7lsmydt0i0u9e594cg.webp 1200w\" sizes=\"(max-width: 1024px) 100vw, 1024px\" \/><figcaption class=\"wp-element-caption\"><em>(Foto: Arquivo\/NoticiaEmPauta)<\/em><\/figcaption><\/figure>\n\n\n\n<p>A 68\u00aa festa de Nossa Senhora de F\u00e1tima ter\u00e1 in\u00edcio na pr\u00f3xima segunda-feira, 04 de maio, as 05h30 com subida ao Morro onde est\u00e1 situada a Capela de Nossa Senhora de F\u00e1tima. Ressaltando que todos os dias haver\u00e1 o Of\u00edcio da Imaculada Concei\u00e7\u00e3o as 6h, e Ter\u00e7o Mariano as 18h.<\/p>\n\n\n\n<figure class=\"wp-block-image size-large\"><img decoding=\"async\" width=\"1024\" height=\"683\" src=\"https:\/\/noticiaempauta.com\/portal\/wp-content\/uploads\/2026\/04\/IMG_1160-q6f5u26f59qkd63kq17wc5fyj10plqibbvoa1k5dfk.jpg-1-1024x683.webp\" alt=\"\" class=\"wp-image-288003\" srcset=\"https:\/\/noticiaempauta.com\/portal\/wp-content\/uploads\/2026\/04\/IMG_1160-q6f5u26f59qkd63kq17wc5fyj10plqibbvoa1k5dfk.jpg-1-1024x683.webp 1024w, https:\/\/noticiaempauta.com\/portal\/wp-content\/uploads\/2026\/04\/IMG_1160-q6f5u26f59qkd63kq17wc5fyj10plqibbvoa1k5dfk.jpg-1-300x200.webp 300w, https:\/\/noticiaempauta.com\/portal\/wp-content\/uploads\/2026\/04\/IMG_1160-q6f5u26f59qkd63kq17wc5fyj10plqibbvoa1k5dfk.jpg-1-768x512.webp 768w, https:\/\/noticiaempauta.com\/portal\/wp-content\/uploads\/2026\/04\/IMG_1160-q6f5u26f59qkd63kq17wc5fyj10plqibbvoa1k5dfk.jpg-1.webp 1200w\" sizes=\"(max-width: 1024px) 100vw, 1024px\" \/><figcaption class=\"wp-element-caption\"><em>(Foto: Arquivo\/NoticiaEmPauta)<\/em><\/figcaption><\/figure>\n\n\n\n<p><strong>Confira a programa\u00e7\u00e3o:<\/strong><\/p>\n\n\n\n<p><strong>SEGUNDA-FEIRA (04\/05\/2026)<\/strong><br>05: 30h- Subida ao Morro Nossa Senhora de F\u00e1tima<br>06: 00h-Ora\u00e7\u00e3o da manh\u00e3<br>06: 30h- Caminhada com Maria at\u00e9 a Igreja Matriz<br>07: 00h- Caf\u00e9 comunit\u00e1rio no sal\u00e3o paroquial<br>19: 00h-Novena\/Missa<br>Pregador: Pe. Expedito Ant\u00f4nio de Oliveira<br>Liturgia do dia: Pastoral do Batismo e MESCE<br>Comunidades convidadas: Maxixe I e III, Serra dos Caboclos, Barreiros, Boa<br>Vista, Sec. da<br>Assist\u00eancia Social e Pol\u00edticas P\u00fablicas da Mulher.<br>Quermesse: Rua Raimundo de S. Santos, Rua S\u00e3o Jos\u00e9, Sec. da Assist\u00eancia Social e Pol\u00edticas P\u00fablicas da Mulher.<br><\/p>\n\n\n\n<p><strong>TER\u00c7A-FEIRA (05\/05\/2026)<\/strong><br>19: 00h- Novena\/Missa<br>Pregador: Pe. Ant\u00f4nio Mendes Neto<br>Liturgia do dia: RCC e PPI<br>Comunidades convidadas: Cerca, Umburanas, Tabuleiro Branco, Lagoa dos Cavalos, Secretaria de Obras e Agricultura<br>Quermesse: Rua Francisco X. de Oliveira, Bairro Nova Descoberta, Av. Helv\u00eddio Nunes, Secretaria de Obras e Agricultura.<\/p>\n\n\n\n<p><br><strong>QUARTA &#8211; FEIRA (06\/05\/2026)<\/strong><br>19: 00h-Novena\/Missa<br>Pregador: Dom Pl\u00ednio Jos\u00e9 Luz da Silva<br>Liturgia do dia: Catequese<br>Comunidades convidadas: Jib\u00f3ia, Barra, Cantofre, Lagoa do Mucambo, Sec. de Sa\u00fade e Infraestrutura Quermesse: Rua Bernardino Santos, Sec. de Sa\u00fade e Infraestrutura.<\/p>\n\n\n\n<p><strong>QUINTA &#8211; FEIRA (07\/05\/2026)<\/strong><br>19: 00h- Novena\/Missa<br>Pregador: Pe. Sebasti\u00e3o Francisco dos Santos<br>Liturgia do dia: Conselhos Paroquiais<br>Comunidades convidadas: Umbus, V\u00e1rzea Grande, Assentamento Vila Nova, Poder Executivo, Legislativo e Judici\u00e1rio<br>Quermesse: Morro Nossa Senhora de F\u00e1tima, Poder Executivo, Legislativo e Judici\u00e1rio.<\/p>\n\n\n\n<p><br><strong>SEXTA-FEIRA (08\/05\/2026)<\/strong><br>19: 00h- Novena\/Missa<br>Pregador: Pe. Feliciano dos Santos Dias<br>Liturgia do dia: Apostolado da Ora\u00e7\u00e3o<br>Comunidades convidadas: Vera Mendes, Gameleira VM, Moradas, Barrinha, Sindicato dos Trabalhadores Rurais, Conselho Tutelar, Sec. de Seguran\u00e7a e Limpeza P\u00fablica<br>Quermesse: Bairro Francisca Trindade, Sindicato dos Trabalhadores Rurais, Conselho Tutelar, Sec. de Seguran\u00e7a e Limpeza P\u00fablica. <\/p>\n\n\n\n<p><strong>S\u00c1BADO (09\/05\/2026)<\/strong><br>19: 00h-Novena\/Missa<br>Pregador: Pe. Francisco R\u00e9gis de Moura<br>Liturgia do dia: EJC EACD<br>Comunidades convidadas: Riach\u00e3o, Lagoa<br>Achada, Malhada, Sec. de Administra\u00e7\u00e3o, Sec. de Esporte e Sec. de Cultura<br>Quermesse: Jardim It\u00e1lia, Bairro Palestina, Rua Sizernando Jeric\u00f3, Sec. de Administra\u00e7\u00e3o, Sec. de Esporte e Sec. de Cultura.<br><\/p>\n\n\n\n<p><strong>DOMINGO (10\/05\/2026)<\/strong><br>19: 00h-Novena\/Missa<br>Pregador: Pe. Francisco de Assis de Lima<br>Liturgia do dia: ECC e Pastoral Familiar<br>Comunidades convidadas:<br>Patos, Paulista,<br>Pi\u00e7arra, Sec. de Finan\u00e7as e Gabinete<br>Quermesse: Pastorais, Morro Valentim Dantas, Sec. de finan\u00e7as e Gabinete.<\/p>\n\n\n\n<p><strong>SEGUNDA-FEIRA (11\/05\/2026)<\/strong><br>19: 00h-Novena\/Missa<br>Pregador: Pe. Adalto Vieira dos Santos Filho<br>Liturgia do dia: Ter\u00e7o dos Homens e Pastoral da Crian\u00e7a<br>Comunidades convidadas: Campestre, Alagadi\u00e7o, Sitio Riachinho, Tombador, Sec. de Empreendedorismo e Turismo<br>Quermesse: Av. Central, Sec. de Empreendedorismo e Turismo<br><\/p>\n\n\n\n<p><strong>TER\u00c7A-FEIRA (12\/05\/2026)<\/strong><br>19: 00h-Novena\/Missa<br>Pregador: Pe. Jo\u00e3o Pereira de Sousa<br>Liturgia do dia: Pastoral do D\u00edzimo<br>Comunidades convidadas: Francisca<br>Trindade, Tamboril, Vila Barbosa, Gameleira, Baixas, Secretaria de Educa\u00e7\u00e3o e Urbanismo<br>Quermesse: COHAB, Rua de Cima, Secretaria de Educa\u00e7\u00e3o e Urbanismo<br><\/p>\n\n\n\n<p><strong>QUARTA-FEIRA (13\/05\/2026)<\/strong><br>05: 00h-Of\u00edcio da Imaculada Concei\u00e7\u00e3o<br>06: 00h- Prociss\u00e3o at\u00e9 o Morro Nossa Senhora de F\u00e1tima<br>07: 00h-Missa Solene<br>Pregador: Pe. Francidilso Silva do<br>Nascimento<br>Liturgia do dia: Ter\u00e7o das Mulheres<br>Quermesse: ECC.<\/p>\n\n\n\n<p><\/p>\n","protected":false},"excerpt":{"rendered":"<p>A comunidade cat\u00f3lica de Itain\u00f3polis-PI se prepara para celebrar de 04 a 13 de maio, a\u00a068\u00aa Festa de Nossa Senhora de F\u00e1tima, \u00a0Co-padroeira do munic\u00edpio. Neste ano, o festa conta com o tema\u00a0\u201c\u00a0Virgem de F\u00e1tima, M\u00e3e da Provid\u00eancia e da Partilha \u201c. A 68\u00aa festa de Nossa Senhora de F\u00e1tima ter\u00e1 in\u00edcio na pr\u00f3xima segunda-feira, [&hellip;]<\/p>\n","protected":false},"author":2,"featured_media":288002,"comment_status":"closed","ping_status":"closed","sticky":false,"template":"","format":"standard","meta":{"_mi_skip_tracking":false,"footnotes":""},"categories":[25,1,9,16],"tags":[192],"class_list":["post-288001","post","type-post","status-publish","format-standard","has-post-thumbnail","hentry","category-destaques-site","category-geral","category-municipios","category-todas","tag-destaqueprincipal"],"acf":[],"yoast_head":"<!-- This site is optimized with the Yoast SEO Premium plugin v19.2 (Yoast SEO v26.9) - https:\/\/yoast.com\/product\/yoast-seo-premium-wordpress\/ -->\n<title>Itain\u00f3polis | Fi\u00e9is se preparam para celebrar a 68\u00aa Festa de Nossa Senhora de F\u00e1tima; confira programa\u00e7\u00e3o - Portal Not\u00edcia em Pauta<\/title>\n<meta name=\"robots\" content=\"index, follow, max-snippet:-1, max-image-preview:large, max-video-preview:-1\" \/>\n<link rel=\"canonical\" href=\"https:\/\/noticiaempauta.com\/portal\/itainopolis-fieis-se-preparam-para-celebrar-a-68a-festa-de-nossa-senhora-de-fatima-confira-programacao\/\" \/>\n<meta property=\"og:locale\" content=\"pt_BR\" \/>\n<meta property=\"og:type\" content=\"article\" \/>\n<meta property=\"og:title\" content=\"Itain\u00f3polis | Fi\u00e9is se preparam para celebrar a 68\u00aa Festa de Nossa Senhora de F\u00e1tima; confira programa\u00e7\u00e3o\" \/>\n<meta property=\"og:description\" content=\"A comunidade cat\u00f3lica de Itain\u00f3polis-PI se prepara para celebrar de 04 a 13 de maio, a\u00a068\u00aa Festa de Nossa Senhora de F\u00e1tima, \u00a0Co-padroeira do munic\u00edpio. Neste ano, o festa conta com o tema\u00a0\u201c\u00a0Virgem de F\u00e1tima, M\u00e3e da Provid\u00eancia e da Partilha \u201c. A 68\u00aa festa de Nossa Senhora de F\u00e1tima ter\u00e1 in\u00edcio na pr\u00f3xima segunda-feira, [&hellip;]\" \/>\n<meta property=\"og:url\" content=\"https:\/\/noticiaempauta.com\/portal\/itainopolis-fieis-se-preparam-para-celebrar-a-68a-festa-de-nossa-senhora-de-fatima-confira-programacao\/\" \/>\n<meta property=\"og:site_name\" content=\"Portal Not\u00edcia em Pauta\" \/>\n<meta property=\"article:publisher\" content=\"https:\/\/www.facebook.com\/Portal-Notcia-Em-Pauta-102292869264820\/\" \/>\n<meta property=\"article:published_time\" content=\"2026-04-27T14:28:40+00:00\" \/>\n<meta property=\"article:modified_time\" content=\"2026-04-27T14:28:41+00:00\" \/>\n<meta property=\"og:image\" content=\"https:\/\/noticiaempauta.com\/portal\/wp-content\/uploads\/2026\/04\/IMG_1167.jpg-r52lc6cptf8zdkjzq3396kty7lsmydt0i0u9e594cg.webp\" \/>\n\t<meta property=\"og:image:width\" content=\"1200\" \/>\n\t<meta property=\"og:image:height\" content=\"800\" \/>\n\t<meta property=\"og:image:type\" content=\"image\/webp\" \/>\n<meta name=\"author\" content=\"Reda\u00e7\u00e3o\" \/>\n<meta name=\"twitter:card\" content=\"summary_large_image\" \/>\n<meta name=\"twitter:label1\" content=\"Escrito por\" \/>\n\t<meta name=\"twitter:data1\" content=\"Reda\u00e7\u00e3o\" \/>\n\t<meta name=\"twitter:label2\" content=\"Est. tempo de leitura\" \/>\n\t<meta name=\"twitter:data2\" content=\"4 minutos\" \/>\n<script type=\"application\/ld+json\" class=\"yoast-schema-graph\">{\"@context\":\"https:\/\/schema.org\",\"@graph\":[{\"@type\":\"Article\",\"@id\":\"https:\/\/noticiaempauta.com\/portal\/itainopolis-fieis-se-preparam-para-celebrar-a-68a-festa-de-nossa-senhora-de-fatima-confira-programacao\/#article\",\"isPartOf\":{\"@id\":\"https:\/\/noticiaempauta.com\/portal\/itainopolis-fieis-se-preparam-para-celebrar-a-68a-festa-de-nossa-senhora-de-fatima-confira-programacao\/\"},\"author\":{\"name\":\"Reda\u00e7\u00e3o\",\"@id\":\"https:\/\/noticiaempauta.com\/portal\/#\/schema\/person\/a74af43dd1ab3deca45f988c717d57ac\"},\"headline\":\"Itain\u00f3polis | Fi\u00e9is se preparam para celebrar a 68\u00aa Festa de Nossa Senhora de F\u00e1tima; confira programa\u00e7\u00e3o\",\"datePublished\":\"2026-04-27T14:28:40+00:00\",\"dateModified\":\"2026-04-27T14:28:41+00:00\",\"mainEntityOfPage\":{\"@id\":\"https:\/\/noticiaempauta.com\/portal\/itainopolis-fieis-se-preparam-para-celebrar-a-68a-festa-de-nossa-senhora-de-fatima-confira-programacao\/\"},\"wordCount\":592,\"publisher\":{\"@id\":\"https:\/\/noticiaempauta.com\/portal\/#organization\"},\"image\":{\"@id\":\"https:\/\/noticiaempauta.com\/portal\/itainopolis-fieis-se-preparam-para-celebrar-a-68a-festa-de-nossa-senhora-de-fatima-confira-programacao\/#primaryimage\"},\"thumbnailUrl\":\"https:\/\/noticiaempauta.com\/portal\/wp-content\/uploads\/2026\/04\/IMG_1167.jpg-r52lc6cptf8zdkjzq3396kty7lsmydt0i0u9e594cg.webp\",\"keywords\":[\"destaqueprincipal\"],\"articleSection\":[\"Destaques\",\"Geral\",\"Munic\u00edpios\",\"Todas as Not\u00edcias\"],\"inLanguage\":\"pt-BR\"},{\"@type\":\"WebPage\",\"@id\":\"https:\/\/noticiaempauta.com\/portal\/itainopolis-fieis-se-preparam-para-celebrar-a-68a-festa-de-nossa-senhora-de-fatima-confira-programacao\/\",\"url\":\"https:\/\/noticiaempauta.com\/portal\/itainopolis-fieis-se-preparam-para-celebrar-a-68a-festa-de-nossa-senhora-de-fatima-confira-programacao\/\",\"name\":\"Itain\u00f3polis | Fi\u00e9is se preparam para celebrar a 68\u00aa Festa de Nossa Senhora de F\u00e1tima; confira programa\u00e7\u00e3o - Portal Not\u00edcia em Pauta\",\"isPartOf\":{\"@id\":\"https:\/\/noticiaempauta.com\/portal\/#website\"},\"primaryImageOfPage\":{\"@id\":\"https:\/\/noticiaempauta.com\/portal\/itainopolis-fieis-se-preparam-para-celebrar-a-68a-festa-de-nossa-senhora-de-fatima-confira-programacao\/#primaryimage\"},\"image\":{\"@id\":\"https:\/\/noticiaempauta.com\/portal\/itainopolis-fieis-se-preparam-para-celebrar-a-68a-festa-de-nossa-senhora-de-fatima-confira-programacao\/#primaryimage\"},\"thumbnailUrl\":\"https:\/\/noticiaempauta.com\/portal\/wp-content\/uploads\/2026\/04\/IMG_1167.jpg-r52lc6cptf8zdkjzq3396kty7lsmydt0i0u9e594cg.webp\",\"datePublished\":\"2026-04-27T14:28:40+00:00\",\"dateModified\":\"2026-04-27T14:28:41+00:00\",\"breadcrumb\":{\"@id\":\"https:\/\/noticiaempauta.com\/portal\/itainopolis-fieis-se-preparam-para-celebrar-a-68a-festa-de-nossa-senhora-de-fatima-confira-programacao\/#breadcrumb\"},\"inLanguage\":\"pt-BR\",\"potentialAction\":[{\"@type\":\"ReadAction\",\"target\":[\"https:\/\/noticiaempauta.com\/portal\/itainopolis-fieis-se-preparam-para-celebrar-a-68a-festa-de-nossa-senhora-de-fatima-confira-programacao\/\"]}]},{\"@type\":\"ImageObject\",\"inLanguage\":\"pt-BR\",\"@id\":\"https:\/\/noticiaempauta.com\/portal\/itainopolis-fieis-se-preparam-para-celebrar-a-68a-festa-de-nossa-senhora-de-fatima-confira-programacao\/#primaryimage\",\"url\":\"https:\/\/noticiaempauta.com\/portal\/wp-content\/uploads\/2026\/04\/IMG_1167.jpg-r52lc6cptf8zdkjzq3396kty7lsmydt0i0u9e594cg.webp\",\"contentUrl\":\"https:\/\/noticiaempauta.com\/portal\/wp-content\/uploads\/2026\/04\/IMG_1167.jpg-r52lc6cptf8zdkjzq3396kty7lsmydt0i0u9e594cg.webp\",\"width\":1200,\"height\":800,\"caption\":\"(Foto: Arquivo\/NoticiaEmPauta)\"},{\"@type\":\"BreadcrumbList\",\"@id\":\"https:\/\/noticiaempauta.com\/portal\/itainopolis-fieis-se-preparam-para-celebrar-a-68a-festa-de-nossa-senhora-de-fatima-confira-programacao\/#breadcrumb\",\"itemListElement\":[{\"@type\":\"ListItem\",\"position\":1,\"name\":\"P\u00e1gina Inicial\",\"item\":\"https:\/\/noticiaempauta.com\/portal\/\"},{\"@type\":\"ListItem\",\"position\":2,\"name\":\"Destaques\",\"item\":\"https:\/\/noticiaempauta.com\/portal\/destaques-site\/\"},{\"@type\":\"ListItem\",\"position\":3,\"name\":\"Itain\u00f3polis | Fi\u00e9is se preparam para celebrar a 68\u00aa Festa de Nossa Senhora de F\u00e1tima; confira programa\u00e7\u00e3o\"}]},{\"@type\":\"WebSite\",\"@id\":\"https:\/\/noticiaempauta.com\/portal\/#website\",\"url\":\"https:\/\/noticiaempauta.com\/portal\/\",\"name\":\"Portal Not\u00edcia em Pauta\",\"description\":\"Voc\u00ea bem informado\",\"publisher\":{\"@id\":\"https:\/\/noticiaempauta.com\/portal\/#organization\"},\"potentialAction\":[{\"@type\":\"SearchAction\",\"target\":{\"@type\":\"EntryPoint\",\"urlTemplate\":\"https:\/\/noticiaempauta.com\/portal\/?s={search_term_string}\"},\"query-input\":{\"@type\":\"PropertyValueSpecification\",\"valueRequired\":true,\"valueName\":\"search_term_string\"}}],\"inLanguage\":\"pt-BR\"},{\"@type\":\"Organization\",\"@id\":\"https:\/\/noticiaempauta.com\/portal\/#organization\",\"name\":\"Portal Not\u00edcia em Pauta\",\"url\":\"https:\/\/noticiaempauta.com\/portal\/\",\"logo\":{\"@type\":\"ImageObject\",\"inLanguage\":\"pt-BR\",\"@id\":\"https:\/\/noticiaempauta.com\/portal\/#\/schema\/logo\/image\/\",\"url\":\"https:\/\/noticiaempauta.com\/portal\/wp-content\/uploads\/2022\/08\/logomarca_tema.fw_.png\",\"contentUrl\":\"https:\/\/noticiaempauta.com\/portal\/wp-content\/uploads\/2022\/08\/logomarca_tema.fw_.png\",\"width\":400,\"height\":232,\"caption\":\"Portal Not\u00edcia em Pauta\"},\"image\":{\"@id\":\"https:\/\/noticiaempauta.com\/portal\/#\/schema\/logo\/image\/\"},\"sameAs\":[\"https:\/\/www.facebook.com\/Portal-Notcia-Em-Pauta-102292869264820\/\",\"https:\/\/www.instagram.com\/portalnoticiaempauta\/\"]},{\"@type\":\"Person\",\"@id\":\"https:\/\/noticiaempauta.com\/portal\/#\/schema\/person\/a74af43dd1ab3deca45f988c717d57ac\",\"name\":\"Reda\u00e7\u00e3o\",\"image\":{\"@type\":\"ImageObject\",\"inLanguage\":\"pt-BR\",\"@id\":\"https:\/\/noticiaempauta.com\/portal\/#\/schema\/person\/image\/\",\"url\":\"https:\/\/secure.gravatar.com\/avatar\/03179346ecce6cdfc13361603e8f54242a90e5cde8618fa23c5c00aa2b0aadf3?s=96&d=mm&r=g\",\"contentUrl\":\"https:\/\/secure.gravatar.com\/avatar\/03179346ecce6cdfc13361603e8f54242a90e5cde8618fa23c5c00aa2b0aadf3?s=96&d=mm&r=g\",\"caption\":\"Reda\u00e7\u00e3o\"},\"sameAs\":[\"https:\/\/noticiaempauta.com\/portal\/\"],\"url\":\"https:\/\/noticiaempauta.com\/portal\/author\/fernando\/\"}]}<\/script>\n<!-- \/ Yoast SEO Premium plugin. -->","yoast_head_json":{"title":"Itain\u00f3polis | Fi\u00e9is se preparam para celebrar a 68\u00aa Festa de Nossa Senhora de F\u00e1tima; confira programa\u00e7\u00e3o - Portal Not\u00edcia em Pauta","robots":{"index":"index","follow":"follow","max-snippet":"max-snippet:-1","max-image-preview":"max-image-preview:large","max-video-preview":"max-video-preview:-1"},"canonical":"https:\/\/noticiaempauta.com\/portal\/itainopolis-fieis-se-preparam-para-celebrar-a-68a-festa-de-nossa-senhora-de-fatima-confira-programacao\/","og_locale":"pt_BR","og_type":"article","og_title":"Itain\u00f3polis | Fi\u00e9is se preparam para celebrar a 68\u00aa Festa de Nossa Senhora de F\u00e1tima; confira programa\u00e7\u00e3o","og_description":"A comunidade cat\u00f3lica de Itain\u00f3polis-PI se prepara para celebrar de 04 a 13 de maio, a\u00a068\u00aa Festa de Nossa Senhora de F\u00e1tima, \u00a0Co-padroeira do munic\u00edpio. Neste ano, o festa conta com o tema\u00a0\u201c\u00a0Virgem de F\u00e1tima, M\u00e3e da Provid\u00eancia e da Partilha \u201c. A 68\u00aa festa de Nossa Senhora de F\u00e1tima ter\u00e1 in\u00edcio na pr\u00f3xima segunda-feira, [&hellip;]","og_url":"https:\/\/noticiaempauta.com\/portal\/itainopolis-fieis-se-preparam-para-celebrar-a-68a-festa-de-nossa-senhora-de-fatima-confira-programacao\/","og_site_name":"Portal Not\u00edcia em Pauta","article_publisher":"https:\/\/www.facebook.com\/Portal-Notcia-Em-Pauta-102292869264820\/","article_published_time":"2026-04-27T14:28:40+00:00","article_modified_time":"2026-04-27T14:28:41+00:00","og_image":[{"width":1200,"height":800,"url":"https:\/\/noticiaempauta.com\/portal\/wp-content\/uploads\/2026\/04\/IMG_1167.jpg-r52lc6cptf8zdkjzq3396kty7lsmydt0i0u9e594cg.webp","type":"image\/webp"}],"author":"Reda\u00e7\u00e3o","twitter_card":"summary_large_image","twitter_misc":{"Escrito por":"Reda\u00e7\u00e3o","Est. tempo de leitura":"4 minutos"},"schema":{"@context":"https:\/\/schema.org","@graph":[{"@type":"Article","@id":"https:\/\/noticiaempauta.com\/portal\/itainopolis-fieis-se-preparam-para-celebrar-a-68a-festa-de-nossa-senhora-de-fatima-confira-programacao\/#article","isPartOf":{"@id":"https:\/\/noticiaempauta.com\/portal\/itainopolis-fieis-se-preparam-para-celebrar-a-68a-festa-de-nossa-senhora-de-fatima-confira-programacao\/"},"author":{"name":"Reda\u00e7\u00e3o","@id":"https:\/\/noticiaempauta.com\/portal\/#\/schema\/person\/a74af43dd1ab3deca45f988c717d57ac"},"headline":"Itain\u00f3polis | Fi\u00e9is se preparam para celebrar a 68\u00aa Festa de Nossa Senhora de F\u00e1tima; confira programa\u00e7\u00e3o","datePublished":"2026-04-27T14:28:40+00:00","dateModified":"2026-04-27T14:28:41+00:00","mainEntityOfPage":{"@id":"https:\/\/noticiaempauta.com\/portal\/itainopolis-fieis-se-preparam-para-celebrar-a-68a-festa-de-nossa-senhora-de-fatima-confira-programacao\/"},"wordCount":592,"publisher":{"@id":"https:\/\/noticiaempauta.com\/portal\/#organization"},"image":{"@id":"https:\/\/noticiaempauta.com\/portal\/itainopolis-fieis-se-preparam-para-celebrar-a-68a-festa-de-nossa-senhora-de-fatima-confira-programacao\/#primaryimage"},"thumbnailUrl":"https:\/\/noticiaempauta.com\/portal\/wp-content\/uploads\/2026\/04\/IMG_1167.jpg-r52lc6cptf8zdkjzq3396kty7lsmydt0i0u9e594cg.webp","keywords":["destaqueprincipal"],"articleSection":["Destaques","Geral","Munic\u00edpios","Todas as Not\u00edcias"],"inLanguage":"pt-BR"},{"@type":"WebPage","@id":"https:\/\/noticiaempauta.com\/portal\/itainopolis-fieis-se-preparam-para-celebrar-a-68a-festa-de-nossa-senhora-de-fatima-confira-programacao\/","url":"https:\/\/noticiaempauta.com\/portal\/itainopolis-fieis-se-preparam-para-celebrar-a-68a-festa-de-nossa-senhora-de-fatima-confira-programacao\/","name":"Itain\u00f3polis | Fi\u00e9is se preparam para celebrar a 68\u00aa Festa de Nossa Senhora de F\u00e1tima; confira programa\u00e7\u00e3o - Portal Not\u00edcia em Pauta","isPartOf":{"@id":"https:\/\/noticiaempauta.com\/portal\/#website"},"primaryImageOfPage":{"@id":"https:\/\/noticiaempauta.com\/portal\/itainopolis-fieis-se-preparam-para-celebrar-a-68a-festa-de-nossa-senhora-de-fatima-confira-programacao\/#primaryimage"},"image":{"@id":"https:\/\/noticiaempauta.com\/portal\/itainopolis-fieis-se-preparam-para-celebrar-a-68a-festa-de-nossa-senhora-de-fatima-confira-programacao\/#primaryimage"},"thumbnailUrl":"https:\/\/noticiaempauta.com\/portal\/wp-content\/uploads\/2026\/04\/IMG_1167.jpg-r52lc6cptf8zdkjzq3396kty7lsmydt0i0u9e594cg.webp","datePublished":"2026-04-27T14:28:40+00:00","dateModified":"2026-04-27T14:28:41+00:00","breadcrumb":{"@id":"https:\/\/noticiaempauta.com\/portal\/itainopolis-fieis-se-preparam-para-celebrar-a-68a-festa-de-nossa-senhora-de-fatima-confira-programacao\/#breadcrumb"},"inLanguage":"pt-BR","potentialAction":[{"@type":"ReadAction","target":["https:\/\/noticiaempauta.com\/portal\/itainopolis-fieis-se-preparam-para-celebrar-a-68a-festa-de-nossa-senhora-de-fatima-confira-programacao\/"]}]},{"@type":"ImageObject","inLanguage":"pt-BR","@id":"https:\/\/noticiaempauta.com\/portal\/itainopolis-fieis-se-preparam-para-celebrar-a-68a-festa-de-nossa-senhora-de-fatima-confira-programacao\/#primaryimage","url":"https:\/\/noticiaempauta.com\/portal\/wp-content\/uploads\/2026\/04\/IMG_1167.jpg-r52lc6cptf8zdkjzq3396kty7lsmydt0i0u9e594cg.webp","contentUrl":"https:\/\/noticiaempauta.com\/portal\/wp-content\/uploads\/2026\/04\/IMG_1167.jpg-r52lc6cptf8zdkjzq3396kty7lsmydt0i0u9e594cg.webp","width":1200,"height":800,"caption":"(Foto: Arquivo\/NoticiaEmPauta)"},{"@type":"BreadcrumbList","@id":"https:\/\/noticiaempauta.com\/portal\/itainopolis-fieis-se-preparam-para-celebrar-a-68a-festa-de-nossa-senhora-de-fatima-confira-programacao\/#breadcrumb","itemListElement":[{"@type":"ListItem","position":1,"name":"P\u00e1gina Inicial","item":"https:\/\/noticiaempauta.com\/portal\/"},{"@type":"ListItem","position":2,"name":"Destaques","item":"https:\/\/noticiaempauta.com\/portal\/destaques-site\/"},{"@type":"ListItem","position":3,"name":"Itain\u00f3polis | Fi\u00e9is se preparam para celebrar a 68\u00aa Festa de Nossa Senhora de F\u00e1tima; confira programa\u00e7\u00e3o"}]},{"@type":"WebSite","@id":"https:\/\/noticiaempauta.com\/portal\/#website","url":"https:\/\/noticiaempauta.com\/portal\/","name":"Portal Not\u00edcia em Pauta","description":"Voc\u00ea bem informado","publisher":{"@id":"https:\/\/noticiaempauta.com\/portal\/#organization"},"potentialAction":[{"@type":"SearchAction","target":{"@type":"EntryPoint","urlTemplate":"https:\/\/noticiaempauta.com\/portal\/?s={search_term_string}"},"query-input":{"@type":"PropertyValueSpecification","valueRequired":true,"valueName":"search_term_string"}}],"inLanguage":"pt-BR"},{"@type":"Organization","@id":"https:\/\/noticiaempauta.com\/portal\/#organization","name":"Portal Not\u00edcia em Pauta","url":"https:\/\/noticiaempauta.com\/portal\/","logo":{"@type":"ImageObject","inLanguage":"pt-BR","@id":"https:\/\/noticiaempauta.com\/portal\/#\/schema\/logo\/image\/","url":"https:\/\/noticiaempauta.com\/portal\/wp-content\/uploads\/2022\/08\/logomarca_tema.fw_.png","contentUrl":"https:\/\/noticiaempauta.com\/portal\/wp-content\/uploads\/2022\/08\/logomarca_tema.fw_.png","width":400,"height":232,"caption":"Portal Not\u00edcia em Pauta"},"image":{"@id":"https:\/\/noticiaempauta.com\/portal\/#\/schema\/logo\/image\/"},"sameAs":["https:\/\/www.facebook.com\/Portal-Notcia-Em-Pauta-102292869264820\/","https:\/\/www.instagram.com\/portalnoticiaempauta\/"]},{"@type":"Person","@id":"https:\/\/noticiaempauta.com\/portal\/#\/schema\/person\/a74af43dd1ab3deca45f988c717d57ac","name":"Reda\u00e7\u00e3o","image":{"@type":"ImageObject","inLanguage":"pt-BR","@id":"https:\/\/noticiaempauta.com\/portal\/#\/schema\/person\/image\/","url":"https:\/\/secure.gravatar.com\/avatar\/03179346ecce6cdfc13361603e8f54242a90e5cde8618fa23c5c00aa2b0aadf3?s=96&d=mm&r=g","contentUrl":"https:\/\/secure.gravatar.com\/avatar\/03179346ecce6cdfc13361603e8f54242a90e5cde8618fa23c5c00aa2b0aadf3?s=96&d=mm&r=g","caption":"Reda\u00e7\u00e3o"},"sameAs":["https:\/\/noticiaempauta.com\/portal\/"],"url":"https:\/\/noticiaempauta.com\/portal\/author\/fernando\/"}]}},"_links":{"self":[{"href":"https:\/\/noticiaempauta.com\/portal\/wp-json\/wp\/v2\/posts\/288001","targetHints":{"allow":["GET"]}}],"collection":[{"href":"https:\/\/noticiaempauta.com\/portal\/wp-json\/wp\/v2\/posts"}],"about":[{"href":"https:\/\/noticiaempauta.com\/portal\/wp-json\/wp\/v2\/types\/post"}],"author":[{"embeddable":true,"href":"https:\/\/noticiaempauta.com\/portal\/wp-json\/wp\/v2\/users\/2"}],"replies":[{"embeddable":true,"href":"https:\/\/noticiaempauta.com\/portal\/wp-json\/wp\/v2\/comments?post=288001"}],"version-history":[{"count":2,"href":"https:\/\/noticiaempauta.com\/portal\/wp-json\/wp\/v2\/posts\/288001\/revisions"}],"predecessor-version":[{"id":288005,"href":"https:\/\/noticiaempauta.com\/portal\/wp-json\/wp\/v2\/posts\/288001\/revisions\/288005"}],"wp:featuredmedia":[{"embeddable":true,"href":"https:\/\/noticiaempauta.com\/portal\/wp-json\/wp\/v2\/media\/288002"}],"wp:attachment":[{"href":"https:\/\/noticiaempauta.com\/portal\/wp-json\/wp\/v2\/media?parent=288001"}],"wp:term":[{"taxonomy":"category","embeddable":true,"href":"https:\/\/noticiaempauta.com\/portal\/wp-json\/wp\/v2\/categories?post=288001"},{"taxonomy":"post_tag","embeddable":true,"href":"https:\/\/noticiaempauta.com\/portal\/wp-json\/wp\/v2\/tags?post=288001"}],"curies":[{"name":"wp","href":"https:\/\/api.w.org\/{rel}","templated":true}]}}