{"id":288006,"date":"2026-04-27T12:40:05","date_gmt":"2026-04-27T15:40:05","guid":{"rendered":"https:\/\/noticiaempauta.com\/portal\/?p=288006"},"modified":"2026-04-27T12:40:07","modified_gmt":"2026-04-27T15:40:07","slug":"furtos-de-cabos-eletricos-prejudicam-abastecimento-em-diversos-bairros-de-picos","status":"publish","type":"post","link":"https:\/\/noticiaempauta.com\/portal\/furtos-de-cabos-eletricos-prejudicam-abastecimento-em-diversos-bairros-de-picos\/","title":{"rendered":"Furtos de cabos el\u00e9tricos prejudicam abastecimento em diversos bairros de Picos"},"content":{"rendered":"\n<p>A \u00c1guas do Piau\u00ed registrou, no \u00faltimo dia 23 de abril, a subtra\u00e7\u00e3o indevida de cabos el\u00e9tricos em um po\u00e7o localizado no bairro Aerol\u00e2ndia, em Picos, realizada por terceiros, sem consentimento da concession\u00e1ria. O dano comprometeu o funcionamento da unidade, deixando o sistema inoperante e ocasionando a interrup\u00e7\u00e3o no abastecimento de \u00e1gua em diversos bairros da cidade. Foram afetadas as regi\u00f5es do Centro, Aerol\u00e2ndia, Boa Vista, Bela Vista, Paroquial, Ema\u00fas, Malva, parte do Aroeiras do Matadouro, Passagem das Pedras, Canto da V\u00e1rzea e parte do Catavento.<\/p>\n\n\n\n<figure class=\"wp-block-image size-large\"><img fetchpriority=\"high\" decoding=\"async\" width=\"1024\" height=\"771\" src=\"https:\/\/noticiaempauta.com\/portal\/wp-content\/uploads\/2026\/04\/f4ef3a32-a7ef-43e3-9717-f7cb84c073d7-1024x771.webp\" alt=\"\" class=\"wp-image-288007\" srcset=\"https:\/\/noticiaempauta.com\/portal\/wp-content\/uploads\/2026\/04\/f4ef3a32-a7ef-43e3-9717-f7cb84c073d7-1024x771.webp 1024w, https:\/\/noticiaempauta.com\/portal\/wp-content\/uploads\/2026\/04\/f4ef3a32-a7ef-43e3-9717-f7cb84c073d7-300x226.webp 300w, https:\/\/noticiaempauta.com\/portal\/wp-content\/uploads\/2026\/04\/f4ef3a32-a7ef-43e3-9717-f7cb84c073d7-768x578.webp 768w, https:\/\/noticiaempauta.com\/portal\/wp-content\/uploads\/2026\/04\/f4ef3a32-a7ef-43e3-9717-f7cb84c073d7-1536x1156.webp 1536w, https:\/\/noticiaempauta.com\/portal\/wp-content\/uploads\/2026\/04\/f4ef3a32-a7ef-43e3-9717-f7cb84c073d7.webp 1600w\" sizes=\"(max-width: 1024px) 100vw, 1024px\" \/><\/figure>\n\n\n\n<p>Ap\u00f3s a identifica\u00e7\u00e3o do problema, equipes t\u00e9cnicas iniciaram de forma imediata os servi\u00e7os de corre\u00e7\u00e3o, com a reposi\u00e7\u00e3o dos fios el\u00e9tricos e ajustes no quadro de comando, restabelecendo o funcionamento do po\u00e7o na tarde do mesmo dia, normalizando o abastecimento desde ent\u00e3o. De acordo com o Coordenador de Opera\u00e7\u00f5es e Servi\u00e7os da \u00c1guas do Piau\u00ed, Arnon Miranda, a\u00e7\u00f5es como essa impactam diretamente a presta\u00e7\u00e3o dos servi\u00e7os \u00e0 popula\u00e7\u00e3o. \u201cO furto de cabos compromete o funcionamento dos po\u00e7os e interrompe o abastecimento de forma imediata. Nossas equipes atuam com agilidade para recuperar o sistema, mas \u00e9 importante destacar que essas a\u00e7\u00f5es afetam diretamente a popula\u00e7\u00e3o atendida\u201d, ressalta.<\/p>\n\n\n\n<p>Somente nos \u00faltimos meses, o sistema da regi\u00e3o tem sido alvo recorrente de ocorr\u00eancias dessa natureza. Em janeiro de 2026, foi registrado o furto da mangueira de abastecimento de um dos po\u00e7os do bairro Aerol\u00e2ndia. Al\u00e9m disso, outras sete ocorr\u00eancias, incluindo desligamento do quadro el\u00e9trico, quebra de equipamentos e novos furtos de fios, foram registradas.<\/p>\n\n\n\n<p>Reparo de rede no bairro Boa Vista<br>Nesta segunda-feira (27), equipes da concession\u00e1ria tamb\u00e9m realizam um reparo de rede no bairro Boa Vista para corrigir um vazamento de grandes propor\u00e7\u00f5es. Para a execu\u00e7\u00e3o do servi\u00e7o, o sistema de abastecimento precisou ser temporariamente desligado. A previs\u00e3o \u00e9 que o reparo seja conclu\u00eddo por volta das 17h, com a religa\u00e7\u00e3o do sistema e a retomada gradual do fornecimento de \u00e1gua.<\/p>\n\n\n\n<p>Ascom\/\u00c1guas dos Piau\u00ed <\/p>\n\n\n\n<p><\/p>\n","protected":false},"excerpt":{"rendered":"<p>A \u00c1guas do Piau\u00ed registrou, no \u00faltimo dia 23 de abril, a subtra\u00e7\u00e3o indevida de cabos el\u00e9tricos em um po\u00e7o localizado no bairro Aerol\u00e2ndia, em Picos, realizada por terceiros, sem consentimento da concession\u00e1ria. O dano comprometeu o funcionamento da unidade, deixando o sistema inoperante e ocasionando a interrup\u00e7\u00e3o no abastecimento de \u00e1gua em diversos bairros [&hellip;]<\/p>\n","protected":false},"author":2,"featured_media":288007,"comment_status":"closed","ping_status":"closed","sticky":false,"template":"","format":"standard","meta":{"_mi_skip_tracking":false,"footnotes":""},"categories":[25,1,137,16],"tags":[192],"class_list":["post-288006","post","type-post","status-publish","format-standard","has-post-thumbnail","hentry","category-destaques-site","category-geral","category-policia","category-todas","tag-destaqueprincipal"],"acf":[],"yoast_head":"<!-- This site is optimized with the Yoast SEO Premium plugin v19.2 (Yoast SEO v26.9) - https:\/\/yoast.com\/product\/yoast-seo-premium-wordpress\/ -->\n<title>Furtos de cabos el\u00e9tricos prejudicam abastecimento em diversos bairros de Picos - Portal Not\u00edcia em Pauta<\/title>\n<meta name=\"robots\" content=\"index, follow, max-snippet:-1, max-image-preview:large, max-video-preview:-1\" \/>\n<link rel=\"canonical\" href=\"https:\/\/noticiaempauta.com\/portal\/furtos-de-cabos-eletricos-prejudicam-abastecimento-em-diversos-bairros-de-picos\/\" \/>\n<meta property=\"og:locale\" content=\"pt_BR\" \/>\n<meta property=\"og:type\" content=\"article\" \/>\n<meta property=\"og:title\" content=\"Furtos de cabos el\u00e9tricos prejudicam abastecimento em diversos bairros de Picos\" \/>\n<meta property=\"og:description\" content=\"A \u00c1guas do Piau\u00ed registrou, no \u00faltimo dia 23 de abril, a subtra\u00e7\u00e3o indevida de cabos el\u00e9tricos em um po\u00e7o localizado no bairro Aerol\u00e2ndia, em Picos, realizada por terceiros, sem consentimento da concession\u00e1ria. O dano comprometeu o funcionamento da unidade, deixando o sistema inoperante e ocasionando a interrup\u00e7\u00e3o no abastecimento de \u00e1gua em diversos bairros [&hellip;]\" \/>\n<meta property=\"og:url\" content=\"https:\/\/noticiaempauta.com\/portal\/furtos-de-cabos-eletricos-prejudicam-abastecimento-em-diversos-bairros-de-picos\/\" \/>\n<meta property=\"og:site_name\" content=\"Portal Not\u00edcia em Pauta\" \/>\n<meta property=\"article:publisher\" content=\"https:\/\/www.facebook.com\/Portal-Notcia-Em-Pauta-102292869264820\/\" \/>\n<meta property=\"article:published_time\" content=\"2026-04-27T15:40:05+00:00\" \/>\n<meta property=\"article:modified_time\" content=\"2026-04-27T15:40:07+00:00\" \/>\n<meta property=\"og:image\" content=\"https:\/\/noticiaempauta.com\/portal\/wp-content\/uploads\/2026\/04\/f4ef3a32-a7ef-43e3-9717-f7cb84c073d7.webp\" \/>\n\t<meta property=\"og:image:width\" content=\"1600\" \/>\n\t<meta property=\"og:image:height\" content=\"1204\" \/>\n\t<meta property=\"og:image:type\" content=\"image\/webp\" \/>\n<meta name=\"author\" content=\"Reda\u00e7\u00e3o\" \/>\n<meta name=\"twitter:card\" content=\"summary_large_image\" \/>\n<meta name=\"twitter:label1\" content=\"Escrito por\" \/>\n\t<meta name=\"twitter:data1\" content=\"Reda\u00e7\u00e3o\" \/>\n\t<meta name=\"twitter:label2\" content=\"Est. tempo de leitura\" \/>\n\t<meta name=\"twitter:data2\" content=\"3 minutos\" \/>\n<script type=\"application\/ld+json\" class=\"yoast-schema-graph\">{\"@context\":\"https:\/\/schema.org\",\"@graph\":[{\"@type\":\"Article\",\"@id\":\"https:\/\/noticiaempauta.com\/portal\/furtos-de-cabos-eletricos-prejudicam-abastecimento-em-diversos-bairros-de-picos\/#article\",\"isPartOf\":{\"@id\":\"https:\/\/noticiaempauta.com\/portal\/furtos-de-cabos-eletricos-prejudicam-abastecimento-em-diversos-bairros-de-picos\/\"},\"author\":{\"name\":\"Reda\u00e7\u00e3o\",\"@id\":\"https:\/\/noticiaempauta.com\/portal\/#\/schema\/person\/a74af43dd1ab3deca45f988c717d57ac\"},\"headline\":\"Furtos de cabos el\u00e9tricos prejudicam abastecimento em diversos bairros de Picos\",\"datePublished\":\"2026-04-27T15:40:05+00:00\",\"dateModified\":\"2026-04-27T15:40:07+00:00\",\"mainEntityOfPage\":{\"@id\":\"https:\/\/noticiaempauta.com\/portal\/furtos-de-cabos-eletricos-prejudicam-abastecimento-em-diversos-bairros-de-picos\/\"},\"wordCount\":367,\"publisher\":{\"@id\":\"https:\/\/noticiaempauta.com\/portal\/#organization\"},\"image\":{\"@id\":\"https:\/\/noticiaempauta.com\/portal\/furtos-de-cabos-eletricos-prejudicam-abastecimento-em-diversos-bairros-de-picos\/#primaryimage\"},\"thumbnailUrl\":\"https:\/\/noticiaempauta.com\/portal\/wp-content\/uploads\/2026\/04\/f4ef3a32-a7ef-43e3-9717-f7cb84c073d7.webp\",\"keywords\":[\"destaqueprincipal\"],\"articleSection\":[\"Destaques\",\"Geral\",\"Pol\u00edcia\",\"Todas as Not\u00edcias\"],\"inLanguage\":\"pt-BR\"},{\"@type\":\"WebPage\",\"@id\":\"https:\/\/noticiaempauta.com\/portal\/furtos-de-cabos-eletricos-prejudicam-abastecimento-em-diversos-bairros-de-picos\/\",\"url\":\"https:\/\/noticiaempauta.com\/portal\/furtos-de-cabos-eletricos-prejudicam-abastecimento-em-diversos-bairros-de-picos\/\",\"name\":\"Furtos de cabos el\u00e9tricos prejudicam abastecimento em diversos bairros de Picos - Portal Not\u00edcia em Pauta\",\"isPartOf\":{\"@id\":\"https:\/\/noticiaempauta.com\/portal\/#website\"},\"primaryImageOfPage\":{\"@id\":\"https:\/\/noticiaempauta.com\/portal\/furtos-de-cabos-eletricos-prejudicam-abastecimento-em-diversos-bairros-de-picos\/#primaryimage\"},\"image\":{\"@id\":\"https:\/\/noticiaempauta.com\/portal\/furtos-de-cabos-eletricos-prejudicam-abastecimento-em-diversos-bairros-de-picos\/#primaryimage\"},\"thumbnailUrl\":\"https:\/\/noticiaempauta.com\/portal\/wp-content\/uploads\/2026\/04\/f4ef3a32-a7ef-43e3-9717-f7cb84c073d7.webp\",\"datePublished\":\"2026-04-27T15:40:05+00:00\",\"dateModified\":\"2026-04-27T15:40:07+00:00\",\"breadcrumb\":{\"@id\":\"https:\/\/noticiaempauta.com\/portal\/furtos-de-cabos-eletricos-prejudicam-abastecimento-em-diversos-bairros-de-picos\/#breadcrumb\"},\"inLanguage\":\"pt-BR\",\"potentialAction\":[{\"@type\":\"ReadAction\",\"target\":[\"https:\/\/noticiaempauta.com\/portal\/furtos-de-cabos-eletricos-prejudicam-abastecimento-em-diversos-bairros-de-picos\/\"]}]},{\"@type\":\"ImageObject\",\"inLanguage\":\"pt-BR\",\"@id\":\"https:\/\/noticiaempauta.com\/portal\/furtos-de-cabos-eletricos-prejudicam-abastecimento-em-diversos-bairros-de-picos\/#primaryimage\",\"url\":\"https:\/\/noticiaempauta.com\/portal\/wp-content\/uploads\/2026\/04\/f4ef3a32-a7ef-43e3-9717-f7cb84c073d7.webp\",\"contentUrl\":\"https:\/\/noticiaempauta.com\/portal\/wp-content\/uploads\/2026\/04\/f4ef3a32-a7ef-43e3-9717-f7cb84c073d7.webp\",\"width\":1600,\"height\":1204},{\"@type\":\"BreadcrumbList\",\"@id\":\"https:\/\/noticiaempauta.com\/portal\/furtos-de-cabos-eletricos-prejudicam-abastecimento-em-diversos-bairros-de-picos\/#breadcrumb\",\"itemListElement\":[{\"@type\":\"ListItem\",\"position\":1,\"name\":\"P\u00e1gina Inicial\",\"item\":\"https:\/\/noticiaempauta.com\/portal\/\"},{\"@type\":\"ListItem\",\"position\":2,\"name\":\"Destaques\",\"item\":\"https:\/\/noticiaempauta.com\/portal\/destaques-site\/\"},{\"@type\":\"ListItem\",\"position\":3,\"name\":\"Furtos de cabos el\u00e9tricos prejudicam abastecimento em diversos bairros de Picos\"}]},{\"@type\":\"WebSite\",\"@id\":\"https:\/\/noticiaempauta.com\/portal\/#website\",\"url\":\"https:\/\/noticiaempauta.com\/portal\/\",\"name\":\"Portal Not\u00edcia em Pauta\",\"description\":\"Voc\u00ea bem informado\",\"publisher\":{\"@id\":\"https:\/\/noticiaempauta.com\/portal\/#organization\"},\"potentialAction\":[{\"@type\":\"SearchAction\",\"target\":{\"@type\":\"EntryPoint\",\"urlTemplate\":\"https:\/\/noticiaempauta.com\/portal\/?s={search_term_string}\"},\"query-input\":{\"@type\":\"PropertyValueSpecification\",\"valueRequired\":true,\"valueName\":\"search_term_string\"}}],\"inLanguage\":\"pt-BR\"},{\"@type\":\"Organization\",\"@id\":\"https:\/\/noticiaempauta.com\/portal\/#organization\",\"name\":\"Portal Not\u00edcia em Pauta\",\"url\":\"https:\/\/noticiaempauta.com\/portal\/\",\"logo\":{\"@type\":\"ImageObject\",\"inLanguage\":\"pt-BR\",\"@id\":\"https:\/\/noticiaempauta.com\/portal\/#\/schema\/logo\/image\/\",\"url\":\"https:\/\/noticiaempauta.com\/portal\/wp-content\/uploads\/2022\/08\/logomarca_tema.fw_.png\",\"contentUrl\":\"https:\/\/noticiaempauta.com\/portal\/wp-content\/uploads\/2022\/08\/logomarca_tema.fw_.png\",\"width\":400,\"height\":232,\"caption\":\"Portal Not\u00edcia em Pauta\"},\"image\":{\"@id\":\"https:\/\/noticiaempauta.com\/portal\/#\/schema\/logo\/image\/\"},\"sameAs\":[\"https:\/\/www.facebook.com\/Portal-Notcia-Em-Pauta-102292869264820\/\",\"https:\/\/www.instagram.com\/portalnoticiaempauta\/\"]},{\"@type\":\"Person\",\"@id\":\"https:\/\/noticiaempauta.com\/portal\/#\/schema\/person\/a74af43dd1ab3deca45f988c717d57ac\",\"name\":\"Reda\u00e7\u00e3o\",\"image\":{\"@type\":\"ImageObject\",\"inLanguage\":\"pt-BR\",\"@id\":\"https:\/\/noticiaempauta.com\/portal\/#\/schema\/person\/image\/\",\"url\":\"https:\/\/secure.gravatar.com\/avatar\/03179346ecce6cdfc13361603e8f54242a90e5cde8618fa23c5c00aa2b0aadf3?s=96&d=mm&r=g\",\"contentUrl\":\"https:\/\/secure.gravatar.com\/avatar\/03179346ecce6cdfc13361603e8f54242a90e5cde8618fa23c5c00aa2b0aadf3?s=96&d=mm&r=g\",\"caption\":\"Reda\u00e7\u00e3o\"},\"sameAs\":[\"https:\/\/noticiaempauta.com\/portal\/\"],\"url\":\"https:\/\/noticiaempauta.com\/portal\/author\/fernando\/\"}]}<\/script>\n<!-- \/ Yoast SEO Premium plugin. -->","yoast_head_json":{"title":"Furtos de cabos el\u00e9tricos prejudicam abastecimento em diversos bairros de Picos - Portal Not\u00edcia em Pauta","robots":{"index":"index","follow":"follow","max-snippet":"max-snippet:-1","max-image-preview":"max-image-preview:large","max-video-preview":"max-video-preview:-1"},"canonical":"https:\/\/noticiaempauta.com\/portal\/furtos-de-cabos-eletricos-prejudicam-abastecimento-em-diversos-bairros-de-picos\/","og_locale":"pt_BR","og_type":"article","og_title":"Furtos de cabos el\u00e9tricos prejudicam abastecimento em diversos bairros de Picos","og_description":"A \u00c1guas do Piau\u00ed registrou, no \u00faltimo dia 23 de abril, a subtra\u00e7\u00e3o indevida de cabos el\u00e9tricos em um po\u00e7o localizado no bairro Aerol\u00e2ndia, em Picos, realizada por terceiros, sem consentimento da concession\u00e1ria. O dano comprometeu o funcionamento da unidade, deixando o sistema inoperante e ocasionando a interrup\u00e7\u00e3o no abastecimento de \u00e1gua em diversos bairros [&hellip;]","og_url":"https:\/\/noticiaempauta.com\/portal\/furtos-de-cabos-eletricos-prejudicam-abastecimento-em-diversos-bairros-de-picos\/","og_site_name":"Portal Not\u00edcia em Pauta","article_publisher":"https:\/\/www.facebook.com\/Portal-Notcia-Em-Pauta-102292869264820\/","article_published_time":"2026-04-27T15:40:05+00:00","article_modified_time":"2026-04-27T15:40:07+00:00","og_image":[{"width":1600,"height":1204,"url":"https:\/\/noticiaempauta.com\/portal\/wp-content\/uploads\/2026\/04\/f4ef3a32-a7ef-43e3-9717-f7cb84c073d7.webp","type":"image\/webp"}],"author":"Reda\u00e7\u00e3o","twitter_card":"summary_large_image","twitter_misc":{"Escrito por":"Reda\u00e7\u00e3o","Est. tempo de leitura":"3 minutos"},"schema":{"@context":"https:\/\/schema.org","@graph":[{"@type":"Article","@id":"https:\/\/noticiaempauta.com\/portal\/furtos-de-cabos-eletricos-prejudicam-abastecimento-em-diversos-bairros-de-picos\/#article","isPartOf":{"@id":"https:\/\/noticiaempauta.com\/portal\/furtos-de-cabos-eletricos-prejudicam-abastecimento-em-diversos-bairros-de-picos\/"},"author":{"name":"Reda\u00e7\u00e3o","@id":"https:\/\/noticiaempauta.com\/portal\/#\/schema\/person\/a74af43dd1ab3deca45f988c717d57ac"},"headline":"Furtos de cabos el\u00e9tricos prejudicam abastecimento em diversos bairros de Picos","datePublished":"2026-04-27T15:40:05+00:00","dateModified":"2026-04-27T15:40:07+00:00","mainEntityOfPage":{"@id":"https:\/\/noticiaempauta.com\/portal\/furtos-de-cabos-eletricos-prejudicam-abastecimento-em-diversos-bairros-de-picos\/"},"wordCount":367,"publisher":{"@id":"https:\/\/noticiaempauta.com\/portal\/#organization"},"image":{"@id":"https:\/\/noticiaempauta.com\/portal\/furtos-de-cabos-eletricos-prejudicam-abastecimento-em-diversos-bairros-de-picos\/#primaryimage"},"thumbnailUrl":"https:\/\/noticiaempauta.com\/portal\/wp-content\/uploads\/2026\/04\/f4ef3a32-a7ef-43e3-9717-f7cb84c073d7.webp","keywords":["destaqueprincipal"],"articleSection":["Destaques","Geral","Pol\u00edcia","Todas as Not\u00edcias"],"inLanguage":"pt-BR"},{"@type":"WebPage","@id":"https:\/\/noticiaempauta.com\/portal\/furtos-de-cabos-eletricos-prejudicam-abastecimento-em-diversos-bairros-de-picos\/","url":"https:\/\/noticiaempauta.com\/portal\/furtos-de-cabos-eletricos-prejudicam-abastecimento-em-diversos-bairros-de-picos\/","name":"Furtos de cabos el\u00e9tricos prejudicam abastecimento em diversos bairros de Picos - Portal Not\u00edcia em Pauta","isPartOf":{"@id":"https:\/\/noticiaempauta.com\/portal\/#website"},"primaryImageOfPage":{"@id":"https:\/\/noticiaempauta.com\/portal\/furtos-de-cabos-eletricos-prejudicam-abastecimento-em-diversos-bairros-de-picos\/#primaryimage"},"image":{"@id":"https:\/\/noticiaempauta.com\/portal\/furtos-de-cabos-eletricos-prejudicam-abastecimento-em-diversos-bairros-de-picos\/#primaryimage"},"thumbnailUrl":"https:\/\/noticiaempauta.com\/portal\/wp-content\/uploads\/2026\/04\/f4ef3a32-a7ef-43e3-9717-f7cb84c073d7.webp","datePublished":"2026-04-27T15:40:05+00:00","dateModified":"2026-04-27T15:40:07+00:00","breadcrumb":{"@id":"https:\/\/noticiaempauta.com\/portal\/furtos-de-cabos-eletricos-prejudicam-abastecimento-em-diversos-bairros-de-picos\/#breadcrumb"},"inLanguage":"pt-BR","potentialAction":[{"@type":"ReadAction","target":["https:\/\/noticiaempauta.com\/portal\/furtos-de-cabos-eletricos-prejudicam-abastecimento-em-diversos-bairros-de-picos\/"]}]},{"@type":"ImageObject","inLanguage":"pt-BR","@id":"https:\/\/noticiaempauta.com\/portal\/furtos-de-cabos-eletricos-prejudicam-abastecimento-em-diversos-bairros-de-picos\/#primaryimage","url":"https:\/\/noticiaempauta.com\/portal\/wp-content\/uploads\/2026\/04\/f4ef3a32-a7ef-43e3-9717-f7cb84c073d7.webp","contentUrl":"https:\/\/noticiaempauta.com\/portal\/wp-content\/uploads\/2026\/04\/f4ef3a32-a7ef-43e3-9717-f7cb84c073d7.webp","width":1600,"height":1204},{"@type":"BreadcrumbList","@id":"https:\/\/noticiaempauta.com\/portal\/furtos-de-cabos-eletricos-prejudicam-abastecimento-em-diversos-bairros-de-picos\/#breadcrumb","itemListElement":[{"@type":"ListItem","position":1,"name":"P\u00e1gina Inicial","item":"https:\/\/noticiaempauta.com\/portal\/"},{"@type":"ListItem","position":2,"name":"Destaques","item":"https:\/\/noticiaempauta.com\/portal\/destaques-site\/"},{"@type":"ListItem","position":3,"name":"Furtos de cabos el\u00e9tricos prejudicam abastecimento em diversos bairros de Picos"}]},{"@type":"WebSite","@id":"https:\/\/noticiaempauta.com\/portal\/#website","url":"https:\/\/noticiaempauta.com\/portal\/","name":"Portal Not\u00edcia em Pauta","description":"Voc\u00ea bem informado","publisher":{"@id":"https:\/\/noticiaempauta.com\/portal\/#organization"},"potentialAction":[{"@type":"SearchAction","target":{"@type":"EntryPoint","urlTemplate":"https:\/\/noticiaempauta.com\/portal\/?s={search_term_string}"},"query-input":{"@type":"PropertyValueSpecification","valueRequired":true,"valueName":"search_term_string"}}],"inLanguage":"pt-BR"},{"@type":"Organization","@id":"https:\/\/noticiaempauta.com\/portal\/#organization","name":"Portal Not\u00edcia em Pauta","url":"https:\/\/noticiaempauta.com\/portal\/","logo":{"@type":"ImageObject","inLanguage":"pt-BR","@id":"https:\/\/noticiaempauta.com\/portal\/#\/schema\/logo\/image\/","url":"https:\/\/noticiaempauta.com\/portal\/wp-content\/uploads\/2022\/08\/logomarca_tema.fw_.png","contentUrl":"https:\/\/noticiaempauta.com\/portal\/wp-content\/uploads\/2022\/08\/logomarca_tema.fw_.png","width":400,"height":232,"caption":"Portal Not\u00edcia em Pauta"},"image":{"@id":"https:\/\/noticiaempauta.com\/portal\/#\/schema\/logo\/image\/"},"sameAs":["https:\/\/www.facebook.com\/Portal-Notcia-Em-Pauta-102292869264820\/","https:\/\/www.instagram.com\/portalnoticiaempauta\/"]},{"@type":"Person","@id":"https:\/\/noticiaempauta.com\/portal\/#\/schema\/person\/a74af43dd1ab3deca45f988c717d57ac","name":"Reda\u00e7\u00e3o","image":{"@type":"ImageObject","inLanguage":"pt-BR","@id":"https:\/\/noticiaempauta.com\/portal\/#\/schema\/person\/image\/","url":"https:\/\/secure.gravatar.com\/avatar\/03179346ecce6cdfc13361603e8f54242a90e5cde8618fa23c5c00aa2b0aadf3?s=96&d=mm&r=g","contentUrl":"https:\/\/secure.gravatar.com\/avatar\/03179346ecce6cdfc13361603e8f54242a90e5cde8618fa23c5c00aa2b0aadf3?s=96&d=mm&r=g","caption":"Reda\u00e7\u00e3o"},"sameAs":["https:\/\/noticiaempauta.com\/portal\/"],"url":"https:\/\/noticiaempauta.com\/portal\/author\/fernando\/"}]}},"_links":{"self":[{"href":"https:\/\/noticiaempauta.com\/portal\/wp-json\/wp\/v2\/posts\/288006","targetHints":{"allow":["GET"]}}],"collection":[{"href":"https:\/\/noticiaempauta.com\/portal\/wp-json\/wp\/v2\/posts"}],"about":[{"href":"https:\/\/noticiaempauta.com\/portal\/wp-json\/wp\/v2\/types\/post"}],"author":[{"embeddable":true,"href":"https:\/\/noticiaempauta.com\/portal\/wp-json\/wp\/v2\/users\/2"}],"replies":[{"embeddable":true,"href":"https:\/\/noticiaempauta.com\/portal\/wp-json\/wp\/v2\/comments?post=288006"}],"version-history":[{"count":2,"href":"https:\/\/noticiaempauta.com\/portal\/wp-json\/wp\/v2\/posts\/288006\/revisions"}],"predecessor-version":[{"id":288009,"href":"https:\/\/noticiaempauta.com\/portal\/wp-json\/wp\/v2\/posts\/288006\/revisions\/288009"}],"wp:featuredmedia":[{"embeddable":true,"href":"https:\/\/noticiaempauta.com\/portal\/wp-json\/wp\/v2\/media\/288007"}],"wp:attachment":[{"href":"https:\/\/noticiaempauta.com\/portal\/wp-json\/wp\/v2\/media?parent=288006"}],"wp:term":[{"taxonomy":"category","embeddable":true,"href":"https:\/\/noticiaempauta.com\/portal\/wp-json\/wp\/v2\/categories?post=288006"},{"taxonomy":"post_tag","embeddable":true,"href":"https:\/\/noticiaempauta.com\/portal\/wp-json\/wp\/v2\/tags?post=288006"}],"curies":[{"name":"wp","href":"https:\/\/api.w.org\/{rel}","templated":true}]}}