{"id":288010,"date":"2026-04-27T14:59:56","date_gmt":"2026-04-27T17:59:56","guid":{"rendered":"https:\/\/noticiaempauta.com\/portal\/?p=288010"},"modified":"2026-04-27T14:59:57","modified_gmt":"2026-04-27T17:59:57","slug":"oficina-no-cras-de-aroeiras-do-itaim-reforca-importancia-da-empatia-compreensao-e-cuidado-com-o-autismo","status":"publish","type":"post","link":"https:\/\/noticiaempauta.com\/portal\/oficina-no-cras-de-aroeiras-do-itaim-reforca-importancia-da-empatia-compreensao-e-cuidado-com-o-autismo\/","title":{"rendered":"Oficina no CRAS de Aroeiras do Itaim refor\u00e7a import\u00e2ncia da empatia, compreens\u00e3o e cuidado com o autismo"},"content":{"rendered":"\n<p>Na manh\u00e3 desta segunda-feira, 27 de abril, a sede do CRAS de Aroeiras do Itaim foi palco da oficina \u201cCompreender para cuidar\u201d, um encontro marcado por aprendizado, troca de experi\u00eancias e fortalecimento de v\u00ednculos entre os participantes do Grupo de Idosos Mem\u00f3rias Vivas. A a\u00e7\u00e3o destacou a import\u00e2ncia da escuta sens\u00edvel e do olhar atento como ferramentas essenciais no cuidado e na promo\u00e7\u00e3o da inclus\u00e3o.<\/p>\n\n\n\n<figure class=\"wp-block-image size-large\"><img fetchpriority=\"high\" decoding=\"async\" width=\"1024\" height=\"768\" src=\"https:\/\/noticiaempauta.com\/portal\/wp-content\/uploads\/2026\/04\/WhatsApp-Image-2026-04-27-at-12.48.16-1024x768.webp\" alt=\"\" class=\"wp-image-288011\" srcset=\"https:\/\/noticiaempauta.com\/portal\/wp-content\/uploads\/2026\/04\/WhatsApp-Image-2026-04-27-at-12.48.16-1024x768.webp 1024w, https:\/\/noticiaempauta.com\/portal\/wp-content\/uploads\/2026\/04\/WhatsApp-Image-2026-04-27-at-12.48.16-300x225.webp 300w, https:\/\/noticiaempauta.com\/portal\/wp-content\/uploads\/2026\/04\/WhatsApp-Image-2026-04-27-at-12.48.16-768x576.webp 768w, https:\/\/noticiaempauta.com\/portal\/wp-content\/uploads\/2026\/04\/WhatsApp-Image-2026-04-27-at-12.48.16-1536x1152.webp 1536w, https:\/\/noticiaempauta.com\/portal\/wp-content\/uploads\/2026\/04\/WhatsApp-Image-2026-04-27-at-12.48.16.webp 1600w\" sizes=\"(max-width: 1024px) 100vw, 1024px\" \/><\/figure>\n\n\n\n<p>A abertura do evento foi conduzida pela secret\u00e1ria de Assist\u00eancia Social, Vanusa Moura, que ressaltou o papel do conhecimento na constru\u00e7\u00e3o de uma sociedade mais acolhedora. Em sua fala, ela enfatizou:<br>\u201cCuidar vai muito al\u00e9m de atitudes pr\u00e1ticas. Come\u00e7a na compreens\u00e3o, no respeito \u00e0s diferen\u00e7as e na disposi\u00e7\u00e3o de aprender com o outro. Quando a gente entende, a gente acolhe melhor, inclui de verdade e transforma realidades.\u201d<\/p>\n\n\n\n<figure class=\"wp-block-image size-large\"><img decoding=\"async\" width=\"768\" height=\"1024\" src=\"https:\/\/noticiaempauta.com\/portal\/wp-content\/uploads\/2026\/04\/WhatsApp-Image-2026-04-27-at-12.48.16-1-768x1024.webp\" alt=\"\" class=\"wp-image-288012\" srcset=\"https:\/\/noticiaempauta.com\/portal\/wp-content\/uploads\/2026\/04\/WhatsApp-Image-2026-04-27-at-12.48.16-1-768x1024.webp 768w, https:\/\/noticiaempauta.com\/portal\/wp-content\/uploads\/2026\/04\/WhatsApp-Image-2026-04-27-at-12.48.16-1-225x300.webp 225w, https:\/\/noticiaempauta.com\/portal\/wp-content\/uploads\/2026\/04\/WhatsApp-Image-2026-04-27-at-12.48.16-1-1152x1536.webp 1152w, https:\/\/noticiaempauta.com\/portal\/wp-content\/uploads\/2026\/04\/WhatsApp-Image-2026-04-27-at-12.48.16-1.webp 1200w\" sizes=\"(max-width: 768px) 100vw, 768px\" \/><\/figure>\n\n\n\n<p>A oficina contou ainda com a participa\u00e7\u00e3o das orientadoras sociais Fernanda Holanda e Dailani Rocha, al\u00e9m da psic\u00f3loga Jacinta Albuquerque, que conduziram atividades din\u00e2micas voltadas \u00e0 sensibiliza\u00e7\u00e3o dos participantes, promovendo reflex\u00f5es sobre empatia, respeito e conviv\u00eancia com as diferen\u00e7as.<\/p>\n\n\n\n<figure class=\"wp-block-image size-large\"><img decoding=\"async\" width=\"768\" height=\"1024\" src=\"https:\/\/noticiaempauta.com\/portal\/wp-content\/uploads\/2026\/04\/WhatsApp-Image-2026-04-27-at-12.48.15-768x1024.webp\" alt=\"\" class=\"wp-image-288013\" srcset=\"https:\/\/noticiaempauta.com\/portal\/wp-content\/uploads\/2026\/04\/WhatsApp-Image-2026-04-27-at-12.48.15-768x1024.webp 768w, https:\/\/noticiaempauta.com\/portal\/wp-content\/uploads\/2026\/04\/WhatsApp-Image-2026-04-27-at-12.48.15-225x300.webp 225w, https:\/\/noticiaempauta.com\/portal\/wp-content\/uploads\/2026\/04\/WhatsApp-Image-2026-04-27-at-12.48.15-1152x1536.webp 1152w, https:\/\/noticiaempauta.com\/portal\/wp-content\/uploads\/2026\/04\/WhatsApp-Image-2026-04-27-at-12.48.15.webp 1200w\" sizes=\"(max-width: 768px) 100vw, 768px\" \/><\/figure>\n\n\n\n<p>Realizada em alus\u00e3o ao Dia Mundial da Conscientiza\u00e7\u00e3o do Autismo, a iniciativa refor\u00e7ou a necessidade de ampliar o di\u00e1logo sobre o tema, especialmente entre diferentes gera\u00e7\u00f5es. O encontro evidenciou que a informa\u00e7\u00e3o \u00e9 uma aliada fundamental no combate ao preconceito e na constru\u00e7\u00e3o de pr\u00e1ticas mais inclusivas.<\/p>\n\n\n\n<figure class=\"wp-block-image size-large\"><img loading=\"lazy\" decoding=\"async\" width=\"576\" height=\"1024\" src=\"https:\/\/noticiaempauta.com\/portal\/wp-content\/uploads\/2026\/04\/WhatsApp-Image-2026-04-27-at-12.48.16-2-576x1024.webp\" alt=\"\" class=\"wp-image-288014\" srcset=\"https:\/\/noticiaempauta.com\/portal\/wp-content\/uploads\/2026\/04\/WhatsApp-Image-2026-04-27-at-12.48.16-2-576x1024.webp 576w, https:\/\/noticiaempauta.com\/portal\/wp-content\/uploads\/2026\/04\/WhatsApp-Image-2026-04-27-at-12.48.16-2-169x300.webp 169w, https:\/\/noticiaempauta.com\/portal\/wp-content\/uploads\/2026\/04\/WhatsApp-Image-2026-04-27-at-12.48.16-2-768x1365.webp 768w, https:\/\/noticiaempauta.com\/portal\/wp-content\/uploads\/2026\/04\/WhatsApp-Image-2026-04-27-at-12.48.16-2-864x1536.webp 864w, https:\/\/noticiaempauta.com\/portal\/wp-content\/uploads\/2026\/04\/WhatsApp-Image-2026-04-27-at-12.48.16-2.webp 900w\" sizes=\"(max-width: 576px) 100vw, 576px\" \/><\/figure>\n\n\n\n<p>A a\u00e7\u00e3o reafirma o compromisso da Assist\u00eancia Social em promover espa\u00e7os de escuta, aprendizado e acolhimento, fortalecendo la\u00e7os comunit\u00e1rios e incentivando atitudes mais humanas e conscientes no dia a dia.<\/p>\n\n\n\n<figure class=\"wp-block-image size-large\"><img loading=\"lazy\" decoding=\"async\" width=\"768\" height=\"1024\" src=\"https:\/\/noticiaempauta.com\/portal\/wp-content\/uploads\/2026\/04\/WhatsApp-Image-2026-04-27-at-12.48.15-1-768x1024.webp\" alt=\"\" class=\"wp-image-288015\" srcset=\"https:\/\/noticiaempauta.com\/portal\/wp-content\/uploads\/2026\/04\/WhatsApp-Image-2026-04-27-at-12.48.15-1-768x1024.webp 768w, https:\/\/noticiaempauta.com\/portal\/wp-content\/uploads\/2026\/04\/WhatsApp-Image-2026-04-27-at-12.48.15-1-225x300.webp 225w, https:\/\/noticiaempauta.com\/portal\/wp-content\/uploads\/2026\/04\/WhatsApp-Image-2026-04-27-at-12.48.15-1-1152x1536.webp 1152w, https:\/\/noticiaempauta.com\/portal\/wp-content\/uploads\/2026\/04\/WhatsApp-Image-2026-04-27-at-12.48.15-1.webp 1200w\" sizes=\"(max-width: 768px) 100vw, 768px\" \/><\/figure>\n","protected":false},"excerpt":{"rendered":"<p>Na manh\u00e3 desta segunda-feira, 27 de abril, a sede do CRAS de Aroeiras do Itaim foi palco da oficina \u201cCompreender para cuidar\u201d, um encontro marcado por aprendizado, troca de experi\u00eancias e fortalecimento de v\u00ednculos entre os participantes do Grupo de Idosos Mem\u00f3rias Vivas. A a\u00e7\u00e3o destacou a import\u00e2ncia da escuta sens\u00edvel e do olhar atento [&hellip;]<\/p>\n","protected":false},"author":2,"featured_media":288011,"comment_status":"closed","ping_status":"closed","sticky":false,"template":"","format":"standard","meta":{"_mi_skip_tracking":false,"footnotes":""},"categories":[25,1,9,16],"tags":[],"class_list":["post-288010","post","type-post","status-publish","format-standard","has-post-thumbnail","hentry","category-destaques-site","category-geral","category-municipios","category-todas"],"acf":[],"yoast_head":"<!-- This site is optimized with the Yoast SEO Premium plugin v19.2 (Yoast SEO v26.9) - https:\/\/yoast.com\/product\/yoast-seo-premium-wordpress\/ -->\n<title>Oficina no CRAS de Aroeiras do Itaim refor\u00e7a import\u00e2ncia da empatia, compreens\u00e3o e cuidado com o autismo - Portal Not\u00edcia em Pauta<\/title>\n<meta name=\"robots\" content=\"index, follow, max-snippet:-1, max-image-preview:large, max-video-preview:-1\" \/>\n<link rel=\"canonical\" href=\"https:\/\/noticiaempauta.com\/portal\/oficina-no-cras-de-aroeiras-do-itaim-reforca-importancia-da-empatia-compreensao-e-cuidado-com-o-autismo\/\" \/>\n<meta property=\"og:locale\" content=\"pt_BR\" \/>\n<meta property=\"og:type\" content=\"article\" \/>\n<meta property=\"og:title\" content=\"Oficina no CRAS de Aroeiras do Itaim refor\u00e7a import\u00e2ncia da empatia, compreens\u00e3o e cuidado com o autismo\" \/>\n<meta property=\"og:description\" content=\"Na manh\u00e3 desta segunda-feira, 27 de abril, a sede do CRAS de Aroeiras do Itaim foi palco da oficina \u201cCompreender para cuidar\u201d, um encontro marcado por aprendizado, troca de experi\u00eancias e fortalecimento de v\u00ednculos entre os participantes do Grupo de Idosos Mem\u00f3rias Vivas. A a\u00e7\u00e3o destacou a import\u00e2ncia da escuta sens\u00edvel e do olhar atento [&hellip;]\" \/>\n<meta property=\"og:url\" content=\"https:\/\/noticiaempauta.com\/portal\/oficina-no-cras-de-aroeiras-do-itaim-reforca-importancia-da-empatia-compreensao-e-cuidado-com-o-autismo\/\" \/>\n<meta property=\"og:site_name\" content=\"Portal Not\u00edcia em Pauta\" \/>\n<meta property=\"article:publisher\" content=\"https:\/\/www.facebook.com\/Portal-Notcia-Em-Pauta-102292869264820\/\" \/>\n<meta property=\"article:published_time\" content=\"2026-04-27T17:59:56+00:00\" \/>\n<meta property=\"article:modified_time\" content=\"2026-04-27T17:59:57+00:00\" \/>\n<meta property=\"og:image\" content=\"https:\/\/noticiaempauta.com\/portal\/wp-content\/uploads\/2026\/04\/WhatsApp-Image-2026-04-27-at-12.48.16.webp\" \/>\n\t<meta property=\"og:image:width\" content=\"1600\" \/>\n\t<meta property=\"og:image:height\" content=\"1200\" \/>\n\t<meta property=\"og:image:type\" content=\"image\/webp\" \/>\n<meta name=\"author\" content=\"Reda\u00e7\u00e3o\" \/>\n<meta name=\"twitter:card\" content=\"summary_large_image\" \/>\n<meta name=\"twitter:label1\" content=\"Escrito por\" \/>\n\t<meta name=\"twitter:data1\" content=\"Reda\u00e7\u00e3o\" \/>\n\t<meta name=\"twitter:label2\" content=\"Est. tempo de leitura\" \/>\n\t<meta name=\"twitter:data2\" content=\"3 minutos\" \/>\n<script type=\"application\/ld+json\" class=\"yoast-schema-graph\">{\"@context\":\"https:\/\/schema.org\",\"@graph\":[{\"@type\":\"Article\",\"@id\":\"https:\/\/noticiaempauta.com\/portal\/oficina-no-cras-de-aroeiras-do-itaim-reforca-importancia-da-empatia-compreensao-e-cuidado-com-o-autismo\/#article\",\"isPartOf\":{\"@id\":\"https:\/\/noticiaempauta.com\/portal\/oficina-no-cras-de-aroeiras-do-itaim-reforca-importancia-da-empatia-compreensao-e-cuidado-com-o-autismo\/\"},\"author\":{\"name\":\"Reda\u00e7\u00e3o\",\"@id\":\"https:\/\/noticiaempauta.com\/portal\/#\/schema\/person\/a74af43dd1ab3deca45f988c717d57ac\"},\"headline\":\"Oficina no CRAS de Aroeiras do Itaim refor\u00e7a import\u00e2ncia da empatia, compreens\u00e3o e cuidado com o autismo\",\"datePublished\":\"2026-04-27T17:59:56+00:00\",\"dateModified\":\"2026-04-27T17:59:57+00:00\",\"mainEntityOfPage\":{\"@id\":\"https:\/\/noticiaempauta.com\/portal\/oficina-no-cras-de-aroeiras-do-itaim-reforca-importancia-da-empatia-compreensao-e-cuidado-com-o-autismo\/\"},\"wordCount\":303,\"publisher\":{\"@id\":\"https:\/\/noticiaempauta.com\/portal\/#organization\"},\"image\":{\"@id\":\"https:\/\/noticiaempauta.com\/portal\/oficina-no-cras-de-aroeiras-do-itaim-reforca-importancia-da-empatia-compreensao-e-cuidado-com-o-autismo\/#primaryimage\"},\"thumbnailUrl\":\"https:\/\/noticiaempauta.com\/portal\/wp-content\/uploads\/2026\/04\/WhatsApp-Image-2026-04-27-at-12.48.16.webp\",\"articleSection\":[\"Destaques\",\"Geral\",\"Munic\u00edpios\",\"Todas as Not\u00edcias\"],\"inLanguage\":\"pt-BR\"},{\"@type\":\"WebPage\",\"@id\":\"https:\/\/noticiaempauta.com\/portal\/oficina-no-cras-de-aroeiras-do-itaim-reforca-importancia-da-empatia-compreensao-e-cuidado-com-o-autismo\/\",\"url\":\"https:\/\/noticiaempauta.com\/portal\/oficina-no-cras-de-aroeiras-do-itaim-reforca-importancia-da-empatia-compreensao-e-cuidado-com-o-autismo\/\",\"name\":\"Oficina no CRAS de Aroeiras do Itaim refor\u00e7a import\u00e2ncia da empatia, compreens\u00e3o e cuidado com o autismo - Portal Not\u00edcia em Pauta\",\"isPartOf\":{\"@id\":\"https:\/\/noticiaempauta.com\/portal\/#website\"},\"primaryImageOfPage\":{\"@id\":\"https:\/\/noticiaempauta.com\/portal\/oficina-no-cras-de-aroeiras-do-itaim-reforca-importancia-da-empatia-compreensao-e-cuidado-com-o-autismo\/#primaryimage\"},\"image\":{\"@id\":\"https:\/\/noticiaempauta.com\/portal\/oficina-no-cras-de-aroeiras-do-itaim-reforca-importancia-da-empatia-compreensao-e-cuidado-com-o-autismo\/#primaryimage\"},\"thumbnailUrl\":\"https:\/\/noticiaempauta.com\/portal\/wp-content\/uploads\/2026\/04\/WhatsApp-Image-2026-04-27-at-12.48.16.webp\",\"datePublished\":\"2026-04-27T17:59:56+00:00\",\"dateModified\":\"2026-04-27T17:59:57+00:00\",\"breadcrumb\":{\"@id\":\"https:\/\/noticiaempauta.com\/portal\/oficina-no-cras-de-aroeiras-do-itaim-reforca-importancia-da-empatia-compreensao-e-cuidado-com-o-autismo\/#breadcrumb\"},\"inLanguage\":\"pt-BR\",\"potentialAction\":[{\"@type\":\"ReadAction\",\"target\":[\"https:\/\/noticiaempauta.com\/portal\/oficina-no-cras-de-aroeiras-do-itaim-reforca-importancia-da-empatia-compreensao-e-cuidado-com-o-autismo\/\"]}]},{\"@type\":\"ImageObject\",\"inLanguage\":\"pt-BR\",\"@id\":\"https:\/\/noticiaempauta.com\/portal\/oficina-no-cras-de-aroeiras-do-itaim-reforca-importancia-da-empatia-compreensao-e-cuidado-com-o-autismo\/#primaryimage\",\"url\":\"https:\/\/noticiaempauta.com\/portal\/wp-content\/uploads\/2026\/04\/WhatsApp-Image-2026-04-27-at-12.48.16.webp\",\"contentUrl\":\"https:\/\/noticiaempauta.com\/portal\/wp-content\/uploads\/2026\/04\/WhatsApp-Image-2026-04-27-at-12.48.16.webp\",\"width\":1600,\"height\":1200},{\"@type\":\"BreadcrumbList\",\"@id\":\"https:\/\/noticiaempauta.com\/portal\/oficina-no-cras-de-aroeiras-do-itaim-reforca-importancia-da-empatia-compreensao-e-cuidado-com-o-autismo\/#breadcrumb\",\"itemListElement\":[{\"@type\":\"ListItem\",\"position\":1,\"name\":\"P\u00e1gina Inicial\",\"item\":\"https:\/\/noticiaempauta.com\/portal\/\"},{\"@type\":\"ListItem\",\"position\":2,\"name\":\"Destaques\",\"item\":\"https:\/\/noticiaempauta.com\/portal\/destaques-site\/\"},{\"@type\":\"ListItem\",\"position\":3,\"name\":\"Oficina no CRAS de Aroeiras do Itaim refor\u00e7a import\u00e2ncia da empatia, compreens\u00e3o e cuidado com o autismo\"}]},{\"@type\":\"WebSite\",\"@id\":\"https:\/\/noticiaempauta.com\/portal\/#website\",\"url\":\"https:\/\/noticiaempauta.com\/portal\/\",\"name\":\"Portal Not\u00edcia em Pauta\",\"description\":\"Voc\u00ea bem informado\",\"publisher\":{\"@id\":\"https:\/\/noticiaempauta.com\/portal\/#organization\"},\"potentialAction\":[{\"@type\":\"SearchAction\",\"target\":{\"@type\":\"EntryPoint\",\"urlTemplate\":\"https:\/\/noticiaempauta.com\/portal\/?s={search_term_string}\"},\"query-input\":{\"@type\":\"PropertyValueSpecification\",\"valueRequired\":true,\"valueName\":\"search_term_string\"}}],\"inLanguage\":\"pt-BR\"},{\"@type\":\"Organization\",\"@id\":\"https:\/\/noticiaempauta.com\/portal\/#organization\",\"name\":\"Portal Not\u00edcia em Pauta\",\"url\":\"https:\/\/noticiaempauta.com\/portal\/\",\"logo\":{\"@type\":\"ImageObject\",\"inLanguage\":\"pt-BR\",\"@id\":\"https:\/\/noticiaempauta.com\/portal\/#\/schema\/logo\/image\/\",\"url\":\"https:\/\/noticiaempauta.com\/portal\/wp-content\/uploads\/2022\/08\/logomarca_tema.fw_.png\",\"contentUrl\":\"https:\/\/noticiaempauta.com\/portal\/wp-content\/uploads\/2022\/08\/logomarca_tema.fw_.png\",\"width\":400,\"height\":232,\"caption\":\"Portal Not\u00edcia em Pauta\"},\"image\":{\"@id\":\"https:\/\/noticiaempauta.com\/portal\/#\/schema\/logo\/image\/\"},\"sameAs\":[\"https:\/\/www.facebook.com\/Portal-Notcia-Em-Pauta-102292869264820\/\",\"https:\/\/www.instagram.com\/portalnoticiaempauta\/\"]},{\"@type\":\"Person\",\"@id\":\"https:\/\/noticiaempauta.com\/portal\/#\/schema\/person\/a74af43dd1ab3deca45f988c717d57ac\",\"name\":\"Reda\u00e7\u00e3o\",\"image\":{\"@type\":\"ImageObject\",\"inLanguage\":\"pt-BR\",\"@id\":\"https:\/\/noticiaempauta.com\/portal\/#\/schema\/person\/image\/\",\"url\":\"https:\/\/secure.gravatar.com\/avatar\/03179346ecce6cdfc13361603e8f54242a90e5cde8618fa23c5c00aa2b0aadf3?s=96&d=mm&r=g\",\"contentUrl\":\"https:\/\/secure.gravatar.com\/avatar\/03179346ecce6cdfc13361603e8f54242a90e5cde8618fa23c5c00aa2b0aadf3?s=96&d=mm&r=g\",\"caption\":\"Reda\u00e7\u00e3o\"},\"sameAs\":[\"https:\/\/noticiaempauta.com\/portal\/\"],\"url\":\"https:\/\/noticiaempauta.com\/portal\/author\/fernando\/\"}]}<\/script>\n<!-- \/ Yoast SEO Premium plugin. -->","yoast_head_json":{"title":"Oficina no CRAS de Aroeiras do Itaim refor\u00e7a import\u00e2ncia da empatia, compreens\u00e3o e cuidado com o autismo - Portal Not\u00edcia em Pauta","robots":{"index":"index","follow":"follow","max-snippet":"max-snippet:-1","max-image-preview":"max-image-preview:large","max-video-preview":"max-video-preview:-1"},"canonical":"https:\/\/noticiaempauta.com\/portal\/oficina-no-cras-de-aroeiras-do-itaim-reforca-importancia-da-empatia-compreensao-e-cuidado-com-o-autismo\/","og_locale":"pt_BR","og_type":"article","og_title":"Oficina no CRAS de Aroeiras do Itaim refor\u00e7a import\u00e2ncia da empatia, compreens\u00e3o e cuidado com o autismo","og_description":"Na manh\u00e3 desta segunda-feira, 27 de abril, a sede do CRAS de Aroeiras do Itaim foi palco da oficina \u201cCompreender para cuidar\u201d, um encontro marcado por aprendizado, troca de experi\u00eancias e fortalecimento de v\u00ednculos entre os participantes do Grupo de Idosos Mem\u00f3rias Vivas. A a\u00e7\u00e3o destacou a import\u00e2ncia da escuta sens\u00edvel e do olhar atento [&hellip;]","og_url":"https:\/\/noticiaempauta.com\/portal\/oficina-no-cras-de-aroeiras-do-itaim-reforca-importancia-da-empatia-compreensao-e-cuidado-com-o-autismo\/","og_site_name":"Portal Not\u00edcia em Pauta","article_publisher":"https:\/\/www.facebook.com\/Portal-Notcia-Em-Pauta-102292869264820\/","article_published_time":"2026-04-27T17:59:56+00:00","article_modified_time":"2026-04-27T17:59:57+00:00","og_image":[{"width":1600,"height":1200,"url":"https:\/\/noticiaempauta.com\/portal\/wp-content\/uploads\/2026\/04\/WhatsApp-Image-2026-04-27-at-12.48.16.webp","type":"image\/webp"}],"author":"Reda\u00e7\u00e3o","twitter_card":"summary_large_image","twitter_misc":{"Escrito por":"Reda\u00e7\u00e3o","Est. tempo de leitura":"3 minutos"},"schema":{"@context":"https:\/\/schema.org","@graph":[{"@type":"Article","@id":"https:\/\/noticiaempauta.com\/portal\/oficina-no-cras-de-aroeiras-do-itaim-reforca-importancia-da-empatia-compreensao-e-cuidado-com-o-autismo\/#article","isPartOf":{"@id":"https:\/\/noticiaempauta.com\/portal\/oficina-no-cras-de-aroeiras-do-itaim-reforca-importancia-da-empatia-compreensao-e-cuidado-com-o-autismo\/"},"author":{"name":"Reda\u00e7\u00e3o","@id":"https:\/\/noticiaempauta.com\/portal\/#\/schema\/person\/a74af43dd1ab3deca45f988c717d57ac"},"headline":"Oficina no CRAS de Aroeiras do Itaim refor\u00e7a import\u00e2ncia da empatia, compreens\u00e3o e cuidado com o autismo","datePublished":"2026-04-27T17:59:56+00:00","dateModified":"2026-04-27T17:59:57+00:00","mainEntityOfPage":{"@id":"https:\/\/noticiaempauta.com\/portal\/oficina-no-cras-de-aroeiras-do-itaim-reforca-importancia-da-empatia-compreensao-e-cuidado-com-o-autismo\/"},"wordCount":303,"publisher":{"@id":"https:\/\/noticiaempauta.com\/portal\/#organization"},"image":{"@id":"https:\/\/noticiaempauta.com\/portal\/oficina-no-cras-de-aroeiras-do-itaim-reforca-importancia-da-empatia-compreensao-e-cuidado-com-o-autismo\/#primaryimage"},"thumbnailUrl":"https:\/\/noticiaempauta.com\/portal\/wp-content\/uploads\/2026\/04\/WhatsApp-Image-2026-04-27-at-12.48.16.webp","articleSection":["Destaques","Geral","Munic\u00edpios","Todas as Not\u00edcias"],"inLanguage":"pt-BR"},{"@type":"WebPage","@id":"https:\/\/noticiaempauta.com\/portal\/oficina-no-cras-de-aroeiras-do-itaim-reforca-importancia-da-empatia-compreensao-e-cuidado-com-o-autismo\/","url":"https:\/\/noticiaempauta.com\/portal\/oficina-no-cras-de-aroeiras-do-itaim-reforca-importancia-da-empatia-compreensao-e-cuidado-com-o-autismo\/","name":"Oficina no CRAS de Aroeiras do Itaim refor\u00e7a import\u00e2ncia da empatia, compreens\u00e3o e cuidado com o autismo - Portal Not\u00edcia em Pauta","isPartOf":{"@id":"https:\/\/noticiaempauta.com\/portal\/#website"},"primaryImageOfPage":{"@id":"https:\/\/noticiaempauta.com\/portal\/oficina-no-cras-de-aroeiras-do-itaim-reforca-importancia-da-empatia-compreensao-e-cuidado-com-o-autismo\/#primaryimage"},"image":{"@id":"https:\/\/noticiaempauta.com\/portal\/oficina-no-cras-de-aroeiras-do-itaim-reforca-importancia-da-empatia-compreensao-e-cuidado-com-o-autismo\/#primaryimage"},"thumbnailUrl":"https:\/\/noticiaempauta.com\/portal\/wp-content\/uploads\/2026\/04\/WhatsApp-Image-2026-04-27-at-12.48.16.webp","datePublished":"2026-04-27T17:59:56+00:00","dateModified":"2026-04-27T17:59:57+00:00","breadcrumb":{"@id":"https:\/\/noticiaempauta.com\/portal\/oficina-no-cras-de-aroeiras-do-itaim-reforca-importancia-da-empatia-compreensao-e-cuidado-com-o-autismo\/#breadcrumb"},"inLanguage":"pt-BR","potentialAction":[{"@type":"ReadAction","target":["https:\/\/noticiaempauta.com\/portal\/oficina-no-cras-de-aroeiras-do-itaim-reforca-importancia-da-empatia-compreensao-e-cuidado-com-o-autismo\/"]}]},{"@type":"ImageObject","inLanguage":"pt-BR","@id":"https:\/\/noticiaempauta.com\/portal\/oficina-no-cras-de-aroeiras-do-itaim-reforca-importancia-da-empatia-compreensao-e-cuidado-com-o-autismo\/#primaryimage","url":"https:\/\/noticiaempauta.com\/portal\/wp-content\/uploads\/2026\/04\/WhatsApp-Image-2026-04-27-at-12.48.16.webp","contentUrl":"https:\/\/noticiaempauta.com\/portal\/wp-content\/uploads\/2026\/04\/WhatsApp-Image-2026-04-27-at-12.48.16.webp","width":1600,"height":1200},{"@type":"BreadcrumbList","@id":"https:\/\/noticiaempauta.com\/portal\/oficina-no-cras-de-aroeiras-do-itaim-reforca-importancia-da-empatia-compreensao-e-cuidado-com-o-autismo\/#breadcrumb","itemListElement":[{"@type":"ListItem","position":1,"name":"P\u00e1gina Inicial","item":"https:\/\/noticiaempauta.com\/portal\/"},{"@type":"ListItem","position":2,"name":"Destaques","item":"https:\/\/noticiaempauta.com\/portal\/destaques-site\/"},{"@type":"ListItem","position":3,"name":"Oficina no CRAS de Aroeiras do Itaim refor\u00e7a import\u00e2ncia da empatia, compreens\u00e3o e cuidado com o autismo"}]},{"@type":"WebSite","@id":"https:\/\/noticiaempauta.com\/portal\/#website","url":"https:\/\/noticiaempauta.com\/portal\/","name":"Portal Not\u00edcia em Pauta","description":"Voc\u00ea bem informado","publisher":{"@id":"https:\/\/noticiaempauta.com\/portal\/#organization"},"potentialAction":[{"@type":"SearchAction","target":{"@type":"EntryPoint","urlTemplate":"https:\/\/noticiaempauta.com\/portal\/?s={search_term_string}"},"query-input":{"@type":"PropertyValueSpecification","valueRequired":true,"valueName":"search_term_string"}}],"inLanguage":"pt-BR"},{"@type":"Organization","@id":"https:\/\/noticiaempauta.com\/portal\/#organization","name":"Portal Not\u00edcia em Pauta","url":"https:\/\/noticiaempauta.com\/portal\/","logo":{"@type":"ImageObject","inLanguage":"pt-BR","@id":"https:\/\/noticiaempauta.com\/portal\/#\/schema\/logo\/image\/","url":"https:\/\/noticiaempauta.com\/portal\/wp-content\/uploads\/2022\/08\/logomarca_tema.fw_.png","contentUrl":"https:\/\/noticiaempauta.com\/portal\/wp-content\/uploads\/2022\/08\/logomarca_tema.fw_.png","width":400,"height":232,"caption":"Portal Not\u00edcia em Pauta"},"image":{"@id":"https:\/\/noticiaempauta.com\/portal\/#\/schema\/logo\/image\/"},"sameAs":["https:\/\/www.facebook.com\/Portal-Notcia-Em-Pauta-102292869264820\/","https:\/\/www.instagram.com\/portalnoticiaempauta\/"]},{"@type":"Person","@id":"https:\/\/noticiaempauta.com\/portal\/#\/schema\/person\/a74af43dd1ab3deca45f988c717d57ac","name":"Reda\u00e7\u00e3o","image":{"@type":"ImageObject","inLanguage":"pt-BR","@id":"https:\/\/noticiaempauta.com\/portal\/#\/schema\/person\/image\/","url":"https:\/\/secure.gravatar.com\/avatar\/03179346ecce6cdfc13361603e8f54242a90e5cde8618fa23c5c00aa2b0aadf3?s=96&d=mm&r=g","contentUrl":"https:\/\/secure.gravatar.com\/avatar\/03179346ecce6cdfc13361603e8f54242a90e5cde8618fa23c5c00aa2b0aadf3?s=96&d=mm&r=g","caption":"Reda\u00e7\u00e3o"},"sameAs":["https:\/\/noticiaempauta.com\/portal\/"],"url":"https:\/\/noticiaempauta.com\/portal\/author\/fernando\/"}]}},"_links":{"self":[{"href":"https:\/\/noticiaempauta.com\/portal\/wp-json\/wp\/v2\/posts\/288010","targetHints":{"allow":["GET"]}}],"collection":[{"href":"https:\/\/noticiaempauta.com\/portal\/wp-json\/wp\/v2\/posts"}],"about":[{"href":"https:\/\/noticiaempauta.com\/portal\/wp-json\/wp\/v2\/types\/post"}],"author":[{"embeddable":true,"href":"https:\/\/noticiaempauta.com\/portal\/wp-json\/wp\/v2\/users\/2"}],"replies":[{"embeddable":true,"href":"https:\/\/noticiaempauta.com\/portal\/wp-json\/wp\/v2\/comments?post=288010"}],"version-history":[{"count":2,"href":"https:\/\/noticiaempauta.com\/portal\/wp-json\/wp\/v2\/posts\/288010\/revisions"}],"predecessor-version":[{"id":288017,"href":"https:\/\/noticiaempauta.com\/portal\/wp-json\/wp\/v2\/posts\/288010\/revisions\/288017"}],"wp:featuredmedia":[{"embeddable":true,"href":"https:\/\/noticiaempauta.com\/portal\/wp-json\/wp\/v2\/media\/288011"}],"wp:attachment":[{"href":"https:\/\/noticiaempauta.com\/portal\/wp-json\/wp\/v2\/media?parent=288010"}],"wp:term":[{"taxonomy":"category","embeddable":true,"href":"https:\/\/noticiaempauta.com\/portal\/wp-json\/wp\/v2\/categories?post=288010"},{"taxonomy":"post_tag","embeddable":true,"href":"https:\/\/noticiaempauta.com\/portal\/wp-json\/wp\/v2\/tags?post=288010"}],"curies":[{"name":"wp","href":"https:\/\/api.w.org\/{rel}","templated":true}]}}