{"id":288018,"date":"2026-04-27T15:15:04","date_gmt":"2026-04-27T18:15:04","guid":{"rendered":"https:\/\/noticiaempauta.com\/portal\/?p=288018"},"modified":"2026-04-27T15:15:05","modified_gmt":"2026-04-27T18:15:05","slug":"oab-subsecao-de-picos-promove-o-conecta-prev-e-coloca-a-cidade-no-centro-do-debate-previdenciario-no-nordeste","status":"publish","type":"post","link":"https:\/\/noticiaempauta.com\/portal\/oab-subsecao-de-picos-promove-o-conecta-prev-e-coloca-a-cidade-no-centro-do-debate-previdenciario-no-nordeste\/","title":{"rendered":"OAB Subse\u00e7\u00e3o de Picos promove o Conecta Prev e coloca a cidade no centro do debate previdenci\u00e1rio no Nordeste"},"content":{"rendered":"\n<p>A cidade de Picos se prepara para receber, no pr\u00f3ximo dia 1\u00ba de maio, um dos maiores eventos jur\u00eddicos da regi\u00e3o: o Conecta Prev, promovido pela OAB Subse\u00e7\u00e3o de Picos, com apoio da OAB Piau\u00ed.<\/p>\n\n\n\n<figure class=\"wp-block-image size-large\"><img fetchpriority=\"high\" decoding=\"async\" width=\"1024\" height=\"768\" src=\"https:\/\/noticiaempauta.com\/portal\/wp-content\/uploads\/2026\/04\/oabpicosss-1024x768.webp\" alt=\"\" class=\"wp-image-288021\" srcset=\"https:\/\/noticiaempauta.com\/portal\/wp-content\/uploads\/2026\/04\/oabpicosss-1024x768.webp 1024w, https:\/\/noticiaempauta.com\/portal\/wp-content\/uploads\/2026\/04\/oabpicosss-300x225.webp 300w, https:\/\/noticiaempauta.com\/portal\/wp-content\/uploads\/2026\/04\/oabpicosss-768x576.webp 768w, https:\/\/noticiaempauta.com\/portal\/wp-content\/uploads\/2026\/04\/oabpicosss.webp 1200w\" sizes=\"(max-width: 1024px) 100vw, 1024px\" \/><\/figure>\n\n\n\n<p>O evento ser\u00e1 realizado no Espa\u00e7o Versalhes e j\u00e1 demonstra sua grandeza antes mesmo de acontecer. Advogados e profissionais de, pelo menos, seis estados do Nordeste j\u00e1 est\u00e3o inscritos, evidenciando o alcance regional e a relev\u00e2ncia da iniciativa no cen\u00e1rio jur\u00eddico.<\/p>\n\n\n\n<p>Com uma proposta moderna e estrat\u00e9gica, o Conecta Prev tem como objetivo promover capacita\u00e7\u00e3o de alto n\u00edvel, incentivar o interc\u00e2mbio de experi\u00eancias e fortalecer a atua\u00e7\u00e3o da advocacia previdenci\u00e1ria diante das constantes transforma\u00e7\u00f5es da \u00e1rea.<\/p>\n\n\n\n<figure class=\"wp-block-image size-large\"><img decoding=\"async\" width=\"819\" height=\"1024\" src=\"https:\/\/noticiaempauta.com\/portal\/wp-content\/uploads\/2026\/04\/WhatsApp-Image-2026-04-27-at-12.38.53-819x1024.webp\" alt=\"\" class=\"wp-image-288022\" srcset=\"https:\/\/noticiaempauta.com\/portal\/wp-content\/uploads\/2026\/04\/WhatsApp-Image-2026-04-27-at-12.38.53-819x1024.webp 819w, https:\/\/noticiaempauta.com\/portal\/wp-content\/uploads\/2026\/04\/WhatsApp-Image-2026-04-27-at-12.38.53-240x300.webp 240w, https:\/\/noticiaempauta.com\/portal\/wp-content\/uploads\/2026\/04\/WhatsApp-Image-2026-04-27-at-12.38.53-768x960.webp 768w, https:\/\/noticiaempauta.com\/portal\/wp-content\/uploads\/2026\/04\/WhatsApp-Image-2026-04-27-at-12.38.53.webp 1080w\" sizes=\"(max-width: 819px) 100vw, 819px\" \/><\/figure>\n\n\n\n<p>A programa\u00e7\u00e3o contar\u00e1 com nomes de destaque nacional, como Priscila Machado, Gisele Paiva, Theodoro Agostinho, Victor Carvalho, Greicy Mandelli e Ad\u00e9lia Castro, que trar\u00e3o conte\u00fados pr\u00e1ticos, atuais e alinhados \u00e0s demandas da advocacia contempor\u00e2nea.<\/p>\n\n\n\n<figure class=\"wp-block-image size-large\"><img decoding=\"async\" width=\"819\" height=\"1024\" src=\"https:\/\/noticiaempauta.com\/portal\/wp-content\/uploads\/2026\/04\/WhatsApp-Image-2026-04-27-at-12.38.53-1-819x1024.webp\" alt=\"\" class=\"wp-image-288023\" srcset=\"https:\/\/noticiaempauta.com\/portal\/wp-content\/uploads\/2026\/04\/WhatsApp-Image-2026-04-27-at-12.38.53-1-819x1024.webp 819w, https:\/\/noticiaempauta.com\/portal\/wp-content\/uploads\/2026\/04\/WhatsApp-Image-2026-04-27-at-12.38.53-1-240x300.webp 240w, https:\/\/noticiaempauta.com\/portal\/wp-content\/uploads\/2026\/04\/WhatsApp-Image-2026-04-27-at-12.38.53-1-768x960.webp 768w, https:\/\/noticiaempauta.com\/portal\/wp-content\/uploads\/2026\/04\/WhatsApp-Image-2026-04-27-at-12.38.53-1.webp 1080w\" sizes=\"(max-width: 819px) 100vw, 819px\" \/><\/figure>\n\n\n\n<p>A presidente da OAB Subse\u00e7\u00e3o de Picos, Yana Moura Gon\u00e7alves, destaca a import\u00e2ncia do evento para a regi\u00e3o e para a valoriza\u00e7\u00e3o da advocacia do interior.<\/p>\n\n\n\n<figure class=\"wp-block-image size-large\"><img loading=\"lazy\" decoding=\"async\" width=\"1024\" height=\"635\" src=\"https:\/\/noticiaempauta.com\/portal\/wp-content\/uploads\/2026\/04\/WhatsApp-Image-2026-04-27-at-15.14.11-1024x635.webp\" alt=\"\" class=\"wp-image-288024\" srcset=\"https:\/\/noticiaempauta.com\/portal\/wp-content\/uploads\/2026\/04\/WhatsApp-Image-2026-04-27-at-15.14.11-1024x635.webp 1024w, https:\/\/noticiaempauta.com\/portal\/wp-content\/uploads\/2026\/04\/WhatsApp-Image-2026-04-27-at-15.14.11-300x186.webp 300w, https:\/\/noticiaempauta.com\/portal\/wp-content\/uploads\/2026\/04\/WhatsApp-Image-2026-04-27-at-15.14.11-768x476.webp 768w, https:\/\/noticiaempauta.com\/portal\/wp-content\/uploads\/2026\/04\/WhatsApp-Image-2026-04-27-at-15.14.11.webp 1169w\" sizes=\"(max-width: 1024px) 100vw, 1024px\" \/><\/figure>\n\n\n\n<p>\u201cO Conecta Prev nasce com o prop\u00f3sito de interiorizar o conhecimento jur\u00eddico de qualidade e proporcionar \u00e0 advocacia oportunidades reais de crescimento e conex\u00e3o. Ver Picos recebendo profissionais de v\u00e1rios estados do Nordeste mostra que estamos no caminho certo, fortalecendo n\u00e3o apenas a nossa Subse\u00e7\u00e3o, mas toda a advocacia regional&#8221;, disse a presidente.<\/p>\n\n\n\n<p>A realiza\u00e7\u00e3o do evento refor\u00e7a o compromisso institucional da OAB com a interioriza\u00e7\u00e3o, democratizando o acesso \u00e0 qualifica\u00e7\u00e3o e consolidando Picos como um polo de refer\u00eancia em eventos jur\u00eddicos no Piau\u00ed.<\/p>\n\n\n\n<p>Al\u00e9m do conte\u00fado t\u00e9cnico, o Conecta Prev tamb\u00e9m se destaca como um ambiente de networking qualificado, promovendo conex\u00f5es entre advogados, estudantes e especialistas, ampliando horizontes e fortalecendo a atua\u00e7\u00e3o profissional.<\/p>\n\n\n\n<p>A expectativa \u00e9 de um evento marcante, com ampla participa\u00e7\u00e3o e impacto positivo para toda a advocacia nordestina.<\/p>\n","protected":false},"excerpt":{"rendered":"<p>A cidade de Picos se prepara para receber, no pr\u00f3ximo dia 1\u00ba de maio, um dos maiores eventos jur\u00eddicos da regi\u00e3o: o Conecta Prev, promovido pela OAB Subse\u00e7\u00e3o de Picos, com apoio da OAB Piau\u00ed. O evento ser\u00e1 realizado no Espa\u00e7o Versalhes e j\u00e1 demonstra sua grandeza antes mesmo de acontecer. Advogados e profissionais de, [&hellip;]<\/p>\n","protected":false},"author":2,"featured_media":288021,"comment_status":"closed","ping_status":"closed","sticky":false,"template":"","format":"standard","meta":{"_mi_skip_tracking":false,"footnotes":""},"categories":[25,1,16],"tags":[192],"class_list":["post-288018","post","type-post","status-publish","format-standard","has-post-thumbnail","hentry","category-destaques-site","category-geral","category-todas","tag-destaqueprincipal"],"acf":[],"yoast_head":"<!-- This site is optimized with the Yoast SEO Premium plugin v19.2 (Yoast SEO v26.9) - https:\/\/yoast.com\/product\/yoast-seo-premium-wordpress\/ -->\n<title>OAB Subse\u00e7\u00e3o de Picos promove o Conecta Prev e coloca a cidade no centro do debate previdenci\u00e1rio no Nordeste - Portal Not\u00edcia em Pauta<\/title>\n<meta name=\"robots\" content=\"index, follow, max-snippet:-1, max-image-preview:large, max-video-preview:-1\" \/>\n<link rel=\"canonical\" href=\"https:\/\/noticiaempauta.com\/portal\/oab-subsecao-de-picos-promove-o-conecta-prev-e-coloca-a-cidade-no-centro-do-debate-previdenciario-no-nordeste\/\" \/>\n<meta property=\"og:locale\" content=\"pt_BR\" \/>\n<meta property=\"og:type\" content=\"article\" \/>\n<meta property=\"og:title\" content=\"OAB Subse\u00e7\u00e3o de Picos promove o Conecta Prev e coloca a cidade no centro do debate previdenci\u00e1rio no Nordeste\" \/>\n<meta property=\"og:description\" content=\"A cidade de Picos se prepara para receber, no pr\u00f3ximo dia 1\u00ba de maio, um dos maiores eventos jur\u00eddicos da regi\u00e3o: o Conecta Prev, promovido pela OAB Subse\u00e7\u00e3o de Picos, com apoio da OAB Piau\u00ed. O evento ser\u00e1 realizado no Espa\u00e7o Versalhes e j\u00e1 demonstra sua grandeza antes mesmo de acontecer. Advogados e profissionais de, [&hellip;]\" \/>\n<meta property=\"og:url\" content=\"https:\/\/noticiaempauta.com\/portal\/oab-subsecao-de-picos-promove-o-conecta-prev-e-coloca-a-cidade-no-centro-do-debate-previdenciario-no-nordeste\/\" \/>\n<meta property=\"og:site_name\" content=\"Portal Not\u00edcia em Pauta\" \/>\n<meta property=\"article:publisher\" content=\"https:\/\/www.facebook.com\/Portal-Notcia-Em-Pauta-102292869264820\/\" \/>\n<meta property=\"article:published_time\" content=\"2026-04-27T18:15:04+00:00\" \/>\n<meta property=\"article:modified_time\" content=\"2026-04-27T18:15:05+00:00\" \/>\n<meta property=\"og:image\" content=\"https:\/\/noticiaempauta.com\/portal\/wp-content\/uploads\/2026\/04\/oabpicosss.webp\" \/>\n\t<meta property=\"og:image:width\" content=\"1200\" \/>\n\t<meta property=\"og:image:height\" content=\"900\" \/>\n\t<meta property=\"og:image:type\" content=\"image\/webp\" \/>\n<meta name=\"author\" content=\"Reda\u00e7\u00e3o\" \/>\n<meta name=\"twitter:card\" content=\"summary_large_image\" \/>\n<meta name=\"twitter:label1\" content=\"Escrito por\" \/>\n\t<meta name=\"twitter:data1\" content=\"Reda\u00e7\u00e3o\" \/>\n\t<meta name=\"twitter:label2\" content=\"Est. tempo de leitura\" \/>\n\t<meta name=\"twitter:data2\" content=\"3 minutos\" \/>\n<script type=\"application\/ld+json\" class=\"yoast-schema-graph\">{\"@context\":\"https:\/\/schema.org\",\"@graph\":[{\"@type\":\"Article\",\"@id\":\"https:\/\/noticiaempauta.com\/portal\/oab-subsecao-de-picos-promove-o-conecta-prev-e-coloca-a-cidade-no-centro-do-debate-previdenciario-no-nordeste\/#article\",\"isPartOf\":{\"@id\":\"https:\/\/noticiaempauta.com\/portal\/oab-subsecao-de-picos-promove-o-conecta-prev-e-coloca-a-cidade-no-centro-do-debate-previdenciario-no-nordeste\/\"},\"author\":{\"name\":\"Reda\u00e7\u00e3o\",\"@id\":\"https:\/\/noticiaempauta.com\/portal\/#\/schema\/person\/a74af43dd1ab3deca45f988c717d57ac\"},\"headline\":\"OAB Subse\u00e7\u00e3o de Picos promove o Conecta Prev e coloca a cidade no centro do debate previdenci\u00e1rio no Nordeste\",\"datePublished\":\"2026-04-27T18:15:04+00:00\",\"dateModified\":\"2026-04-27T18:15:05+00:00\",\"mainEntityOfPage\":{\"@id\":\"https:\/\/noticiaempauta.com\/portal\/oab-subsecao-de-picos-promove-o-conecta-prev-e-coloca-a-cidade-no-centro-do-debate-previdenciario-no-nordeste\/\"},\"wordCount\":367,\"publisher\":{\"@id\":\"https:\/\/noticiaempauta.com\/portal\/#organization\"},\"image\":{\"@id\":\"https:\/\/noticiaempauta.com\/portal\/oab-subsecao-de-picos-promove-o-conecta-prev-e-coloca-a-cidade-no-centro-do-debate-previdenciario-no-nordeste\/#primaryimage\"},\"thumbnailUrl\":\"https:\/\/noticiaempauta.com\/portal\/wp-content\/uploads\/2026\/04\/oabpicosss.webp\",\"keywords\":[\"destaqueprincipal\"],\"articleSection\":[\"Destaques\",\"Geral\",\"Todas as Not\u00edcias\"],\"inLanguage\":\"pt-BR\"},{\"@type\":\"WebPage\",\"@id\":\"https:\/\/noticiaempauta.com\/portal\/oab-subsecao-de-picos-promove-o-conecta-prev-e-coloca-a-cidade-no-centro-do-debate-previdenciario-no-nordeste\/\",\"url\":\"https:\/\/noticiaempauta.com\/portal\/oab-subsecao-de-picos-promove-o-conecta-prev-e-coloca-a-cidade-no-centro-do-debate-previdenciario-no-nordeste\/\",\"name\":\"OAB Subse\u00e7\u00e3o de Picos promove o Conecta Prev e coloca a cidade no centro do debate previdenci\u00e1rio no Nordeste - Portal Not\u00edcia em Pauta\",\"isPartOf\":{\"@id\":\"https:\/\/noticiaempauta.com\/portal\/#website\"},\"primaryImageOfPage\":{\"@id\":\"https:\/\/noticiaempauta.com\/portal\/oab-subsecao-de-picos-promove-o-conecta-prev-e-coloca-a-cidade-no-centro-do-debate-previdenciario-no-nordeste\/#primaryimage\"},\"image\":{\"@id\":\"https:\/\/noticiaempauta.com\/portal\/oab-subsecao-de-picos-promove-o-conecta-prev-e-coloca-a-cidade-no-centro-do-debate-previdenciario-no-nordeste\/#primaryimage\"},\"thumbnailUrl\":\"https:\/\/noticiaempauta.com\/portal\/wp-content\/uploads\/2026\/04\/oabpicosss.webp\",\"datePublished\":\"2026-04-27T18:15:04+00:00\",\"dateModified\":\"2026-04-27T18:15:05+00:00\",\"breadcrumb\":{\"@id\":\"https:\/\/noticiaempauta.com\/portal\/oab-subsecao-de-picos-promove-o-conecta-prev-e-coloca-a-cidade-no-centro-do-debate-previdenciario-no-nordeste\/#breadcrumb\"},\"inLanguage\":\"pt-BR\",\"potentialAction\":[{\"@type\":\"ReadAction\",\"target\":[\"https:\/\/noticiaempauta.com\/portal\/oab-subsecao-de-picos-promove-o-conecta-prev-e-coloca-a-cidade-no-centro-do-debate-previdenciario-no-nordeste\/\"]}]},{\"@type\":\"ImageObject\",\"inLanguage\":\"pt-BR\",\"@id\":\"https:\/\/noticiaempauta.com\/portal\/oab-subsecao-de-picos-promove-o-conecta-prev-e-coloca-a-cidade-no-centro-do-debate-previdenciario-no-nordeste\/#primaryimage\",\"url\":\"https:\/\/noticiaempauta.com\/portal\/wp-content\/uploads\/2026\/04\/oabpicosss.webp\",\"contentUrl\":\"https:\/\/noticiaempauta.com\/portal\/wp-content\/uploads\/2026\/04\/oabpicosss.webp\",\"width\":1200,\"height\":900},{\"@type\":\"BreadcrumbList\",\"@id\":\"https:\/\/noticiaempauta.com\/portal\/oab-subsecao-de-picos-promove-o-conecta-prev-e-coloca-a-cidade-no-centro-do-debate-previdenciario-no-nordeste\/#breadcrumb\",\"itemListElement\":[{\"@type\":\"ListItem\",\"position\":1,\"name\":\"P\u00e1gina Inicial\",\"item\":\"https:\/\/noticiaempauta.com\/portal\/\"},{\"@type\":\"ListItem\",\"position\":2,\"name\":\"Destaques\",\"item\":\"https:\/\/noticiaempauta.com\/portal\/destaques-site\/\"},{\"@type\":\"ListItem\",\"position\":3,\"name\":\"OAB Subse\u00e7\u00e3o de Picos promove o Conecta Prev e coloca a cidade no centro do debate previdenci\u00e1rio no Nordeste\"}]},{\"@type\":\"WebSite\",\"@id\":\"https:\/\/noticiaempauta.com\/portal\/#website\",\"url\":\"https:\/\/noticiaempauta.com\/portal\/\",\"name\":\"Portal Not\u00edcia em Pauta\",\"description\":\"Voc\u00ea bem informado\",\"publisher\":{\"@id\":\"https:\/\/noticiaempauta.com\/portal\/#organization\"},\"potentialAction\":[{\"@type\":\"SearchAction\",\"target\":{\"@type\":\"EntryPoint\",\"urlTemplate\":\"https:\/\/noticiaempauta.com\/portal\/?s={search_term_string}\"},\"query-input\":{\"@type\":\"PropertyValueSpecification\",\"valueRequired\":true,\"valueName\":\"search_term_string\"}}],\"inLanguage\":\"pt-BR\"},{\"@type\":\"Organization\",\"@id\":\"https:\/\/noticiaempauta.com\/portal\/#organization\",\"name\":\"Portal Not\u00edcia em Pauta\",\"url\":\"https:\/\/noticiaempauta.com\/portal\/\",\"logo\":{\"@type\":\"ImageObject\",\"inLanguage\":\"pt-BR\",\"@id\":\"https:\/\/noticiaempauta.com\/portal\/#\/schema\/logo\/image\/\",\"url\":\"https:\/\/noticiaempauta.com\/portal\/wp-content\/uploads\/2022\/08\/logomarca_tema.fw_.png\",\"contentUrl\":\"https:\/\/noticiaempauta.com\/portal\/wp-content\/uploads\/2022\/08\/logomarca_tema.fw_.png\",\"width\":400,\"height\":232,\"caption\":\"Portal Not\u00edcia em Pauta\"},\"image\":{\"@id\":\"https:\/\/noticiaempauta.com\/portal\/#\/schema\/logo\/image\/\"},\"sameAs\":[\"https:\/\/www.facebook.com\/Portal-Notcia-Em-Pauta-102292869264820\/\",\"https:\/\/www.instagram.com\/portalnoticiaempauta\/\"]},{\"@type\":\"Person\",\"@id\":\"https:\/\/noticiaempauta.com\/portal\/#\/schema\/person\/a74af43dd1ab3deca45f988c717d57ac\",\"name\":\"Reda\u00e7\u00e3o\",\"image\":{\"@type\":\"ImageObject\",\"inLanguage\":\"pt-BR\",\"@id\":\"https:\/\/noticiaempauta.com\/portal\/#\/schema\/person\/image\/\",\"url\":\"https:\/\/secure.gravatar.com\/avatar\/03179346ecce6cdfc13361603e8f54242a90e5cde8618fa23c5c00aa2b0aadf3?s=96&d=mm&r=g\",\"contentUrl\":\"https:\/\/secure.gravatar.com\/avatar\/03179346ecce6cdfc13361603e8f54242a90e5cde8618fa23c5c00aa2b0aadf3?s=96&d=mm&r=g\",\"caption\":\"Reda\u00e7\u00e3o\"},\"sameAs\":[\"https:\/\/noticiaempauta.com\/portal\/\"],\"url\":\"https:\/\/noticiaempauta.com\/portal\/author\/fernando\/\"}]}<\/script>\n<!-- \/ Yoast SEO Premium plugin. -->","yoast_head_json":{"title":"OAB Subse\u00e7\u00e3o de Picos promove o Conecta Prev e coloca a cidade no centro do debate previdenci\u00e1rio no Nordeste - Portal Not\u00edcia em Pauta","robots":{"index":"index","follow":"follow","max-snippet":"max-snippet:-1","max-image-preview":"max-image-preview:large","max-video-preview":"max-video-preview:-1"},"canonical":"https:\/\/noticiaempauta.com\/portal\/oab-subsecao-de-picos-promove-o-conecta-prev-e-coloca-a-cidade-no-centro-do-debate-previdenciario-no-nordeste\/","og_locale":"pt_BR","og_type":"article","og_title":"OAB Subse\u00e7\u00e3o de Picos promove o Conecta Prev e coloca a cidade no centro do debate previdenci\u00e1rio no Nordeste","og_description":"A cidade de Picos se prepara para receber, no pr\u00f3ximo dia 1\u00ba de maio, um dos maiores eventos jur\u00eddicos da regi\u00e3o: o Conecta Prev, promovido pela OAB Subse\u00e7\u00e3o de Picos, com apoio da OAB Piau\u00ed. O evento ser\u00e1 realizado no Espa\u00e7o Versalhes e j\u00e1 demonstra sua grandeza antes mesmo de acontecer. Advogados e profissionais de, [&hellip;]","og_url":"https:\/\/noticiaempauta.com\/portal\/oab-subsecao-de-picos-promove-o-conecta-prev-e-coloca-a-cidade-no-centro-do-debate-previdenciario-no-nordeste\/","og_site_name":"Portal Not\u00edcia em Pauta","article_publisher":"https:\/\/www.facebook.com\/Portal-Notcia-Em-Pauta-102292869264820\/","article_published_time":"2026-04-27T18:15:04+00:00","article_modified_time":"2026-04-27T18:15:05+00:00","og_image":[{"width":1200,"height":900,"url":"https:\/\/noticiaempauta.com\/portal\/wp-content\/uploads\/2026\/04\/oabpicosss.webp","type":"image\/webp"}],"author":"Reda\u00e7\u00e3o","twitter_card":"summary_large_image","twitter_misc":{"Escrito por":"Reda\u00e7\u00e3o","Est. tempo de leitura":"3 minutos"},"schema":{"@context":"https:\/\/schema.org","@graph":[{"@type":"Article","@id":"https:\/\/noticiaempauta.com\/portal\/oab-subsecao-de-picos-promove-o-conecta-prev-e-coloca-a-cidade-no-centro-do-debate-previdenciario-no-nordeste\/#article","isPartOf":{"@id":"https:\/\/noticiaempauta.com\/portal\/oab-subsecao-de-picos-promove-o-conecta-prev-e-coloca-a-cidade-no-centro-do-debate-previdenciario-no-nordeste\/"},"author":{"name":"Reda\u00e7\u00e3o","@id":"https:\/\/noticiaempauta.com\/portal\/#\/schema\/person\/a74af43dd1ab3deca45f988c717d57ac"},"headline":"OAB Subse\u00e7\u00e3o de Picos promove o Conecta Prev e coloca a cidade no centro do debate previdenci\u00e1rio no Nordeste","datePublished":"2026-04-27T18:15:04+00:00","dateModified":"2026-04-27T18:15:05+00:00","mainEntityOfPage":{"@id":"https:\/\/noticiaempauta.com\/portal\/oab-subsecao-de-picos-promove-o-conecta-prev-e-coloca-a-cidade-no-centro-do-debate-previdenciario-no-nordeste\/"},"wordCount":367,"publisher":{"@id":"https:\/\/noticiaempauta.com\/portal\/#organization"},"image":{"@id":"https:\/\/noticiaempauta.com\/portal\/oab-subsecao-de-picos-promove-o-conecta-prev-e-coloca-a-cidade-no-centro-do-debate-previdenciario-no-nordeste\/#primaryimage"},"thumbnailUrl":"https:\/\/noticiaempauta.com\/portal\/wp-content\/uploads\/2026\/04\/oabpicosss.webp","keywords":["destaqueprincipal"],"articleSection":["Destaques","Geral","Todas as Not\u00edcias"],"inLanguage":"pt-BR"},{"@type":"WebPage","@id":"https:\/\/noticiaempauta.com\/portal\/oab-subsecao-de-picos-promove-o-conecta-prev-e-coloca-a-cidade-no-centro-do-debate-previdenciario-no-nordeste\/","url":"https:\/\/noticiaempauta.com\/portal\/oab-subsecao-de-picos-promove-o-conecta-prev-e-coloca-a-cidade-no-centro-do-debate-previdenciario-no-nordeste\/","name":"OAB Subse\u00e7\u00e3o de Picos promove o Conecta Prev e coloca a cidade no centro do debate previdenci\u00e1rio no Nordeste - Portal Not\u00edcia em Pauta","isPartOf":{"@id":"https:\/\/noticiaempauta.com\/portal\/#website"},"primaryImageOfPage":{"@id":"https:\/\/noticiaempauta.com\/portal\/oab-subsecao-de-picos-promove-o-conecta-prev-e-coloca-a-cidade-no-centro-do-debate-previdenciario-no-nordeste\/#primaryimage"},"image":{"@id":"https:\/\/noticiaempauta.com\/portal\/oab-subsecao-de-picos-promove-o-conecta-prev-e-coloca-a-cidade-no-centro-do-debate-previdenciario-no-nordeste\/#primaryimage"},"thumbnailUrl":"https:\/\/noticiaempauta.com\/portal\/wp-content\/uploads\/2026\/04\/oabpicosss.webp","datePublished":"2026-04-27T18:15:04+00:00","dateModified":"2026-04-27T18:15:05+00:00","breadcrumb":{"@id":"https:\/\/noticiaempauta.com\/portal\/oab-subsecao-de-picos-promove-o-conecta-prev-e-coloca-a-cidade-no-centro-do-debate-previdenciario-no-nordeste\/#breadcrumb"},"inLanguage":"pt-BR","potentialAction":[{"@type":"ReadAction","target":["https:\/\/noticiaempauta.com\/portal\/oab-subsecao-de-picos-promove-o-conecta-prev-e-coloca-a-cidade-no-centro-do-debate-previdenciario-no-nordeste\/"]}]},{"@type":"ImageObject","inLanguage":"pt-BR","@id":"https:\/\/noticiaempauta.com\/portal\/oab-subsecao-de-picos-promove-o-conecta-prev-e-coloca-a-cidade-no-centro-do-debate-previdenciario-no-nordeste\/#primaryimage","url":"https:\/\/noticiaempauta.com\/portal\/wp-content\/uploads\/2026\/04\/oabpicosss.webp","contentUrl":"https:\/\/noticiaempauta.com\/portal\/wp-content\/uploads\/2026\/04\/oabpicosss.webp","width":1200,"height":900},{"@type":"BreadcrumbList","@id":"https:\/\/noticiaempauta.com\/portal\/oab-subsecao-de-picos-promove-o-conecta-prev-e-coloca-a-cidade-no-centro-do-debate-previdenciario-no-nordeste\/#breadcrumb","itemListElement":[{"@type":"ListItem","position":1,"name":"P\u00e1gina Inicial","item":"https:\/\/noticiaempauta.com\/portal\/"},{"@type":"ListItem","position":2,"name":"Destaques","item":"https:\/\/noticiaempauta.com\/portal\/destaques-site\/"},{"@type":"ListItem","position":3,"name":"OAB Subse\u00e7\u00e3o de Picos promove o Conecta Prev e coloca a cidade no centro do debate previdenci\u00e1rio no Nordeste"}]},{"@type":"WebSite","@id":"https:\/\/noticiaempauta.com\/portal\/#website","url":"https:\/\/noticiaempauta.com\/portal\/","name":"Portal Not\u00edcia em Pauta","description":"Voc\u00ea bem informado","publisher":{"@id":"https:\/\/noticiaempauta.com\/portal\/#organization"},"potentialAction":[{"@type":"SearchAction","target":{"@type":"EntryPoint","urlTemplate":"https:\/\/noticiaempauta.com\/portal\/?s={search_term_string}"},"query-input":{"@type":"PropertyValueSpecification","valueRequired":true,"valueName":"search_term_string"}}],"inLanguage":"pt-BR"},{"@type":"Organization","@id":"https:\/\/noticiaempauta.com\/portal\/#organization","name":"Portal Not\u00edcia em Pauta","url":"https:\/\/noticiaempauta.com\/portal\/","logo":{"@type":"ImageObject","inLanguage":"pt-BR","@id":"https:\/\/noticiaempauta.com\/portal\/#\/schema\/logo\/image\/","url":"https:\/\/noticiaempauta.com\/portal\/wp-content\/uploads\/2022\/08\/logomarca_tema.fw_.png","contentUrl":"https:\/\/noticiaempauta.com\/portal\/wp-content\/uploads\/2022\/08\/logomarca_tema.fw_.png","width":400,"height":232,"caption":"Portal Not\u00edcia em Pauta"},"image":{"@id":"https:\/\/noticiaempauta.com\/portal\/#\/schema\/logo\/image\/"},"sameAs":["https:\/\/www.facebook.com\/Portal-Notcia-Em-Pauta-102292869264820\/","https:\/\/www.instagram.com\/portalnoticiaempauta\/"]},{"@type":"Person","@id":"https:\/\/noticiaempauta.com\/portal\/#\/schema\/person\/a74af43dd1ab3deca45f988c717d57ac","name":"Reda\u00e7\u00e3o","image":{"@type":"ImageObject","inLanguage":"pt-BR","@id":"https:\/\/noticiaempauta.com\/portal\/#\/schema\/person\/image\/","url":"https:\/\/secure.gravatar.com\/avatar\/03179346ecce6cdfc13361603e8f54242a90e5cde8618fa23c5c00aa2b0aadf3?s=96&d=mm&r=g","contentUrl":"https:\/\/secure.gravatar.com\/avatar\/03179346ecce6cdfc13361603e8f54242a90e5cde8618fa23c5c00aa2b0aadf3?s=96&d=mm&r=g","caption":"Reda\u00e7\u00e3o"},"sameAs":["https:\/\/noticiaempauta.com\/portal\/"],"url":"https:\/\/noticiaempauta.com\/portal\/author\/fernando\/"}]}},"_links":{"self":[{"href":"https:\/\/noticiaempauta.com\/portal\/wp-json\/wp\/v2\/posts\/288018","targetHints":{"allow":["GET"]}}],"collection":[{"href":"https:\/\/noticiaempauta.com\/portal\/wp-json\/wp\/v2\/posts"}],"about":[{"href":"https:\/\/noticiaempauta.com\/portal\/wp-json\/wp\/v2\/types\/post"}],"author":[{"embeddable":true,"href":"https:\/\/noticiaempauta.com\/portal\/wp-json\/wp\/v2\/users\/2"}],"replies":[{"embeddable":true,"href":"https:\/\/noticiaempauta.com\/portal\/wp-json\/wp\/v2\/comments?post=288018"}],"version-history":[{"count":2,"href":"https:\/\/noticiaempauta.com\/portal\/wp-json\/wp\/v2\/posts\/288018\/revisions"}],"predecessor-version":[{"id":288026,"href":"https:\/\/noticiaempauta.com\/portal\/wp-json\/wp\/v2\/posts\/288018\/revisions\/288026"}],"wp:featuredmedia":[{"embeddable":true,"href":"https:\/\/noticiaempauta.com\/portal\/wp-json\/wp\/v2\/media\/288021"}],"wp:attachment":[{"href":"https:\/\/noticiaempauta.com\/portal\/wp-json\/wp\/v2\/media?parent=288018"}],"wp:term":[{"taxonomy":"category","embeddable":true,"href":"https:\/\/noticiaempauta.com\/portal\/wp-json\/wp\/v2\/categories?post=288018"},{"taxonomy":"post_tag","embeddable":true,"href":"https:\/\/noticiaempauta.com\/portal\/wp-json\/wp\/v2\/tags?post=288018"}],"curies":[{"name":"wp","href":"https:\/\/api.w.org\/{rel}","templated":true}]}}