{"id":288038,"date":"2026-04-27T16:09:29","date_gmt":"2026-04-27T19:09:29","guid":{"rendered":"https:\/\/noticiaempauta.com\/portal\/?p=288038"},"modified":"2026-04-27T16:09:30","modified_gmt":"2026-04-27T19:09:30","slug":"deputado-severo-eulalio-articula-melhorias-em-rodovias-para-curral-novo-do-piaui","status":"publish","type":"post","link":"https:\/\/noticiaempauta.com\/portal\/deputado-severo-eulalio-articula-melhorias-em-rodovias-para-curral-novo-do-piaui\/","title":{"rendered":"Deputado Severo Eul\u00e1lio articula melhorias em rodovias para Curral Novo do Piau\u00ed"},"content":{"rendered":"\n<p>O deputado estadual Severo Eul\u00e1lio (MDB) participou, nesta segunda-feira (27), de reuni\u00e3o no Departamento de Estradas de Rodagem do Piau\u00ed para tratar de demandas de infraestrutura e mobilidade no munic\u00edpio de Curral Novo do Piau\u00ed.<\/p>\n\n\n\n<figure class=\"wp-block-image size-large\"><img fetchpriority=\"high\" decoding=\"async\" width=\"1024\" height=\"768\" src=\"https:\/\/noticiaempauta.com\/portal\/wp-content\/uploads\/2026\/04\/FA-IMG-e06ecaaecb54e58fa0fe-1024x768.webp\" alt=\"\" class=\"wp-image-288039\" srcset=\"https:\/\/noticiaempauta.com\/portal\/wp-content\/uploads\/2026\/04\/FA-IMG-e06ecaaecb54e58fa0fe-1024x768.webp 1024w, https:\/\/noticiaempauta.com\/portal\/wp-content\/uploads\/2026\/04\/FA-IMG-e06ecaaecb54e58fa0fe-300x225.webp 300w, https:\/\/noticiaempauta.com\/portal\/wp-content\/uploads\/2026\/04\/FA-IMG-e06ecaaecb54e58fa0fe-768x576.webp 768w, https:\/\/noticiaempauta.com\/portal\/wp-content\/uploads\/2026\/04\/FA-IMG-e06ecaaecb54e58fa0fe.webp 1280w\" sizes=\"(max-width: 1024px) 100vw, 1024px\" \/><\/figure>\n\n\n\n<p>O encontro contou com a presen\u00e7a do diretor-geral do \u00f3rg\u00e3o, Leonardo Sobral, al\u00e9m do prefeito Edgar J\u00fanior, do ex-prefeito J\u00fanior e do chefe de gabinete Erivaldo.<\/p>\n\n\n\n<p>Durante a reuni\u00e3o, foram discutidas a\u00e7\u00f5es voltadas \u00e0 melhoria das rodovias que atendem a regi\u00e3o, com o objetivo de garantir mais seguran\u00e7a e melhores condi\u00e7\u00f5es de tr\u00e1fego para a popula\u00e7\u00e3o.<\/p>\n\n\n\n<p>Segundo Severo Eul\u00e1lio, o di\u00e1logo com o Governo do Estado \u00e9 fundamental para viabilizar novos investimentos. \u201cSeguimos trabalhando para assegurar obras que melhorem a mobilidade e contribuam diretamente com o desenvolvimento dos munic\u00edpios piauienses\u201d, destacou.<\/p>\n\n\n\n<p>A agenda refor\u00e7a a atua\u00e7\u00e3o do parlamentar na articula\u00e7\u00e3o de investimentos em infraestrutura, considerada estrat\u00e9gica para o escoamento da produ\u00e7\u00e3o e a integra\u00e7\u00e3o regional.<\/p>\n\n\n\n<p><\/p>\n","protected":false},"excerpt":{"rendered":"<p>O deputado estadual Severo Eul\u00e1lio (MDB) participou, nesta segunda-feira (27), de reuni\u00e3o no Departamento de Estradas de Rodagem do Piau\u00ed para tratar de demandas de infraestrutura e mobilidade no munic\u00edpio de Curral Novo do Piau\u00ed. O encontro contou com a presen\u00e7a do diretor-geral do \u00f3rg\u00e3o, Leonardo Sobral, al\u00e9m do prefeito Edgar J\u00fanior, do ex-prefeito J\u00fanior [&hellip;]<\/p>\n","protected":false},"author":2,"featured_media":288039,"comment_status":"closed","ping_status":"closed","sticky":false,"template":"","format":"standard","meta":{"_mi_skip_tracking":false,"footnotes":""},"categories":[25,1,16],"tags":[],"class_list":["post-288038","post","type-post","status-publish","format-standard","has-post-thumbnail","hentry","category-destaques-site","category-geral","category-todas"],"acf":[],"yoast_head":"<!-- This site is optimized with the Yoast SEO Premium plugin v19.2 (Yoast SEO v26.9) - https:\/\/yoast.com\/product\/yoast-seo-premium-wordpress\/ -->\n<title>Deputado Severo Eul\u00e1lio articula melhorias em rodovias para Curral Novo do Piau\u00ed - Portal Not\u00edcia em Pauta<\/title>\n<meta name=\"robots\" content=\"index, follow, max-snippet:-1, max-image-preview:large, max-video-preview:-1\" \/>\n<link rel=\"canonical\" href=\"https:\/\/noticiaempauta.com\/portal\/deputado-severo-eulalio-articula-melhorias-em-rodovias-para-curral-novo-do-piaui\/\" \/>\n<meta property=\"og:locale\" content=\"pt_BR\" \/>\n<meta property=\"og:type\" content=\"article\" \/>\n<meta property=\"og:title\" content=\"Deputado Severo Eul\u00e1lio articula melhorias em rodovias para Curral Novo do Piau\u00ed\" \/>\n<meta property=\"og:description\" content=\"O deputado estadual Severo Eul\u00e1lio (MDB) participou, nesta segunda-feira (27), de reuni\u00e3o no Departamento de Estradas de Rodagem do Piau\u00ed para tratar de demandas de infraestrutura e mobilidade no munic\u00edpio de Curral Novo do Piau\u00ed. O encontro contou com a presen\u00e7a do diretor-geral do \u00f3rg\u00e3o, Leonardo Sobral, al\u00e9m do prefeito Edgar J\u00fanior, do ex-prefeito J\u00fanior [&hellip;]\" \/>\n<meta property=\"og:url\" content=\"https:\/\/noticiaempauta.com\/portal\/deputado-severo-eulalio-articula-melhorias-em-rodovias-para-curral-novo-do-piaui\/\" \/>\n<meta property=\"og:site_name\" content=\"Portal Not\u00edcia em Pauta\" \/>\n<meta property=\"article:publisher\" content=\"https:\/\/www.facebook.com\/Portal-Notcia-Em-Pauta-102292869264820\/\" \/>\n<meta property=\"article:published_time\" content=\"2026-04-27T19:09:29+00:00\" \/>\n<meta property=\"article:modified_time\" content=\"2026-04-27T19:09:30+00:00\" \/>\n<meta property=\"og:image\" content=\"https:\/\/noticiaempauta.com\/portal\/wp-content\/uploads\/2026\/04\/FA-IMG-e06ecaaecb54e58fa0fe.webp\" \/>\n\t<meta property=\"og:image:width\" content=\"1280\" \/>\n\t<meta property=\"og:image:height\" content=\"960\" \/>\n\t<meta property=\"og:image:type\" content=\"image\/webp\" \/>\n<meta name=\"author\" content=\"Reda\u00e7\u00e3o\" \/>\n<meta name=\"twitter:card\" content=\"summary_large_image\" \/>\n<meta name=\"twitter:label1\" content=\"Escrito por\" \/>\n\t<meta name=\"twitter:data1\" content=\"Reda\u00e7\u00e3o\" \/>\n\t<meta name=\"twitter:label2\" content=\"Est. tempo de leitura\" \/>\n\t<meta name=\"twitter:data2\" content=\"2 minutos\" \/>\n<script type=\"application\/ld+json\" class=\"yoast-schema-graph\">{\"@context\":\"https:\/\/schema.org\",\"@graph\":[{\"@type\":\"Article\",\"@id\":\"https:\/\/noticiaempauta.com\/portal\/deputado-severo-eulalio-articula-melhorias-em-rodovias-para-curral-novo-do-piaui\/#article\",\"isPartOf\":{\"@id\":\"https:\/\/noticiaempauta.com\/portal\/deputado-severo-eulalio-articula-melhorias-em-rodovias-para-curral-novo-do-piaui\/\"},\"author\":{\"name\":\"Reda\u00e7\u00e3o\",\"@id\":\"https:\/\/noticiaempauta.com\/portal\/#\/schema\/person\/a74af43dd1ab3deca45f988c717d57ac\"},\"headline\":\"Deputado Severo Eul\u00e1lio articula melhorias em rodovias para Curral Novo do Piau\u00ed\",\"datePublished\":\"2026-04-27T19:09:29+00:00\",\"dateModified\":\"2026-04-27T19:09:30+00:00\",\"mainEntityOfPage\":{\"@id\":\"https:\/\/noticiaempauta.com\/portal\/deputado-severo-eulalio-articula-melhorias-em-rodovias-para-curral-novo-do-piaui\/\"},\"wordCount\":184,\"publisher\":{\"@id\":\"https:\/\/noticiaempauta.com\/portal\/#organization\"},\"image\":{\"@id\":\"https:\/\/noticiaempauta.com\/portal\/deputado-severo-eulalio-articula-melhorias-em-rodovias-para-curral-novo-do-piaui\/#primaryimage\"},\"thumbnailUrl\":\"https:\/\/noticiaempauta.com\/portal\/wp-content\/uploads\/2026\/04\/FA-IMG-e06ecaaecb54e58fa0fe.webp\",\"articleSection\":[\"Destaques\",\"Geral\",\"Todas as Not\u00edcias\"],\"inLanguage\":\"pt-BR\"},{\"@type\":\"WebPage\",\"@id\":\"https:\/\/noticiaempauta.com\/portal\/deputado-severo-eulalio-articula-melhorias-em-rodovias-para-curral-novo-do-piaui\/\",\"url\":\"https:\/\/noticiaempauta.com\/portal\/deputado-severo-eulalio-articula-melhorias-em-rodovias-para-curral-novo-do-piaui\/\",\"name\":\"Deputado Severo Eul\u00e1lio articula melhorias em rodovias para Curral Novo do Piau\u00ed - Portal Not\u00edcia em Pauta\",\"isPartOf\":{\"@id\":\"https:\/\/noticiaempauta.com\/portal\/#website\"},\"primaryImageOfPage\":{\"@id\":\"https:\/\/noticiaempauta.com\/portal\/deputado-severo-eulalio-articula-melhorias-em-rodovias-para-curral-novo-do-piaui\/#primaryimage\"},\"image\":{\"@id\":\"https:\/\/noticiaempauta.com\/portal\/deputado-severo-eulalio-articula-melhorias-em-rodovias-para-curral-novo-do-piaui\/#primaryimage\"},\"thumbnailUrl\":\"https:\/\/noticiaempauta.com\/portal\/wp-content\/uploads\/2026\/04\/FA-IMG-e06ecaaecb54e58fa0fe.webp\",\"datePublished\":\"2026-04-27T19:09:29+00:00\",\"dateModified\":\"2026-04-27T19:09:30+00:00\",\"breadcrumb\":{\"@id\":\"https:\/\/noticiaempauta.com\/portal\/deputado-severo-eulalio-articula-melhorias-em-rodovias-para-curral-novo-do-piaui\/#breadcrumb\"},\"inLanguage\":\"pt-BR\",\"potentialAction\":[{\"@type\":\"ReadAction\",\"target\":[\"https:\/\/noticiaempauta.com\/portal\/deputado-severo-eulalio-articula-melhorias-em-rodovias-para-curral-novo-do-piaui\/\"]}]},{\"@type\":\"ImageObject\",\"inLanguage\":\"pt-BR\",\"@id\":\"https:\/\/noticiaempauta.com\/portal\/deputado-severo-eulalio-articula-melhorias-em-rodovias-para-curral-novo-do-piaui\/#primaryimage\",\"url\":\"https:\/\/noticiaempauta.com\/portal\/wp-content\/uploads\/2026\/04\/FA-IMG-e06ecaaecb54e58fa0fe.webp\",\"contentUrl\":\"https:\/\/noticiaempauta.com\/portal\/wp-content\/uploads\/2026\/04\/FA-IMG-e06ecaaecb54e58fa0fe.webp\",\"width\":1280,\"height\":960},{\"@type\":\"BreadcrumbList\",\"@id\":\"https:\/\/noticiaempauta.com\/portal\/deputado-severo-eulalio-articula-melhorias-em-rodovias-para-curral-novo-do-piaui\/#breadcrumb\",\"itemListElement\":[{\"@type\":\"ListItem\",\"position\":1,\"name\":\"P\u00e1gina Inicial\",\"item\":\"https:\/\/noticiaempauta.com\/portal\/\"},{\"@type\":\"ListItem\",\"position\":2,\"name\":\"Destaques\",\"item\":\"https:\/\/noticiaempauta.com\/portal\/destaques-site\/\"},{\"@type\":\"ListItem\",\"position\":3,\"name\":\"Deputado Severo Eul\u00e1lio articula melhorias em rodovias para Curral Novo do Piau\u00ed\"}]},{\"@type\":\"WebSite\",\"@id\":\"https:\/\/noticiaempauta.com\/portal\/#website\",\"url\":\"https:\/\/noticiaempauta.com\/portal\/\",\"name\":\"Portal Not\u00edcia em Pauta\",\"description\":\"Voc\u00ea bem informado\",\"publisher\":{\"@id\":\"https:\/\/noticiaempauta.com\/portal\/#organization\"},\"potentialAction\":[{\"@type\":\"SearchAction\",\"target\":{\"@type\":\"EntryPoint\",\"urlTemplate\":\"https:\/\/noticiaempauta.com\/portal\/?s={search_term_string}\"},\"query-input\":{\"@type\":\"PropertyValueSpecification\",\"valueRequired\":true,\"valueName\":\"search_term_string\"}}],\"inLanguage\":\"pt-BR\"},{\"@type\":\"Organization\",\"@id\":\"https:\/\/noticiaempauta.com\/portal\/#organization\",\"name\":\"Portal Not\u00edcia em Pauta\",\"url\":\"https:\/\/noticiaempauta.com\/portal\/\",\"logo\":{\"@type\":\"ImageObject\",\"inLanguage\":\"pt-BR\",\"@id\":\"https:\/\/noticiaempauta.com\/portal\/#\/schema\/logo\/image\/\",\"url\":\"https:\/\/noticiaempauta.com\/portal\/wp-content\/uploads\/2022\/08\/logomarca_tema.fw_.png\",\"contentUrl\":\"https:\/\/noticiaempauta.com\/portal\/wp-content\/uploads\/2022\/08\/logomarca_tema.fw_.png\",\"width\":400,\"height\":232,\"caption\":\"Portal Not\u00edcia em Pauta\"},\"image\":{\"@id\":\"https:\/\/noticiaempauta.com\/portal\/#\/schema\/logo\/image\/\"},\"sameAs\":[\"https:\/\/www.facebook.com\/Portal-Notcia-Em-Pauta-102292869264820\/\",\"https:\/\/www.instagram.com\/portalnoticiaempauta\/\"]},{\"@type\":\"Person\",\"@id\":\"https:\/\/noticiaempauta.com\/portal\/#\/schema\/person\/a74af43dd1ab3deca45f988c717d57ac\",\"name\":\"Reda\u00e7\u00e3o\",\"image\":{\"@type\":\"ImageObject\",\"inLanguage\":\"pt-BR\",\"@id\":\"https:\/\/noticiaempauta.com\/portal\/#\/schema\/person\/image\/\",\"url\":\"https:\/\/secure.gravatar.com\/avatar\/03179346ecce6cdfc13361603e8f54242a90e5cde8618fa23c5c00aa2b0aadf3?s=96&d=mm&r=g\",\"contentUrl\":\"https:\/\/secure.gravatar.com\/avatar\/03179346ecce6cdfc13361603e8f54242a90e5cde8618fa23c5c00aa2b0aadf3?s=96&d=mm&r=g\",\"caption\":\"Reda\u00e7\u00e3o\"},\"sameAs\":[\"https:\/\/noticiaempauta.com\/portal\/\"],\"url\":\"https:\/\/noticiaempauta.com\/portal\/author\/fernando\/\"}]}<\/script>\n<!-- \/ Yoast SEO Premium plugin. -->","yoast_head_json":{"title":"Deputado Severo Eul\u00e1lio articula melhorias em rodovias para Curral Novo do Piau\u00ed - Portal Not\u00edcia em Pauta","robots":{"index":"index","follow":"follow","max-snippet":"max-snippet:-1","max-image-preview":"max-image-preview:large","max-video-preview":"max-video-preview:-1"},"canonical":"https:\/\/noticiaempauta.com\/portal\/deputado-severo-eulalio-articula-melhorias-em-rodovias-para-curral-novo-do-piaui\/","og_locale":"pt_BR","og_type":"article","og_title":"Deputado Severo Eul\u00e1lio articula melhorias em rodovias para Curral Novo do Piau\u00ed","og_description":"O deputado estadual Severo Eul\u00e1lio (MDB) participou, nesta segunda-feira (27), de reuni\u00e3o no Departamento de Estradas de Rodagem do Piau\u00ed para tratar de demandas de infraestrutura e mobilidade no munic\u00edpio de Curral Novo do Piau\u00ed. O encontro contou com a presen\u00e7a do diretor-geral do \u00f3rg\u00e3o, Leonardo Sobral, al\u00e9m do prefeito Edgar J\u00fanior, do ex-prefeito J\u00fanior [&hellip;]","og_url":"https:\/\/noticiaempauta.com\/portal\/deputado-severo-eulalio-articula-melhorias-em-rodovias-para-curral-novo-do-piaui\/","og_site_name":"Portal Not\u00edcia em Pauta","article_publisher":"https:\/\/www.facebook.com\/Portal-Notcia-Em-Pauta-102292869264820\/","article_published_time":"2026-04-27T19:09:29+00:00","article_modified_time":"2026-04-27T19:09:30+00:00","og_image":[{"width":1280,"height":960,"url":"https:\/\/noticiaempauta.com\/portal\/wp-content\/uploads\/2026\/04\/FA-IMG-e06ecaaecb54e58fa0fe.webp","type":"image\/webp"}],"author":"Reda\u00e7\u00e3o","twitter_card":"summary_large_image","twitter_misc":{"Escrito por":"Reda\u00e7\u00e3o","Est. tempo de leitura":"2 minutos"},"schema":{"@context":"https:\/\/schema.org","@graph":[{"@type":"Article","@id":"https:\/\/noticiaempauta.com\/portal\/deputado-severo-eulalio-articula-melhorias-em-rodovias-para-curral-novo-do-piaui\/#article","isPartOf":{"@id":"https:\/\/noticiaempauta.com\/portal\/deputado-severo-eulalio-articula-melhorias-em-rodovias-para-curral-novo-do-piaui\/"},"author":{"name":"Reda\u00e7\u00e3o","@id":"https:\/\/noticiaempauta.com\/portal\/#\/schema\/person\/a74af43dd1ab3deca45f988c717d57ac"},"headline":"Deputado Severo Eul\u00e1lio articula melhorias em rodovias para Curral Novo do Piau\u00ed","datePublished":"2026-04-27T19:09:29+00:00","dateModified":"2026-04-27T19:09:30+00:00","mainEntityOfPage":{"@id":"https:\/\/noticiaempauta.com\/portal\/deputado-severo-eulalio-articula-melhorias-em-rodovias-para-curral-novo-do-piaui\/"},"wordCount":184,"publisher":{"@id":"https:\/\/noticiaempauta.com\/portal\/#organization"},"image":{"@id":"https:\/\/noticiaempauta.com\/portal\/deputado-severo-eulalio-articula-melhorias-em-rodovias-para-curral-novo-do-piaui\/#primaryimage"},"thumbnailUrl":"https:\/\/noticiaempauta.com\/portal\/wp-content\/uploads\/2026\/04\/FA-IMG-e06ecaaecb54e58fa0fe.webp","articleSection":["Destaques","Geral","Todas as Not\u00edcias"],"inLanguage":"pt-BR"},{"@type":"WebPage","@id":"https:\/\/noticiaempauta.com\/portal\/deputado-severo-eulalio-articula-melhorias-em-rodovias-para-curral-novo-do-piaui\/","url":"https:\/\/noticiaempauta.com\/portal\/deputado-severo-eulalio-articula-melhorias-em-rodovias-para-curral-novo-do-piaui\/","name":"Deputado Severo Eul\u00e1lio articula melhorias em rodovias para Curral Novo do Piau\u00ed - Portal Not\u00edcia em Pauta","isPartOf":{"@id":"https:\/\/noticiaempauta.com\/portal\/#website"},"primaryImageOfPage":{"@id":"https:\/\/noticiaempauta.com\/portal\/deputado-severo-eulalio-articula-melhorias-em-rodovias-para-curral-novo-do-piaui\/#primaryimage"},"image":{"@id":"https:\/\/noticiaempauta.com\/portal\/deputado-severo-eulalio-articula-melhorias-em-rodovias-para-curral-novo-do-piaui\/#primaryimage"},"thumbnailUrl":"https:\/\/noticiaempauta.com\/portal\/wp-content\/uploads\/2026\/04\/FA-IMG-e06ecaaecb54e58fa0fe.webp","datePublished":"2026-04-27T19:09:29+00:00","dateModified":"2026-04-27T19:09:30+00:00","breadcrumb":{"@id":"https:\/\/noticiaempauta.com\/portal\/deputado-severo-eulalio-articula-melhorias-em-rodovias-para-curral-novo-do-piaui\/#breadcrumb"},"inLanguage":"pt-BR","potentialAction":[{"@type":"ReadAction","target":["https:\/\/noticiaempauta.com\/portal\/deputado-severo-eulalio-articula-melhorias-em-rodovias-para-curral-novo-do-piaui\/"]}]},{"@type":"ImageObject","inLanguage":"pt-BR","@id":"https:\/\/noticiaempauta.com\/portal\/deputado-severo-eulalio-articula-melhorias-em-rodovias-para-curral-novo-do-piaui\/#primaryimage","url":"https:\/\/noticiaempauta.com\/portal\/wp-content\/uploads\/2026\/04\/FA-IMG-e06ecaaecb54e58fa0fe.webp","contentUrl":"https:\/\/noticiaempauta.com\/portal\/wp-content\/uploads\/2026\/04\/FA-IMG-e06ecaaecb54e58fa0fe.webp","width":1280,"height":960},{"@type":"BreadcrumbList","@id":"https:\/\/noticiaempauta.com\/portal\/deputado-severo-eulalio-articula-melhorias-em-rodovias-para-curral-novo-do-piaui\/#breadcrumb","itemListElement":[{"@type":"ListItem","position":1,"name":"P\u00e1gina Inicial","item":"https:\/\/noticiaempauta.com\/portal\/"},{"@type":"ListItem","position":2,"name":"Destaques","item":"https:\/\/noticiaempauta.com\/portal\/destaques-site\/"},{"@type":"ListItem","position":3,"name":"Deputado Severo Eul\u00e1lio articula melhorias em rodovias para Curral Novo do Piau\u00ed"}]},{"@type":"WebSite","@id":"https:\/\/noticiaempauta.com\/portal\/#website","url":"https:\/\/noticiaempauta.com\/portal\/","name":"Portal Not\u00edcia em Pauta","description":"Voc\u00ea bem informado","publisher":{"@id":"https:\/\/noticiaempauta.com\/portal\/#organization"},"potentialAction":[{"@type":"SearchAction","target":{"@type":"EntryPoint","urlTemplate":"https:\/\/noticiaempauta.com\/portal\/?s={search_term_string}"},"query-input":{"@type":"PropertyValueSpecification","valueRequired":true,"valueName":"search_term_string"}}],"inLanguage":"pt-BR"},{"@type":"Organization","@id":"https:\/\/noticiaempauta.com\/portal\/#organization","name":"Portal Not\u00edcia em Pauta","url":"https:\/\/noticiaempauta.com\/portal\/","logo":{"@type":"ImageObject","inLanguage":"pt-BR","@id":"https:\/\/noticiaempauta.com\/portal\/#\/schema\/logo\/image\/","url":"https:\/\/noticiaempauta.com\/portal\/wp-content\/uploads\/2022\/08\/logomarca_tema.fw_.png","contentUrl":"https:\/\/noticiaempauta.com\/portal\/wp-content\/uploads\/2022\/08\/logomarca_tema.fw_.png","width":400,"height":232,"caption":"Portal Not\u00edcia em Pauta"},"image":{"@id":"https:\/\/noticiaempauta.com\/portal\/#\/schema\/logo\/image\/"},"sameAs":["https:\/\/www.facebook.com\/Portal-Notcia-Em-Pauta-102292869264820\/","https:\/\/www.instagram.com\/portalnoticiaempauta\/"]},{"@type":"Person","@id":"https:\/\/noticiaempauta.com\/portal\/#\/schema\/person\/a74af43dd1ab3deca45f988c717d57ac","name":"Reda\u00e7\u00e3o","image":{"@type":"ImageObject","inLanguage":"pt-BR","@id":"https:\/\/noticiaempauta.com\/portal\/#\/schema\/person\/image\/","url":"https:\/\/secure.gravatar.com\/avatar\/03179346ecce6cdfc13361603e8f54242a90e5cde8618fa23c5c00aa2b0aadf3?s=96&d=mm&r=g","contentUrl":"https:\/\/secure.gravatar.com\/avatar\/03179346ecce6cdfc13361603e8f54242a90e5cde8618fa23c5c00aa2b0aadf3?s=96&d=mm&r=g","caption":"Reda\u00e7\u00e3o"},"sameAs":["https:\/\/noticiaempauta.com\/portal\/"],"url":"https:\/\/noticiaempauta.com\/portal\/author\/fernando\/"}]}},"_links":{"self":[{"href":"https:\/\/noticiaempauta.com\/portal\/wp-json\/wp\/v2\/posts\/288038","targetHints":{"allow":["GET"]}}],"collection":[{"href":"https:\/\/noticiaempauta.com\/portal\/wp-json\/wp\/v2\/posts"}],"about":[{"href":"https:\/\/noticiaempauta.com\/portal\/wp-json\/wp\/v2\/types\/post"}],"author":[{"embeddable":true,"href":"https:\/\/noticiaempauta.com\/portal\/wp-json\/wp\/v2\/users\/2"}],"replies":[{"embeddable":true,"href":"https:\/\/noticiaempauta.com\/portal\/wp-json\/wp\/v2\/comments?post=288038"}],"version-history":[{"count":2,"href":"https:\/\/noticiaempauta.com\/portal\/wp-json\/wp\/v2\/posts\/288038\/revisions"}],"predecessor-version":[{"id":288041,"href":"https:\/\/noticiaempauta.com\/portal\/wp-json\/wp\/v2\/posts\/288038\/revisions\/288041"}],"wp:featuredmedia":[{"embeddable":true,"href":"https:\/\/noticiaempauta.com\/portal\/wp-json\/wp\/v2\/media\/288039"}],"wp:attachment":[{"href":"https:\/\/noticiaempauta.com\/portal\/wp-json\/wp\/v2\/media?parent=288038"}],"wp:term":[{"taxonomy":"category","embeddable":true,"href":"https:\/\/noticiaempauta.com\/portal\/wp-json\/wp\/v2\/categories?post=288038"},{"taxonomy":"post_tag","embeddable":true,"href":"https:\/\/noticiaempauta.com\/portal\/wp-json\/wp\/v2\/tags?post=288038"}],"curies":[{"name":"wp","href":"https:\/\/api.w.org\/{rel}","templated":true}]}}