{"id":288042,"date":"2026-04-28T08:45:41","date_gmt":"2026-04-28T11:45:41","guid":{"rendered":"https:\/\/noticiaempauta.com\/portal\/?p=288042"},"modified":"2026-04-28T08:45:42","modified_gmt":"2026-04-28T11:45:42","slug":"delegado-escobar-da-policia-civil-do-piaui-e-encontrado-morto-em-residencia-em-oeiras","status":"publish","type":"post","link":"https:\/\/noticiaempauta.com\/portal\/delegado-escobar-da-policia-civil-do-piaui-e-encontrado-morto-em-residencia-em-oeiras\/","title":{"rendered":"Delegado Escobar, da Pol\u00edcia Civil do Piau\u00ed, \u00e9 encontrado morto em resid\u00eancia em Oeiras"},"content":{"rendered":"\n<p>O delegado Guilherme Tavares Escobar Morgado, da Pol\u00edcia Civil do Piau\u00ed, foi encontrado morto aos 32 anos em sua resid\u00eancia, na manh\u00e3 desta ter\u00e7a-feira (28), no Centro de Oeiras, no Sul do Piau\u00ed.<strong>\u00a0Natural do estado de Goi\u00e1s, ele atuava recentemente na cidade ap\u00f3s passar pela delegacia de Picos.<\/strong><\/p>\n\n\n\n<figure class=\"wp-block-image size-full\"><img fetchpriority=\"high\" decoding=\"async\" width=\"785\" height=\"435\" src=\"https:\/\/noticiaempauta.com\/portal\/wp-content\/uploads\/2026\/04\/guilherme-tavares-escobar-morgado-71ee36318f30d67f.webp\" alt=\"\" class=\"wp-image-288043\" srcset=\"https:\/\/noticiaempauta.com\/portal\/wp-content\/uploads\/2026\/04\/guilherme-tavares-escobar-morgado-71ee36318f30d67f.webp 785w, https:\/\/noticiaempauta.com\/portal\/wp-content\/uploads\/2026\/04\/guilherme-tavares-escobar-morgado-71ee36318f30d67f-300x166.webp 300w, https:\/\/noticiaempauta.com\/portal\/wp-content\/uploads\/2026\/04\/guilherme-tavares-escobar-morgado-71ee36318f30d67f-768x426.webp 768w\" sizes=\"(max-width: 785px) 100vw, 785px\" \/><figcaption class=\"wp-element-caption\"><em>Guilherme Tavares Escobar Morgado. | Foto: Reprodu\u00e7\u00e3o\/Redes Sociais<\/em><\/figcaption><\/figure>\n\n\n\n<p>Informa\u00e7\u00f5es preliminares apontam que ele estava com um ferimento provocado por disparo de arma de fogo na regi\u00e3o da cabe\u00e7a. A companheira tamb\u00e9m estava na resid\u00eancia.<strong>\u00a0At\u00e9 o momento, n\u00e3o h\u00e1 mais detalhes sobre o que aconteceu.<\/strong><\/p>\n\n\n\n<p>A Pol\u00edcia Civil foi acionada e iniciou as investiga\u00e7\u00f5es sobre a morte. A Per\u00edcia Criminal tamb\u00e9m esteve no local para apurar e esclarecer as circunst\u00e2ncias do ocorrido. O caso segue sendo apurado.<\/p>\n\n\n\n<p>Em suas redes sociais, o delegado compartilhava relatos de incentiva\u00e7\u00e3o, pr\u00e1tica em esportes e a\u00e7\u00f5es policiais.&nbsp;<strong>Em nota, a Poli\u00edcia Civil do Piau\u00ed, lamentou o ocorrido:<\/strong><\/p>\n\n\n\n<p><em>Nota de pesar pelo falecimento do DPC Guilherme Tavares Escobar<\/em><\/p>\n\n\n\n<p><em>A Delegacia-Geral de Pol\u00edcia Civil vem, por meio da presente nota, manifestar profundo pesar pelo falecimento do Delegado de Pol\u00edcia Civil Guilherme Tavares Escobar, na cidade de Oeiras, Piaui.<\/em><\/p>\n\n\n\n<p><em>O Delegado-Geral, Luccy Keiko Leal Para\u00edba, em nome da Institui\u00e7\u00e3o, deseja familiares, amigos e todos os servidores policiais civis o conforto divino nesse momento de profunda dor.<\/em><\/p>\n\n\n\n<p><em>Assessoria de Comunica\u00e7\u00e3o da Pol\u00edcia Civil do Estado do Piau\u00ed<\/em>.<\/p>\n\n\n\n<p><em><strong>Com informa\u00e7\u00f5es do Portal Integra\u00e7\u00e3o.\u00a0<\/strong><\/em><\/p>\n","protected":false},"excerpt":{"rendered":"<p>O delegado Guilherme Tavares Escobar Morgado, da Pol\u00edcia Civil do Piau\u00ed, foi encontrado morto aos 32 anos em sua resid\u00eancia, na manh\u00e3 desta ter\u00e7a-feira (28), no Centro de Oeiras, no Sul do Piau\u00ed.\u00a0Natural do estado de Goi\u00e1s, ele atuava recentemente na cidade ap\u00f3s passar pela delegacia de Picos. Informa\u00e7\u00f5es preliminares apontam que ele estava com [&hellip;]<\/p>\n","protected":false},"author":2,"featured_media":288043,"comment_status":"closed","ping_status":"closed","sticky":false,"template":"","format":"standard","meta":{"_mi_skip_tracking":false,"footnotes":""},"categories":[25,1,137,16],"tags":[],"class_list":["post-288042","post","type-post","status-publish","format-standard","has-post-thumbnail","hentry","category-destaques-site","category-geral","category-policia","category-todas"],"acf":[],"yoast_head":"<!-- This site is optimized with the Yoast SEO Premium plugin v19.2 (Yoast SEO v26.9) - https:\/\/yoast.com\/product\/yoast-seo-premium-wordpress\/ -->\n<title>Delegado Escobar, da Pol\u00edcia Civil do Piau\u00ed, \u00e9 encontrado morto em resid\u00eancia em Oeiras - Portal Not\u00edcia em Pauta<\/title>\n<meta name=\"robots\" content=\"index, follow, max-snippet:-1, max-image-preview:large, max-video-preview:-1\" \/>\n<link rel=\"canonical\" href=\"https:\/\/noticiaempauta.com\/portal\/delegado-escobar-da-policia-civil-do-piaui-e-encontrado-morto-em-residencia-em-oeiras\/\" \/>\n<meta property=\"og:locale\" content=\"pt_BR\" \/>\n<meta property=\"og:type\" content=\"article\" \/>\n<meta property=\"og:title\" content=\"Delegado Escobar, da Pol\u00edcia Civil do Piau\u00ed, \u00e9 encontrado morto em resid\u00eancia em Oeiras\" \/>\n<meta property=\"og:description\" content=\"O delegado Guilherme Tavares Escobar Morgado, da Pol\u00edcia Civil do Piau\u00ed, foi encontrado morto aos 32 anos em sua resid\u00eancia, na manh\u00e3 desta ter\u00e7a-feira (28), no Centro de Oeiras, no Sul do Piau\u00ed.\u00a0Natural do estado de Goi\u00e1s, ele atuava recentemente na cidade ap\u00f3s passar pela delegacia de Picos. Informa\u00e7\u00f5es preliminares apontam que ele estava com [&hellip;]\" \/>\n<meta property=\"og:url\" content=\"https:\/\/noticiaempauta.com\/portal\/delegado-escobar-da-policia-civil-do-piaui-e-encontrado-morto-em-residencia-em-oeiras\/\" \/>\n<meta property=\"og:site_name\" content=\"Portal Not\u00edcia em Pauta\" \/>\n<meta property=\"article:publisher\" content=\"https:\/\/www.facebook.com\/Portal-Notcia-Em-Pauta-102292869264820\/\" \/>\n<meta property=\"article:published_time\" content=\"2026-04-28T11:45:41+00:00\" \/>\n<meta property=\"article:modified_time\" content=\"2026-04-28T11:45:42+00:00\" \/>\n<meta property=\"og:image\" content=\"https:\/\/noticiaempauta.com\/portal\/wp-content\/uploads\/2026\/04\/guilherme-tavares-escobar-morgado-71ee36318f30d67f.webp\" \/>\n\t<meta property=\"og:image:width\" content=\"785\" \/>\n\t<meta property=\"og:image:height\" content=\"435\" \/>\n\t<meta property=\"og:image:type\" content=\"image\/webp\" \/>\n<meta name=\"author\" content=\"Reda\u00e7\u00e3o\" \/>\n<meta name=\"twitter:card\" content=\"summary_large_image\" \/>\n<meta name=\"twitter:label1\" content=\"Escrito por\" \/>\n\t<meta name=\"twitter:data1\" content=\"Reda\u00e7\u00e3o\" \/>\n\t<meta name=\"twitter:label2\" content=\"Est. tempo de leitura\" \/>\n\t<meta name=\"twitter:data2\" content=\"2 minutos\" \/>\n<script type=\"application\/ld+json\" class=\"yoast-schema-graph\">{\"@context\":\"https:\/\/schema.org\",\"@graph\":[{\"@type\":\"Article\",\"@id\":\"https:\/\/noticiaempauta.com\/portal\/delegado-escobar-da-policia-civil-do-piaui-e-encontrado-morto-em-residencia-em-oeiras\/#article\",\"isPartOf\":{\"@id\":\"https:\/\/noticiaempauta.com\/portal\/delegado-escobar-da-policia-civil-do-piaui-e-encontrado-morto-em-residencia-em-oeiras\/\"},\"author\":{\"name\":\"Reda\u00e7\u00e3o\",\"@id\":\"https:\/\/noticiaempauta.com\/portal\/#\/schema\/person\/a74af43dd1ab3deca45f988c717d57ac\"},\"headline\":\"Delegado Escobar, da Pol\u00edcia Civil do Piau\u00ed, \u00e9 encontrado morto em resid\u00eancia em Oeiras\",\"datePublished\":\"2026-04-28T11:45:41+00:00\",\"dateModified\":\"2026-04-28T11:45:42+00:00\",\"mainEntityOfPage\":{\"@id\":\"https:\/\/noticiaempauta.com\/portal\/delegado-escobar-da-policia-civil-do-piaui-e-encontrado-morto-em-residencia-em-oeiras\/\"},\"wordCount\":276,\"publisher\":{\"@id\":\"https:\/\/noticiaempauta.com\/portal\/#organization\"},\"image\":{\"@id\":\"https:\/\/noticiaempauta.com\/portal\/delegado-escobar-da-policia-civil-do-piaui-e-encontrado-morto-em-residencia-em-oeiras\/#primaryimage\"},\"thumbnailUrl\":\"https:\/\/noticiaempauta.com\/portal\/wp-content\/uploads\/2026\/04\/guilherme-tavares-escobar-morgado-71ee36318f30d67f.webp\",\"articleSection\":[\"Destaques\",\"Geral\",\"Pol\u00edcia\",\"Todas as Not\u00edcias\"],\"inLanguage\":\"pt-BR\"},{\"@type\":\"WebPage\",\"@id\":\"https:\/\/noticiaempauta.com\/portal\/delegado-escobar-da-policia-civil-do-piaui-e-encontrado-morto-em-residencia-em-oeiras\/\",\"url\":\"https:\/\/noticiaempauta.com\/portal\/delegado-escobar-da-policia-civil-do-piaui-e-encontrado-morto-em-residencia-em-oeiras\/\",\"name\":\"Delegado Escobar, da Pol\u00edcia Civil do Piau\u00ed, \u00e9 encontrado morto em resid\u00eancia em Oeiras - Portal Not\u00edcia em Pauta\",\"isPartOf\":{\"@id\":\"https:\/\/noticiaempauta.com\/portal\/#website\"},\"primaryImageOfPage\":{\"@id\":\"https:\/\/noticiaempauta.com\/portal\/delegado-escobar-da-policia-civil-do-piaui-e-encontrado-morto-em-residencia-em-oeiras\/#primaryimage\"},\"image\":{\"@id\":\"https:\/\/noticiaempauta.com\/portal\/delegado-escobar-da-policia-civil-do-piaui-e-encontrado-morto-em-residencia-em-oeiras\/#primaryimage\"},\"thumbnailUrl\":\"https:\/\/noticiaempauta.com\/portal\/wp-content\/uploads\/2026\/04\/guilherme-tavares-escobar-morgado-71ee36318f30d67f.webp\",\"datePublished\":\"2026-04-28T11:45:41+00:00\",\"dateModified\":\"2026-04-28T11:45:42+00:00\",\"breadcrumb\":{\"@id\":\"https:\/\/noticiaempauta.com\/portal\/delegado-escobar-da-policia-civil-do-piaui-e-encontrado-morto-em-residencia-em-oeiras\/#breadcrumb\"},\"inLanguage\":\"pt-BR\",\"potentialAction\":[{\"@type\":\"ReadAction\",\"target\":[\"https:\/\/noticiaempauta.com\/portal\/delegado-escobar-da-policia-civil-do-piaui-e-encontrado-morto-em-residencia-em-oeiras\/\"]}]},{\"@type\":\"ImageObject\",\"inLanguage\":\"pt-BR\",\"@id\":\"https:\/\/noticiaempauta.com\/portal\/delegado-escobar-da-policia-civil-do-piaui-e-encontrado-morto-em-residencia-em-oeiras\/#primaryimage\",\"url\":\"https:\/\/noticiaempauta.com\/portal\/wp-content\/uploads\/2026\/04\/guilherme-tavares-escobar-morgado-71ee36318f30d67f.webp\",\"contentUrl\":\"https:\/\/noticiaempauta.com\/portal\/wp-content\/uploads\/2026\/04\/guilherme-tavares-escobar-morgado-71ee36318f30d67f.webp\",\"width\":785,\"height\":435},{\"@type\":\"BreadcrumbList\",\"@id\":\"https:\/\/noticiaempauta.com\/portal\/delegado-escobar-da-policia-civil-do-piaui-e-encontrado-morto-em-residencia-em-oeiras\/#breadcrumb\",\"itemListElement\":[{\"@type\":\"ListItem\",\"position\":1,\"name\":\"P\u00e1gina Inicial\",\"item\":\"https:\/\/noticiaempauta.com\/portal\/\"},{\"@type\":\"ListItem\",\"position\":2,\"name\":\"Destaques\",\"item\":\"https:\/\/noticiaempauta.com\/portal\/destaques-site\/\"},{\"@type\":\"ListItem\",\"position\":3,\"name\":\"Delegado Escobar, da Pol\u00edcia Civil do Piau\u00ed, \u00e9 encontrado morto em resid\u00eancia em Oeiras\"}]},{\"@type\":\"WebSite\",\"@id\":\"https:\/\/noticiaempauta.com\/portal\/#website\",\"url\":\"https:\/\/noticiaempauta.com\/portal\/\",\"name\":\"Portal Not\u00edcia em Pauta\",\"description\":\"Voc\u00ea bem informado\",\"publisher\":{\"@id\":\"https:\/\/noticiaempauta.com\/portal\/#organization\"},\"potentialAction\":[{\"@type\":\"SearchAction\",\"target\":{\"@type\":\"EntryPoint\",\"urlTemplate\":\"https:\/\/noticiaempauta.com\/portal\/?s={search_term_string}\"},\"query-input\":{\"@type\":\"PropertyValueSpecification\",\"valueRequired\":true,\"valueName\":\"search_term_string\"}}],\"inLanguage\":\"pt-BR\"},{\"@type\":\"Organization\",\"@id\":\"https:\/\/noticiaempauta.com\/portal\/#organization\",\"name\":\"Portal Not\u00edcia em Pauta\",\"url\":\"https:\/\/noticiaempauta.com\/portal\/\",\"logo\":{\"@type\":\"ImageObject\",\"inLanguage\":\"pt-BR\",\"@id\":\"https:\/\/noticiaempauta.com\/portal\/#\/schema\/logo\/image\/\",\"url\":\"https:\/\/noticiaempauta.com\/portal\/wp-content\/uploads\/2022\/08\/logomarca_tema.fw_.png\",\"contentUrl\":\"https:\/\/noticiaempauta.com\/portal\/wp-content\/uploads\/2022\/08\/logomarca_tema.fw_.png\",\"width\":400,\"height\":232,\"caption\":\"Portal Not\u00edcia em Pauta\"},\"image\":{\"@id\":\"https:\/\/noticiaempauta.com\/portal\/#\/schema\/logo\/image\/\"},\"sameAs\":[\"https:\/\/www.facebook.com\/Portal-Notcia-Em-Pauta-102292869264820\/\",\"https:\/\/www.instagram.com\/portalnoticiaempauta\/\"]},{\"@type\":\"Person\",\"@id\":\"https:\/\/noticiaempauta.com\/portal\/#\/schema\/person\/a74af43dd1ab3deca45f988c717d57ac\",\"name\":\"Reda\u00e7\u00e3o\",\"image\":{\"@type\":\"ImageObject\",\"inLanguage\":\"pt-BR\",\"@id\":\"https:\/\/noticiaempauta.com\/portal\/#\/schema\/person\/image\/\",\"url\":\"https:\/\/secure.gravatar.com\/avatar\/03179346ecce6cdfc13361603e8f54242a90e5cde8618fa23c5c00aa2b0aadf3?s=96&d=mm&r=g\",\"contentUrl\":\"https:\/\/secure.gravatar.com\/avatar\/03179346ecce6cdfc13361603e8f54242a90e5cde8618fa23c5c00aa2b0aadf3?s=96&d=mm&r=g\",\"caption\":\"Reda\u00e7\u00e3o\"},\"sameAs\":[\"https:\/\/noticiaempauta.com\/portal\/\"],\"url\":\"https:\/\/noticiaempauta.com\/portal\/author\/fernando\/\"}]}<\/script>\n<!-- \/ Yoast SEO Premium plugin. -->","yoast_head_json":{"title":"Delegado Escobar, da Pol\u00edcia Civil do Piau\u00ed, \u00e9 encontrado morto em resid\u00eancia em Oeiras - Portal Not\u00edcia em Pauta","robots":{"index":"index","follow":"follow","max-snippet":"max-snippet:-1","max-image-preview":"max-image-preview:large","max-video-preview":"max-video-preview:-1"},"canonical":"https:\/\/noticiaempauta.com\/portal\/delegado-escobar-da-policia-civil-do-piaui-e-encontrado-morto-em-residencia-em-oeiras\/","og_locale":"pt_BR","og_type":"article","og_title":"Delegado Escobar, da Pol\u00edcia Civil do Piau\u00ed, \u00e9 encontrado morto em resid\u00eancia em Oeiras","og_description":"O delegado Guilherme Tavares Escobar Morgado, da Pol\u00edcia Civil do Piau\u00ed, foi encontrado morto aos 32 anos em sua resid\u00eancia, na manh\u00e3 desta ter\u00e7a-feira (28), no Centro de Oeiras, no Sul do Piau\u00ed.\u00a0Natural do estado de Goi\u00e1s, ele atuava recentemente na cidade ap\u00f3s passar pela delegacia de Picos. Informa\u00e7\u00f5es preliminares apontam que ele estava com [&hellip;]","og_url":"https:\/\/noticiaempauta.com\/portal\/delegado-escobar-da-policia-civil-do-piaui-e-encontrado-morto-em-residencia-em-oeiras\/","og_site_name":"Portal Not\u00edcia em Pauta","article_publisher":"https:\/\/www.facebook.com\/Portal-Notcia-Em-Pauta-102292869264820\/","article_published_time":"2026-04-28T11:45:41+00:00","article_modified_time":"2026-04-28T11:45:42+00:00","og_image":[{"width":785,"height":435,"url":"https:\/\/noticiaempauta.com\/portal\/wp-content\/uploads\/2026\/04\/guilherme-tavares-escobar-morgado-71ee36318f30d67f.webp","type":"image\/webp"}],"author":"Reda\u00e7\u00e3o","twitter_card":"summary_large_image","twitter_misc":{"Escrito por":"Reda\u00e7\u00e3o","Est. tempo de leitura":"2 minutos"},"schema":{"@context":"https:\/\/schema.org","@graph":[{"@type":"Article","@id":"https:\/\/noticiaempauta.com\/portal\/delegado-escobar-da-policia-civil-do-piaui-e-encontrado-morto-em-residencia-em-oeiras\/#article","isPartOf":{"@id":"https:\/\/noticiaempauta.com\/portal\/delegado-escobar-da-policia-civil-do-piaui-e-encontrado-morto-em-residencia-em-oeiras\/"},"author":{"name":"Reda\u00e7\u00e3o","@id":"https:\/\/noticiaempauta.com\/portal\/#\/schema\/person\/a74af43dd1ab3deca45f988c717d57ac"},"headline":"Delegado Escobar, da Pol\u00edcia Civil do Piau\u00ed, \u00e9 encontrado morto em resid\u00eancia em Oeiras","datePublished":"2026-04-28T11:45:41+00:00","dateModified":"2026-04-28T11:45:42+00:00","mainEntityOfPage":{"@id":"https:\/\/noticiaempauta.com\/portal\/delegado-escobar-da-policia-civil-do-piaui-e-encontrado-morto-em-residencia-em-oeiras\/"},"wordCount":276,"publisher":{"@id":"https:\/\/noticiaempauta.com\/portal\/#organization"},"image":{"@id":"https:\/\/noticiaempauta.com\/portal\/delegado-escobar-da-policia-civil-do-piaui-e-encontrado-morto-em-residencia-em-oeiras\/#primaryimage"},"thumbnailUrl":"https:\/\/noticiaempauta.com\/portal\/wp-content\/uploads\/2026\/04\/guilherme-tavares-escobar-morgado-71ee36318f30d67f.webp","articleSection":["Destaques","Geral","Pol\u00edcia","Todas as Not\u00edcias"],"inLanguage":"pt-BR"},{"@type":"WebPage","@id":"https:\/\/noticiaempauta.com\/portal\/delegado-escobar-da-policia-civil-do-piaui-e-encontrado-morto-em-residencia-em-oeiras\/","url":"https:\/\/noticiaempauta.com\/portal\/delegado-escobar-da-policia-civil-do-piaui-e-encontrado-morto-em-residencia-em-oeiras\/","name":"Delegado Escobar, da Pol\u00edcia Civil do Piau\u00ed, \u00e9 encontrado morto em resid\u00eancia em Oeiras - Portal Not\u00edcia em Pauta","isPartOf":{"@id":"https:\/\/noticiaempauta.com\/portal\/#website"},"primaryImageOfPage":{"@id":"https:\/\/noticiaempauta.com\/portal\/delegado-escobar-da-policia-civil-do-piaui-e-encontrado-morto-em-residencia-em-oeiras\/#primaryimage"},"image":{"@id":"https:\/\/noticiaempauta.com\/portal\/delegado-escobar-da-policia-civil-do-piaui-e-encontrado-morto-em-residencia-em-oeiras\/#primaryimage"},"thumbnailUrl":"https:\/\/noticiaempauta.com\/portal\/wp-content\/uploads\/2026\/04\/guilherme-tavares-escobar-morgado-71ee36318f30d67f.webp","datePublished":"2026-04-28T11:45:41+00:00","dateModified":"2026-04-28T11:45:42+00:00","breadcrumb":{"@id":"https:\/\/noticiaempauta.com\/portal\/delegado-escobar-da-policia-civil-do-piaui-e-encontrado-morto-em-residencia-em-oeiras\/#breadcrumb"},"inLanguage":"pt-BR","potentialAction":[{"@type":"ReadAction","target":["https:\/\/noticiaempauta.com\/portal\/delegado-escobar-da-policia-civil-do-piaui-e-encontrado-morto-em-residencia-em-oeiras\/"]}]},{"@type":"ImageObject","inLanguage":"pt-BR","@id":"https:\/\/noticiaempauta.com\/portal\/delegado-escobar-da-policia-civil-do-piaui-e-encontrado-morto-em-residencia-em-oeiras\/#primaryimage","url":"https:\/\/noticiaempauta.com\/portal\/wp-content\/uploads\/2026\/04\/guilherme-tavares-escobar-morgado-71ee36318f30d67f.webp","contentUrl":"https:\/\/noticiaempauta.com\/portal\/wp-content\/uploads\/2026\/04\/guilherme-tavares-escobar-morgado-71ee36318f30d67f.webp","width":785,"height":435},{"@type":"BreadcrumbList","@id":"https:\/\/noticiaempauta.com\/portal\/delegado-escobar-da-policia-civil-do-piaui-e-encontrado-morto-em-residencia-em-oeiras\/#breadcrumb","itemListElement":[{"@type":"ListItem","position":1,"name":"P\u00e1gina Inicial","item":"https:\/\/noticiaempauta.com\/portal\/"},{"@type":"ListItem","position":2,"name":"Destaques","item":"https:\/\/noticiaempauta.com\/portal\/destaques-site\/"},{"@type":"ListItem","position":3,"name":"Delegado Escobar, da Pol\u00edcia Civil do Piau\u00ed, \u00e9 encontrado morto em resid\u00eancia em Oeiras"}]},{"@type":"WebSite","@id":"https:\/\/noticiaempauta.com\/portal\/#website","url":"https:\/\/noticiaempauta.com\/portal\/","name":"Portal Not\u00edcia em Pauta","description":"Voc\u00ea bem informado","publisher":{"@id":"https:\/\/noticiaempauta.com\/portal\/#organization"},"potentialAction":[{"@type":"SearchAction","target":{"@type":"EntryPoint","urlTemplate":"https:\/\/noticiaempauta.com\/portal\/?s={search_term_string}"},"query-input":{"@type":"PropertyValueSpecification","valueRequired":true,"valueName":"search_term_string"}}],"inLanguage":"pt-BR"},{"@type":"Organization","@id":"https:\/\/noticiaempauta.com\/portal\/#organization","name":"Portal Not\u00edcia em Pauta","url":"https:\/\/noticiaempauta.com\/portal\/","logo":{"@type":"ImageObject","inLanguage":"pt-BR","@id":"https:\/\/noticiaempauta.com\/portal\/#\/schema\/logo\/image\/","url":"https:\/\/noticiaempauta.com\/portal\/wp-content\/uploads\/2022\/08\/logomarca_tema.fw_.png","contentUrl":"https:\/\/noticiaempauta.com\/portal\/wp-content\/uploads\/2022\/08\/logomarca_tema.fw_.png","width":400,"height":232,"caption":"Portal Not\u00edcia em Pauta"},"image":{"@id":"https:\/\/noticiaempauta.com\/portal\/#\/schema\/logo\/image\/"},"sameAs":["https:\/\/www.facebook.com\/Portal-Notcia-Em-Pauta-102292869264820\/","https:\/\/www.instagram.com\/portalnoticiaempauta\/"]},{"@type":"Person","@id":"https:\/\/noticiaempauta.com\/portal\/#\/schema\/person\/a74af43dd1ab3deca45f988c717d57ac","name":"Reda\u00e7\u00e3o","image":{"@type":"ImageObject","inLanguage":"pt-BR","@id":"https:\/\/noticiaempauta.com\/portal\/#\/schema\/person\/image\/","url":"https:\/\/secure.gravatar.com\/avatar\/03179346ecce6cdfc13361603e8f54242a90e5cde8618fa23c5c00aa2b0aadf3?s=96&d=mm&r=g","contentUrl":"https:\/\/secure.gravatar.com\/avatar\/03179346ecce6cdfc13361603e8f54242a90e5cde8618fa23c5c00aa2b0aadf3?s=96&d=mm&r=g","caption":"Reda\u00e7\u00e3o"},"sameAs":["https:\/\/noticiaempauta.com\/portal\/"],"url":"https:\/\/noticiaempauta.com\/portal\/author\/fernando\/"}]}},"_links":{"self":[{"href":"https:\/\/noticiaempauta.com\/portal\/wp-json\/wp\/v2\/posts\/288042","targetHints":{"allow":["GET"]}}],"collection":[{"href":"https:\/\/noticiaempauta.com\/portal\/wp-json\/wp\/v2\/posts"}],"about":[{"href":"https:\/\/noticiaempauta.com\/portal\/wp-json\/wp\/v2\/types\/post"}],"author":[{"embeddable":true,"href":"https:\/\/noticiaempauta.com\/portal\/wp-json\/wp\/v2\/users\/2"}],"replies":[{"embeddable":true,"href":"https:\/\/noticiaempauta.com\/portal\/wp-json\/wp\/v2\/comments?post=288042"}],"version-history":[{"count":2,"href":"https:\/\/noticiaempauta.com\/portal\/wp-json\/wp\/v2\/posts\/288042\/revisions"}],"predecessor-version":[{"id":288045,"href":"https:\/\/noticiaempauta.com\/portal\/wp-json\/wp\/v2\/posts\/288042\/revisions\/288045"}],"wp:featuredmedia":[{"embeddable":true,"href":"https:\/\/noticiaempauta.com\/portal\/wp-json\/wp\/v2\/media\/288043"}],"wp:attachment":[{"href":"https:\/\/noticiaempauta.com\/portal\/wp-json\/wp\/v2\/media?parent=288042"}],"wp:term":[{"taxonomy":"category","embeddable":true,"href":"https:\/\/noticiaempauta.com\/portal\/wp-json\/wp\/v2\/categories?post=288042"},{"taxonomy":"post_tag","embeddable":true,"href":"https:\/\/noticiaempauta.com\/portal\/wp-json\/wp\/v2\/tags?post=288042"}],"curies":[{"name":"wp","href":"https:\/\/api.w.org\/{rel}","templated":true}]}}