{"id":288053,"date":"2026-04-28T09:18:43","date_gmt":"2026-04-28T12:18:43","guid":{"rendered":"https:\/\/noticiaempauta.com\/portal\/?p=288053"},"modified":"2026-04-28T09:18:44","modified_gmt":"2026-04-28T12:18:44","slug":"corpo-de-homem-morto-durante-acao-da-prf-passa-por-exumacao-em-picos","status":"publish","type":"post","link":"https:\/\/noticiaempauta.com\/portal\/corpo-de-homem-morto-durante-acao-da-prf-passa-por-exumacao-em-picos\/","title":{"rendered":"Corpo de homem morto durante a\u00e7\u00e3o da PRF passa por exuma\u00e7\u00e3o em Picos"},"content":{"rendered":"\n<p>O corpo do pedreiro Joilson Pereira, morto durante uma abordagem da Pol\u00edcia Rodovi\u00e1ria Federal (PRF), ser\u00e1 exumado na manh\u00e3 desta ter\u00e7a-feira (28).<\/p>\n\n\n\n<p>O caso, ocorrido em junho de 2020, pode ter uma reviravolta cinco anos depois, no munic\u00edpio de Picos (PI). A abordagem aconteceu no bairro Bomba. Joilson tinha 41 anos quando foi morto e est\u00e1 sepultado no cemit\u00e9rio de Picos.<\/p>\n\n\n\n<figure class=\"wp-block-image size-large\"><img fetchpriority=\"high\" decoding=\"async\" width=\"1024\" height=\"768\" src=\"https:\/\/noticiaempauta.com\/portal\/wp-content\/uploads\/2026\/04\/exumacao-1024x768.webp\" alt=\"\" class=\"wp-image-288054\" srcset=\"https:\/\/noticiaempauta.com\/portal\/wp-content\/uploads\/2026\/04\/exumacao-1024x768.webp 1024w, https:\/\/noticiaempauta.com\/portal\/wp-content\/uploads\/2026\/04\/exumacao-300x225.webp 300w, https:\/\/noticiaempauta.com\/portal\/wp-content\/uploads\/2026\/04\/exumacao-768x576.webp 768w, https:\/\/noticiaempauta.com\/portal\/wp-content\/uploads\/2026\/04\/exumacao.webp 1280w\" sizes=\"(max-width: 1024px) 100vw, 1024px\" \/><figcaption class=\"wp-element-caption\"><em>Corpo de pedreiro morto em abordagem policial passa por exuma\u00e7\u00e3o. (Foto: Carmo Neto \/ TV Clube)<\/em><\/figcaption><\/figure>\n\n\n\n<p>Familiares relatam que ele foi baleado por agentes da PRF na BR-316. A exuma\u00e7\u00e3o \u00e9 realizada pela equipe da Pol\u00edcia Cient\u00edfica da Pol\u00edcia Civil do Piau\u00ed e por peritos de Bras\u00edlia. O procedimento deve ajudar a esclarecer as circunst\u00e2ncias da morte.<\/p>\n\n\n\n<p>A vi\u00fava do pedreiro, Maria Raimunda Lima, acompanha a exuma\u00e7\u00e3o. \u201cEu espero justi\u00e7a porque eu quero ver o policial preso, que at\u00e9 hoje est\u00e1 solto trabalhando\u201d, disse \u00e0 TV Clube.<\/p>\n\n\n\n<figure class=\"wp-block-image size-full\"><img decoding=\"async\" width=\"984\" height=\"679\" src=\"https:\/\/noticiaempauta.com\/portal\/wp-content\/uploads\/2026\/04\/CASAL.webp\" alt=\"\" class=\"wp-image-288055\" srcset=\"https:\/\/noticiaempauta.com\/portal\/wp-content\/uploads\/2026\/04\/CASAL.webp 984w, https:\/\/noticiaempauta.com\/portal\/wp-content\/uploads\/2026\/04\/CASAL-300x207.webp 300w, https:\/\/noticiaempauta.com\/portal\/wp-content\/uploads\/2026\/04\/CASAL-768x530.webp 768w\" sizes=\"(max-width: 984px) 100vw, 984px\" \/><figcaption class=\"wp-element-caption\"><em>Raimunda e Joilson Pereira (Foto: arquivo pessoal)<\/em><\/figcaption><\/figure>\n\n\n\n<p><br>Maria Raimunda relembra o dia da morte do marido. Segundo a fam\u00edlia do homem, ele estava embriagado e sem capacete, mas a motocicleta que conduzia era sua e estava regularizada.<br><br>\u201cEle vinha de Bocaina, estava com um ano que trabalhava em Bocaina, ele ia e voltava todo dia. A pol\u00edcia na hora que viu ele, j\u00e1 foi logo atirando; primeiro um tiro no bra\u00e7o, quando ele virou para correr, deu outra nas costas. Ele n\u00e3o pararem ele pra saber quem era\u201d, recordou.<\/p>\n\n\n\n<p>Na \u00e9poca da morte, a PRF lamentou o desfecho da ocorr\u00eancia policial e que as circunst\u00e2ncias seriam apuradas pelo \u00f3rg\u00e3o.<\/p>\n\n\n\n<p><strong>Fonte: Portal Clube News<\/strong><\/p>\n","protected":false},"excerpt":{"rendered":"<p>O corpo do pedreiro Joilson Pereira, morto durante uma abordagem da Pol\u00edcia Rodovi\u00e1ria Federal (PRF), ser\u00e1 exumado na manh\u00e3 desta ter\u00e7a-feira (28). O caso, ocorrido em junho de 2020, pode ter uma reviravolta cinco anos depois, no munic\u00edpio de Picos (PI). A abordagem aconteceu no bairro Bomba. Joilson tinha 41 anos quando foi morto e [&hellip;]<\/p>\n","protected":false},"author":2,"featured_media":288054,"comment_status":"closed","ping_status":"closed","sticky":false,"template":"","format":"standard","meta":{"_mi_skip_tracking":false,"footnotes":""},"categories":[25,1,137,16],"tags":[192],"class_list":["post-288053","post","type-post","status-publish","format-standard","has-post-thumbnail","hentry","category-destaques-site","category-geral","category-policia","category-todas","tag-destaqueprincipal"],"acf":[],"yoast_head":"<!-- This site is optimized with the Yoast SEO Premium plugin v19.2 (Yoast SEO v26.9) - https:\/\/yoast.com\/product\/yoast-seo-premium-wordpress\/ -->\n<title>Corpo de homem morto durante a\u00e7\u00e3o da PRF passa por exuma\u00e7\u00e3o em Picos - Portal Not\u00edcia em Pauta<\/title>\n<meta name=\"robots\" content=\"index, follow, max-snippet:-1, max-image-preview:large, max-video-preview:-1\" \/>\n<link rel=\"canonical\" href=\"https:\/\/noticiaempauta.com\/portal\/corpo-de-homem-morto-durante-acao-da-prf-passa-por-exumacao-em-picos\/\" \/>\n<meta property=\"og:locale\" content=\"pt_BR\" \/>\n<meta property=\"og:type\" content=\"article\" \/>\n<meta property=\"og:title\" content=\"Corpo de homem morto durante a\u00e7\u00e3o da PRF passa por exuma\u00e7\u00e3o em Picos\" \/>\n<meta property=\"og:description\" content=\"O corpo do pedreiro Joilson Pereira, morto durante uma abordagem da Pol\u00edcia Rodovi\u00e1ria Federal (PRF), ser\u00e1 exumado na manh\u00e3 desta ter\u00e7a-feira (28). O caso, ocorrido em junho de 2020, pode ter uma reviravolta cinco anos depois, no munic\u00edpio de Picos (PI). A abordagem aconteceu no bairro Bomba. Joilson tinha 41 anos quando foi morto e [&hellip;]\" \/>\n<meta property=\"og:url\" content=\"https:\/\/noticiaempauta.com\/portal\/corpo-de-homem-morto-durante-acao-da-prf-passa-por-exumacao-em-picos\/\" \/>\n<meta property=\"og:site_name\" content=\"Portal Not\u00edcia em Pauta\" \/>\n<meta property=\"article:publisher\" content=\"https:\/\/www.facebook.com\/Portal-Notcia-Em-Pauta-102292869264820\/\" \/>\n<meta property=\"article:published_time\" content=\"2026-04-28T12:18:43+00:00\" \/>\n<meta property=\"article:modified_time\" content=\"2026-04-28T12:18:44+00:00\" \/>\n<meta property=\"og:image\" content=\"https:\/\/noticiaempauta.com\/portal\/wp-content\/uploads\/2026\/04\/exumacao.webp\" \/>\n\t<meta property=\"og:image:width\" content=\"1280\" \/>\n\t<meta property=\"og:image:height\" content=\"960\" \/>\n\t<meta property=\"og:image:type\" content=\"image\/webp\" \/>\n<meta name=\"author\" content=\"Reda\u00e7\u00e3o\" \/>\n<meta name=\"twitter:card\" content=\"summary_large_image\" \/>\n<meta name=\"twitter:label1\" content=\"Escrito por\" \/>\n\t<meta name=\"twitter:data1\" content=\"Reda\u00e7\u00e3o\" \/>\n\t<meta name=\"twitter:label2\" content=\"Est. tempo de leitura\" \/>\n\t<meta name=\"twitter:data2\" content=\"3 minutos\" \/>\n<script type=\"application\/ld+json\" class=\"yoast-schema-graph\">{\"@context\":\"https:\/\/schema.org\",\"@graph\":[{\"@type\":\"Article\",\"@id\":\"https:\/\/noticiaempauta.com\/portal\/corpo-de-homem-morto-durante-acao-da-prf-passa-por-exumacao-em-picos\/#article\",\"isPartOf\":{\"@id\":\"https:\/\/noticiaempauta.com\/portal\/corpo-de-homem-morto-durante-acao-da-prf-passa-por-exumacao-em-picos\/\"},\"author\":{\"name\":\"Reda\u00e7\u00e3o\",\"@id\":\"https:\/\/noticiaempauta.com\/portal\/#\/schema\/person\/a74af43dd1ab3deca45f988c717d57ac\"},\"headline\":\"Corpo de homem morto durante a\u00e7\u00e3o da PRF passa por exuma\u00e7\u00e3o em Picos\",\"datePublished\":\"2026-04-28T12:18:43+00:00\",\"dateModified\":\"2026-04-28T12:18:44+00:00\",\"mainEntityOfPage\":{\"@id\":\"https:\/\/noticiaempauta.com\/portal\/corpo-de-homem-morto-durante-acao-da-prf-passa-por-exumacao-em-picos\/\"},\"wordCount\":292,\"publisher\":{\"@id\":\"https:\/\/noticiaempauta.com\/portal\/#organization\"},\"image\":{\"@id\":\"https:\/\/noticiaempauta.com\/portal\/corpo-de-homem-morto-durante-acao-da-prf-passa-por-exumacao-em-picos\/#primaryimage\"},\"thumbnailUrl\":\"https:\/\/noticiaempauta.com\/portal\/wp-content\/uploads\/2026\/04\/exumacao.webp\",\"keywords\":[\"destaqueprincipal\"],\"articleSection\":[\"Destaques\",\"Geral\",\"Pol\u00edcia\",\"Todas as Not\u00edcias\"],\"inLanguage\":\"pt-BR\"},{\"@type\":\"WebPage\",\"@id\":\"https:\/\/noticiaempauta.com\/portal\/corpo-de-homem-morto-durante-acao-da-prf-passa-por-exumacao-em-picos\/\",\"url\":\"https:\/\/noticiaempauta.com\/portal\/corpo-de-homem-morto-durante-acao-da-prf-passa-por-exumacao-em-picos\/\",\"name\":\"Corpo de homem morto durante a\u00e7\u00e3o da PRF passa por exuma\u00e7\u00e3o em Picos - Portal Not\u00edcia em Pauta\",\"isPartOf\":{\"@id\":\"https:\/\/noticiaempauta.com\/portal\/#website\"},\"primaryImageOfPage\":{\"@id\":\"https:\/\/noticiaempauta.com\/portal\/corpo-de-homem-morto-durante-acao-da-prf-passa-por-exumacao-em-picos\/#primaryimage\"},\"image\":{\"@id\":\"https:\/\/noticiaempauta.com\/portal\/corpo-de-homem-morto-durante-acao-da-prf-passa-por-exumacao-em-picos\/#primaryimage\"},\"thumbnailUrl\":\"https:\/\/noticiaempauta.com\/portal\/wp-content\/uploads\/2026\/04\/exumacao.webp\",\"datePublished\":\"2026-04-28T12:18:43+00:00\",\"dateModified\":\"2026-04-28T12:18:44+00:00\",\"breadcrumb\":{\"@id\":\"https:\/\/noticiaempauta.com\/portal\/corpo-de-homem-morto-durante-acao-da-prf-passa-por-exumacao-em-picos\/#breadcrumb\"},\"inLanguage\":\"pt-BR\",\"potentialAction\":[{\"@type\":\"ReadAction\",\"target\":[\"https:\/\/noticiaempauta.com\/portal\/corpo-de-homem-morto-durante-acao-da-prf-passa-por-exumacao-em-picos\/\"]}]},{\"@type\":\"ImageObject\",\"inLanguage\":\"pt-BR\",\"@id\":\"https:\/\/noticiaempauta.com\/portal\/corpo-de-homem-morto-durante-acao-da-prf-passa-por-exumacao-em-picos\/#primaryimage\",\"url\":\"https:\/\/noticiaempauta.com\/portal\/wp-content\/uploads\/2026\/04\/exumacao.webp\",\"contentUrl\":\"https:\/\/noticiaempauta.com\/portal\/wp-content\/uploads\/2026\/04\/exumacao.webp\",\"width\":1280,\"height\":960},{\"@type\":\"BreadcrumbList\",\"@id\":\"https:\/\/noticiaempauta.com\/portal\/corpo-de-homem-morto-durante-acao-da-prf-passa-por-exumacao-em-picos\/#breadcrumb\",\"itemListElement\":[{\"@type\":\"ListItem\",\"position\":1,\"name\":\"P\u00e1gina Inicial\",\"item\":\"https:\/\/noticiaempauta.com\/portal\/\"},{\"@type\":\"ListItem\",\"position\":2,\"name\":\"Destaques\",\"item\":\"https:\/\/noticiaempauta.com\/portal\/destaques-site\/\"},{\"@type\":\"ListItem\",\"position\":3,\"name\":\"Corpo de homem morto durante a\u00e7\u00e3o da PRF passa por exuma\u00e7\u00e3o em Picos\"}]},{\"@type\":\"WebSite\",\"@id\":\"https:\/\/noticiaempauta.com\/portal\/#website\",\"url\":\"https:\/\/noticiaempauta.com\/portal\/\",\"name\":\"Portal Not\u00edcia em Pauta\",\"description\":\"Voc\u00ea bem informado\",\"publisher\":{\"@id\":\"https:\/\/noticiaempauta.com\/portal\/#organization\"},\"potentialAction\":[{\"@type\":\"SearchAction\",\"target\":{\"@type\":\"EntryPoint\",\"urlTemplate\":\"https:\/\/noticiaempauta.com\/portal\/?s={search_term_string}\"},\"query-input\":{\"@type\":\"PropertyValueSpecification\",\"valueRequired\":true,\"valueName\":\"search_term_string\"}}],\"inLanguage\":\"pt-BR\"},{\"@type\":\"Organization\",\"@id\":\"https:\/\/noticiaempauta.com\/portal\/#organization\",\"name\":\"Portal Not\u00edcia em Pauta\",\"url\":\"https:\/\/noticiaempauta.com\/portal\/\",\"logo\":{\"@type\":\"ImageObject\",\"inLanguage\":\"pt-BR\",\"@id\":\"https:\/\/noticiaempauta.com\/portal\/#\/schema\/logo\/image\/\",\"url\":\"https:\/\/noticiaempauta.com\/portal\/wp-content\/uploads\/2022\/08\/logomarca_tema.fw_.png\",\"contentUrl\":\"https:\/\/noticiaempauta.com\/portal\/wp-content\/uploads\/2022\/08\/logomarca_tema.fw_.png\",\"width\":400,\"height\":232,\"caption\":\"Portal Not\u00edcia em Pauta\"},\"image\":{\"@id\":\"https:\/\/noticiaempauta.com\/portal\/#\/schema\/logo\/image\/\"},\"sameAs\":[\"https:\/\/www.facebook.com\/Portal-Notcia-Em-Pauta-102292869264820\/\",\"https:\/\/www.instagram.com\/portalnoticiaempauta\/\"]},{\"@type\":\"Person\",\"@id\":\"https:\/\/noticiaempauta.com\/portal\/#\/schema\/person\/a74af43dd1ab3deca45f988c717d57ac\",\"name\":\"Reda\u00e7\u00e3o\",\"image\":{\"@type\":\"ImageObject\",\"inLanguage\":\"pt-BR\",\"@id\":\"https:\/\/noticiaempauta.com\/portal\/#\/schema\/person\/image\/\",\"url\":\"https:\/\/secure.gravatar.com\/avatar\/03179346ecce6cdfc13361603e8f54242a90e5cde8618fa23c5c00aa2b0aadf3?s=96&d=mm&r=g\",\"contentUrl\":\"https:\/\/secure.gravatar.com\/avatar\/03179346ecce6cdfc13361603e8f54242a90e5cde8618fa23c5c00aa2b0aadf3?s=96&d=mm&r=g\",\"caption\":\"Reda\u00e7\u00e3o\"},\"sameAs\":[\"https:\/\/noticiaempauta.com\/portal\/\"],\"url\":\"https:\/\/noticiaempauta.com\/portal\/author\/fernando\/\"}]}<\/script>\n<!-- \/ Yoast SEO Premium plugin. -->","yoast_head_json":{"title":"Corpo de homem morto durante a\u00e7\u00e3o da PRF passa por exuma\u00e7\u00e3o em Picos - Portal Not\u00edcia em Pauta","robots":{"index":"index","follow":"follow","max-snippet":"max-snippet:-1","max-image-preview":"max-image-preview:large","max-video-preview":"max-video-preview:-1"},"canonical":"https:\/\/noticiaempauta.com\/portal\/corpo-de-homem-morto-durante-acao-da-prf-passa-por-exumacao-em-picos\/","og_locale":"pt_BR","og_type":"article","og_title":"Corpo de homem morto durante a\u00e7\u00e3o da PRF passa por exuma\u00e7\u00e3o em Picos","og_description":"O corpo do pedreiro Joilson Pereira, morto durante uma abordagem da Pol\u00edcia Rodovi\u00e1ria Federal (PRF), ser\u00e1 exumado na manh\u00e3 desta ter\u00e7a-feira (28). O caso, ocorrido em junho de 2020, pode ter uma reviravolta cinco anos depois, no munic\u00edpio de Picos (PI). A abordagem aconteceu no bairro Bomba. Joilson tinha 41 anos quando foi morto e [&hellip;]","og_url":"https:\/\/noticiaempauta.com\/portal\/corpo-de-homem-morto-durante-acao-da-prf-passa-por-exumacao-em-picos\/","og_site_name":"Portal Not\u00edcia em Pauta","article_publisher":"https:\/\/www.facebook.com\/Portal-Notcia-Em-Pauta-102292869264820\/","article_published_time":"2026-04-28T12:18:43+00:00","article_modified_time":"2026-04-28T12:18:44+00:00","og_image":[{"width":1280,"height":960,"url":"https:\/\/noticiaempauta.com\/portal\/wp-content\/uploads\/2026\/04\/exumacao.webp","type":"image\/webp"}],"author":"Reda\u00e7\u00e3o","twitter_card":"summary_large_image","twitter_misc":{"Escrito por":"Reda\u00e7\u00e3o","Est. tempo de leitura":"3 minutos"},"schema":{"@context":"https:\/\/schema.org","@graph":[{"@type":"Article","@id":"https:\/\/noticiaempauta.com\/portal\/corpo-de-homem-morto-durante-acao-da-prf-passa-por-exumacao-em-picos\/#article","isPartOf":{"@id":"https:\/\/noticiaempauta.com\/portal\/corpo-de-homem-morto-durante-acao-da-prf-passa-por-exumacao-em-picos\/"},"author":{"name":"Reda\u00e7\u00e3o","@id":"https:\/\/noticiaempauta.com\/portal\/#\/schema\/person\/a74af43dd1ab3deca45f988c717d57ac"},"headline":"Corpo de homem morto durante a\u00e7\u00e3o da PRF passa por exuma\u00e7\u00e3o em Picos","datePublished":"2026-04-28T12:18:43+00:00","dateModified":"2026-04-28T12:18:44+00:00","mainEntityOfPage":{"@id":"https:\/\/noticiaempauta.com\/portal\/corpo-de-homem-morto-durante-acao-da-prf-passa-por-exumacao-em-picos\/"},"wordCount":292,"publisher":{"@id":"https:\/\/noticiaempauta.com\/portal\/#organization"},"image":{"@id":"https:\/\/noticiaempauta.com\/portal\/corpo-de-homem-morto-durante-acao-da-prf-passa-por-exumacao-em-picos\/#primaryimage"},"thumbnailUrl":"https:\/\/noticiaempauta.com\/portal\/wp-content\/uploads\/2026\/04\/exumacao.webp","keywords":["destaqueprincipal"],"articleSection":["Destaques","Geral","Pol\u00edcia","Todas as Not\u00edcias"],"inLanguage":"pt-BR"},{"@type":"WebPage","@id":"https:\/\/noticiaempauta.com\/portal\/corpo-de-homem-morto-durante-acao-da-prf-passa-por-exumacao-em-picos\/","url":"https:\/\/noticiaempauta.com\/portal\/corpo-de-homem-morto-durante-acao-da-prf-passa-por-exumacao-em-picos\/","name":"Corpo de homem morto durante a\u00e7\u00e3o da PRF passa por exuma\u00e7\u00e3o em Picos - Portal Not\u00edcia em Pauta","isPartOf":{"@id":"https:\/\/noticiaempauta.com\/portal\/#website"},"primaryImageOfPage":{"@id":"https:\/\/noticiaempauta.com\/portal\/corpo-de-homem-morto-durante-acao-da-prf-passa-por-exumacao-em-picos\/#primaryimage"},"image":{"@id":"https:\/\/noticiaempauta.com\/portal\/corpo-de-homem-morto-durante-acao-da-prf-passa-por-exumacao-em-picos\/#primaryimage"},"thumbnailUrl":"https:\/\/noticiaempauta.com\/portal\/wp-content\/uploads\/2026\/04\/exumacao.webp","datePublished":"2026-04-28T12:18:43+00:00","dateModified":"2026-04-28T12:18:44+00:00","breadcrumb":{"@id":"https:\/\/noticiaempauta.com\/portal\/corpo-de-homem-morto-durante-acao-da-prf-passa-por-exumacao-em-picos\/#breadcrumb"},"inLanguage":"pt-BR","potentialAction":[{"@type":"ReadAction","target":["https:\/\/noticiaempauta.com\/portal\/corpo-de-homem-morto-durante-acao-da-prf-passa-por-exumacao-em-picos\/"]}]},{"@type":"ImageObject","inLanguage":"pt-BR","@id":"https:\/\/noticiaempauta.com\/portal\/corpo-de-homem-morto-durante-acao-da-prf-passa-por-exumacao-em-picos\/#primaryimage","url":"https:\/\/noticiaempauta.com\/portal\/wp-content\/uploads\/2026\/04\/exumacao.webp","contentUrl":"https:\/\/noticiaempauta.com\/portal\/wp-content\/uploads\/2026\/04\/exumacao.webp","width":1280,"height":960},{"@type":"BreadcrumbList","@id":"https:\/\/noticiaempauta.com\/portal\/corpo-de-homem-morto-durante-acao-da-prf-passa-por-exumacao-em-picos\/#breadcrumb","itemListElement":[{"@type":"ListItem","position":1,"name":"P\u00e1gina Inicial","item":"https:\/\/noticiaempauta.com\/portal\/"},{"@type":"ListItem","position":2,"name":"Destaques","item":"https:\/\/noticiaempauta.com\/portal\/destaques-site\/"},{"@type":"ListItem","position":3,"name":"Corpo de homem morto durante a\u00e7\u00e3o da PRF passa por exuma\u00e7\u00e3o em Picos"}]},{"@type":"WebSite","@id":"https:\/\/noticiaempauta.com\/portal\/#website","url":"https:\/\/noticiaempauta.com\/portal\/","name":"Portal Not\u00edcia em Pauta","description":"Voc\u00ea bem informado","publisher":{"@id":"https:\/\/noticiaempauta.com\/portal\/#organization"},"potentialAction":[{"@type":"SearchAction","target":{"@type":"EntryPoint","urlTemplate":"https:\/\/noticiaempauta.com\/portal\/?s={search_term_string}"},"query-input":{"@type":"PropertyValueSpecification","valueRequired":true,"valueName":"search_term_string"}}],"inLanguage":"pt-BR"},{"@type":"Organization","@id":"https:\/\/noticiaempauta.com\/portal\/#organization","name":"Portal Not\u00edcia em Pauta","url":"https:\/\/noticiaempauta.com\/portal\/","logo":{"@type":"ImageObject","inLanguage":"pt-BR","@id":"https:\/\/noticiaempauta.com\/portal\/#\/schema\/logo\/image\/","url":"https:\/\/noticiaempauta.com\/portal\/wp-content\/uploads\/2022\/08\/logomarca_tema.fw_.png","contentUrl":"https:\/\/noticiaempauta.com\/portal\/wp-content\/uploads\/2022\/08\/logomarca_tema.fw_.png","width":400,"height":232,"caption":"Portal Not\u00edcia em Pauta"},"image":{"@id":"https:\/\/noticiaempauta.com\/portal\/#\/schema\/logo\/image\/"},"sameAs":["https:\/\/www.facebook.com\/Portal-Notcia-Em-Pauta-102292869264820\/","https:\/\/www.instagram.com\/portalnoticiaempauta\/"]},{"@type":"Person","@id":"https:\/\/noticiaempauta.com\/portal\/#\/schema\/person\/a74af43dd1ab3deca45f988c717d57ac","name":"Reda\u00e7\u00e3o","image":{"@type":"ImageObject","inLanguage":"pt-BR","@id":"https:\/\/noticiaempauta.com\/portal\/#\/schema\/person\/image\/","url":"https:\/\/secure.gravatar.com\/avatar\/03179346ecce6cdfc13361603e8f54242a90e5cde8618fa23c5c00aa2b0aadf3?s=96&d=mm&r=g","contentUrl":"https:\/\/secure.gravatar.com\/avatar\/03179346ecce6cdfc13361603e8f54242a90e5cde8618fa23c5c00aa2b0aadf3?s=96&d=mm&r=g","caption":"Reda\u00e7\u00e3o"},"sameAs":["https:\/\/noticiaempauta.com\/portal\/"],"url":"https:\/\/noticiaempauta.com\/portal\/author\/fernando\/"}]}},"_links":{"self":[{"href":"https:\/\/noticiaempauta.com\/portal\/wp-json\/wp\/v2\/posts\/288053","targetHints":{"allow":["GET"]}}],"collection":[{"href":"https:\/\/noticiaempauta.com\/portal\/wp-json\/wp\/v2\/posts"}],"about":[{"href":"https:\/\/noticiaempauta.com\/portal\/wp-json\/wp\/v2\/types\/post"}],"author":[{"embeddable":true,"href":"https:\/\/noticiaempauta.com\/portal\/wp-json\/wp\/v2\/users\/2"}],"replies":[{"embeddable":true,"href":"https:\/\/noticiaempauta.com\/portal\/wp-json\/wp\/v2\/comments?post=288053"}],"version-history":[{"count":2,"href":"https:\/\/noticiaempauta.com\/portal\/wp-json\/wp\/v2\/posts\/288053\/revisions"}],"predecessor-version":[{"id":288057,"href":"https:\/\/noticiaempauta.com\/portal\/wp-json\/wp\/v2\/posts\/288053\/revisions\/288057"}],"wp:featuredmedia":[{"embeddable":true,"href":"https:\/\/noticiaempauta.com\/portal\/wp-json\/wp\/v2\/media\/288054"}],"wp:attachment":[{"href":"https:\/\/noticiaempauta.com\/portal\/wp-json\/wp\/v2\/media?parent=288053"}],"wp:term":[{"taxonomy":"category","embeddable":true,"href":"https:\/\/noticiaempauta.com\/portal\/wp-json\/wp\/v2\/categories?post=288053"},{"taxonomy":"post_tag","embeddable":true,"href":"https:\/\/noticiaempauta.com\/portal\/wp-json\/wp\/v2\/tags?post=288053"}],"curies":[{"name":"wp","href":"https:\/\/api.w.org\/{rel}","templated":true}]}}