{"id":288058,"date":"2026-04-28T15:04:55","date_gmt":"2026-04-28T18:04:55","guid":{"rendered":"https:\/\/noticiaempauta.com\/portal\/?p=288058"},"modified":"2026-04-28T15:14:24","modified_gmt":"2026-04-28T18:14:24","slug":"governo-do-piaui-nomeia-novos-212-policiais-penais","status":"publish","type":"post","link":"https:\/\/noticiaempauta.com\/portal\/governo-do-piaui-nomeia-novos-212-policiais-penais\/","title":{"rendered":"Governo do Piau\u00ed nomeia 212 novos policiais penais"},"content":{"rendered":"\n<p>O governador Rafael Fonteles realizou, nesta ter\u00e7a-feira (28), a maior nomea\u00e7\u00e3o da hist\u00f3ria da Pol\u00edcia Penal do Piau\u00ed, durante a solenidade de conclus\u00e3o do curso de forma\u00e7\u00e3o dos 212 novos policiais penais aprovados no \u00faltimo concurso p\u00fablico realizado para o cargo. Os novos servidores ir\u00e3o refor\u00e7ar a seguran\u00e7a do sistema prisional do estado, ampliando o efetivo e fortalecendo a atua\u00e7\u00e3o nas unidades penitenci\u00e1rias piauienses.<\/p>\n\n\n\n<figure class=\"wp-block-image size-large\"><img fetchpriority=\"high\" decoding=\"async\" width=\"1024\" height=\"683\" src=\"https:\/\/noticiaempauta.com\/portal\/wp-content\/uploads\/2026\/04\/P40G-IMG-f3ba37a5d3a6a9715f-1024x683.webp\" alt=\"\" class=\"wp-image-288062\" srcset=\"https:\/\/noticiaempauta.com\/portal\/wp-content\/uploads\/2026\/04\/P40G-IMG-f3ba37a5d3a6a9715f-1024x683.webp 1024w, https:\/\/noticiaempauta.com\/portal\/wp-content\/uploads\/2026\/04\/P40G-IMG-f3ba37a5d3a6a9715f-300x200.webp 300w, https:\/\/noticiaempauta.com\/portal\/wp-content\/uploads\/2026\/04\/P40G-IMG-f3ba37a5d3a6a9715f-768x512.webp 768w, https:\/\/noticiaempauta.com\/portal\/wp-content\/uploads\/2026\/04\/P40G-IMG-f3ba37a5d3a6a9715f.webp 1280w\" sizes=\"(max-width: 1024px) 100vw, 1024px\" \/><\/figure>\n\n\n\n<p>O curso de forma\u00e7\u00e3o foi realizado entre dezembro de 2025 e abril de 2026, com disciplinas te\u00f3ricas e pr\u00e1ticas voltadas ao cotidiano da fun\u00e7\u00e3o. Entre as atribui\u00e7\u00f5es dos policiais penais est\u00e3o a garantia da disciplina e seguran\u00e7a nas unidades, a realiza\u00e7\u00e3o de rondas, a assist\u00eancia aos internos, a identifica\u00e7\u00e3o e qualifica\u00e7\u00e3o dos custodiados e a fiscaliza\u00e7\u00e3o de presos submetidos \u00e0 monitora\u00e7\u00e3o eletr\u00f4nica.<\/p>\n\n\n\n<figure class=\"wp-block-image size-large\"><img decoding=\"async\" width=\"1024\" height=\"683\" src=\"https:\/\/noticiaempauta.com\/portal\/wp-content\/uploads\/2026\/04\/Solenidade-de-Formatura-da-Policia-Penal-do-Piaui-gabriel-paulino-1-1024x683.webp\" alt=\"\" class=\"wp-image-288061\" srcset=\"https:\/\/noticiaempauta.com\/portal\/wp-content\/uploads\/2026\/04\/Solenidade-de-Formatura-da-Policia-Penal-do-Piaui-gabriel-paulino-1-1024x683.webp 1024w, https:\/\/noticiaempauta.com\/portal\/wp-content\/uploads\/2026\/04\/Solenidade-de-Formatura-da-Policia-Penal-do-Piaui-gabriel-paulino-1-300x200.webp 300w, https:\/\/noticiaempauta.com\/portal\/wp-content\/uploads\/2026\/04\/Solenidade-de-Formatura-da-Policia-Penal-do-Piaui-gabriel-paulino-1-768x512.webp 768w, https:\/\/noticiaempauta.com\/portal\/wp-content\/uploads\/2026\/04\/Solenidade-de-Formatura-da-Policia-Penal-do-Piaui-gabriel-paulino-1.webp 1280w\" sizes=\"(max-width: 1024px) 100vw, 1024px\" \/><\/figure>\n\n\n\n<p>Durante a solenidade, o governador destacou a import\u00e2ncia da nomea\u00e7\u00e3o para o fortalecimento da pol\u00edtica de seguran\u00e7a p\u00fablica. \u201c\u00c9 a maior nomea\u00e7\u00e3o da hist\u00f3ria da Pol\u00edcia Penal do Piau\u00ed, refor\u00e7ando o sistema penitenci\u00e1rio, que \u00e9 um elo importante da seguran\u00e7a p\u00fablica. S\u00e3o mais de 200 profissionais que conclu\u00edram o curso de forma\u00e7\u00e3o e que, em breve, estar\u00e3o atuando nas unidades prisionais do estado\u201d, afirmou Rafael Fonteles.<\/p>\n\n\n\n<figure class=\"wp-block-image size-large\"><img decoding=\"async\" width=\"1024\" height=\"683\" src=\"https:\/\/noticiaempauta.com\/portal\/wp-content\/uploads\/2026\/04\/Solenidade-de-Formatura-da-Policia-Penal-do-Piaui-gabriel-paulino-7-1024x683.webp\" alt=\"\" class=\"wp-image-288060\" srcset=\"https:\/\/noticiaempauta.com\/portal\/wp-content\/uploads\/2026\/04\/Solenidade-de-Formatura-da-Policia-Penal-do-Piaui-gabriel-paulino-7-1024x683.webp 1024w, https:\/\/noticiaempauta.com\/portal\/wp-content\/uploads\/2026\/04\/Solenidade-de-Formatura-da-Policia-Penal-do-Piaui-gabriel-paulino-7-300x200.webp 300w, https:\/\/noticiaempauta.com\/portal\/wp-content\/uploads\/2026\/04\/Solenidade-de-Formatura-da-Policia-Penal-do-Piaui-gabriel-paulino-7-768x512.webp 768w, https:\/\/noticiaempauta.com\/portal\/wp-content\/uploads\/2026\/04\/Solenidade-de-Formatura-da-Policia-Penal-do-Piaui-gabriel-paulino-7.webp 1280w\" sizes=\"(max-width: 1024px) 100vw, 1024px\" \/><\/figure>\n\n\n\n<p>O secret\u00e1rio da Justi\u00e7a, Heitor Bezerra, destacou o refor\u00e7o no quadro de servidores e o impacto da nova nomea\u00e7\u00e3o no sistema prisional. \u201cDesde 2023, o efetivo de policiais penais cresceu em torno de 40%, um avan\u00e7o importante diante do aumento da popula\u00e7\u00e3o carcer\u00e1ria, que subiu cerca de 75% no mesmo per\u00edodo. Essa nova turma ser\u00e1 distribu\u00edda conforme o desempenho nas provas do curso de forma\u00e7\u00e3o, permitindo que os melhores colocados escolham as unidades onde ir\u00e3o atuar\u201d, explicou o gestor.<\/p>\n\n\n\n<p>Rafael Fonteles tamb\u00e9m ressaltou os investimentos no sistema prisional, com foco na ressocializa\u00e7\u00e3o. \u201cTemos determinado que todas as unidades prisionais tenham estudo e trabalho para os internos, aumentando as chances de ressocializa\u00e7\u00e3o. J\u00e1 avan\u00e7amos, com internos estudando e com atividades laborais em \u00e1reas como constru\u00e7\u00e3o civil, panifica\u00e7\u00e3o e corte e costura, e a meta \u00e9 ampliar essas a\u00e7\u00f5es em todo o sistema\u201d, destacou o gestor.<\/p>\n\n\n\n<figure class=\"wp-block-image size-large\"><img loading=\"lazy\" decoding=\"async\" width=\"1024\" height=\"576\" src=\"https:\/\/noticiaempauta.com\/portal\/wp-content\/uploads\/2026\/04\/Solenidade-de-Formatura-da-Policia-Penal-do-Piaui-gabriel-paulino-24-1024x576.webp\" alt=\"\" class=\"wp-image-288059\" srcset=\"https:\/\/noticiaempauta.com\/portal\/wp-content\/uploads\/2026\/04\/Solenidade-de-Formatura-da-Policia-Penal-do-Piaui-gabriel-paulino-24-1024x576.webp 1024w, https:\/\/noticiaempauta.com\/portal\/wp-content\/uploads\/2026\/04\/Solenidade-de-Formatura-da-Policia-Penal-do-Piaui-gabriel-paulino-24-300x169.webp 300w, https:\/\/noticiaempauta.com\/portal\/wp-content\/uploads\/2026\/04\/Solenidade-de-Formatura-da-Policia-Penal-do-Piaui-gabriel-paulino-24-768x432.webp 768w, https:\/\/noticiaempauta.com\/portal\/wp-content\/uploads\/2026\/04\/Solenidade-de-Formatura-da-Policia-Penal-do-Piaui-gabriel-paulino-24.webp 1280w\" sizes=\"(max-width: 1024px) 100vw, 1024px\" \/><\/figure>\n\n\n\n<p>A formanda Nathyelle Carvalho enfatizou a prepara\u00e7\u00e3o recebida durante o curso e a expectativa para o in\u00edcio das atividades. \u201cRecebemos uma forma\u00e7\u00e3o completa, com cerca de 30 disciplinas, voltada tanto para a atua\u00e7\u00e3o na seguran\u00e7a quanto para o tratamento humanizado das pessoas privadas de liberdade. Agora \u00e9 aplicar na pr\u00e1tica todo esse aprendizado. Estamos muito felizes e ansiosos para come\u00e7ar a trabalhar e contribuir com o sistema prisional do estado\u201d, disse a nova policial penal.<\/p>\n\n\n\n<p>Em 2025, o governador Rafael Fonteles nomeou 207 policiais penais para o refor\u00e7o da seguran\u00e7a e estrutura do sistema prisional piauiense. Atualmente, o sistema prisional do Piau\u00ed possui 17 unidades penais em cidades como Parna\u00edba, Buriti dos Lopes, Esperantina, Campo Maior, Altos, Teresina, Oeiras, Floriano, Picos, S\u00e3o Raimundo Nonato e Bom Jesus.<\/p>\n\n\n\n<p>SECOM-PI<\/p>\n","protected":false},"excerpt":{"rendered":"<p>O governador Rafael Fonteles realizou, nesta ter\u00e7a-feira (28), a maior nomea\u00e7\u00e3o da hist\u00f3ria da Pol\u00edcia Penal do Piau\u00ed, durante a solenidade de conclus\u00e3o do curso de forma\u00e7\u00e3o dos 212 novos policiais penais aprovados no \u00faltimo concurso p\u00fablico realizado para o cargo. Os novos servidores ir\u00e3o refor\u00e7ar a seguran\u00e7a do sistema prisional do estado, ampliando o [&hellip;]<\/p>\n","protected":false},"author":2,"featured_media":288062,"comment_status":"closed","ping_status":"closed","sticky":false,"template":"","format":"standard","meta":{"_mi_skip_tracking":false,"footnotes":""},"categories":[25,1,137,16],"tags":[],"class_list":["post-288058","post","type-post","status-publish","format-standard","has-post-thumbnail","hentry","category-destaques-site","category-geral","category-policia","category-todas"],"acf":[],"yoast_head":"<!-- This site is optimized with the Yoast SEO Premium plugin v19.2 (Yoast SEO v26.9) - https:\/\/yoast.com\/product\/yoast-seo-premium-wordpress\/ -->\n<title>Governo do Piau\u00ed nomeia 212 novos policiais penais - Portal Not\u00edcia em Pauta<\/title>\n<meta name=\"robots\" content=\"index, follow, max-snippet:-1, max-image-preview:large, max-video-preview:-1\" \/>\n<link rel=\"canonical\" href=\"https:\/\/noticiaempauta.com\/portal\/governo-do-piaui-nomeia-novos-212-policiais-penais\/\" \/>\n<meta property=\"og:locale\" content=\"pt_BR\" \/>\n<meta property=\"og:type\" content=\"article\" \/>\n<meta property=\"og:title\" content=\"Governo do Piau\u00ed nomeia 212 novos policiais penais\" \/>\n<meta property=\"og:description\" content=\"O governador Rafael Fonteles realizou, nesta ter\u00e7a-feira (28), a maior nomea\u00e7\u00e3o da hist\u00f3ria da Pol\u00edcia Penal do Piau\u00ed, durante a solenidade de conclus\u00e3o do curso de forma\u00e7\u00e3o dos 212 novos policiais penais aprovados no \u00faltimo concurso p\u00fablico realizado para o cargo. Os novos servidores ir\u00e3o refor\u00e7ar a seguran\u00e7a do sistema prisional do estado, ampliando o [&hellip;]\" \/>\n<meta property=\"og:url\" content=\"https:\/\/noticiaempauta.com\/portal\/governo-do-piaui-nomeia-novos-212-policiais-penais\/\" \/>\n<meta property=\"og:site_name\" content=\"Portal Not\u00edcia em Pauta\" \/>\n<meta property=\"article:publisher\" content=\"https:\/\/www.facebook.com\/Portal-Notcia-Em-Pauta-102292869264820\/\" \/>\n<meta property=\"article:published_time\" content=\"2026-04-28T18:04:55+00:00\" \/>\n<meta property=\"article:modified_time\" content=\"2026-04-28T18:14:24+00:00\" \/>\n<meta property=\"og:image\" content=\"https:\/\/noticiaempauta.com\/portal\/wp-content\/uploads\/2026\/04\/P40G-IMG-f3ba37a5d3a6a9715f.webp\" \/>\n\t<meta property=\"og:image:width\" content=\"1280\" \/>\n\t<meta property=\"og:image:height\" content=\"854\" \/>\n\t<meta property=\"og:image:type\" content=\"image\/webp\" \/>\n<meta name=\"author\" content=\"Reda\u00e7\u00e3o\" \/>\n<meta name=\"twitter:card\" content=\"summary_large_image\" \/>\n<meta name=\"twitter:label1\" content=\"Escrito por\" \/>\n\t<meta name=\"twitter:data1\" content=\"Reda\u00e7\u00e3o\" \/>\n\t<meta name=\"twitter:label2\" content=\"Est. tempo de leitura\" \/>\n\t<meta name=\"twitter:data2\" content=\"4 minutos\" \/>\n<script type=\"application\/ld+json\" class=\"yoast-schema-graph\">{\"@context\":\"https:\/\/schema.org\",\"@graph\":[{\"@type\":\"Article\",\"@id\":\"https:\/\/noticiaempauta.com\/portal\/governo-do-piaui-nomeia-novos-212-policiais-penais\/#article\",\"isPartOf\":{\"@id\":\"https:\/\/noticiaempauta.com\/portal\/governo-do-piaui-nomeia-novos-212-policiais-penais\/\"},\"author\":{\"name\":\"Reda\u00e7\u00e3o\",\"@id\":\"https:\/\/noticiaempauta.com\/portal\/#\/schema\/person\/a74af43dd1ab3deca45f988c717d57ac\"},\"headline\":\"Governo do Piau\u00ed nomeia 212 novos policiais penais\",\"datePublished\":\"2026-04-28T18:04:55+00:00\",\"dateModified\":\"2026-04-28T18:14:24+00:00\",\"mainEntityOfPage\":{\"@id\":\"https:\/\/noticiaempauta.com\/portal\/governo-do-piaui-nomeia-novos-212-policiais-penais\/\"},\"wordCount\":525,\"publisher\":{\"@id\":\"https:\/\/noticiaempauta.com\/portal\/#organization\"},\"image\":{\"@id\":\"https:\/\/noticiaempauta.com\/portal\/governo-do-piaui-nomeia-novos-212-policiais-penais\/#primaryimage\"},\"thumbnailUrl\":\"https:\/\/noticiaempauta.com\/portal\/wp-content\/uploads\/2026\/04\/P40G-IMG-f3ba37a5d3a6a9715f.webp\",\"articleSection\":[\"Destaques\",\"Geral\",\"Pol\u00edcia\",\"Todas as Not\u00edcias\"],\"inLanguage\":\"pt-BR\"},{\"@type\":\"WebPage\",\"@id\":\"https:\/\/noticiaempauta.com\/portal\/governo-do-piaui-nomeia-novos-212-policiais-penais\/\",\"url\":\"https:\/\/noticiaempauta.com\/portal\/governo-do-piaui-nomeia-novos-212-policiais-penais\/\",\"name\":\"Governo do Piau\u00ed nomeia 212 novos policiais penais - Portal Not\u00edcia em Pauta\",\"isPartOf\":{\"@id\":\"https:\/\/noticiaempauta.com\/portal\/#website\"},\"primaryImageOfPage\":{\"@id\":\"https:\/\/noticiaempauta.com\/portal\/governo-do-piaui-nomeia-novos-212-policiais-penais\/#primaryimage\"},\"image\":{\"@id\":\"https:\/\/noticiaempauta.com\/portal\/governo-do-piaui-nomeia-novos-212-policiais-penais\/#primaryimage\"},\"thumbnailUrl\":\"https:\/\/noticiaempauta.com\/portal\/wp-content\/uploads\/2026\/04\/P40G-IMG-f3ba37a5d3a6a9715f.webp\",\"datePublished\":\"2026-04-28T18:04:55+00:00\",\"dateModified\":\"2026-04-28T18:14:24+00:00\",\"breadcrumb\":{\"@id\":\"https:\/\/noticiaempauta.com\/portal\/governo-do-piaui-nomeia-novos-212-policiais-penais\/#breadcrumb\"},\"inLanguage\":\"pt-BR\",\"potentialAction\":[{\"@type\":\"ReadAction\",\"target\":[\"https:\/\/noticiaempauta.com\/portal\/governo-do-piaui-nomeia-novos-212-policiais-penais\/\"]}]},{\"@type\":\"ImageObject\",\"inLanguage\":\"pt-BR\",\"@id\":\"https:\/\/noticiaempauta.com\/portal\/governo-do-piaui-nomeia-novos-212-policiais-penais\/#primaryimage\",\"url\":\"https:\/\/noticiaempauta.com\/portal\/wp-content\/uploads\/2026\/04\/P40G-IMG-f3ba37a5d3a6a9715f.webp\",\"contentUrl\":\"https:\/\/noticiaempauta.com\/portal\/wp-content\/uploads\/2026\/04\/P40G-IMG-f3ba37a5d3a6a9715f.webp\",\"width\":1280,\"height\":854},{\"@type\":\"BreadcrumbList\",\"@id\":\"https:\/\/noticiaempauta.com\/portal\/governo-do-piaui-nomeia-novos-212-policiais-penais\/#breadcrumb\",\"itemListElement\":[{\"@type\":\"ListItem\",\"position\":1,\"name\":\"P\u00e1gina Inicial\",\"item\":\"https:\/\/noticiaempauta.com\/portal\/\"},{\"@type\":\"ListItem\",\"position\":2,\"name\":\"Destaques\",\"item\":\"https:\/\/noticiaempauta.com\/portal\/destaques-site\/\"},{\"@type\":\"ListItem\",\"position\":3,\"name\":\"Governo do Piau\u00ed nomeia 212 novos policiais penais\"}]},{\"@type\":\"WebSite\",\"@id\":\"https:\/\/noticiaempauta.com\/portal\/#website\",\"url\":\"https:\/\/noticiaempauta.com\/portal\/\",\"name\":\"Portal Not\u00edcia em Pauta\",\"description\":\"Voc\u00ea bem informado\",\"publisher\":{\"@id\":\"https:\/\/noticiaempauta.com\/portal\/#organization\"},\"potentialAction\":[{\"@type\":\"SearchAction\",\"target\":{\"@type\":\"EntryPoint\",\"urlTemplate\":\"https:\/\/noticiaempauta.com\/portal\/?s={search_term_string}\"},\"query-input\":{\"@type\":\"PropertyValueSpecification\",\"valueRequired\":true,\"valueName\":\"search_term_string\"}}],\"inLanguage\":\"pt-BR\"},{\"@type\":\"Organization\",\"@id\":\"https:\/\/noticiaempauta.com\/portal\/#organization\",\"name\":\"Portal Not\u00edcia em Pauta\",\"url\":\"https:\/\/noticiaempauta.com\/portal\/\",\"logo\":{\"@type\":\"ImageObject\",\"inLanguage\":\"pt-BR\",\"@id\":\"https:\/\/noticiaempauta.com\/portal\/#\/schema\/logo\/image\/\",\"url\":\"https:\/\/noticiaempauta.com\/portal\/wp-content\/uploads\/2022\/08\/logomarca_tema.fw_.png\",\"contentUrl\":\"https:\/\/noticiaempauta.com\/portal\/wp-content\/uploads\/2022\/08\/logomarca_tema.fw_.png\",\"width\":400,\"height\":232,\"caption\":\"Portal Not\u00edcia em Pauta\"},\"image\":{\"@id\":\"https:\/\/noticiaempauta.com\/portal\/#\/schema\/logo\/image\/\"},\"sameAs\":[\"https:\/\/www.facebook.com\/Portal-Notcia-Em-Pauta-102292869264820\/\",\"https:\/\/www.instagram.com\/portalnoticiaempauta\/\"]},{\"@type\":\"Person\",\"@id\":\"https:\/\/noticiaempauta.com\/portal\/#\/schema\/person\/a74af43dd1ab3deca45f988c717d57ac\",\"name\":\"Reda\u00e7\u00e3o\",\"image\":{\"@type\":\"ImageObject\",\"inLanguage\":\"pt-BR\",\"@id\":\"https:\/\/noticiaempauta.com\/portal\/#\/schema\/person\/image\/\",\"url\":\"https:\/\/secure.gravatar.com\/avatar\/03179346ecce6cdfc13361603e8f54242a90e5cde8618fa23c5c00aa2b0aadf3?s=96&d=mm&r=g\",\"contentUrl\":\"https:\/\/secure.gravatar.com\/avatar\/03179346ecce6cdfc13361603e8f54242a90e5cde8618fa23c5c00aa2b0aadf3?s=96&d=mm&r=g\",\"caption\":\"Reda\u00e7\u00e3o\"},\"sameAs\":[\"https:\/\/noticiaempauta.com\/portal\/\"],\"url\":\"https:\/\/noticiaempauta.com\/portal\/author\/fernando\/\"}]}<\/script>\n<!-- \/ Yoast SEO Premium plugin. -->","yoast_head_json":{"title":"Governo do Piau\u00ed nomeia 212 novos policiais penais - Portal Not\u00edcia em Pauta","robots":{"index":"index","follow":"follow","max-snippet":"max-snippet:-1","max-image-preview":"max-image-preview:large","max-video-preview":"max-video-preview:-1"},"canonical":"https:\/\/noticiaempauta.com\/portal\/governo-do-piaui-nomeia-novos-212-policiais-penais\/","og_locale":"pt_BR","og_type":"article","og_title":"Governo do Piau\u00ed nomeia 212 novos policiais penais","og_description":"O governador Rafael Fonteles realizou, nesta ter\u00e7a-feira (28), a maior nomea\u00e7\u00e3o da hist\u00f3ria da Pol\u00edcia Penal do Piau\u00ed, durante a solenidade de conclus\u00e3o do curso de forma\u00e7\u00e3o dos 212 novos policiais penais aprovados no \u00faltimo concurso p\u00fablico realizado para o cargo. Os novos servidores ir\u00e3o refor\u00e7ar a seguran\u00e7a do sistema prisional do estado, ampliando o [&hellip;]","og_url":"https:\/\/noticiaempauta.com\/portal\/governo-do-piaui-nomeia-novos-212-policiais-penais\/","og_site_name":"Portal Not\u00edcia em Pauta","article_publisher":"https:\/\/www.facebook.com\/Portal-Notcia-Em-Pauta-102292869264820\/","article_published_time":"2026-04-28T18:04:55+00:00","article_modified_time":"2026-04-28T18:14:24+00:00","og_image":[{"width":1280,"height":854,"url":"https:\/\/noticiaempauta.com\/portal\/wp-content\/uploads\/2026\/04\/P40G-IMG-f3ba37a5d3a6a9715f.webp","type":"image\/webp"}],"author":"Reda\u00e7\u00e3o","twitter_card":"summary_large_image","twitter_misc":{"Escrito por":"Reda\u00e7\u00e3o","Est. tempo de leitura":"4 minutos"},"schema":{"@context":"https:\/\/schema.org","@graph":[{"@type":"Article","@id":"https:\/\/noticiaempauta.com\/portal\/governo-do-piaui-nomeia-novos-212-policiais-penais\/#article","isPartOf":{"@id":"https:\/\/noticiaempauta.com\/portal\/governo-do-piaui-nomeia-novos-212-policiais-penais\/"},"author":{"name":"Reda\u00e7\u00e3o","@id":"https:\/\/noticiaempauta.com\/portal\/#\/schema\/person\/a74af43dd1ab3deca45f988c717d57ac"},"headline":"Governo do Piau\u00ed nomeia 212 novos policiais penais","datePublished":"2026-04-28T18:04:55+00:00","dateModified":"2026-04-28T18:14:24+00:00","mainEntityOfPage":{"@id":"https:\/\/noticiaempauta.com\/portal\/governo-do-piaui-nomeia-novos-212-policiais-penais\/"},"wordCount":525,"publisher":{"@id":"https:\/\/noticiaempauta.com\/portal\/#organization"},"image":{"@id":"https:\/\/noticiaempauta.com\/portal\/governo-do-piaui-nomeia-novos-212-policiais-penais\/#primaryimage"},"thumbnailUrl":"https:\/\/noticiaempauta.com\/portal\/wp-content\/uploads\/2026\/04\/P40G-IMG-f3ba37a5d3a6a9715f.webp","articleSection":["Destaques","Geral","Pol\u00edcia","Todas as Not\u00edcias"],"inLanguage":"pt-BR"},{"@type":"WebPage","@id":"https:\/\/noticiaempauta.com\/portal\/governo-do-piaui-nomeia-novos-212-policiais-penais\/","url":"https:\/\/noticiaempauta.com\/portal\/governo-do-piaui-nomeia-novos-212-policiais-penais\/","name":"Governo do Piau\u00ed nomeia 212 novos policiais penais - Portal Not\u00edcia em Pauta","isPartOf":{"@id":"https:\/\/noticiaempauta.com\/portal\/#website"},"primaryImageOfPage":{"@id":"https:\/\/noticiaempauta.com\/portal\/governo-do-piaui-nomeia-novos-212-policiais-penais\/#primaryimage"},"image":{"@id":"https:\/\/noticiaempauta.com\/portal\/governo-do-piaui-nomeia-novos-212-policiais-penais\/#primaryimage"},"thumbnailUrl":"https:\/\/noticiaempauta.com\/portal\/wp-content\/uploads\/2026\/04\/P40G-IMG-f3ba37a5d3a6a9715f.webp","datePublished":"2026-04-28T18:04:55+00:00","dateModified":"2026-04-28T18:14:24+00:00","breadcrumb":{"@id":"https:\/\/noticiaempauta.com\/portal\/governo-do-piaui-nomeia-novos-212-policiais-penais\/#breadcrumb"},"inLanguage":"pt-BR","potentialAction":[{"@type":"ReadAction","target":["https:\/\/noticiaempauta.com\/portal\/governo-do-piaui-nomeia-novos-212-policiais-penais\/"]}]},{"@type":"ImageObject","inLanguage":"pt-BR","@id":"https:\/\/noticiaempauta.com\/portal\/governo-do-piaui-nomeia-novos-212-policiais-penais\/#primaryimage","url":"https:\/\/noticiaempauta.com\/portal\/wp-content\/uploads\/2026\/04\/P40G-IMG-f3ba37a5d3a6a9715f.webp","contentUrl":"https:\/\/noticiaempauta.com\/portal\/wp-content\/uploads\/2026\/04\/P40G-IMG-f3ba37a5d3a6a9715f.webp","width":1280,"height":854},{"@type":"BreadcrumbList","@id":"https:\/\/noticiaempauta.com\/portal\/governo-do-piaui-nomeia-novos-212-policiais-penais\/#breadcrumb","itemListElement":[{"@type":"ListItem","position":1,"name":"P\u00e1gina Inicial","item":"https:\/\/noticiaempauta.com\/portal\/"},{"@type":"ListItem","position":2,"name":"Destaques","item":"https:\/\/noticiaempauta.com\/portal\/destaques-site\/"},{"@type":"ListItem","position":3,"name":"Governo do Piau\u00ed nomeia 212 novos policiais penais"}]},{"@type":"WebSite","@id":"https:\/\/noticiaempauta.com\/portal\/#website","url":"https:\/\/noticiaempauta.com\/portal\/","name":"Portal Not\u00edcia em Pauta","description":"Voc\u00ea bem informado","publisher":{"@id":"https:\/\/noticiaempauta.com\/portal\/#organization"},"potentialAction":[{"@type":"SearchAction","target":{"@type":"EntryPoint","urlTemplate":"https:\/\/noticiaempauta.com\/portal\/?s={search_term_string}"},"query-input":{"@type":"PropertyValueSpecification","valueRequired":true,"valueName":"search_term_string"}}],"inLanguage":"pt-BR"},{"@type":"Organization","@id":"https:\/\/noticiaempauta.com\/portal\/#organization","name":"Portal Not\u00edcia em Pauta","url":"https:\/\/noticiaempauta.com\/portal\/","logo":{"@type":"ImageObject","inLanguage":"pt-BR","@id":"https:\/\/noticiaempauta.com\/portal\/#\/schema\/logo\/image\/","url":"https:\/\/noticiaempauta.com\/portal\/wp-content\/uploads\/2022\/08\/logomarca_tema.fw_.png","contentUrl":"https:\/\/noticiaempauta.com\/portal\/wp-content\/uploads\/2022\/08\/logomarca_tema.fw_.png","width":400,"height":232,"caption":"Portal Not\u00edcia em Pauta"},"image":{"@id":"https:\/\/noticiaempauta.com\/portal\/#\/schema\/logo\/image\/"},"sameAs":["https:\/\/www.facebook.com\/Portal-Notcia-Em-Pauta-102292869264820\/","https:\/\/www.instagram.com\/portalnoticiaempauta\/"]},{"@type":"Person","@id":"https:\/\/noticiaempauta.com\/portal\/#\/schema\/person\/a74af43dd1ab3deca45f988c717d57ac","name":"Reda\u00e7\u00e3o","image":{"@type":"ImageObject","inLanguage":"pt-BR","@id":"https:\/\/noticiaempauta.com\/portal\/#\/schema\/person\/image\/","url":"https:\/\/secure.gravatar.com\/avatar\/03179346ecce6cdfc13361603e8f54242a90e5cde8618fa23c5c00aa2b0aadf3?s=96&d=mm&r=g","contentUrl":"https:\/\/secure.gravatar.com\/avatar\/03179346ecce6cdfc13361603e8f54242a90e5cde8618fa23c5c00aa2b0aadf3?s=96&d=mm&r=g","caption":"Reda\u00e7\u00e3o"},"sameAs":["https:\/\/noticiaempauta.com\/portal\/"],"url":"https:\/\/noticiaempauta.com\/portal\/author\/fernando\/"}]}},"_links":{"self":[{"href":"https:\/\/noticiaempauta.com\/portal\/wp-json\/wp\/v2\/posts\/288058","targetHints":{"allow":["GET"]}}],"collection":[{"href":"https:\/\/noticiaempauta.com\/portal\/wp-json\/wp\/v2\/posts"}],"about":[{"href":"https:\/\/noticiaempauta.com\/portal\/wp-json\/wp\/v2\/types\/post"}],"author":[{"embeddable":true,"href":"https:\/\/noticiaempauta.com\/portal\/wp-json\/wp\/v2\/users\/2"}],"replies":[{"embeddable":true,"href":"https:\/\/noticiaempauta.com\/portal\/wp-json\/wp\/v2\/comments?post=288058"}],"version-history":[{"count":3,"href":"https:\/\/noticiaempauta.com\/portal\/wp-json\/wp\/v2\/posts\/288058\/revisions"}],"predecessor-version":[{"id":288074,"href":"https:\/\/noticiaempauta.com\/portal\/wp-json\/wp\/v2\/posts\/288058\/revisions\/288074"}],"wp:featuredmedia":[{"embeddable":true,"href":"https:\/\/noticiaempauta.com\/portal\/wp-json\/wp\/v2\/media\/288062"}],"wp:attachment":[{"href":"https:\/\/noticiaempauta.com\/portal\/wp-json\/wp\/v2\/media?parent=288058"}],"wp:term":[{"taxonomy":"category","embeddable":true,"href":"https:\/\/noticiaempauta.com\/portal\/wp-json\/wp\/v2\/categories?post=288058"},{"taxonomy":"post_tag","embeddable":true,"href":"https:\/\/noticiaempauta.com\/portal\/wp-json\/wp\/v2\/tags?post=288058"}],"curies":[{"name":"wp","href":"https:\/\/api.w.org\/{rel}","templated":true}]}}