{"id":288075,"date":"2026-04-29T09:34:49","date_gmt":"2026-04-29T12:34:49","guid":{"rendered":"https:\/\/noticiaempauta.com\/portal\/?p=288075"},"modified":"2026-04-29T09:34:51","modified_gmt":"2026-04-29T12:34:51","slug":"monsenhor-hipolito-recebe-premio-alfa-10-e-se-destaca-na-alfabetizacao","status":"publish","type":"post","link":"https:\/\/noticiaempauta.com\/portal\/monsenhor-hipolito-recebe-premio-alfa-10-e-se-destaca-na-alfabetizacao\/","title":{"rendered":"Monsenhor Hip\u00f3lito recebe Pr\u00eamio Alfa-10 e se destaca na alfabetiza\u00e7\u00e3o"},"content":{"rendered":"\n<p>O munic\u00edpio de Monsenhor Hip\u00f3lito, sob a gest\u00e3o do prefeito Djalma Policarpo, foi destaque na solenidade de entrega do Pr\u00eamio Alfa-10, realizada nesta ter\u00e7a-feira (28), em Teresina. A cidade teve duas unidades escolares reconhecidas pelo desempenho na alfabetiza\u00e7\u00e3o: a Unidade Escolar Municipal Lino Rodrigues de Carvalho e a Unidade Escolar Municipal Judith da Silva Lima.<\/p>\n\n\n\n<p>Promovido pelo Governo do Estado, o Pr\u00eamio Alfa-10 reconhece escolas p\u00fablicas que se destacam nos resultados do Sistema de Avalia\u00e7\u00e3o Educacional do Piau\u00ed (SAEPI), considerado um importante instrumento de diagn\u00f3stico da aprendizagem dos estudantes, especialmente em L\u00edngua Portuguesa e Matem\u00e1tica nos primeiros anos do ensino fundamental.<\/p>\n\n\n\n<p>Representando o munic\u00edpio, o secret\u00e1rio municipal de Educa\u00e7\u00e3o, Luiz Ant\u00f4nio, participou da solenidade acompanhado por integrantes das escolas premiadas, refor\u00e7ando o compromisso da gest\u00e3o com a melhoria cont\u00ednua da educa\u00e7\u00e3o.<\/p>\n\n\n\n<figure class=\"wp-block-image size-full\"><img fetchpriority=\"high\" decoding=\"async\" width=\"1020\" height=\"632\" src=\"https:\/\/noticiaempauta.com\/portal\/wp-content\/uploads\/2026\/04\/7825.webp\" alt=\"\" class=\"wp-image-288076\" srcset=\"https:\/\/noticiaempauta.com\/portal\/wp-content\/uploads\/2026\/04\/7825.webp 1020w, https:\/\/noticiaempauta.com\/portal\/wp-content\/uploads\/2026\/04\/7825-300x186.webp 300w, https:\/\/noticiaempauta.com\/portal\/wp-content\/uploads\/2026\/04\/7825-768x476.webp 768w\" sizes=\"(max-width: 1020px) 100vw, 1020px\" \/><figcaption class=\"wp-element-caption\"><em>(Foto: CidadesnaNet)<\/em><\/figcaption><\/figure>\n\n\n\n<p>\u201cEsse reconhecimento \u00e9 fruto de muito trabalho, dedica\u00e7\u00e3o dos nossos professores e do compromisso da gest\u00e3o com a educa\u00e7\u00e3o. Temos avan\u00e7ado de forma consistente na alfabetiza\u00e7\u00e3o das nossas crian\u00e7as, e esse pr\u00eamio refor\u00e7a que estamos no caminho certo. Seguiremos investindo, acompanhando e apoiando nossas escolas para garantir ainda mais resultados positivos\u201d, declarou o secret\u00e1rio.<\/p>\n\n\n\n<p>Nesta edi\u00e7\u00e3o, 150 escolas piauienses foram premiadas pelos avan\u00e7os na alfabetiza\u00e7\u00e3o na idade certa. As unidades com melhor desempenho receberam premia\u00e7\u00f5es em dinheiro que variam de R$ 50 mil a R$ 100 mil, conforme o n\u00famero de alunos matriculados no 2\u00ba ano do ensino fundamental. Ao todo, o investimento estadual chegou a R$ 14 milh\u00f5es, ampliando significativamente o alcance da pol\u00edtica, que na edi\u00e7\u00e3o anterior contemplou 104 escolas.<\/p>\n\n\n\n<p>A iniciativa tamb\u00e9m est\u00e1 alinhada ao Pacto pelas Crian\u00e7as do Piau\u00ed, coordenado pela primeira-dama Isabel Fonteles, que articula a\u00e7\u00f5es nas \u00e1reas de educa\u00e7\u00e3o, sa\u00fade e assist\u00eancia social com foco no desenvolvimento integral da primeira inf\u00e2ncia.<\/p>\n\n\n\n<p>O reconhecimento obtido por Monsenhor Hip\u00f3lito refor\u00e7a o avan\u00e7o da educa\u00e7\u00e3o no munic\u00edpio e evidencia o impacto das pol\u00edticas p\u00fablicas voltadas \u00e0 alfabetiza\u00e7\u00e3o na idade certa, consolidando o trabalho desenvolvido pelas escolas, profissionais da educa\u00e7\u00e3o e gest\u00e3o municipal.<\/p>\n\n\n\n<p><strong>Fonte: CidadesnaNet<\/strong><\/p>\n","protected":false},"excerpt":{"rendered":"<p>O munic\u00edpio de Monsenhor Hip\u00f3lito, sob a gest\u00e3o do prefeito Djalma Policarpo, foi destaque na solenidade de entrega do Pr\u00eamio Alfa-10, realizada nesta ter\u00e7a-feira (28), em Teresina. A cidade teve duas unidades escolares reconhecidas pelo desempenho na alfabetiza\u00e7\u00e3o: a Unidade Escolar Municipal Lino Rodrigues de Carvalho e a Unidade Escolar Municipal Judith da Silva Lima. [&hellip;]<\/p>\n","protected":false},"author":2,"featured_media":288076,"comment_status":"closed","ping_status":"closed","sticky":false,"template":"","format":"standard","meta":{"_mi_skip_tracking":false,"footnotes":""},"categories":[25,1,9,16],"tags":[192],"class_list":["post-288075","post","type-post","status-publish","format-standard","has-post-thumbnail","hentry","category-destaques-site","category-geral","category-municipios","category-todas","tag-destaqueprincipal"],"acf":[],"yoast_head":"<!-- This site is optimized with the Yoast SEO Premium plugin v19.2 (Yoast SEO v26.9) - https:\/\/yoast.com\/product\/yoast-seo-premium-wordpress\/ -->\n<title>Monsenhor Hip\u00f3lito recebe Pr\u00eamio Alfa-10 e se destaca na alfabetiza\u00e7\u00e3o - Portal Not\u00edcia em Pauta<\/title>\n<meta name=\"robots\" content=\"index, follow, max-snippet:-1, max-image-preview:large, max-video-preview:-1\" \/>\n<link rel=\"canonical\" href=\"https:\/\/noticiaempauta.com\/portal\/monsenhor-hipolito-recebe-premio-alfa-10-e-se-destaca-na-alfabetizacao\/\" \/>\n<meta property=\"og:locale\" content=\"pt_BR\" \/>\n<meta property=\"og:type\" content=\"article\" \/>\n<meta property=\"og:title\" content=\"Monsenhor Hip\u00f3lito recebe Pr\u00eamio Alfa-10 e se destaca na alfabetiza\u00e7\u00e3o\" \/>\n<meta property=\"og:description\" content=\"O munic\u00edpio de Monsenhor Hip\u00f3lito, sob a gest\u00e3o do prefeito Djalma Policarpo, foi destaque na solenidade de entrega do Pr\u00eamio Alfa-10, realizada nesta ter\u00e7a-feira (28), em Teresina. A cidade teve duas unidades escolares reconhecidas pelo desempenho na alfabetiza\u00e7\u00e3o: a Unidade Escolar Municipal Lino Rodrigues de Carvalho e a Unidade Escolar Municipal Judith da Silva Lima. [&hellip;]\" \/>\n<meta property=\"og:url\" content=\"https:\/\/noticiaempauta.com\/portal\/monsenhor-hipolito-recebe-premio-alfa-10-e-se-destaca-na-alfabetizacao\/\" \/>\n<meta property=\"og:site_name\" content=\"Portal Not\u00edcia em Pauta\" \/>\n<meta property=\"article:publisher\" content=\"https:\/\/www.facebook.com\/Portal-Notcia-Em-Pauta-102292869264820\/\" \/>\n<meta property=\"article:published_time\" content=\"2026-04-29T12:34:49+00:00\" \/>\n<meta property=\"article:modified_time\" content=\"2026-04-29T12:34:51+00:00\" \/>\n<meta property=\"og:image\" content=\"https:\/\/noticiaempauta.com\/portal\/wp-content\/uploads\/2026\/04\/7825.webp\" \/>\n\t<meta property=\"og:image:width\" content=\"1020\" \/>\n\t<meta property=\"og:image:height\" content=\"632\" \/>\n\t<meta property=\"og:image:type\" content=\"image\/webp\" \/>\n<meta name=\"author\" content=\"Reda\u00e7\u00e3o\" \/>\n<meta name=\"twitter:card\" content=\"summary_large_image\" \/>\n<meta name=\"twitter:label1\" content=\"Escrito por\" \/>\n\t<meta name=\"twitter:data1\" content=\"Reda\u00e7\u00e3o\" \/>\n\t<meta name=\"twitter:label2\" content=\"Est. tempo de leitura\" \/>\n\t<meta name=\"twitter:data2\" content=\"3 minutos\" \/>\n<script type=\"application\/ld+json\" class=\"yoast-schema-graph\">{\"@context\":\"https:\/\/schema.org\",\"@graph\":[{\"@type\":\"Article\",\"@id\":\"https:\/\/noticiaempauta.com\/portal\/monsenhor-hipolito-recebe-premio-alfa-10-e-se-destaca-na-alfabetizacao\/#article\",\"isPartOf\":{\"@id\":\"https:\/\/noticiaempauta.com\/portal\/monsenhor-hipolito-recebe-premio-alfa-10-e-se-destaca-na-alfabetizacao\/\"},\"author\":{\"name\":\"Reda\u00e7\u00e3o\",\"@id\":\"https:\/\/noticiaempauta.com\/portal\/#\/schema\/person\/a74af43dd1ab3deca45f988c717d57ac\"},\"headline\":\"Monsenhor Hip\u00f3lito recebe Pr\u00eamio Alfa-10 e se destaca na alfabetiza\u00e7\u00e3o\",\"datePublished\":\"2026-04-29T12:34:49+00:00\",\"dateModified\":\"2026-04-29T12:34:51+00:00\",\"mainEntityOfPage\":{\"@id\":\"https:\/\/noticiaempauta.com\/portal\/monsenhor-hipolito-recebe-premio-alfa-10-e-se-destaca-na-alfabetizacao\/\"},\"wordCount\":388,\"publisher\":{\"@id\":\"https:\/\/noticiaempauta.com\/portal\/#organization\"},\"image\":{\"@id\":\"https:\/\/noticiaempauta.com\/portal\/monsenhor-hipolito-recebe-premio-alfa-10-e-se-destaca-na-alfabetizacao\/#primaryimage\"},\"thumbnailUrl\":\"https:\/\/noticiaempauta.com\/portal\/wp-content\/uploads\/2026\/04\/7825.webp\",\"keywords\":[\"destaqueprincipal\"],\"articleSection\":[\"Destaques\",\"Geral\",\"Munic\u00edpios\",\"Todas as Not\u00edcias\"],\"inLanguage\":\"pt-BR\"},{\"@type\":\"WebPage\",\"@id\":\"https:\/\/noticiaempauta.com\/portal\/monsenhor-hipolito-recebe-premio-alfa-10-e-se-destaca-na-alfabetizacao\/\",\"url\":\"https:\/\/noticiaempauta.com\/portal\/monsenhor-hipolito-recebe-premio-alfa-10-e-se-destaca-na-alfabetizacao\/\",\"name\":\"Monsenhor Hip\u00f3lito recebe Pr\u00eamio Alfa-10 e se destaca na alfabetiza\u00e7\u00e3o - Portal Not\u00edcia em Pauta\",\"isPartOf\":{\"@id\":\"https:\/\/noticiaempauta.com\/portal\/#website\"},\"primaryImageOfPage\":{\"@id\":\"https:\/\/noticiaempauta.com\/portal\/monsenhor-hipolito-recebe-premio-alfa-10-e-se-destaca-na-alfabetizacao\/#primaryimage\"},\"image\":{\"@id\":\"https:\/\/noticiaempauta.com\/portal\/monsenhor-hipolito-recebe-premio-alfa-10-e-se-destaca-na-alfabetizacao\/#primaryimage\"},\"thumbnailUrl\":\"https:\/\/noticiaempauta.com\/portal\/wp-content\/uploads\/2026\/04\/7825.webp\",\"datePublished\":\"2026-04-29T12:34:49+00:00\",\"dateModified\":\"2026-04-29T12:34:51+00:00\",\"breadcrumb\":{\"@id\":\"https:\/\/noticiaempauta.com\/portal\/monsenhor-hipolito-recebe-premio-alfa-10-e-se-destaca-na-alfabetizacao\/#breadcrumb\"},\"inLanguage\":\"pt-BR\",\"potentialAction\":[{\"@type\":\"ReadAction\",\"target\":[\"https:\/\/noticiaempauta.com\/portal\/monsenhor-hipolito-recebe-premio-alfa-10-e-se-destaca-na-alfabetizacao\/\"]}]},{\"@type\":\"ImageObject\",\"inLanguage\":\"pt-BR\",\"@id\":\"https:\/\/noticiaempauta.com\/portal\/monsenhor-hipolito-recebe-premio-alfa-10-e-se-destaca-na-alfabetizacao\/#primaryimage\",\"url\":\"https:\/\/noticiaempauta.com\/portal\/wp-content\/uploads\/2026\/04\/7825.webp\",\"contentUrl\":\"https:\/\/noticiaempauta.com\/portal\/wp-content\/uploads\/2026\/04\/7825.webp\",\"width\":1020,\"height\":632},{\"@type\":\"BreadcrumbList\",\"@id\":\"https:\/\/noticiaempauta.com\/portal\/monsenhor-hipolito-recebe-premio-alfa-10-e-se-destaca-na-alfabetizacao\/#breadcrumb\",\"itemListElement\":[{\"@type\":\"ListItem\",\"position\":1,\"name\":\"P\u00e1gina Inicial\",\"item\":\"https:\/\/noticiaempauta.com\/portal\/\"},{\"@type\":\"ListItem\",\"position\":2,\"name\":\"Destaques\",\"item\":\"https:\/\/noticiaempauta.com\/portal\/destaques-site\/\"},{\"@type\":\"ListItem\",\"position\":3,\"name\":\"Monsenhor Hip\u00f3lito recebe Pr\u00eamio Alfa-10 e se destaca na alfabetiza\u00e7\u00e3o\"}]},{\"@type\":\"WebSite\",\"@id\":\"https:\/\/noticiaempauta.com\/portal\/#website\",\"url\":\"https:\/\/noticiaempauta.com\/portal\/\",\"name\":\"Portal Not\u00edcia em Pauta\",\"description\":\"Voc\u00ea bem informado\",\"publisher\":{\"@id\":\"https:\/\/noticiaempauta.com\/portal\/#organization\"},\"potentialAction\":[{\"@type\":\"SearchAction\",\"target\":{\"@type\":\"EntryPoint\",\"urlTemplate\":\"https:\/\/noticiaempauta.com\/portal\/?s={search_term_string}\"},\"query-input\":{\"@type\":\"PropertyValueSpecification\",\"valueRequired\":true,\"valueName\":\"search_term_string\"}}],\"inLanguage\":\"pt-BR\"},{\"@type\":\"Organization\",\"@id\":\"https:\/\/noticiaempauta.com\/portal\/#organization\",\"name\":\"Portal Not\u00edcia em Pauta\",\"url\":\"https:\/\/noticiaempauta.com\/portal\/\",\"logo\":{\"@type\":\"ImageObject\",\"inLanguage\":\"pt-BR\",\"@id\":\"https:\/\/noticiaempauta.com\/portal\/#\/schema\/logo\/image\/\",\"url\":\"https:\/\/noticiaempauta.com\/portal\/wp-content\/uploads\/2022\/08\/logomarca_tema.fw_.png\",\"contentUrl\":\"https:\/\/noticiaempauta.com\/portal\/wp-content\/uploads\/2022\/08\/logomarca_tema.fw_.png\",\"width\":400,\"height\":232,\"caption\":\"Portal Not\u00edcia em Pauta\"},\"image\":{\"@id\":\"https:\/\/noticiaempauta.com\/portal\/#\/schema\/logo\/image\/\"},\"sameAs\":[\"https:\/\/www.facebook.com\/Portal-Notcia-Em-Pauta-102292869264820\/\",\"https:\/\/www.instagram.com\/portalnoticiaempauta\/\"]},{\"@type\":\"Person\",\"@id\":\"https:\/\/noticiaempauta.com\/portal\/#\/schema\/person\/a74af43dd1ab3deca45f988c717d57ac\",\"name\":\"Reda\u00e7\u00e3o\",\"image\":{\"@type\":\"ImageObject\",\"inLanguage\":\"pt-BR\",\"@id\":\"https:\/\/noticiaempauta.com\/portal\/#\/schema\/person\/image\/\",\"url\":\"https:\/\/secure.gravatar.com\/avatar\/03179346ecce6cdfc13361603e8f54242a90e5cde8618fa23c5c00aa2b0aadf3?s=96&d=mm&r=g\",\"contentUrl\":\"https:\/\/secure.gravatar.com\/avatar\/03179346ecce6cdfc13361603e8f54242a90e5cde8618fa23c5c00aa2b0aadf3?s=96&d=mm&r=g\",\"caption\":\"Reda\u00e7\u00e3o\"},\"sameAs\":[\"https:\/\/noticiaempauta.com\/portal\/\"],\"url\":\"https:\/\/noticiaempauta.com\/portal\/author\/fernando\/\"}]}<\/script>\n<!-- \/ Yoast SEO Premium plugin. -->","yoast_head_json":{"title":"Monsenhor Hip\u00f3lito recebe Pr\u00eamio Alfa-10 e se destaca na alfabetiza\u00e7\u00e3o - Portal Not\u00edcia em Pauta","robots":{"index":"index","follow":"follow","max-snippet":"max-snippet:-1","max-image-preview":"max-image-preview:large","max-video-preview":"max-video-preview:-1"},"canonical":"https:\/\/noticiaempauta.com\/portal\/monsenhor-hipolito-recebe-premio-alfa-10-e-se-destaca-na-alfabetizacao\/","og_locale":"pt_BR","og_type":"article","og_title":"Monsenhor Hip\u00f3lito recebe Pr\u00eamio Alfa-10 e se destaca na alfabetiza\u00e7\u00e3o","og_description":"O munic\u00edpio de Monsenhor Hip\u00f3lito, sob a gest\u00e3o do prefeito Djalma Policarpo, foi destaque na solenidade de entrega do Pr\u00eamio Alfa-10, realizada nesta ter\u00e7a-feira (28), em Teresina. A cidade teve duas unidades escolares reconhecidas pelo desempenho na alfabetiza\u00e7\u00e3o: a Unidade Escolar Municipal Lino Rodrigues de Carvalho e a Unidade Escolar Municipal Judith da Silva Lima. [&hellip;]","og_url":"https:\/\/noticiaempauta.com\/portal\/monsenhor-hipolito-recebe-premio-alfa-10-e-se-destaca-na-alfabetizacao\/","og_site_name":"Portal Not\u00edcia em Pauta","article_publisher":"https:\/\/www.facebook.com\/Portal-Notcia-Em-Pauta-102292869264820\/","article_published_time":"2026-04-29T12:34:49+00:00","article_modified_time":"2026-04-29T12:34:51+00:00","og_image":[{"width":1020,"height":632,"url":"https:\/\/noticiaempauta.com\/portal\/wp-content\/uploads\/2026\/04\/7825.webp","type":"image\/webp"}],"author":"Reda\u00e7\u00e3o","twitter_card":"summary_large_image","twitter_misc":{"Escrito por":"Reda\u00e7\u00e3o","Est. tempo de leitura":"3 minutos"},"schema":{"@context":"https:\/\/schema.org","@graph":[{"@type":"Article","@id":"https:\/\/noticiaempauta.com\/portal\/monsenhor-hipolito-recebe-premio-alfa-10-e-se-destaca-na-alfabetizacao\/#article","isPartOf":{"@id":"https:\/\/noticiaempauta.com\/portal\/monsenhor-hipolito-recebe-premio-alfa-10-e-se-destaca-na-alfabetizacao\/"},"author":{"name":"Reda\u00e7\u00e3o","@id":"https:\/\/noticiaempauta.com\/portal\/#\/schema\/person\/a74af43dd1ab3deca45f988c717d57ac"},"headline":"Monsenhor Hip\u00f3lito recebe Pr\u00eamio Alfa-10 e se destaca na alfabetiza\u00e7\u00e3o","datePublished":"2026-04-29T12:34:49+00:00","dateModified":"2026-04-29T12:34:51+00:00","mainEntityOfPage":{"@id":"https:\/\/noticiaempauta.com\/portal\/monsenhor-hipolito-recebe-premio-alfa-10-e-se-destaca-na-alfabetizacao\/"},"wordCount":388,"publisher":{"@id":"https:\/\/noticiaempauta.com\/portal\/#organization"},"image":{"@id":"https:\/\/noticiaempauta.com\/portal\/monsenhor-hipolito-recebe-premio-alfa-10-e-se-destaca-na-alfabetizacao\/#primaryimage"},"thumbnailUrl":"https:\/\/noticiaempauta.com\/portal\/wp-content\/uploads\/2026\/04\/7825.webp","keywords":["destaqueprincipal"],"articleSection":["Destaques","Geral","Munic\u00edpios","Todas as Not\u00edcias"],"inLanguage":"pt-BR"},{"@type":"WebPage","@id":"https:\/\/noticiaempauta.com\/portal\/monsenhor-hipolito-recebe-premio-alfa-10-e-se-destaca-na-alfabetizacao\/","url":"https:\/\/noticiaempauta.com\/portal\/monsenhor-hipolito-recebe-premio-alfa-10-e-se-destaca-na-alfabetizacao\/","name":"Monsenhor Hip\u00f3lito recebe Pr\u00eamio Alfa-10 e se destaca na alfabetiza\u00e7\u00e3o - Portal Not\u00edcia em Pauta","isPartOf":{"@id":"https:\/\/noticiaempauta.com\/portal\/#website"},"primaryImageOfPage":{"@id":"https:\/\/noticiaempauta.com\/portal\/monsenhor-hipolito-recebe-premio-alfa-10-e-se-destaca-na-alfabetizacao\/#primaryimage"},"image":{"@id":"https:\/\/noticiaempauta.com\/portal\/monsenhor-hipolito-recebe-premio-alfa-10-e-se-destaca-na-alfabetizacao\/#primaryimage"},"thumbnailUrl":"https:\/\/noticiaempauta.com\/portal\/wp-content\/uploads\/2026\/04\/7825.webp","datePublished":"2026-04-29T12:34:49+00:00","dateModified":"2026-04-29T12:34:51+00:00","breadcrumb":{"@id":"https:\/\/noticiaempauta.com\/portal\/monsenhor-hipolito-recebe-premio-alfa-10-e-se-destaca-na-alfabetizacao\/#breadcrumb"},"inLanguage":"pt-BR","potentialAction":[{"@type":"ReadAction","target":["https:\/\/noticiaempauta.com\/portal\/monsenhor-hipolito-recebe-premio-alfa-10-e-se-destaca-na-alfabetizacao\/"]}]},{"@type":"ImageObject","inLanguage":"pt-BR","@id":"https:\/\/noticiaempauta.com\/portal\/monsenhor-hipolito-recebe-premio-alfa-10-e-se-destaca-na-alfabetizacao\/#primaryimage","url":"https:\/\/noticiaempauta.com\/portal\/wp-content\/uploads\/2026\/04\/7825.webp","contentUrl":"https:\/\/noticiaempauta.com\/portal\/wp-content\/uploads\/2026\/04\/7825.webp","width":1020,"height":632},{"@type":"BreadcrumbList","@id":"https:\/\/noticiaempauta.com\/portal\/monsenhor-hipolito-recebe-premio-alfa-10-e-se-destaca-na-alfabetizacao\/#breadcrumb","itemListElement":[{"@type":"ListItem","position":1,"name":"P\u00e1gina Inicial","item":"https:\/\/noticiaempauta.com\/portal\/"},{"@type":"ListItem","position":2,"name":"Destaques","item":"https:\/\/noticiaempauta.com\/portal\/destaques-site\/"},{"@type":"ListItem","position":3,"name":"Monsenhor Hip\u00f3lito recebe Pr\u00eamio Alfa-10 e se destaca na alfabetiza\u00e7\u00e3o"}]},{"@type":"WebSite","@id":"https:\/\/noticiaempauta.com\/portal\/#website","url":"https:\/\/noticiaempauta.com\/portal\/","name":"Portal Not\u00edcia em Pauta","description":"Voc\u00ea bem informado","publisher":{"@id":"https:\/\/noticiaempauta.com\/portal\/#organization"},"potentialAction":[{"@type":"SearchAction","target":{"@type":"EntryPoint","urlTemplate":"https:\/\/noticiaempauta.com\/portal\/?s={search_term_string}"},"query-input":{"@type":"PropertyValueSpecification","valueRequired":true,"valueName":"search_term_string"}}],"inLanguage":"pt-BR"},{"@type":"Organization","@id":"https:\/\/noticiaempauta.com\/portal\/#organization","name":"Portal Not\u00edcia em Pauta","url":"https:\/\/noticiaempauta.com\/portal\/","logo":{"@type":"ImageObject","inLanguage":"pt-BR","@id":"https:\/\/noticiaempauta.com\/portal\/#\/schema\/logo\/image\/","url":"https:\/\/noticiaempauta.com\/portal\/wp-content\/uploads\/2022\/08\/logomarca_tema.fw_.png","contentUrl":"https:\/\/noticiaempauta.com\/portal\/wp-content\/uploads\/2022\/08\/logomarca_tema.fw_.png","width":400,"height":232,"caption":"Portal Not\u00edcia em Pauta"},"image":{"@id":"https:\/\/noticiaempauta.com\/portal\/#\/schema\/logo\/image\/"},"sameAs":["https:\/\/www.facebook.com\/Portal-Notcia-Em-Pauta-102292869264820\/","https:\/\/www.instagram.com\/portalnoticiaempauta\/"]},{"@type":"Person","@id":"https:\/\/noticiaempauta.com\/portal\/#\/schema\/person\/a74af43dd1ab3deca45f988c717d57ac","name":"Reda\u00e7\u00e3o","image":{"@type":"ImageObject","inLanguage":"pt-BR","@id":"https:\/\/noticiaempauta.com\/portal\/#\/schema\/person\/image\/","url":"https:\/\/secure.gravatar.com\/avatar\/03179346ecce6cdfc13361603e8f54242a90e5cde8618fa23c5c00aa2b0aadf3?s=96&d=mm&r=g","contentUrl":"https:\/\/secure.gravatar.com\/avatar\/03179346ecce6cdfc13361603e8f54242a90e5cde8618fa23c5c00aa2b0aadf3?s=96&d=mm&r=g","caption":"Reda\u00e7\u00e3o"},"sameAs":["https:\/\/noticiaempauta.com\/portal\/"],"url":"https:\/\/noticiaempauta.com\/portal\/author\/fernando\/"}]}},"_links":{"self":[{"href":"https:\/\/noticiaempauta.com\/portal\/wp-json\/wp\/v2\/posts\/288075","targetHints":{"allow":["GET"]}}],"collection":[{"href":"https:\/\/noticiaempauta.com\/portal\/wp-json\/wp\/v2\/posts"}],"about":[{"href":"https:\/\/noticiaempauta.com\/portal\/wp-json\/wp\/v2\/types\/post"}],"author":[{"embeddable":true,"href":"https:\/\/noticiaempauta.com\/portal\/wp-json\/wp\/v2\/users\/2"}],"replies":[{"embeddable":true,"href":"https:\/\/noticiaempauta.com\/portal\/wp-json\/wp\/v2\/comments?post=288075"}],"version-history":[{"count":2,"href":"https:\/\/noticiaempauta.com\/portal\/wp-json\/wp\/v2\/posts\/288075\/revisions"}],"predecessor-version":[{"id":288078,"href":"https:\/\/noticiaempauta.com\/portal\/wp-json\/wp\/v2\/posts\/288075\/revisions\/288078"}],"wp:featuredmedia":[{"embeddable":true,"href":"https:\/\/noticiaempauta.com\/portal\/wp-json\/wp\/v2\/media\/288076"}],"wp:attachment":[{"href":"https:\/\/noticiaempauta.com\/portal\/wp-json\/wp\/v2\/media?parent=288075"}],"wp:term":[{"taxonomy":"category","embeddable":true,"href":"https:\/\/noticiaempauta.com\/portal\/wp-json\/wp\/v2\/categories?post=288075"},{"taxonomy":"post_tag","embeddable":true,"href":"https:\/\/noticiaempauta.com\/portal\/wp-json\/wp\/v2\/tags?post=288075"}],"curies":[{"name":"wp","href":"https:\/\/api.w.org\/{rel}","templated":true}]}}