{"id":288096,"date":"2026-04-29T11:18:50","date_gmt":"2026-04-29T14:18:50","guid":{"rendered":"https:\/\/noticiaempauta.com\/portal\/?p=288096"},"modified":"2026-04-29T11:21:17","modified_gmt":"2026-04-29T14:21:17","slug":"sessao-solene-marca-comemoracao-ao-jubileu-de-ouro-do-rotary-club-de-picos","status":"publish","type":"post","link":"https:\/\/noticiaempauta.com\/portal\/sessao-solene-marca-comemoracao-ao-jubileu-de-ouro-do-rotary-club-de-picos\/","title":{"rendered":"Sess\u00e3o Solene marca comemora\u00e7\u00e3o ao Jubileu de Ouro do Rotary Club de Picos"},"content":{"rendered":"\n<p>A C\u00e2mara Municipal de Picos realizou na noite desta ter\u00e7a-feira, 28 de abril, sess\u00e3o solene em alus\u00e3o aos 50 anos do Rotary Club de Picos, celebrando seu Jubileu de Ouro. O evento aconteceu no plen\u00e1rio da Casa Legislativa reunindo autoridades locais, representantes da sociedade civil e convidados.<\/p>\n\n\n\n<figure class=\"wp-block-image size-large\"><img fetchpriority=\"high\" decoding=\"async\" width=\"1024\" height=\"683\" src=\"https:\/\/noticiaempauta.com\/portal\/wp-content\/uploads\/2026\/04\/IMG_0612-1024x683.webp\" alt=\"\" class=\"wp-image-288145\" srcset=\"https:\/\/noticiaempauta.com\/portal\/wp-content\/uploads\/2026\/04\/IMG_0612-1024x683.webp 1024w, https:\/\/noticiaempauta.com\/portal\/wp-content\/uploads\/2026\/04\/IMG_0612-300x200.webp 300w, https:\/\/noticiaempauta.com\/portal\/wp-content\/uploads\/2026\/04\/IMG_0612-768x512.webp 768w, https:\/\/noticiaempauta.com\/portal\/wp-content\/uploads\/2026\/04\/IMG_0612.webp 1200w\" sizes=\"(max-width: 1024px) 100vw, 1024px\" \/><\/figure>\n\n\n\n<figure class=\"wp-block-image size-large\"><img decoding=\"async\" width=\"1024\" height=\"683\" src=\"https:\/\/noticiaempauta.com\/portal\/wp-content\/uploads\/2026\/04\/IMG_0512-1024x683.webp\" alt=\"\" class=\"wp-image-288117\" srcset=\"https:\/\/noticiaempauta.com\/portal\/wp-content\/uploads\/2026\/04\/IMG_0512-1024x683.webp 1024w, https:\/\/noticiaempauta.com\/portal\/wp-content\/uploads\/2026\/04\/IMG_0512-300x200.webp 300w, https:\/\/noticiaempauta.com\/portal\/wp-content\/uploads\/2026\/04\/IMG_0512-768x512.webp 768w, https:\/\/noticiaempauta.com\/portal\/wp-content\/uploads\/2026\/04\/IMG_0512.webp 1200w\" sizes=\"(max-width: 1024px) 100vw, 1024px\" \/><\/figure>\n\n\n\n<p>Durante a cerim\u00f4nia presidente do Rotary Club de Picos, engenheiro Luciano Gil agradeceu a C\u00e2mara Municipal pelo reconhecimento, e destacou a import\u00e2ncia da institui\u00e7\u00e3o na cidade Picos ao longo dos 50 anos de atua\u00e7\u00e3o na vida da comunidade, sendo um vetor de promo\u00e7\u00e3o da cidadania, atrav\u00e9s da integra\u00e7\u00e3o de seus membros para a realiza\u00e7\u00e3o de importantes a\u00e7\u00f5es sociais, que contribuem na constru\u00e7\u00e3o de uma sociedade melhor. <\/p>\n\n\n\n<figure class=\"wp-block-image size-large\"><img decoding=\"async\" width=\"1024\" height=\"683\" src=\"https:\/\/noticiaempauta.com\/portal\/wp-content\/uploads\/2026\/04\/IMG_0545-1-1024x683.webp\" alt=\"\" class=\"wp-image-288226\" srcset=\"https:\/\/noticiaempauta.com\/portal\/wp-content\/uploads\/2026\/04\/IMG_0545-1-1024x683.webp 1024w, https:\/\/noticiaempauta.com\/portal\/wp-content\/uploads\/2026\/04\/IMG_0545-1-300x200.webp 300w, https:\/\/noticiaempauta.com\/portal\/wp-content\/uploads\/2026\/04\/IMG_0545-1-768x512.webp 768w, https:\/\/noticiaempauta.com\/portal\/wp-content\/uploads\/2026\/04\/IMG_0545-1.webp 1200w\" sizes=\"(max-width: 1024px) 100vw, 1024px\" \/><\/figure>\n\n\n\n<p>A homenagem foi proposta pelo vereador Francisco das Chagas de Sousa, o Chaguinha e contou com o apoio dos demais membros do legislativo municipal.<\/p>\n\n\n\n<figure class=\"wp-block-image size-large\"><img loading=\"lazy\" decoding=\"async\" width=\"1024\" height=\"683\" src=\"https:\/\/noticiaempauta.com\/portal\/wp-content\/uploads\/2026\/04\/IMG_0565-1024x683.webp\" alt=\"\" class=\"wp-image-288131\" srcset=\"https:\/\/noticiaempauta.com\/portal\/wp-content\/uploads\/2026\/04\/IMG_0565-1024x683.webp 1024w, https:\/\/noticiaempauta.com\/portal\/wp-content\/uploads\/2026\/04\/IMG_0565-300x200.webp 300w, https:\/\/noticiaempauta.com\/portal\/wp-content\/uploads\/2026\/04\/IMG_0565-768x512.webp 768w, https:\/\/noticiaempauta.com\/portal\/wp-content\/uploads\/2026\/04\/IMG_0565.webp 1200w\" sizes=\"(max-width: 1024px) 100vw, 1024px\" \/><\/figure>\n\n\n\n<figure class=\"wp-block-image size-large\"><img loading=\"lazy\" decoding=\"async\" width=\"1024\" height=\"683\" src=\"https:\/\/noticiaempauta.com\/portal\/wp-content\/uploads\/2026\/04\/IMG_0555-1024x683.webp\" alt=\"\" class=\"wp-image-288129\" srcset=\"https:\/\/noticiaempauta.com\/portal\/wp-content\/uploads\/2026\/04\/IMG_0555-1024x683.webp 1024w, https:\/\/noticiaempauta.com\/portal\/wp-content\/uploads\/2026\/04\/IMG_0555-300x200.webp 300w, https:\/\/noticiaempauta.com\/portal\/wp-content\/uploads\/2026\/04\/IMG_0555-768x512.webp 768w, https:\/\/noticiaempauta.com\/portal\/wp-content\/uploads\/2026\/04\/IMG_0555.webp 1200w\" sizes=\"(max-width: 1024px) 100vw, 1024px\" \/><\/figure>\n\n\n\n<p>Estiveram presentes na solenidade o prefeito de Picos, Dr. Pablo Santos, o conselheiro do Tribunal de Contas do Piau\u00ed, Kl\u00e9ber Eul\u00e1lio, e o governador do Rotary Distrito 4490 (Cear\u00e1, Maranh\u00e3o e Piau\u00ed), Carlos Murilo, dentre outras autoridades que tamb\u00e9m prestigiaram o evento.<\/p>\n\n\n\n<figure class=\"wp-block-image size-large\"><img loading=\"lazy\" decoding=\"async\" width=\"1024\" height=\"683\" src=\"https:\/\/noticiaempauta.com\/portal\/wp-content\/uploads\/2026\/04\/IMG_0697-1024x683.webp\" alt=\"\" class=\"wp-image-288161\" srcset=\"https:\/\/noticiaempauta.com\/portal\/wp-content\/uploads\/2026\/04\/IMG_0697-1024x683.webp 1024w, https:\/\/noticiaempauta.com\/portal\/wp-content\/uploads\/2026\/04\/IMG_0697-300x200.webp 300w, https:\/\/noticiaempauta.com\/portal\/wp-content\/uploads\/2026\/04\/IMG_0697-768x512.webp 768w, https:\/\/noticiaempauta.com\/portal\/wp-content\/uploads\/2026\/04\/IMG_0697.webp 1200w\" sizes=\"(max-width: 1024px) 100vw, 1024px\" \/><\/figure>\n\n\n\n<figure class=\"wp-block-image size-large\"><img loading=\"lazy\" decoding=\"async\" width=\"1024\" height=\"683\" src=\"https:\/\/noticiaempauta.com\/portal\/wp-content\/uploads\/2026\/04\/IMG_0576-1024x683.webp\" alt=\"\" class=\"wp-image-288133\" srcset=\"https:\/\/noticiaempauta.com\/portal\/wp-content\/uploads\/2026\/04\/IMG_0576-1024x683.webp 1024w, https:\/\/noticiaempauta.com\/portal\/wp-content\/uploads\/2026\/04\/IMG_0576-300x200.webp 300w, https:\/\/noticiaempauta.com\/portal\/wp-content\/uploads\/2026\/04\/IMG_0576-768x512.webp 768w, https:\/\/noticiaempauta.com\/portal\/wp-content\/uploads\/2026\/04\/IMG_0576.webp 1200w\" sizes=\"(max-width: 1024px) 100vw, 1024px\" \/><\/figure>\n\n\n\n<p> A sess\u00e3o solene contou homenagem a ex-presidentes e a entrega do t\u00edtulo Paul Harris de reconhecimento rot\u00e1rios para os membros, Urbano Vieira Ibiapino e Pedro Feitosa Sobrinho.<\/p>\n\n\n\n<figure class=\"wp-block-image size-large\"><img loading=\"lazy\" decoding=\"async\" width=\"1024\" height=\"683\" src=\"https:\/\/noticiaempauta.com\/portal\/wp-content\/uploads\/2026\/04\/IMG_0634-1024x683.webp\" alt=\"\" class=\"wp-image-288150\" srcset=\"https:\/\/noticiaempauta.com\/portal\/wp-content\/uploads\/2026\/04\/IMG_0634-1024x683.webp 1024w, https:\/\/noticiaempauta.com\/portal\/wp-content\/uploads\/2026\/04\/IMG_0634-300x200.webp 300w, https:\/\/noticiaempauta.com\/portal\/wp-content\/uploads\/2026\/04\/IMG_0634-768x512.webp 768w, https:\/\/noticiaempauta.com\/portal\/wp-content\/uploads\/2026\/04\/IMG_0634.webp 1200w\" sizes=\"(max-width: 1024px) 100vw, 1024px\" \/><\/figure>\n\n\n\n<p>Na oportunidade tamb\u00e9m foram empossados novos membros do Rotary Club de Picos: Maria Eni Coelho, Jose Maria de Moura e R\u00f4mulo Neiva Braga.<\/p>\n\n\n\n<figure class=\"wp-block-image size-large\"><img loading=\"lazy\" decoding=\"async\" width=\"1024\" height=\"683\" src=\"https:\/\/noticiaempauta.com\/portal\/wp-content\/uploads\/2026\/04\/IMG_0673-1024x683.webp\" alt=\"\" class=\"wp-image-288157\" srcset=\"https:\/\/noticiaempauta.com\/portal\/wp-content\/uploads\/2026\/04\/IMG_0673-1024x683.webp 1024w, https:\/\/noticiaempauta.com\/portal\/wp-content\/uploads\/2026\/04\/IMG_0673-300x200.webp 300w, https:\/\/noticiaempauta.com\/portal\/wp-content\/uploads\/2026\/04\/IMG_0673-768x512.webp 768w, https:\/\/noticiaempauta.com\/portal\/wp-content\/uploads\/2026\/04\/IMG_0673.webp 1200w\" sizes=\"(max-width: 1024px) 100vw, 1024px\" \/><\/figure>\n\n\n\n<p>Encerrando a programa\u00e7\u00e3o, os presentes participaram de uma recep\u00e7\u00e3o festiva na sede do Rotary Club de Picos, localizada ao lado da C\u00e2mara Municipal, celebrando n\u00e3o apenas os 50 anos da institui\u00e7\u00e3o, mas tamb\u00e9m o legado constru\u00eddo e o futuro de novas a\u00e7\u00f5es em prol da comunidade.<\/p>\n\n\n\n<p><strong>Veja mais imagens<\/strong><\/p>\n\n\n\n<figure class=\"wp-block-embed is-type-wp-embed is-provider-portal-not-cia-em-pauta wp-block-embed-portal-not-cia-em-pauta\"><div class=\"wp-block-embed__wrapper\">\n<blockquote class=\"wp-embedded-content\" data-secret=\"wPXKA59xyX\"><a href=\"https:\/\/noticiaempauta.com\/portal\/album-de-fotos-sessao-solene-50-anos-do-rotary-club-de-picos\/\">\u00c1lbum de Fotos &#8211; Sess\u00e3o solene 50 anos do Rotary Club de Picos<\/a><\/blockquote><iframe class=\"wp-embedded-content\" sandbox=\"allow-scripts\" security=\"restricted\" style=\"position: absolute; visibility: hidden;\" title=\"&#8220;\u00c1lbum de Fotos &#8211; Sess\u00e3o solene 50 anos do Rotary Club de Picos&#8221; &#8212; Portal Not\u00edcia em Pauta\" src=\"https:\/\/noticiaempauta.com\/portal\/album-de-fotos-sessao-solene-50-anos-do-rotary-club-de-picos\/embed\/#?secret=ADmhwvwTb4#?secret=wPXKA59xyX\" data-secret=\"wPXKA59xyX\" width=\"600\" height=\"338\" frameborder=\"0\" marginwidth=\"0\" marginheight=\"0\" scrolling=\"no\"><\/iframe>\n<\/div><\/figure>\n\n\n\n<figure class=\"wp-block-embed is-type-wp-embed is-provider-portal-not-cia-em-pauta wp-block-embed-portal-not-cia-em-pauta\"><div class=\"wp-block-embed__wrapper\">\n<blockquote class=\"wp-embedded-content\" data-secret=\"blX1NJmlcX\"><a href=\"https:\/\/noticiaempauta.com\/portal\/album-de-fotos-recepcao-festiva-jubileu-de-ouro-do-rotary-club-de-picos\/\">\u00c1lbum de Fotos &#8211; Recep\u00e7\u00e3o Festiva Jubileu de Ouro do Rotary Club de Picos<\/a><\/blockquote><iframe class=\"wp-embedded-content\" sandbox=\"allow-scripts\" security=\"restricted\" style=\"position: absolute; visibility: hidden;\" title=\"&#8220;\u00c1lbum de Fotos &#8211; Recep\u00e7\u00e3o Festiva Jubileu de Ouro do Rotary Club de Picos&#8221; &#8212; Portal Not\u00edcia em Pauta\" src=\"https:\/\/noticiaempauta.com\/portal\/album-de-fotos-recepcao-festiva-jubileu-de-ouro-do-rotary-club-de-picos\/embed\/#?secret=Yc0XoyXC1s#?secret=blX1NJmlcX\" data-secret=\"blX1NJmlcX\" width=\"600\" height=\"338\" frameborder=\"0\" marginwidth=\"0\" marginheight=\"0\" scrolling=\"no\"><\/iframe>\n<\/div><\/figure>\n","protected":false},"excerpt":{"rendered":"<p>A C\u00e2mara Municipal de Picos realizou na noite desta ter\u00e7a-feira, 28 de abril, sess\u00e3o solene em alus\u00e3o aos 50 anos do Rotary Club de Picos, celebrando seu Jubileu de Ouro. O evento aconteceu no plen\u00e1rio da Casa Legislativa reunindo autoridades locais, representantes da sociedade civil e convidados. Durante a cerim\u00f4nia presidente do Rotary Club de [&hellip;]<\/p>\n","protected":false},"author":2,"featured_media":288145,"comment_status":"closed","ping_status":"closed","sticky":false,"template":"","format":"standard","meta":{"_mi_skip_tracking":false,"footnotes":""},"categories":[25,1,8,16],"tags":[],"class_list":["post-288096","post","type-post","status-publish","format-standard","has-post-thumbnail","hentry","category-destaques-site","category-geral","category-social","category-todas"],"acf":[],"yoast_head":"<!-- This site is optimized with the Yoast SEO Premium plugin v19.2 (Yoast SEO v26.9) - https:\/\/yoast.com\/product\/yoast-seo-premium-wordpress\/ -->\n<title>Sess\u00e3o Solene marca comemora\u00e7\u00e3o ao Jubileu de Ouro do Rotary Club de Picos - Portal Not\u00edcia em Pauta<\/title>\n<meta name=\"robots\" content=\"index, follow, max-snippet:-1, max-image-preview:large, max-video-preview:-1\" \/>\n<link rel=\"canonical\" href=\"https:\/\/noticiaempauta.com\/portal\/sessao-solene-marca-comemoracao-ao-jubileu-de-ouro-do-rotary-club-de-picos\/\" \/>\n<meta property=\"og:locale\" content=\"pt_BR\" \/>\n<meta property=\"og:type\" content=\"article\" \/>\n<meta property=\"og:title\" content=\"Sess\u00e3o Solene marca comemora\u00e7\u00e3o ao Jubileu de Ouro do Rotary Club de Picos\" \/>\n<meta property=\"og:description\" content=\"A C\u00e2mara Municipal de Picos realizou na noite desta ter\u00e7a-feira, 28 de abril, sess\u00e3o solene em alus\u00e3o aos 50 anos do Rotary Club de Picos, celebrando seu Jubileu de Ouro. O evento aconteceu no plen\u00e1rio da Casa Legislativa reunindo autoridades locais, representantes da sociedade civil e convidados. Durante a cerim\u00f4nia presidente do Rotary Club de [&hellip;]\" \/>\n<meta property=\"og:url\" content=\"https:\/\/noticiaempauta.com\/portal\/sessao-solene-marca-comemoracao-ao-jubileu-de-ouro-do-rotary-club-de-picos\/\" \/>\n<meta property=\"og:site_name\" content=\"Portal Not\u00edcia em Pauta\" \/>\n<meta property=\"article:publisher\" content=\"https:\/\/www.facebook.com\/Portal-Notcia-Em-Pauta-102292869264820\/\" \/>\n<meta property=\"article:published_time\" content=\"2026-04-29T14:18:50+00:00\" \/>\n<meta property=\"article:modified_time\" content=\"2026-04-29T14:21:17+00:00\" \/>\n<meta property=\"og:image\" content=\"https:\/\/noticiaempauta.com\/portal\/wp-content\/uploads\/2026\/04\/IMG_0612.webp\" \/>\n\t<meta property=\"og:image:width\" content=\"1200\" \/>\n\t<meta property=\"og:image:height\" content=\"800\" \/>\n\t<meta property=\"og:image:type\" content=\"image\/webp\" \/>\n<meta name=\"author\" content=\"Reda\u00e7\u00e3o\" \/>\n<meta name=\"twitter:card\" content=\"summary_large_image\" \/>\n<meta name=\"twitter:label1\" content=\"Escrito por\" \/>\n\t<meta name=\"twitter:data1\" content=\"Reda\u00e7\u00e3o\" \/>\n\t<meta name=\"twitter:label2\" content=\"Est. tempo de leitura\" \/>\n\t<meta name=\"twitter:data2\" content=\"4 minutos\" \/>\n<script type=\"application\/ld+json\" class=\"yoast-schema-graph\">{\"@context\":\"https:\/\/schema.org\",\"@graph\":[{\"@type\":\"Article\",\"@id\":\"https:\/\/noticiaempauta.com\/portal\/sessao-solene-marca-comemoracao-ao-jubileu-de-ouro-do-rotary-club-de-picos\/#article\",\"isPartOf\":{\"@id\":\"https:\/\/noticiaempauta.com\/portal\/sessao-solene-marca-comemoracao-ao-jubileu-de-ouro-do-rotary-club-de-picos\/\"},\"author\":{\"name\":\"Reda\u00e7\u00e3o\",\"@id\":\"https:\/\/noticiaempauta.com\/portal\/#\/schema\/person\/a74af43dd1ab3deca45f988c717d57ac\"},\"headline\":\"Sess\u00e3o Solene marca comemora\u00e7\u00e3o ao Jubileu de Ouro do Rotary Club de Picos\",\"datePublished\":\"2026-04-29T14:18:50+00:00\",\"dateModified\":\"2026-04-29T14:21:17+00:00\",\"mainEntityOfPage\":{\"@id\":\"https:\/\/noticiaempauta.com\/portal\/sessao-solene-marca-comemoracao-ao-jubileu-de-ouro-do-rotary-club-de-picos\/\"},\"wordCount\":332,\"publisher\":{\"@id\":\"https:\/\/noticiaempauta.com\/portal\/#organization\"},\"image\":{\"@id\":\"https:\/\/noticiaempauta.com\/portal\/sessao-solene-marca-comemoracao-ao-jubileu-de-ouro-do-rotary-club-de-picos\/#primaryimage\"},\"thumbnailUrl\":\"https:\/\/noticiaempauta.com\/portal\/wp-content\/uploads\/2026\/04\/IMG_0612.webp\",\"articleSection\":[\"Destaques\",\"Geral\",\"Social\",\"Todas as Not\u00edcias\"],\"inLanguage\":\"pt-BR\"},{\"@type\":\"WebPage\",\"@id\":\"https:\/\/noticiaempauta.com\/portal\/sessao-solene-marca-comemoracao-ao-jubileu-de-ouro-do-rotary-club-de-picos\/\",\"url\":\"https:\/\/noticiaempauta.com\/portal\/sessao-solene-marca-comemoracao-ao-jubileu-de-ouro-do-rotary-club-de-picos\/\",\"name\":\"Sess\u00e3o Solene marca comemora\u00e7\u00e3o ao Jubileu de Ouro do Rotary Club de Picos - Portal Not\u00edcia em Pauta\",\"isPartOf\":{\"@id\":\"https:\/\/noticiaempauta.com\/portal\/#website\"},\"primaryImageOfPage\":{\"@id\":\"https:\/\/noticiaempauta.com\/portal\/sessao-solene-marca-comemoracao-ao-jubileu-de-ouro-do-rotary-club-de-picos\/#primaryimage\"},\"image\":{\"@id\":\"https:\/\/noticiaempauta.com\/portal\/sessao-solene-marca-comemoracao-ao-jubileu-de-ouro-do-rotary-club-de-picos\/#primaryimage\"},\"thumbnailUrl\":\"https:\/\/noticiaempauta.com\/portal\/wp-content\/uploads\/2026\/04\/IMG_0612.webp\",\"datePublished\":\"2026-04-29T14:18:50+00:00\",\"dateModified\":\"2026-04-29T14:21:17+00:00\",\"breadcrumb\":{\"@id\":\"https:\/\/noticiaempauta.com\/portal\/sessao-solene-marca-comemoracao-ao-jubileu-de-ouro-do-rotary-club-de-picos\/#breadcrumb\"},\"inLanguage\":\"pt-BR\",\"potentialAction\":[{\"@type\":\"ReadAction\",\"target\":[\"https:\/\/noticiaempauta.com\/portal\/sessao-solene-marca-comemoracao-ao-jubileu-de-ouro-do-rotary-club-de-picos\/\"]}]},{\"@type\":\"ImageObject\",\"inLanguage\":\"pt-BR\",\"@id\":\"https:\/\/noticiaempauta.com\/portal\/sessao-solene-marca-comemoracao-ao-jubileu-de-ouro-do-rotary-club-de-picos\/#primaryimage\",\"url\":\"https:\/\/noticiaempauta.com\/portal\/wp-content\/uploads\/2026\/04\/IMG_0612.webp\",\"contentUrl\":\"https:\/\/noticiaempauta.com\/portal\/wp-content\/uploads\/2026\/04\/IMG_0612.webp\",\"width\":1200,\"height\":800},{\"@type\":\"BreadcrumbList\",\"@id\":\"https:\/\/noticiaempauta.com\/portal\/sessao-solene-marca-comemoracao-ao-jubileu-de-ouro-do-rotary-club-de-picos\/#breadcrumb\",\"itemListElement\":[{\"@type\":\"ListItem\",\"position\":1,\"name\":\"P\u00e1gina Inicial\",\"item\":\"https:\/\/noticiaempauta.com\/portal\/\"},{\"@type\":\"ListItem\",\"position\":2,\"name\":\"Geral\",\"item\":\"https:\/\/noticiaempauta.com\/portal\/geral\/\"},{\"@type\":\"ListItem\",\"position\":3,\"name\":\"Sess\u00e3o Solene marca comemora\u00e7\u00e3o ao Jubileu de Ouro do Rotary Club de Picos\"}]},{\"@type\":\"WebSite\",\"@id\":\"https:\/\/noticiaempauta.com\/portal\/#website\",\"url\":\"https:\/\/noticiaempauta.com\/portal\/\",\"name\":\"Portal Not\u00edcia em Pauta\",\"description\":\"Voc\u00ea bem informado\",\"publisher\":{\"@id\":\"https:\/\/noticiaempauta.com\/portal\/#organization\"},\"potentialAction\":[{\"@type\":\"SearchAction\",\"target\":{\"@type\":\"EntryPoint\",\"urlTemplate\":\"https:\/\/noticiaempauta.com\/portal\/?s={search_term_string}\"},\"query-input\":{\"@type\":\"PropertyValueSpecification\",\"valueRequired\":true,\"valueName\":\"search_term_string\"}}],\"inLanguage\":\"pt-BR\"},{\"@type\":\"Organization\",\"@id\":\"https:\/\/noticiaempauta.com\/portal\/#organization\",\"name\":\"Portal Not\u00edcia em Pauta\",\"url\":\"https:\/\/noticiaempauta.com\/portal\/\",\"logo\":{\"@type\":\"ImageObject\",\"inLanguage\":\"pt-BR\",\"@id\":\"https:\/\/noticiaempauta.com\/portal\/#\/schema\/logo\/image\/\",\"url\":\"https:\/\/noticiaempauta.com\/portal\/wp-content\/uploads\/2022\/08\/logomarca_tema.fw_.png\",\"contentUrl\":\"https:\/\/noticiaempauta.com\/portal\/wp-content\/uploads\/2022\/08\/logomarca_tema.fw_.png\",\"width\":400,\"height\":232,\"caption\":\"Portal Not\u00edcia em Pauta\"},\"image\":{\"@id\":\"https:\/\/noticiaempauta.com\/portal\/#\/schema\/logo\/image\/\"},\"sameAs\":[\"https:\/\/www.facebook.com\/Portal-Notcia-Em-Pauta-102292869264820\/\",\"https:\/\/www.instagram.com\/portalnoticiaempauta\/\"]},{\"@type\":\"Person\",\"@id\":\"https:\/\/noticiaempauta.com\/portal\/#\/schema\/person\/a74af43dd1ab3deca45f988c717d57ac\",\"name\":\"Reda\u00e7\u00e3o\",\"image\":{\"@type\":\"ImageObject\",\"inLanguage\":\"pt-BR\",\"@id\":\"https:\/\/noticiaempauta.com\/portal\/#\/schema\/person\/image\/\",\"url\":\"https:\/\/secure.gravatar.com\/avatar\/03179346ecce6cdfc13361603e8f54242a90e5cde8618fa23c5c00aa2b0aadf3?s=96&d=mm&r=g\",\"contentUrl\":\"https:\/\/secure.gravatar.com\/avatar\/03179346ecce6cdfc13361603e8f54242a90e5cde8618fa23c5c00aa2b0aadf3?s=96&d=mm&r=g\",\"caption\":\"Reda\u00e7\u00e3o\"},\"sameAs\":[\"https:\/\/noticiaempauta.com\/portal\/\"],\"url\":\"https:\/\/noticiaempauta.com\/portal\/author\/fernando\/\"}]}<\/script>\n<!-- \/ Yoast SEO Premium plugin. -->","yoast_head_json":{"title":"Sess\u00e3o Solene marca comemora\u00e7\u00e3o ao Jubileu de Ouro do Rotary Club de Picos - Portal Not\u00edcia em Pauta","robots":{"index":"index","follow":"follow","max-snippet":"max-snippet:-1","max-image-preview":"max-image-preview:large","max-video-preview":"max-video-preview:-1"},"canonical":"https:\/\/noticiaempauta.com\/portal\/sessao-solene-marca-comemoracao-ao-jubileu-de-ouro-do-rotary-club-de-picos\/","og_locale":"pt_BR","og_type":"article","og_title":"Sess\u00e3o Solene marca comemora\u00e7\u00e3o ao Jubileu de Ouro do Rotary Club de Picos","og_description":"A C\u00e2mara Municipal de Picos realizou na noite desta ter\u00e7a-feira, 28 de abril, sess\u00e3o solene em alus\u00e3o aos 50 anos do Rotary Club de Picos, celebrando seu Jubileu de Ouro. O evento aconteceu no plen\u00e1rio da Casa Legislativa reunindo autoridades locais, representantes da sociedade civil e convidados. Durante a cerim\u00f4nia presidente do Rotary Club de [&hellip;]","og_url":"https:\/\/noticiaempauta.com\/portal\/sessao-solene-marca-comemoracao-ao-jubileu-de-ouro-do-rotary-club-de-picos\/","og_site_name":"Portal Not\u00edcia em Pauta","article_publisher":"https:\/\/www.facebook.com\/Portal-Notcia-Em-Pauta-102292869264820\/","article_published_time":"2026-04-29T14:18:50+00:00","article_modified_time":"2026-04-29T14:21:17+00:00","og_image":[{"width":1200,"height":800,"url":"https:\/\/noticiaempauta.com\/portal\/wp-content\/uploads\/2026\/04\/IMG_0612.webp","type":"image\/webp"}],"author":"Reda\u00e7\u00e3o","twitter_card":"summary_large_image","twitter_misc":{"Escrito por":"Reda\u00e7\u00e3o","Est. tempo de leitura":"4 minutos"},"schema":{"@context":"https:\/\/schema.org","@graph":[{"@type":"Article","@id":"https:\/\/noticiaempauta.com\/portal\/sessao-solene-marca-comemoracao-ao-jubileu-de-ouro-do-rotary-club-de-picos\/#article","isPartOf":{"@id":"https:\/\/noticiaempauta.com\/portal\/sessao-solene-marca-comemoracao-ao-jubileu-de-ouro-do-rotary-club-de-picos\/"},"author":{"name":"Reda\u00e7\u00e3o","@id":"https:\/\/noticiaempauta.com\/portal\/#\/schema\/person\/a74af43dd1ab3deca45f988c717d57ac"},"headline":"Sess\u00e3o Solene marca comemora\u00e7\u00e3o ao Jubileu de Ouro do Rotary Club de Picos","datePublished":"2026-04-29T14:18:50+00:00","dateModified":"2026-04-29T14:21:17+00:00","mainEntityOfPage":{"@id":"https:\/\/noticiaempauta.com\/portal\/sessao-solene-marca-comemoracao-ao-jubileu-de-ouro-do-rotary-club-de-picos\/"},"wordCount":332,"publisher":{"@id":"https:\/\/noticiaempauta.com\/portal\/#organization"},"image":{"@id":"https:\/\/noticiaempauta.com\/portal\/sessao-solene-marca-comemoracao-ao-jubileu-de-ouro-do-rotary-club-de-picos\/#primaryimage"},"thumbnailUrl":"https:\/\/noticiaempauta.com\/portal\/wp-content\/uploads\/2026\/04\/IMG_0612.webp","articleSection":["Destaques","Geral","Social","Todas as Not\u00edcias"],"inLanguage":"pt-BR"},{"@type":"WebPage","@id":"https:\/\/noticiaempauta.com\/portal\/sessao-solene-marca-comemoracao-ao-jubileu-de-ouro-do-rotary-club-de-picos\/","url":"https:\/\/noticiaempauta.com\/portal\/sessao-solene-marca-comemoracao-ao-jubileu-de-ouro-do-rotary-club-de-picos\/","name":"Sess\u00e3o Solene marca comemora\u00e7\u00e3o ao Jubileu de Ouro do Rotary Club de Picos - Portal Not\u00edcia em Pauta","isPartOf":{"@id":"https:\/\/noticiaempauta.com\/portal\/#website"},"primaryImageOfPage":{"@id":"https:\/\/noticiaempauta.com\/portal\/sessao-solene-marca-comemoracao-ao-jubileu-de-ouro-do-rotary-club-de-picos\/#primaryimage"},"image":{"@id":"https:\/\/noticiaempauta.com\/portal\/sessao-solene-marca-comemoracao-ao-jubileu-de-ouro-do-rotary-club-de-picos\/#primaryimage"},"thumbnailUrl":"https:\/\/noticiaempauta.com\/portal\/wp-content\/uploads\/2026\/04\/IMG_0612.webp","datePublished":"2026-04-29T14:18:50+00:00","dateModified":"2026-04-29T14:21:17+00:00","breadcrumb":{"@id":"https:\/\/noticiaempauta.com\/portal\/sessao-solene-marca-comemoracao-ao-jubileu-de-ouro-do-rotary-club-de-picos\/#breadcrumb"},"inLanguage":"pt-BR","potentialAction":[{"@type":"ReadAction","target":["https:\/\/noticiaempauta.com\/portal\/sessao-solene-marca-comemoracao-ao-jubileu-de-ouro-do-rotary-club-de-picos\/"]}]},{"@type":"ImageObject","inLanguage":"pt-BR","@id":"https:\/\/noticiaempauta.com\/portal\/sessao-solene-marca-comemoracao-ao-jubileu-de-ouro-do-rotary-club-de-picos\/#primaryimage","url":"https:\/\/noticiaempauta.com\/portal\/wp-content\/uploads\/2026\/04\/IMG_0612.webp","contentUrl":"https:\/\/noticiaempauta.com\/portal\/wp-content\/uploads\/2026\/04\/IMG_0612.webp","width":1200,"height":800},{"@type":"BreadcrumbList","@id":"https:\/\/noticiaempauta.com\/portal\/sessao-solene-marca-comemoracao-ao-jubileu-de-ouro-do-rotary-club-de-picos\/#breadcrumb","itemListElement":[{"@type":"ListItem","position":1,"name":"P\u00e1gina Inicial","item":"https:\/\/noticiaempauta.com\/portal\/"},{"@type":"ListItem","position":2,"name":"Geral","item":"https:\/\/noticiaempauta.com\/portal\/geral\/"},{"@type":"ListItem","position":3,"name":"Sess\u00e3o Solene marca comemora\u00e7\u00e3o ao Jubileu de Ouro do Rotary Club de Picos"}]},{"@type":"WebSite","@id":"https:\/\/noticiaempauta.com\/portal\/#website","url":"https:\/\/noticiaempauta.com\/portal\/","name":"Portal Not\u00edcia em Pauta","description":"Voc\u00ea bem informado","publisher":{"@id":"https:\/\/noticiaempauta.com\/portal\/#organization"},"potentialAction":[{"@type":"SearchAction","target":{"@type":"EntryPoint","urlTemplate":"https:\/\/noticiaempauta.com\/portal\/?s={search_term_string}"},"query-input":{"@type":"PropertyValueSpecification","valueRequired":true,"valueName":"search_term_string"}}],"inLanguage":"pt-BR"},{"@type":"Organization","@id":"https:\/\/noticiaempauta.com\/portal\/#organization","name":"Portal Not\u00edcia em Pauta","url":"https:\/\/noticiaempauta.com\/portal\/","logo":{"@type":"ImageObject","inLanguage":"pt-BR","@id":"https:\/\/noticiaempauta.com\/portal\/#\/schema\/logo\/image\/","url":"https:\/\/noticiaempauta.com\/portal\/wp-content\/uploads\/2022\/08\/logomarca_tema.fw_.png","contentUrl":"https:\/\/noticiaempauta.com\/portal\/wp-content\/uploads\/2022\/08\/logomarca_tema.fw_.png","width":400,"height":232,"caption":"Portal Not\u00edcia em Pauta"},"image":{"@id":"https:\/\/noticiaempauta.com\/portal\/#\/schema\/logo\/image\/"},"sameAs":["https:\/\/www.facebook.com\/Portal-Notcia-Em-Pauta-102292869264820\/","https:\/\/www.instagram.com\/portalnoticiaempauta\/"]},{"@type":"Person","@id":"https:\/\/noticiaempauta.com\/portal\/#\/schema\/person\/a74af43dd1ab3deca45f988c717d57ac","name":"Reda\u00e7\u00e3o","image":{"@type":"ImageObject","inLanguage":"pt-BR","@id":"https:\/\/noticiaempauta.com\/portal\/#\/schema\/person\/image\/","url":"https:\/\/secure.gravatar.com\/avatar\/03179346ecce6cdfc13361603e8f54242a90e5cde8618fa23c5c00aa2b0aadf3?s=96&d=mm&r=g","contentUrl":"https:\/\/secure.gravatar.com\/avatar\/03179346ecce6cdfc13361603e8f54242a90e5cde8618fa23c5c00aa2b0aadf3?s=96&d=mm&r=g","caption":"Reda\u00e7\u00e3o"},"sameAs":["https:\/\/noticiaempauta.com\/portal\/"],"url":"https:\/\/noticiaempauta.com\/portal\/author\/fernando\/"}]}},"_links":{"self":[{"href":"https:\/\/noticiaempauta.com\/portal\/wp-json\/wp\/v2\/posts\/288096","targetHints":{"allow":["GET"]}}],"collection":[{"href":"https:\/\/noticiaempauta.com\/portal\/wp-json\/wp\/v2\/posts"}],"about":[{"href":"https:\/\/noticiaempauta.com\/portal\/wp-json\/wp\/v2\/types\/post"}],"author":[{"embeddable":true,"href":"https:\/\/noticiaempauta.com\/portal\/wp-json\/wp\/v2\/users\/2"}],"replies":[{"embeddable":true,"href":"https:\/\/noticiaempauta.com\/portal\/wp-json\/wp\/v2\/comments?post=288096"}],"version-history":[{"count":9,"href":"https:\/\/noticiaempauta.com\/portal\/wp-json\/wp\/v2\/posts\/288096\/revisions"}],"predecessor-version":[{"id":288234,"href":"https:\/\/noticiaempauta.com\/portal\/wp-json\/wp\/v2\/posts\/288096\/revisions\/288234"}],"wp:featuredmedia":[{"embeddable":true,"href":"https:\/\/noticiaempauta.com\/portal\/wp-json\/wp\/v2\/media\/288145"}],"wp:attachment":[{"href":"https:\/\/noticiaempauta.com\/portal\/wp-json\/wp\/v2\/media?parent=288096"}],"wp:term":[{"taxonomy":"category","embeddable":true,"href":"https:\/\/noticiaempauta.com\/portal\/wp-json\/wp\/v2\/categories?post=288096"},{"taxonomy":"post_tag","embeddable":true,"href":"https:\/\/noticiaempauta.com\/portal\/wp-json\/wp\/v2\/tags?post=288096"}],"curies":[{"name":"wp","href":"https:\/\/api.w.org\/{rel}","templated":true}]}}