{"id":288249,"date":"2026-04-30T09:26:47","date_gmt":"2026-04-30T12:26:47","guid":{"rendered":"https:\/\/noticiaempauta.com\/portal\/?p=288249"},"modified":"2026-04-30T09:26:48","modified_gmt":"2026-04-30T12:26:48","slug":"mec-cria-sisu-para-preencher-vagas-remanescentes-no-ensino-superior","status":"publish","type":"post","link":"https:\/\/noticiaempauta.com\/portal\/mec-cria-sisu-para-preencher-vagas-remanescentes-no-ensino-superior\/","title":{"rendered":"MEC cria Sisu+ para preencher vagas remanescentes no ensino superior"},"content":{"rendered":"\n<p>O Minist\u00e9rio da Educa\u00e7\u00e3o publicou, na quarta-feira (29), o edital que institui uma etapa complementar do\u00a0Sistema de Sele\u00e7\u00e3o Unificada (Sisu)\u00a0para 2026.\u00a0Batizada de Sisu+, a nova fase tem como objetivo preencher vagas que permanecem ociosas ap\u00f3s o encerramento da lista de espera e dos processos seletivos pr\u00f3prios das institui\u00e7\u00f5es.<\/p>\n\n\n\n<figure class=\"wp-block-image size-full\"><img fetchpriority=\"high\" decoding=\"async\" width=\"785\" height=\"435\" src=\"https:\/\/noticiaempauta.com\/portal\/wp-content\/uploads\/2026\/04\/sisu-acesso-e-feito-com-o-login-da-plataforma-gov-br-68f8bcd8ea7c58c2.webp\" alt=\"\" class=\"wp-image-288250\" srcset=\"https:\/\/noticiaempauta.com\/portal\/wp-content\/uploads\/2026\/04\/sisu-acesso-e-feito-com-o-login-da-plataforma-gov-br-68f8bcd8ea7c58c2.webp 785w, https:\/\/noticiaempauta.com\/portal\/wp-content\/uploads\/2026\/04\/sisu-acesso-e-feito-com-o-login-da-plataforma-gov-br-68f8bcd8ea7c58c2-300x166.webp 300w, https:\/\/noticiaempauta.com\/portal\/wp-content\/uploads\/2026\/04\/sisu-acesso-e-feito-com-o-login-da-plataforma-gov-br-68f8bcd8ea7c58c2-768x426.webp 768w\" sizes=\"(max-width: 785px) 100vw, 785px\" \/><\/figure>\n\n\n\n<p>De acordo com a pasta, a iniciativa \u00e9 in\u00e9dita e busca ampliar a ocupa\u00e7\u00e3o de vagas no ensino superior p\u00fablico.&nbsp;Outra mudan\u00e7a anunciada para 2026 \u00e9 a possibilidade de uso das notas das tr\u00eas \u00faltimas edi\u00e7\u00f5es do Exame Nacional do Ensino M\u00e9dio &#8211; 2023, 2024 e 2025.<ins><\/ins><\/p>\n\n\n\n<h2 class=\"wp-block-heading\"><strong>Como vai funcionar o Sisu+<\/strong><\/h2>\n\n\n\n<p>Poder\u00e3o participar apenas candidatos que tenham se inscrito no Sisu 2026. A sele\u00e7\u00e3o ser\u00e1 feita com base nas notas do Enem, considerando automaticamente a melhor m\u00e9dia obtida entre as edi\u00e7\u00f5es v\u00e1lidas.&nbsp;Provas realizadas como treineiro ou com nota zero na reda\u00e7\u00e3o ser\u00e3o desconsideradas.<\/p>\n\n\n\n<p>Durante a inscri\u00e7\u00e3o no Sisu+, o estudante poder\u00e1 atualizar dados socioecon\u00f4micos, alterar a modalidade de concorr\u00eancia e escolher at\u00e9 duas op\u00e7\u00f5es de curso, independentemente das escolhas feitas na etapa regular. Algumas institui\u00e7\u00f5es poder\u00e3o ainda estabelecer notas m\u00ednimas em \u00e1reas espec\u00edficas do exame.<\/p>\n\n\n\n<p>Segundo o MEC, o Sisu+ n\u00e3o configura um novo processo seletivo, mas sim uma etapa adicional voltada ao preenchimento de vagas remanescentes e \u00e0 amplia\u00e7\u00e3o do acesso ao ensino superior p\u00fablico. O cronograma para inscri\u00e7\u00e3o dos candidatos e divulga\u00e7\u00e3o dos resultados ser\u00e1 detalhado posteriormente.<\/p>\n\n\n\n<h2 class=\"wp-block-heading\"><strong>Ades\u00e3o das institui\u00e7\u00f5es<\/strong><\/h2>\n\n\n\n<p>Neste primeiro momento, o processo est\u00e1 aberto apenas para ades\u00e3o das institui\u00e7\u00f5es p\u00fablicas de ensino. O prazo para participa\u00e7\u00e3o vai de 4 a 29 de maio, por meio do sistema do MEC.<\/p>\n\n\n\n<p>Podem aderir universidades e institutos que j\u00e1 participaram da edi\u00e7\u00e3o regular do Sisu 2026 e que possuam vagas oficialmente n\u00e3o preenchidas, seja por desist\u00eancia ou aus\u00eancia de matr\u00edcula.<\/p>\n\n\n\n<p>At\u00e9 o momento, o Minist\u00e9rio da Educa\u00e7\u00e3o ainda n\u00e3o divulgou a data de abertura das inscri\u00e7\u00f5es para os estudantes.<\/p>\n\n\n\n<p><strong>Fonte: Meio News<\/strong><\/p>\n","protected":false},"excerpt":{"rendered":"<p>O Minist\u00e9rio da Educa\u00e7\u00e3o publicou, na quarta-feira (29), o edital que institui uma etapa complementar do\u00a0Sistema de Sele\u00e7\u00e3o Unificada (Sisu)\u00a0para 2026.\u00a0Batizada de Sisu+, a nova fase tem como objetivo preencher vagas que permanecem ociosas ap\u00f3s o encerramento da lista de espera e dos processos seletivos pr\u00f3prios das institui\u00e7\u00f5es. De acordo com a pasta, a iniciativa [&hellip;]<\/p>\n","protected":false},"author":2,"featured_media":288250,"comment_status":"closed","ping_status":"closed","sticky":false,"template":"","format":"standard","meta":{"_mi_skip_tracking":false,"footnotes":""},"categories":[25,1,16],"tags":[192],"class_list":["post-288249","post","type-post","status-publish","format-standard","has-post-thumbnail","hentry","category-destaques-site","category-geral","category-todas","tag-destaqueprincipal"],"acf":[],"yoast_head":"<!-- This site is optimized with the Yoast SEO Premium plugin v19.2 (Yoast SEO v26.9) - https:\/\/yoast.com\/product\/yoast-seo-premium-wordpress\/ -->\n<title>MEC cria Sisu+ para preencher vagas remanescentes no ensino superior - Portal Not\u00edcia em Pauta<\/title>\n<meta name=\"robots\" content=\"index, follow, max-snippet:-1, max-image-preview:large, max-video-preview:-1\" \/>\n<link rel=\"canonical\" href=\"https:\/\/noticiaempauta.com\/portal\/mec-cria-sisu-para-preencher-vagas-remanescentes-no-ensino-superior\/\" \/>\n<meta property=\"og:locale\" content=\"pt_BR\" \/>\n<meta property=\"og:type\" content=\"article\" \/>\n<meta property=\"og:title\" content=\"MEC cria Sisu+ para preencher vagas remanescentes no ensino superior\" \/>\n<meta property=\"og:description\" content=\"O Minist\u00e9rio da Educa\u00e7\u00e3o publicou, na quarta-feira (29), o edital que institui uma etapa complementar do\u00a0Sistema de Sele\u00e7\u00e3o Unificada (Sisu)\u00a0para 2026.\u00a0Batizada de Sisu+, a nova fase tem como objetivo preencher vagas que permanecem ociosas ap\u00f3s o encerramento da lista de espera e dos processos seletivos pr\u00f3prios das institui\u00e7\u00f5es. De acordo com a pasta, a iniciativa [&hellip;]\" \/>\n<meta property=\"og:url\" content=\"https:\/\/noticiaempauta.com\/portal\/mec-cria-sisu-para-preencher-vagas-remanescentes-no-ensino-superior\/\" \/>\n<meta property=\"og:site_name\" content=\"Portal Not\u00edcia em Pauta\" \/>\n<meta property=\"article:publisher\" content=\"https:\/\/www.facebook.com\/Portal-Notcia-Em-Pauta-102292869264820\/\" \/>\n<meta property=\"article:published_time\" content=\"2026-04-30T12:26:47+00:00\" \/>\n<meta property=\"article:modified_time\" content=\"2026-04-30T12:26:48+00:00\" \/>\n<meta property=\"og:image\" content=\"https:\/\/noticiaempauta.com\/portal\/wp-content\/uploads\/2026\/04\/sisu-acesso-e-feito-com-o-login-da-plataforma-gov-br-68f8bcd8ea7c58c2.webp\" \/>\n\t<meta property=\"og:image:width\" content=\"785\" \/>\n\t<meta property=\"og:image:height\" content=\"435\" \/>\n\t<meta property=\"og:image:type\" content=\"image\/webp\" \/>\n<meta name=\"author\" content=\"Reda\u00e7\u00e3o\" \/>\n<meta name=\"twitter:card\" content=\"summary_large_image\" \/>\n<meta name=\"twitter:label1\" content=\"Escrito por\" \/>\n\t<meta name=\"twitter:data1\" content=\"Reda\u00e7\u00e3o\" \/>\n\t<meta name=\"twitter:label2\" content=\"Est. tempo de leitura\" \/>\n\t<meta name=\"twitter:data2\" content=\"3 minutos\" \/>\n<script type=\"application\/ld+json\" class=\"yoast-schema-graph\">{\"@context\":\"https:\/\/schema.org\",\"@graph\":[{\"@type\":\"Article\",\"@id\":\"https:\/\/noticiaempauta.com\/portal\/mec-cria-sisu-para-preencher-vagas-remanescentes-no-ensino-superior\/#article\",\"isPartOf\":{\"@id\":\"https:\/\/noticiaempauta.com\/portal\/mec-cria-sisu-para-preencher-vagas-remanescentes-no-ensino-superior\/\"},\"author\":{\"name\":\"Reda\u00e7\u00e3o\",\"@id\":\"https:\/\/noticiaempauta.com\/portal\/#\/schema\/person\/a74af43dd1ab3deca45f988c717d57ac\"},\"headline\":\"MEC cria Sisu+ para preencher vagas remanescentes no ensino superior\",\"datePublished\":\"2026-04-30T12:26:47+00:00\",\"dateModified\":\"2026-04-30T12:26:48+00:00\",\"mainEntityOfPage\":{\"@id\":\"https:\/\/noticiaempauta.com\/portal\/mec-cria-sisu-para-preencher-vagas-remanescentes-no-ensino-superior\/\"},\"wordCount\":364,\"publisher\":{\"@id\":\"https:\/\/noticiaempauta.com\/portal\/#organization\"},\"image\":{\"@id\":\"https:\/\/noticiaempauta.com\/portal\/mec-cria-sisu-para-preencher-vagas-remanescentes-no-ensino-superior\/#primaryimage\"},\"thumbnailUrl\":\"https:\/\/noticiaempauta.com\/portal\/wp-content\/uploads\/2026\/04\/sisu-acesso-e-feito-com-o-login-da-plataforma-gov-br-68f8bcd8ea7c58c2.webp\",\"keywords\":[\"destaqueprincipal\"],\"articleSection\":[\"Destaques\",\"Geral\",\"Todas as Not\u00edcias\"],\"inLanguage\":\"pt-BR\"},{\"@type\":\"WebPage\",\"@id\":\"https:\/\/noticiaempauta.com\/portal\/mec-cria-sisu-para-preencher-vagas-remanescentes-no-ensino-superior\/\",\"url\":\"https:\/\/noticiaempauta.com\/portal\/mec-cria-sisu-para-preencher-vagas-remanescentes-no-ensino-superior\/\",\"name\":\"MEC cria Sisu+ para preencher vagas remanescentes no ensino superior - Portal Not\u00edcia em Pauta\",\"isPartOf\":{\"@id\":\"https:\/\/noticiaempauta.com\/portal\/#website\"},\"primaryImageOfPage\":{\"@id\":\"https:\/\/noticiaempauta.com\/portal\/mec-cria-sisu-para-preencher-vagas-remanescentes-no-ensino-superior\/#primaryimage\"},\"image\":{\"@id\":\"https:\/\/noticiaempauta.com\/portal\/mec-cria-sisu-para-preencher-vagas-remanescentes-no-ensino-superior\/#primaryimage\"},\"thumbnailUrl\":\"https:\/\/noticiaempauta.com\/portal\/wp-content\/uploads\/2026\/04\/sisu-acesso-e-feito-com-o-login-da-plataforma-gov-br-68f8bcd8ea7c58c2.webp\",\"datePublished\":\"2026-04-30T12:26:47+00:00\",\"dateModified\":\"2026-04-30T12:26:48+00:00\",\"breadcrumb\":{\"@id\":\"https:\/\/noticiaempauta.com\/portal\/mec-cria-sisu-para-preencher-vagas-remanescentes-no-ensino-superior\/#breadcrumb\"},\"inLanguage\":\"pt-BR\",\"potentialAction\":[{\"@type\":\"ReadAction\",\"target\":[\"https:\/\/noticiaempauta.com\/portal\/mec-cria-sisu-para-preencher-vagas-remanescentes-no-ensino-superior\/\"]}]},{\"@type\":\"ImageObject\",\"inLanguage\":\"pt-BR\",\"@id\":\"https:\/\/noticiaempauta.com\/portal\/mec-cria-sisu-para-preencher-vagas-remanescentes-no-ensino-superior\/#primaryimage\",\"url\":\"https:\/\/noticiaempauta.com\/portal\/wp-content\/uploads\/2026\/04\/sisu-acesso-e-feito-com-o-login-da-plataforma-gov-br-68f8bcd8ea7c58c2.webp\",\"contentUrl\":\"https:\/\/noticiaempauta.com\/portal\/wp-content\/uploads\/2026\/04\/sisu-acesso-e-feito-com-o-login-da-plataforma-gov-br-68f8bcd8ea7c58c2.webp\",\"width\":785,\"height\":435},{\"@type\":\"BreadcrumbList\",\"@id\":\"https:\/\/noticiaempauta.com\/portal\/mec-cria-sisu-para-preencher-vagas-remanescentes-no-ensino-superior\/#breadcrumb\",\"itemListElement\":[{\"@type\":\"ListItem\",\"position\":1,\"name\":\"P\u00e1gina Inicial\",\"item\":\"https:\/\/noticiaempauta.com\/portal\/\"},{\"@type\":\"ListItem\",\"position\":2,\"name\":\"Destaques\",\"item\":\"https:\/\/noticiaempauta.com\/portal\/destaques-site\/\"},{\"@type\":\"ListItem\",\"position\":3,\"name\":\"MEC cria Sisu+ para preencher vagas remanescentes no ensino superior\"}]},{\"@type\":\"WebSite\",\"@id\":\"https:\/\/noticiaempauta.com\/portal\/#website\",\"url\":\"https:\/\/noticiaempauta.com\/portal\/\",\"name\":\"Portal Not\u00edcia em Pauta\",\"description\":\"Voc\u00ea bem informado\",\"publisher\":{\"@id\":\"https:\/\/noticiaempauta.com\/portal\/#organization\"},\"potentialAction\":[{\"@type\":\"SearchAction\",\"target\":{\"@type\":\"EntryPoint\",\"urlTemplate\":\"https:\/\/noticiaempauta.com\/portal\/?s={search_term_string}\"},\"query-input\":{\"@type\":\"PropertyValueSpecification\",\"valueRequired\":true,\"valueName\":\"search_term_string\"}}],\"inLanguage\":\"pt-BR\"},{\"@type\":\"Organization\",\"@id\":\"https:\/\/noticiaempauta.com\/portal\/#organization\",\"name\":\"Portal Not\u00edcia em Pauta\",\"url\":\"https:\/\/noticiaempauta.com\/portal\/\",\"logo\":{\"@type\":\"ImageObject\",\"inLanguage\":\"pt-BR\",\"@id\":\"https:\/\/noticiaempauta.com\/portal\/#\/schema\/logo\/image\/\",\"url\":\"https:\/\/noticiaempauta.com\/portal\/wp-content\/uploads\/2022\/08\/logomarca_tema.fw_.png\",\"contentUrl\":\"https:\/\/noticiaempauta.com\/portal\/wp-content\/uploads\/2022\/08\/logomarca_tema.fw_.png\",\"width\":400,\"height\":232,\"caption\":\"Portal Not\u00edcia em Pauta\"},\"image\":{\"@id\":\"https:\/\/noticiaempauta.com\/portal\/#\/schema\/logo\/image\/\"},\"sameAs\":[\"https:\/\/www.facebook.com\/Portal-Notcia-Em-Pauta-102292869264820\/\",\"https:\/\/www.instagram.com\/portalnoticiaempauta\/\"]},{\"@type\":\"Person\",\"@id\":\"https:\/\/noticiaempauta.com\/portal\/#\/schema\/person\/a74af43dd1ab3deca45f988c717d57ac\",\"name\":\"Reda\u00e7\u00e3o\",\"image\":{\"@type\":\"ImageObject\",\"inLanguage\":\"pt-BR\",\"@id\":\"https:\/\/noticiaempauta.com\/portal\/#\/schema\/person\/image\/\",\"url\":\"https:\/\/secure.gravatar.com\/avatar\/03179346ecce6cdfc13361603e8f54242a90e5cde8618fa23c5c00aa2b0aadf3?s=96&d=mm&r=g\",\"contentUrl\":\"https:\/\/secure.gravatar.com\/avatar\/03179346ecce6cdfc13361603e8f54242a90e5cde8618fa23c5c00aa2b0aadf3?s=96&d=mm&r=g\",\"caption\":\"Reda\u00e7\u00e3o\"},\"sameAs\":[\"https:\/\/noticiaempauta.com\/portal\/\"],\"url\":\"https:\/\/noticiaempauta.com\/portal\/author\/fernando\/\"}]}<\/script>\n<!-- \/ Yoast SEO Premium plugin. -->","yoast_head_json":{"title":"MEC cria Sisu+ para preencher vagas remanescentes no ensino superior - Portal Not\u00edcia em Pauta","robots":{"index":"index","follow":"follow","max-snippet":"max-snippet:-1","max-image-preview":"max-image-preview:large","max-video-preview":"max-video-preview:-1"},"canonical":"https:\/\/noticiaempauta.com\/portal\/mec-cria-sisu-para-preencher-vagas-remanescentes-no-ensino-superior\/","og_locale":"pt_BR","og_type":"article","og_title":"MEC cria Sisu+ para preencher vagas remanescentes no ensino superior","og_description":"O Minist\u00e9rio da Educa\u00e7\u00e3o publicou, na quarta-feira (29), o edital que institui uma etapa complementar do\u00a0Sistema de Sele\u00e7\u00e3o Unificada (Sisu)\u00a0para 2026.\u00a0Batizada de Sisu+, a nova fase tem como objetivo preencher vagas que permanecem ociosas ap\u00f3s o encerramento da lista de espera e dos processos seletivos pr\u00f3prios das institui\u00e7\u00f5es. De acordo com a pasta, a iniciativa [&hellip;]","og_url":"https:\/\/noticiaempauta.com\/portal\/mec-cria-sisu-para-preencher-vagas-remanescentes-no-ensino-superior\/","og_site_name":"Portal Not\u00edcia em Pauta","article_publisher":"https:\/\/www.facebook.com\/Portal-Notcia-Em-Pauta-102292869264820\/","article_published_time":"2026-04-30T12:26:47+00:00","article_modified_time":"2026-04-30T12:26:48+00:00","og_image":[{"width":785,"height":435,"url":"https:\/\/noticiaempauta.com\/portal\/wp-content\/uploads\/2026\/04\/sisu-acesso-e-feito-com-o-login-da-plataforma-gov-br-68f8bcd8ea7c58c2.webp","type":"image\/webp"}],"author":"Reda\u00e7\u00e3o","twitter_card":"summary_large_image","twitter_misc":{"Escrito por":"Reda\u00e7\u00e3o","Est. tempo de leitura":"3 minutos"},"schema":{"@context":"https:\/\/schema.org","@graph":[{"@type":"Article","@id":"https:\/\/noticiaempauta.com\/portal\/mec-cria-sisu-para-preencher-vagas-remanescentes-no-ensino-superior\/#article","isPartOf":{"@id":"https:\/\/noticiaempauta.com\/portal\/mec-cria-sisu-para-preencher-vagas-remanescentes-no-ensino-superior\/"},"author":{"name":"Reda\u00e7\u00e3o","@id":"https:\/\/noticiaempauta.com\/portal\/#\/schema\/person\/a74af43dd1ab3deca45f988c717d57ac"},"headline":"MEC cria Sisu+ para preencher vagas remanescentes no ensino superior","datePublished":"2026-04-30T12:26:47+00:00","dateModified":"2026-04-30T12:26:48+00:00","mainEntityOfPage":{"@id":"https:\/\/noticiaempauta.com\/portal\/mec-cria-sisu-para-preencher-vagas-remanescentes-no-ensino-superior\/"},"wordCount":364,"publisher":{"@id":"https:\/\/noticiaempauta.com\/portal\/#organization"},"image":{"@id":"https:\/\/noticiaempauta.com\/portal\/mec-cria-sisu-para-preencher-vagas-remanescentes-no-ensino-superior\/#primaryimage"},"thumbnailUrl":"https:\/\/noticiaempauta.com\/portal\/wp-content\/uploads\/2026\/04\/sisu-acesso-e-feito-com-o-login-da-plataforma-gov-br-68f8bcd8ea7c58c2.webp","keywords":["destaqueprincipal"],"articleSection":["Destaques","Geral","Todas as Not\u00edcias"],"inLanguage":"pt-BR"},{"@type":"WebPage","@id":"https:\/\/noticiaempauta.com\/portal\/mec-cria-sisu-para-preencher-vagas-remanescentes-no-ensino-superior\/","url":"https:\/\/noticiaempauta.com\/portal\/mec-cria-sisu-para-preencher-vagas-remanescentes-no-ensino-superior\/","name":"MEC cria Sisu+ para preencher vagas remanescentes no ensino superior - Portal Not\u00edcia em Pauta","isPartOf":{"@id":"https:\/\/noticiaempauta.com\/portal\/#website"},"primaryImageOfPage":{"@id":"https:\/\/noticiaempauta.com\/portal\/mec-cria-sisu-para-preencher-vagas-remanescentes-no-ensino-superior\/#primaryimage"},"image":{"@id":"https:\/\/noticiaempauta.com\/portal\/mec-cria-sisu-para-preencher-vagas-remanescentes-no-ensino-superior\/#primaryimage"},"thumbnailUrl":"https:\/\/noticiaempauta.com\/portal\/wp-content\/uploads\/2026\/04\/sisu-acesso-e-feito-com-o-login-da-plataforma-gov-br-68f8bcd8ea7c58c2.webp","datePublished":"2026-04-30T12:26:47+00:00","dateModified":"2026-04-30T12:26:48+00:00","breadcrumb":{"@id":"https:\/\/noticiaempauta.com\/portal\/mec-cria-sisu-para-preencher-vagas-remanescentes-no-ensino-superior\/#breadcrumb"},"inLanguage":"pt-BR","potentialAction":[{"@type":"ReadAction","target":["https:\/\/noticiaempauta.com\/portal\/mec-cria-sisu-para-preencher-vagas-remanescentes-no-ensino-superior\/"]}]},{"@type":"ImageObject","inLanguage":"pt-BR","@id":"https:\/\/noticiaempauta.com\/portal\/mec-cria-sisu-para-preencher-vagas-remanescentes-no-ensino-superior\/#primaryimage","url":"https:\/\/noticiaempauta.com\/portal\/wp-content\/uploads\/2026\/04\/sisu-acesso-e-feito-com-o-login-da-plataforma-gov-br-68f8bcd8ea7c58c2.webp","contentUrl":"https:\/\/noticiaempauta.com\/portal\/wp-content\/uploads\/2026\/04\/sisu-acesso-e-feito-com-o-login-da-plataforma-gov-br-68f8bcd8ea7c58c2.webp","width":785,"height":435},{"@type":"BreadcrumbList","@id":"https:\/\/noticiaempauta.com\/portal\/mec-cria-sisu-para-preencher-vagas-remanescentes-no-ensino-superior\/#breadcrumb","itemListElement":[{"@type":"ListItem","position":1,"name":"P\u00e1gina Inicial","item":"https:\/\/noticiaempauta.com\/portal\/"},{"@type":"ListItem","position":2,"name":"Destaques","item":"https:\/\/noticiaempauta.com\/portal\/destaques-site\/"},{"@type":"ListItem","position":3,"name":"MEC cria Sisu+ para preencher vagas remanescentes no ensino superior"}]},{"@type":"WebSite","@id":"https:\/\/noticiaempauta.com\/portal\/#website","url":"https:\/\/noticiaempauta.com\/portal\/","name":"Portal Not\u00edcia em Pauta","description":"Voc\u00ea bem informado","publisher":{"@id":"https:\/\/noticiaempauta.com\/portal\/#organization"},"potentialAction":[{"@type":"SearchAction","target":{"@type":"EntryPoint","urlTemplate":"https:\/\/noticiaempauta.com\/portal\/?s={search_term_string}"},"query-input":{"@type":"PropertyValueSpecification","valueRequired":true,"valueName":"search_term_string"}}],"inLanguage":"pt-BR"},{"@type":"Organization","@id":"https:\/\/noticiaempauta.com\/portal\/#organization","name":"Portal Not\u00edcia em Pauta","url":"https:\/\/noticiaempauta.com\/portal\/","logo":{"@type":"ImageObject","inLanguage":"pt-BR","@id":"https:\/\/noticiaempauta.com\/portal\/#\/schema\/logo\/image\/","url":"https:\/\/noticiaempauta.com\/portal\/wp-content\/uploads\/2022\/08\/logomarca_tema.fw_.png","contentUrl":"https:\/\/noticiaempauta.com\/portal\/wp-content\/uploads\/2022\/08\/logomarca_tema.fw_.png","width":400,"height":232,"caption":"Portal Not\u00edcia em Pauta"},"image":{"@id":"https:\/\/noticiaempauta.com\/portal\/#\/schema\/logo\/image\/"},"sameAs":["https:\/\/www.facebook.com\/Portal-Notcia-Em-Pauta-102292869264820\/","https:\/\/www.instagram.com\/portalnoticiaempauta\/"]},{"@type":"Person","@id":"https:\/\/noticiaempauta.com\/portal\/#\/schema\/person\/a74af43dd1ab3deca45f988c717d57ac","name":"Reda\u00e7\u00e3o","image":{"@type":"ImageObject","inLanguage":"pt-BR","@id":"https:\/\/noticiaempauta.com\/portal\/#\/schema\/person\/image\/","url":"https:\/\/secure.gravatar.com\/avatar\/03179346ecce6cdfc13361603e8f54242a90e5cde8618fa23c5c00aa2b0aadf3?s=96&d=mm&r=g","contentUrl":"https:\/\/secure.gravatar.com\/avatar\/03179346ecce6cdfc13361603e8f54242a90e5cde8618fa23c5c00aa2b0aadf3?s=96&d=mm&r=g","caption":"Reda\u00e7\u00e3o"},"sameAs":["https:\/\/noticiaempauta.com\/portal\/"],"url":"https:\/\/noticiaempauta.com\/portal\/author\/fernando\/"}]}},"_links":{"self":[{"href":"https:\/\/noticiaempauta.com\/portal\/wp-json\/wp\/v2\/posts\/288249","targetHints":{"allow":["GET"]}}],"collection":[{"href":"https:\/\/noticiaempauta.com\/portal\/wp-json\/wp\/v2\/posts"}],"about":[{"href":"https:\/\/noticiaempauta.com\/portal\/wp-json\/wp\/v2\/types\/post"}],"author":[{"embeddable":true,"href":"https:\/\/noticiaempauta.com\/portal\/wp-json\/wp\/v2\/users\/2"}],"replies":[{"embeddable":true,"href":"https:\/\/noticiaempauta.com\/portal\/wp-json\/wp\/v2\/comments?post=288249"}],"version-history":[{"count":2,"href":"https:\/\/noticiaempauta.com\/portal\/wp-json\/wp\/v2\/posts\/288249\/revisions"}],"predecessor-version":[{"id":288252,"href":"https:\/\/noticiaempauta.com\/portal\/wp-json\/wp\/v2\/posts\/288249\/revisions\/288252"}],"wp:featuredmedia":[{"embeddable":true,"href":"https:\/\/noticiaempauta.com\/portal\/wp-json\/wp\/v2\/media\/288250"}],"wp:attachment":[{"href":"https:\/\/noticiaempauta.com\/portal\/wp-json\/wp\/v2\/media?parent=288249"}],"wp:term":[{"taxonomy":"category","embeddable":true,"href":"https:\/\/noticiaempauta.com\/portal\/wp-json\/wp\/v2\/categories?post=288249"},{"taxonomy":"post_tag","embeddable":true,"href":"https:\/\/noticiaempauta.com\/portal\/wp-json\/wp\/v2\/tags?post=288249"}],"curies":[{"name":"wp","href":"https:\/\/api.w.org\/{rel}","templated":true}]}}