{"id":288283,"date":"2026-05-01T08:34:00","date_gmt":"2026-05-01T11:34:00","guid":{"rendered":"https:\/\/noticiaempauta.com\/portal\/?p=288283"},"modified":"2026-05-01T08:34:01","modified_gmt":"2026-05-01T11:34:01","slug":"congresso-derruba-veto-ao-pl-da-dosimetria-e-impoe-nova-derrota-a-lula","status":"publish","type":"post","link":"https:\/\/noticiaempauta.com\/portal\/congresso-derruba-veto-ao-pl-da-dosimetria-e-impoe-nova-derrota-a-lula\/","title":{"rendered":"Congresso derruba veto ao PL da Dosimetria e imp\u00f5e nova derrota a Lula"},"content":{"rendered":"\n<p>Em sess\u00e3o conjunta nesta quinta-feira (30), o Congresso Nacional&nbsp;derrubou o veto do presidente Luiz In\u00e1cio Lula da Silva (PT)&nbsp;ao&nbsp;projeto de lei (PL) da Dosimetria, que&nbsp;reduz penas de condenados pelos atos golpistas, incluindo a do ex-presidente Jair Bolsonaro (PL).<\/p>\n\n\n\n<p>A sess\u00e3o foi realizada em duas etapas, primeiro com os votos da C\u00e2mara e depois com os do Senado. Foram&nbsp;318 deputados a favor da derrubada do veto&nbsp;e 144 a favor da manuten\u00e7\u00e3o, al\u00e9m de 5 absten\u00e7\u00f5es. Entre senadores,&nbsp;o placar foi de 49 a 24.&nbsp;A vota\u00e7\u00e3o cumpriu a exig\u00eancia de maioria absoluta na C\u00e2mara (257) e no Senado (41).&nbsp;<\/p>\n\n\n\n<figure class=\"wp-block-image size-full\"><img fetchpriority=\"high\" decoding=\"async\" width=\"640\" height=\"440\" src=\"https:\/\/noticiaempauta.com\/portal\/wp-content\/uploads\/2026\/05\/P40G-IMG-fd09c92546b0bae525.webp\" alt=\"\" class=\"wp-image-288284\" srcset=\"https:\/\/noticiaempauta.com\/portal\/wp-content\/uploads\/2026\/05\/P40G-IMG-fd09c92546b0bae525.webp 640w, https:\/\/noticiaempauta.com\/portal\/wp-content\/uploads\/2026\/05\/P40G-IMG-fd09c92546b0bae525-300x206.webp 300w\" sizes=\"(max-width: 640px) 100vw, 640px\" \/><figcaption class=\"wp-element-caption\">(Foto: Reprodu\u00e7\u00e3o)<\/figcaption><\/figure>\n\n\n\n<p>O resultado foi muito comemorado pela oposi\u00e7\u00e3o, capitaneada pelo senador Fl\u00e1vio Bolsonaro (PL-RJ), que explodiu no plen\u00e1rio da C\u00e2mara aos cantos de &#8220;ol\u00ea ol\u00ea, vamos para a rua derrubar o PT&#8221;.&nbsp;<\/p>\n\n\n\n<p>\u00c9 a segunda derrota mai\u00fascula do governo em menos de 24h. Na noite de quarta (29), o indicado de Lula para o Supremo Tribunal Federal (STF), Jorge Messias,&nbsp;tornou-se o primeiro a ser rejeitado pelo Senado em mais de um s\u00e9culo.&nbsp;<\/p>\n\n\n\n<p>Tratado como uma esp\u00e9cie de alternativa ao projeto de anistia, o PL da Dosimetria altera regras do C\u00f3digo Penal e da Lei de Execu\u00e7\u00e3o Penal para reduzir penas de acordo com o tipo de condena\u00e7\u00e3o. O texto&nbsp;foi aprovado no Senado em dezembro do ano passado, mas foi vetado por Lula em uma data simb\u00f3lico no in\u00edcio deste ano: 8 de janeiro, no terceiro anivers\u00e1rio da depreda\u00e7\u00e3o \u00e0 sede dos Tr\u00eas Poderes.&nbsp;<\/p>\n\n\n\n<p>Com a derrubada, o projeto agora vira lei.&nbsp;O governo ainda tem uma sa\u00edda: judicializar a quest\u00e3o e recorrer ao Supremo Tribunal Federal (STF), que pode declarar a inconstitucionalidade de trechos ou da \u00edntegra da lei.&nbsp;<\/p>\n\n\n\n<p><strong>Fatiamento&nbsp;<\/strong><\/p>\n\n\n\n<p>Em acordo pr\u00e9vio \u00e0 vota\u00e7\u00e3o, o presidente do Congresso, Davi Alcolumbre (Uni\u00e3o-AP), fatiou o PL para evitar que o projeto estendesse o benef\u00edcio de progress\u00e3o de pena a criminosos comuns. Com isso, o texto reduzir\u00e1 as penas apenas aos condenados pelos atos do 8 de janeiro.<\/p>\n\n\n\n<p>Caso o projeto fosse promulgado na \u00edntegra, alguns trechos iriam se sobrepor \u00e0 Lei Antifac\u00e7\u00e3o, sancionada por Lula em mar\u00e7o.<\/p>\n\n\n\n<p>&#8220;Esta presid\u00eancia declara a prejudicialidade dos vetos aos incisos 4 a 10 do artigo 112 da lei de execu\u00e7\u00e3o penal, alterados pelo artigo 1 do PL da Dosimetria. Ficam assim exclu\u00eddos da vota\u00e7\u00e3o do veto os referidos dispositivos. Por fim, esclare\u00e7o ao plen\u00e1rio que essa mat\u00e9ria \u00e9 um veto total. E, por esta raz\u00e3o, teremos apenas uma vota\u00e7\u00e3o, com apura\u00e7\u00e3o no painel. Caso veto seja rejeitado, ser\u00e1 promulgada a integralidade do projeto, com exce\u00e7\u00e3o dos dispositivos declarados prejudicados pela decis\u00e3o desta presid\u00eancia&#8221;, anunciou Alcolumbre antes da an\u00e1lise do veto.<\/p>\n\n\n\n<p><strong>Fica estipulado pelo texto:<\/strong><\/p>\n\n\n\n<p>&#8211; Impedir a soma de penas: quando os crimes de golpe de Estado e aboli\u00e7\u00e3o violenta do Estado Democr\u00e1tico de Direito ocorrerem no mesmo contexto, aplica-se apenas a pena mais grave, o que reduz significativamente o tempo total de pris\u00e3o;<\/p>\n\n\n\n<p>&#8211; Menos pena para quem estava na multid\u00e3o: se algu\u00e9m cometer crimes contra a democracia em um &#8220;contexto de multid\u00e3o&#8221;, a pena ser\u00e1 reduzida de um ter\u00e7o a dois ter\u00e7os. A medida se aplica s\u00f3 para aqueles que n\u00e3o tiveram papel de lideran\u00e7a e n\u00e3o participaram do financiamento dos atos;<\/p>\n\n\n\n<p>&#8211; Flexibilizar a progress\u00e3o de regime: reduz o percentual necess\u00e1rio para progredir de um regime mais severo para um mais brando. Para condenados prim\u00e1rios nos crimes contra o Estado democr\u00e1tico de direito, independentemente de o r\u00e9u ser reincidente ou usar viol\u00eancia, ou grave amea\u00e7a, o \u00edndice cairia para 16% do cumprimento da pena.<\/p>\n\n\n\n<p>O projeto vale para processos j\u00e1 julgados ou pendentes. \u00c9 o caso do ex-presidente Jair Bolsonaro (PL), condenado a 27 anos e tr\u00eas meses de pris\u00e3o por organiza\u00e7\u00e3o criminosa, tentativa de aboli\u00e7\u00e3o violenta do Estado Democr\u00e1tico de Direito, tentativa de golpe de Estado, dano qualificado e deteriora\u00e7\u00e3o de patrim\u00f4nio tombado. Com a dosimetria, a pena em regime fechado do ex-mandat\u00e1rio, atualmente em pris\u00e3o domiciliar, cai para cerca de 3 anos.<\/p>\n\n\n\n<p>Ao vetar integralmente o texto, em janeiro, Lula argumentou que &#8220;a redu\u00e7\u00e3o da resposta penal a crimes contra o Estado Democr\u00e1tico de Direito daria o cond\u00e3o de aumentar a incid\u00eancia de crimes contra a ordem democr\u00e1tica e indicaria retrocesso no processo hist\u00f3rico de redemocratiza\u00e7\u00e3o que originou a Nova Rep\u00fablica, violando o fundamento disposto no art. 1\u00ba da Constitui\u00e7\u00e3o&#8221;.<\/p>\n\n\n\n<p>Ainda segundo a decis\u00e3o presidencial, o PL poderia comprometer o ordenamento jur\u00eddico e o sistema de garantias fundamentais, contrariando princ\u00edpios como proporcionalidade, isonomia e impessoalidade.<\/p>\n\n\n\n<p><strong>SBT News<\/strong><\/p>\n","protected":false},"excerpt":{"rendered":"<p>Em sess\u00e3o conjunta nesta quinta-feira (30), o Congresso Nacional&nbsp;derrubou o veto do presidente Luiz In\u00e1cio Lula da Silva (PT)&nbsp;ao&nbsp;projeto de lei (PL) da Dosimetria, que&nbsp;reduz penas de condenados pelos atos golpistas, incluindo a do ex-presidente Jair Bolsonaro (PL). A sess\u00e3o foi realizada em duas etapas, primeiro com os votos da C\u00e2mara e depois com os [&hellip;]<\/p>\n","protected":false},"author":2,"featured_media":288284,"comment_status":"closed","ping_status":"closed","sticky":false,"template":"","format":"standard","meta":{"_mi_skip_tracking":false,"footnotes":""},"categories":[25,1,16],"tags":[192],"class_list":["post-288283","post","type-post","status-publish","format-standard","has-post-thumbnail","hentry","category-destaques-site","category-geral","category-todas","tag-destaqueprincipal"],"acf":[],"yoast_head":"<!-- This site is optimized with the Yoast SEO Premium plugin v19.2 (Yoast SEO v26.9) - https:\/\/yoast.com\/product\/yoast-seo-premium-wordpress\/ -->\n<title>Congresso derruba veto ao PL da Dosimetria e imp\u00f5e nova derrota a Lula - Portal Not\u00edcia em Pauta<\/title>\n<meta name=\"robots\" content=\"index, follow, max-snippet:-1, max-image-preview:large, max-video-preview:-1\" \/>\n<link rel=\"canonical\" href=\"https:\/\/noticiaempauta.com\/portal\/congresso-derruba-veto-ao-pl-da-dosimetria-e-impoe-nova-derrota-a-lula\/\" \/>\n<meta property=\"og:locale\" content=\"pt_BR\" \/>\n<meta property=\"og:type\" content=\"article\" \/>\n<meta property=\"og:title\" content=\"Congresso derruba veto ao PL da Dosimetria e imp\u00f5e nova derrota a Lula\" \/>\n<meta property=\"og:description\" content=\"Em sess\u00e3o conjunta nesta quinta-feira (30), o Congresso Nacional&nbsp;derrubou o veto do presidente Luiz In\u00e1cio Lula da Silva (PT)&nbsp;ao&nbsp;projeto de lei (PL) da Dosimetria, que&nbsp;reduz penas de condenados pelos atos golpistas, incluindo a do ex-presidente Jair Bolsonaro (PL). A sess\u00e3o foi realizada em duas etapas, primeiro com os votos da C\u00e2mara e depois com os [&hellip;]\" \/>\n<meta property=\"og:url\" content=\"https:\/\/noticiaempauta.com\/portal\/congresso-derruba-veto-ao-pl-da-dosimetria-e-impoe-nova-derrota-a-lula\/\" \/>\n<meta property=\"og:site_name\" content=\"Portal Not\u00edcia em Pauta\" \/>\n<meta property=\"article:publisher\" content=\"https:\/\/www.facebook.com\/Portal-Notcia-Em-Pauta-102292869264820\/\" \/>\n<meta property=\"article:published_time\" content=\"2026-05-01T11:34:00+00:00\" \/>\n<meta property=\"article:modified_time\" content=\"2026-05-01T11:34:01+00:00\" \/>\n<meta property=\"og:image\" content=\"https:\/\/noticiaempauta.com\/portal\/wp-content\/uploads\/2026\/05\/P40G-IMG-fd09c92546b0bae525.webp\" \/>\n\t<meta property=\"og:image:width\" content=\"640\" \/>\n\t<meta property=\"og:image:height\" content=\"440\" \/>\n\t<meta property=\"og:image:type\" content=\"image\/webp\" \/>\n<meta name=\"author\" content=\"Reda\u00e7\u00e3o\" \/>\n<meta name=\"twitter:card\" content=\"summary_large_image\" \/>\n<meta name=\"twitter:label1\" content=\"Escrito por\" \/>\n\t<meta name=\"twitter:data1\" content=\"Reda\u00e7\u00e3o\" \/>\n\t<meta name=\"twitter:label2\" content=\"Est. tempo de leitura\" \/>\n\t<meta name=\"twitter:data2\" content=\"5 minutos\" \/>\n<script type=\"application\/ld+json\" class=\"yoast-schema-graph\">{\"@context\":\"https:\/\/schema.org\",\"@graph\":[{\"@type\":\"Article\",\"@id\":\"https:\/\/noticiaempauta.com\/portal\/congresso-derruba-veto-ao-pl-da-dosimetria-e-impoe-nova-derrota-a-lula\/#article\",\"isPartOf\":{\"@id\":\"https:\/\/noticiaempauta.com\/portal\/congresso-derruba-veto-ao-pl-da-dosimetria-e-impoe-nova-derrota-a-lula\/\"},\"author\":{\"name\":\"Reda\u00e7\u00e3o\",\"@id\":\"https:\/\/noticiaempauta.com\/portal\/#\/schema\/person\/a74af43dd1ab3deca45f988c717d57ac\"},\"headline\":\"Congresso derruba veto ao PL da Dosimetria e imp\u00f5e nova derrota a Lula\",\"datePublished\":\"2026-05-01T11:34:00+00:00\",\"dateModified\":\"2026-05-01T11:34:01+00:00\",\"mainEntityOfPage\":{\"@id\":\"https:\/\/noticiaempauta.com\/portal\/congresso-derruba-veto-ao-pl-da-dosimetria-e-impoe-nova-derrota-a-lula\/\"},\"wordCount\":838,\"publisher\":{\"@id\":\"https:\/\/noticiaempauta.com\/portal\/#organization\"},\"image\":{\"@id\":\"https:\/\/noticiaempauta.com\/portal\/congresso-derruba-veto-ao-pl-da-dosimetria-e-impoe-nova-derrota-a-lula\/#primaryimage\"},\"thumbnailUrl\":\"https:\/\/noticiaempauta.com\/portal\/wp-content\/uploads\/2026\/05\/P40G-IMG-fd09c92546b0bae525.webp\",\"keywords\":[\"destaqueprincipal\"],\"articleSection\":[\"Destaques\",\"Geral\",\"Todas as Not\u00edcias\"],\"inLanguage\":\"pt-BR\"},{\"@type\":\"WebPage\",\"@id\":\"https:\/\/noticiaempauta.com\/portal\/congresso-derruba-veto-ao-pl-da-dosimetria-e-impoe-nova-derrota-a-lula\/\",\"url\":\"https:\/\/noticiaempauta.com\/portal\/congresso-derruba-veto-ao-pl-da-dosimetria-e-impoe-nova-derrota-a-lula\/\",\"name\":\"Congresso derruba veto ao PL da Dosimetria e imp\u00f5e nova derrota a Lula - Portal Not\u00edcia em Pauta\",\"isPartOf\":{\"@id\":\"https:\/\/noticiaempauta.com\/portal\/#website\"},\"primaryImageOfPage\":{\"@id\":\"https:\/\/noticiaempauta.com\/portal\/congresso-derruba-veto-ao-pl-da-dosimetria-e-impoe-nova-derrota-a-lula\/#primaryimage\"},\"image\":{\"@id\":\"https:\/\/noticiaempauta.com\/portal\/congresso-derruba-veto-ao-pl-da-dosimetria-e-impoe-nova-derrota-a-lula\/#primaryimage\"},\"thumbnailUrl\":\"https:\/\/noticiaempauta.com\/portal\/wp-content\/uploads\/2026\/05\/P40G-IMG-fd09c92546b0bae525.webp\",\"datePublished\":\"2026-05-01T11:34:00+00:00\",\"dateModified\":\"2026-05-01T11:34:01+00:00\",\"breadcrumb\":{\"@id\":\"https:\/\/noticiaempauta.com\/portal\/congresso-derruba-veto-ao-pl-da-dosimetria-e-impoe-nova-derrota-a-lula\/#breadcrumb\"},\"inLanguage\":\"pt-BR\",\"potentialAction\":[{\"@type\":\"ReadAction\",\"target\":[\"https:\/\/noticiaempauta.com\/portal\/congresso-derruba-veto-ao-pl-da-dosimetria-e-impoe-nova-derrota-a-lula\/\"]}]},{\"@type\":\"ImageObject\",\"inLanguage\":\"pt-BR\",\"@id\":\"https:\/\/noticiaempauta.com\/portal\/congresso-derruba-veto-ao-pl-da-dosimetria-e-impoe-nova-derrota-a-lula\/#primaryimage\",\"url\":\"https:\/\/noticiaempauta.com\/portal\/wp-content\/uploads\/2026\/05\/P40G-IMG-fd09c92546b0bae525.webp\",\"contentUrl\":\"https:\/\/noticiaempauta.com\/portal\/wp-content\/uploads\/2026\/05\/P40G-IMG-fd09c92546b0bae525.webp\",\"width\":640,\"height\":440},{\"@type\":\"BreadcrumbList\",\"@id\":\"https:\/\/noticiaempauta.com\/portal\/congresso-derruba-veto-ao-pl-da-dosimetria-e-impoe-nova-derrota-a-lula\/#breadcrumb\",\"itemListElement\":[{\"@type\":\"ListItem\",\"position\":1,\"name\":\"P\u00e1gina Inicial\",\"item\":\"https:\/\/noticiaempauta.com\/portal\/\"},{\"@type\":\"ListItem\",\"position\":2,\"name\":\"Destaques\",\"item\":\"https:\/\/noticiaempauta.com\/portal\/destaques-site\/\"},{\"@type\":\"ListItem\",\"position\":3,\"name\":\"Congresso derruba veto ao PL da Dosimetria e imp\u00f5e nova derrota a Lula\"}]},{\"@type\":\"WebSite\",\"@id\":\"https:\/\/noticiaempauta.com\/portal\/#website\",\"url\":\"https:\/\/noticiaempauta.com\/portal\/\",\"name\":\"Portal Not\u00edcia em Pauta\",\"description\":\"Voc\u00ea bem informado\",\"publisher\":{\"@id\":\"https:\/\/noticiaempauta.com\/portal\/#organization\"},\"potentialAction\":[{\"@type\":\"SearchAction\",\"target\":{\"@type\":\"EntryPoint\",\"urlTemplate\":\"https:\/\/noticiaempauta.com\/portal\/?s={search_term_string}\"},\"query-input\":{\"@type\":\"PropertyValueSpecification\",\"valueRequired\":true,\"valueName\":\"search_term_string\"}}],\"inLanguage\":\"pt-BR\"},{\"@type\":\"Organization\",\"@id\":\"https:\/\/noticiaempauta.com\/portal\/#organization\",\"name\":\"Portal Not\u00edcia em Pauta\",\"url\":\"https:\/\/noticiaempauta.com\/portal\/\",\"logo\":{\"@type\":\"ImageObject\",\"inLanguage\":\"pt-BR\",\"@id\":\"https:\/\/noticiaempauta.com\/portal\/#\/schema\/logo\/image\/\",\"url\":\"https:\/\/noticiaempauta.com\/portal\/wp-content\/uploads\/2022\/08\/logomarca_tema.fw_.png\",\"contentUrl\":\"https:\/\/noticiaempauta.com\/portal\/wp-content\/uploads\/2022\/08\/logomarca_tema.fw_.png\",\"width\":400,\"height\":232,\"caption\":\"Portal Not\u00edcia em Pauta\"},\"image\":{\"@id\":\"https:\/\/noticiaempauta.com\/portal\/#\/schema\/logo\/image\/\"},\"sameAs\":[\"https:\/\/www.facebook.com\/Portal-Notcia-Em-Pauta-102292869264820\/\",\"https:\/\/www.instagram.com\/portalnoticiaempauta\/\"]},{\"@type\":\"Person\",\"@id\":\"https:\/\/noticiaempauta.com\/portal\/#\/schema\/person\/a74af43dd1ab3deca45f988c717d57ac\",\"name\":\"Reda\u00e7\u00e3o\",\"image\":{\"@type\":\"ImageObject\",\"inLanguage\":\"pt-BR\",\"@id\":\"https:\/\/noticiaempauta.com\/portal\/#\/schema\/person\/image\/\",\"url\":\"https:\/\/secure.gravatar.com\/avatar\/03179346ecce6cdfc13361603e8f54242a90e5cde8618fa23c5c00aa2b0aadf3?s=96&d=mm&r=g\",\"contentUrl\":\"https:\/\/secure.gravatar.com\/avatar\/03179346ecce6cdfc13361603e8f54242a90e5cde8618fa23c5c00aa2b0aadf3?s=96&d=mm&r=g\",\"caption\":\"Reda\u00e7\u00e3o\"},\"sameAs\":[\"https:\/\/noticiaempauta.com\/portal\/\"],\"url\":\"https:\/\/noticiaempauta.com\/portal\/author\/fernando\/\"}]}<\/script>\n<!-- \/ Yoast SEO Premium plugin. -->","yoast_head_json":{"title":"Congresso derruba veto ao PL da Dosimetria e imp\u00f5e nova derrota a Lula - Portal Not\u00edcia em Pauta","robots":{"index":"index","follow":"follow","max-snippet":"max-snippet:-1","max-image-preview":"max-image-preview:large","max-video-preview":"max-video-preview:-1"},"canonical":"https:\/\/noticiaempauta.com\/portal\/congresso-derruba-veto-ao-pl-da-dosimetria-e-impoe-nova-derrota-a-lula\/","og_locale":"pt_BR","og_type":"article","og_title":"Congresso derruba veto ao PL da Dosimetria e imp\u00f5e nova derrota a Lula","og_description":"Em sess\u00e3o conjunta nesta quinta-feira (30), o Congresso Nacional&nbsp;derrubou o veto do presidente Luiz In\u00e1cio Lula da Silva (PT)&nbsp;ao&nbsp;projeto de lei (PL) da Dosimetria, que&nbsp;reduz penas de condenados pelos atos golpistas, incluindo a do ex-presidente Jair Bolsonaro (PL). A sess\u00e3o foi realizada em duas etapas, primeiro com os votos da C\u00e2mara e depois com os [&hellip;]","og_url":"https:\/\/noticiaempauta.com\/portal\/congresso-derruba-veto-ao-pl-da-dosimetria-e-impoe-nova-derrota-a-lula\/","og_site_name":"Portal Not\u00edcia em Pauta","article_publisher":"https:\/\/www.facebook.com\/Portal-Notcia-Em-Pauta-102292869264820\/","article_published_time":"2026-05-01T11:34:00+00:00","article_modified_time":"2026-05-01T11:34:01+00:00","og_image":[{"width":640,"height":440,"url":"https:\/\/noticiaempauta.com\/portal\/wp-content\/uploads\/2026\/05\/P40G-IMG-fd09c92546b0bae525.webp","type":"image\/webp"}],"author":"Reda\u00e7\u00e3o","twitter_card":"summary_large_image","twitter_misc":{"Escrito por":"Reda\u00e7\u00e3o","Est. tempo de leitura":"5 minutos"},"schema":{"@context":"https:\/\/schema.org","@graph":[{"@type":"Article","@id":"https:\/\/noticiaempauta.com\/portal\/congresso-derruba-veto-ao-pl-da-dosimetria-e-impoe-nova-derrota-a-lula\/#article","isPartOf":{"@id":"https:\/\/noticiaempauta.com\/portal\/congresso-derruba-veto-ao-pl-da-dosimetria-e-impoe-nova-derrota-a-lula\/"},"author":{"name":"Reda\u00e7\u00e3o","@id":"https:\/\/noticiaempauta.com\/portal\/#\/schema\/person\/a74af43dd1ab3deca45f988c717d57ac"},"headline":"Congresso derruba veto ao PL da Dosimetria e imp\u00f5e nova derrota a Lula","datePublished":"2026-05-01T11:34:00+00:00","dateModified":"2026-05-01T11:34:01+00:00","mainEntityOfPage":{"@id":"https:\/\/noticiaempauta.com\/portal\/congresso-derruba-veto-ao-pl-da-dosimetria-e-impoe-nova-derrota-a-lula\/"},"wordCount":838,"publisher":{"@id":"https:\/\/noticiaempauta.com\/portal\/#organization"},"image":{"@id":"https:\/\/noticiaempauta.com\/portal\/congresso-derruba-veto-ao-pl-da-dosimetria-e-impoe-nova-derrota-a-lula\/#primaryimage"},"thumbnailUrl":"https:\/\/noticiaempauta.com\/portal\/wp-content\/uploads\/2026\/05\/P40G-IMG-fd09c92546b0bae525.webp","keywords":["destaqueprincipal"],"articleSection":["Destaques","Geral","Todas as Not\u00edcias"],"inLanguage":"pt-BR"},{"@type":"WebPage","@id":"https:\/\/noticiaempauta.com\/portal\/congresso-derruba-veto-ao-pl-da-dosimetria-e-impoe-nova-derrota-a-lula\/","url":"https:\/\/noticiaempauta.com\/portal\/congresso-derruba-veto-ao-pl-da-dosimetria-e-impoe-nova-derrota-a-lula\/","name":"Congresso derruba veto ao PL da Dosimetria e imp\u00f5e nova derrota a Lula - Portal Not\u00edcia em Pauta","isPartOf":{"@id":"https:\/\/noticiaempauta.com\/portal\/#website"},"primaryImageOfPage":{"@id":"https:\/\/noticiaempauta.com\/portal\/congresso-derruba-veto-ao-pl-da-dosimetria-e-impoe-nova-derrota-a-lula\/#primaryimage"},"image":{"@id":"https:\/\/noticiaempauta.com\/portal\/congresso-derruba-veto-ao-pl-da-dosimetria-e-impoe-nova-derrota-a-lula\/#primaryimage"},"thumbnailUrl":"https:\/\/noticiaempauta.com\/portal\/wp-content\/uploads\/2026\/05\/P40G-IMG-fd09c92546b0bae525.webp","datePublished":"2026-05-01T11:34:00+00:00","dateModified":"2026-05-01T11:34:01+00:00","breadcrumb":{"@id":"https:\/\/noticiaempauta.com\/portal\/congresso-derruba-veto-ao-pl-da-dosimetria-e-impoe-nova-derrota-a-lula\/#breadcrumb"},"inLanguage":"pt-BR","potentialAction":[{"@type":"ReadAction","target":["https:\/\/noticiaempauta.com\/portal\/congresso-derruba-veto-ao-pl-da-dosimetria-e-impoe-nova-derrota-a-lula\/"]}]},{"@type":"ImageObject","inLanguage":"pt-BR","@id":"https:\/\/noticiaempauta.com\/portal\/congresso-derruba-veto-ao-pl-da-dosimetria-e-impoe-nova-derrota-a-lula\/#primaryimage","url":"https:\/\/noticiaempauta.com\/portal\/wp-content\/uploads\/2026\/05\/P40G-IMG-fd09c92546b0bae525.webp","contentUrl":"https:\/\/noticiaempauta.com\/portal\/wp-content\/uploads\/2026\/05\/P40G-IMG-fd09c92546b0bae525.webp","width":640,"height":440},{"@type":"BreadcrumbList","@id":"https:\/\/noticiaempauta.com\/portal\/congresso-derruba-veto-ao-pl-da-dosimetria-e-impoe-nova-derrota-a-lula\/#breadcrumb","itemListElement":[{"@type":"ListItem","position":1,"name":"P\u00e1gina Inicial","item":"https:\/\/noticiaempauta.com\/portal\/"},{"@type":"ListItem","position":2,"name":"Destaques","item":"https:\/\/noticiaempauta.com\/portal\/destaques-site\/"},{"@type":"ListItem","position":3,"name":"Congresso derruba veto ao PL da Dosimetria e imp\u00f5e nova derrota a Lula"}]},{"@type":"WebSite","@id":"https:\/\/noticiaempauta.com\/portal\/#website","url":"https:\/\/noticiaempauta.com\/portal\/","name":"Portal Not\u00edcia em Pauta","description":"Voc\u00ea bem informado","publisher":{"@id":"https:\/\/noticiaempauta.com\/portal\/#organization"},"potentialAction":[{"@type":"SearchAction","target":{"@type":"EntryPoint","urlTemplate":"https:\/\/noticiaempauta.com\/portal\/?s={search_term_string}"},"query-input":{"@type":"PropertyValueSpecification","valueRequired":true,"valueName":"search_term_string"}}],"inLanguage":"pt-BR"},{"@type":"Organization","@id":"https:\/\/noticiaempauta.com\/portal\/#organization","name":"Portal Not\u00edcia em Pauta","url":"https:\/\/noticiaempauta.com\/portal\/","logo":{"@type":"ImageObject","inLanguage":"pt-BR","@id":"https:\/\/noticiaempauta.com\/portal\/#\/schema\/logo\/image\/","url":"https:\/\/noticiaempauta.com\/portal\/wp-content\/uploads\/2022\/08\/logomarca_tema.fw_.png","contentUrl":"https:\/\/noticiaempauta.com\/portal\/wp-content\/uploads\/2022\/08\/logomarca_tema.fw_.png","width":400,"height":232,"caption":"Portal Not\u00edcia em Pauta"},"image":{"@id":"https:\/\/noticiaempauta.com\/portal\/#\/schema\/logo\/image\/"},"sameAs":["https:\/\/www.facebook.com\/Portal-Notcia-Em-Pauta-102292869264820\/","https:\/\/www.instagram.com\/portalnoticiaempauta\/"]},{"@type":"Person","@id":"https:\/\/noticiaempauta.com\/portal\/#\/schema\/person\/a74af43dd1ab3deca45f988c717d57ac","name":"Reda\u00e7\u00e3o","image":{"@type":"ImageObject","inLanguage":"pt-BR","@id":"https:\/\/noticiaempauta.com\/portal\/#\/schema\/person\/image\/","url":"https:\/\/secure.gravatar.com\/avatar\/03179346ecce6cdfc13361603e8f54242a90e5cde8618fa23c5c00aa2b0aadf3?s=96&d=mm&r=g","contentUrl":"https:\/\/secure.gravatar.com\/avatar\/03179346ecce6cdfc13361603e8f54242a90e5cde8618fa23c5c00aa2b0aadf3?s=96&d=mm&r=g","caption":"Reda\u00e7\u00e3o"},"sameAs":["https:\/\/noticiaempauta.com\/portal\/"],"url":"https:\/\/noticiaempauta.com\/portal\/author\/fernando\/"}]}},"_links":{"self":[{"href":"https:\/\/noticiaempauta.com\/portal\/wp-json\/wp\/v2\/posts\/288283","targetHints":{"allow":["GET"]}}],"collection":[{"href":"https:\/\/noticiaempauta.com\/portal\/wp-json\/wp\/v2\/posts"}],"about":[{"href":"https:\/\/noticiaempauta.com\/portal\/wp-json\/wp\/v2\/types\/post"}],"author":[{"embeddable":true,"href":"https:\/\/noticiaempauta.com\/portal\/wp-json\/wp\/v2\/users\/2"}],"replies":[{"embeddable":true,"href":"https:\/\/noticiaempauta.com\/portal\/wp-json\/wp\/v2\/comments?post=288283"}],"version-history":[{"count":2,"href":"https:\/\/noticiaempauta.com\/portal\/wp-json\/wp\/v2\/posts\/288283\/revisions"}],"predecessor-version":[{"id":288286,"href":"https:\/\/noticiaempauta.com\/portal\/wp-json\/wp\/v2\/posts\/288283\/revisions\/288286"}],"wp:featuredmedia":[{"embeddable":true,"href":"https:\/\/noticiaempauta.com\/portal\/wp-json\/wp\/v2\/media\/288284"}],"wp:attachment":[{"href":"https:\/\/noticiaempauta.com\/portal\/wp-json\/wp\/v2\/media?parent=288283"}],"wp:term":[{"taxonomy":"category","embeddable":true,"href":"https:\/\/noticiaempauta.com\/portal\/wp-json\/wp\/v2\/categories?post=288283"},{"taxonomy":"post_tag","embeddable":true,"href":"https:\/\/noticiaempauta.com\/portal\/wp-json\/wp\/v2\/tags?post=288283"}],"curies":[{"name":"wp","href":"https:\/\/api.w.org\/{rel}","templated":true}]}}