{"id":288299,"date":"2026-05-01T15:31:54","date_gmt":"2026-05-01T18:31:54","guid":{"rendered":"https:\/\/noticiaempauta.com\/portal\/?p=288299"},"modified":"2026-05-01T15:31:55","modified_gmt":"2026-05-01T18:31:55","slug":"jepi-2026-chega-ao-fim-com-avanco-historico-das-escolas-municipais-em-picos","status":"publish","type":"post","link":"https:\/\/noticiaempauta.com\/portal\/jepi-2026-chega-ao-fim-com-avanco-historico-das-escolas-municipais-em-picos\/","title":{"rendered":"JEPI 2026 chega ao fim com avan\u00e7o hist\u00f3rico das escolas municipais em Picos"},"content":{"rendered":"\n<p>O munic\u00edpio de Picos encerrou, nesta quarta-feira (29), mais uma edi\u00e7\u00e3o dos Jogos Escolares de Picos (JEPI), consolidando o evento como um dos principais momentos do calend\u00e1rio esportivo estudantil da regi\u00e3o.<\/p>\n\n\n\n<p>A competi\u00e7\u00e3o reuniu escolas municipais e particulares em disputas marcadas por talento, esp\u00edrito esportivo e integra\u00e7\u00e3o entre os estudantes.<\/p>\n\n\n\n<figure class=\"wp-block-image size-full\"><img fetchpriority=\"high\" decoding=\"async\" width=\"800\" height=\"450\" src=\"https:\/\/noticiaempauta.com\/portal\/wp-content\/uploads\/2026\/05\/IMG_9296-scaled-1.webp\" alt=\"\" class=\"wp-image-288300\" srcset=\"https:\/\/noticiaempauta.com\/portal\/wp-content\/uploads\/2026\/05\/IMG_9296-scaled-1.webp 800w, https:\/\/noticiaempauta.com\/portal\/wp-content\/uploads\/2026\/05\/IMG_9296-scaled-1-300x169.webp 300w, https:\/\/noticiaempauta.com\/portal\/wp-content\/uploads\/2026\/05\/IMG_9296-scaled-1-768x432.webp 768w\" sizes=\"(max-width: 800px) 100vw, 800px\" \/><\/figure>\n\n\n\n<p>O destaque desta edi\u00e7\u00e3o ficou por conta do desempenho das escolas municipais, que superaram os resultados do ano anterior e conquistaram um n\u00famero expressivo de medalhas no atletismo: foram 9 ouros, 8 pratas e 8 bronzes, evidenciando a evolu\u00e7\u00e3o e o fortalecimento do esporte escolar na rede p\u00fablica. J\u00e1 as escolas particulares tamb\u00e9m marcaram presen\u00e7a no p\u00f3dio, somando 2 ouros, 1 prata e 1 bronze.<\/p>\n\n\n\n<p>Nas modalidades individuais, nomes como Lucas Barros e Yuri de Sousa se destacaram no xadrez inclusivo, enquanto Francisco Lima brilhou no t\u00eanis de mesa inclusivo. Outros campe\u00f5es tamb\u00e9m deixaram sua marca nas categorias infantil e infanto, tanto no xadrez quanto no t\u00eanis de mesa, demonstrando o potencial dos jovens atletas picoenses.<\/p>\n\n\n\n<p>J\u00e1 nas modalidades coletivas, as disputas foram intensas e emocionantes. Equipes como o Col\u00e9gio C\u00edvico Militar, Instituto Monsenhor Hip\u00f3lito e escolas da rede municipal protagonizaram grandes jogos no futebol, futsal e handebol.<\/p>\n\n\n\n<p>Para a coordenadora de Educa\u00e7\u00e3o F\u00edsica do munic\u00edpio, Fernanda Leal, o balan\u00e7o do evento \u00e9 extremamente positivo.<\/p>\n\n\n\n<p>\u201cEncerramos mais uma edi\u00e7\u00e3o dos Jogos Escolares com a certeza de dever cumprido. Tivemos uma participa\u00e7\u00e3o expressiva dos alunos e um avan\u00e7o significativo no desempenho das escolas municipais. Isso mostra que o investimento no esporte escolar est\u00e1 dando resultados. \u00c9 um orgulho ver nossos estudantes se superando e representando t\u00e3o bem o nosso munic\u00edpio\u201d, destacou.<\/p>\n\n\n\n<p>Com o encerramento da etapa municipal, os campe\u00f5es agora se preparam para um novo desafio: representar Picos na fase estadual dos jogos escolares, levando consigo n\u00e3o apenas medalhas, mas tamb\u00e9m a experi\u00eancia, a dedica\u00e7\u00e3o e o esp\u00edrito de equipe constru\u00eddos ao longo da competi\u00e7\u00e3o.<\/p>\n","protected":false},"excerpt":{"rendered":"<p>O munic\u00edpio de Picos encerrou, nesta quarta-feira (29), mais uma edi\u00e7\u00e3o dos Jogos Escolares de Picos (JEPI), consolidando o evento como um dos principais momentos do calend\u00e1rio esportivo estudantil da regi\u00e3o. A competi\u00e7\u00e3o reuniu escolas municipais e particulares em disputas marcadas por talento, esp\u00edrito esportivo e integra\u00e7\u00e3o entre os estudantes. O destaque desta edi\u00e7\u00e3o ficou [&hellip;]<\/p>\n","protected":false},"author":2,"featured_media":288300,"comment_status":"closed","ping_status":"closed","sticky":false,"template":"","format":"standard","meta":{"_mi_skip_tracking":false,"footnotes":""},"categories":[25,26,1,16],"tags":[],"class_list":["post-288299","post","type-post","status-publish","format-standard","has-post-thumbnail","hentry","category-destaques-site","category-esporte","category-geral","category-todas"],"acf":[],"yoast_head":"<!-- This site is optimized with the Yoast SEO Premium plugin v19.2 (Yoast SEO v26.9) - https:\/\/yoast.com\/product\/yoast-seo-premium-wordpress\/ -->\n<title>JEPI 2026 chega ao fim com avan\u00e7o hist\u00f3rico das escolas municipais em Picos - Portal Not\u00edcia em Pauta<\/title>\n<meta name=\"robots\" content=\"index, follow, max-snippet:-1, max-image-preview:large, max-video-preview:-1\" \/>\n<link rel=\"canonical\" href=\"https:\/\/noticiaempauta.com\/portal\/jepi-2026-chega-ao-fim-com-avanco-historico-das-escolas-municipais-em-picos\/\" \/>\n<meta property=\"og:locale\" content=\"pt_BR\" \/>\n<meta property=\"og:type\" content=\"article\" \/>\n<meta property=\"og:title\" content=\"JEPI 2026 chega ao fim com avan\u00e7o hist\u00f3rico das escolas municipais em Picos\" \/>\n<meta property=\"og:description\" content=\"O munic\u00edpio de Picos encerrou, nesta quarta-feira (29), mais uma edi\u00e7\u00e3o dos Jogos Escolares de Picos (JEPI), consolidando o evento como um dos principais momentos do calend\u00e1rio esportivo estudantil da regi\u00e3o. A competi\u00e7\u00e3o reuniu escolas municipais e particulares em disputas marcadas por talento, esp\u00edrito esportivo e integra\u00e7\u00e3o entre os estudantes. O destaque desta edi\u00e7\u00e3o ficou [&hellip;]\" \/>\n<meta property=\"og:url\" content=\"https:\/\/noticiaempauta.com\/portal\/jepi-2026-chega-ao-fim-com-avanco-historico-das-escolas-municipais-em-picos\/\" \/>\n<meta property=\"og:site_name\" content=\"Portal Not\u00edcia em Pauta\" \/>\n<meta property=\"article:publisher\" content=\"https:\/\/www.facebook.com\/Portal-Notcia-Em-Pauta-102292869264820\/\" \/>\n<meta property=\"article:published_time\" content=\"2026-05-01T18:31:54+00:00\" \/>\n<meta property=\"article:modified_time\" content=\"2026-05-01T18:31:55+00:00\" \/>\n<meta property=\"og:image\" content=\"https:\/\/noticiaempauta.com\/portal\/wp-content\/uploads\/2026\/05\/IMG_9296-scaled-1.webp\" \/>\n\t<meta property=\"og:image:width\" content=\"800\" \/>\n\t<meta property=\"og:image:height\" content=\"450\" \/>\n\t<meta property=\"og:image:type\" content=\"image\/webp\" \/>\n<meta name=\"author\" content=\"Reda\u00e7\u00e3o\" \/>\n<meta name=\"twitter:card\" content=\"summary_large_image\" \/>\n<meta name=\"twitter:label1\" content=\"Escrito por\" \/>\n\t<meta name=\"twitter:data1\" content=\"Reda\u00e7\u00e3o\" \/>\n\t<meta name=\"twitter:label2\" content=\"Est. tempo de leitura\" \/>\n\t<meta name=\"twitter:data2\" content=\"3 minutos\" \/>\n<script type=\"application\/ld+json\" class=\"yoast-schema-graph\">{\"@context\":\"https:\/\/schema.org\",\"@graph\":[{\"@type\":\"Article\",\"@id\":\"https:\/\/noticiaempauta.com\/portal\/jepi-2026-chega-ao-fim-com-avanco-historico-das-escolas-municipais-em-picos\/#article\",\"isPartOf\":{\"@id\":\"https:\/\/noticiaempauta.com\/portal\/jepi-2026-chega-ao-fim-com-avanco-historico-das-escolas-municipais-em-picos\/\"},\"author\":{\"name\":\"Reda\u00e7\u00e3o\",\"@id\":\"https:\/\/noticiaempauta.com\/portal\/#\/schema\/person\/a74af43dd1ab3deca45f988c717d57ac\"},\"headline\":\"JEPI 2026 chega ao fim com avan\u00e7o hist\u00f3rico das escolas municipais em Picos\",\"datePublished\":\"2026-05-01T18:31:54+00:00\",\"dateModified\":\"2026-05-01T18:31:55+00:00\",\"mainEntityOfPage\":{\"@id\":\"https:\/\/noticiaempauta.com\/portal\/jepi-2026-chega-ao-fim-com-avanco-historico-das-escolas-municipais-em-picos\/\"},\"wordCount\":357,\"publisher\":{\"@id\":\"https:\/\/noticiaempauta.com\/portal\/#organization\"},\"image\":{\"@id\":\"https:\/\/noticiaempauta.com\/portal\/jepi-2026-chega-ao-fim-com-avanco-historico-das-escolas-municipais-em-picos\/#primaryimage\"},\"thumbnailUrl\":\"https:\/\/noticiaempauta.com\/portal\/wp-content\/uploads\/2026\/05\/IMG_9296-scaled-1.webp\",\"articleSection\":[\"Destaques\",\"Esporte\",\"Geral\",\"Todas as Not\u00edcias\"],\"inLanguage\":\"pt-BR\"},{\"@type\":\"WebPage\",\"@id\":\"https:\/\/noticiaempauta.com\/portal\/jepi-2026-chega-ao-fim-com-avanco-historico-das-escolas-municipais-em-picos\/\",\"url\":\"https:\/\/noticiaempauta.com\/portal\/jepi-2026-chega-ao-fim-com-avanco-historico-das-escolas-municipais-em-picos\/\",\"name\":\"JEPI 2026 chega ao fim com avan\u00e7o hist\u00f3rico das escolas municipais em Picos - Portal Not\u00edcia em Pauta\",\"isPartOf\":{\"@id\":\"https:\/\/noticiaempauta.com\/portal\/#website\"},\"primaryImageOfPage\":{\"@id\":\"https:\/\/noticiaempauta.com\/portal\/jepi-2026-chega-ao-fim-com-avanco-historico-das-escolas-municipais-em-picos\/#primaryimage\"},\"image\":{\"@id\":\"https:\/\/noticiaempauta.com\/portal\/jepi-2026-chega-ao-fim-com-avanco-historico-das-escolas-municipais-em-picos\/#primaryimage\"},\"thumbnailUrl\":\"https:\/\/noticiaempauta.com\/portal\/wp-content\/uploads\/2026\/05\/IMG_9296-scaled-1.webp\",\"datePublished\":\"2026-05-01T18:31:54+00:00\",\"dateModified\":\"2026-05-01T18:31:55+00:00\",\"breadcrumb\":{\"@id\":\"https:\/\/noticiaempauta.com\/portal\/jepi-2026-chega-ao-fim-com-avanco-historico-das-escolas-municipais-em-picos\/#breadcrumb\"},\"inLanguage\":\"pt-BR\",\"potentialAction\":[{\"@type\":\"ReadAction\",\"target\":[\"https:\/\/noticiaempauta.com\/portal\/jepi-2026-chega-ao-fim-com-avanco-historico-das-escolas-municipais-em-picos\/\"]}]},{\"@type\":\"ImageObject\",\"inLanguage\":\"pt-BR\",\"@id\":\"https:\/\/noticiaempauta.com\/portal\/jepi-2026-chega-ao-fim-com-avanco-historico-das-escolas-municipais-em-picos\/#primaryimage\",\"url\":\"https:\/\/noticiaempauta.com\/portal\/wp-content\/uploads\/2026\/05\/IMG_9296-scaled-1.webp\",\"contentUrl\":\"https:\/\/noticiaempauta.com\/portal\/wp-content\/uploads\/2026\/05\/IMG_9296-scaled-1.webp\",\"width\":800,\"height\":450},{\"@type\":\"BreadcrumbList\",\"@id\":\"https:\/\/noticiaempauta.com\/portal\/jepi-2026-chega-ao-fim-com-avanco-historico-das-escolas-municipais-em-picos\/#breadcrumb\",\"itemListElement\":[{\"@type\":\"ListItem\",\"position\":1,\"name\":\"P\u00e1gina Inicial\",\"item\":\"https:\/\/noticiaempauta.com\/portal\/\"},{\"@type\":\"ListItem\",\"position\":2,\"name\":\"Destaques\",\"item\":\"https:\/\/noticiaempauta.com\/portal\/destaques-site\/\"},{\"@type\":\"ListItem\",\"position\":3,\"name\":\"JEPI 2026 chega ao fim com avan\u00e7o hist\u00f3rico das escolas municipais em Picos\"}]},{\"@type\":\"WebSite\",\"@id\":\"https:\/\/noticiaempauta.com\/portal\/#website\",\"url\":\"https:\/\/noticiaempauta.com\/portal\/\",\"name\":\"Portal Not\u00edcia em Pauta\",\"description\":\"Voc\u00ea bem informado\",\"publisher\":{\"@id\":\"https:\/\/noticiaempauta.com\/portal\/#organization\"},\"potentialAction\":[{\"@type\":\"SearchAction\",\"target\":{\"@type\":\"EntryPoint\",\"urlTemplate\":\"https:\/\/noticiaempauta.com\/portal\/?s={search_term_string}\"},\"query-input\":{\"@type\":\"PropertyValueSpecification\",\"valueRequired\":true,\"valueName\":\"search_term_string\"}}],\"inLanguage\":\"pt-BR\"},{\"@type\":\"Organization\",\"@id\":\"https:\/\/noticiaempauta.com\/portal\/#organization\",\"name\":\"Portal Not\u00edcia em Pauta\",\"url\":\"https:\/\/noticiaempauta.com\/portal\/\",\"logo\":{\"@type\":\"ImageObject\",\"inLanguage\":\"pt-BR\",\"@id\":\"https:\/\/noticiaempauta.com\/portal\/#\/schema\/logo\/image\/\",\"url\":\"https:\/\/noticiaempauta.com\/portal\/wp-content\/uploads\/2022\/08\/logomarca_tema.fw_.png\",\"contentUrl\":\"https:\/\/noticiaempauta.com\/portal\/wp-content\/uploads\/2022\/08\/logomarca_tema.fw_.png\",\"width\":400,\"height\":232,\"caption\":\"Portal Not\u00edcia em Pauta\"},\"image\":{\"@id\":\"https:\/\/noticiaempauta.com\/portal\/#\/schema\/logo\/image\/\"},\"sameAs\":[\"https:\/\/www.facebook.com\/Portal-Notcia-Em-Pauta-102292869264820\/\",\"https:\/\/www.instagram.com\/portalnoticiaempauta\/\"]},{\"@type\":\"Person\",\"@id\":\"https:\/\/noticiaempauta.com\/portal\/#\/schema\/person\/a74af43dd1ab3deca45f988c717d57ac\",\"name\":\"Reda\u00e7\u00e3o\",\"image\":{\"@type\":\"ImageObject\",\"inLanguage\":\"pt-BR\",\"@id\":\"https:\/\/noticiaempauta.com\/portal\/#\/schema\/person\/image\/\",\"url\":\"https:\/\/secure.gravatar.com\/avatar\/03179346ecce6cdfc13361603e8f54242a90e5cde8618fa23c5c00aa2b0aadf3?s=96&d=mm&r=g\",\"contentUrl\":\"https:\/\/secure.gravatar.com\/avatar\/03179346ecce6cdfc13361603e8f54242a90e5cde8618fa23c5c00aa2b0aadf3?s=96&d=mm&r=g\",\"caption\":\"Reda\u00e7\u00e3o\"},\"sameAs\":[\"https:\/\/noticiaempauta.com\/portal\/\"],\"url\":\"https:\/\/noticiaempauta.com\/portal\/author\/fernando\/\"}]}<\/script>\n<!-- \/ Yoast SEO Premium plugin. -->","yoast_head_json":{"title":"JEPI 2026 chega ao fim com avan\u00e7o hist\u00f3rico das escolas municipais em Picos - Portal Not\u00edcia em Pauta","robots":{"index":"index","follow":"follow","max-snippet":"max-snippet:-1","max-image-preview":"max-image-preview:large","max-video-preview":"max-video-preview:-1"},"canonical":"https:\/\/noticiaempauta.com\/portal\/jepi-2026-chega-ao-fim-com-avanco-historico-das-escolas-municipais-em-picos\/","og_locale":"pt_BR","og_type":"article","og_title":"JEPI 2026 chega ao fim com avan\u00e7o hist\u00f3rico das escolas municipais em Picos","og_description":"O munic\u00edpio de Picos encerrou, nesta quarta-feira (29), mais uma edi\u00e7\u00e3o dos Jogos Escolares de Picos (JEPI), consolidando o evento como um dos principais momentos do calend\u00e1rio esportivo estudantil da regi\u00e3o. A competi\u00e7\u00e3o reuniu escolas municipais e particulares em disputas marcadas por talento, esp\u00edrito esportivo e integra\u00e7\u00e3o entre os estudantes. O destaque desta edi\u00e7\u00e3o ficou [&hellip;]","og_url":"https:\/\/noticiaempauta.com\/portal\/jepi-2026-chega-ao-fim-com-avanco-historico-das-escolas-municipais-em-picos\/","og_site_name":"Portal Not\u00edcia em Pauta","article_publisher":"https:\/\/www.facebook.com\/Portal-Notcia-Em-Pauta-102292869264820\/","article_published_time":"2026-05-01T18:31:54+00:00","article_modified_time":"2026-05-01T18:31:55+00:00","og_image":[{"width":800,"height":450,"url":"https:\/\/noticiaempauta.com\/portal\/wp-content\/uploads\/2026\/05\/IMG_9296-scaled-1.webp","type":"image\/webp"}],"author":"Reda\u00e7\u00e3o","twitter_card":"summary_large_image","twitter_misc":{"Escrito por":"Reda\u00e7\u00e3o","Est. tempo de leitura":"3 minutos"},"schema":{"@context":"https:\/\/schema.org","@graph":[{"@type":"Article","@id":"https:\/\/noticiaempauta.com\/portal\/jepi-2026-chega-ao-fim-com-avanco-historico-das-escolas-municipais-em-picos\/#article","isPartOf":{"@id":"https:\/\/noticiaempauta.com\/portal\/jepi-2026-chega-ao-fim-com-avanco-historico-das-escolas-municipais-em-picos\/"},"author":{"name":"Reda\u00e7\u00e3o","@id":"https:\/\/noticiaempauta.com\/portal\/#\/schema\/person\/a74af43dd1ab3deca45f988c717d57ac"},"headline":"JEPI 2026 chega ao fim com avan\u00e7o hist\u00f3rico das escolas municipais em Picos","datePublished":"2026-05-01T18:31:54+00:00","dateModified":"2026-05-01T18:31:55+00:00","mainEntityOfPage":{"@id":"https:\/\/noticiaempauta.com\/portal\/jepi-2026-chega-ao-fim-com-avanco-historico-das-escolas-municipais-em-picos\/"},"wordCount":357,"publisher":{"@id":"https:\/\/noticiaempauta.com\/portal\/#organization"},"image":{"@id":"https:\/\/noticiaempauta.com\/portal\/jepi-2026-chega-ao-fim-com-avanco-historico-das-escolas-municipais-em-picos\/#primaryimage"},"thumbnailUrl":"https:\/\/noticiaempauta.com\/portal\/wp-content\/uploads\/2026\/05\/IMG_9296-scaled-1.webp","articleSection":["Destaques","Esporte","Geral","Todas as Not\u00edcias"],"inLanguage":"pt-BR"},{"@type":"WebPage","@id":"https:\/\/noticiaempauta.com\/portal\/jepi-2026-chega-ao-fim-com-avanco-historico-das-escolas-municipais-em-picos\/","url":"https:\/\/noticiaempauta.com\/portal\/jepi-2026-chega-ao-fim-com-avanco-historico-das-escolas-municipais-em-picos\/","name":"JEPI 2026 chega ao fim com avan\u00e7o hist\u00f3rico das escolas municipais em Picos - Portal Not\u00edcia em Pauta","isPartOf":{"@id":"https:\/\/noticiaempauta.com\/portal\/#website"},"primaryImageOfPage":{"@id":"https:\/\/noticiaempauta.com\/portal\/jepi-2026-chega-ao-fim-com-avanco-historico-das-escolas-municipais-em-picos\/#primaryimage"},"image":{"@id":"https:\/\/noticiaempauta.com\/portal\/jepi-2026-chega-ao-fim-com-avanco-historico-das-escolas-municipais-em-picos\/#primaryimage"},"thumbnailUrl":"https:\/\/noticiaempauta.com\/portal\/wp-content\/uploads\/2026\/05\/IMG_9296-scaled-1.webp","datePublished":"2026-05-01T18:31:54+00:00","dateModified":"2026-05-01T18:31:55+00:00","breadcrumb":{"@id":"https:\/\/noticiaempauta.com\/portal\/jepi-2026-chega-ao-fim-com-avanco-historico-das-escolas-municipais-em-picos\/#breadcrumb"},"inLanguage":"pt-BR","potentialAction":[{"@type":"ReadAction","target":["https:\/\/noticiaempauta.com\/portal\/jepi-2026-chega-ao-fim-com-avanco-historico-das-escolas-municipais-em-picos\/"]}]},{"@type":"ImageObject","inLanguage":"pt-BR","@id":"https:\/\/noticiaempauta.com\/portal\/jepi-2026-chega-ao-fim-com-avanco-historico-das-escolas-municipais-em-picos\/#primaryimage","url":"https:\/\/noticiaempauta.com\/portal\/wp-content\/uploads\/2026\/05\/IMG_9296-scaled-1.webp","contentUrl":"https:\/\/noticiaempauta.com\/portal\/wp-content\/uploads\/2026\/05\/IMG_9296-scaled-1.webp","width":800,"height":450},{"@type":"BreadcrumbList","@id":"https:\/\/noticiaempauta.com\/portal\/jepi-2026-chega-ao-fim-com-avanco-historico-das-escolas-municipais-em-picos\/#breadcrumb","itemListElement":[{"@type":"ListItem","position":1,"name":"P\u00e1gina Inicial","item":"https:\/\/noticiaempauta.com\/portal\/"},{"@type":"ListItem","position":2,"name":"Destaques","item":"https:\/\/noticiaempauta.com\/portal\/destaques-site\/"},{"@type":"ListItem","position":3,"name":"JEPI 2026 chega ao fim com avan\u00e7o hist\u00f3rico das escolas municipais em Picos"}]},{"@type":"WebSite","@id":"https:\/\/noticiaempauta.com\/portal\/#website","url":"https:\/\/noticiaempauta.com\/portal\/","name":"Portal Not\u00edcia em Pauta","description":"Voc\u00ea bem informado","publisher":{"@id":"https:\/\/noticiaempauta.com\/portal\/#organization"},"potentialAction":[{"@type":"SearchAction","target":{"@type":"EntryPoint","urlTemplate":"https:\/\/noticiaempauta.com\/portal\/?s={search_term_string}"},"query-input":{"@type":"PropertyValueSpecification","valueRequired":true,"valueName":"search_term_string"}}],"inLanguage":"pt-BR"},{"@type":"Organization","@id":"https:\/\/noticiaempauta.com\/portal\/#organization","name":"Portal Not\u00edcia em Pauta","url":"https:\/\/noticiaempauta.com\/portal\/","logo":{"@type":"ImageObject","inLanguage":"pt-BR","@id":"https:\/\/noticiaempauta.com\/portal\/#\/schema\/logo\/image\/","url":"https:\/\/noticiaempauta.com\/portal\/wp-content\/uploads\/2022\/08\/logomarca_tema.fw_.png","contentUrl":"https:\/\/noticiaempauta.com\/portal\/wp-content\/uploads\/2022\/08\/logomarca_tema.fw_.png","width":400,"height":232,"caption":"Portal Not\u00edcia em Pauta"},"image":{"@id":"https:\/\/noticiaempauta.com\/portal\/#\/schema\/logo\/image\/"},"sameAs":["https:\/\/www.facebook.com\/Portal-Notcia-Em-Pauta-102292869264820\/","https:\/\/www.instagram.com\/portalnoticiaempauta\/"]},{"@type":"Person","@id":"https:\/\/noticiaempauta.com\/portal\/#\/schema\/person\/a74af43dd1ab3deca45f988c717d57ac","name":"Reda\u00e7\u00e3o","image":{"@type":"ImageObject","inLanguage":"pt-BR","@id":"https:\/\/noticiaempauta.com\/portal\/#\/schema\/person\/image\/","url":"https:\/\/secure.gravatar.com\/avatar\/03179346ecce6cdfc13361603e8f54242a90e5cde8618fa23c5c00aa2b0aadf3?s=96&d=mm&r=g","contentUrl":"https:\/\/secure.gravatar.com\/avatar\/03179346ecce6cdfc13361603e8f54242a90e5cde8618fa23c5c00aa2b0aadf3?s=96&d=mm&r=g","caption":"Reda\u00e7\u00e3o"},"sameAs":["https:\/\/noticiaempauta.com\/portal\/"],"url":"https:\/\/noticiaempauta.com\/portal\/author\/fernando\/"}]}},"_links":{"self":[{"href":"https:\/\/noticiaempauta.com\/portal\/wp-json\/wp\/v2\/posts\/288299","targetHints":{"allow":["GET"]}}],"collection":[{"href":"https:\/\/noticiaempauta.com\/portal\/wp-json\/wp\/v2\/posts"}],"about":[{"href":"https:\/\/noticiaempauta.com\/portal\/wp-json\/wp\/v2\/types\/post"}],"author":[{"embeddable":true,"href":"https:\/\/noticiaempauta.com\/portal\/wp-json\/wp\/v2\/users\/2"}],"replies":[{"embeddable":true,"href":"https:\/\/noticiaempauta.com\/portal\/wp-json\/wp\/v2\/comments?post=288299"}],"version-history":[{"count":2,"href":"https:\/\/noticiaempauta.com\/portal\/wp-json\/wp\/v2\/posts\/288299\/revisions"}],"predecessor-version":[{"id":288302,"href":"https:\/\/noticiaempauta.com\/portal\/wp-json\/wp\/v2\/posts\/288299\/revisions\/288302"}],"wp:featuredmedia":[{"embeddable":true,"href":"https:\/\/noticiaempauta.com\/portal\/wp-json\/wp\/v2\/media\/288300"}],"wp:attachment":[{"href":"https:\/\/noticiaempauta.com\/portal\/wp-json\/wp\/v2\/media?parent=288299"}],"wp:term":[{"taxonomy":"category","embeddable":true,"href":"https:\/\/noticiaempauta.com\/portal\/wp-json\/wp\/v2\/categories?post=288299"},{"taxonomy":"post_tag","embeddable":true,"href":"https:\/\/noticiaempauta.com\/portal\/wp-json\/wp\/v2\/tags?post=288299"}],"curies":[{"name":"wp","href":"https:\/\/api.w.org\/{rel}","templated":true}]}}