{"id":294097,"date":"2026-08-31T08:42:11","date_gmt":"2026-08-31T11:42:11","guid":{"rendered":"https:\/\/noticiaempauta.com\/portal\/?p=294097"},"modified":"2026-08-31T08:42:13","modified_gmt":"2026-08-31T11:42:13","slug":"suspeito-de-liderar-roubo-de-cargas-morre-em-confronto-com-a-policia-em-campo-maior","status":"publish","type":"post","link":"https:\/\/noticiaempauta.com\/portal\/suspeito-de-liderar-roubo-de-cargas-morre-em-confronto-com-a-policia-em-campo-maior\/","title":{"rendered":"Suspeito de liderar roubo de cargas morre em confronto com a pol\u00edcia em Campo Maior"},"content":{"rendered":"\n<p class=\"wp-block-paragraph\">Uma opera\u00e7\u00e3o integrada realizada na noite de domingo (30) resultou na pris\u00e3o em flagrante de dois indiv\u00edduos investigados por integrar uma organiza\u00e7\u00e3o especializada em roubo de cargas, com atua\u00e7\u00e3o em estados das regi\u00f5es Norte e Nordeste. A dupla foi detida no munic\u00edpio de Campo Maior, no Centro-Norte do estado.<\/p>\n\n\n\n<figure class=\"wp-block-image size-full\"><img fetchpriority=\"high\" decoding=\"async\" width=\"785\" height=\"435\" src=\"https:\/\/noticiaempauta.com\/portal\/wp-content\/uploads\/2026\/08\/lider-de-grupo-de-roubo-de-cargas-morre-em-confronto-com-a-policia-no-piaui-4f3778ef9e583e99.webp\" alt=\"\" class=\"wp-image-294098\" srcset=\"https:\/\/noticiaempauta.com\/portal\/wp-content\/uploads\/2026\/08\/lider-de-grupo-de-roubo-de-cargas-morre-em-confronto-com-a-policia-no-piaui-4f3778ef9e583e99.webp 785w, https:\/\/noticiaempauta.com\/portal\/wp-content\/uploads\/2026\/08\/lider-de-grupo-de-roubo-de-cargas-morre-em-confronto-com-a-policia-no-piaui-4f3778ef9e583e99-300x166.webp 300w, https:\/\/noticiaempauta.com\/portal\/wp-content\/uploads\/2026\/08\/lider-de-grupo-de-roubo-de-cargas-morre-em-confronto-com-a-policia-no-piaui-4f3778ef9e583e99-767x425.webp 767w\" sizes=\"(max-width: 785px) 100vw, 785px\" \/><figcaption class=\"wp-element-caption\"><em>Fotos: Divulga\u00e7\u00e3o\/SSP<\/em><\/figcaption><\/figure>\n\n\n\n<p class=\"wp-block-paragraph\">Durante a opera\u00e7\u00e3o, um dos l\u00edderes da organiza\u00e7\u00e3o, conhecido pelos apelidos de \u201cBar\u00e3o\u201d e \u201cMestre\u201d, foi a \u00f3bito ap\u00f3s confronto com os policiais. Segundo a investiga\u00e7\u00e3o, ele acompanhava o ve\u00edculo que transportava os produtos no momento da abordagem.<\/p>\n\n\n\n<p class=\"wp-block-paragraph\">De acordo com o Departamento de Repress\u00e3o \u00e0s A\u00e7\u00f5es Criminosas Organizadas (DRACO), respons\u00e1vel por coordenar a a\u00e7\u00e3o, a carga havia sido roubada na \u00faltima quarta-feira (26), em Lagoa do Piau\u00ed. Na ocasi\u00e3o, o motorista foi feito ref\u00e9m e mantido em c\u00e1rcere privado enquanto os criminosos realizavam o transbordo da mercadoria para outro ve\u00edculo.<\/p>\n\n\n\n<figure class=\"wp-block-image size-large\"><img decoding=\"async\" width=\"1024\" height=\"576\" src=\"https:\/\/noticiaempauta.com\/portal\/wp-content\/uploads\/2026\/08\/0c99a308-a7be-426c-b0ac-a19e2d2eb47d-e841f7eb6a48fb73-1024x576.webp\" alt=\"\" class=\"wp-image-294099\" srcset=\"https:\/\/noticiaempauta.com\/portal\/wp-content\/uploads\/2026\/08\/0c99a308-a7be-426c-b0ac-a19e2d2eb47d-e841f7eb6a48fb73-1024x576.webp 1024w, https:\/\/noticiaempauta.com\/portal\/wp-content\/uploads\/2026\/08\/0c99a308-a7be-426c-b0ac-a19e2d2eb47d-e841f7eb6a48fb73-300x169.webp 300w, https:\/\/noticiaempauta.com\/portal\/wp-content\/uploads\/2026\/08\/0c99a308-a7be-426c-b0ac-a19e2d2eb47d-e841f7eb6a48fb73-768x432.webp 768w, https:\/\/noticiaempauta.com\/portal\/wp-content\/uploads\/2026\/08\/0c99a308-a7be-426c-b0ac-a19e2d2eb47d-e841f7eb6a48fb73-1536x864.webp 1536w, https:\/\/noticiaempauta.com\/portal\/wp-content\/uploads\/2026\/08\/0c99a308-a7be-426c-b0ac-a19e2d2eb47d-e841f7eb6a48fb73-2048x1152.webp 2048w\" sizes=\"(max-width: 1024px) 100vw, 1024px\" \/><\/figure>\n\n\n\n<p class=\"wp-block-paragraph\">A carreta utilizada no transporte dos produtos foi localizada em um galp\u00e3o na zona Sul de Teresina. Cerca de 30 toneladas de mercadorias foram recuperadas, entre elas azeite de oliva e azeitonas. O ve\u00edculo que havia sido roubado tamb\u00e9m foi localizado.<\/p>\n\n\n\n<p class=\"wp-block-paragraph\">Os dois presos em flagrante s\u00e3o investigados por integrar o grupo. Conforme a pol\u00edcia, um deles seria respons\u00e1vel pelo transporte das mercadorias, enquanto o outro atuaria como comparsa.<\/p>\n\n\n\n<figure class=\"wp-block-image size-large\"><img decoding=\"async\" width=\"1024\" height=\"576\" src=\"https:\/\/noticiaempauta.com\/portal\/wp-content\/uploads\/2026\/08\/88e0a96e-ab48-436a-9b43-f5662c81ae8c-f938eac17405bfc5-1024x576.webp\" alt=\"\" class=\"wp-image-294100\" srcset=\"https:\/\/noticiaempauta.com\/portal\/wp-content\/uploads\/2026\/08\/88e0a96e-ab48-436a-9b43-f5662c81ae8c-f938eac17405bfc5-1024x576.webp 1024w, https:\/\/noticiaempauta.com\/portal\/wp-content\/uploads\/2026\/08\/88e0a96e-ab48-436a-9b43-f5662c81ae8c-f938eac17405bfc5-300x169.webp 300w, https:\/\/noticiaempauta.com\/portal\/wp-content\/uploads\/2026\/08\/88e0a96e-ab48-436a-9b43-f5662c81ae8c-f938eac17405bfc5-768x432.webp 768w, https:\/\/noticiaempauta.com\/portal\/wp-content\/uploads\/2026\/08\/88e0a96e-ab48-436a-9b43-f5662c81ae8c-f938eac17405bfc5-1536x864.webp 1536w, https:\/\/noticiaempauta.com\/portal\/wp-content\/uploads\/2026\/08\/88e0a96e-ab48-436a-9b43-f5662c81ae8c-f938eac17405bfc5-2048x1152.webp 2048w\" sizes=\"(max-width: 1024px) 100vw, 1024px\" \/><\/figure>\n\n\n\n<p class=\"wp-block-paragraph\">As investiga\u00e7\u00f5es apontam que \u201cBar\u00e3o\u201d j\u00e1 era investigado por envolvimento em outras ocorr\u00eancias no Piau\u00ed. Entre elas est\u00e1 um caso registrado no munic\u00edpio de Monsenhor Gil, envolvendo o roubo de uma carga de whisky. Ainda segundo a pol\u00edcia, parentes do suspeito tamb\u00e9m est\u00e3o presos por envolvimento nesse tipo de crime. Integrantes da mesma fam\u00edlia s\u00e3o investigados por ocorr\u00eancias registradas no Piau\u00ed, Maranh\u00e3o, Cear\u00e1, Par\u00e1 e Tocantins.<\/p>\n\n\n\n<figure class=\"wp-block-image size-large\"><img loading=\"lazy\" decoding=\"async\" width=\"1024\" height=\"576\" src=\"https:\/\/noticiaempauta.com\/portal\/wp-content\/uploads\/2026\/08\/333a69c4-1334-4579-9aac-a0775907a076-c66da82dbb1370f9-1024x576.webp\" alt=\"\" class=\"wp-image-294101\" srcset=\"https:\/\/noticiaempauta.com\/portal\/wp-content\/uploads\/2026\/08\/333a69c4-1334-4579-9aac-a0775907a076-c66da82dbb1370f9-1024x576.webp 1024w, https:\/\/noticiaempauta.com\/portal\/wp-content\/uploads\/2026\/08\/333a69c4-1334-4579-9aac-a0775907a076-c66da82dbb1370f9-768x432.webp 768w, https:\/\/noticiaempauta.com\/portal\/wp-content\/uploads\/2026\/08\/333a69c4-1334-4579-9aac-a0775907a076-c66da82dbb1370f9-300x169.webp 300w, https:\/\/noticiaempauta.com\/portal\/wp-content\/uploads\/2026\/08\/333a69c4-1334-4579-9aac-a0775907a076-c66da82dbb1370f9-1536x864.webp 1536w, https:\/\/noticiaempauta.com\/portal\/wp-content\/uploads\/2026\/08\/333a69c4-1334-4579-9aac-a0775907a076-c66da82dbb1370f9-2048x1152.webp 2048w\" sizes=\"(max-width: 1024px) 100vw, 1024px\" \/><\/figure>\n\n\n\n<p class=\"wp-block-paragraph\">A opera\u00e7\u00e3o de domingo contou com o apoio da For\u00e7a Estadual Integrada de Seguran\u00e7a P\u00fablica (FEISP), do Batalh\u00e3o de Opera\u00e7\u00f5es Policiais Especiais (BOPE), do Batalh\u00e3o Especializado de Policiamento do Interior (BEPI), da Diretoria de Intelig\u00eancia Estrat\u00e9gica (DINTE) e da Pol\u00edcia Rodovi\u00e1ria Federal (PRF).<\/p>\n\n\n\n<p class=\"wp-block-paragraph\">Fonte: Meio News<\/p>\n\n\n\n<p class=\"wp-block-paragraph\"><\/p>\n","protected":false},"excerpt":{"rendered":"<p>Uma opera\u00e7\u00e3o integrada realizada na noite de domingo (30) resultou na pris\u00e3o em flagrante de dois indiv\u00edduos investigados por integrar uma organiza\u00e7\u00e3o especializada em roubo de cargas, com atua\u00e7\u00e3o em estados das regi\u00f5es Norte e Nordeste. A dupla foi detida no munic\u00edpio de Campo Maior, no Centro-Norte do estado. Durante a opera\u00e7\u00e3o, um dos l\u00edderes [&hellip;]<\/p>\n","protected":false},"author":2,"featured_media":294098,"comment_status":"closed","ping_status":"closed","sticky":false,"template":"","format":"standard","meta":{"_mi_skip_tracking":false,"footnotes":""},"categories":[25,1,137,16],"tags":[192],"class_list":["post-294097","post","type-post","status-publish","format-standard","has-post-thumbnail","hentry","category-destaques-site","category-geral","category-policia","category-todas","tag-destaqueprincipal"],"acf":[],"yoast_head":"<!-- This site is optimized with the Yoast SEO Premium plugin v19.2 (Yoast SEO v26.9) - https:\/\/yoast.com\/product\/yoast-seo-premium-wordpress\/ -->\n<title>Suspeito de liderar roubo de cargas morre em confronto com a pol\u00edcia em Campo Maior - Portal Not\u00edcia em Pauta<\/title>\n<meta name=\"robots\" content=\"index, follow, max-snippet:-1, max-image-preview:large, max-video-preview:-1\" \/>\n<link rel=\"canonical\" href=\"https:\/\/noticiaempauta.com\/portal\/suspeito-de-liderar-roubo-de-cargas-morre-em-confronto-com-a-policia-em-campo-maior\/\" \/>\n<meta property=\"og:locale\" content=\"pt_BR\" \/>\n<meta property=\"og:type\" content=\"article\" \/>\n<meta property=\"og:title\" content=\"Suspeito de liderar roubo de cargas morre em confronto com a pol\u00edcia em Campo Maior\" \/>\n<meta property=\"og:description\" content=\"Uma opera\u00e7\u00e3o integrada realizada na noite de domingo (30) resultou na pris\u00e3o em flagrante de dois indiv\u00edduos investigados por integrar uma organiza\u00e7\u00e3o especializada em roubo de cargas, com atua\u00e7\u00e3o em estados das regi\u00f5es Norte e Nordeste. A dupla foi detida no munic\u00edpio de Campo Maior, no Centro-Norte do estado. Durante a opera\u00e7\u00e3o, um dos l\u00edderes [&hellip;]\" \/>\n<meta property=\"og:url\" content=\"https:\/\/noticiaempauta.com\/portal\/suspeito-de-liderar-roubo-de-cargas-morre-em-confronto-com-a-policia-em-campo-maior\/\" \/>\n<meta property=\"og:site_name\" content=\"Portal Not\u00edcia em Pauta\" \/>\n<meta property=\"article:publisher\" content=\"https:\/\/www.facebook.com\/Portal-Notcia-Em-Pauta-102292869264820\/\" \/>\n<meta property=\"article:published_time\" content=\"2026-08-31T11:42:11+00:00\" \/>\n<meta property=\"article:modified_time\" content=\"2026-08-31T11:42:13+00:00\" \/>\n<meta property=\"og:image\" content=\"https:\/\/noticiaempauta.com\/portal\/wp-content\/uploads\/2026\/08\/lider-de-grupo-de-roubo-de-cargas-morre-em-confronto-com-a-policia-no-piaui-4f3778ef9e583e99.webp\" \/>\n\t<meta property=\"og:image:width\" content=\"785\" \/>\n\t<meta property=\"og:image:height\" content=\"435\" \/>\n\t<meta property=\"og:image:type\" content=\"image\/webp\" \/>\n<meta name=\"author\" content=\"Reda\u00e7\u00e3o\" \/>\n<meta name=\"twitter:card\" content=\"summary_large_image\" \/>\n<meta name=\"twitter:label1\" content=\"Escrito por\" \/>\n\t<meta name=\"twitter:data1\" content=\"Reda\u00e7\u00e3o\" \/>\n\t<meta name=\"twitter:label2\" content=\"Est. tempo de leitura\" \/>\n\t<meta name=\"twitter:data2\" content=\"3 minutos\" \/>\n<script type=\"application\/ld+json\" class=\"yoast-schema-graph\">{\"@context\":\"https:\/\/schema.org\",\"@graph\":[{\"@type\":\"Article\",\"@id\":\"https:\/\/noticiaempauta.com\/portal\/suspeito-de-liderar-roubo-de-cargas-morre-em-confronto-com-a-policia-em-campo-maior\/#article\",\"isPartOf\":{\"@id\":\"https:\/\/noticiaempauta.com\/portal\/suspeito-de-liderar-roubo-de-cargas-morre-em-confronto-com-a-policia-em-campo-maior\/\"},\"author\":{\"name\":\"Reda\u00e7\u00e3o\",\"@id\":\"https:\/\/noticiaempauta.com\/portal\/#\/schema\/person\/a74af43dd1ab3deca45f988c717d57ac\"},\"headline\":\"Suspeito de liderar roubo de cargas morre em confronto com a pol\u00edcia em Campo Maior\",\"datePublished\":\"2026-08-31T11:42:11+00:00\",\"dateModified\":\"2026-08-31T11:42:13+00:00\",\"mainEntityOfPage\":{\"@id\":\"https:\/\/noticiaempauta.com\/portal\/suspeito-de-liderar-roubo-de-cargas-morre-em-confronto-com-a-policia-em-campo-maior\/\"},\"wordCount\":388,\"publisher\":{\"@id\":\"https:\/\/noticiaempauta.com\/portal\/#organization\"},\"image\":{\"@id\":\"https:\/\/noticiaempauta.com\/portal\/suspeito-de-liderar-roubo-de-cargas-morre-em-confronto-com-a-policia-em-campo-maior\/#primaryimage\"},\"thumbnailUrl\":\"https:\/\/noticiaempauta.com\/portal\/wp-content\/uploads\/2026\/08\/lider-de-grupo-de-roubo-de-cargas-morre-em-confronto-com-a-policia-no-piaui-4f3778ef9e583e99.webp\",\"keywords\":[\"destaqueprincipal\"],\"articleSection\":[\"Destaques\",\"Geral\",\"Pol\u00edcia\",\"Todas as Not\u00edcias\"],\"inLanguage\":\"pt-BR\"},{\"@type\":\"WebPage\",\"@id\":\"https:\/\/noticiaempauta.com\/portal\/suspeito-de-liderar-roubo-de-cargas-morre-em-confronto-com-a-policia-em-campo-maior\/\",\"url\":\"https:\/\/noticiaempauta.com\/portal\/suspeito-de-liderar-roubo-de-cargas-morre-em-confronto-com-a-policia-em-campo-maior\/\",\"name\":\"Suspeito de liderar roubo de cargas morre em confronto com a pol\u00edcia em Campo Maior - Portal Not\u00edcia em Pauta\",\"isPartOf\":{\"@id\":\"https:\/\/noticiaempauta.com\/portal\/#website\"},\"primaryImageOfPage\":{\"@id\":\"https:\/\/noticiaempauta.com\/portal\/suspeito-de-liderar-roubo-de-cargas-morre-em-confronto-com-a-policia-em-campo-maior\/#primaryimage\"},\"image\":{\"@id\":\"https:\/\/noticiaempauta.com\/portal\/suspeito-de-liderar-roubo-de-cargas-morre-em-confronto-com-a-policia-em-campo-maior\/#primaryimage\"},\"thumbnailUrl\":\"https:\/\/noticiaempauta.com\/portal\/wp-content\/uploads\/2026\/08\/lider-de-grupo-de-roubo-de-cargas-morre-em-confronto-com-a-policia-no-piaui-4f3778ef9e583e99.webp\",\"datePublished\":\"2026-08-31T11:42:11+00:00\",\"dateModified\":\"2026-08-31T11:42:13+00:00\",\"breadcrumb\":{\"@id\":\"https:\/\/noticiaempauta.com\/portal\/suspeito-de-liderar-roubo-de-cargas-morre-em-confronto-com-a-policia-em-campo-maior\/#breadcrumb\"},\"inLanguage\":\"pt-BR\",\"potentialAction\":[{\"@type\":\"ReadAction\",\"target\":[\"https:\/\/noticiaempauta.com\/portal\/suspeito-de-liderar-roubo-de-cargas-morre-em-confronto-com-a-policia-em-campo-maior\/\"]}]},{\"@type\":\"ImageObject\",\"inLanguage\":\"pt-BR\",\"@id\":\"https:\/\/noticiaempauta.com\/portal\/suspeito-de-liderar-roubo-de-cargas-morre-em-confronto-com-a-policia-em-campo-maior\/#primaryimage\",\"url\":\"https:\/\/noticiaempauta.com\/portal\/wp-content\/uploads\/2026\/08\/lider-de-grupo-de-roubo-de-cargas-morre-em-confronto-com-a-policia-no-piaui-4f3778ef9e583e99.webp\",\"contentUrl\":\"https:\/\/noticiaempauta.com\/portal\/wp-content\/uploads\/2026\/08\/lider-de-grupo-de-roubo-de-cargas-morre-em-confronto-com-a-policia-no-piaui-4f3778ef9e583e99.webp\",\"width\":785,\"height\":435},{\"@type\":\"BreadcrumbList\",\"@id\":\"https:\/\/noticiaempauta.com\/portal\/suspeito-de-liderar-roubo-de-cargas-morre-em-confronto-com-a-policia-em-campo-maior\/#breadcrumb\",\"itemListElement\":[{\"@type\":\"ListItem\",\"position\":1,\"name\":\"P\u00e1gina Inicial\",\"item\":\"https:\/\/noticiaempauta.com\/portal\/\"},{\"@type\":\"ListItem\",\"position\":2,\"name\":\"Destaques\",\"item\":\"https:\/\/noticiaempauta.com\/portal\/destaques-site\/\"},{\"@type\":\"ListItem\",\"position\":3,\"name\":\"Suspeito de liderar roubo de cargas morre em confronto com a pol\u00edcia em Campo Maior\"}]},{\"@type\":\"WebSite\",\"@id\":\"https:\/\/noticiaempauta.com\/portal\/#website\",\"url\":\"https:\/\/noticiaempauta.com\/portal\/\",\"name\":\"Portal Not\u00edcia em Pauta\",\"description\":\"Voc\u00ea bem informado\",\"publisher\":{\"@id\":\"https:\/\/noticiaempauta.com\/portal\/#organization\"},\"potentialAction\":[{\"@type\":\"SearchAction\",\"target\":{\"@type\":\"EntryPoint\",\"urlTemplate\":\"https:\/\/noticiaempauta.com\/portal\/?s={search_term_string}\"},\"query-input\":{\"@type\":\"PropertyValueSpecification\",\"valueRequired\":true,\"valueName\":\"search_term_string\"}}],\"inLanguage\":\"pt-BR\"},{\"@type\":\"Organization\",\"@id\":\"https:\/\/noticiaempauta.com\/portal\/#organization\",\"name\":\"Portal Not\u00edcia em Pauta\",\"url\":\"https:\/\/noticiaempauta.com\/portal\/\",\"logo\":{\"@type\":\"ImageObject\",\"inLanguage\":\"pt-BR\",\"@id\":\"https:\/\/noticiaempauta.com\/portal\/#\/schema\/logo\/image\/\",\"url\":\"https:\/\/noticiaempauta.com\/portal\/wp-content\/uploads\/2022\/08\/logomarca_tema.fw_.png\",\"contentUrl\":\"https:\/\/noticiaempauta.com\/portal\/wp-content\/uploads\/2022\/08\/logomarca_tema.fw_.png\",\"width\":400,\"height\":232,\"caption\":\"Portal Not\u00edcia em Pauta\"},\"image\":{\"@id\":\"https:\/\/noticiaempauta.com\/portal\/#\/schema\/logo\/image\/\"},\"sameAs\":[\"https:\/\/www.facebook.com\/Portal-Notcia-Em-Pauta-102292869264820\/\",\"https:\/\/www.instagram.com\/portalnoticiaempauta\/\"]},{\"@type\":\"Person\",\"@id\":\"https:\/\/noticiaempauta.com\/portal\/#\/schema\/person\/a74af43dd1ab3deca45f988c717d57ac\",\"name\":\"Reda\u00e7\u00e3o\",\"image\":{\"@type\":\"ImageObject\",\"inLanguage\":\"pt-BR\",\"@id\":\"https:\/\/noticiaempauta.com\/portal\/#\/schema\/person\/image\/\",\"url\":\"https:\/\/secure.gravatar.com\/avatar\/03179346ecce6cdfc13361603e8f54242a90e5cde8618fa23c5c00aa2b0aadf3?s=96&d=mm&r=g\",\"contentUrl\":\"https:\/\/secure.gravatar.com\/avatar\/03179346ecce6cdfc13361603e8f54242a90e5cde8618fa23c5c00aa2b0aadf3?s=96&d=mm&r=g\",\"caption\":\"Reda\u00e7\u00e3o\"},\"sameAs\":[\"https:\/\/noticiaempauta.com\/portal\/\"],\"url\":\"https:\/\/noticiaempauta.com\/portal\/author\/fernando\/\"}]}<\/script>\n<!-- \/ Yoast SEO Premium plugin. -->","yoast_head_json":{"title":"Suspeito de liderar roubo de cargas morre em confronto com a pol\u00edcia em Campo Maior - Portal Not\u00edcia em Pauta","robots":{"index":"index","follow":"follow","max-snippet":"max-snippet:-1","max-image-preview":"max-image-preview:large","max-video-preview":"max-video-preview:-1"},"canonical":"https:\/\/noticiaempauta.com\/portal\/suspeito-de-liderar-roubo-de-cargas-morre-em-confronto-com-a-policia-em-campo-maior\/","og_locale":"pt_BR","og_type":"article","og_title":"Suspeito de liderar roubo de cargas morre em confronto com a pol\u00edcia em Campo Maior","og_description":"Uma opera\u00e7\u00e3o integrada realizada na noite de domingo (30) resultou na pris\u00e3o em flagrante de dois indiv\u00edduos investigados por integrar uma organiza\u00e7\u00e3o especializada em roubo de cargas, com atua\u00e7\u00e3o em estados das regi\u00f5es Norte e Nordeste. A dupla foi detida no munic\u00edpio de Campo Maior, no Centro-Norte do estado. Durante a opera\u00e7\u00e3o, um dos l\u00edderes [&hellip;]","og_url":"https:\/\/noticiaempauta.com\/portal\/suspeito-de-liderar-roubo-de-cargas-morre-em-confronto-com-a-policia-em-campo-maior\/","og_site_name":"Portal Not\u00edcia em Pauta","article_publisher":"https:\/\/www.facebook.com\/Portal-Notcia-Em-Pauta-102292869264820\/","article_published_time":"2026-08-31T11:42:11+00:00","article_modified_time":"2026-08-31T11:42:13+00:00","og_image":[{"width":785,"height":435,"url":"https:\/\/noticiaempauta.com\/portal\/wp-content\/uploads\/2026\/08\/lider-de-grupo-de-roubo-de-cargas-morre-em-confronto-com-a-policia-no-piaui-4f3778ef9e583e99.webp","type":"image\/webp"}],"author":"Reda\u00e7\u00e3o","twitter_card":"summary_large_image","twitter_misc":{"Escrito por":"Reda\u00e7\u00e3o","Est. tempo de leitura":"3 minutos"},"schema":{"@context":"https:\/\/schema.org","@graph":[{"@type":"Article","@id":"https:\/\/noticiaempauta.com\/portal\/suspeito-de-liderar-roubo-de-cargas-morre-em-confronto-com-a-policia-em-campo-maior\/#article","isPartOf":{"@id":"https:\/\/noticiaempauta.com\/portal\/suspeito-de-liderar-roubo-de-cargas-morre-em-confronto-com-a-policia-em-campo-maior\/"},"author":{"name":"Reda\u00e7\u00e3o","@id":"https:\/\/noticiaempauta.com\/portal\/#\/schema\/person\/a74af43dd1ab3deca45f988c717d57ac"},"headline":"Suspeito de liderar roubo de cargas morre em confronto com a pol\u00edcia em Campo Maior","datePublished":"2026-08-31T11:42:11+00:00","dateModified":"2026-08-31T11:42:13+00:00","mainEntityOfPage":{"@id":"https:\/\/noticiaempauta.com\/portal\/suspeito-de-liderar-roubo-de-cargas-morre-em-confronto-com-a-policia-em-campo-maior\/"},"wordCount":388,"publisher":{"@id":"https:\/\/noticiaempauta.com\/portal\/#organization"},"image":{"@id":"https:\/\/noticiaempauta.com\/portal\/suspeito-de-liderar-roubo-de-cargas-morre-em-confronto-com-a-policia-em-campo-maior\/#primaryimage"},"thumbnailUrl":"https:\/\/noticiaempauta.com\/portal\/wp-content\/uploads\/2026\/08\/lider-de-grupo-de-roubo-de-cargas-morre-em-confronto-com-a-policia-no-piaui-4f3778ef9e583e99.webp","keywords":["destaqueprincipal"],"articleSection":["Destaques","Geral","Pol\u00edcia","Todas as Not\u00edcias"],"inLanguage":"pt-BR"},{"@type":"WebPage","@id":"https:\/\/noticiaempauta.com\/portal\/suspeito-de-liderar-roubo-de-cargas-morre-em-confronto-com-a-policia-em-campo-maior\/","url":"https:\/\/noticiaempauta.com\/portal\/suspeito-de-liderar-roubo-de-cargas-morre-em-confronto-com-a-policia-em-campo-maior\/","name":"Suspeito de liderar roubo de cargas morre em confronto com a pol\u00edcia em Campo Maior - Portal Not\u00edcia em Pauta","isPartOf":{"@id":"https:\/\/noticiaempauta.com\/portal\/#website"},"primaryImageOfPage":{"@id":"https:\/\/noticiaempauta.com\/portal\/suspeito-de-liderar-roubo-de-cargas-morre-em-confronto-com-a-policia-em-campo-maior\/#primaryimage"},"image":{"@id":"https:\/\/noticiaempauta.com\/portal\/suspeito-de-liderar-roubo-de-cargas-morre-em-confronto-com-a-policia-em-campo-maior\/#primaryimage"},"thumbnailUrl":"https:\/\/noticiaempauta.com\/portal\/wp-content\/uploads\/2026\/08\/lider-de-grupo-de-roubo-de-cargas-morre-em-confronto-com-a-policia-no-piaui-4f3778ef9e583e99.webp","datePublished":"2026-08-31T11:42:11+00:00","dateModified":"2026-08-31T11:42:13+00:00","breadcrumb":{"@id":"https:\/\/noticiaempauta.com\/portal\/suspeito-de-liderar-roubo-de-cargas-morre-em-confronto-com-a-policia-em-campo-maior\/#breadcrumb"},"inLanguage":"pt-BR","potentialAction":[{"@type":"ReadAction","target":["https:\/\/noticiaempauta.com\/portal\/suspeito-de-liderar-roubo-de-cargas-morre-em-confronto-com-a-policia-em-campo-maior\/"]}]},{"@type":"ImageObject","inLanguage":"pt-BR","@id":"https:\/\/noticiaempauta.com\/portal\/suspeito-de-liderar-roubo-de-cargas-morre-em-confronto-com-a-policia-em-campo-maior\/#primaryimage","url":"https:\/\/noticiaempauta.com\/portal\/wp-content\/uploads\/2026\/08\/lider-de-grupo-de-roubo-de-cargas-morre-em-confronto-com-a-policia-no-piaui-4f3778ef9e583e99.webp","contentUrl":"https:\/\/noticiaempauta.com\/portal\/wp-content\/uploads\/2026\/08\/lider-de-grupo-de-roubo-de-cargas-morre-em-confronto-com-a-policia-no-piaui-4f3778ef9e583e99.webp","width":785,"height":435},{"@type":"BreadcrumbList","@id":"https:\/\/noticiaempauta.com\/portal\/suspeito-de-liderar-roubo-de-cargas-morre-em-confronto-com-a-policia-em-campo-maior\/#breadcrumb","itemListElement":[{"@type":"ListItem","position":1,"name":"P\u00e1gina Inicial","item":"https:\/\/noticiaempauta.com\/portal\/"},{"@type":"ListItem","position":2,"name":"Destaques","item":"https:\/\/noticiaempauta.com\/portal\/destaques-site\/"},{"@type":"ListItem","position":3,"name":"Suspeito de liderar roubo de cargas morre em confronto com a pol\u00edcia em Campo Maior"}]},{"@type":"WebSite","@id":"https:\/\/noticiaempauta.com\/portal\/#website","url":"https:\/\/noticiaempauta.com\/portal\/","name":"Portal Not\u00edcia em Pauta","description":"Voc\u00ea bem informado","publisher":{"@id":"https:\/\/noticiaempauta.com\/portal\/#organization"},"potentialAction":[{"@type":"SearchAction","target":{"@type":"EntryPoint","urlTemplate":"https:\/\/noticiaempauta.com\/portal\/?s={search_term_string}"},"query-input":{"@type":"PropertyValueSpecification","valueRequired":true,"valueName":"search_term_string"}}],"inLanguage":"pt-BR"},{"@type":"Organization","@id":"https:\/\/noticiaempauta.com\/portal\/#organization","name":"Portal Not\u00edcia em Pauta","url":"https:\/\/noticiaempauta.com\/portal\/","logo":{"@type":"ImageObject","inLanguage":"pt-BR","@id":"https:\/\/noticiaempauta.com\/portal\/#\/schema\/logo\/image\/","url":"https:\/\/noticiaempauta.com\/portal\/wp-content\/uploads\/2022\/08\/logomarca_tema.fw_.png","contentUrl":"https:\/\/noticiaempauta.com\/portal\/wp-content\/uploads\/2022\/08\/logomarca_tema.fw_.png","width":400,"height":232,"caption":"Portal Not\u00edcia em Pauta"},"image":{"@id":"https:\/\/noticiaempauta.com\/portal\/#\/schema\/logo\/image\/"},"sameAs":["https:\/\/www.facebook.com\/Portal-Notcia-Em-Pauta-102292869264820\/","https:\/\/www.instagram.com\/portalnoticiaempauta\/"]},{"@type":"Person","@id":"https:\/\/noticiaempauta.com\/portal\/#\/schema\/person\/a74af43dd1ab3deca45f988c717d57ac","name":"Reda\u00e7\u00e3o","image":{"@type":"ImageObject","inLanguage":"pt-BR","@id":"https:\/\/noticiaempauta.com\/portal\/#\/schema\/person\/image\/","url":"https:\/\/secure.gravatar.com\/avatar\/03179346ecce6cdfc13361603e8f54242a90e5cde8618fa23c5c00aa2b0aadf3?s=96&d=mm&r=g","contentUrl":"https:\/\/secure.gravatar.com\/avatar\/03179346ecce6cdfc13361603e8f54242a90e5cde8618fa23c5c00aa2b0aadf3?s=96&d=mm&r=g","caption":"Reda\u00e7\u00e3o"},"sameAs":["https:\/\/noticiaempauta.com\/portal\/"],"url":"https:\/\/noticiaempauta.com\/portal\/author\/fernando\/"}]}},"_links":{"self":[{"href":"https:\/\/noticiaempauta.com\/portal\/wp-json\/wp\/v2\/posts\/294097","targetHints":{"allow":["GET"]}}],"collection":[{"href":"https:\/\/noticiaempauta.com\/portal\/wp-json\/wp\/v2\/posts"}],"about":[{"href":"https:\/\/noticiaempauta.com\/portal\/wp-json\/wp\/v2\/types\/post"}],"author":[{"embeddable":true,"href":"https:\/\/noticiaempauta.com\/portal\/wp-json\/wp\/v2\/users\/2"}],"replies":[{"embeddable":true,"href":"https:\/\/noticiaempauta.com\/portal\/wp-json\/wp\/v2\/comments?post=294097"}],"version-history":[{"count":2,"href":"https:\/\/noticiaempauta.com\/portal\/wp-json\/wp\/v2\/posts\/294097\/revisions"}],"predecessor-version":[{"id":294103,"href":"https:\/\/noticiaempauta.com\/portal\/wp-json\/wp\/v2\/posts\/294097\/revisions\/294103"}],"wp:featuredmedia":[{"embeddable":true,"href":"https:\/\/noticiaempauta.com\/portal\/wp-json\/wp\/v2\/media\/294098"}],"wp:attachment":[{"href":"https:\/\/noticiaempauta.com\/portal\/wp-json\/wp\/v2\/media?parent=294097"}],"wp:term":[{"taxonomy":"category","embeddable":true,"href":"https:\/\/noticiaempauta.com\/portal\/wp-json\/wp\/v2\/categories?post=294097"},{"taxonomy":"post_tag","embeddable":true,"href":"https:\/\/noticiaempauta.com\/portal\/wp-json\/wp\/v2\/tags?post=294097"}],"curies":[{"name":"wp","href":"https:\/\/api.w.org\/{rel}","templated":true}]}}