{"id":294125,"date":"2026-08-31T11:06:06","date_gmt":"2026-08-31T14:06:06","guid":{"rendered":"https:\/\/noticiaempauta.com\/portal\/?p=294125"},"modified":"2026-08-31T11:06:10","modified_gmt":"2026-08-31T14:06:10","slug":"prefeitura-de-picos-instala-iluminacao-de-led-na-avenida-doroteu-neres","status":"publish","type":"post","link":"https:\/\/noticiaempauta.com\/portal\/prefeitura-de-picos-instala-iluminacao-de-led-na-avenida-doroteu-neres\/","title":{"rendered":"Prefeitura de Picos instala ilumina\u00e7\u00e3o de led na Avenida Doroteu Neres"},"content":{"rendered":"\n<p class=\"wp-block-paragraph\">O FUMIP (Fundo Municipal de Ilumina\u00e7\u00e3o P\u00fablica), instalou ilumina\u00e7\u00e3o de led ao longo de toda a extens\u00e3o da Avenida Doroteu Neres, no Bairro Paraibinha, uma das vias de acesso e circula\u00e7\u00e3o mais relevantes do munic\u00edpio picoense e que liga as BR\u2019s 316 e 407.<\/p>\n\n\n\n<figure class=\"wp-block-image size-large\"><img fetchpriority=\"high\" decoding=\"async\" width=\"1024\" height=\"683\" src=\"https:\/\/noticiaempauta.com\/portal\/wp-content\/uploads\/2026\/08\/CCM_0672-scaled-1-1024x683.webp\" alt=\"\" class=\"wp-image-294126\" srcset=\"https:\/\/noticiaempauta.com\/portal\/wp-content\/uploads\/2026\/08\/CCM_0672-scaled-1-1024x683.webp 1024w, https:\/\/noticiaempauta.com\/portal\/wp-content\/uploads\/2026\/08\/CCM_0672-scaled-1-300x200.webp 300w, https:\/\/noticiaempauta.com\/portal\/wp-content\/uploads\/2026\/08\/CCM_0672-scaled-1-768x512.webp 768w, https:\/\/noticiaempauta.com\/portal\/wp-content\/uploads\/2026\/08\/CCM_0672-scaled-1-1536x1025.webp 1536w, https:\/\/noticiaempauta.com\/portal\/wp-content\/uploads\/2026\/08\/CCM_0672-scaled-1-2048x1366.webp 2048w\" sizes=\"(max-width: 1024px) 100vw, 1024px\" \/><\/figure>\n\n\n\n<p class=\"wp-block-paragraph\">No local, o FUMIP realizou uma extens\u00e3o na rede de 2.250 metros de cada lado da via, totalizando 4.500 metros. Al\u00e9m disso, a obra contemplou a instala\u00e7\u00e3o de 70 lumin\u00e1rias de led na Avenida.<\/p>\n\n\n\n<figure class=\"wp-block-image size-full\"><img decoding=\"async\" width=\"1024\" height=\"683\" src=\"https:\/\/noticiaempauta.com\/portal\/wp-content\/uploads\/2026\/08\/CCM_0677-1024x683-1.webp\" alt=\"\" class=\"wp-image-294127\" srcset=\"https:\/\/noticiaempauta.com\/portal\/wp-content\/uploads\/2026\/08\/CCM_0677-1024x683-1.webp 1024w, https:\/\/noticiaempauta.com\/portal\/wp-content\/uploads\/2026\/08\/CCM_0677-1024x683-1-300x200.webp 300w, https:\/\/noticiaempauta.com\/portal\/wp-content\/uploads\/2026\/08\/CCM_0677-1024x683-1-768x512.webp 768w\" sizes=\"(max-width: 1024px) 100vw, 1024px\" \/><\/figure>\n\n\n\n<p class=\"wp-block-paragraph\">A interven\u00e7\u00e3o foi viabilizada com recursos pr\u00f3prios oriundos do FUMIP. A iniciativa atendeu a uma demanda antiga da comunidade local e dos condutores que utilizam a via diariamente. A medida beneficia um trecho que h\u00e1 anos necessitava de investimentos estruturais para garantir a trafegabilidade noturna e a valoriza\u00e7\u00e3o do espa\u00e7o urbano.<\/p>\n\n\n\n<figure class=\"wp-block-image size-full\"><img decoding=\"async\" width=\"1024\" height=\"683\" src=\"https:\/\/noticiaempauta.com\/portal\/wp-content\/uploads\/2026\/08\/CCM_0675-1024x683-1.webp\" alt=\"\" class=\"wp-image-294128\" srcset=\"https:\/\/noticiaempauta.com\/portal\/wp-content\/uploads\/2026\/08\/CCM_0675-1024x683-1.webp 1024w, https:\/\/noticiaempauta.com\/portal\/wp-content\/uploads\/2026\/08\/CCM_0675-1024x683-1-300x200.webp 300w, https:\/\/noticiaempauta.com\/portal\/wp-content\/uploads\/2026\/08\/CCM_0675-1024x683-1-768x512.webp 768w\" sizes=\"(max-width: 1024px) 100vw, 1024px\" \/><\/figure>\n\n\n\n<p class=\"wp-block-paragraph\">\u201cS\u00e3o 48 anos, gente, de espera aqui na Doroteu Neres. Para quem n\u00e3o sabe, a Doroteu Neres \u00e9 a avenida do Clube dos Professores. E com essa obra vamos beneficiar moradores da COHAB, Paraibinha, Malhada Grande dos Teixeiras e Samambaia. E lembrando, tudo com recurso pr\u00f3prio do munic\u00edpio. E \u00e9 isso que o povo de Picos quer. Quer que a gente continue trabalhando para melhorar a qualidade de vida do nosso povo\u201d, pontuou o prefeito, Dr. Pablo Santos (MDB).<\/p>\n\n\n\n<figure class=\"wp-block-image size-full\"><img loading=\"lazy\" decoding=\"async\" width=\"1024\" height=\"683\" src=\"https:\/\/noticiaempauta.com\/portal\/wp-content\/uploads\/2026\/08\/CCM_0650-1024x683-1.webp\" alt=\"\" class=\"wp-image-294129\" srcset=\"https:\/\/noticiaempauta.com\/portal\/wp-content\/uploads\/2026\/08\/CCM_0650-1024x683-1.webp 1024w, https:\/\/noticiaempauta.com\/portal\/wp-content\/uploads\/2026\/08\/CCM_0650-1024x683-1-300x200.webp 300w, https:\/\/noticiaempauta.com\/portal\/wp-content\/uploads\/2026\/08\/CCM_0650-1024x683-1-768x512.webp 768w\" sizes=\"(max-width: 1024px) 100vw, 1024px\" \/><\/figure>\n\n\n\n<figure class=\"wp-block-image size-full\"><img loading=\"lazy\" decoding=\"async\" width=\"1024\" height=\"683\" src=\"https:\/\/noticiaempauta.com\/portal\/wp-content\/uploads\/2026\/08\/CCM_0646-1024x683-1.webp\" alt=\"\" class=\"wp-image-294130\" srcset=\"https:\/\/noticiaempauta.com\/portal\/wp-content\/uploads\/2026\/08\/CCM_0646-1024x683-1.webp 1024w, https:\/\/noticiaempauta.com\/portal\/wp-content\/uploads\/2026\/08\/CCM_0646-1024x683-1-300x200.webp 300w, https:\/\/noticiaempauta.com\/portal\/wp-content\/uploads\/2026\/08\/CCM_0646-1024x683-1-768x512.webp 768w\" sizes=\"(max-width: 1024px) 100vw, 1024px\" \/><\/figure>\n","protected":false},"excerpt":{"rendered":"<p>O FUMIP (Fundo Municipal de Ilumina\u00e7\u00e3o P\u00fablica), instalou ilumina\u00e7\u00e3o de led ao longo de toda a extens\u00e3o da Avenida Doroteu Neres, no Bairro Paraibinha, uma das vias de acesso e circula\u00e7\u00e3o mais relevantes do munic\u00edpio picoense e que liga as BR\u2019s 316 e 407. No local, o FUMIP realizou uma extens\u00e3o na rede de 2.250 [&hellip;]<\/p>\n","protected":false},"author":2,"featured_media":294126,"comment_status":"closed","ping_status":"closed","sticky":false,"template":"","format":"standard","meta":{"_mi_skip_tracking":false,"footnotes":""},"categories":[25,1,16],"tags":[192],"class_list":["post-294125","post","type-post","status-publish","format-standard","has-post-thumbnail","hentry","category-destaques-site","category-geral","category-todas","tag-destaqueprincipal"],"acf":[],"yoast_head":"<!-- This site is optimized with the Yoast SEO Premium plugin v19.2 (Yoast SEO v26.9) - https:\/\/yoast.com\/product\/yoast-seo-premium-wordpress\/ -->\n<title>Prefeitura de Picos instala ilumina\u00e7\u00e3o de led na Avenida Doroteu Neres - Portal Not\u00edcia em Pauta<\/title>\n<meta name=\"robots\" content=\"index, follow, max-snippet:-1, max-image-preview:large, max-video-preview:-1\" \/>\n<link rel=\"canonical\" href=\"https:\/\/noticiaempauta.com\/portal\/prefeitura-de-picos-instala-iluminacao-de-led-na-avenida-doroteu-neres\/\" \/>\n<meta property=\"og:locale\" content=\"pt_BR\" \/>\n<meta property=\"og:type\" content=\"article\" \/>\n<meta property=\"og:title\" content=\"Prefeitura de Picos instala ilumina\u00e7\u00e3o de led na Avenida Doroteu Neres\" \/>\n<meta property=\"og:description\" content=\"O FUMIP (Fundo Municipal de Ilumina\u00e7\u00e3o P\u00fablica), instalou ilumina\u00e7\u00e3o de led ao longo de toda a extens\u00e3o da Avenida Doroteu Neres, no Bairro Paraibinha, uma das vias de acesso e circula\u00e7\u00e3o mais relevantes do munic\u00edpio picoense e que liga as BR\u2019s 316 e 407. No local, o FUMIP realizou uma extens\u00e3o na rede de 2.250 [&hellip;]\" \/>\n<meta property=\"og:url\" content=\"https:\/\/noticiaempauta.com\/portal\/prefeitura-de-picos-instala-iluminacao-de-led-na-avenida-doroteu-neres\/\" \/>\n<meta property=\"og:site_name\" content=\"Portal Not\u00edcia em Pauta\" \/>\n<meta property=\"article:publisher\" content=\"https:\/\/www.facebook.com\/Portal-Notcia-Em-Pauta-102292869264820\/\" \/>\n<meta property=\"article:published_time\" content=\"2026-08-31T14:06:06+00:00\" \/>\n<meta property=\"article:modified_time\" content=\"2026-08-31T14:06:10+00:00\" \/>\n<meta property=\"og:image\" content=\"https:\/\/noticiaempauta.com\/portal\/wp-content\/uploads\/2026\/08\/CCM_0672-scaled-1.webp\" \/>\n\t<meta property=\"og:image:width\" content=\"2560\" \/>\n\t<meta property=\"og:image:height\" content=\"1708\" \/>\n\t<meta property=\"og:image:type\" content=\"image\/webp\" \/>\n<meta name=\"author\" content=\"Reda\u00e7\u00e3o\" \/>\n<meta name=\"twitter:card\" content=\"summary_large_image\" \/>\n<meta name=\"twitter:label1\" content=\"Escrito por\" \/>\n\t<meta name=\"twitter:data1\" content=\"Reda\u00e7\u00e3o\" \/>\n\t<meta name=\"twitter:label2\" content=\"Est. tempo de leitura\" \/>\n\t<meta name=\"twitter:data2\" content=\"3 minutos\" \/>\n<script type=\"application\/ld+json\" class=\"yoast-schema-graph\">{\"@context\":\"https:\/\/schema.org\",\"@graph\":[{\"@type\":\"Article\",\"@id\":\"https:\/\/noticiaempauta.com\/portal\/prefeitura-de-picos-instala-iluminacao-de-led-na-avenida-doroteu-neres\/#article\",\"isPartOf\":{\"@id\":\"https:\/\/noticiaempauta.com\/portal\/prefeitura-de-picos-instala-iluminacao-de-led-na-avenida-doroteu-neres\/\"},\"author\":{\"name\":\"Reda\u00e7\u00e3o\",\"@id\":\"https:\/\/noticiaempauta.com\/portal\/#\/schema\/person\/a74af43dd1ab3deca45f988c717d57ac\"},\"headline\":\"Prefeitura de Picos instala ilumina\u00e7\u00e3o de led na Avenida Doroteu Neres\",\"datePublished\":\"2026-08-31T14:06:06+00:00\",\"dateModified\":\"2026-08-31T14:06:10+00:00\",\"mainEntityOfPage\":{\"@id\":\"https:\/\/noticiaempauta.com\/portal\/prefeitura-de-picos-instala-iluminacao-de-led-na-avenida-doroteu-neres\/\"},\"wordCount\":231,\"publisher\":{\"@id\":\"https:\/\/noticiaempauta.com\/portal\/#organization\"},\"image\":{\"@id\":\"https:\/\/noticiaempauta.com\/portal\/prefeitura-de-picos-instala-iluminacao-de-led-na-avenida-doroteu-neres\/#primaryimage\"},\"thumbnailUrl\":\"https:\/\/noticiaempauta.com\/portal\/wp-content\/uploads\/2026\/08\/CCM_0672-scaled-1.webp\",\"keywords\":[\"destaqueprincipal\"],\"articleSection\":[\"Destaques\",\"Geral\",\"Todas as Not\u00edcias\"],\"inLanguage\":\"pt-BR\"},{\"@type\":\"WebPage\",\"@id\":\"https:\/\/noticiaempauta.com\/portal\/prefeitura-de-picos-instala-iluminacao-de-led-na-avenida-doroteu-neres\/\",\"url\":\"https:\/\/noticiaempauta.com\/portal\/prefeitura-de-picos-instala-iluminacao-de-led-na-avenida-doroteu-neres\/\",\"name\":\"Prefeitura de Picos instala ilumina\u00e7\u00e3o de led na Avenida Doroteu Neres - Portal Not\u00edcia em Pauta\",\"isPartOf\":{\"@id\":\"https:\/\/noticiaempauta.com\/portal\/#website\"},\"primaryImageOfPage\":{\"@id\":\"https:\/\/noticiaempauta.com\/portal\/prefeitura-de-picos-instala-iluminacao-de-led-na-avenida-doroteu-neres\/#primaryimage\"},\"image\":{\"@id\":\"https:\/\/noticiaempauta.com\/portal\/prefeitura-de-picos-instala-iluminacao-de-led-na-avenida-doroteu-neres\/#primaryimage\"},\"thumbnailUrl\":\"https:\/\/noticiaempauta.com\/portal\/wp-content\/uploads\/2026\/08\/CCM_0672-scaled-1.webp\",\"datePublished\":\"2026-08-31T14:06:06+00:00\",\"dateModified\":\"2026-08-31T14:06:10+00:00\",\"breadcrumb\":{\"@id\":\"https:\/\/noticiaempauta.com\/portal\/prefeitura-de-picos-instala-iluminacao-de-led-na-avenida-doroteu-neres\/#breadcrumb\"},\"inLanguage\":\"pt-BR\",\"potentialAction\":[{\"@type\":\"ReadAction\",\"target\":[\"https:\/\/noticiaempauta.com\/portal\/prefeitura-de-picos-instala-iluminacao-de-led-na-avenida-doroteu-neres\/\"]}]},{\"@type\":\"ImageObject\",\"inLanguage\":\"pt-BR\",\"@id\":\"https:\/\/noticiaempauta.com\/portal\/prefeitura-de-picos-instala-iluminacao-de-led-na-avenida-doroteu-neres\/#primaryimage\",\"url\":\"https:\/\/noticiaempauta.com\/portal\/wp-content\/uploads\/2026\/08\/CCM_0672-scaled-1.webp\",\"contentUrl\":\"https:\/\/noticiaempauta.com\/portal\/wp-content\/uploads\/2026\/08\/CCM_0672-scaled-1.webp\",\"width\":2560,\"height\":1708},{\"@type\":\"BreadcrumbList\",\"@id\":\"https:\/\/noticiaempauta.com\/portal\/prefeitura-de-picos-instala-iluminacao-de-led-na-avenida-doroteu-neres\/#breadcrumb\",\"itemListElement\":[{\"@type\":\"ListItem\",\"position\":1,\"name\":\"P\u00e1gina Inicial\",\"item\":\"https:\/\/noticiaempauta.com\/portal\/\"},{\"@type\":\"ListItem\",\"position\":2,\"name\":\"Destaques\",\"item\":\"https:\/\/noticiaempauta.com\/portal\/destaques-site\/\"},{\"@type\":\"ListItem\",\"position\":3,\"name\":\"Prefeitura de Picos instala ilumina\u00e7\u00e3o de led na Avenida Doroteu Neres\"}]},{\"@type\":\"WebSite\",\"@id\":\"https:\/\/noticiaempauta.com\/portal\/#website\",\"url\":\"https:\/\/noticiaempauta.com\/portal\/\",\"name\":\"Portal Not\u00edcia em Pauta\",\"description\":\"Voc\u00ea bem informado\",\"publisher\":{\"@id\":\"https:\/\/noticiaempauta.com\/portal\/#organization\"},\"potentialAction\":[{\"@type\":\"SearchAction\",\"target\":{\"@type\":\"EntryPoint\",\"urlTemplate\":\"https:\/\/noticiaempauta.com\/portal\/?s={search_term_string}\"},\"query-input\":{\"@type\":\"PropertyValueSpecification\",\"valueRequired\":true,\"valueName\":\"search_term_string\"}}],\"inLanguage\":\"pt-BR\"},{\"@type\":\"Organization\",\"@id\":\"https:\/\/noticiaempauta.com\/portal\/#organization\",\"name\":\"Portal Not\u00edcia em Pauta\",\"url\":\"https:\/\/noticiaempauta.com\/portal\/\",\"logo\":{\"@type\":\"ImageObject\",\"inLanguage\":\"pt-BR\",\"@id\":\"https:\/\/noticiaempauta.com\/portal\/#\/schema\/logo\/image\/\",\"url\":\"https:\/\/noticiaempauta.com\/portal\/wp-content\/uploads\/2022\/08\/logomarca_tema.fw_.png\",\"contentUrl\":\"https:\/\/noticiaempauta.com\/portal\/wp-content\/uploads\/2022\/08\/logomarca_tema.fw_.png\",\"width\":400,\"height\":232,\"caption\":\"Portal Not\u00edcia em Pauta\"},\"image\":{\"@id\":\"https:\/\/noticiaempauta.com\/portal\/#\/schema\/logo\/image\/\"},\"sameAs\":[\"https:\/\/www.facebook.com\/Portal-Notcia-Em-Pauta-102292869264820\/\",\"https:\/\/www.instagram.com\/portalnoticiaempauta\/\"]},{\"@type\":\"Person\",\"@id\":\"https:\/\/noticiaempauta.com\/portal\/#\/schema\/person\/a74af43dd1ab3deca45f988c717d57ac\",\"name\":\"Reda\u00e7\u00e3o\",\"image\":{\"@type\":\"ImageObject\",\"inLanguage\":\"pt-BR\",\"@id\":\"https:\/\/noticiaempauta.com\/portal\/#\/schema\/person\/image\/\",\"url\":\"https:\/\/secure.gravatar.com\/avatar\/03179346ecce6cdfc13361603e8f54242a90e5cde8618fa23c5c00aa2b0aadf3?s=96&d=mm&r=g\",\"contentUrl\":\"https:\/\/secure.gravatar.com\/avatar\/03179346ecce6cdfc13361603e8f54242a90e5cde8618fa23c5c00aa2b0aadf3?s=96&d=mm&r=g\",\"caption\":\"Reda\u00e7\u00e3o\"},\"sameAs\":[\"https:\/\/noticiaempauta.com\/portal\/\"],\"url\":\"https:\/\/noticiaempauta.com\/portal\/author\/fernando\/\"}]}<\/script>\n<!-- \/ Yoast SEO Premium plugin. -->","yoast_head_json":{"title":"Prefeitura de Picos instala ilumina\u00e7\u00e3o de led na Avenida Doroteu Neres - Portal Not\u00edcia em Pauta","robots":{"index":"index","follow":"follow","max-snippet":"max-snippet:-1","max-image-preview":"max-image-preview:large","max-video-preview":"max-video-preview:-1"},"canonical":"https:\/\/noticiaempauta.com\/portal\/prefeitura-de-picos-instala-iluminacao-de-led-na-avenida-doroteu-neres\/","og_locale":"pt_BR","og_type":"article","og_title":"Prefeitura de Picos instala ilumina\u00e7\u00e3o de led na Avenida Doroteu Neres","og_description":"O FUMIP (Fundo Municipal de Ilumina\u00e7\u00e3o P\u00fablica), instalou ilumina\u00e7\u00e3o de led ao longo de toda a extens\u00e3o da Avenida Doroteu Neres, no Bairro Paraibinha, uma das vias de acesso e circula\u00e7\u00e3o mais relevantes do munic\u00edpio picoense e que liga as BR\u2019s 316 e 407. No local, o FUMIP realizou uma extens\u00e3o na rede de 2.250 [&hellip;]","og_url":"https:\/\/noticiaempauta.com\/portal\/prefeitura-de-picos-instala-iluminacao-de-led-na-avenida-doroteu-neres\/","og_site_name":"Portal Not\u00edcia em Pauta","article_publisher":"https:\/\/www.facebook.com\/Portal-Notcia-Em-Pauta-102292869264820\/","article_published_time":"2026-08-31T14:06:06+00:00","article_modified_time":"2026-08-31T14:06:10+00:00","og_image":[{"width":2560,"height":1708,"url":"https:\/\/noticiaempauta.com\/portal\/wp-content\/uploads\/2026\/08\/CCM_0672-scaled-1.webp","type":"image\/webp"}],"author":"Reda\u00e7\u00e3o","twitter_card":"summary_large_image","twitter_misc":{"Escrito por":"Reda\u00e7\u00e3o","Est. tempo de leitura":"3 minutos"},"schema":{"@context":"https:\/\/schema.org","@graph":[{"@type":"Article","@id":"https:\/\/noticiaempauta.com\/portal\/prefeitura-de-picos-instala-iluminacao-de-led-na-avenida-doroteu-neres\/#article","isPartOf":{"@id":"https:\/\/noticiaempauta.com\/portal\/prefeitura-de-picos-instala-iluminacao-de-led-na-avenida-doroteu-neres\/"},"author":{"name":"Reda\u00e7\u00e3o","@id":"https:\/\/noticiaempauta.com\/portal\/#\/schema\/person\/a74af43dd1ab3deca45f988c717d57ac"},"headline":"Prefeitura de Picos instala ilumina\u00e7\u00e3o de led na Avenida Doroteu Neres","datePublished":"2026-08-31T14:06:06+00:00","dateModified":"2026-08-31T14:06:10+00:00","mainEntityOfPage":{"@id":"https:\/\/noticiaempauta.com\/portal\/prefeitura-de-picos-instala-iluminacao-de-led-na-avenida-doroteu-neres\/"},"wordCount":231,"publisher":{"@id":"https:\/\/noticiaempauta.com\/portal\/#organization"},"image":{"@id":"https:\/\/noticiaempauta.com\/portal\/prefeitura-de-picos-instala-iluminacao-de-led-na-avenida-doroteu-neres\/#primaryimage"},"thumbnailUrl":"https:\/\/noticiaempauta.com\/portal\/wp-content\/uploads\/2026\/08\/CCM_0672-scaled-1.webp","keywords":["destaqueprincipal"],"articleSection":["Destaques","Geral","Todas as Not\u00edcias"],"inLanguage":"pt-BR"},{"@type":"WebPage","@id":"https:\/\/noticiaempauta.com\/portal\/prefeitura-de-picos-instala-iluminacao-de-led-na-avenida-doroteu-neres\/","url":"https:\/\/noticiaempauta.com\/portal\/prefeitura-de-picos-instala-iluminacao-de-led-na-avenida-doroteu-neres\/","name":"Prefeitura de Picos instala ilumina\u00e7\u00e3o de led na Avenida Doroteu Neres - Portal Not\u00edcia em Pauta","isPartOf":{"@id":"https:\/\/noticiaempauta.com\/portal\/#website"},"primaryImageOfPage":{"@id":"https:\/\/noticiaempauta.com\/portal\/prefeitura-de-picos-instala-iluminacao-de-led-na-avenida-doroteu-neres\/#primaryimage"},"image":{"@id":"https:\/\/noticiaempauta.com\/portal\/prefeitura-de-picos-instala-iluminacao-de-led-na-avenida-doroteu-neres\/#primaryimage"},"thumbnailUrl":"https:\/\/noticiaempauta.com\/portal\/wp-content\/uploads\/2026\/08\/CCM_0672-scaled-1.webp","datePublished":"2026-08-31T14:06:06+00:00","dateModified":"2026-08-31T14:06:10+00:00","breadcrumb":{"@id":"https:\/\/noticiaempauta.com\/portal\/prefeitura-de-picos-instala-iluminacao-de-led-na-avenida-doroteu-neres\/#breadcrumb"},"inLanguage":"pt-BR","potentialAction":[{"@type":"ReadAction","target":["https:\/\/noticiaempauta.com\/portal\/prefeitura-de-picos-instala-iluminacao-de-led-na-avenida-doroteu-neres\/"]}]},{"@type":"ImageObject","inLanguage":"pt-BR","@id":"https:\/\/noticiaempauta.com\/portal\/prefeitura-de-picos-instala-iluminacao-de-led-na-avenida-doroteu-neres\/#primaryimage","url":"https:\/\/noticiaempauta.com\/portal\/wp-content\/uploads\/2026\/08\/CCM_0672-scaled-1.webp","contentUrl":"https:\/\/noticiaempauta.com\/portal\/wp-content\/uploads\/2026\/08\/CCM_0672-scaled-1.webp","width":2560,"height":1708},{"@type":"BreadcrumbList","@id":"https:\/\/noticiaempauta.com\/portal\/prefeitura-de-picos-instala-iluminacao-de-led-na-avenida-doroteu-neres\/#breadcrumb","itemListElement":[{"@type":"ListItem","position":1,"name":"P\u00e1gina Inicial","item":"https:\/\/noticiaempauta.com\/portal\/"},{"@type":"ListItem","position":2,"name":"Destaques","item":"https:\/\/noticiaempauta.com\/portal\/destaques-site\/"},{"@type":"ListItem","position":3,"name":"Prefeitura de Picos instala ilumina\u00e7\u00e3o de led na Avenida Doroteu Neres"}]},{"@type":"WebSite","@id":"https:\/\/noticiaempauta.com\/portal\/#website","url":"https:\/\/noticiaempauta.com\/portal\/","name":"Portal Not\u00edcia em Pauta","description":"Voc\u00ea bem informado","publisher":{"@id":"https:\/\/noticiaempauta.com\/portal\/#organization"},"potentialAction":[{"@type":"SearchAction","target":{"@type":"EntryPoint","urlTemplate":"https:\/\/noticiaempauta.com\/portal\/?s={search_term_string}"},"query-input":{"@type":"PropertyValueSpecification","valueRequired":true,"valueName":"search_term_string"}}],"inLanguage":"pt-BR"},{"@type":"Organization","@id":"https:\/\/noticiaempauta.com\/portal\/#organization","name":"Portal Not\u00edcia em Pauta","url":"https:\/\/noticiaempauta.com\/portal\/","logo":{"@type":"ImageObject","inLanguage":"pt-BR","@id":"https:\/\/noticiaempauta.com\/portal\/#\/schema\/logo\/image\/","url":"https:\/\/noticiaempauta.com\/portal\/wp-content\/uploads\/2022\/08\/logomarca_tema.fw_.png","contentUrl":"https:\/\/noticiaempauta.com\/portal\/wp-content\/uploads\/2022\/08\/logomarca_tema.fw_.png","width":400,"height":232,"caption":"Portal Not\u00edcia em Pauta"},"image":{"@id":"https:\/\/noticiaempauta.com\/portal\/#\/schema\/logo\/image\/"},"sameAs":["https:\/\/www.facebook.com\/Portal-Notcia-Em-Pauta-102292869264820\/","https:\/\/www.instagram.com\/portalnoticiaempauta\/"]},{"@type":"Person","@id":"https:\/\/noticiaempauta.com\/portal\/#\/schema\/person\/a74af43dd1ab3deca45f988c717d57ac","name":"Reda\u00e7\u00e3o","image":{"@type":"ImageObject","inLanguage":"pt-BR","@id":"https:\/\/noticiaempauta.com\/portal\/#\/schema\/person\/image\/","url":"https:\/\/secure.gravatar.com\/avatar\/03179346ecce6cdfc13361603e8f54242a90e5cde8618fa23c5c00aa2b0aadf3?s=96&d=mm&r=g","contentUrl":"https:\/\/secure.gravatar.com\/avatar\/03179346ecce6cdfc13361603e8f54242a90e5cde8618fa23c5c00aa2b0aadf3?s=96&d=mm&r=g","caption":"Reda\u00e7\u00e3o"},"sameAs":["https:\/\/noticiaempauta.com\/portal\/"],"url":"https:\/\/noticiaempauta.com\/portal\/author\/fernando\/"}]}},"_links":{"self":[{"href":"https:\/\/noticiaempauta.com\/portal\/wp-json\/wp\/v2\/posts\/294125","targetHints":{"allow":["GET"]}}],"collection":[{"href":"https:\/\/noticiaempauta.com\/portal\/wp-json\/wp\/v2\/posts"}],"about":[{"href":"https:\/\/noticiaempauta.com\/portal\/wp-json\/wp\/v2\/types\/post"}],"author":[{"embeddable":true,"href":"https:\/\/noticiaempauta.com\/portal\/wp-json\/wp\/v2\/users\/2"}],"replies":[{"embeddable":true,"href":"https:\/\/noticiaempauta.com\/portal\/wp-json\/wp\/v2\/comments?post=294125"}],"version-history":[{"count":2,"href":"https:\/\/noticiaempauta.com\/portal\/wp-json\/wp\/v2\/posts\/294125\/revisions"}],"predecessor-version":[{"id":294132,"href":"https:\/\/noticiaempauta.com\/portal\/wp-json\/wp\/v2\/posts\/294125\/revisions\/294132"}],"wp:featuredmedia":[{"embeddable":true,"href":"https:\/\/noticiaempauta.com\/portal\/wp-json\/wp\/v2\/media\/294126"}],"wp:attachment":[{"href":"https:\/\/noticiaempauta.com\/portal\/wp-json\/wp\/v2\/media?parent=294125"}],"wp:term":[{"taxonomy":"category","embeddable":true,"href":"https:\/\/noticiaempauta.com\/portal\/wp-json\/wp\/v2\/categories?post=294125"},{"taxonomy":"post_tag","embeddable":true,"href":"https:\/\/noticiaempauta.com\/portal\/wp-json\/wp\/v2\/tags?post=294125"}],"curies":[{"name":"wp","href":"https:\/\/api.w.org\/{rel}","templated":true}]}}