{"id":294141,"date":"2026-09-01T09:18:17","date_gmt":"2026-09-01T12:18:17","guid":{"rendered":"https:\/\/noticiaempauta.com\/portal\/?p=294141"},"modified":"2026-09-01T09:18:38","modified_gmt":"2026-09-01T12:18:38","slug":"deputado-dr-thales-coelho-aparece-entre-os-nomes-mais-lembrados-para-deputado-estadual-em-pesquisa-do-instituto-opinar","status":"publish","type":"post","link":"https:\/\/noticiaempauta.com\/portal\/deputado-dr-thales-coelho-aparece-entre-os-nomes-mais-lembrados-para-deputado-estadual-em-pesquisa-do-instituto-opinar\/","title":{"rendered":"Deputado Dr. Thales Coelho aparece entre os nomes mais lembrados para deputado estadual em pesquisa do Instituto Opinar"},"content":{"rendered":"\n<p class=\"wp-block-paragraph\">O deputado estadual Dr. Thales Coelho (PT), candidato \u00e0 reelei\u00e7\u00e3o, aparece entre os nomes mais lembrados pelos eleitores piauienses na disputa por uma vaga na Assembleia Legislativa do Piau\u00ed (Alepi), segundo pesquisa de inten\u00e7\u00e3o de voto realizada pelo Instituto Opinar e divulgada nesta segunda-feira (31).<\/p>\n\n\n\n<figure class=\"wp-block-image size-large\"><img fetchpriority=\"high\" decoding=\"async\" width=\"1024\" height=\"865\" src=\"https:\/\/noticiaempauta.com\/portal\/wp-content\/uploads\/2026\/03\/thales2026-1024x865.webp\" alt=\"\" class=\"wp-image-286827\" srcset=\"https:\/\/noticiaempauta.com\/portal\/wp-content\/uploads\/2026\/03\/thales2026-1024x865.webp 1024w, https:\/\/noticiaempauta.com\/portal\/wp-content\/uploads\/2026\/03\/thales2026-300x253.webp 300w, https:\/\/noticiaempauta.com\/portal\/wp-content\/uploads\/2026\/03\/thales2026-768x649.webp 768w, https:\/\/noticiaempauta.com\/portal\/wp-content\/uploads\/2026\/03\/thales2026.webp 1280w\" sizes=\"(max-width: 1024px) 100vw, 1024px\" \/><figcaption class=\"wp-element-caption\"><em>(Foto: Arquivo\/NoticiaEmPauta)<\/em><\/figcaption><\/figure>\n\n\n\n<p class=\"wp-block-paragraph\">No levantamento espont\u00e2neo para deputado estadual, modalidade em que o entrevistado informa livremente o nome de sua prefer\u00eancia, sem apresenta\u00e7\u00e3o de lista de candidatos, Dr. Thales Coelho foi citado por 10 entrevistados, o equivalente a 0,83% das inten\u00e7\u00f5es de voto.<\/p>\n\n\n\n<p class=\"wp-block-paragraph\">O resultado refor\u00e7a a presen\u00e7a de Dr. Thales Coelho no cen\u00e1rio pol\u00edtico estadual, em um momento de ampla dispers\u00e3o das inten\u00e7\u00f5es de voto, com mais de 20 nomes citados espontaneamente pelos entrevistados.<\/p>\n\n\n\n<p class=\"wp-block-paragraph\">Ao comentar o resultado, o deputado avaliou positivamente o levantamento. &#8220;\u00c9 a resposta das ruas ao trabalho que a gente vem fazendo h\u00e1 quatro anos. Numa pesquisa espont\u00e2nea, em que o eleitor cita o nome de cabe\u00e7a, sem lista nenhuma na frente, esse resultado tem muito valor para a gente. Seguimos visitando de norte a sul do Piau\u00ed, com o mesmo compromisso de sempre&#8221;, afirmou Dr. Thales Coelho.<\/p>\n\n\n\n<p class=\"wp-block-paragraph\">A pesquisa foi realizada entre os dias 20 e 23 de agosto de 2026 e ouviu 1.200 eleitores do Piau\u00ed com 16 anos ou mais, em entrevistas domiciliares e individuais. O levantamento possui n\u00edvel de confian\u00e7a de 95% e margem de erro de 2,83 pontos percentuais, para mais ou para menos.<\/p>\n\n\n\n<p class=\"wp-block-paragraph\">O estudo foi registrado no Tribunal Regional Eleitoral do Piau\u00ed sob o n\u00famero PI-01038\/2026, com divulga\u00e7\u00e3o em 31 de agosto de 2026.<\/p>\n\n\n\n<p class=\"wp-block-paragraph\">A amostra contemplou diferentes regi\u00f5es do estado, distribu\u00eddas entre os territ\u00f3rios de desenvolvimento. Foram realizadas entrevistas em munic\u00edpios das regi\u00f5es dos Cerrados, Litoral, Meio Norte e Semi\u00e1rido, incluindo cidades como Teresina, Parna\u00edba, Picos, Floriano, Campo Maior, Piripiri e Oeiras, entre outras, totalizando 1.200 entrevistas distribu\u00eddas em diferentes munic\u00edpios piauienses, conforme a metodologia apresentada pelo instituto.<\/p>\n","protected":false},"excerpt":{"rendered":"<p>O deputado estadual Dr. Thales Coelho (PT), candidato \u00e0 reelei\u00e7\u00e3o, aparece entre os nomes mais lembrados pelos eleitores piauienses na disputa por uma vaga na Assembleia Legislativa do Piau\u00ed (Alepi), segundo pesquisa de inten\u00e7\u00e3o de voto realizada pelo Instituto Opinar e divulgada nesta segunda-feira (31). No levantamento espont\u00e2neo para deputado estadual, modalidade em que o [&hellip;]<\/p>\n","protected":false},"author":2,"featured_media":286827,"comment_status":"closed","ping_status":"closed","sticky":false,"template":"","format":"standard","meta":{"_mi_skip_tracking":false,"footnotes":""},"categories":[25,1,3,16],"tags":[192],"class_list":["post-294141","post","type-post","status-publish","format-standard","has-post-thumbnail","hentry","category-destaques-site","category-geral","category-politica","category-todas","tag-destaqueprincipal"],"acf":[],"yoast_head":"<!-- This site is optimized with the Yoast SEO Premium plugin v19.2 (Yoast SEO v26.9) - https:\/\/yoast.com\/product\/yoast-seo-premium-wordpress\/ -->\n<title>Deputado Dr. Thales Coelho aparece entre os nomes mais lembrados para deputado estadual em pesquisa do Instituto Opinar - Portal Not\u00edcia em Pauta<\/title>\n<meta name=\"robots\" content=\"index, follow, max-snippet:-1, max-image-preview:large, max-video-preview:-1\" \/>\n<link rel=\"canonical\" href=\"https:\/\/noticiaempauta.com\/portal\/deputado-dr-thales-coelho-aparece-entre-os-nomes-mais-lembrados-para-deputado-estadual-em-pesquisa-do-instituto-opinar\/\" \/>\n<meta property=\"og:locale\" content=\"pt_BR\" \/>\n<meta property=\"og:type\" content=\"article\" \/>\n<meta property=\"og:title\" content=\"Deputado Dr. Thales Coelho aparece entre os nomes mais lembrados para deputado estadual em pesquisa do Instituto Opinar\" \/>\n<meta property=\"og:description\" content=\"O deputado estadual Dr. Thales Coelho (PT), candidato \u00e0 reelei\u00e7\u00e3o, aparece entre os nomes mais lembrados pelos eleitores piauienses na disputa por uma vaga na Assembleia Legislativa do Piau\u00ed (Alepi), segundo pesquisa de inten\u00e7\u00e3o de voto realizada pelo Instituto Opinar e divulgada nesta segunda-feira (31). No levantamento espont\u00e2neo para deputado estadual, modalidade em que o [&hellip;]\" \/>\n<meta property=\"og:url\" content=\"https:\/\/noticiaempauta.com\/portal\/deputado-dr-thales-coelho-aparece-entre-os-nomes-mais-lembrados-para-deputado-estadual-em-pesquisa-do-instituto-opinar\/\" \/>\n<meta property=\"og:site_name\" content=\"Portal Not\u00edcia em Pauta\" \/>\n<meta property=\"article:publisher\" content=\"https:\/\/www.facebook.com\/Portal-Notcia-Em-Pauta-102292869264820\/\" \/>\n<meta property=\"article:published_time\" content=\"2026-09-01T12:18:17+00:00\" \/>\n<meta property=\"article:modified_time\" content=\"2026-09-01T12:18:38+00:00\" \/>\n<meta property=\"og:image\" content=\"https:\/\/noticiaempauta.com\/portal\/wp-content\/uploads\/2026\/03\/thales2026.webp\" \/>\n\t<meta property=\"og:image:width\" content=\"1280\" \/>\n\t<meta property=\"og:image:height\" content=\"1081\" \/>\n\t<meta property=\"og:image:type\" content=\"image\/webp\" \/>\n<meta name=\"author\" content=\"Reda\u00e7\u00e3o\" \/>\n<meta name=\"twitter:card\" content=\"summary_large_image\" \/>\n<meta name=\"twitter:label1\" content=\"Escrito por\" \/>\n\t<meta name=\"twitter:data1\" content=\"Reda\u00e7\u00e3o\" \/>\n\t<meta name=\"twitter:label2\" content=\"Est. tempo de leitura\" \/>\n\t<meta name=\"twitter:data2\" content=\"3 minutos\" \/>\n<script type=\"application\/ld+json\" class=\"yoast-schema-graph\">{\"@context\":\"https:\/\/schema.org\",\"@graph\":[{\"@type\":\"Article\",\"@id\":\"https:\/\/noticiaempauta.com\/portal\/deputado-dr-thales-coelho-aparece-entre-os-nomes-mais-lembrados-para-deputado-estadual-em-pesquisa-do-instituto-opinar\/#article\",\"isPartOf\":{\"@id\":\"https:\/\/noticiaempauta.com\/portal\/deputado-dr-thales-coelho-aparece-entre-os-nomes-mais-lembrados-para-deputado-estadual-em-pesquisa-do-instituto-opinar\/\"},\"author\":{\"name\":\"Reda\u00e7\u00e3o\",\"@id\":\"https:\/\/noticiaempauta.com\/portal\/#\/schema\/person\/a74af43dd1ab3deca45f988c717d57ac\"},\"headline\":\"Deputado Dr. Thales Coelho aparece entre os nomes mais lembrados para deputado estadual em pesquisa do Instituto Opinar\",\"datePublished\":\"2026-09-01T12:18:17+00:00\",\"dateModified\":\"2026-09-01T12:18:38+00:00\",\"mainEntityOfPage\":{\"@id\":\"https:\/\/noticiaempauta.com\/portal\/deputado-dr-thales-coelho-aparece-entre-os-nomes-mais-lembrados-para-deputado-estadual-em-pesquisa-do-instituto-opinar\/\"},\"wordCount\":345,\"publisher\":{\"@id\":\"https:\/\/noticiaempauta.com\/portal\/#organization\"},\"image\":{\"@id\":\"https:\/\/noticiaempauta.com\/portal\/deputado-dr-thales-coelho-aparece-entre-os-nomes-mais-lembrados-para-deputado-estadual-em-pesquisa-do-instituto-opinar\/#primaryimage\"},\"thumbnailUrl\":\"https:\/\/noticiaempauta.com\/portal\/wp-content\/uploads\/2026\/03\/thales2026.webp\",\"keywords\":[\"destaqueprincipal\"],\"articleSection\":[\"Destaques\",\"Geral\",\"Pol\u00edtica\",\"Todas as Not\u00edcias\"],\"inLanguage\":\"pt-BR\"},{\"@type\":\"WebPage\",\"@id\":\"https:\/\/noticiaempauta.com\/portal\/deputado-dr-thales-coelho-aparece-entre-os-nomes-mais-lembrados-para-deputado-estadual-em-pesquisa-do-instituto-opinar\/\",\"url\":\"https:\/\/noticiaempauta.com\/portal\/deputado-dr-thales-coelho-aparece-entre-os-nomes-mais-lembrados-para-deputado-estadual-em-pesquisa-do-instituto-opinar\/\",\"name\":\"Deputado Dr. Thales Coelho aparece entre os nomes mais lembrados para deputado estadual em pesquisa do Instituto Opinar - Portal Not\u00edcia em Pauta\",\"isPartOf\":{\"@id\":\"https:\/\/noticiaempauta.com\/portal\/#website\"},\"primaryImageOfPage\":{\"@id\":\"https:\/\/noticiaempauta.com\/portal\/deputado-dr-thales-coelho-aparece-entre-os-nomes-mais-lembrados-para-deputado-estadual-em-pesquisa-do-instituto-opinar\/#primaryimage\"},\"image\":{\"@id\":\"https:\/\/noticiaempauta.com\/portal\/deputado-dr-thales-coelho-aparece-entre-os-nomes-mais-lembrados-para-deputado-estadual-em-pesquisa-do-instituto-opinar\/#primaryimage\"},\"thumbnailUrl\":\"https:\/\/noticiaempauta.com\/portal\/wp-content\/uploads\/2026\/03\/thales2026.webp\",\"datePublished\":\"2026-09-01T12:18:17+00:00\",\"dateModified\":\"2026-09-01T12:18:38+00:00\",\"breadcrumb\":{\"@id\":\"https:\/\/noticiaempauta.com\/portal\/deputado-dr-thales-coelho-aparece-entre-os-nomes-mais-lembrados-para-deputado-estadual-em-pesquisa-do-instituto-opinar\/#breadcrumb\"},\"inLanguage\":\"pt-BR\",\"potentialAction\":[{\"@type\":\"ReadAction\",\"target\":[\"https:\/\/noticiaempauta.com\/portal\/deputado-dr-thales-coelho-aparece-entre-os-nomes-mais-lembrados-para-deputado-estadual-em-pesquisa-do-instituto-opinar\/\"]}]},{\"@type\":\"ImageObject\",\"inLanguage\":\"pt-BR\",\"@id\":\"https:\/\/noticiaempauta.com\/portal\/deputado-dr-thales-coelho-aparece-entre-os-nomes-mais-lembrados-para-deputado-estadual-em-pesquisa-do-instituto-opinar\/#primaryimage\",\"url\":\"https:\/\/noticiaempauta.com\/portal\/wp-content\/uploads\/2026\/03\/thales2026.webp\",\"contentUrl\":\"https:\/\/noticiaempauta.com\/portal\/wp-content\/uploads\/2026\/03\/thales2026.webp\",\"width\":1280,\"height\":1081},{\"@type\":\"BreadcrumbList\",\"@id\":\"https:\/\/noticiaempauta.com\/portal\/deputado-dr-thales-coelho-aparece-entre-os-nomes-mais-lembrados-para-deputado-estadual-em-pesquisa-do-instituto-opinar\/#breadcrumb\",\"itemListElement\":[{\"@type\":\"ListItem\",\"position\":1,\"name\":\"P\u00e1gina Inicial\",\"item\":\"https:\/\/noticiaempauta.com\/portal\/\"},{\"@type\":\"ListItem\",\"position\":2,\"name\":\"Destaques\",\"item\":\"https:\/\/noticiaempauta.com\/portal\/destaques-site\/\"},{\"@type\":\"ListItem\",\"position\":3,\"name\":\"Deputado Dr. Thales Coelho aparece entre os nomes mais lembrados para deputado estadual em pesquisa do Instituto Opinar\"}]},{\"@type\":\"WebSite\",\"@id\":\"https:\/\/noticiaempauta.com\/portal\/#website\",\"url\":\"https:\/\/noticiaempauta.com\/portal\/\",\"name\":\"Portal Not\u00edcia em Pauta\",\"description\":\"Voc\u00ea bem informado\",\"publisher\":{\"@id\":\"https:\/\/noticiaempauta.com\/portal\/#organization\"},\"potentialAction\":[{\"@type\":\"SearchAction\",\"target\":{\"@type\":\"EntryPoint\",\"urlTemplate\":\"https:\/\/noticiaempauta.com\/portal\/?s={search_term_string}\"},\"query-input\":{\"@type\":\"PropertyValueSpecification\",\"valueRequired\":true,\"valueName\":\"search_term_string\"}}],\"inLanguage\":\"pt-BR\"},{\"@type\":\"Organization\",\"@id\":\"https:\/\/noticiaempauta.com\/portal\/#organization\",\"name\":\"Portal Not\u00edcia em Pauta\",\"url\":\"https:\/\/noticiaempauta.com\/portal\/\",\"logo\":{\"@type\":\"ImageObject\",\"inLanguage\":\"pt-BR\",\"@id\":\"https:\/\/noticiaempauta.com\/portal\/#\/schema\/logo\/image\/\",\"url\":\"https:\/\/noticiaempauta.com\/portal\/wp-content\/uploads\/2022\/08\/logomarca_tema.fw_.png\",\"contentUrl\":\"https:\/\/noticiaempauta.com\/portal\/wp-content\/uploads\/2022\/08\/logomarca_tema.fw_.png\",\"width\":400,\"height\":232,\"caption\":\"Portal Not\u00edcia em Pauta\"},\"image\":{\"@id\":\"https:\/\/noticiaempauta.com\/portal\/#\/schema\/logo\/image\/\"},\"sameAs\":[\"https:\/\/www.facebook.com\/Portal-Notcia-Em-Pauta-102292869264820\/\",\"https:\/\/www.instagram.com\/portalnoticiaempauta\/\"]},{\"@type\":\"Person\",\"@id\":\"https:\/\/noticiaempauta.com\/portal\/#\/schema\/person\/a74af43dd1ab3deca45f988c717d57ac\",\"name\":\"Reda\u00e7\u00e3o\",\"image\":{\"@type\":\"ImageObject\",\"inLanguage\":\"pt-BR\",\"@id\":\"https:\/\/noticiaempauta.com\/portal\/#\/schema\/person\/image\/\",\"url\":\"https:\/\/secure.gravatar.com\/avatar\/03179346ecce6cdfc13361603e8f54242a90e5cde8618fa23c5c00aa2b0aadf3?s=96&d=mm&r=g\",\"contentUrl\":\"https:\/\/secure.gravatar.com\/avatar\/03179346ecce6cdfc13361603e8f54242a90e5cde8618fa23c5c00aa2b0aadf3?s=96&d=mm&r=g\",\"caption\":\"Reda\u00e7\u00e3o\"},\"sameAs\":[\"https:\/\/noticiaempauta.com\/portal\/\"],\"url\":\"https:\/\/noticiaempauta.com\/portal\/author\/fernando\/\"}]}<\/script>\n<!-- \/ Yoast SEO Premium plugin. -->","yoast_head_json":{"title":"Deputado Dr. Thales Coelho aparece entre os nomes mais lembrados para deputado estadual em pesquisa do Instituto Opinar - Portal Not\u00edcia em Pauta","robots":{"index":"index","follow":"follow","max-snippet":"max-snippet:-1","max-image-preview":"max-image-preview:large","max-video-preview":"max-video-preview:-1"},"canonical":"https:\/\/noticiaempauta.com\/portal\/deputado-dr-thales-coelho-aparece-entre-os-nomes-mais-lembrados-para-deputado-estadual-em-pesquisa-do-instituto-opinar\/","og_locale":"pt_BR","og_type":"article","og_title":"Deputado Dr. Thales Coelho aparece entre os nomes mais lembrados para deputado estadual em pesquisa do Instituto Opinar","og_description":"O deputado estadual Dr. Thales Coelho (PT), candidato \u00e0 reelei\u00e7\u00e3o, aparece entre os nomes mais lembrados pelos eleitores piauienses na disputa por uma vaga na Assembleia Legislativa do Piau\u00ed (Alepi), segundo pesquisa de inten\u00e7\u00e3o de voto realizada pelo Instituto Opinar e divulgada nesta segunda-feira (31). No levantamento espont\u00e2neo para deputado estadual, modalidade em que o [&hellip;]","og_url":"https:\/\/noticiaempauta.com\/portal\/deputado-dr-thales-coelho-aparece-entre-os-nomes-mais-lembrados-para-deputado-estadual-em-pesquisa-do-instituto-opinar\/","og_site_name":"Portal Not\u00edcia em Pauta","article_publisher":"https:\/\/www.facebook.com\/Portal-Notcia-Em-Pauta-102292869264820\/","article_published_time":"2026-09-01T12:18:17+00:00","article_modified_time":"2026-09-01T12:18:38+00:00","og_image":[{"width":1280,"height":1081,"url":"https:\/\/noticiaempauta.com\/portal\/wp-content\/uploads\/2026\/03\/thales2026.webp","type":"image\/webp"}],"author":"Reda\u00e7\u00e3o","twitter_card":"summary_large_image","twitter_misc":{"Escrito por":"Reda\u00e7\u00e3o","Est. tempo de leitura":"3 minutos"},"schema":{"@context":"https:\/\/schema.org","@graph":[{"@type":"Article","@id":"https:\/\/noticiaempauta.com\/portal\/deputado-dr-thales-coelho-aparece-entre-os-nomes-mais-lembrados-para-deputado-estadual-em-pesquisa-do-instituto-opinar\/#article","isPartOf":{"@id":"https:\/\/noticiaempauta.com\/portal\/deputado-dr-thales-coelho-aparece-entre-os-nomes-mais-lembrados-para-deputado-estadual-em-pesquisa-do-instituto-opinar\/"},"author":{"name":"Reda\u00e7\u00e3o","@id":"https:\/\/noticiaempauta.com\/portal\/#\/schema\/person\/a74af43dd1ab3deca45f988c717d57ac"},"headline":"Deputado Dr. Thales Coelho aparece entre os nomes mais lembrados para deputado estadual em pesquisa do Instituto Opinar","datePublished":"2026-09-01T12:18:17+00:00","dateModified":"2026-09-01T12:18:38+00:00","mainEntityOfPage":{"@id":"https:\/\/noticiaempauta.com\/portal\/deputado-dr-thales-coelho-aparece-entre-os-nomes-mais-lembrados-para-deputado-estadual-em-pesquisa-do-instituto-opinar\/"},"wordCount":345,"publisher":{"@id":"https:\/\/noticiaempauta.com\/portal\/#organization"},"image":{"@id":"https:\/\/noticiaempauta.com\/portal\/deputado-dr-thales-coelho-aparece-entre-os-nomes-mais-lembrados-para-deputado-estadual-em-pesquisa-do-instituto-opinar\/#primaryimage"},"thumbnailUrl":"https:\/\/noticiaempauta.com\/portal\/wp-content\/uploads\/2026\/03\/thales2026.webp","keywords":["destaqueprincipal"],"articleSection":["Destaques","Geral","Pol\u00edtica","Todas as Not\u00edcias"],"inLanguage":"pt-BR"},{"@type":"WebPage","@id":"https:\/\/noticiaempauta.com\/portal\/deputado-dr-thales-coelho-aparece-entre-os-nomes-mais-lembrados-para-deputado-estadual-em-pesquisa-do-instituto-opinar\/","url":"https:\/\/noticiaempauta.com\/portal\/deputado-dr-thales-coelho-aparece-entre-os-nomes-mais-lembrados-para-deputado-estadual-em-pesquisa-do-instituto-opinar\/","name":"Deputado Dr. Thales Coelho aparece entre os nomes mais lembrados para deputado estadual em pesquisa do Instituto Opinar - Portal Not\u00edcia em Pauta","isPartOf":{"@id":"https:\/\/noticiaempauta.com\/portal\/#website"},"primaryImageOfPage":{"@id":"https:\/\/noticiaempauta.com\/portal\/deputado-dr-thales-coelho-aparece-entre-os-nomes-mais-lembrados-para-deputado-estadual-em-pesquisa-do-instituto-opinar\/#primaryimage"},"image":{"@id":"https:\/\/noticiaempauta.com\/portal\/deputado-dr-thales-coelho-aparece-entre-os-nomes-mais-lembrados-para-deputado-estadual-em-pesquisa-do-instituto-opinar\/#primaryimage"},"thumbnailUrl":"https:\/\/noticiaempauta.com\/portal\/wp-content\/uploads\/2026\/03\/thales2026.webp","datePublished":"2026-09-01T12:18:17+00:00","dateModified":"2026-09-01T12:18:38+00:00","breadcrumb":{"@id":"https:\/\/noticiaempauta.com\/portal\/deputado-dr-thales-coelho-aparece-entre-os-nomes-mais-lembrados-para-deputado-estadual-em-pesquisa-do-instituto-opinar\/#breadcrumb"},"inLanguage":"pt-BR","potentialAction":[{"@type":"ReadAction","target":["https:\/\/noticiaempauta.com\/portal\/deputado-dr-thales-coelho-aparece-entre-os-nomes-mais-lembrados-para-deputado-estadual-em-pesquisa-do-instituto-opinar\/"]}]},{"@type":"ImageObject","inLanguage":"pt-BR","@id":"https:\/\/noticiaempauta.com\/portal\/deputado-dr-thales-coelho-aparece-entre-os-nomes-mais-lembrados-para-deputado-estadual-em-pesquisa-do-instituto-opinar\/#primaryimage","url":"https:\/\/noticiaempauta.com\/portal\/wp-content\/uploads\/2026\/03\/thales2026.webp","contentUrl":"https:\/\/noticiaempauta.com\/portal\/wp-content\/uploads\/2026\/03\/thales2026.webp","width":1280,"height":1081},{"@type":"BreadcrumbList","@id":"https:\/\/noticiaempauta.com\/portal\/deputado-dr-thales-coelho-aparece-entre-os-nomes-mais-lembrados-para-deputado-estadual-em-pesquisa-do-instituto-opinar\/#breadcrumb","itemListElement":[{"@type":"ListItem","position":1,"name":"P\u00e1gina Inicial","item":"https:\/\/noticiaempauta.com\/portal\/"},{"@type":"ListItem","position":2,"name":"Destaques","item":"https:\/\/noticiaempauta.com\/portal\/destaques-site\/"},{"@type":"ListItem","position":3,"name":"Deputado Dr. Thales Coelho aparece entre os nomes mais lembrados para deputado estadual em pesquisa do Instituto Opinar"}]},{"@type":"WebSite","@id":"https:\/\/noticiaempauta.com\/portal\/#website","url":"https:\/\/noticiaempauta.com\/portal\/","name":"Portal Not\u00edcia em Pauta","description":"Voc\u00ea bem informado","publisher":{"@id":"https:\/\/noticiaempauta.com\/portal\/#organization"},"potentialAction":[{"@type":"SearchAction","target":{"@type":"EntryPoint","urlTemplate":"https:\/\/noticiaempauta.com\/portal\/?s={search_term_string}"},"query-input":{"@type":"PropertyValueSpecification","valueRequired":true,"valueName":"search_term_string"}}],"inLanguage":"pt-BR"},{"@type":"Organization","@id":"https:\/\/noticiaempauta.com\/portal\/#organization","name":"Portal Not\u00edcia em Pauta","url":"https:\/\/noticiaempauta.com\/portal\/","logo":{"@type":"ImageObject","inLanguage":"pt-BR","@id":"https:\/\/noticiaempauta.com\/portal\/#\/schema\/logo\/image\/","url":"https:\/\/noticiaempauta.com\/portal\/wp-content\/uploads\/2022\/08\/logomarca_tema.fw_.png","contentUrl":"https:\/\/noticiaempauta.com\/portal\/wp-content\/uploads\/2022\/08\/logomarca_tema.fw_.png","width":400,"height":232,"caption":"Portal Not\u00edcia em Pauta"},"image":{"@id":"https:\/\/noticiaempauta.com\/portal\/#\/schema\/logo\/image\/"},"sameAs":["https:\/\/www.facebook.com\/Portal-Notcia-Em-Pauta-102292869264820\/","https:\/\/www.instagram.com\/portalnoticiaempauta\/"]},{"@type":"Person","@id":"https:\/\/noticiaempauta.com\/portal\/#\/schema\/person\/a74af43dd1ab3deca45f988c717d57ac","name":"Reda\u00e7\u00e3o","image":{"@type":"ImageObject","inLanguage":"pt-BR","@id":"https:\/\/noticiaempauta.com\/portal\/#\/schema\/person\/image\/","url":"https:\/\/secure.gravatar.com\/avatar\/03179346ecce6cdfc13361603e8f54242a90e5cde8618fa23c5c00aa2b0aadf3?s=96&d=mm&r=g","contentUrl":"https:\/\/secure.gravatar.com\/avatar\/03179346ecce6cdfc13361603e8f54242a90e5cde8618fa23c5c00aa2b0aadf3?s=96&d=mm&r=g","caption":"Reda\u00e7\u00e3o"},"sameAs":["https:\/\/noticiaempauta.com\/portal\/"],"url":"https:\/\/noticiaempauta.com\/portal\/author\/fernando\/"}]}},"_links":{"self":[{"href":"https:\/\/noticiaempauta.com\/portal\/wp-json\/wp\/v2\/posts\/294141","targetHints":{"allow":["GET"]}}],"collection":[{"href":"https:\/\/noticiaempauta.com\/portal\/wp-json\/wp\/v2\/posts"}],"about":[{"href":"https:\/\/noticiaempauta.com\/portal\/wp-json\/wp\/v2\/types\/post"}],"author":[{"embeddable":true,"href":"https:\/\/noticiaempauta.com\/portal\/wp-json\/wp\/v2\/users\/2"}],"replies":[{"embeddable":true,"href":"https:\/\/noticiaempauta.com\/portal\/wp-json\/wp\/v2\/comments?post=294141"}],"version-history":[{"count":2,"href":"https:\/\/noticiaempauta.com\/portal\/wp-json\/wp\/v2\/posts\/294141\/revisions"}],"predecessor-version":[{"id":294143,"href":"https:\/\/noticiaempauta.com\/portal\/wp-json\/wp\/v2\/posts\/294141\/revisions\/294143"}],"wp:featuredmedia":[{"embeddable":true,"href":"https:\/\/noticiaempauta.com\/portal\/wp-json\/wp\/v2\/media\/286827"}],"wp:attachment":[{"href":"https:\/\/noticiaempauta.com\/portal\/wp-json\/wp\/v2\/media?parent=294141"}],"wp:term":[{"taxonomy":"category","embeddable":true,"href":"https:\/\/noticiaempauta.com\/portal\/wp-json\/wp\/v2\/categories?post=294141"},{"taxonomy":"post_tag","embeddable":true,"href":"https:\/\/noticiaempauta.com\/portal\/wp-json\/wp\/v2\/tags?post=294141"}],"curies":[{"name":"wp","href":"https:\/\/api.w.org\/{rel}","templated":true}]}}