{"id":294155,"date":"2026-09-01T11:30:09","date_gmt":"2026-09-01T14:30:09","guid":{"rendered":"https:\/\/noticiaempauta.com\/portal\/?p=294155"},"modified":"2026-09-01T11:30:12","modified_gmt":"2026-09-01T14:30:12","slug":"comunidade-catolica-do-bairro-ipueiras-se-prepara-para-celebrar-o-55-festejo-de-nossa-senhora-do-perpetuo-socorro-confira-programacao","status":"publish","type":"post","link":"https:\/\/noticiaempauta.com\/portal\/comunidade-catolica-do-bairro-ipueiras-se-prepara-para-celebrar-o-55-festejo-de-nossa-senhora-do-perpetuo-socorro-confira-programacao\/","title":{"rendered":"Comunidade cat\u00f3lica do bairro Ipueiras se prepara para celebrar o 55\u00b0 Festejo de Nossa Senhora do Perp\u00e9tuo Socorro; confira programa\u00e7\u00e3o"},"content":{"rendered":"\n<p class=\"wp-block-paragraph\">De 04 a 13 de setembro, \u00e0<strong>\u00a0<\/strong>comunidade cat\u00f3lica do bairro Ipueiras em Picos, pertencente a Par\u00f3quia S\u00e3o Jos\u00e9 Oper\u00e1rio, ir\u00e1 celebrar a\u00a0<strong>55\u00b0 Festa em honra a Nossa Senhora do Perp\u00e9tuo Socorro<\/strong>, que neste ano tem como tema\u00a0<strong>\u201cCom a M\u00e3e do Perp\u00e9tuo Socorro, viver os Sacramentos\u201d.<\/strong><\/p>\n\n\n\n<figure class=\"wp-block-image size-large\"><img fetchpriority=\"high\" decoding=\"async\" width=\"1024\" height=\"768\" src=\"https:\/\/noticiaempauta.com\/portal\/wp-content\/uploads\/2026\/09\/igrejaipuerias-1024x768.webp\" alt=\"\" class=\"wp-image-294156\" srcset=\"https:\/\/noticiaempauta.com\/portal\/wp-content\/uploads\/2026\/09\/igrejaipuerias-1024x768.webp 1024w, https:\/\/noticiaempauta.com\/portal\/wp-content\/uploads\/2026\/09\/igrejaipuerias-300x225.webp 300w, https:\/\/noticiaempauta.com\/portal\/wp-content\/uploads\/2026\/09\/igrejaipuerias-768x576.webp 768w, https:\/\/noticiaempauta.com\/portal\/wp-content\/uploads\/2026\/09\/igrejaipuerias.webp 1280w\" sizes=\"(max-width: 1024px) 100vw, 1024px\" \/><figcaption class=\"wp-element-caption\"><em>Igreja Nossa Senhora do Perp\u00e9tuo Socorro (Foto: Arquivo\/NoticiaEmPauta)<\/em><\/figcaption><\/figure>\n\n\n\n<p class=\"wp-block-paragraph\">O festejo ter\u00e1 in\u00edcio na pr\u00f3xima sexta-feira, 04 de setembro, as 05h com Alvorada Festiva. Durante as nove noites que antecede a Missa Solene, os fi\u00e9is ter\u00e3o a oportunidade de participar diariamente do Of\u00edcio de Nossa Senhora \u00e0s 12h, a recita\u00e7\u00e3o do ter\u00e7o \u00e0s 18h e Novena\/missa \u00e0s 19h.<\/p>\n\n\n\n<figure class=\"wp-block-image size-large\"><img decoding=\"async\" width=\"494\" height=\"1024\" src=\"https:\/\/noticiaempauta.com\/portal\/wp-content\/uploads\/2026\/09\/WhatsApp-Image-2026-09-01-at-11.28.40-494x1024.webp\" alt=\"\" class=\"wp-image-294157\" srcset=\"https:\/\/noticiaempauta.com\/portal\/wp-content\/uploads\/2026\/09\/WhatsApp-Image-2026-09-01-at-11.28.40-494x1024.webp 494w, https:\/\/noticiaempauta.com\/portal\/wp-content\/uploads\/2026\/09\/WhatsApp-Image-2026-09-01-at-11.28.40-145x300.webp 145w, https:\/\/noticiaempauta.com\/portal\/wp-content\/uploads\/2026\/09\/WhatsApp-Image-2026-09-01-at-11.28.40.webp 618w\" sizes=\"(max-width: 494px) 100vw, 494px\" \/><\/figure>\n\n\n\n<p class=\"wp-block-paragraph\">A organiza\u00e7\u00e3o convida toda a popula\u00e7\u00e3o para participar das celebra\u00e7\u00f5es, que contar\u00e3o com a presen\u00e7a de padres e comunidades a cada noite.<\/p>\n\n\n\n<p class=\"wp-block-paragraph\"><strong>Confira a programa\u00e7\u00e3o:<\/strong><\/p>\n\n\n\n<p class=\"wp-block-paragraph\"><strong>04\/09\/2026 (Sexta-feira)<\/strong><\/p>\n\n\n\n<ul class=\"wp-block-list\">\n<li>05h \u2013 Alvorada<\/li>\n\n\n\n<li>12h \u2013 Of\u00edcio (Setor 07)<\/li>\n\n\n\n<li>18h \u2013 Ter\u00e7o \u2013 Movimento THMR<\/li>\n\n\n\n<li>19h \u2013 Novena\/Missa<\/li>\n\n\n\n<li>Celebrante: Pe. Jo\u00e3o Pereira<\/li>\n\n\n\n<li>Convidados: Apostolado da Ora\u00e7\u00e3o da sede, Apostolado da Ora\u00e7\u00e3o de Baixio de Ipueiras, Setor 01 (Sede Paroquial, Morada Nova, Morada do Sol e Louzinho Monteiro)<\/li>\n\n\n\n<li>Quermesse: Setor 02 e noit\u00e1rios. <\/li>\n<\/ul>\n\n\n\n<p class=\"wp-block-paragraph\"><strong>05\/09\/2026 (S\u00e1bado)<\/strong><\/p>\n\n\n\n<ul class=\"wp-block-list\">\n<li>12h \u2013 Of\u00edcio (Setor 06)<\/li>\n\n\n\n<li>18h \u2013 Ter\u00e7o \u2013 Legi\u00e3o de Maria<\/li>\n\n\n\n<li>19h \u2013 Novena\/Missa<\/li>\n\n\n\n<li>Celebrante: Pe. Francisco Borges<\/li>\n\n\n\n<li>Convidados: Pastoral do D\u00edzimo; Setor 03 (Carna\u00edba, Cristovinho, Mirol\u00e2ndia, Tr\u00eas Potes, Junco dos Monteiros, Nossa Senhora da Sa\u00fade, Atalho, Baixio S\u00e3o Jos\u00e9 e Caldeir\u00e3o dos Borges)<\/li>\n\n\n\n<li>Quermesse: Setor 04 e noit\u00e1rios. <\/li>\n<\/ul>\n\n\n\n<p class=\"wp-block-paragraph\"><strong>06\/09\/2026 (Domingo)<\/strong><\/p>\n\n\n\n<ul class=\"wp-block-list\">\n<li>12h \u2013 Of\u00edcio (Setor 05)<\/li>\n\n\n\n<li>18h \u2013 Ter\u00e7o \u2013 Movimento Mission\u00e1rio M\u00e3e Rainha<\/li>\n\n\n\n<li>19h \u2013 Novena\/Missa<\/li>\n\n\n\n<li>Celebrante: Pe. Francisco Barbosa<\/li>\n\n\n\n<li>Convidados: Catequese Infantil, jovens, coroinhas, profissionais da educa\u00e7\u00e3o, SINTE, 9\u00aa GRE, irm\u00e3s religiosas e consagradas<\/li>\n\n\n\n<li>Quermesse: Setor 06 e noit\u00e1rios. <\/li>\n<\/ul>\n\n\n\n<p class=\"wp-block-paragraph\"><strong>07\/09\/2026 (Segunda-feira)<\/strong><\/p>\n\n\n\n<ul class=\"wp-block-list\">\n<li>12h \u2013 Of\u00edcio (Setor 04)<\/li>\n\n\n\n<li>18h \u2013 Ter\u00e7o \u2013 Movimento THMR<\/li>\n\n\n\n<li>19h \u2013 Novena\/Missa<\/li>\n\n\n\n<li>Celebrante: Dom Pl\u00ednio<\/li>\n\n\n\n<li>Convidados: EJC, Amigos do Semin\u00e1rio, R\u00e1dio Cultura, CNLB, Setor 02 (Estrivaria, Bocol\u00f4, Serra do Tanque, Gameleira dos Galdinos, Curralinho, Tanque)<\/li>\n\n\n\n<li>Quermesse: Setor 05 e noit\u00e1rios. <\/li>\n<\/ul>\n\n\n\n<p class=\"wp-block-paragraph\"><strong>08\/09\/2026 (Ter\u00e7a-feira)<\/strong><\/p>\n\n\n\n<ul class=\"wp-block-list\">\n<li>12h \u2013 Of\u00edcio (Setor 03)<\/li>\n\n\n\n<li>18h \u2013 Ter\u00e7o \u2013 Movimento Ter\u00e7o das Mulheres<\/li>\n\n\n\n<li>19h \u2013 Novena\/Missa<\/li>\n\n\n\n<li>Celebrante: Pe. Pio<\/li>\n\n\n\n<li>Convidados: Movimento M\u00e3e Rainha das 4 par\u00f3quias, MESCE, AMUPA, Ter\u00e7o das Mulheres e comunidades do Setor 05 (Baixio de Ipueiras, Umari e Lagoa Comprida)<\/li>\n\n\n\n<li>Quermesse: Setor 01 e noit\u00e1rios. <\/li>\n<\/ul>\n\n\n\n<p class=\"wp-block-paragraph\"><strong>09\/09\/2026 (Quarta-feira)<\/strong><\/p>\n\n\n\n<ul class=\"wp-block-list\">\n<li>12h \u2013 Of\u00edcio (Setor 02)<\/li>\n\n\n\n<li>18h \u2013 Ter\u00e7o \u2013 Apostolado da Ora\u00e7\u00e3o<\/li>\n\n\n\n<li>19h \u2013 Novena\/Missa<\/li>\n\n\n\n<li>Celebrante: Pe. Manuel<\/li>\n\n\n\n<li>Convidados: Legi\u00e3o de Maria, profissionais da sa\u00fade, SAMU, CMIAL CAPS II, PSF Ipueiras, 9\u00aa GRS e Setor 06 (Ipueiras, Macambira, Malhada Grande, Saco dos Morcegos e Brejinho)<\/li>\n\n\n\n<li>Quermesse: Setor 07 e noit\u00e1rios. <\/li>\n<\/ul>\n\n\n\n<p class=\"wp-block-paragraph\"><strong>10\/09\/2026 (Quinta-feira)<\/strong><\/p>\n\n\n\n<ul class=\"wp-block-list\">\n<li>12h \u2013 Of\u00edcio (Setor 01)<\/li>\n\n\n\n<li>18h \u2013 Ter\u00e7o \u2013 Pastoral do D\u00edzimo<\/li>\n\n\n\n<li>19h \u2013 Novena\/Missa<\/li>\n\n\n\n<li>Celebrante: Pe. Ferdiran Fontes<\/li>\n\n\n\n<li>Convidados: Pastoral da Boa A\u00e7\u00e3o, THMR das 4 par\u00f3quias, Tamboril, Novo Paquet\u00e1 e Curralinho de Bocaina<\/li>\n\n\n\n<li>Quermesse: Setor 03 e noit\u00e1rios. <\/li>\n<\/ul>\n\n\n\n<p class=\"wp-block-paragraph\"><strong>11\/09\/2026 (Sexta-feira)<\/strong><\/p>\n\n\n\n<ul class=\"wp-block-list\">\n<li>12h \u2013 THMR<\/li>\n\n\n\n<li>18h \u2013 Ter\u00e7o \u2013 Pastoral Familiar<\/li>\n\n\n\n<li>19h \u2013 Novena\/Missa<\/li>\n\n\n\n<li>Celebrante: Pe. Miguel Feitosa<\/li>\n\n\n\n<li>Convidados: Apostolado da Ora\u00e7\u00e3o da Igrejinha, Apostolado da Ora\u00e7\u00e3o do DNER, Par\u00f3quia S\u00e3o Francisco, RCC, GERVE e Setor 04 (Chapadinha, Lagoa dos F\u00e9lix, Coroat\u00e1, Angico Torto, Mocambo, Pirco dos Nogueiras e Pau d\u2019Arco)<\/li>\n\n\n\n<li>Quermesse: EJC, THMR, Conselho Comunit\u00e1rio e noit\u00e1rios. <\/li>\n<\/ul>\n\n\n\n<p class=\"wp-block-paragraph\"><strong>12\/09\/2026 (S\u00e1bado)<\/strong><\/p>\n\n\n\n<ul class=\"wp-block-list\">\n<li>12h \u2013 Conselho Comunit\u00e1rio<\/li>\n\n\n\n<li>18h \u2013 Ter\u00e7o \u2013 Pastoral da Catequese<\/li>\n\n\n\n<li>19h \u2013 Novena\/Missa<\/li>\n\n\n\n<li>Celebrante: Pe. Jo\u00e3o Pereira<\/li>\n\n\n\n<li>Convidados: Pastoral Familiar das 4 par\u00f3quias, Conselho Comunit\u00e1rio, ECC, Lions, comerciantes e trabalhadores aut\u00f4nomos<\/li>\n\n\n\n<li>Quermesse: Pastoral Familiar, Pastoral da Boa A\u00e7\u00e3o, ECC e noit\u00e1rios<\/li>\n\n\n\n<li>Tradicional Leil\u00e3o. <\/li>\n<\/ul>\n\n\n\n<p class=\"wp-block-paragraph\"><strong>13\/09\/2026 (Domingo) \u2013 Encerramento<\/strong><\/p>\n\n\n\n<ul class=\"wp-block-list\">\n<li>08h00 \u2013 Missa Solene da Festa de Nossa Senhora do Perp\u00e9tuo Socorro<\/li>\n\n\n\n<li>Celebrante: Pe. Jo\u00e3o Pereira<\/li>\n\n\n\n<li>Equipe de Liturgia e Conselho Comunit\u00e1rio. <\/li>\n<\/ul>\n\n\n\n<p class=\"wp-block-paragraph\"><\/p>\n","protected":false},"excerpt":{"rendered":"<p>De 04 a 13 de setembro, \u00e0\u00a0comunidade cat\u00f3lica do bairro Ipueiras em Picos, pertencente a Par\u00f3quia S\u00e3o Jos\u00e9 Oper\u00e1rio, ir\u00e1 celebrar a\u00a055\u00b0 Festa em honra a Nossa Senhora do Perp\u00e9tuo Socorro, que neste ano tem como tema\u00a0\u201cCom a M\u00e3e do Perp\u00e9tuo Socorro, viver os Sacramentos\u201d. O festejo ter\u00e1 in\u00edcio na pr\u00f3xima sexta-feira, 04 de setembro, [&hellip;]<\/p>\n","protected":false},"author":2,"featured_media":294156,"comment_status":"closed","ping_status":"closed","sticky":false,"template":"","format":"standard","meta":{"_mi_skip_tracking":false,"footnotes":""},"categories":[25,1,16],"tags":[192],"class_list":["post-294155","post","type-post","status-publish","format-standard","has-post-thumbnail","hentry","category-destaques-site","category-geral","category-todas","tag-destaqueprincipal"],"acf":[],"yoast_head":"<!-- This site is optimized with the Yoast SEO Premium plugin v19.2 (Yoast SEO v26.9) - https:\/\/yoast.com\/product\/yoast-seo-premium-wordpress\/ -->\n<title>Comunidade cat\u00f3lica do bairro Ipueiras se prepara para celebrar o 55\u00b0 Festejo de Nossa Senhora do Perp\u00e9tuo Socorro; confira programa\u00e7\u00e3o - Portal Not\u00edcia em Pauta<\/title>\n<meta name=\"robots\" content=\"index, follow, max-snippet:-1, max-image-preview:large, max-video-preview:-1\" \/>\n<link rel=\"canonical\" href=\"https:\/\/noticiaempauta.com\/portal\/comunidade-catolica-do-bairro-ipueiras-se-prepara-para-celebrar-o-55-festejo-de-nossa-senhora-do-perpetuo-socorro-confira-programacao\/\" \/>\n<meta property=\"og:locale\" content=\"pt_BR\" \/>\n<meta property=\"og:type\" content=\"article\" \/>\n<meta property=\"og:title\" content=\"Comunidade cat\u00f3lica do bairro Ipueiras se prepara para celebrar o 55\u00b0 Festejo de Nossa Senhora do Perp\u00e9tuo Socorro; confira programa\u00e7\u00e3o\" \/>\n<meta property=\"og:description\" content=\"De 04 a 13 de setembro, \u00e0\u00a0comunidade cat\u00f3lica do bairro Ipueiras em Picos, pertencente a Par\u00f3quia S\u00e3o Jos\u00e9 Oper\u00e1rio, ir\u00e1 celebrar a\u00a055\u00b0 Festa em honra a Nossa Senhora do Perp\u00e9tuo Socorro, que neste ano tem como tema\u00a0\u201cCom a M\u00e3e do Perp\u00e9tuo Socorro, viver os Sacramentos\u201d. O festejo ter\u00e1 in\u00edcio na pr\u00f3xima sexta-feira, 04 de setembro, [&hellip;]\" \/>\n<meta property=\"og:url\" content=\"https:\/\/noticiaempauta.com\/portal\/comunidade-catolica-do-bairro-ipueiras-se-prepara-para-celebrar-o-55-festejo-de-nossa-senhora-do-perpetuo-socorro-confira-programacao\/\" \/>\n<meta property=\"og:site_name\" content=\"Portal Not\u00edcia em Pauta\" \/>\n<meta property=\"article:publisher\" content=\"https:\/\/www.facebook.com\/Portal-Notcia-Em-Pauta-102292869264820\/\" \/>\n<meta property=\"article:published_time\" content=\"2026-09-01T14:30:09+00:00\" \/>\n<meta property=\"article:modified_time\" content=\"2026-09-01T14:30:12+00:00\" \/>\n<meta property=\"og:image\" content=\"https:\/\/noticiaempauta.com\/portal\/wp-content\/uploads\/2026\/09\/igrejaipuerias.webp\" \/>\n\t<meta property=\"og:image:width\" content=\"1280\" \/>\n\t<meta property=\"og:image:height\" content=\"960\" \/>\n\t<meta property=\"og:image:type\" content=\"image\/webp\" \/>\n<meta name=\"author\" content=\"Reda\u00e7\u00e3o\" \/>\n<meta name=\"twitter:card\" content=\"summary_large_image\" \/>\n<meta name=\"twitter:label1\" content=\"Escrito por\" \/>\n\t<meta name=\"twitter:data1\" content=\"Reda\u00e7\u00e3o\" \/>\n\t<meta name=\"twitter:label2\" content=\"Est. tempo de leitura\" \/>\n\t<meta name=\"twitter:data2\" content=\"4 minutos\" \/>\n<script type=\"application\/ld+json\" class=\"yoast-schema-graph\">{\"@context\":\"https:\/\/schema.org\",\"@graph\":[{\"@type\":\"Article\",\"@id\":\"https:\/\/noticiaempauta.com\/portal\/comunidade-catolica-do-bairro-ipueiras-se-prepara-para-celebrar-o-55-festejo-de-nossa-senhora-do-perpetuo-socorro-confira-programacao\/#article\",\"isPartOf\":{\"@id\":\"https:\/\/noticiaempauta.com\/portal\/comunidade-catolica-do-bairro-ipueiras-se-prepara-para-celebrar-o-55-festejo-de-nossa-senhora-do-perpetuo-socorro-confira-programacao\/\"},\"author\":{\"name\":\"Reda\u00e7\u00e3o\",\"@id\":\"https:\/\/noticiaempauta.com\/portal\/#\/schema\/person\/a74af43dd1ab3deca45f988c717d57ac\"},\"headline\":\"Comunidade cat\u00f3lica do bairro Ipueiras se prepara para celebrar o 55\u00b0 Festejo de Nossa Senhora do Perp\u00e9tuo Socorro; confira programa\u00e7\u00e3o\",\"datePublished\":\"2026-09-01T14:30:09+00:00\",\"dateModified\":\"2026-09-01T14:30:12+00:00\",\"mainEntityOfPage\":{\"@id\":\"https:\/\/noticiaempauta.com\/portal\/comunidade-catolica-do-bairro-ipueiras-se-prepara-para-celebrar-o-55-festejo-de-nossa-senhora-do-perpetuo-socorro-confira-programacao\/\"},\"wordCount\":643,\"publisher\":{\"@id\":\"https:\/\/noticiaempauta.com\/portal\/#organization\"},\"image\":{\"@id\":\"https:\/\/noticiaempauta.com\/portal\/comunidade-catolica-do-bairro-ipueiras-se-prepara-para-celebrar-o-55-festejo-de-nossa-senhora-do-perpetuo-socorro-confira-programacao\/#primaryimage\"},\"thumbnailUrl\":\"https:\/\/noticiaempauta.com\/portal\/wp-content\/uploads\/2026\/09\/igrejaipuerias.webp\",\"keywords\":[\"destaqueprincipal\"],\"articleSection\":[\"Destaques\",\"Geral\",\"Todas as Not\u00edcias\"],\"inLanguage\":\"pt-BR\"},{\"@type\":\"WebPage\",\"@id\":\"https:\/\/noticiaempauta.com\/portal\/comunidade-catolica-do-bairro-ipueiras-se-prepara-para-celebrar-o-55-festejo-de-nossa-senhora-do-perpetuo-socorro-confira-programacao\/\",\"url\":\"https:\/\/noticiaempauta.com\/portal\/comunidade-catolica-do-bairro-ipueiras-se-prepara-para-celebrar-o-55-festejo-de-nossa-senhora-do-perpetuo-socorro-confira-programacao\/\",\"name\":\"Comunidade cat\u00f3lica do bairro Ipueiras se prepara para celebrar o 55\u00b0 Festejo de Nossa Senhora do Perp\u00e9tuo Socorro; confira programa\u00e7\u00e3o - Portal Not\u00edcia em Pauta\",\"isPartOf\":{\"@id\":\"https:\/\/noticiaempauta.com\/portal\/#website\"},\"primaryImageOfPage\":{\"@id\":\"https:\/\/noticiaempauta.com\/portal\/comunidade-catolica-do-bairro-ipueiras-se-prepara-para-celebrar-o-55-festejo-de-nossa-senhora-do-perpetuo-socorro-confira-programacao\/#primaryimage\"},\"image\":{\"@id\":\"https:\/\/noticiaempauta.com\/portal\/comunidade-catolica-do-bairro-ipueiras-se-prepara-para-celebrar-o-55-festejo-de-nossa-senhora-do-perpetuo-socorro-confira-programacao\/#primaryimage\"},\"thumbnailUrl\":\"https:\/\/noticiaempauta.com\/portal\/wp-content\/uploads\/2026\/09\/igrejaipuerias.webp\",\"datePublished\":\"2026-09-01T14:30:09+00:00\",\"dateModified\":\"2026-09-01T14:30:12+00:00\",\"breadcrumb\":{\"@id\":\"https:\/\/noticiaempauta.com\/portal\/comunidade-catolica-do-bairro-ipueiras-se-prepara-para-celebrar-o-55-festejo-de-nossa-senhora-do-perpetuo-socorro-confira-programacao\/#breadcrumb\"},\"inLanguage\":\"pt-BR\",\"potentialAction\":[{\"@type\":\"ReadAction\",\"target\":[\"https:\/\/noticiaempauta.com\/portal\/comunidade-catolica-do-bairro-ipueiras-se-prepara-para-celebrar-o-55-festejo-de-nossa-senhora-do-perpetuo-socorro-confira-programacao\/\"]}]},{\"@type\":\"ImageObject\",\"inLanguage\":\"pt-BR\",\"@id\":\"https:\/\/noticiaempauta.com\/portal\/comunidade-catolica-do-bairro-ipueiras-se-prepara-para-celebrar-o-55-festejo-de-nossa-senhora-do-perpetuo-socorro-confira-programacao\/#primaryimage\",\"url\":\"https:\/\/noticiaempauta.com\/portal\/wp-content\/uploads\/2026\/09\/igrejaipuerias.webp\",\"contentUrl\":\"https:\/\/noticiaempauta.com\/portal\/wp-content\/uploads\/2026\/09\/igrejaipuerias.webp\",\"width\":1280,\"height\":960},{\"@type\":\"BreadcrumbList\",\"@id\":\"https:\/\/noticiaempauta.com\/portal\/comunidade-catolica-do-bairro-ipueiras-se-prepara-para-celebrar-o-55-festejo-de-nossa-senhora-do-perpetuo-socorro-confira-programacao\/#breadcrumb\",\"itemListElement\":[{\"@type\":\"ListItem\",\"position\":1,\"name\":\"P\u00e1gina Inicial\",\"item\":\"https:\/\/noticiaempauta.com\/portal\/\"},{\"@type\":\"ListItem\",\"position\":2,\"name\":\"Destaques\",\"item\":\"https:\/\/noticiaempauta.com\/portal\/destaques-site\/\"},{\"@type\":\"ListItem\",\"position\":3,\"name\":\"Comunidade cat\u00f3lica do bairro Ipueiras se prepara para celebrar o 55\u00b0 Festejo de Nossa Senhora do Perp\u00e9tuo Socorro; confira programa\u00e7\u00e3o\"}]},{\"@type\":\"WebSite\",\"@id\":\"https:\/\/noticiaempauta.com\/portal\/#website\",\"url\":\"https:\/\/noticiaempauta.com\/portal\/\",\"name\":\"Portal Not\u00edcia em Pauta\",\"description\":\"Voc\u00ea bem informado\",\"publisher\":{\"@id\":\"https:\/\/noticiaempauta.com\/portal\/#organization\"},\"potentialAction\":[{\"@type\":\"SearchAction\",\"target\":{\"@type\":\"EntryPoint\",\"urlTemplate\":\"https:\/\/noticiaempauta.com\/portal\/?s={search_term_string}\"},\"query-input\":{\"@type\":\"PropertyValueSpecification\",\"valueRequired\":true,\"valueName\":\"search_term_string\"}}],\"inLanguage\":\"pt-BR\"},{\"@type\":\"Organization\",\"@id\":\"https:\/\/noticiaempauta.com\/portal\/#organization\",\"name\":\"Portal Not\u00edcia em Pauta\",\"url\":\"https:\/\/noticiaempauta.com\/portal\/\",\"logo\":{\"@type\":\"ImageObject\",\"inLanguage\":\"pt-BR\",\"@id\":\"https:\/\/noticiaempauta.com\/portal\/#\/schema\/logo\/image\/\",\"url\":\"https:\/\/noticiaempauta.com\/portal\/wp-content\/uploads\/2022\/08\/logomarca_tema.fw_.png\",\"contentUrl\":\"https:\/\/noticiaempauta.com\/portal\/wp-content\/uploads\/2022\/08\/logomarca_tema.fw_.png\",\"width\":400,\"height\":232,\"caption\":\"Portal Not\u00edcia em Pauta\"},\"image\":{\"@id\":\"https:\/\/noticiaempauta.com\/portal\/#\/schema\/logo\/image\/\"},\"sameAs\":[\"https:\/\/www.facebook.com\/Portal-Notcia-Em-Pauta-102292869264820\/\",\"https:\/\/www.instagram.com\/portalnoticiaempauta\/\"]},{\"@type\":\"Person\",\"@id\":\"https:\/\/noticiaempauta.com\/portal\/#\/schema\/person\/a74af43dd1ab3deca45f988c717d57ac\",\"name\":\"Reda\u00e7\u00e3o\",\"image\":{\"@type\":\"ImageObject\",\"inLanguage\":\"pt-BR\",\"@id\":\"https:\/\/noticiaempauta.com\/portal\/#\/schema\/person\/image\/\",\"url\":\"https:\/\/secure.gravatar.com\/avatar\/03179346ecce6cdfc13361603e8f54242a90e5cde8618fa23c5c00aa2b0aadf3?s=96&d=mm&r=g\",\"contentUrl\":\"https:\/\/secure.gravatar.com\/avatar\/03179346ecce6cdfc13361603e8f54242a90e5cde8618fa23c5c00aa2b0aadf3?s=96&d=mm&r=g\",\"caption\":\"Reda\u00e7\u00e3o\"},\"sameAs\":[\"https:\/\/noticiaempauta.com\/portal\/\"],\"url\":\"https:\/\/noticiaempauta.com\/portal\/author\/fernando\/\"}]}<\/script>\n<!-- \/ Yoast SEO Premium plugin. -->","yoast_head_json":{"title":"Comunidade cat\u00f3lica do bairro Ipueiras se prepara para celebrar o 55\u00b0 Festejo de Nossa Senhora do Perp\u00e9tuo Socorro; confira programa\u00e7\u00e3o - Portal Not\u00edcia em Pauta","robots":{"index":"index","follow":"follow","max-snippet":"max-snippet:-1","max-image-preview":"max-image-preview:large","max-video-preview":"max-video-preview:-1"},"canonical":"https:\/\/noticiaempauta.com\/portal\/comunidade-catolica-do-bairro-ipueiras-se-prepara-para-celebrar-o-55-festejo-de-nossa-senhora-do-perpetuo-socorro-confira-programacao\/","og_locale":"pt_BR","og_type":"article","og_title":"Comunidade cat\u00f3lica do bairro Ipueiras se prepara para celebrar o 55\u00b0 Festejo de Nossa Senhora do Perp\u00e9tuo Socorro; confira programa\u00e7\u00e3o","og_description":"De 04 a 13 de setembro, \u00e0\u00a0comunidade cat\u00f3lica do bairro Ipueiras em Picos, pertencente a Par\u00f3quia S\u00e3o Jos\u00e9 Oper\u00e1rio, ir\u00e1 celebrar a\u00a055\u00b0 Festa em honra a Nossa Senhora do Perp\u00e9tuo Socorro, que neste ano tem como tema\u00a0\u201cCom a M\u00e3e do Perp\u00e9tuo Socorro, viver os Sacramentos\u201d. O festejo ter\u00e1 in\u00edcio na pr\u00f3xima sexta-feira, 04 de setembro, [&hellip;]","og_url":"https:\/\/noticiaempauta.com\/portal\/comunidade-catolica-do-bairro-ipueiras-se-prepara-para-celebrar-o-55-festejo-de-nossa-senhora-do-perpetuo-socorro-confira-programacao\/","og_site_name":"Portal Not\u00edcia em Pauta","article_publisher":"https:\/\/www.facebook.com\/Portal-Notcia-Em-Pauta-102292869264820\/","article_published_time":"2026-09-01T14:30:09+00:00","article_modified_time":"2026-09-01T14:30:12+00:00","og_image":[{"width":1280,"height":960,"url":"https:\/\/noticiaempauta.com\/portal\/wp-content\/uploads\/2026\/09\/igrejaipuerias.webp","type":"image\/webp"}],"author":"Reda\u00e7\u00e3o","twitter_card":"summary_large_image","twitter_misc":{"Escrito por":"Reda\u00e7\u00e3o","Est. tempo de leitura":"4 minutos"},"schema":{"@context":"https:\/\/schema.org","@graph":[{"@type":"Article","@id":"https:\/\/noticiaempauta.com\/portal\/comunidade-catolica-do-bairro-ipueiras-se-prepara-para-celebrar-o-55-festejo-de-nossa-senhora-do-perpetuo-socorro-confira-programacao\/#article","isPartOf":{"@id":"https:\/\/noticiaempauta.com\/portal\/comunidade-catolica-do-bairro-ipueiras-se-prepara-para-celebrar-o-55-festejo-de-nossa-senhora-do-perpetuo-socorro-confira-programacao\/"},"author":{"name":"Reda\u00e7\u00e3o","@id":"https:\/\/noticiaempauta.com\/portal\/#\/schema\/person\/a74af43dd1ab3deca45f988c717d57ac"},"headline":"Comunidade cat\u00f3lica do bairro Ipueiras se prepara para celebrar o 55\u00b0 Festejo de Nossa Senhora do Perp\u00e9tuo Socorro; confira programa\u00e7\u00e3o","datePublished":"2026-09-01T14:30:09+00:00","dateModified":"2026-09-01T14:30:12+00:00","mainEntityOfPage":{"@id":"https:\/\/noticiaempauta.com\/portal\/comunidade-catolica-do-bairro-ipueiras-se-prepara-para-celebrar-o-55-festejo-de-nossa-senhora-do-perpetuo-socorro-confira-programacao\/"},"wordCount":643,"publisher":{"@id":"https:\/\/noticiaempauta.com\/portal\/#organization"},"image":{"@id":"https:\/\/noticiaempauta.com\/portal\/comunidade-catolica-do-bairro-ipueiras-se-prepara-para-celebrar-o-55-festejo-de-nossa-senhora-do-perpetuo-socorro-confira-programacao\/#primaryimage"},"thumbnailUrl":"https:\/\/noticiaempauta.com\/portal\/wp-content\/uploads\/2026\/09\/igrejaipuerias.webp","keywords":["destaqueprincipal"],"articleSection":["Destaques","Geral","Todas as Not\u00edcias"],"inLanguage":"pt-BR"},{"@type":"WebPage","@id":"https:\/\/noticiaempauta.com\/portal\/comunidade-catolica-do-bairro-ipueiras-se-prepara-para-celebrar-o-55-festejo-de-nossa-senhora-do-perpetuo-socorro-confira-programacao\/","url":"https:\/\/noticiaempauta.com\/portal\/comunidade-catolica-do-bairro-ipueiras-se-prepara-para-celebrar-o-55-festejo-de-nossa-senhora-do-perpetuo-socorro-confira-programacao\/","name":"Comunidade cat\u00f3lica do bairro Ipueiras se prepara para celebrar o 55\u00b0 Festejo de Nossa Senhora do Perp\u00e9tuo Socorro; confira programa\u00e7\u00e3o - Portal Not\u00edcia em Pauta","isPartOf":{"@id":"https:\/\/noticiaempauta.com\/portal\/#website"},"primaryImageOfPage":{"@id":"https:\/\/noticiaempauta.com\/portal\/comunidade-catolica-do-bairro-ipueiras-se-prepara-para-celebrar-o-55-festejo-de-nossa-senhora-do-perpetuo-socorro-confira-programacao\/#primaryimage"},"image":{"@id":"https:\/\/noticiaempauta.com\/portal\/comunidade-catolica-do-bairro-ipueiras-se-prepara-para-celebrar-o-55-festejo-de-nossa-senhora-do-perpetuo-socorro-confira-programacao\/#primaryimage"},"thumbnailUrl":"https:\/\/noticiaempauta.com\/portal\/wp-content\/uploads\/2026\/09\/igrejaipuerias.webp","datePublished":"2026-09-01T14:30:09+00:00","dateModified":"2026-09-01T14:30:12+00:00","breadcrumb":{"@id":"https:\/\/noticiaempauta.com\/portal\/comunidade-catolica-do-bairro-ipueiras-se-prepara-para-celebrar-o-55-festejo-de-nossa-senhora-do-perpetuo-socorro-confira-programacao\/#breadcrumb"},"inLanguage":"pt-BR","potentialAction":[{"@type":"ReadAction","target":["https:\/\/noticiaempauta.com\/portal\/comunidade-catolica-do-bairro-ipueiras-se-prepara-para-celebrar-o-55-festejo-de-nossa-senhora-do-perpetuo-socorro-confira-programacao\/"]}]},{"@type":"ImageObject","inLanguage":"pt-BR","@id":"https:\/\/noticiaempauta.com\/portal\/comunidade-catolica-do-bairro-ipueiras-se-prepara-para-celebrar-o-55-festejo-de-nossa-senhora-do-perpetuo-socorro-confira-programacao\/#primaryimage","url":"https:\/\/noticiaempauta.com\/portal\/wp-content\/uploads\/2026\/09\/igrejaipuerias.webp","contentUrl":"https:\/\/noticiaempauta.com\/portal\/wp-content\/uploads\/2026\/09\/igrejaipuerias.webp","width":1280,"height":960},{"@type":"BreadcrumbList","@id":"https:\/\/noticiaempauta.com\/portal\/comunidade-catolica-do-bairro-ipueiras-se-prepara-para-celebrar-o-55-festejo-de-nossa-senhora-do-perpetuo-socorro-confira-programacao\/#breadcrumb","itemListElement":[{"@type":"ListItem","position":1,"name":"P\u00e1gina Inicial","item":"https:\/\/noticiaempauta.com\/portal\/"},{"@type":"ListItem","position":2,"name":"Destaques","item":"https:\/\/noticiaempauta.com\/portal\/destaques-site\/"},{"@type":"ListItem","position":3,"name":"Comunidade cat\u00f3lica do bairro Ipueiras se prepara para celebrar o 55\u00b0 Festejo de Nossa Senhora do Perp\u00e9tuo Socorro; confira programa\u00e7\u00e3o"}]},{"@type":"WebSite","@id":"https:\/\/noticiaempauta.com\/portal\/#website","url":"https:\/\/noticiaempauta.com\/portal\/","name":"Portal Not\u00edcia em Pauta","description":"Voc\u00ea bem informado","publisher":{"@id":"https:\/\/noticiaempauta.com\/portal\/#organization"},"potentialAction":[{"@type":"SearchAction","target":{"@type":"EntryPoint","urlTemplate":"https:\/\/noticiaempauta.com\/portal\/?s={search_term_string}"},"query-input":{"@type":"PropertyValueSpecification","valueRequired":true,"valueName":"search_term_string"}}],"inLanguage":"pt-BR"},{"@type":"Organization","@id":"https:\/\/noticiaempauta.com\/portal\/#organization","name":"Portal Not\u00edcia em Pauta","url":"https:\/\/noticiaempauta.com\/portal\/","logo":{"@type":"ImageObject","inLanguage":"pt-BR","@id":"https:\/\/noticiaempauta.com\/portal\/#\/schema\/logo\/image\/","url":"https:\/\/noticiaempauta.com\/portal\/wp-content\/uploads\/2022\/08\/logomarca_tema.fw_.png","contentUrl":"https:\/\/noticiaempauta.com\/portal\/wp-content\/uploads\/2022\/08\/logomarca_tema.fw_.png","width":400,"height":232,"caption":"Portal Not\u00edcia em Pauta"},"image":{"@id":"https:\/\/noticiaempauta.com\/portal\/#\/schema\/logo\/image\/"},"sameAs":["https:\/\/www.facebook.com\/Portal-Notcia-Em-Pauta-102292869264820\/","https:\/\/www.instagram.com\/portalnoticiaempauta\/"]},{"@type":"Person","@id":"https:\/\/noticiaempauta.com\/portal\/#\/schema\/person\/a74af43dd1ab3deca45f988c717d57ac","name":"Reda\u00e7\u00e3o","image":{"@type":"ImageObject","inLanguage":"pt-BR","@id":"https:\/\/noticiaempauta.com\/portal\/#\/schema\/person\/image\/","url":"https:\/\/secure.gravatar.com\/avatar\/03179346ecce6cdfc13361603e8f54242a90e5cde8618fa23c5c00aa2b0aadf3?s=96&d=mm&r=g","contentUrl":"https:\/\/secure.gravatar.com\/avatar\/03179346ecce6cdfc13361603e8f54242a90e5cde8618fa23c5c00aa2b0aadf3?s=96&d=mm&r=g","caption":"Reda\u00e7\u00e3o"},"sameAs":["https:\/\/noticiaempauta.com\/portal\/"],"url":"https:\/\/noticiaempauta.com\/portal\/author\/fernando\/"}]}},"_links":{"self":[{"href":"https:\/\/noticiaempauta.com\/portal\/wp-json\/wp\/v2\/posts\/294155","targetHints":{"allow":["GET"]}}],"collection":[{"href":"https:\/\/noticiaempauta.com\/portal\/wp-json\/wp\/v2\/posts"}],"about":[{"href":"https:\/\/noticiaempauta.com\/portal\/wp-json\/wp\/v2\/types\/post"}],"author":[{"embeddable":true,"href":"https:\/\/noticiaempauta.com\/portal\/wp-json\/wp\/v2\/users\/2"}],"replies":[{"embeddable":true,"href":"https:\/\/noticiaempauta.com\/portal\/wp-json\/wp\/v2\/comments?post=294155"}],"version-history":[{"count":2,"href":"https:\/\/noticiaempauta.com\/portal\/wp-json\/wp\/v2\/posts\/294155\/revisions"}],"predecessor-version":[{"id":294159,"href":"https:\/\/noticiaempauta.com\/portal\/wp-json\/wp\/v2\/posts\/294155\/revisions\/294159"}],"wp:featuredmedia":[{"embeddable":true,"href":"https:\/\/noticiaempauta.com\/portal\/wp-json\/wp\/v2\/media\/294156"}],"wp:attachment":[{"href":"https:\/\/noticiaempauta.com\/portal\/wp-json\/wp\/v2\/media?parent=294155"}],"wp:term":[{"taxonomy":"category","embeddable":true,"href":"https:\/\/noticiaempauta.com\/portal\/wp-json\/wp\/v2\/categories?post=294155"},{"taxonomy":"post_tag","embeddable":true,"href":"https:\/\/noticiaempauta.com\/portal\/wp-json\/wp\/v2\/tags?post=294155"}],"curies":[{"name":"wp","href":"https:\/\/api.w.org\/{rel}","templated":true}]}}