{"id":294171,"date":"2026-09-02T08:34:10","date_gmt":"2026-09-02T11:34:10","guid":{"rendered":"https:\/\/noticiaempauta.com\/portal\/?p=294171"},"modified":"2026-09-02T08:34:15","modified_gmt":"2026-09-02T11:34:15","slug":"prf-apreende-quase-1-tonelada-de-cocaina-em-dez-dias-e-detalha-operacoes-no-piaui","status":"publish","type":"post","link":"https:\/\/noticiaempauta.com\/portal\/prf-apreende-quase-1-tonelada-de-cocaina-em-dez-dias-e-detalha-operacoes-no-piaui\/","title":{"rendered":"PRF apreende quase 1 tonelada de coca\u00edna em dez dias e detalha opera\u00e7\u00f5es no Piau\u00ed"},"content":{"rendered":"\n<p class=\"wp-block-paragraph\">A Pol\u00edcia Rodovi\u00e1ria Federal (PRF) apreendeu&nbsp;<strong>965 quilos de coca\u00edna no Piau\u00ed em apenas dez dias<\/strong>, volume pr\u00f3ximo de uma tonelada. O resultado \u00e9 fruto principalmente de duas grandes apreens\u00f5es:&nbsp;<strong>475 kg encontrados em Parna\u00edba<\/strong>&nbsp;e outros&nbsp;<strong>490 kg localizados no domingo (30), em um caminh\u00e3o abordado na BR-135, em Manoel Em\u00eddio, no Sul do estado<\/strong>.<\/p>\n\n\n\n<p class=\"wp-block-paragraph\">Em entrevista ao Jornal do Piau\u00ed, o superintendente da PRF no Piau\u00ed,&nbsp;<strong>Cl\u00e1udio Piazza<\/strong>, explicou como a corpora\u00e7\u00e3o chegou ao volume de apreens\u00f5es e quais estrat\u00e9gias s\u00e3o utilizadas para identificar ve\u00edculos suspeitos nas rodovias federais.<\/p>\n\n\n\n<p class=\"wp-block-paragraph\">Segundo Piazza, o combate ao tr\u00e1fico de drogas j\u00e1 faz parte da atua\u00e7\u00e3o operacional da PRF no estado. \u201cA gente tem colocado essa forma de trabalho, que j\u00e1 \u00e9 uma marca da Pol\u00edcia Rodovi\u00e1ria, essa quest\u00e3o do combate ao tr\u00e1fico de drogas.\u201d<\/p>\n\n\n\n<p class=\"wp-block-paragraph\">O superintendente destacou ainda o investimento na prepara\u00e7\u00e3o dos policiais. Segundo ele, o Piau\u00ed foi o primeiro estado a receber um canil da PRF. A unidade completa 20 anos em 2027 e, de acordo com Piazza, \u00e9 a terceira mais antiga da corpora\u00e7\u00e3o no pa\u00eds.<\/p>\n\n\n\n<p class=\"wp-block-paragraph\">\u201cO nosso setor operacional vem recebendo essa capacita\u00e7\u00e3o para que a gente consiga produzir esses n\u00fameros.\u201d<\/p>\n\n\n\n<h2 class=\"wp-block-heading\"><strong>490 kg estavam escondidos na estrutura de caminh\u00e3o<\/strong><\/h2>\n\n\n\n<p class=\"wp-block-paragraph\">Na ocorr\u00eancia mais recente, os&nbsp;<strong>490 kg de coca\u00edna<\/strong>&nbsp;foram encontrados durante uma vistoria t\u00e9cnica em um caminh\u00e3o abordado na BR-135, em Manoel Em\u00eddio.<\/p>\n\n\n\n<p class=\"wp-block-paragraph\">A droga estava escondida na estrutura do ve\u00edculo. O motorista recebeu voz de pris\u00e3o em flagrante e foi encaminhado, junto com o entorpecente, para a Pol\u00edcia Civil.<\/p>\n\n\n\n<figure class=\"wp-block-image size-large\"><img fetchpriority=\"high\" decoding=\"async\" width=\"1024\" height=\"768\" src=\"https:\/\/noticiaempauta.com\/portal\/wp-content\/uploads\/2026\/09\/whatsapp_image_2026-08-31_at_10_09_40_1-1024x768.webp\" alt=\"\" class=\"wp-image-294172\" srcset=\"https:\/\/noticiaempauta.com\/portal\/wp-content\/uploads\/2026\/09\/whatsapp_image_2026-08-31_at_10_09_40_1-1024x768.webp 1024w, https:\/\/noticiaempauta.com\/portal\/wp-content\/uploads\/2026\/09\/whatsapp_image_2026-08-31_at_10_09_40_1-300x225.webp 300w, https:\/\/noticiaempauta.com\/portal\/wp-content\/uploads\/2026\/09\/whatsapp_image_2026-08-31_at_10_09_40_1-768x576.webp 768w, https:\/\/noticiaempauta.com\/portal\/wp-content\/uploads\/2026\/09\/whatsapp_image_2026-08-31_at_10_09_40_1-1536x1152.webp 1536w, https:\/\/noticiaempauta.com\/portal\/wp-content\/uploads\/2026\/09\/whatsapp_image_2026-08-31_at_10_09_40_1.webp 1600w\" sizes=\"(max-width: 1024px) 100vw, 1024px\" \/><figcaption class=\"wp-element-caption\"><em>Foto: Reprodu\u00e7\u00e3o \/ PRF<\/em><\/figcaption><\/figure>\n\n\n\n<p class=\"wp-block-paragraph\">Segundo Piazza, a carga n\u00e3o tinha o Piau\u00ed como destino. O caminh\u00e3o teria sa\u00eddo do Maranh\u00e3o com destino a Pernambuco, refor\u00e7ando a avalia\u00e7\u00e3o da PRF de que o estado tamb\u00e9m funciona como corredor para o transporte de drogas entre outras regi\u00f5es do pa\u00eds.<\/p>\n\n\n\n<blockquote class=\"wp-block-quote is-layout-flow wp-block-quote-is-layout-flow\">\n<p class=\"wp-block-paragraph\">\u201cA gente tem uma situa\u00e7\u00e3o de que o Piau\u00ed \u00e9 um estado de passagem. A gente tem uma grande quantidade de droga que passa pelo nosso estado, mas tamb\u00e9m tem droga que fica no estado.\u201d<\/p>\n<\/blockquote>\n\n\n\n<p class=\"wp-block-paragraph\">Al\u00e9m dos 965 kg de coca\u00edna, a PRF registrou, no mesmo intervalo de dez dias, outras apreens\u00f5es relacionadas ao tr\u00e1fico e ao contrabando. Foram&nbsp;<strong>2 kg de crack em Floriano<\/strong>, uma ocorr\u00eancia em Parna\u00edba com&nbsp;<strong>um fuzil, 200 muni\u00e7\u00f5es, 2 kg de crack e 5 kg de maconha<\/strong>,&nbsp;<strong>10,5 kg de pasta base de coca\u00edna em Picos<\/strong>&nbsp;e&nbsp;<strong>200 mil ma\u00e7os de cigarros contrabandeados em Piripiri<\/strong>.<\/p>\n\n\n\n<h2 class=\"wp-block-heading\"><strong>Fuzil apreendido em Parna\u00edba \u00e9 o quarto no ano<\/strong><\/h2>\n\n\n\n<p class=\"wp-block-paragraph\">Entre as ocorr\u00eancias, Piazza tamb\u00e9m destacou a apreens\u00e3o de um fuzil em Parna\u00edba, acompanhado de cerca de 200 muni\u00e7\u00f5es de calibres diversos. Segundo o superintendente, essa foi a&nbsp;<strong>quarta arma desse tipo apreendida pela PRF no Piau\u00ed neste ano<\/strong>.<\/p>\n\n\n\n<p class=\"wp-block-paragraph\">De acordo com ele, a arma estava acondicionada para transporte e n\u00e3o era utilizada, naquele momento, para fazer a seguran\u00e7a da carga de drogas.<\/p>\n\n\n\n<p class=\"wp-block-paragraph\">Nesse caso, a pr\u00f3pria Parna\u00edba seria o destino do armamento. A ocorr\u00eancia foi encaminhada \u00e0 Pol\u00edcia Civil, respons\u00e1vel pela continuidade da investiga\u00e7\u00e3o.<\/p>\n\n\n\n<h2 class=\"wp-block-heading\"><strong>PRF diz que efetivo \u00e9 insuficiente para demanda<\/strong><\/h2>\n\n\n\n<p class=\"wp-block-paragraph\">Apesar do volume de apreens\u00f5es, Piazza reconhece que a corpora\u00e7\u00e3o trabalha com um efetivo considerado insuficiente para atender toda a extens\u00e3o das rodovias federais no estado.<\/p>\n\n\n\n<p class=\"wp-block-paragraph\">Atualmente, a PRF conta com&nbsp;<strong>360 policiais rodovi\u00e1rios federais no Piau\u00ed<\/strong>. Como o servi\u00e7o funciona 24 horas por dia, esse efetivo \u00e9 dividido em escalas, reduzindo a quantidade de agentes dispon\u00edveis em cada turno.<\/p>\n\n\n\n<p class=\"wp-block-paragraph\">Segundo Piazza, uma das formas de compensar o n\u00famero reduzido de policiais \u00e9 trabalhar com capacita\u00e7\u00e3o, treinamento, tecnologia e grupos especializados.<\/p>\n\n\n\n<blockquote class=\"wp-block-quote is-layout-flow wp-block-quote-is-layout-flow\">\n<p class=\"wp-block-paragraph\">\u201cA gente usa muito a capacita\u00e7\u00e3o, o treinamento, o conhecimento, a tecnologia, porque o nosso efetivo \u00e9 muito pequeno.\u201d<\/p>\n<\/blockquote>\n\n\n\n<p class=\"wp-block-paragraph\">Os grupos t\u00e1ticos, segundo ele, n\u00e3o ficam restritos a uma escala fixa e podem ser empregados de acordo com a necessidade, principalmente em ocorr\u00eancias que exigem uma atua\u00e7\u00e3o mais especializada.<\/p>\n\n\n\n<p class=\"wp-block-paragraph\">Em todo o pa\u00eds, a PRF possui cerca de&nbsp;<strong>13 mil policiais<\/strong>&nbsp;para atuar em aproximadamente&nbsp;<strong>70 mil quil\u00f4metros de rodovias federais<\/strong>, conforme os n\u00fameros apresentados pelo superintendente.<\/p>\n\n\n\n<h2 class=\"wp-block-heading\"><strong>25 pessoas foram presas em dez dias<\/strong><\/h2>\n\n\n\n<p class=\"wp-block-paragraph\">Al\u00e9m das grandes apreens\u00f5es de drogas, a PRF contabilizou&nbsp;<strong>25 pris\u00f5es no Piau\u00ed durante os dez dias<\/strong>&nbsp;considerados no balan\u00e7o apresentado por Piazza.<\/p>\n\n\n\n<p class=\"wp-block-paragraph\">As ocorr\u00eancias n\u00e3o ficaram restritas ao tr\u00e1fico de drogas e ao porte ilegal de armas. No per\u00edodo, foram recuperados&nbsp;<strong>sete ve\u00edculos roubados<\/strong>&nbsp;e&nbsp;<strong>seis pessoas foram presas por embriaguez ao volante<\/strong>, ap\u00f3s serem submetidas ao teste do etil\u00f4metro.<\/p>\n\n\n\n<p class=\"wp-block-paragraph\">Tamb\u00e9m houve pris\u00f5es relacionadas a&nbsp;<strong>d\u00edvida de pens\u00e3o aliment\u00edcia, estupro e uso de documento falso<\/strong>.<\/p>\n\n\n\n<p class=\"wp-block-paragraph\">Para o superintendente, o resultado das opera\u00e7\u00f5es \u00e9 consequ\u00eancia da combina\u00e7\u00e3o entre fiscaliza\u00e7\u00e3o, treinamento e uso de informa\u00e7\u00f5es para direcionar a atua\u00e7\u00e3o dos policiais.<\/p>\n\n\n\n<blockquote class=\"wp-block-quote is-layout-flow wp-block-quote-is-layout-flow\">\n<p class=\"wp-block-paragraph\">\u201cA gente trabalha muito com essa quest\u00e3o de capacita\u00e7\u00e3o, treinamento e tecnologia. O nosso efetivo \u00e9 pequeno, ent\u00e3o a gente precisa cada vez mais qualificar o nosso policial para que ele consiga fazer uma abordagem de qualidade.\u201d<\/p>\n<\/blockquote>\n\n\n\n<p class=\"wp-block-paragraph\">Fonte: Cidade Verde<\/p>\n","protected":false},"excerpt":{"rendered":"<p>A Pol\u00edcia Rodovi\u00e1ria Federal (PRF) apreendeu&nbsp;965 quilos de coca\u00edna no Piau\u00ed em apenas dez dias, volume pr\u00f3ximo de uma tonelada. O resultado \u00e9 fruto principalmente de duas grandes apreens\u00f5es:&nbsp;475 kg encontrados em Parna\u00edba&nbsp;e outros&nbsp;490 kg localizados no domingo (30), em um caminh\u00e3o abordado na BR-135, em Manoel Em\u00eddio, no Sul do estado. Em entrevista ao [&hellip;]<\/p>\n","protected":false},"author":2,"featured_media":294172,"comment_status":"closed","ping_status":"closed","sticky":false,"template":"","format":"standard","meta":{"_mi_skip_tracking":false,"footnotes":""},"categories":[25,1,9,137,16],"tags":[192],"class_list":["post-294171","post","type-post","status-publish","format-standard","has-post-thumbnail","hentry","category-destaques-site","category-geral","category-municipios","category-policia","category-todas","tag-destaqueprincipal"],"acf":[],"yoast_head":"<!-- This site is optimized with the Yoast SEO Premium plugin v19.2 (Yoast SEO v26.9) - https:\/\/yoast.com\/product\/yoast-seo-premium-wordpress\/ -->\n<title>PRF apreende quase 1 tonelada de coca\u00edna em dez dias e detalha opera\u00e7\u00f5es no Piau\u00ed - Portal Not\u00edcia em Pauta<\/title>\n<meta name=\"robots\" content=\"index, follow, max-snippet:-1, max-image-preview:large, max-video-preview:-1\" \/>\n<link rel=\"canonical\" href=\"https:\/\/noticiaempauta.com\/portal\/prf-apreende-quase-1-tonelada-de-cocaina-em-dez-dias-e-detalha-operacoes-no-piaui\/\" \/>\n<meta property=\"og:locale\" content=\"pt_BR\" \/>\n<meta property=\"og:type\" content=\"article\" \/>\n<meta property=\"og:title\" content=\"PRF apreende quase 1 tonelada de coca\u00edna em dez dias e detalha opera\u00e7\u00f5es no Piau\u00ed\" \/>\n<meta property=\"og:description\" content=\"A Pol\u00edcia Rodovi\u00e1ria Federal (PRF) apreendeu&nbsp;965 quilos de coca\u00edna no Piau\u00ed em apenas dez dias, volume pr\u00f3ximo de uma tonelada. O resultado \u00e9 fruto principalmente de duas grandes apreens\u00f5es:&nbsp;475 kg encontrados em Parna\u00edba&nbsp;e outros&nbsp;490 kg localizados no domingo (30), em um caminh\u00e3o abordado na BR-135, em Manoel Em\u00eddio, no Sul do estado. Em entrevista ao [&hellip;]\" \/>\n<meta property=\"og:url\" content=\"https:\/\/noticiaempauta.com\/portal\/prf-apreende-quase-1-tonelada-de-cocaina-em-dez-dias-e-detalha-operacoes-no-piaui\/\" \/>\n<meta property=\"og:site_name\" content=\"Portal Not\u00edcia em Pauta\" \/>\n<meta property=\"article:publisher\" content=\"https:\/\/www.facebook.com\/Portal-Notcia-Em-Pauta-102292869264820\/\" \/>\n<meta property=\"article:published_time\" content=\"2026-09-02T11:34:10+00:00\" \/>\n<meta property=\"article:modified_time\" content=\"2026-09-02T11:34:15+00:00\" \/>\n<meta property=\"og:image\" content=\"https:\/\/noticiaempauta.com\/portal\/wp-content\/uploads\/2026\/09\/whatsapp_image_2026-08-31_at_10_09_40_1.webp\" \/>\n\t<meta property=\"og:image:width\" content=\"1600\" \/>\n\t<meta property=\"og:image:height\" content=\"1200\" \/>\n\t<meta property=\"og:image:type\" content=\"image\/webp\" \/>\n<meta name=\"author\" content=\"Reda\u00e7\u00e3o\" \/>\n<meta name=\"twitter:card\" content=\"summary_large_image\" \/>\n<meta name=\"twitter:label1\" content=\"Escrito por\" \/>\n\t<meta name=\"twitter:data1\" content=\"Reda\u00e7\u00e3o\" \/>\n\t<meta name=\"twitter:label2\" content=\"Est. tempo de leitura\" \/>\n\t<meta name=\"twitter:data2\" content=\"5 minutos\" \/>\n<script type=\"application\/ld+json\" class=\"yoast-schema-graph\">{\"@context\":\"https:\/\/schema.org\",\"@graph\":[{\"@type\":\"Article\",\"@id\":\"https:\/\/noticiaempauta.com\/portal\/prf-apreende-quase-1-tonelada-de-cocaina-em-dez-dias-e-detalha-operacoes-no-piaui\/#article\",\"isPartOf\":{\"@id\":\"https:\/\/noticiaempauta.com\/portal\/prf-apreende-quase-1-tonelada-de-cocaina-em-dez-dias-e-detalha-operacoes-no-piaui\/\"},\"author\":{\"name\":\"Reda\u00e7\u00e3o\",\"@id\":\"https:\/\/noticiaempauta.com\/portal\/#\/schema\/person\/a74af43dd1ab3deca45f988c717d57ac\"},\"headline\":\"PRF apreende quase 1 tonelada de coca\u00edna em dez dias e detalha opera\u00e7\u00f5es no Piau\u00ed\",\"datePublished\":\"2026-09-02T11:34:10+00:00\",\"dateModified\":\"2026-09-02T11:34:15+00:00\",\"mainEntityOfPage\":{\"@id\":\"https:\/\/noticiaempauta.com\/portal\/prf-apreende-quase-1-tonelada-de-cocaina-em-dez-dias-e-detalha-operacoes-no-piaui\/\"},\"wordCount\":922,\"publisher\":{\"@id\":\"https:\/\/noticiaempauta.com\/portal\/#organization\"},\"image\":{\"@id\":\"https:\/\/noticiaempauta.com\/portal\/prf-apreende-quase-1-tonelada-de-cocaina-em-dez-dias-e-detalha-operacoes-no-piaui\/#primaryimage\"},\"thumbnailUrl\":\"https:\/\/noticiaempauta.com\/portal\/wp-content\/uploads\/2026\/09\/whatsapp_image_2026-08-31_at_10_09_40_1.webp\",\"keywords\":[\"destaqueprincipal\"],\"articleSection\":[\"Destaques\",\"Geral\",\"Munic\u00edpios\",\"Pol\u00edcia\",\"Todas as Not\u00edcias\"],\"inLanguage\":\"pt-BR\"},{\"@type\":\"WebPage\",\"@id\":\"https:\/\/noticiaempauta.com\/portal\/prf-apreende-quase-1-tonelada-de-cocaina-em-dez-dias-e-detalha-operacoes-no-piaui\/\",\"url\":\"https:\/\/noticiaempauta.com\/portal\/prf-apreende-quase-1-tonelada-de-cocaina-em-dez-dias-e-detalha-operacoes-no-piaui\/\",\"name\":\"PRF apreende quase 1 tonelada de coca\u00edna em dez dias e detalha opera\u00e7\u00f5es no Piau\u00ed - Portal Not\u00edcia em Pauta\",\"isPartOf\":{\"@id\":\"https:\/\/noticiaempauta.com\/portal\/#website\"},\"primaryImageOfPage\":{\"@id\":\"https:\/\/noticiaempauta.com\/portal\/prf-apreende-quase-1-tonelada-de-cocaina-em-dez-dias-e-detalha-operacoes-no-piaui\/#primaryimage\"},\"image\":{\"@id\":\"https:\/\/noticiaempauta.com\/portal\/prf-apreende-quase-1-tonelada-de-cocaina-em-dez-dias-e-detalha-operacoes-no-piaui\/#primaryimage\"},\"thumbnailUrl\":\"https:\/\/noticiaempauta.com\/portal\/wp-content\/uploads\/2026\/09\/whatsapp_image_2026-08-31_at_10_09_40_1.webp\",\"datePublished\":\"2026-09-02T11:34:10+00:00\",\"dateModified\":\"2026-09-02T11:34:15+00:00\",\"breadcrumb\":{\"@id\":\"https:\/\/noticiaempauta.com\/portal\/prf-apreende-quase-1-tonelada-de-cocaina-em-dez-dias-e-detalha-operacoes-no-piaui\/#breadcrumb\"},\"inLanguage\":\"pt-BR\",\"potentialAction\":[{\"@type\":\"ReadAction\",\"target\":[\"https:\/\/noticiaempauta.com\/portal\/prf-apreende-quase-1-tonelada-de-cocaina-em-dez-dias-e-detalha-operacoes-no-piaui\/\"]}]},{\"@type\":\"ImageObject\",\"inLanguage\":\"pt-BR\",\"@id\":\"https:\/\/noticiaempauta.com\/portal\/prf-apreende-quase-1-tonelada-de-cocaina-em-dez-dias-e-detalha-operacoes-no-piaui\/#primaryimage\",\"url\":\"https:\/\/noticiaempauta.com\/portal\/wp-content\/uploads\/2026\/09\/whatsapp_image_2026-08-31_at_10_09_40_1.webp\",\"contentUrl\":\"https:\/\/noticiaempauta.com\/portal\/wp-content\/uploads\/2026\/09\/whatsapp_image_2026-08-31_at_10_09_40_1.webp\",\"width\":1600,\"height\":1200},{\"@type\":\"BreadcrumbList\",\"@id\":\"https:\/\/noticiaempauta.com\/portal\/prf-apreende-quase-1-tonelada-de-cocaina-em-dez-dias-e-detalha-operacoes-no-piaui\/#breadcrumb\",\"itemListElement\":[{\"@type\":\"ListItem\",\"position\":1,\"name\":\"P\u00e1gina Inicial\",\"item\":\"https:\/\/noticiaempauta.com\/portal\/\"},{\"@type\":\"ListItem\",\"position\":2,\"name\":\"Destaques\",\"item\":\"https:\/\/noticiaempauta.com\/portal\/destaques-site\/\"},{\"@type\":\"ListItem\",\"position\":3,\"name\":\"PRF apreende quase 1 tonelada de coca\u00edna em dez dias e detalha opera\u00e7\u00f5es no Piau\u00ed\"}]},{\"@type\":\"WebSite\",\"@id\":\"https:\/\/noticiaempauta.com\/portal\/#website\",\"url\":\"https:\/\/noticiaempauta.com\/portal\/\",\"name\":\"Portal Not\u00edcia em Pauta\",\"description\":\"Voc\u00ea bem informado\",\"publisher\":{\"@id\":\"https:\/\/noticiaempauta.com\/portal\/#organization\"},\"potentialAction\":[{\"@type\":\"SearchAction\",\"target\":{\"@type\":\"EntryPoint\",\"urlTemplate\":\"https:\/\/noticiaempauta.com\/portal\/?s={search_term_string}\"},\"query-input\":{\"@type\":\"PropertyValueSpecification\",\"valueRequired\":true,\"valueName\":\"search_term_string\"}}],\"inLanguage\":\"pt-BR\"},{\"@type\":\"Organization\",\"@id\":\"https:\/\/noticiaempauta.com\/portal\/#organization\",\"name\":\"Portal Not\u00edcia em Pauta\",\"url\":\"https:\/\/noticiaempauta.com\/portal\/\",\"logo\":{\"@type\":\"ImageObject\",\"inLanguage\":\"pt-BR\",\"@id\":\"https:\/\/noticiaempauta.com\/portal\/#\/schema\/logo\/image\/\",\"url\":\"https:\/\/noticiaempauta.com\/portal\/wp-content\/uploads\/2022\/08\/logomarca_tema.fw_.png\",\"contentUrl\":\"https:\/\/noticiaempauta.com\/portal\/wp-content\/uploads\/2022\/08\/logomarca_tema.fw_.png\",\"width\":400,\"height\":232,\"caption\":\"Portal Not\u00edcia em Pauta\"},\"image\":{\"@id\":\"https:\/\/noticiaempauta.com\/portal\/#\/schema\/logo\/image\/\"},\"sameAs\":[\"https:\/\/www.facebook.com\/Portal-Notcia-Em-Pauta-102292869264820\/\",\"https:\/\/www.instagram.com\/portalnoticiaempauta\/\"]},{\"@type\":\"Person\",\"@id\":\"https:\/\/noticiaempauta.com\/portal\/#\/schema\/person\/a74af43dd1ab3deca45f988c717d57ac\",\"name\":\"Reda\u00e7\u00e3o\",\"image\":{\"@type\":\"ImageObject\",\"inLanguage\":\"pt-BR\",\"@id\":\"https:\/\/noticiaempauta.com\/portal\/#\/schema\/person\/image\/\",\"url\":\"https:\/\/secure.gravatar.com\/avatar\/03179346ecce6cdfc13361603e8f54242a90e5cde8618fa23c5c00aa2b0aadf3?s=96&d=mm&r=g\",\"contentUrl\":\"https:\/\/secure.gravatar.com\/avatar\/03179346ecce6cdfc13361603e8f54242a90e5cde8618fa23c5c00aa2b0aadf3?s=96&d=mm&r=g\",\"caption\":\"Reda\u00e7\u00e3o\"},\"sameAs\":[\"https:\/\/noticiaempauta.com\/portal\/\"],\"url\":\"https:\/\/noticiaempauta.com\/portal\/author\/fernando\/\"}]}<\/script>\n<!-- \/ Yoast SEO Premium plugin. -->","yoast_head_json":{"title":"PRF apreende quase 1 tonelada de coca\u00edna em dez dias e detalha opera\u00e7\u00f5es no Piau\u00ed - Portal Not\u00edcia em Pauta","robots":{"index":"index","follow":"follow","max-snippet":"max-snippet:-1","max-image-preview":"max-image-preview:large","max-video-preview":"max-video-preview:-1"},"canonical":"https:\/\/noticiaempauta.com\/portal\/prf-apreende-quase-1-tonelada-de-cocaina-em-dez-dias-e-detalha-operacoes-no-piaui\/","og_locale":"pt_BR","og_type":"article","og_title":"PRF apreende quase 1 tonelada de coca\u00edna em dez dias e detalha opera\u00e7\u00f5es no Piau\u00ed","og_description":"A Pol\u00edcia Rodovi\u00e1ria Federal (PRF) apreendeu&nbsp;965 quilos de coca\u00edna no Piau\u00ed em apenas dez dias, volume pr\u00f3ximo de uma tonelada. O resultado \u00e9 fruto principalmente de duas grandes apreens\u00f5es:&nbsp;475 kg encontrados em Parna\u00edba&nbsp;e outros&nbsp;490 kg localizados no domingo (30), em um caminh\u00e3o abordado na BR-135, em Manoel Em\u00eddio, no Sul do estado. Em entrevista ao [&hellip;]","og_url":"https:\/\/noticiaempauta.com\/portal\/prf-apreende-quase-1-tonelada-de-cocaina-em-dez-dias-e-detalha-operacoes-no-piaui\/","og_site_name":"Portal Not\u00edcia em Pauta","article_publisher":"https:\/\/www.facebook.com\/Portal-Notcia-Em-Pauta-102292869264820\/","article_published_time":"2026-09-02T11:34:10+00:00","article_modified_time":"2026-09-02T11:34:15+00:00","og_image":[{"width":1600,"height":1200,"url":"https:\/\/noticiaempauta.com\/portal\/wp-content\/uploads\/2026\/09\/whatsapp_image_2026-08-31_at_10_09_40_1.webp","type":"image\/webp"}],"author":"Reda\u00e7\u00e3o","twitter_card":"summary_large_image","twitter_misc":{"Escrito por":"Reda\u00e7\u00e3o","Est. tempo de leitura":"5 minutos"},"schema":{"@context":"https:\/\/schema.org","@graph":[{"@type":"Article","@id":"https:\/\/noticiaempauta.com\/portal\/prf-apreende-quase-1-tonelada-de-cocaina-em-dez-dias-e-detalha-operacoes-no-piaui\/#article","isPartOf":{"@id":"https:\/\/noticiaempauta.com\/portal\/prf-apreende-quase-1-tonelada-de-cocaina-em-dez-dias-e-detalha-operacoes-no-piaui\/"},"author":{"name":"Reda\u00e7\u00e3o","@id":"https:\/\/noticiaempauta.com\/portal\/#\/schema\/person\/a74af43dd1ab3deca45f988c717d57ac"},"headline":"PRF apreende quase 1 tonelada de coca\u00edna em dez dias e detalha opera\u00e7\u00f5es no Piau\u00ed","datePublished":"2026-09-02T11:34:10+00:00","dateModified":"2026-09-02T11:34:15+00:00","mainEntityOfPage":{"@id":"https:\/\/noticiaempauta.com\/portal\/prf-apreende-quase-1-tonelada-de-cocaina-em-dez-dias-e-detalha-operacoes-no-piaui\/"},"wordCount":922,"publisher":{"@id":"https:\/\/noticiaempauta.com\/portal\/#organization"},"image":{"@id":"https:\/\/noticiaempauta.com\/portal\/prf-apreende-quase-1-tonelada-de-cocaina-em-dez-dias-e-detalha-operacoes-no-piaui\/#primaryimage"},"thumbnailUrl":"https:\/\/noticiaempauta.com\/portal\/wp-content\/uploads\/2026\/09\/whatsapp_image_2026-08-31_at_10_09_40_1.webp","keywords":["destaqueprincipal"],"articleSection":["Destaques","Geral","Munic\u00edpios","Pol\u00edcia","Todas as Not\u00edcias"],"inLanguage":"pt-BR"},{"@type":"WebPage","@id":"https:\/\/noticiaempauta.com\/portal\/prf-apreende-quase-1-tonelada-de-cocaina-em-dez-dias-e-detalha-operacoes-no-piaui\/","url":"https:\/\/noticiaempauta.com\/portal\/prf-apreende-quase-1-tonelada-de-cocaina-em-dez-dias-e-detalha-operacoes-no-piaui\/","name":"PRF apreende quase 1 tonelada de coca\u00edna em dez dias e detalha opera\u00e7\u00f5es no Piau\u00ed - Portal Not\u00edcia em Pauta","isPartOf":{"@id":"https:\/\/noticiaempauta.com\/portal\/#website"},"primaryImageOfPage":{"@id":"https:\/\/noticiaempauta.com\/portal\/prf-apreende-quase-1-tonelada-de-cocaina-em-dez-dias-e-detalha-operacoes-no-piaui\/#primaryimage"},"image":{"@id":"https:\/\/noticiaempauta.com\/portal\/prf-apreende-quase-1-tonelada-de-cocaina-em-dez-dias-e-detalha-operacoes-no-piaui\/#primaryimage"},"thumbnailUrl":"https:\/\/noticiaempauta.com\/portal\/wp-content\/uploads\/2026\/09\/whatsapp_image_2026-08-31_at_10_09_40_1.webp","datePublished":"2026-09-02T11:34:10+00:00","dateModified":"2026-09-02T11:34:15+00:00","breadcrumb":{"@id":"https:\/\/noticiaempauta.com\/portal\/prf-apreende-quase-1-tonelada-de-cocaina-em-dez-dias-e-detalha-operacoes-no-piaui\/#breadcrumb"},"inLanguage":"pt-BR","potentialAction":[{"@type":"ReadAction","target":["https:\/\/noticiaempauta.com\/portal\/prf-apreende-quase-1-tonelada-de-cocaina-em-dez-dias-e-detalha-operacoes-no-piaui\/"]}]},{"@type":"ImageObject","inLanguage":"pt-BR","@id":"https:\/\/noticiaempauta.com\/portal\/prf-apreende-quase-1-tonelada-de-cocaina-em-dez-dias-e-detalha-operacoes-no-piaui\/#primaryimage","url":"https:\/\/noticiaempauta.com\/portal\/wp-content\/uploads\/2026\/09\/whatsapp_image_2026-08-31_at_10_09_40_1.webp","contentUrl":"https:\/\/noticiaempauta.com\/portal\/wp-content\/uploads\/2026\/09\/whatsapp_image_2026-08-31_at_10_09_40_1.webp","width":1600,"height":1200},{"@type":"BreadcrumbList","@id":"https:\/\/noticiaempauta.com\/portal\/prf-apreende-quase-1-tonelada-de-cocaina-em-dez-dias-e-detalha-operacoes-no-piaui\/#breadcrumb","itemListElement":[{"@type":"ListItem","position":1,"name":"P\u00e1gina Inicial","item":"https:\/\/noticiaempauta.com\/portal\/"},{"@type":"ListItem","position":2,"name":"Destaques","item":"https:\/\/noticiaempauta.com\/portal\/destaques-site\/"},{"@type":"ListItem","position":3,"name":"PRF apreende quase 1 tonelada de coca\u00edna em dez dias e detalha opera\u00e7\u00f5es no Piau\u00ed"}]},{"@type":"WebSite","@id":"https:\/\/noticiaempauta.com\/portal\/#website","url":"https:\/\/noticiaempauta.com\/portal\/","name":"Portal Not\u00edcia em Pauta","description":"Voc\u00ea bem informado","publisher":{"@id":"https:\/\/noticiaempauta.com\/portal\/#organization"},"potentialAction":[{"@type":"SearchAction","target":{"@type":"EntryPoint","urlTemplate":"https:\/\/noticiaempauta.com\/portal\/?s={search_term_string}"},"query-input":{"@type":"PropertyValueSpecification","valueRequired":true,"valueName":"search_term_string"}}],"inLanguage":"pt-BR"},{"@type":"Organization","@id":"https:\/\/noticiaempauta.com\/portal\/#organization","name":"Portal Not\u00edcia em Pauta","url":"https:\/\/noticiaempauta.com\/portal\/","logo":{"@type":"ImageObject","inLanguage":"pt-BR","@id":"https:\/\/noticiaempauta.com\/portal\/#\/schema\/logo\/image\/","url":"https:\/\/noticiaempauta.com\/portal\/wp-content\/uploads\/2022\/08\/logomarca_tema.fw_.png","contentUrl":"https:\/\/noticiaempauta.com\/portal\/wp-content\/uploads\/2022\/08\/logomarca_tema.fw_.png","width":400,"height":232,"caption":"Portal Not\u00edcia em Pauta"},"image":{"@id":"https:\/\/noticiaempauta.com\/portal\/#\/schema\/logo\/image\/"},"sameAs":["https:\/\/www.facebook.com\/Portal-Notcia-Em-Pauta-102292869264820\/","https:\/\/www.instagram.com\/portalnoticiaempauta\/"]},{"@type":"Person","@id":"https:\/\/noticiaempauta.com\/portal\/#\/schema\/person\/a74af43dd1ab3deca45f988c717d57ac","name":"Reda\u00e7\u00e3o","image":{"@type":"ImageObject","inLanguage":"pt-BR","@id":"https:\/\/noticiaempauta.com\/portal\/#\/schema\/person\/image\/","url":"https:\/\/secure.gravatar.com\/avatar\/03179346ecce6cdfc13361603e8f54242a90e5cde8618fa23c5c00aa2b0aadf3?s=96&d=mm&r=g","contentUrl":"https:\/\/secure.gravatar.com\/avatar\/03179346ecce6cdfc13361603e8f54242a90e5cde8618fa23c5c00aa2b0aadf3?s=96&d=mm&r=g","caption":"Reda\u00e7\u00e3o"},"sameAs":["https:\/\/noticiaempauta.com\/portal\/"],"url":"https:\/\/noticiaempauta.com\/portal\/author\/fernando\/"}]}},"_links":{"self":[{"href":"https:\/\/noticiaempauta.com\/portal\/wp-json\/wp\/v2\/posts\/294171","targetHints":{"allow":["GET"]}}],"collection":[{"href":"https:\/\/noticiaempauta.com\/portal\/wp-json\/wp\/v2\/posts"}],"about":[{"href":"https:\/\/noticiaempauta.com\/portal\/wp-json\/wp\/v2\/types\/post"}],"author":[{"embeddable":true,"href":"https:\/\/noticiaempauta.com\/portal\/wp-json\/wp\/v2\/users\/2"}],"replies":[{"embeddable":true,"href":"https:\/\/noticiaempauta.com\/portal\/wp-json\/wp\/v2\/comments?post=294171"}],"version-history":[{"count":2,"href":"https:\/\/noticiaempauta.com\/portal\/wp-json\/wp\/v2\/posts\/294171\/revisions"}],"predecessor-version":[{"id":294174,"href":"https:\/\/noticiaempauta.com\/portal\/wp-json\/wp\/v2\/posts\/294171\/revisions\/294174"}],"wp:featuredmedia":[{"embeddable":true,"href":"https:\/\/noticiaempauta.com\/portal\/wp-json\/wp\/v2\/media\/294172"}],"wp:attachment":[{"href":"https:\/\/noticiaempauta.com\/portal\/wp-json\/wp\/v2\/media?parent=294171"}],"wp:term":[{"taxonomy":"category","embeddable":true,"href":"https:\/\/noticiaempauta.com\/portal\/wp-json\/wp\/v2\/categories?post=294171"},{"taxonomy":"post_tag","embeddable":true,"href":"https:\/\/noticiaempauta.com\/portal\/wp-json\/wp\/v2\/tags?post=294171"}],"curies":[{"name":"wp","href":"https:\/\/api.w.org\/{rel}","templated":true}]}}