{"id":294175,"date":"2026-09-02T08:55:06","date_gmt":"2026-09-02T11:55:06","guid":{"rendered":"https:\/\/noticiaempauta.com\/portal\/?p=294175"},"modified":"2026-09-02T08:55:26","modified_gmt":"2026-09-02T11:55:26","slug":"pm-cumpre-dois-mandados-contra-suspeitos-de-homicidio-qualificado-em-bocaina","status":"publish","type":"post","link":"https:\/\/noticiaempauta.com\/portal\/pm-cumpre-dois-mandados-contra-suspeitos-de-homicidio-qualificado-em-bocaina\/","title":{"rendered":"PM cumpre dois mandados contra suspeitos de homic\u00eddio qualificado em Bocaina"},"content":{"rendered":"\n<p class=\"wp-block-paragraph\">A\u00a0<strong>Pol\u00edcia Militar do Piau\u00ed<\/strong>\u00a0cumpriu, na manh\u00e3 de ter\u00e7a-feira (1\u00ba),\u00a0<strong>dois mandados de pris\u00e3o<\/strong>\u00a0contra indiv\u00edduos investigados por\u00a0<strong>homic\u00eddio qualificado<\/strong>. Os suspeitos estavam escondidos na zona rural de\u00a0<strong>Bocaina<\/strong>, no Sul do Piau\u00ed. A a\u00e7\u00e3o ocorreu por volta das\u00a0<strong>11h30<\/strong>\u00a0e foi realizada por equipes da\u00a0<strong>3\u00aa Companhia do 4\u00ba Batalh\u00e3o da Pol\u00edcia Militar (4\u00ba BPM)<\/strong>, ap\u00f3s determina\u00e7\u00e3o do comandante da unidade, capit\u00e3o Andr\u00e9.<\/p>\n\n\n\n<figure class=\"wp-block-image size-full\"><img fetchpriority=\"high\" decoding=\"async\" width=\"785\" height=\"435\" src=\"https:\/\/noticiaempauta.com\/portal\/wp-content\/uploads\/2026\/09\/cumprimento-de-mandados-8117dbaec4400f50.webp\" alt=\"\" class=\"wp-image-294176\" srcset=\"https:\/\/noticiaempauta.com\/portal\/wp-content\/uploads\/2026\/09\/cumprimento-de-mandados-8117dbaec4400f50.webp 785w, https:\/\/noticiaempauta.com\/portal\/wp-content\/uploads\/2026\/09\/cumprimento-de-mandados-8117dbaec4400f50-300x166.webp 300w, https:\/\/noticiaempauta.com\/portal\/wp-content\/uploads\/2026\/09\/cumprimento-de-mandados-8117dbaec4400f50-767x425.webp 767w\" sizes=\"(max-width: 785px) 100vw, 785px\" \/><figcaption class=\"wp-element-caption\"><em>Cumprimento de mandados | Foto: Reprodu\u00e7\u00e3o\/Cidades na Net<\/em><\/figcaption><\/figure>\n\n\n\n<p class=\"wp-block-paragraph\">As dilig\u00eancias come\u00e7aram ap\u00f3s informa\u00e7\u00f5es do Servi\u00e7o de Intelig\u00eancia da companhia indicarem que suspeitos, supostamente foragidos da Justi\u00e7a, estariam escondidos em im\u00f3veis na zona rural do munic\u00edpio. Com base nas informa\u00e7\u00f5es, os policiais foram at\u00e9 a localidade Cachoeiras, onde realizaram uma campana nas proximidades de uma das resid\u00eancias apontadas como poss\u00edvel esconderijo.<\/p>\n\n\n\n<h2 class=\"wp-block-heading\">Suspeitos foram abordados<\/h2>\n\n\n\n<p class=\"wp-block-paragraph\">Segundo o comandante do policiamento local, cabo Sousa Junior, durante a vigil\u00e2ncia os policiais identificaram indiv\u00edduos com caracter\u00edsticas semelhantes \u00e0s informa\u00e7\u00f5es recebidas e realizaram a abordagem. Ap\u00f3s a identifica\u00e7\u00e3o e consulta aos sistemas dispon\u00edveis, os agentes constataram que havia mandados de pris\u00e3o em aberto contra dois dos abordados, ambos relacionados ao crime de homic\u00eddio qualificado.<\/p>\n\n\n\n<h2 class=\"wp-block-heading\">Mandados expedidos no Piau\u00ed e Tocantins<\/h2>\n\n\n\n<p class=\"wp-block-paragraph\">Um dos mandados foi expedido pela Comarca de Monsenhor Gil (PI). O outro foi emitido pelo Tribunal de Justi\u00e7a do Estado do Tocantins. Com a confirma\u00e7\u00e3o das ordens judiciais, os policiais cumpriram os mandados e adotaram as provid\u00eancias cab\u00edveis.<\/p>\n\n\n\n<p class=\"wp-block-paragraph\">Os envolvidos, identificados pelas iniciais V. J. dos S. S. e J. L. G., foram encaminhados \u00e0 autoridade competente para a realiza\u00e7\u00e3o dos procedimentos legais.<\/p>\n\n\n\n<p class=\"wp-block-paragraph\"><em>(Com informa\u00e7\u00f5es do Cidades na Net)<\/em><\/p>\n","protected":false},"excerpt":{"rendered":"<p>A\u00a0Pol\u00edcia Militar do Piau\u00ed\u00a0cumpriu, na manh\u00e3 de ter\u00e7a-feira (1\u00ba),\u00a0dois mandados de pris\u00e3o\u00a0contra indiv\u00edduos investigados por\u00a0homic\u00eddio qualificado. Os suspeitos estavam escondidos na zona rural de\u00a0Bocaina, no Sul do Piau\u00ed. A a\u00e7\u00e3o ocorreu por volta das\u00a011h30\u00a0e foi realizada por equipes da\u00a03\u00aa Companhia do 4\u00ba Batalh\u00e3o da Pol\u00edcia Militar (4\u00ba BPM), ap\u00f3s determina\u00e7\u00e3o do comandante da unidade, capit\u00e3o [&hellip;]<\/p>\n","protected":false},"author":2,"featured_media":294176,"comment_status":"closed","ping_status":"closed","sticky":false,"template":"","format":"standard","meta":{"_mi_skip_tracking":false,"footnotes":""},"categories":[25,1,9,137,16],"tags":[192],"class_list":["post-294175","post","type-post","status-publish","format-standard","has-post-thumbnail","hentry","category-destaques-site","category-geral","category-municipios","category-policia","category-todas","tag-destaqueprincipal"],"acf":[],"yoast_head":"<!-- This site is optimized with the Yoast SEO Premium plugin v19.2 (Yoast SEO v26.9) - https:\/\/yoast.com\/product\/yoast-seo-premium-wordpress\/ -->\n<title>PM cumpre dois mandados contra suspeitos de homic\u00eddio qualificado em Bocaina - Portal Not\u00edcia em Pauta<\/title>\n<meta name=\"robots\" content=\"index, follow, max-snippet:-1, max-image-preview:large, max-video-preview:-1\" \/>\n<link rel=\"canonical\" href=\"https:\/\/noticiaempauta.com\/portal\/pm-cumpre-dois-mandados-contra-suspeitos-de-homicidio-qualificado-em-bocaina\/\" \/>\n<meta property=\"og:locale\" content=\"pt_BR\" \/>\n<meta property=\"og:type\" content=\"article\" \/>\n<meta property=\"og:title\" content=\"PM cumpre dois mandados contra suspeitos de homic\u00eddio qualificado em Bocaina\" \/>\n<meta property=\"og:description\" content=\"A\u00a0Pol\u00edcia Militar do Piau\u00ed\u00a0cumpriu, na manh\u00e3 de ter\u00e7a-feira (1\u00ba),\u00a0dois mandados de pris\u00e3o\u00a0contra indiv\u00edduos investigados por\u00a0homic\u00eddio qualificado. Os suspeitos estavam escondidos na zona rural de\u00a0Bocaina, no Sul do Piau\u00ed. A a\u00e7\u00e3o ocorreu por volta das\u00a011h30\u00a0e foi realizada por equipes da\u00a03\u00aa Companhia do 4\u00ba Batalh\u00e3o da Pol\u00edcia Militar (4\u00ba BPM), ap\u00f3s determina\u00e7\u00e3o do comandante da unidade, capit\u00e3o [&hellip;]\" \/>\n<meta property=\"og:url\" content=\"https:\/\/noticiaempauta.com\/portal\/pm-cumpre-dois-mandados-contra-suspeitos-de-homicidio-qualificado-em-bocaina\/\" \/>\n<meta property=\"og:site_name\" content=\"Portal Not\u00edcia em Pauta\" \/>\n<meta property=\"article:publisher\" content=\"https:\/\/www.facebook.com\/Portal-Notcia-Em-Pauta-102292869264820\/\" \/>\n<meta property=\"article:published_time\" content=\"2026-09-02T11:55:06+00:00\" \/>\n<meta property=\"article:modified_time\" content=\"2026-09-02T11:55:26+00:00\" \/>\n<meta property=\"og:image\" content=\"https:\/\/noticiaempauta.com\/portal\/wp-content\/uploads\/2026\/09\/cumprimento-de-mandados-8117dbaec4400f50.webp\" \/>\n\t<meta property=\"og:image:width\" content=\"785\" \/>\n\t<meta property=\"og:image:height\" content=\"435\" \/>\n\t<meta property=\"og:image:type\" content=\"image\/webp\" \/>\n<meta name=\"author\" content=\"Reda\u00e7\u00e3o\" \/>\n<meta name=\"twitter:card\" content=\"summary_large_image\" \/>\n<meta name=\"twitter:label1\" content=\"Escrito por\" \/>\n\t<meta name=\"twitter:data1\" content=\"Reda\u00e7\u00e3o\" \/>\n\t<meta name=\"twitter:label2\" content=\"Est. tempo de leitura\" \/>\n\t<meta name=\"twitter:data2\" content=\"2 minutos\" \/>\n<script type=\"application\/ld+json\" class=\"yoast-schema-graph\">{\"@context\":\"https:\/\/schema.org\",\"@graph\":[{\"@type\":\"Article\",\"@id\":\"https:\/\/noticiaempauta.com\/portal\/pm-cumpre-dois-mandados-contra-suspeitos-de-homicidio-qualificado-em-bocaina\/#article\",\"isPartOf\":{\"@id\":\"https:\/\/noticiaempauta.com\/portal\/pm-cumpre-dois-mandados-contra-suspeitos-de-homicidio-qualificado-em-bocaina\/\"},\"author\":{\"name\":\"Reda\u00e7\u00e3o\",\"@id\":\"https:\/\/noticiaempauta.com\/portal\/#\/schema\/person\/a74af43dd1ab3deca45f988c717d57ac\"},\"headline\":\"PM cumpre dois mandados contra suspeitos de homic\u00eddio qualificado em Bocaina\",\"datePublished\":\"2026-09-02T11:55:06+00:00\",\"dateModified\":\"2026-09-02T11:55:26+00:00\",\"mainEntityOfPage\":{\"@id\":\"https:\/\/noticiaempauta.com\/portal\/pm-cumpre-dois-mandados-contra-suspeitos-de-homicidio-qualificado-em-bocaina\/\"},\"wordCount\":305,\"publisher\":{\"@id\":\"https:\/\/noticiaempauta.com\/portal\/#organization\"},\"image\":{\"@id\":\"https:\/\/noticiaempauta.com\/portal\/pm-cumpre-dois-mandados-contra-suspeitos-de-homicidio-qualificado-em-bocaina\/#primaryimage\"},\"thumbnailUrl\":\"https:\/\/noticiaempauta.com\/portal\/wp-content\/uploads\/2026\/09\/cumprimento-de-mandados-8117dbaec4400f50.webp\",\"keywords\":[\"destaqueprincipal\"],\"articleSection\":[\"Destaques\",\"Geral\",\"Munic\u00edpios\",\"Pol\u00edcia\",\"Todas as Not\u00edcias\"],\"inLanguage\":\"pt-BR\"},{\"@type\":\"WebPage\",\"@id\":\"https:\/\/noticiaempauta.com\/portal\/pm-cumpre-dois-mandados-contra-suspeitos-de-homicidio-qualificado-em-bocaina\/\",\"url\":\"https:\/\/noticiaempauta.com\/portal\/pm-cumpre-dois-mandados-contra-suspeitos-de-homicidio-qualificado-em-bocaina\/\",\"name\":\"PM cumpre dois mandados contra suspeitos de homic\u00eddio qualificado em Bocaina - Portal Not\u00edcia em Pauta\",\"isPartOf\":{\"@id\":\"https:\/\/noticiaempauta.com\/portal\/#website\"},\"primaryImageOfPage\":{\"@id\":\"https:\/\/noticiaempauta.com\/portal\/pm-cumpre-dois-mandados-contra-suspeitos-de-homicidio-qualificado-em-bocaina\/#primaryimage\"},\"image\":{\"@id\":\"https:\/\/noticiaempauta.com\/portal\/pm-cumpre-dois-mandados-contra-suspeitos-de-homicidio-qualificado-em-bocaina\/#primaryimage\"},\"thumbnailUrl\":\"https:\/\/noticiaempauta.com\/portal\/wp-content\/uploads\/2026\/09\/cumprimento-de-mandados-8117dbaec4400f50.webp\",\"datePublished\":\"2026-09-02T11:55:06+00:00\",\"dateModified\":\"2026-09-02T11:55:26+00:00\",\"breadcrumb\":{\"@id\":\"https:\/\/noticiaempauta.com\/portal\/pm-cumpre-dois-mandados-contra-suspeitos-de-homicidio-qualificado-em-bocaina\/#breadcrumb\"},\"inLanguage\":\"pt-BR\",\"potentialAction\":[{\"@type\":\"ReadAction\",\"target\":[\"https:\/\/noticiaempauta.com\/portal\/pm-cumpre-dois-mandados-contra-suspeitos-de-homicidio-qualificado-em-bocaina\/\"]}]},{\"@type\":\"ImageObject\",\"inLanguage\":\"pt-BR\",\"@id\":\"https:\/\/noticiaempauta.com\/portal\/pm-cumpre-dois-mandados-contra-suspeitos-de-homicidio-qualificado-em-bocaina\/#primaryimage\",\"url\":\"https:\/\/noticiaempauta.com\/portal\/wp-content\/uploads\/2026\/09\/cumprimento-de-mandados-8117dbaec4400f50.webp\",\"contentUrl\":\"https:\/\/noticiaempauta.com\/portal\/wp-content\/uploads\/2026\/09\/cumprimento-de-mandados-8117dbaec4400f50.webp\",\"width\":785,\"height\":435},{\"@type\":\"BreadcrumbList\",\"@id\":\"https:\/\/noticiaempauta.com\/portal\/pm-cumpre-dois-mandados-contra-suspeitos-de-homicidio-qualificado-em-bocaina\/#breadcrumb\",\"itemListElement\":[{\"@type\":\"ListItem\",\"position\":1,\"name\":\"P\u00e1gina Inicial\",\"item\":\"https:\/\/noticiaempauta.com\/portal\/\"},{\"@type\":\"ListItem\",\"position\":2,\"name\":\"Destaques\",\"item\":\"https:\/\/noticiaempauta.com\/portal\/destaques-site\/\"},{\"@type\":\"ListItem\",\"position\":3,\"name\":\"PM cumpre dois mandados contra suspeitos de homic\u00eddio qualificado em Bocaina\"}]},{\"@type\":\"WebSite\",\"@id\":\"https:\/\/noticiaempauta.com\/portal\/#website\",\"url\":\"https:\/\/noticiaempauta.com\/portal\/\",\"name\":\"Portal Not\u00edcia em Pauta\",\"description\":\"Voc\u00ea bem informado\",\"publisher\":{\"@id\":\"https:\/\/noticiaempauta.com\/portal\/#organization\"},\"potentialAction\":[{\"@type\":\"SearchAction\",\"target\":{\"@type\":\"EntryPoint\",\"urlTemplate\":\"https:\/\/noticiaempauta.com\/portal\/?s={search_term_string}\"},\"query-input\":{\"@type\":\"PropertyValueSpecification\",\"valueRequired\":true,\"valueName\":\"search_term_string\"}}],\"inLanguage\":\"pt-BR\"},{\"@type\":\"Organization\",\"@id\":\"https:\/\/noticiaempauta.com\/portal\/#organization\",\"name\":\"Portal Not\u00edcia em Pauta\",\"url\":\"https:\/\/noticiaempauta.com\/portal\/\",\"logo\":{\"@type\":\"ImageObject\",\"inLanguage\":\"pt-BR\",\"@id\":\"https:\/\/noticiaempauta.com\/portal\/#\/schema\/logo\/image\/\",\"url\":\"https:\/\/noticiaempauta.com\/portal\/wp-content\/uploads\/2022\/08\/logomarca_tema.fw_.png\",\"contentUrl\":\"https:\/\/noticiaempauta.com\/portal\/wp-content\/uploads\/2022\/08\/logomarca_tema.fw_.png\",\"width\":400,\"height\":232,\"caption\":\"Portal Not\u00edcia em Pauta\"},\"image\":{\"@id\":\"https:\/\/noticiaempauta.com\/portal\/#\/schema\/logo\/image\/\"},\"sameAs\":[\"https:\/\/www.facebook.com\/Portal-Notcia-Em-Pauta-102292869264820\/\",\"https:\/\/www.instagram.com\/portalnoticiaempauta\/\"]},{\"@type\":\"Person\",\"@id\":\"https:\/\/noticiaempauta.com\/portal\/#\/schema\/person\/a74af43dd1ab3deca45f988c717d57ac\",\"name\":\"Reda\u00e7\u00e3o\",\"image\":{\"@type\":\"ImageObject\",\"inLanguage\":\"pt-BR\",\"@id\":\"https:\/\/noticiaempauta.com\/portal\/#\/schema\/person\/image\/\",\"url\":\"https:\/\/secure.gravatar.com\/avatar\/03179346ecce6cdfc13361603e8f54242a90e5cde8618fa23c5c00aa2b0aadf3?s=96&d=mm&r=g\",\"contentUrl\":\"https:\/\/secure.gravatar.com\/avatar\/03179346ecce6cdfc13361603e8f54242a90e5cde8618fa23c5c00aa2b0aadf3?s=96&d=mm&r=g\",\"caption\":\"Reda\u00e7\u00e3o\"},\"sameAs\":[\"https:\/\/noticiaempauta.com\/portal\/\"],\"url\":\"https:\/\/noticiaempauta.com\/portal\/author\/fernando\/\"}]}<\/script>\n<!-- \/ Yoast SEO Premium plugin. -->","yoast_head_json":{"title":"PM cumpre dois mandados contra suspeitos de homic\u00eddio qualificado em Bocaina - Portal Not\u00edcia em Pauta","robots":{"index":"index","follow":"follow","max-snippet":"max-snippet:-1","max-image-preview":"max-image-preview:large","max-video-preview":"max-video-preview:-1"},"canonical":"https:\/\/noticiaempauta.com\/portal\/pm-cumpre-dois-mandados-contra-suspeitos-de-homicidio-qualificado-em-bocaina\/","og_locale":"pt_BR","og_type":"article","og_title":"PM cumpre dois mandados contra suspeitos de homic\u00eddio qualificado em Bocaina","og_description":"A\u00a0Pol\u00edcia Militar do Piau\u00ed\u00a0cumpriu, na manh\u00e3 de ter\u00e7a-feira (1\u00ba),\u00a0dois mandados de pris\u00e3o\u00a0contra indiv\u00edduos investigados por\u00a0homic\u00eddio qualificado. Os suspeitos estavam escondidos na zona rural de\u00a0Bocaina, no Sul do Piau\u00ed. A a\u00e7\u00e3o ocorreu por volta das\u00a011h30\u00a0e foi realizada por equipes da\u00a03\u00aa Companhia do 4\u00ba Batalh\u00e3o da Pol\u00edcia Militar (4\u00ba BPM), ap\u00f3s determina\u00e7\u00e3o do comandante da unidade, capit\u00e3o [&hellip;]","og_url":"https:\/\/noticiaempauta.com\/portal\/pm-cumpre-dois-mandados-contra-suspeitos-de-homicidio-qualificado-em-bocaina\/","og_site_name":"Portal Not\u00edcia em Pauta","article_publisher":"https:\/\/www.facebook.com\/Portal-Notcia-Em-Pauta-102292869264820\/","article_published_time":"2026-09-02T11:55:06+00:00","article_modified_time":"2026-09-02T11:55:26+00:00","og_image":[{"width":785,"height":435,"url":"https:\/\/noticiaempauta.com\/portal\/wp-content\/uploads\/2026\/09\/cumprimento-de-mandados-8117dbaec4400f50.webp","type":"image\/webp"}],"author":"Reda\u00e7\u00e3o","twitter_card":"summary_large_image","twitter_misc":{"Escrito por":"Reda\u00e7\u00e3o","Est. tempo de leitura":"2 minutos"},"schema":{"@context":"https:\/\/schema.org","@graph":[{"@type":"Article","@id":"https:\/\/noticiaempauta.com\/portal\/pm-cumpre-dois-mandados-contra-suspeitos-de-homicidio-qualificado-em-bocaina\/#article","isPartOf":{"@id":"https:\/\/noticiaempauta.com\/portal\/pm-cumpre-dois-mandados-contra-suspeitos-de-homicidio-qualificado-em-bocaina\/"},"author":{"name":"Reda\u00e7\u00e3o","@id":"https:\/\/noticiaempauta.com\/portal\/#\/schema\/person\/a74af43dd1ab3deca45f988c717d57ac"},"headline":"PM cumpre dois mandados contra suspeitos de homic\u00eddio qualificado em Bocaina","datePublished":"2026-09-02T11:55:06+00:00","dateModified":"2026-09-02T11:55:26+00:00","mainEntityOfPage":{"@id":"https:\/\/noticiaempauta.com\/portal\/pm-cumpre-dois-mandados-contra-suspeitos-de-homicidio-qualificado-em-bocaina\/"},"wordCount":305,"publisher":{"@id":"https:\/\/noticiaempauta.com\/portal\/#organization"},"image":{"@id":"https:\/\/noticiaempauta.com\/portal\/pm-cumpre-dois-mandados-contra-suspeitos-de-homicidio-qualificado-em-bocaina\/#primaryimage"},"thumbnailUrl":"https:\/\/noticiaempauta.com\/portal\/wp-content\/uploads\/2026\/09\/cumprimento-de-mandados-8117dbaec4400f50.webp","keywords":["destaqueprincipal"],"articleSection":["Destaques","Geral","Munic\u00edpios","Pol\u00edcia","Todas as Not\u00edcias"],"inLanguage":"pt-BR"},{"@type":"WebPage","@id":"https:\/\/noticiaempauta.com\/portal\/pm-cumpre-dois-mandados-contra-suspeitos-de-homicidio-qualificado-em-bocaina\/","url":"https:\/\/noticiaempauta.com\/portal\/pm-cumpre-dois-mandados-contra-suspeitos-de-homicidio-qualificado-em-bocaina\/","name":"PM cumpre dois mandados contra suspeitos de homic\u00eddio qualificado em Bocaina - Portal Not\u00edcia em Pauta","isPartOf":{"@id":"https:\/\/noticiaempauta.com\/portal\/#website"},"primaryImageOfPage":{"@id":"https:\/\/noticiaempauta.com\/portal\/pm-cumpre-dois-mandados-contra-suspeitos-de-homicidio-qualificado-em-bocaina\/#primaryimage"},"image":{"@id":"https:\/\/noticiaempauta.com\/portal\/pm-cumpre-dois-mandados-contra-suspeitos-de-homicidio-qualificado-em-bocaina\/#primaryimage"},"thumbnailUrl":"https:\/\/noticiaempauta.com\/portal\/wp-content\/uploads\/2026\/09\/cumprimento-de-mandados-8117dbaec4400f50.webp","datePublished":"2026-09-02T11:55:06+00:00","dateModified":"2026-09-02T11:55:26+00:00","breadcrumb":{"@id":"https:\/\/noticiaempauta.com\/portal\/pm-cumpre-dois-mandados-contra-suspeitos-de-homicidio-qualificado-em-bocaina\/#breadcrumb"},"inLanguage":"pt-BR","potentialAction":[{"@type":"ReadAction","target":["https:\/\/noticiaempauta.com\/portal\/pm-cumpre-dois-mandados-contra-suspeitos-de-homicidio-qualificado-em-bocaina\/"]}]},{"@type":"ImageObject","inLanguage":"pt-BR","@id":"https:\/\/noticiaempauta.com\/portal\/pm-cumpre-dois-mandados-contra-suspeitos-de-homicidio-qualificado-em-bocaina\/#primaryimage","url":"https:\/\/noticiaempauta.com\/portal\/wp-content\/uploads\/2026\/09\/cumprimento-de-mandados-8117dbaec4400f50.webp","contentUrl":"https:\/\/noticiaempauta.com\/portal\/wp-content\/uploads\/2026\/09\/cumprimento-de-mandados-8117dbaec4400f50.webp","width":785,"height":435},{"@type":"BreadcrumbList","@id":"https:\/\/noticiaempauta.com\/portal\/pm-cumpre-dois-mandados-contra-suspeitos-de-homicidio-qualificado-em-bocaina\/#breadcrumb","itemListElement":[{"@type":"ListItem","position":1,"name":"P\u00e1gina Inicial","item":"https:\/\/noticiaempauta.com\/portal\/"},{"@type":"ListItem","position":2,"name":"Destaques","item":"https:\/\/noticiaempauta.com\/portal\/destaques-site\/"},{"@type":"ListItem","position":3,"name":"PM cumpre dois mandados contra suspeitos de homic\u00eddio qualificado em Bocaina"}]},{"@type":"WebSite","@id":"https:\/\/noticiaempauta.com\/portal\/#website","url":"https:\/\/noticiaempauta.com\/portal\/","name":"Portal Not\u00edcia em Pauta","description":"Voc\u00ea bem informado","publisher":{"@id":"https:\/\/noticiaempauta.com\/portal\/#organization"},"potentialAction":[{"@type":"SearchAction","target":{"@type":"EntryPoint","urlTemplate":"https:\/\/noticiaempauta.com\/portal\/?s={search_term_string}"},"query-input":{"@type":"PropertyValueSpecification","valueRequired":true,"valueName":"search_term_string"}}],"inLanguage":"pt-BR"},{"@type":"Organization","@id":"https:\/\/noticiaempauta.com\/portal\/#organization","name":"Portal Not\u00edcia em Pauta","url":"https:\/\/noticiaempauta.com\/portal\/","logo":{"@type":"ImageObject","inLanguage":"pt-BR","@id":"https:\/\/noticiaempauta.com\/portal\/#\/schema\/logo\/image\/","url":"https:\/\/noticiaempauta.com\/portal\/wp-content\/uploads\/2022\/08\/logomarca_tema.fw_.png","contentUrl":"https:\/\/noticiaempauta.com\/portal\/wp-content\/uploads\/2022\/08\/logomarca_tema.fw_.png","width":400,"height":232,"caption":"Portal Not\u00edcia em Pauta"},"image":{"@id":"https:\/\/noticiaempauta.com\/portal\/#\/schema\/logo\/image\/"},"sameAs":["https:\/\/www.facebook.com\/Portal-Notcia-Em-Pauta-102292869264820\/","https:\/\/www.instagram.com\/portalnoticiaempauta\/"]},{"@type":"Person","@id":"https:\/\/noticiaempauta.com\/portal\/#\/schema\/person\/a74af43dd1ab3deca45f988c717d57ac","name":"Reda\u00e7\u00e3o","image":{"@type":"ImageObject","inLanguage":"pt-BR","@id":"https:\/\/noticiaempauta.com\/portal\/#\/schema\/person\/image\/","url":"https:\/\/secure.gravatar.com\/avatar\/03179346ecce6cdfc13361603e8f54242a90e5cde8618fa23c5c00aa2b0aadf3?s=96&d=mm&r=g","contentUrl":"https:\/\/secure.gravatar.com\/avatar\/03179346ecce6cdfc13361603e8f54242a90e5cde8618fa23c5c00aa2b0aadf3?s=96&d=mm&r=g","caption":"Reda\u00e7\u00e3o"},"sameAs":["https:\/\/noticiaempauta.com\/portal\/"],"url":"https:\/\/noticiaempauta.com\/portal\/author\/fernando\/"}]}},"_links":{"self":[{"href":"https:\/\/noticiaempauta.com\/portal\/wp-json\/wp\/v2\/posts\/294175","targetHints":{"allow":["GET"]}}],"collection":[{"href":"https:\/\/noticiaempauta.com\/portal\/wp-json\/wp\/v2\/posts"}],"about":[{"href":"https:\/\/noticiaempauta.com\/portal\/wp-json\/wp\/v2\/types\/post"}],"author":[{"embeddable":true,"href":"https:\/\/noticiaempauta.com\/portal\/wp-json\/wp\/v2\/users\/2"}],"replies":[{"embeddable":true,"href":"https:\/\/noticiaempauta.com\/portal\/wp-json\/wp\/v2\/comments?post=294175"}],"version-history":[{"count":2,"href":"https:\/\/noticiaempauta.com\/portal\/wp-json\/wp\/v2\/posts\/294175\/revisions"}],"predecessor-version":[{"id":294178,"href":"https:\/\/noticiaempauta.com\/portal\/wp-json\/wp\/v2\/posts\/294175\/revisions\/294178"}],"wp:featuredmedia":[{"embeddable":true,"href":"https:\/\/noticiaempauta.com\/portal\/wp-json\/wp\/v2\/media\/294176"}],"wp:attachment":[{"href":"https:\/\/noticiaempauta.com\/portal\/wp-json\/wp\/v2\/media?parent=294175"}],"wp:term":[{"taxonomy":"category","embeddable":true,"href":"https:\/\/noticiaempauta.com\/portal\/wp-json\/wp\/v2\/categories?post=294175"},{"taxonomy":"post_tag","embeddable":true,"href":"https:\/\/noticiaempauta.com\/portal\/wp-json\/wp\/v2\/tags?post=294175"}],"curies":[{"name":"wp","href":"https:\/\/api.w.org\/{rel}","templated":true}]}}