{"id":294187,"date":"2026-09-02T12:06:32","date_gmt":"2026-09-02T15:06:32","guid":{"rendered":"https:\/\/noticiaempauta.com\/portal\/?p=294187"},"modified":"2026-09-02T12:06:33","modified_gmt":"2026-09-02T15:06:33","slug":"prefeitura-de-picos-perfura-o-primeiro-de-tres-pocos-que-serao-perfurados-na-regiao-da-chapada-do-mucambo","status":"publish","type":"post","link":"https:\/\/noticiaempauta.com\/portal\/prefeitura-de-picos-perfura-o-primeiro-de-tres-pocos-que-serao-perfurados-na-regiao-da-chapada-do-mucambo\/","title":{"rendered":"Prefeitura de Picos perfura o primeiro de tr\u00eas po\u00e7os que ser\u00e3o perfurados na regi\u00e3o da Chapada do Mucambo"},"content":{"rendered":"\n<p class=\"wp-block-paragraph\">A Prefeitura de Picos deu um passo importante para solucionar um problema hist\u00f3rico na regi\u00e3o da Chapada do Mucambo: a escassez de \u00e1gua. O prefeito, Dr. Pablo Santos (MDB), esteve na localidade Pico dos Nogueiras, no final de semana, para acompanhar de perto os trabalhos de perfura\u00e7\u00e3o do primeiro de um conjunto de tr\u00eas po\u00e7os profundos programados para serem perfurados na Chapada do Mucambo.<\/p>\n\n\n\n<figure class=\"wp-block-image size-full\"><img fetchpriority=\"high\" decoding=\"async\" width=\"800\" height=\"473\" src=\"https:\/\/noticiaempauta.com\/portal\/wp-content\/uploads\/2026\/09\/1788355154631641.webp\" alt=\"\" class=\"wp-image-294188\" srcset=\"https:\/\/noticiaempauta.com\/portal\/wp-content\/uploads\/2026\/09\/1788355154631641.webp 800w, https:\/\/noticiaempauta.com\/portal\/wp-content\/uploads\/2026\/09\/1788355154631641-300x177.webp 300w, https:\/\/noticiaempauta.com\/portal\/wp-content\/uploads\/2026\/09\/1788355154631641-768x454.webp 768w\" sizes=\"(max-width: 800px) 100vw, 800px\" \/><\/figure>\n\n\n\n<p class=\"wp-block-paragraph\">A primeira perfura\u00e7\u00e3o j\u00e1 foi conclu\u00edda e o po\u00e7o do povoado Pico dos Nogueiras ser\u00e1 totalmente equipado nas pr\u00f3ximas semanas para garantir a distribui\u00e7\u00e3o de \u00e1gua pot\u00e1vel aos moradores. Durante a vistoria no Pico dos Nogueiras, Dr. Pablo Santos destacou os dados t\u00e9cnicos da obra e o impacto positivo para a popula\u00e7\u00e3o local.<\/p>\n\n\n\n<p class=\"wp-block-paragraph\">\u201cAqui no Pico dos Nogueiras este po\u00e7o que foi perfurado deu uma vaz\u00e3o de 10 mil litros por hora. Isso aqui \u00e9 algo in\u00e9dito aqui na Regi\u00e3o. L\u00f3gico que quando a gente fizer o revestimento, essa vaz\u00e3o cai um pouco, vai ficar em torno de seis a sete mil litros por hora. Foram 252 metros de profundidade, para que a gente pudesse agora ter \u00e1gua aqui na comunidade do Pico dos Nogueiras. E daqui n\u00f3s vamos para o Pau D\u2019arco e do Pau D\u2019arco para o Angico Torto\u201d, pontuou o prefeito de Picos.<\/p>\n\n\n\n<p class=\"wp-block-paragraph\">Com a conclus\u00e3o do trabalho no Pico dos Nogueiras, em breve as equipes t\u00e9cnicas e os equipamentos ser\u00e3o deslocados para dar sequ\u00eancia ao cronograma de perfura\u00e7\u00f5es da Chapada do Mucambo. As pr\u00f3ximas localidades contempladas com os novos po\u00e7os ser\u00e3o Pau D\u2019arco e Angico Torto, o que assegurar\u00e1 que o acesso \u00e0 \u00e1gua se estenda por toda a Regi\u00e3o.<\/p>\n\n\n\n<p class=\"wp-block-paragraph\">A regi\u00e3o da Chapada do Mucambo \u00e9 conhecida por sofrer historicamente com a falta d\u2019\u00e1gua, o que torna interven\u00e7\u00f5es como estas um marco para melhoria da qualidade de vida das fam\u00edlias do local. O projeto de seguran\u00e7a h\u00eddrica da Prefeitura de Picos, administra\u00e7\u00e3o \u201cReconstruindo Nosso Futuro\u201d, prev\u00ea ainda a expans\u00e3o cont\u00ednua do servi\u00e7o, para assim garantir que a \u00e1gua chegue de forma regular \u00e0s \u00e1reas que mais necessitam do apoio do poder p\u00fablico municipal.<\/p>\n","protected":false},"excerpt":{"rendered":"<p>A Prefeitura de Picos deu um passo importante para solucionar um problema hist\u00f3rico na regi\u00e3o da Chapada do Mucambo: a escassez de \u00e1gua. O prefeito, Dr. Pablo Santos (MDB), esteve na localidade Pico dos Nogueiras, no final de semana, para acompanhar de perto os trabalhos de perfura\u00e7\u00e3o do primeiro de um conjunto de tr\u00eas po\u00e7os [&hellip;]<\/p>\n","protected":false},"author":2,"featured_media":294188,"comment_status":"closed","ping_status":"closed","sticky":false,"template":"","format":"standard","meta":{"_mi_skip_tracking":false,"footnotes":""},"categories":[25,1,16],"tags":[192],"class_list":["post-294187","post","type-post","status-publish","format-standard","has-post-thumbnail","hentry","category-destaques-site","category-geral","category-todas","tag-destaqueprincipal"],"acf":[],"yoast_head":"<!-- This site is optimized with the Yoast SEO Premium plugin v19.2 (Yoast SEO v26.9) - https:\/\/yoast.com\/product\/yoast-seo-premium-wordpress\/ -->\n<title>Prefeitura de Picos perfura o primeiro de tr\u00eas po\u00e7os que ser\u00e3o perfurados na regi\u00e3o da Chapada do Mucambo - Portal Not\u00edcia em Pauta<\/title>\n<meta name=\"robots\" content=\"index, follow, max-snippet:-1, max-image-preview:large, max-video-preview:-1\" \/>\n<link rel=\"canonical\" href=\"https:\/\/noticiaempauta.com\/portal\/prefeitura-de-picos-perfura-o-primeiro-de-tres-pocos-que-serao-perfurados-na-regiao-da-chapada-do-mucambo\/\" \/>\n<meta property=\"og:locale\" content=\"pt_BR\" \/>\n<meta property=\"og:type\" content=\"article\" \/>\n<meta property=\"og:title\" content=\"Prefeitura de Picos perfura o primeiro de tr\u00eas po\u00e7os que ser\u00e3o perfurados na regi\u00e3o da Chapada do Mucambo\" \/>\n<meta property=\"og:description\" content=\"A Prefeitura de Picos deu um passo importante para solucionar um problema hist\u00f3rico na regi\u00e3o da Chapada do Mucambo: a escassez de \u00e1gua. O prefeito, Dr. Pablo Santos (MDB), esteve na localidade Pico dos Nogueiras, no final de semana, para acompanhar de perto os trabalhos de perfura\u00e7\u00e3o do primeiro de um conjunto de tr\u00eas po\u00e7os [&hellip;]\" \/>\n<meta property=\"og:url\" content=\"https:\/\/noticiaempauta.com\/portal\/prefeitura-de-picos-perfura-o-primeiro-de-tres-pocos-que-serao-perfurados-na-regiao-da-chapada-do-mucambo\/\" \/>\n<meta property=\"og:site_name\" content=\"Portal Not\u00edcia em Pauta\" \/>\n<meta property=\"article:publisher\" content=\"https:\/\/www.facebook.com\/Portal-Notcia-Em-Pauta-102292869264820\/\" \/>\n<meta property=\"article:published_time\" content=\"2026-09-02T15:06:32+00:00\" \/>\n<meta property=\"article:modified_time\" content=\"2026-09-02T15:06:33+00:00\" \/>\n<meta property=\"og:image\" content=\"https:\/\/noticiaempauta.com\/portal\/wp-content\/uploads\/2026\/09\/1788355154631641.webp\" \/>\n\t<meta property=\"og:image:width\" content=\"800\" \/>\n\t<meta property=\"og:image:height\" content=\"473\" \/>\n\t<meta property=\"og:image:type\" content=\"image\/webp\" \/>\n<meta name=\"author\" content=\"Reda\u00e7\u00e3o\" \/>\n<meta name=\"twitter:card\" content=\"summary_large_image\" \/>\n<meta name=\"twitter:label1\" content=\"Escrito por\" \/>\n\t<meta name=\"twitter:data1\" content=\"Reda\u00e7\u00e3o\" \/>\n\t<meta name=\"twitter:label2\" content=\"Est. tempo de leitura\" \/>\n\t<meta name=\"twitter:data2\" content=\"3 minutos\" \/>\n<script type=\"application\/ld+json\" class=\"yoast-schema-graph\">{\"@context\":\"https:\/\/schema.org\",\"@graph\":[{\"@type\":\"Article\",\"@id\":\"https:\/\/noticiaempauta.com\/portal\/prefeitura-de-picos-perfura-o-primeiro-de-tres-pocos-que-serao-perfurados-na-regiao-da-chapada-do-mucambo\/#article\",\"isPartOf\":{\"@id\":\"https:\/\/noticiaempauta.com\/portal\/prefeitura-de-picos-perfura-o-primeiro-de-tres-pocos-que-serao-perfurados-na-regiao-da-chapada-do-mucambo\/\"},\"author\":{\"name\":\"Reda\u00e7\u00e3o\",\"@id\":\"https:\/\/noticiaempauta.com\/portal\/#\/schema\/person\/a74af43dd1ab3deca45f988c717d57ac\"},\"headline\":\"Prefeitura de Picos perfura o primeiro de tr\u00eas po\u00e7os que ser\u00e3o perfurados na regi\u00e3o da Chapada do Mucambo\",\"datePublished\":\"2026-09-02T15:06:32+00:00\",\"dateModified\":\"2026-09-02T15:06:33+00:00\",\"mainEntityOfPage\":{\"@id\":\"https:\/\/noticiaempauta.com\/portal\/prefeitura-de-picos-perfura-o-primeiro-de-tres-pocos-que-serao-perfurados-na-regiao-da-chapada-do-mucambo\/\"},\"wordCount\":402,\"publisher\":{\"@id\":\"https:\/\/noticiaempauta.com\/portal\/#organization\"},\"image\":{\"@id\":\"https:\/\/noticiaempauta.com\/portal\/prefeitura-de-picos-perfura-o-primeiro-de-tres-pocos-que-serao-perfurados-na-regiao-da-chapada-do-mucambo\/#primaryimage\"},\"thumbnailUrl\":\"https:\/\/noticiaempauta.com\/portal\/wp-content\/uploads\/2026\/09\/1788355154631641.webp\",\"keywords\":[\"destaqueprincipal\"],\"articleSection\":[\"Destaques\",\"Geral\",\"Todas as Not\u00edcias\"],\"inLanguage\":\"pt-BR\"},{\"@type\":\"WebPage\",\"@id\":\"https:\/\/noticiaempauta.com\/portal\/prefeitura-de-picos-perfura-o-primeiro-de-tres-pocos-que-serao-perfurados-na-regiao-da-chapada-do-mucambo\/\",\"url\":\"https:\/\/noticiaempauta.com\/portal\/prefeitura-de-picos-perfura-o-primeiro-de-tres-pocos-que-serao-perfurados-na-regiao-da-chapada-do-mucambo\/\",\"name\":\"Prefeitura de Picos perfura o primeiro de tr\u00eas po\u00e7os que ser\u00e3o perfurados na regi\u00e3o da Chapada do Mucambo - Portal Not\u00edcia em Pauta\",\"isPartOf\":{\"@id\":\"https:\/\/noticiaempauta.com\/portal\/#website\"},\"primaryImageOfPage\":{\"@id\":\"https:\/\/noticiaempauta.com\/portal\/prefeitura-de-picos-perfura-o-primeiro-de-tres-pocos-que-serao-perfurados-na-regiao-da-chapada-do-mucambo\/#primaryimage\"},\"image\":{\"@id\":\"https:\/\/noticiaempauta.com\/portal\/prefeitura-de-picos-perfura-o-primeiro-de-tres-pocos-que-serao-perfurados-na-regiao-da-chapada-do-mucambo\/#primaryimage\"},\"thumbnailUrl\":\"https:\/\/noticiaempauta.com\/portal\/wp-content\/uploads\/2026\/09\/1788355154631641.webp\",\"datePublished\":\"2026-09-02T15:06:32+00:00\",\"dateModified\":\"2026-09-02T15:06:33+00:00\",\"breadcrumb\":{\"@id\":\"https:\/\/noticiaempauta.com\/portal\/prefeitura-de-picos-perfura-o-primeiro-de-tres-pocos-que-serao-perfurados-na-regiao-da-chapada-do-mucambo\/#breadcrumb\"},\"inLanguage\":\"pt-BR\",\"potentialAction\":[{\"@type\":\"ReadAction\",\"target\":[\"https:\/\/noticiaempauta.com\/portal\/prefeitura-de-picos-perfura-o-primeiro-de-tres-pocos-que-serao-perfurados-na-regiao-da-chapada-do-mucambo\/\"]}]},{\"@type\":\"ImageObject\",\"inLanguage\":\"pt-BR\",\"@id\":\"https:\/\/noticiaempauta.com\/portal\/prefeitura-de-picos-perfura-o-primeiro-de-tres-pocos-que-serao-perfurados-na-regiao-da-chapada-do-mucambo\/#primaryimage\",\"url\":\"https:\/\/noticiaempauta.com\/portal\/wp-content\/uploads\/2026\/09\/1788355154631641.webp\",\"contentUrl\":\"https:\/\/noticiaempauta.com\/portal\/wp-content\/uploads\/2026\/09\/1788355154631641.webp\",\"width\":800,\"height\":473},{\"@type\":\"BreadcrumbList\",\"@id\":\"https:\/\/noticiaempauta.com\/portal\/prefeitura-de-picos-perfura-o-primeiro-de-tres-pocos-que-serao-perfurados-na-regiao-da-chapada-do-mucambo\/#breadcrumb\",\"itemListElement\":[{\"@type\":\"ListItem\",\"position\":1,\"name\":\"P\u00e1gina Inicial\",\"item\":\"https:\/\/noticiaempauta.com\/portal\/\"},{\"@type\":\"ListItem\",\"position\":2,\"name\":\"Destaques\",\"item\":\"https:\/\/noticiaempauta.com\/portal\/destaques-site\/\"},{\"@type\":\"ListItem\",\"position\":3,\"name\":\"Prefeitura de Picos perfura o primeiro de tr\u00eas po\u00e7os que ser\u00e3o perfurados na regi\u00e3o da Chapada do Mucambo\"}]},{\"@type\":\"WebSite\",\"@id\":\"https:\/\/noticiaempauta.com\/portal\/#website\",\"url\":\"https:\/\/noticiaempauta.com\/portal\/\",\"name\":\"Portal Not\u00edcia em Pauta\",\"description\":\"Voc\u00ea bem informado\",\"publisher\":{\"@id\":\"https:\/\/noticiaempauta.com\/portal\/#organization\"},\"potentialAction\":[{\"@type\":\"SearchAction\",\"target\":{\"@type\":\"EntryPoint\",\"urlTemplate\":\"https:\/\/noticiaempauta.com\/portal\/?s={search_term_string}\"},\"query-input\":{\"@type\":\"PropertyValueSpecification\",\"valueRequired\":true,\"valueName\":\"search_term_string\"}}],\"inLanguage\":\"pt-BR\"},{\"@type\":\"Organization\",\"@id\":\"https:\/\/noticiaempauta.com\/portal\/#organization\",\"name\":\"Portal Not\u00edcia em Pauta\",\"url\":\"https:\/\/noticiaempauta.com\/portal\/\",\"logo\":{\"@type\":\"ImageObject\",\"inLanguage\":\"pt-BR\",\"@id\":\"https:\/\/noticiaempauta.com\/portal\/#\/schema\/logo\/image\/\",\"url\":\"https:\/\/noticiaempauta.com\/portal\/wp-content\/uploads\/2022\/08\/logomarca_tema.fw_.png\",\"contentUrl\":\"https:\/\/noticiaempauta.com\/portal\/wp-content\/uploads\/2022\/08\/logomarca_tema.fw_.png\",\"width\":400,\"height\":232,\"caption\":\"Portal Not\u00edcia em Pauta\"},\"image\":{\"@id\":\"https:\/\/noticiaempauta.com\/portal\/#\/schema\/logo\/image\/\"},\"sameAs\":[\"https:\/\/www.facebook.com\/Portal-Notcia-Em-Pauta-102292869264820\/\",\"https:\/\/www.instagram.com\/portalnoticiaempauta\/\"]},{\"@type\":\"Person\",\"@id\":\"https:\/\/noticiaempauta.com\/portal\/#\/schema\/person\/a74af43dd1ab3deca45f988c717d57ac\",\"name\":\"Reda\u00e7\u00e3o\",\"image\":{\"@type\":\"ImageObject\",\"inLanguage\":\"pt-BR\",\"@id\":\"https:\/\/noticiaempauta.com\/portal\/#\/schema\/person\/image\/\",\"url\":\"https:\/\/secure.gravatar.com\/avatar\/03179346ecce6cdfc13361603e8f54242a90e5cde8618fa23c5c00aa2b0aadf3?s=96&d=mm&r=g\",\"contentUrl\":\"https:\/\/secure.gravatar.com\/avatar\/03179346ecce6cdfc13361603e8f54242a90e5cde8618fa23c5c00aa2b0aadf3?s=96&d=mm&r=g\",\"caption\":\"Reda\u00e7\u00e3o\"},\"sameAs\":[\"https:\/\/noticiaempauta.com\/portal\/\"],\"url\":\"https:\/\/noticiaempauta.com\/portal\/author\/fernando\/\"}]}<\/script>\n<!-- \/ Yoast SEO Premium plugin. -->","yoast_head_json":{"title":"Prefeitura de Picos perfura o primeiro de tr\u00eas po\u00e7os que ser\u00e3o perfurados na regi\u00e3o da Chapada do Mucambo - Portal Not\u00edcia em Pauta","robots":{"index":"index","follow":"follow","max-snippet":"max-snippet:-1","max-image-preview":"max-image-preview:large","max-video-preview":"max-video-preview:-1"},"canonical":"https:\/\/noticiaempauta.com\/portal\/prefeitura-de-picos-perfura-o-primeiro-de-tres-pocos-que-serao-perfurados-na-regiao-da-chapada-do-mucambo\/","og_locale":"pt_BR","og_type":"article","og_title":"Prefeitura de Picos perfura o primeiro de tr\u00eas po\u00e7os que ser\u00e3o perfurados na regi\u00e3o da Chapada do Mucambo","og_description":"A Prefeitura de Picos deu um passo importante para solucionar um problema hist\u00f3rico na regi\u00e3o da Chapada do Mucambo: a escassez de \u00e1gua. O prefeito, Dr. Pablo Santos (MDB), esteve na localidade Pico dos Nogueiras, no final de semana, para acompanhar de perto os trabalhos de perfura\u00e7\u00e3o do primeiro de um conjunto de tr\u00eas po\u00e7os [&hellip;]","og_url":"https:\/\/noticiaempauta.com\/portal\/prefeitura-de-picos-perfura-o-primeiro-de-tres-pocos-que-serao-perfurados-na-regiao-da-chapada-do-mucambo\/","og_site_name":"Portal Not\u00edcia em Pauta","article_publisher":"https:\/\/www.facebook.com\/Portal-Notcia-Em-Pauta-102292869264820\/","article_published_time":"2026-09-02T15:06:32+00:00","article_modified_time":"2026-09-02T15:06:33+00:00","og_image":[{"width":800,"height":473,"url":"https:\/\/noticiaempauta.com\/portal\/wp-content\/uploads\/2026\/09\/1788355154631641.webp","type":"image\/webp"}],"author":"Reda\u00e7\u00e3o","twitter_card":"summary_large_image","twitter_misc":{"Escrito por":"Reda\u00e7\u00e3o","Est. tempo de leitura":"3 minutos"},"schema":{"@context":"https:\/\/schema.org","@graph":[{"@type":"Article","@id":"https:\/\/noticiaempauta.com\/portal\/prefeitura-de-picos-perfura-o-primeiro-de-tres-pocos-que-serao-perfurados-na-regiao-da-chapada-do-mucambo\/#article","isPartOf":{"@id":"https:\/\/noticiaempauta.com\/portal\/prefeitura-de-picos-perfura-o-primeiro-de-tres-pocos-que-serao-perfurados-na-regiao-da-chapada-do-mucambo\/"},"author":{"name":"Reda\u00e7\u00e3o","@id":"https:\/\/noticiaempauta.com\/portal\/#\/schema\/person\/a74af43dd1ab3deca45f988c717d57ac"},"headline":"Prefeitura de Picos perfura o primeiro de tr\u00eas po\u00e7os que ser\u00e3o perfurados na regi\u00e3o da Chapada do Mucambo","datePublished":"2026-09-02T15:06:32+00:00","dateModified":"2026-09-02T15:06:33+00:00","mainEntityOfPage":{"@id":"https:\/\/noticiaempauta.com\/portal\/prefeitura-de-picos-perfura-o-primeiro-de-tres-pocos-que-serao-perfurados-na-regiao-da-chapada-do-mucambo\/"},"wordCount":402,"publisher":{"@id":"https:\/\/noticiaempauta.com\/portal\/#organization"},"image":{"@id":"https:\/\/noticiaempauta.com\/portal\/prefeitura-de-picos-perfura-o-primeiro-de-tres-pocos-que-serao-perfurados-na-regiao-da-chapada-do-mucambo\/#primaryimage"},"thumbnailUrl":"https:\/\/noticiaempauta.com\/portal\/wp-content\/uploads\/2026\/09\/1788355154631641.webp","keywords":["destaqueprincipal"],"articleSection":["Destaques","Geral","Todas as Not\u00edcias"],"inLanguage":"pt-BR"},{"@type":"WebPage","@id":"https:\/\/noticiaempauta.com\/portal\/prefeitura-de-picos-perfura-o-primeiro-de-tres-pocos-que-serao-perfurados-na-regiao-da-chapada-do-mucambo\/","url":"https:\/\/noticiaempauta.com\/portal\/prefeitura-de-picos-perfura-o-primeiro-de-tres-pocos-que-serao-perfurados-na-regiao-da-chapada-do-mucambo\/","name":"Prefeitura de Picos perfura o primeiro de tr\u00eas po\u00e7os que ser\u00e3o perfurados na regi\u00e3o da Chapada do Mucambo - Portal Not\u00edcia em Pauta","isPartOf":{"@id":"https:\/\/noticiaempauta.com\/portal\/#website"},"primaryImageOfPage":{"@id":"https:\/\/noticiaempauta.com\/portal\/prefeitura-de-picos-perfura-o-primeiro-de-tres-pocos-que-serao-perfurados-na-regiao-da-chapada-do-mucambo\/#primaryimage"},"image":{"@id":"https:\/\/noticiaempauta.com\/portal\/prefeitura-de-picos-perfura-o-primeiro-de-tres-pocos-que-serao-perfurados-na-regiao-da-chapada-do-mucambo\/#primaryimage"},"thumbnailUrl":"https:\/\/noticiaempauta.com\/portal\/wp-content\/uploads\/2026\/09\/1788355154631641.webp","datePublished":"2026-09-02T15:06:32+00:00","dateModified":"2026-09-02T15:06:33+00:00","breadcrumb":{"@id":"https:\/\/noticiaempauta.com\/portal\/prefeitura-de-picos-perfura-o-primeiro-de-tres-pocos-que-serao-perfurados-na-regiao-da-chapada-do-mucambo\/#breadcrumb"},"inLanguage":"pt-BR","potentialAction":[{"@type":"ReadAction","target":["https:\/\/noticiaempauta.com\/portal\/prefeitura-de-picos-perfura-o-primeiro-de-tres-pocos-que-serao-perfurados-na-regiao-da-chapada-do-mucambo\/"]}]},{"@type":"ImageObject","inLanguage":"pt-BR","@id":"https:\/\/noticiaempauta.com\/portal\/prefeitura-de-picos-perfura-o-primeiro-de-tres-pocos-que-serao-perfurados-na-regiao-da-chapada-do-mucambo\/#primaryimage","url":"https:\/\/noticiaempauta.com\/portal\/wp-content\/uploads\/2026\/09\/1788355154631641.webp","contentUrl":"https:\/\/noticiaempauta.com\/portal\/wp-content\/uploads\/2026\/09\/1788355154631641.webp","width":800,"height":473},{"@type":"BreadcrumbList","@id":"https:\/\/noticiaempauta.com\/portal\/prefeitura-de-picos-perfura-o-primeiro-de-tres-pocos-que-serao-perfurados-na-regiao-da-chapada-do-mucambo\/#breadcrumb","itemListElement":[{"@type":"ListItem","position":1,"name":"P\u00e1gina Inicial","item":"https:\/\/noticiaempauta.com\/portal\/"},{"@type":"ListItem","position":2,"name":"Destaques","item":"https:\/\/noticiaempauta.com\/portal\/destaques-site\/"},{"@type":"ListItem","position":3,"name":"Prefeitura de Picos perfura o primeiro de tr\u00eas po\u00e7os que ser\u00e3o perfurados na regi\u00e3o da Chapada do Mucambo"}]},{"@type":"WebSite","@id":"https:\/\/noticiaempauta.com\/portal\/#website","url":"https:\/\/noticiaempauta.com\/portal\/","name":"Portal Not\u00edcia em Pauta","description":"Voc\u00ea bem informado","publisher":{"@id":"https:\/\/noticiaempauta.com\/portal\/#organization"},"potentialAction":[{"@type":"SearchAction","target":{"@type":"EntryPoint","urlTemplate":"https:\/\/noticiaempauta.com\/portal\/?s={search_term_string}"},"query-input":{"@type":"PropertyValueSpecification","valueRequired":true,"valueName":"search_term_string"}}],"inLanguage":"pt-BR"},{"@type":"Organization","@id":"https:\/\/noticiaempauta.com\/portal\/#organization","name":"Portal Not\u00edcia em Pauta","url":"https:\/\/noticiaempauta.com\/portal\/","logo":{"@type":"ImageObject","inLanguage":"pt-BR","@id":"https:\/\/noticiaempauta.com\/portal\/#\/schema\/logo\/image\/","url":"https:\/\/noticiaempauta.com\/portal\/wp-content\/uploads\/2022\/08\/logomarca_tema.fw_.png","contentUrl":"https:\/\/noticiaempauta.com\/portal\/wp-content\/uploads\/2022\/08\/logomarca_tema.fw_.png","width":400,"height":232,"caption":"Portal Not\u00edcia em Pauta"},"image":{"@id":"https:\/\/noticiaempauta.com\/portal\/#\/schema\/logo\/image\/"},"sameAs":["https:\/\/www.facebook.com\/Portal-Notcia-Em-Pauta-102292869264820\/","https:\/\/www.instagram.com\/portalnoticiaempauta\/"]},{"@type":"Person","@id":"https:\/\/noticiaempauta.com\/portal\/#\/schema\/person\/a74af43dd1ab3deca45f988c717d57ac","name":"Reda\u00e7\u00e3o","image":{"@type":"ImageObject","inLanguage":"pt-BR","@id":"https:\/\/noticiaempauta.com\/portal\/#\/schema\/person\/image\/","url":"https:\/\/secure.gravatar.com\/avatar\/03179346ecce6cdfc13361603e8f54242a90e5cde8618fa23c5c00aa2b0aadf3?s=96&d=mm&r=g","contentUrl":"https:\/\/secure.gravatar.com\/avatar\/03179346ecce6cdfc13361603e8f54242a90e5cde8618fa23c5c00aa2b0aadf3?s=96&d=mm&r=g","caption":"Reda\u00e7\u00e3o"},"sameAs":["https:\/\/noticiaempauta.com\/portal\/"],"url":"https:\/\/noticiaempauta.com\/portal\/author\/fernando\/"}]}},"_links":{"self":[{"href":"https:\/\/noticiaempauta.com\/portal\/wp-json\/wp\/v2\/posts\/294187","targetHints":{"allow":["GET"]}}],"collection":[{"href":"https:\/\/noticiaempauta.com\/portal\/wp-json\/wp\/v2\/posts"}],"about":[{"href":"https:\/\/noticiaempauta.com\/portal\/wp-json\/wp\/v2\/types\/post"}],"author":[{"embeddable":true,"href":"https:\/\/noticiaempauta.com\/portal\/wp-json\/wp\/v2\/users\/2"}],"replies":[{"embeddable":true,"href":"https:\/\/noticiaempauta.com\/portal\/wp-json\/wp\/v2\/comments?post=294187"}],"version-history":[{"count":2,"href":"https:\/\/noticiaempauta.com\/portal\/wp-json\/wp\/v2\/posts\/294187\/revisions"}],"predecessor-version":[{"id":294190,"href":"https:\/\/noticiaempauta.com\/portal\/wp-json\/wp\/v2\/posts\/294187\/revisions\/294190"}],"wp:featuredmedia":[{"embeddable":true,"href":"https:\/\/noticiaempauta.com\/portal\/wp-json\/wp\/v2\/media\/294188"}],"wp:attachment":[{"href":"https:\/\/noticiaempauta.com\/portal\/wp-json\/wp\/v2\/media?parent=294187"}],"wp:term":[{"taxonomy":"category","embeddable":true,"href":"https:\/\/noticiaempauta.com\/portal\/wp-json\/wp\/v2\/categories?post=294187"},{"taxonomy":"post_tag","embeddable":true,"href":"https:\/\/noticiaempauta.com\/portal\/wp-json\/wp\/v2\/tags?post=294187"}],"curies":[{"name":"wp","href":"https:\/\/api.w.org\/{rel}","templated":true}]}}