{"id":294191,"date":"2026-09-02T15:42:56","date_gmt":"2026-09-02T18:42:56","guid":{"rendered":"https:\/\/noticiaempauta.com\/portal\/?p=294191"},"modified":"2026-09-02T15:42:58","modified_gmt":"2026-09-02T18:42:58","slug":"ccj-do-senado-aprova-pec-do-fim-da-escala-6x1","status":"publish","type":"post","link":"https:\/\/noticiaempauta.com\/portal\/ccj-do-senado-aprova-pec-do-fim-da-escala-6x1\/","title":{"rendered":"CCJ do Senado aprova PEC do fim da escala 6&#215;1"},"content":{"rendered":"\n<p class=\"wp-block-paragraph\">A&nbsp;<strong>Comiss\u00e3o de Constitui\u00e7\u00e3o e Justi\u00e7a (CCJ) do Senado<\/strong>&nbsp;<strong>aprovou&nbsp;<\/strong>nesta quarta-feira (2), em vota\u00e7\u00e3o simb\u00f3lica, a PEC 221\/2019, que&nbsp;<strong>acaba com a escala 6&#215;1 e reduz a jornada de trabalho de 44 para 40 horas semanais<\/strong>. O senador Otto Alencar (PSD-BA), presidente do colegiado, contabilizou apenas quatro votos contr\u00e1rios dos 27 presentes na sess\u00e3o.<\/p>\n\n\n\n<p class=\"wp-block-paragraph\">Com o aval da comiss\u00e3o, a proposta segue agora para o plen\u00e1rio da Casa. S\u00e3o necess\u00e1rios os votos de 49 dos 81 senadores em dois turnos para aprova\u00e7\u00e3o.<\/p>\n\n\n\n<figure class=\"wp-block-image size-full\"><img fetchpriority=\"high\" decoding=\"async\" width=\"799\" height=\"533\" src=\"https:\/\/noticiaempauta.com\/portal\/wp-content\/uploads\/2026\/09\/senado-escala-6x1-1.webp\" alt=\"\" class=\"wp-image-294192\" srcset=\"https:\/\/noticiaempauta.com\/portal\/wp-content\/uploads\/2026\/09\/senado-escala-6x1-1.webp 799w, https:\/\/noticiaempauta.com\/portal\/wp-content\/uploads\/2026\/09\/senado-escala-6x1-1-300x200.webp 300w, https:\/\/noticiaempauta.com\/portal\/wp-content\/uploads\/2026\/09\/senado-escala-6x1-1-768x512.webp 768w\" sizes=\"(max-width: 799px) 100vw, 799px\" \/><figcaption class=\"wp-element-caption\"><em>Foto: Geraldo Magela\/Ag\u00eancia Senado<\/em><\/figcaption><\/figure>\n\n\n\n<p class=\"wp-block-paragraph\">A expectativa \u00e9 que a PEC seja pautada ainda para esta quarta (2) pelo presidente do Senado, Davi Alcolumbre (Uni\u00e3o-AP). Para isso, \u00e9 necess\u00e1ria a aprova\u00e7\u00e3o de um regime especial.<\/p>\n\n\n\n<p class=\"wp-block-paragraph\">Durante a an\u00e1lise da medida na CCJ, a oposi\u00e7\u00e3o tentou a anexa\u00e7\u00e3o de proposta alternativa, que permite um regime flex\u00edvel com remunera\u00e7\u00e3o baseada em horas trabalhadas. Essa proposta, na pr\u00e1tica, permite a manuten\u00e7\u00e3o da escala 6&#215;1 e da jornada acima de 40 horas.<\/p>\n\n\n\n<p class=\"wp-block-paragraph\">O apensamento ao texto governista foi rejeitado pelo relator da PEC, Omar Aziz (PSD-AM). Segundo o senador, a sugest\u00e3o da oposi\u00e7\u00e3o descaracterizaria a medida aprovada pela C\u00e2mara em maio.<\/p>\n\n\n\n<blockquote class=\"wp-block-quote is-layout-flow wp-block-quote-is-layout-flow\">\n<p class=\"wp-block-paragraph\"><em>&#8220;Pagar por hora enfraquece a prote\u00e7\u00e3o constitucional oferecida pela proposta&#8221;, declarou o relator. &#8220;Acordo individual, senador Rog\u00e9rio, \u00e9 ass\u00e9dio ao trabalhador sim&#8221;, completou.<\/em><\/p>\n<\/blockquote>\n\n\n\n<p class=\"wp-block-paragraph\">Aziz usou a mesma justificativa para barrar as outras 35 emendas apresentadas pelos parlamentares. Ele afirmou que sua inten\u00e7\u00e3o era acelerar a tramita\u00e7\u00e3o e evitar que o texto voltasse \u00e0 Casa Baixa ap\u00f3s as altera\u00e7\u00f5es.<\/p>\n\n\n\n<blockquote class=\"wp-block-quote is-layout-flow wp-block-quote-is-layout-flow\">\n<p class=\"wp-block-paragraph\"><em>&#8220;Toda emenda que mant\u00e9m 44 horas descaracteriza a PEC, n\u00e3o tem jeito. Tem que discutir de 40 [horas] para baixo, acima de 40 n\u00e3o tem o que discutir&#8221;, afirmou o senador, que \u00e9 candidato ao governo do Amazonas.<\/em><\/p>\n<\/blockquote>\n\n\n\n<p class=\"wp-block-paragraph\">O parlamentar tamb\u00e9m afastou emendas que elevassem o per\u00edodo de transi\u00e7\u00e3o para a nova jornada de trabalho.<\/p>\n\n\n\n<p class=\"wp-block-paragraph\">Fica ent\u00e3o mantida a redu\u00e7\u00e3o gradual num per\u00edodo de 14 meses. A mudan\u00e7a come\u00e7ar\u00e1 a valer 60 dias ap\u00f3s a promulga\u00e7\u00e3o. Nesta primeira etapa, o limite semanal de trabalho cair\u00e1 para 42h, j\u00e1 com a obrigatoriedade de dois dias de descanso semanal remunerado, e, depois de um ano, para 40h. Todo o processo deve ocorrer sem redu\u00e7\u00e3o salarial.<\/p>\n\n\n\n<h2 class=\"wp-block-heading\"><strong>Entenda a proposta<\/strong><\/h2>\n\n\n\n<p class=\"wp-block-paragraph\">A Proposta de Emenda \u00e0 Constitui\u00e7\u00e3o (PEC) que acaba com a escala 6&#215;1 \u2014 composta por seis dias de trabalho e um de descanso \u2014 foi aprovada na C\u00e2mara dos Deputados em 27 de maio.<\/p>\n\n\n\n<p class=\"wp-block-paragraph\">Ela \u00e9 uma jun\u00e7\u00e3o dos textos da deputada Erika Hilton (PSOL-SP) e do deputado Reginaldo Lopes (PT-MG), analisados por uma comiss\u00e3o especial na C\u00e2mara. A proposta reduz a jornada de trabalho de 44 para 40 horas semanais, limitada a 8 horas di\u00e1rias, com dois dias de descanso remunerado por semana, sendo um preferencialmente aos domingos.<\/p>\n\n\n\n<p class=\"wp-block-paragraph\">Na pr\u00e1tica, a proposta tende a substituir a escala 6&#215;1 pelo modelo 5&#215;2. O texto n\u00e3o obriga, contudo, que as folgas ocorram em dias consecutivos, permitindo escalas flex\u00edveis de acordo com acordos coletivos, conven\u00e7\u00f5es e necessidades operacionais.<\/p>\n\n\n\n<p class=\"wp-block-paragraph\">Para esses casos, como da escala 12&#215;36 e atividades essenciais de sa\u00fade, seguran\u00e7a, transporte e limpeza urbana, por exemplo, conven\u00e7\u00f5es ou acordos poder\u00e3o prever um regime de compensa\u00e7\u00e3o a fim de assegurar, na m\u00e9dia, dois dias de repouso semanal remunerado dentro do m\u00eas-calend\u00e1rio. Assim, os dias de folga semanal poderiam ser acumulados para serem tirados em outro per\u00edodo no m\u00eas.<\/p>\n\n\n\n<p class=\"wp-block-paragraph\">Entre os direitos trabalhistas preservados pela PEC est\u00e3o:<\/p>\n\n\n\n<ul class=\"wp-block-list\">\n<li>13\u00ba sal\u00e1rio;<\/li>\n\n\n\n<li>F\u00e9rias com adicional de um ter\u00e7o;<\/li>\n\n\n\n<li>FGTS (Fundo de Garantia do Tempo de Servi\u00e7o);<\/li>\n\n\n\n<li>Sal\u00e1rio m\u00ednimo fixado em lei;<\/li>\n\n\n\n<li>Licen\u00e7as maternidade e paternidade;<\/li>\n\n\n\n<li>Aviso pr\u00e9vio proporcional ao tempo de servi\u00e7o;<\/li>\n\n\n\n<li>Adicional de horas extras;<\/li>\n\n\n\n<li>Adicional de remunera\u00e7\u00e3o para atividades insalubres, perigosas e penosas;<\/li>\n\n\n\n<li>Seguro contra acidentes de trabalho custeado pelo empregador.<\/li>\n<\/ul>\n\n\n\n<p class=\"wp-block-paragraph\">Ficar\u00e3o de fora das mudan\u00e7as os chamados &#8220;trabalhadores hipersuficientes&#8221; \u2014 aqueles com diploma de n\u00edvel superior com sal\u00e1rio igual ou maior a duas vezes e meia o teto do INSS (cerca de R$ 21 mil atualmente) e que tem liberdade para negociar o contrato de trabalho diretamente com o empregador, sem a media\u00e7\u00e3o de um sindicato.<\/p>\n\n\n\n<p class=\"wp-block-paragraph\">A exce\u00e7\u00e3o exclui esses profissionais do limite da jornada de at\u00e9 40h e do controle de ponto, exceto se a empresa quiser manter essas regras ou se houver previs\u00e3o em acordo ou conven\u00e7\u00e3o coletiva. Por\u00e9m, continuariam com direito a dois dias de descanso semanal remunerado, como prev\u00ea a escala 5&#215;2.<\/p>\n\n\n\n<p class=\"wp-block-paragraph\">Como a regra entra em vigor imediatamente depois da publica\u00e7\u00e3o da emenda constitucional, os contratos em vigor deveriam ser adaptados, podendo implicar jornadas de trabalho superiores a 44 horas semanais se n\u00e3o existir acordo coletivo ou conven\u00e7\u00e3o para determinada carreira.<\/p>\n\n\n\n<p class=\"wp-block-paragraph\"><strong>Fonte: SBT News<\/strong><\/p>\n","protected":false},"excerpt":{"rendered":"<p>A&nbsp;Comiss\u00e3o de Constitui\u00e7\u00e3o e Justi\u00e7a (CCJ) do Senado&nbsp;aprovou&nbsp;nesta quarta-feira (2), em vota\u00e7\u00e3o simb\u00f3lica, a PEC 221\/2019, que&nbsp;acaba com a escala 6&#215;1 e reduz a jornada de trabalho de 44 para 40 horas semanais. O senador Otto Alencar (PSD-BA), presidente do colegiado, contabilizou apenas quatro votos contr\u00e1rios dos 27 presentes na sess\u00e3o. Com o aval da [&hellip;]<\/p>\n","protected":false},"author":2,"featured_media":294192,"comment_status":"closed","ping_status":"closed","sticky":false,"template":"","format":"standard","meta":{"_mi_skip_tracking":false,"footnotes":""},"categories":[25,1,16],"tags":[],"class_list":["post-294191","post","type-post","status-publish","format-standard","has-post-thumbnail","hentry","category-destaques-site","category-geral","category-todas"],"acf":[],"yoast_head":"<!-- This site is optimized with the Yoast SEO Premium plugin v19.2 (Yoast SEO v26.9) - https:\/\/yoast.com\/product\/yoast-seo-premium-wordpress\/ -->\n<title>CCJ do Senado aprova PEC do fim da escala 6x1 - Portal Not\u00edcia em Pauta<\/title>\n<meta name=\"robots\" content=\"index, follow, max-snippet:-1, max-image-preview:large, max-video-preview:-1\" \/>\n<link rel=\"canonical\" href=\"https:\/\/noticiaempauta.com\/portal\/ccj-do-senado-aprova-pec-do-fim-da-escala-6x1\/\" \/>\n<meta property=\"og:locale\" content=\"pt_BR\" \/>\n<meta property=\"og:type\" content=\"article\" \/>\n<meta property=\"og:title\" content=\"CCJ do Senado aprova PEC do fim da escala 6x1\" \/>\n<meta property=\"og:description\" content=\"A&nbsp;Comiss\u00e3o de Constitui\u00e7\u00e3o e Justi\u00e7a (CCJ) do Senado&nbsp;aprovou&nbsp;nesta quarta-feira (2), em vota\u00e7\u00e3o simb\u00f3lica, a PEC 221\/2019, que&nbsp;acaba com a escala 6&#215;1 e reduz a jornada de trabalho de 44 para 40 horas semanais. O senador Otto Alencar (PSD-BA), presidente do colegiado, contabilizou apenas quatro votos contr\u00e1rios dos 27 presentes na sess\u00e3o. Com o aval da [&hellip;]\" \/>\n<meta property=\"og:url\" content=\"https:\/\/noticiaempauta.com\/portal\/ccj-do-senado-aprova-pec-do-fim-da-escala-6x1\/\" \/>\n<meta property=\"og:site_name\" content=\"Portal Not\u00edcia em Pauta\" \/>\n<meta property=\"article:publisher\" content=\"https:\/\/www.facebook.com\/Portal-Notcia-Em-Pauta-102292869264820\/\" \/>\n<meta property=\"article:published_time\" content=\"2026-09-02T18:42:56+00:00\" \/>\n<meta property=\"article:modified_time\" content=\"2026-09-02T18:42:58+00:00\" \/>\n<meta property=\"og:image\" content=\"https:\/\/noticiaempauta.com\/portal\/wp-content\/uploads\/2026\/09\/senado-escala-6x1-1.webp\" \/>\n\t<meta property=\"og:image:width\" content=\"799\" \/>\n\t<meta property=\"og:image:height\" content=\"533\" \/>\n\t<meta property=\"og:image:type\" content=\"image\/webp\" \/>\n<meta name=\"author\" content=\"Reda\u00e7\u00e3o\" \/>\n<meta name=\"twitter:card\" content=\"summary_large_image\" \/>\n<meta name=\"twitter:label1\" content=\"Escrito por\" \/>\n\t<meta name=\"twitter:data1\" content=\"Reda\u00e7\u00e3o\" \/>\n\t<meta name=\"twitter:label2\" content=\"Est. tempo de leitura\" \/>\n\t<meta name=\"twitter:data2\" content=\"5 minutos\" \/>\n<script type=\"application\/ld+json\" class=\"yoast-schema-graph\">{\"@context\":\"https:\/\/schema.org\",\"@graph\":[{\"@type\":\"Article\",\"@id\":\"https:\/\/noticiaempauta.com\/portal\/ccj-do-senado-aprova-pec-do-fim-da-escala-6x1\/#article\",\"isPartOf\":{\"@id\":\"https:\/\/noticiaempauta.com\/portal\/ccj-do-senado-aprova-pec-do-fim-da-escala-6x1\/\"},\"author\":{\"name\":\"Reda\u00e7\u00e3o\",\"@id\":\"https:\/\/noticiaempauta.com\/portal\/#\/schema\/person\/a74af43dd1ab3deca45f988c717d57ac\"},\"headline\":\"CCJ do Senado aprova PEC do fim da escala 6&#215;1\",\"datePublished\":\"2026-09-02T18:42:56+00:00\",\"dateModified\":\"2026-09-02T18:42:58+00:00\",\"mainEntityOfPage\":{\"@id\":\"https:\/\/noticiaempauta.com\/portal\/ccj-do-senado-aprova-pec-do-fim-da-escala-6x1\/\"},\"wordCount\":833,\"publisher\":{\"@id\":\"https:\/\/noticiaempauta.com\/portal\/#organization\"},\"image\":{\"@id\":\"https:\/\/noticiaempauta.com\/portal\/ccj-do-senado-aprova-pec-do-fim-da-escala-6x1\/#primaryimage\"},\"thumbnailUrl\":\"https:\/\/noticiaempauta.com\/portal\/wp-content\/uploads\/2026\/09\/senado-escala-6x1-1.webp\",\"articleSection\":[\"Destaques\",\"Geral\",\"Todas as Not\u00edcias\"],\"inLanguage\":\"pt-BR\"},{\"@type\":\"WebPage\",\"@id\":\"https:\/\/noticiaempauta.com\/portal\/ccj-do-senado-aprova-pec-do-fim-da-escala-6x1\/\",\"url\":\"https:\/\/noticiaempauta.com\/portal\/ccj-do-senado-aprova-pec-do-fim-da-escala-6x1\/\",\"name\":\"CCJ do Senado aprova PEC do fim da escala 6x1 - Portal Not\u00edcia em Pauta\",\"isPartOf\":{\"@id\":\"https:\/\/noticiaempauta.com\/portal\/#website\"},\"primaryImageOfPage\":{\"@id\":\"https:\/\/noticiaempauta.com\/portal\/ccj-do-senado-aprova-pec-do-fim-da-escala-6x1\/#primaryimage\"},\"image\":{\"@id\":\"https:\/\/noticiaempauta.com\/portal\/ccj-do-senado-aprova-pec-do-fim-da-escala-6x1\/#primaryimage\"},\"thumbnailUrl\":\"https:\/\/noticiaempauta.com\/portal\/wp-content\/uploads\/2026\/09\/senado-escala-6x1-1.webp\",\"datePublished\":\"2026-09-02T18:42:56+00:00\",\"dateModified\":\"2026-09-02T18:42:58+00:00\",\"breadcrumb\":{\"@id\":\"https:\/\/noticiaempauta.com\/portal\/ccj-do-senado-aprova-pec-do-fim-da-escala-6x1\/#breadcrumb\"},\"inLanguage\":\"pt-BR\",\"potentialAction\":[{\"@type\":\"ReadAction\",\"target\":[\"https:\/\/noticiaempauta.com\/portal\/ccj-do-senado-aprova-pec-do-fim-da-escala-6x1\/\"]}]},{\"@type\":\"ImageObject\",\"inLanguage\":\"pt-BR\",\"@id\":\"https:\/\/noticiaempauta.com\/portal\/ccj-do-senado-aprova-pec-do-fim-da-escala-6x1\/#primaryimage\",\"url\":\"https:\/\/noticiaempauta.com\/portal\/wp-content\/uploads\/2026\/09\/senado-escala-6x1-1.webp\",\"contentUrl\":\"https:\/\/noticiaempauta.com\/portal\/wp-content\/uploads\/2026\/09\/senado-escala-6x1-1.webp\",\"width\":799,\"height\":533},{\"@type\":\"BreadcrumbList\",\"@id\":\"https:\/\/noticiaempauta.com\/portal\/ccj-do-senado-aprova-pec-do-fim-da-escala-6x1\/#breadcrumb\",\"itemListElement\":[{\"@type\":\"ListItem\",\"position\":1,\"name\":\"P\u00e1gina Inicial\",\"item\":\"https:\/\/noticiaempauta.com\/portal\/\"},{\"@type\":\"ListItem\",\"position\":2,\"name\":\"Destaques\",\"item\":\"https:\/\/noticiaempauta.com\/portal\/destaques-site\/\"},{\"@type\":\"ListItem\",\"position\":3,\"name\":\"CCJ do Senado aprova PEC do fim da escala 6&#215;1\"}]},{\"@type\":\"WebSite\",\"@id\":\"https:\/\/noticiaempauta.com\/portal\/#website\",\"url\":\"https:\/\/noticiaempauta.com\/portal\/\",\"name\":\"Portal Not\u00edcia em Pauta\",\"description\":\"Voc\u00ea bem informado\",\"publisher\":{\"@id\":\"https:\/\/noticiaempauta.com\/portal\/#organization\"},\"potentialAction\":[{\"@type\":\"SearchAction\",\"target\":{\"@type\":\"EntryPoint\",\"urlTemplate\":\"https:\/\/noticiaempauta.com\/portal\/?s={search_term_string}\"},\"query-input\":{\"@type\":\"PropertyValueSpecification\",\"valueRequired\":true,\"valueName\":\"search_term_string\"}}],\"inLanguage\":\"pt-BR\"},{\"@type\":\"Organization\",\"@id\":\"https:\/\/noticiaempauta.com\/portal\/#organization\",\"name\":\"Portal Not\u00edcia em Pauta\",\"url\":\"https:\/\/noticiaempauta.com\/portal\/\",\"logo\":{\"@type\":\"ImageObject\",\"inLanguage\":\"pt-BR\",\"@id\":\"https:\/\/noticiaempauta.com\/portal\/#\/schema\/logo\/image\/\",\"url\":\"https:\/\/noticiaempauta.com\/portal\/wp-content\/uploads\/2022\/08\/logomarca_tema.fw_.png\",\"contentUrl\":\"https:\/\/noticiaempauta.com\/portal\/wp-content\/uploads\/2022\/08\/logomarca_tema.fw_.png\",\"width\":400,\"height\":232,\"caption\":\"Portal Not\u00edcia em Pauta\"},\"image\":{\"@id\":\"https:\/\/noticiaempauta.com\/portal\/#\/schema\/logo\/image\/\"},\"sameAs\":[\"https:\/\/www.facebook.com\/Portal-Notcia-Em-Pauta-102292869264820\/\",\"https:\/\/www.instagram.com\/portalnoticiaempauta\/\"]},{\"@type\":\"Person\",\"@id\":\"https:\/\/noticiaempauta.com\/portal\/#\/schema\/person\/a74af43dd1ab3deca45f988c717d57ac\",\"name\":\"Reda\u00e7\u00e3o\",\"image\":{\"@type\":\"ImageObject\",\"inLanguage\":\"pt-BR\",\"@id\":\"https:\/\/noticiaempauta.com\/portal\/#\/schema\/person\/image\/\",\"url\":\"https:\/\/secure.gravatar.com\/avatar\/03179346ecce6cdfc13361603e8f54242a90e5cde8618fa23c5c00aa2b0aadf3?s=96&d=mm&r=g\",\"contentUrl\":\"https:\/\/secure.gravatar.com\/avatar\/03179346ecce6cdfc13361603e8f54242a90e5cde8618fa23c5c00aa2b0aadf3?s=96&d=mm&r=g\",\"caption\":\"Reda\u00e7\u00e3o\"},\"sameAs\":[\"https:\/\/noticiaempauta.com\/portal\/\"],\"url\":\"https:\/\/noticiaempauta.com\/portal\/author\/fernando\/\"}]}<\/script>\n<!-- \/ Yoast SEO Premium plugin. -->","yoast_head_json":{"title":"CCJ do Senado aprova PEC do fim da escala 6x1 - Portal Not\u00edcia em Pauta","robots":{"index":"index","follow":"follow","max-snippet":"max-snippet:-1","max-image-preview":"max-image-preview:large","max-video-preview":"max-video-preview:-1"},"canonical":"https:\/\/noticiaempauta.com\/portal\/ccj-do-senado-aprova-pec-do-fim-da-escala-6x1\/","og_locale":"pt_BR","og_type":"article","og_title":"CCJ do Senado aprova PEC do fim da escala 6x1","og_description":"A&nbsp;Comiss\u00e3o de Constitui\u00e7\u00e3o e Justi\u00e7a (CCJ) do Senado&nbsp;aprovou&nbsp;nesta quarta-feira (2), em vota\u00e7\u00e3o simb\u00f3lica, a PEC 221\/2019, que&nbsp;acaba com a escala 6&#215;1 e reduz a jornada de trabalho de 44 para 40 horas semanais. O senador Otto Alencar (PSD-BA), presidente do colegiado, contabilizou apenas quatro votos contr\u00e1rios dos 27 presentes na sess\u00e3o. Com o aval da [&hellip;]","og_url":"https:\/\/noticiaempauta.com\/portal\/ccj-do-senado-aprova-pec-do-fim-da-escala-6x1\/","og_site_name":"Portal Not\u00edcia em Pauta","article_publisher":"https:\/\/www.facebook.com\/Portal-Notcia-Em-Pauta-102292869264820\/","article_published_time":"2026-09-02T18:42:56+00:00","article_modified_time":"2026-09-02T18:42:58+00:00","og_image":[{"width":799,"height":533,"url":"https:\/\/noticiaempauta.com\/portal\/wp-content\/uploads\/2026\/09\/senado-escala-6x1-1.webp","type":"image\/webp"}],"author":"Reda\u00e7\u00e3o","twitter_card":"summary_large_image","twitter_misc":{"Escrito por":"Reda\u00e7\u00e3o","Est. tempo de leitura":"5 minutos"},"schema":{"@context":"https:\/\/schema.org","@graph":[{"@type":"Article","@id":"https:\/\/noticiaempauta.com\/portal\/ccj-do-senado-aprova-pec-do-fim-da-escala-6x1\/#article","isPartOf":{"@id":"https:\/\/noticiaempauta.com\/portal\/ccj-do-senado-aprova-pec-do-fim-da-escala-6x1\/"},"author":{"name":"Reda\u00e7\u00e3o","@id":"https:\/\/noticiaempauta.com\/portal\/#\/schema\/person\/a74af43dd1ab3deca45f988c717d57ac"},"headline":"CCJ do Senado aprova PEC do fim da escala 6&#215;1","datePublished":"2026-09-02T18:42:56+00:00","dateModified":"2026-09-02T18:42:58+00:00","mainEntityOfPage":{"@id":"https:\/\/noticiaempauta.com\/portal\/ccj-do-senado-aprova-pec-do-fim-da-escala-6x1\/"},"wordCount":833,"publisher":{"@id":"https:\/\/noticiaempauta.com\/portal\/#organization"},"image":{"@id":"https:\/\/noticiaempauta.com\/portal\/ccj-do-senado-aprova-pec-do-fim-da-escala-6x1\/#primaryimage"},"thumbnailUrl":"https:\/\/noticiaempauta.com\/portal\/wp-content\/uploads\/2026\/09\/senado-escala-6x1-1.webp","articleSection":["Destaques","Geral","Todas as Not\u00edcias"],"inLanguage":"pt-BR"},{"@type":"WebPage","@id":"https:\/\/noticiaempauta.com\/portal\/ccj-do-senado-aprova-pec-do-fim-da-escala-6x1\/","url":"https:\/\/noticiaempauta.com\/portal\/ccj-do-senado-aprova-pec-do-fim-da-escala-6x1\/","name":"CCJ do Senado aprova PEC do fim da escala 6x1 - Portal Not\u00edcia em Pauta","isPartOf":{"@id":"https:\/\/noticiaempauta.com\/portal\/#website"},"primaryImageOfPage":{"@id":"https:\/\/noticiaempauta.com\/portal\/ccj-do-senado-aprova-pec-do-fim-da-escala-6x1\/#primaryimage"},"image":{"@id":"https:\/\/noticiaempauta.com\/portal\/ccj-do-senado-aprova-pec-do-fim-da-escala-6x1\/#primaryimage"},"thumbnailUrl":"https:\/\/noticiaempauta.com\/portal\/wp-content\/uploads\/2026\/09\/senado-escala-6x1-1.webp","datePublished":"2026-09-02T18:42:56+00:00","dateModified":"2026-09-02T18:42:58+00:00","breadcrumb":{"@id":"https:\/\/noticiaempauta.com\/portal\/ccj-do-senado-aprova-pec-do-fim-da-escala-6x1\/#breadcrumb"},"inLanguage":"pt-BR","potentialAction":[{"@type":"ReadAction","target":["https:\/\/noticiaempauta.com\/portal\/ccj-do-senado-aprova-pec-do-fim-da-escala-6x1\/"]}]},{"@type":"ImageObject","inLanguage":"pt-BR","@id":"https:\/\/noticiaempauta.com\/portal\/ccj-do-senado-aprova-pec-do-fim-da-escala-6x1\/#primaryimage","url":"https:\/\/noticiaempauta.com\/portal\/wp-content\/uploads\/2026\/09\/senado-escala-6x1-1.webp","contentUrl":"https:\/\/noticiaempauta.com\/portal\/wp-content\/uploads\/2026\/09\/senado-escala-6x1-1.webp","width":799,"height":533},{"@type":"BreadcrumbList","@id":"https:\/\/noticiaempauta.com\/portal\/ccj-do-senado-aprova-pec-do-fim-da-escala-6x1\/#breadcrumb","itemListElement":[{"@type":"ListItem","position":1,"name":"P\u00e1gina Inicial","item":"https:\/\/noticiaempauta.com\/portal\/"},{"@type":"ListItem","position":2,"name":"Destaques","item":"https:\/\/noticiaempauta.com\/portal\/destaques-site\/"},{"@type":"ListItem","position":3,"name":"CCJ do Senado aprova PEC do fim da escala 6&#215;1"}]},{"@type":"WebSite","@id":"https:\/\/noticiaempauta.com\/portal\/#website","url":"https:\/\/noticiaempauta.com\/portal\/","name":"Portal Not\u00edcia em Pauta","description":"Voc\u00ea bem informado","publisher":{"@id":"https:\/\/noticiaempauta.com\/portal\/#organization"},"potentialAction":[{"@type":"SearchAction","target":{"@type":"EntryPoint","urlTemplate":"https:\/\/noticiaempauta.com\/portal\/?s={search_term_string}"},"query-input":{"@type":"PropertyValueSpecification","valueRequired":true,"valueName":"search_term_string"}}],"inLanguage":"pt-BR"},{"@type":"Organization","@id":"https:\/\/noticiaempauta.com\/portal\/#organization","name":"Portal Not\u00edcia em Pauta","url":"https:\/\/noticiaempauta.com\/portal\/","logo":{"@type":"ImageObject","inLanguage":"pt-BR","@id":"https:\/\/noticiaempauta.com\/portal\/#\/schema\/logo\/image\/","url":"https:\/\/noticiaempauta.com\/portal\/wp-content\/uploads\/2022\/08\/logomarca_tema.fw_.png","contentUrl":"https:\/\/noticiaempauta.com\/portal\/wp-content\/uploads\/2022\/08\/logomarca_tema.fw_.png","width":400,"height":232,"caption":"Portal Not\u00edcia em Pauta"},"image":{"@id":"https:\/\/noticiaempauta.com\/portal\/#\/schema\/logo\/image\/"},"sameAs":["https:\/\/www.facebook.com\/Portal-Notcia-Em-Pauta-102292869264820\/","https:\/\/www.instagram.com\/portalnoticiaempauta\/"]},{"@type":"Person","@id":"https:\/\/noticiaempauta.com\/portal\/#\/schema\/person\/a74af43dd1ab3deca45f988c717d57ac","name":"Reda\u00e7\u00e3o","image":{"@type":"ImageObject","inLanguage":"pt-BR","@id":"https:\/\/noticiaempauta.com\/portal\/#\/schema\/person\/image\/","url":"https:\/\/secure.gravatar.com\/avatar\/03179346ecce6cdfc13361603e8f54242a90e5cde8618fa23c5c00aa2b0aadf3?s=96&d=mm&r=g","contentUrl":"https:\/\/secure.gravatar.com\/avatar\/03179346ecce6cdfc13361603e8f54242a90e5cde8618fa23c5c00aa2b0aadf3?s=96&d=mm&r=g","caption":"Reda\u00e7\u00e3o"},"sameAs":["https:\/\/noticiaempauta.com\/portal\/"],"url":"https:\/\/noticiaempauta.com\/portal\/author\/fernando\/"}]}},"_links":{"self":[{"href":"https:\/\/noticiaempauta.com\/portal\/wp-json\/wp\/v2\/posts\/294191","targetHints":{"allow":["GET"]}}],"collection":[{"href":"https:\/\/noticiaempauta.com\/portal\/wp-json\/wp\/v2\/posts"}],"about":[{"href":"https:\/\/noticiaempauta.com\/portal\/wp-json\/wp\/v2\/types\/post"}],"author":[{"embeddable":true,"href":"https:\/\/noticiaempauta.com\/portal\/wp-json\/wp\/v2\/users\/2"}],"replies":[{"embeddable":true,"href":"https:\/\/noticiaempauta.com\/portal\/wp-json\/wp\/v2\/comments?post=294191"}],"version-history":[{"count":2,"href":"https:\/\/noticiaempauta.com\/portal\/wp-json\/wp\/v2\/posts\/294191\/revisions"}],"predecessor-version":[{"id":294194,"href":"https:\/\/noticiaempauta.com\/portal\/wp-json\/wp\/v2\/posts\/294191\/revisions\/294194"}],"wp:featuredmedia":[{"embeddable":true,"href":"https:\/\/noticiaempauta.com\/portal\/wp-json\/wp\/v2\/media\/294192"}],"wp:attachment":[{"href":"https:\/\/noticiaempauta.com\/portal\/wp-json\/wp\/v2\/media?parent=294191"}],"wp:term":[{"taxonomy":"category","embeddable":true,"href":"https:\/\/noticiaempauta.com\/portal\/wp-json\/wp\/v2\/categories?post=294191"},{"taxonomy":"post_tag","embeddable":true,"href":"https:\/\/noticiaempauta.com\/portal\/wp-json\/wp\/v2\/tags?post=294191"}],"curies":[{"name":"wp","href":"https:\/\/api.w.org\/{rel}","templated":true}]}}