{"id":294195,"date":"2026-09-02T15:51:08","date_gmt":"2026-09-02T18:51:08","guid":{"rendered":"https:\/\/noticiaempauta.com\/portal\/?p=294195"},"modified":"2026-09-02T15:51:11","modified_gmt":"2026-09-02T18:51:11","slug":"operacao-da-prf-apreende-r-404-mil-em-especie-durante-fiscalizacao-em-valenca-do-piaui","status":"publish","type":"post","link":"https:\/\/noticiaempauta.com\/portal\/operacao-da-prf-apreende-r-404-mil-em-especie-durante-fiscalizacao-em-valenca-do-piaui\/","title":{"rendered":"Opera\u00e7\u00e3o da PRF apreende R$ 404 mil em esp\u00e9cie durante fiscaliza\u00e7\u00e3o em Valen\u00e7a do Piau\u00ed"},"content":{"rendered":"\n<p class=\"wp-block-paragraph\">Nessa ter\u00e7a-feira (1\u00ba), a Pol\u00edcia Rodovi\u00e1ria Federal (PRF) apreendeu R$ 404 mil em esp\u00e9cie durante uma fiscaliza\u00e7\u00e3o na BR-316 em Valen\u00e7a do Piau\u00ed.<\/p>\n\n\n\n<figure class=\"wp-block-image size-full\"><img fetchpriority=\"high\" decoding=\"async\" width=\"950\" height=\"513\" src=\"https:\/\/noticiaempauta.com\/portal\/wp-content\/uploads\/2026\/09\/prf-aprende-r-404-mil-em-especie-durante-fiscalizacao-na-br.jpeg.950x0_q95_crop.webp\" alt=\"\" class=\"wp-image-294196\" srcset=\"https:\/\/noticiaempauta.com\/portal\/wp-content\/uploads\/2026\/09\/prf-aprende-r-404-mil-em-especie-durante-fiscalizacao-na-br.jpeg.950x0_q95_crop.webp 950w, https:\/\/noticiaempauta.com\/portal\/wp-content\/uploads\/2026\/09\/prf-aprende-r-404-mil-em-especie-durante-fiscalizacao-na-br.jpeg.950x0_q95_crop-300x162.webp 300w, https:\/\/noticiaempauta.com\/portal\/wp-content\/uploads\/2026\/09\/prf-aprende-r-404-mil-em-especie-durante-fiscalizacao-na-br.jpeg.950x0_q95_crop-767x414.webp 767w\" sizes=\"(max-width: 950px) 100vw, 950px\" \/><figcaption class=\"wp-element-caption\"><em>Foto: Divulga\u00e7\u00e3o\/ PRF<\/em><\/figcaption><\/figure>\n\n\n\n<p class=\"wp-block-paragraph\">Conforme a PRF, a equipe realizava uma fiscaliza\u00e7\u00e3o quando abordou o ve\u00edculo. Nos procedimentos, foi constatado por meio de uma consulta aos sistemas, que o condutor n\u00e3o possu\u00eda Carteira Nacional de Habilita\u00e7\u00e3o (CNH).<\/p>\n\n\n\n<p class=\"wp-block-paragraph\">O homem relatou aos policiais que havia se deslocado at\u00e9 Picos, para buscar o ve\u00edculo a mando de seu empregador. Durante a vistoria no porta-malas, os agentes localizaram uma sacola contendo uma grande quantidade de dinheiro em esp\u00e9cie.<\/p>\n\n\n\n<p class=\"wp-block-paragraph\">Quando questionado, o condutor afirmou que o dinheiro era referente \u00e0 compra de uma m\u00e1quina para perfura\u00e7\u00e3o de po\u00e7o. Diante da situa\u00e7\u00e3o, a equipe entrou em contato com a Pol\u00edcia Civil de Valen\u00e7a do Piau\u00ed e apresentou a ocorr\u00eancia \u00e0 autoridade policial competente.<\/p>\n\n\n\n<p class=\"wp-block-paragraph\">O condutor foi encaminhado, junto com o dinheiro, \u00e0 Delegacia de Pol\u00edcia Civil para ado\u00e7\u00e3o dos procedimentos cab\u00edveis.<\/p>\n\n\n\n<p class=\"wp-block-paragraph\">Fonte: Portal ViAgora<\/p>\n","protected":false},"excerpt":{"rendered":"<p>Nessa ter\u00e7a-feira (1\u00ba), a Pol\u00edcia Rodovi\u00e1ria Federal (PRF) apreendeu R$ 404 mil em esp\u00e9cie durante uma fiscaliza\u00e7\u00e3o na BR-316 em Valen\u00e7a do Piau\u00ed. Conforme a PRF, a equipe realizava uma fiscaliza\u00e7\u00e3o quando abordou o ve\u00edculo. Nos procedimentos, foi constatado por meio de uma consulta aos sistemas, que o condutor n\u00e3o possu\u00eda Carteira Nacional de Habilita\u00e7\u00e3o [&hellip;]<\/p>\n","protected":false},"author":2,"featured_media":294196,"comment_status":"closed","ping_status":"closed","sticky":false,"template":"","format":"standard","meta":{"_mi_skip_tracking":false,"footnotes":""},"categories":[25,1,137,16],"tags":[],"class_list":["post-294195","post","type-post","status-publish","format-standard","has-post-thumbnail","hentry","category-destaques-site","category-geral","category-policia","category-todas"],"acf":[],"yoast_head":"<!-- This site is optimized with the Yoast SEO Premium plugin v19.2 (Yoast SEO v26.9) - https:\/\/yoast.com\/product\/yoast-seo-premium-wordpress\/ -->\n<title>Opera\u00e7\u00e3o da PRF apreende R$ 404 mil em esp\u00e9cie durante fiscaliza\u00e7\u00e3o em Valen\u00e7a do Piau\u00ed - Portal Not\u00edcia em Pauta<\/title>\n<meta name=\"robots\" content=\"index, follow, max-snippet:-1, max-image-preview:large, max-video-preview:-1\" \/>\n<link rel=\"canonical\" href=\"https:\/\/noticiaempauta.com\/portal\/operacao-da-prf-apreende-r-404-mil-em-especie-durante-fiscalizacao-em-valenca-do-piaui\/\" \/>\n<meta property=\"og:locale\" content=\"pt_BR\" \/>\n<meta property=\"og:type\" content=\"article\" \/>\n<meta property=\"og:title\" content=\"Opera\u00e7\u00e3o da PRF apreende R$ 404 mil em esp\u00e9cie durante fiscaliza\u00e7\u00e3o em Valen\u00e7a do Piau\u00ed\" \/>\n<meta property=\"og:description\" content=\"Nessa ter\u00e7a-feira (1\u00ba), a Pol\u00edcia Rodovi\u00e1ria Federal (PRF) apreendeu R$ 404 mil em esp\u00e9cie durante uma fiscaliza\u00e7\u00e3o na BR-316 em Valen\u00e7a do Piau\u00ed. Conforme a PRF, a equipe realizava uma fiscaliza\u00e7\u00e3o quando abordou o ve\u00edculo. Nos procedimentos, foi constatado por meio de uma consulta aos sistemas, que o condutor n\u00e3o possu\u00eda Carteira Nacional de Habilita\u00e7\u00e3o [&hellip;]\" \/>\n<meta property=\"og:url\" content=\"https:\/\/noticiaempauta.com\/portal\/operacao-da-prf-apreende-r-404-mil-em-especie-durante-fiscalizacao-em-valenca-do-piaui\/\" \/>\n<meta property=\"og:site_name\" content=\"Portal Not\u00edcia em Pauta\" \/>\n<meta property=\"article:publisher\" content=\"https:\/\/www.facebook.com\/Portal-Notcia-Em-Pauta-102292869264820\/\" \/>\n<meta property=\"article:published_time\" content=\"2026-09-02T18:51:08+00:00\" \/>\n<meta property=\"article:modified_time\" content=\"2026-09-02T18:51:11+00:00\" \/>\n<meta property=\"og:image\" content=\"https:\/\/noticiaempauta.com\/portal\/wp-content\/uploads\/2026\/09\/prf-aprende-r-404-mil-em-especie-durante-fiscalizacao-na-br.jpeg.950x0_q95_crop.webp\" \/>\n\t<meta property=\"og:image:width\" content=\"950\" \/>\n\t<meta property=\"og:image:height\" content=\"513\" \/>\n\t<meta property=\"og:image:type\" content=\"image\/webp\" \/>\n<meta name=\"author\" content=\"Reda\u00e7\u00e3o\" \/>\n<meta name=\"twitter:card\" content=\"summary_large_image\" \/>\n<meta name=\"twitter:label1\" content=\"Escrito por\" \/>\n\t<meta name=\"twitter:data1\" content=\"Reda\u00e7\u00e3o\" \/>\n\t<meta name=\"twitter:label2\" content=\"Est. tempo de leitura\" \/>\n\t<meta name=\"twitter:data2\" content=\"2 minutos\" \/>\n<script type=\"application\/ld+json\" class=\"yoast-schema-graph\">{\"@context\":\"https:\/\/schema.org\",\"@graph\":[{\"@type\":\"Article\",\"@id\":\"https:\/\/noticiaempauta.com\/portal\/operacao-da-prf-apreende-r-404-mil-em-especie-durante-fiscalizacao-em-valenca-do-piaui\/#article\",\"isPartOf\":{\"@id\":\"https:\/\/noticiaempauta.com\/portal\/operacao-da-prf-apreende-r-404-mil-em-especie-durante-fiscalizacao-em-valenca-do-piaui\/\"},\"author\":{\"name\":\"Reda\u00e7\u00e3o\",\"@id\":\"https:\/\/noticiaempauta.com\/portal\/#\/schema\/person\/a74af43dd1ab3deca45f988c717d57ac\"},\"headline\":\"Opera\u00e7\u00e3o da PRF apreende R$ 404 mil em esp\u00e9cie durante fiscaliza\u00e7\u00e3o em Valen\u00e7a do Piau\u00ed\",\"datePublished\":\"2026-09-02T18:51:08+00:00\",\"dateModified\":\"2026-09-02T18:51:11+00:00\",\"mainEntityOfPage\":{\"@id\":\"https:\/\/noticiaempauta.com\/portal\/operacao-da-prf-apreende-r-404-mil-em-especie-durante-fiscalizacao-em-valenca-do-piaui\/\"},\"wordCount\":198,\"publisher\":{\"@id\":\"https:\/\/noticiaempauta.com\/portal\/#organization\"},\"image\":{\"@id\":\"https:\/\/noticiaempauta.com\/portal\/operacao-da-prf-apreende-r-404-mil-em-especie-durante-fiscalizacao-em-valenca-do-piaui\/#primaryimage\"},\"thumbnailUrl\":\"https:\/\/noticiaempauta.com\/portal\/wp-content\/uploads\/2026\/09\/prf-aprende-r-404-mil-em-especie-durante-fiscalizacao-na-br.jpeg.950x0_q95_crop.webp\",\"articleSection\":[\"Destaques\",\"Geral\",\"Pol\u00edcia\",\"Todas as Not\u00edcias\"],\"inLanguage\":\"pt-BR\"},{\"@type\":\"WebPage\",\"@id\":\"https:\/\/noticiaempauta.com\/portal\/operacao-da-prf-apreende-r-404-mil-em-especie-durante-fiscalizacao-em-valenca-do-piaui\/\",\"url\":\"https:\/\/noticiaempauta.com\/portal\/operacao-da-prf-apreende-r-404-mil-em-especie-durante-fiscalizacao-em-valenca-do-piaui\/\",\"name\":\"Opera\u00e7\u00e3o da PRF apreende R$ 404 mil em esp\u00e9cie durante fiscaliza\u00e7\u00e3o em Valen\u00e7a do Piau\u00ed - Portal Not\u00edcia em Pauta\",\"isPartOf\":{\"@id\":\"https:\/\/noticiaempauta.com\/portal\/#website\"},\"primaryImageOfPage\":{\"@id\":\"https:\/\/noticiaempauta.com\/portal\/operacao-da-prf-apreende-r-404-mil-em-especie-durante-fiscalizacao-em-valenca-do-piaui\/#primaryimage\"},\"image\":{\"@id\":\"https:\/\/noticiaempauta.com\/portal\/operacao-da-prf-apreende-r-404-mil-em-especie-durante-fiscalizacao-em-valenca-do-piaui\/#primaryimage\"},\"thumbnailUrl\":\"https:\/\/noticiaempauta.com\/portal\/wp-content\/uploads\/2026\/09\/prf-aprende-r-404-mil-em-especie-durante-fiscalizacao-na-br.jpeg.950x0_q95_crop.webp\",\"datePublished\":\"2026-09-02T18:51:08+00:00\",\"dateModified\":\"2026-09-02T18:51:11+00:00\",\"breadcrumb\":{\"@id\":\"https:\/\/noticiaempauta.com\/portal\/operacao-da-prf-apreende-r-404-mil-em-especie-durante-fiscalizacao-em-valenca-do-piaui\/#breadcrumb\"},\"inLanguage\":\"pt-BR\",\"potentialAction\":[{\"@type\":\"ReadAction\",\"target\":[\"https:\/\/noticiaempauta.com\/portal\/operacao-da-prf-apreende-r-404-mil-em-especie-durante-fiscalizacao-em-valenca-do-piaui\/\"]}]},{\"@type\":\"ImageObject\",\"inLanguage\":\"pt-BR\",\"@id\":\"https:\/\/noticiaempauta.com\/portal\/operacao-da-prf-apreende-r-404-mil-em-especie-durante-fiscalizacao-em-valenca-do-piaui\/#primaryimage\",\"url\":\"https:\/\/noticiaempauta.com\/portal\/wp-content\/uploads\/2026\/09\/prf-aprende-r-404-mil-em-especie-durante-fiscalizacao-na-br.jpeg.950x0_q95_crop.webp\",\"contentUrl\":\"https:\/\/noticiaempauta.com\/portal\/wp-content\/uploads\/2026\/09\/prf-aprende-r-404-mil-em-especie-durante-fiscalizacao-na-br.jpeg.950x0_q95_crop.webp\",\"width\":950,\"height\":513},{\"@type\":\"BreadcrumbList\",\"@id\":\"https:\/\/noticiaempauta.com\/portal\/operacao-da-prf-apreende-r-404-mil-em-especie-durante-fiscalizacao-em-valenca-do-piaui\/#breadcrumb\",\"itemListElement\":[{\"@type\":\"ListItem\",\"position\":1,\"name\":\"P\u00e1gina Inicial\",\"item\":\"https:\/\/noticiaempauta.com\/portal\/\"},{\"@type\":\"ListItem\",\"position\":2,\"name\":\"Destaques\",\"item\":\"https:\/\/noticiaempauta.com\/portal\/destaques-site\/\"},{\"@type\":\"ListItem\",\"position\":3,\"name\":\"Opera\u00e7\u00e3o da PRF apreende R$ 404 mil em esp\u00e9cie durante fiscaliza\u00e7\u00e3o em Valen\u00e7a do Piau\u00ed\"}]},{\"@type\":\"WebSite\",\"@id\":\"https:\/\/noticiaempauta.com\/portal\/#website\",\"url\":\"https:\/\/noticiaempauta.com\/portal\/\",\"name\":\"Portal Not\u00edcia em Pauta\",\"description\":\"Voc\u00ea bem informado\",\"publisher\":{\"@id\":\"https:\/\/noticiaempauta.com\/portal\/#organization\"},\"potentialAction\":[{\"@type\":\"SearchAction\",\"target\":{\"@type\":\"EntryPoint\",\"urlTemplate\":\"https:\/\/noticiaempauta.com\/portal\/?s={search_term_string}\"},\"query-input\":{\"@type\":\"PropertyValueSpecification\",\"valueRequired\":true,\"valueName\":\"search_term_string\"}}],\"inLanguage\":\"pt-BR\"},{\"@type\":\"Organization\",\"@id\":\"https:\/\/noticiaempauta.com\/portal\/#organization\",\"name\":\"Portal Not\u00edcia em Pauta\",\"url\":\"https:\/\/noticiaempauta.com\/portal\/\",\"logo\":{\"@type\":\"ImageObject\",\"inLanguage\":\"pt-BR\",\"@id\":\"https:\/\/noticiaempauta.com\/portal\/#\/schema\/logo\/image\/\",\"url\":\"https:\/\/noticiaempauta.com\/portal\/wp-content\/uploads\/2022\/08\/logomarca_tema.fw_.png\",\"contentUrl\":\"https:\/\/noticiaempauta.com\/portal\/wp-content\/uploads\/2022\/08\/logomarca_tema.fw_.png\",\"width\":400,\"height\":232,\"caption\":\"Portal Not\u00edcia em Pauta\"},\"image\":{\"@id\":\"https:\/\/noticiaempauta.com\/portal\/#\/schema\/logo\/image\/\"},\"sameAs\":[\"https:\/\/www.facebook.com\/Portal-Notcia-Em-Pauta-102292869264820\/\",\"https:\/\/www.instagram.com\/portalnoticiaempauta\/\"]},{\"@type\":\"Person\",\"@id\":\"https:\/\/noticiaempauta.com\/portal\/#\/schema\/person\/a74af43dd1ab3deca45f988c717d57ac\",\"name\":\"Reda\u00e7\u00e3o\",\"image\":{\"@type\":\"ImageObject\",\"inLanguage\":\"pt-BR\",\"@id\":\"https:\/\/noticiaempauta.com\/portal\/#\/schema\/person\/image\/\",\"url\":\"https:\/\/secure.gravatar.com\/avatar\/03179346ecce6cdfc13361603e8f54242a90e5cde8618fa23c5c00aa2b0aadf3?s=96&d=mm&r=g\",\"contentUrl\":\"https:\/\/secure.gravatar.com\/avatar\/03179346ecce6cdfc13361603e8f54242a90e5cde8618fa23c5c00aa2b0aadf3?s=96&d=mm&r=g\",\"caption\":\"Reda\u00e7\u00e3o\"},\"sameAs\":[\"https:\/\/noticiaempauta.com\/portal\/\"],\"url\":\"https:\/\/noticiaempauta.com\/portal\/author\/fernando\/\"}]}<\/script>\n<!-- \/ Yoast SEO Premium plugin. -->","yoast_head_json":{"title":"Opera\u00e7\u00e3o da PRF apreende R$ 404 mil em esp\u00e9cie durante fiscaliza\u00e7\u00e3o em Valen\u00e7a do Piau\u00ed - Portal Not\u00edcia em Pauta","robots":{"index":"index","follow":"follow","max-snippet":"max-snippet:-1","max-image-preview":"max-image-preview:large","max-video-preview":"max-video-preview:-1"},"canonical":"https:\/\/noticiaempauta.com\/portal\/operacao-da-prf-apreende-r-404-mil-em-especie-durante-fiscalizacao-em-valenca-do-piaui\/","og_locale":"pt_BR","og_type":"article","og_title":"Opera\u00e7\u00e3o da PRF apreende R$ 404 mil em esp\u00e9cie durante fiscaliza\u00e7\u00e3o em Valen\u00e7a do Piau\u00ed","og_description":"Nessa ter\u00e7a-feira (1\u00ba), a Pol\u00edcia Rodovi\u00e1ria Federal (PRF) apreendeu R$ 404 mil em esp\u00e9cie durante uma fiscaliza\u00e7\u00e3o na BR-316 em Valen\u00e7a do Piau\u00ed. Conforme a PRF, a equipe realizava uma fiscaliza\u00e7\u00e3o quando abordou o ve\u00edculo. Nos procedimentos, foi constatado por meio de uma consulta aos sistemas, que o condutor n\u00e3o possu\u00eda Carteira Nacional de Habilita\u00e7\u00e3o [&hellip;]","og_url":"https:\/\/noticiaempauta.com\/portal\/operacao-da-prf-apreende-r-404-mil-em-especie-durante-fiscalizacao-em-valenca-do-piaui\/","og_site_name":"Portal Not\u00edcia em Pauta","article_publisher":"https:\/\/www.facebook.com\/Portal-Notcia-Em-Pauta-102292869264820\/","article_published_time":"2026-09-02T18:51:08+00:00","article_modified_time":"2026-09-02T18:51:11+00:00","og_image":[{"width":950,"height":513,"url":"https:\/\/noticiaempauta.com\/portal\/wp-content\/uploads\/2026\/09\/prf-aprende-r-404-mil-em-especie-durante-fiscalizacao-na-br.jpeg.950x0_q95_crop.webp","type":"image\/webp"}],"author":"Reda\u00e7\u00e3o","twitter_card":"summary_large_image","twitter_misc":{"Escrito por":"Reda\u00e7\u00e3o","Est. tempo de leitura":"2 minutos"},"schema":{"@context":"https:\/\/schema.org","@graph":[{"@type":"Article","@id":"https:\/\/noticiaempauta.com\/portal\/operacao-da-prf-apreende-r-404-mil-em-especie-durante-fiscalizacao-em-valenca-do-piaui\/#article","isPartOf":{"@id":"https:\/\/noticiaempauta.com\/portal\/operacao-da-prf-apreende-r-404-mil-em-especie-durante-fiscalizacao-em-valenca-do-piaui\/"},"author":{"name":"Reda\u00e7\u00e3o","@id":"https:\/\/noticiaempauta.com\/portal\/#\/schema\/person\/a74af43dd1ab3deca45f988c717d57ac"},"headline":"Opera\u00e7\u00e3o da PRF apreende R$ 404 mil em esp\u00e9cie durante fiscaliza\u00e7\u00e3o em Valen\u00e7a do Piau\u00ed","datePublished":"2026-09-02T18:51:08+00:00","dateModified":"2026-09-02T18:51:11+00:00","mainEntityOfPage":{"@id":"https:\/\/noticiaempauta.com\/portal\/operacao-da-prf-apreende-r-404-mil-em-especie-durante-fiscalizacao-em-valenca-do-piaui\/"},"wordCount":198,"publisher":{"@id":"https:\/\/noticiaempauta.com\/portal\/#organization"},"image":{"@id":"https:\/\/noticiaempauta.com\/portal\/operacao-da-prf-apreende-r-404-mil-em-especie-durante-fiscalizacao-em-valenca-do-piaui\/#primaryimage"},"thumbnailUrl":"https:\/\/noticiaempauta.com\/portal\/wp-content\/uploads\/2026\/09\/prf-aprende-r-404-mil-em-especie-durante-fiscalizacao-na-br.jpeg.950x0_q95_crop.webp","articleSection":["Destaques","Geral","Pol\u00edcia","Todas as Not\u00edcias"],"inLanguage":"pt-BR"},{"@type":"WebPage","@id":"https:\/\/noticiaempauta.com\/portal\/operacao-da-prf-apreende-r-404-mil-em-especie-durante-fiscalizacao-em-valenca-do-piaui\/","url":"https:\/\/noticiaempauta.com\/portal\/operacao-da-prf-apreende-r-404-mil-em-especie-durante-fiscalizacao-em-valenca-do-piaui\/","name":"Opera\u00e7\u00e3o da PRF apreende R$ 404 mil em esp\u00e9cie durante fiscaliza\u00e7\u00e3o em Valen\u00e7a do Piau\u00ed - Portal Not\u00edcia em Pauta","isPartOf":{"@id":"https:\/\/noticiaempauta.com\/portal\/#website"},"primaryImageOfPage":{"@id":"https:\/\/noticiaempauta.com\/portal\/operacao-da-prf-apreende-r-404-mil-em-especie-durante-fiscalizacao-em-valenca-do-piaui\/#primaryimage"},"image":{"@id":"https:\/\/noticiaempauta.com\/portal\/operacao-da-prf-apreende-r-404-mil-em-especie-durante-fiscalizacao-em-valenca-do-piaui\/#primaryimage"},"thumbnailUrl":"https:\/\/noticiaempauta.com\/portal\/wp-content\/uploads\/2026\/09\/prf-aprende-r-404-mil-em-especie-durante-fiscalizacao-na-br.jpeg.950x0_q95_crop.webp","datePublished":"2026-09-02T18:51:08+00:00","dateModified":"2026-09-02T18:51:11+00:00","breadcrumb":{"@id":"https:\/\/noticiaempauta.com\/portal\/operacao-da-prf-apreende-r-404-mil-em-especie-durante-fiscalizacao-em-valenca-do-piaui\/#breadcrumb"},"inLanguage":"pt-BR","potentialAction":[{"@type":"ReadAction","target":["https:\/\/noticiaempauta.com\/portal\/operacao-da-prf-apreende-r-404-mil-em-especie-durante-fiscalizacao-em-valenca-do-piaui\/"]}]},{"@type":"ImageObject","inLanguage":"pt-BR","@id":"https:\/\/noticiaempauta.com\/portal\/operacao-da-prf-apreende-r-404-mil-em-especie-durante-fiscalizacao-em-valenca-do-piaui\/#primaryimage","url":"https:\/\/noticiaempauta.com\/portal\/wp-content\/uploads\/2026\/09\/prf-aprende-r-404-mil-em-especie-durante-fiscalizacao-na-br.jpeg.950x0_q95_crop.webp","contentUrl":"https:\/\/noticiaempauta.com\/portal\/wp-content\/uploads\/2026\/09\/prf-aprende-r-404-mil-em-especie-durante-fiscalizacao-na-br.jpeg.950x0_q95_crop.webp","width":950,"height":513},{"@type":"BreadcrumbList","@id":"https:\/\/noticiaempauta.com\/portal\/operacao-da-prf-apreende-r-404-mil-em-especie-durante-fiscalizacao-em-valenca-do-piaui\/#breadcrumb","itemListElement":[{"@type":"ListItem","position":1,"name":"P\u00e1gina Inicial","item":"https:\/\/noticiaempauta.com\/portal\/"},{"@type":"ListItem","position":2,"name":"Destaques","item":"https:\/\/noticiaempauta.com\/portal\/destaques-site\/"},{"@type":"ListItem","position":3,"name":"Opera\u00e7\u00e3o da PRF apreende R$ 404 mil em esp\u00e9cie durante fiscaliza\u00e7\u00e3o em Valen\u00e7a do Piau\u00ed"}]},{"@type":"WebSite","@id":"https:\/\/noticiaempauta.com\/portal\/#website","url":"https:\/\/noticiaempauta.com\/portal\/","name":"Portal Not\u00edcia em Pauta","description":"Voc\u00ea bem informado","publisher":{"@id":"https:\/\/noticiaempauta.com\/portal\/#organization"},"potentialAction":[{"@type":"SearchAction","target":{"@type":"EntryPoint","urlTemplate":"https:\/\/noticiaempauta.com\/portal\/?s={search_term_string}"},"query-input":{"@type":"PropertyValueSpecification","valueRequired":true,"valueName":"search_term_string"}}],"inLanguage":"pt-BR"},{"@type":"Organization","@id":"https:\/\/noticiaempauta.com\/portal\/#organization","name":"Portal Not\u00edcia em Pauta","url":"https:\/\/noticiaempauta.com\/portal\/","logo":{"@type":"ImageObject","inLanguage":"pt-BR","@id":"https:\/\/noticiaempauta.com\/portal\/#\/schema\/logo\/image\/","url":"https:\/\/noticiaempauta.com\/portal\/wp-content\/uploads\/2022\/08\/logomarca_tema.fw_.png","contentUrl":"https:\/\/noticiaempauta.com\/portal\/wp-content\/uploads\/2022\/08\/logomarca_tema.fw_.png","width":400,"height":232,"caption":"Portal Not\u00edcia em Pauta"},"image":{"@id":"https:\/\/noticiaempauta.com\/portal\/#\/schema\/logo\/image\/"},"sameAs":["https:\/\/www.facebook.com\/Portal-Notcia-Em-Pauta-102292869264820\/","https:\/\/www.instagram.com\/portalnoticiaempauta\/"]},{"@type":"Person","@id":"https:\/\/noticiaempauta.com\/portal\/#\/schema\/person\/a74af43dd1ab3deca45f988c717d57ac","name":"Reda\u00e7\u00e3o","image":{"@type":"ImageObject","inLanguage":"pt-BR","@id":"https:\/\/noticiaempauta.com\/portal\/#\/schema\/person\/image\/","url":"https:\/\/secure.gravatar.com\/avatar\/03179346ecce6cdfc13361603e8f54242a90e5cde8618fa23c5c00aa2b0aadf3?s=96&d=mm&r=g","contentUrl":"https:\/\/secure.gravatar.com\/avatar\/03179346ecce6cdfc13361603e8f54242a90e5cde8618fa23c5c00aa2b0aadf3?s=96&d=mm&r=g","caption":"Reda\u00e7\u00e3o"},"sameAs":["https:\/\/noticiaempauta.com\/portal\/"],"url":"https:\/\/noticiaempauta.com\/portal\/author\/fernando\/"}]}},"_links":{"self":[{"href":"https:\/\/noticiaempauta.com\/portal\/wp-json\/wp\/v2\/posts\/294195","targetHints":{"allow":["GET"]}}],"collection":[{"href":"https:\/\/noticiaempauta.com\/portal\/wp-json\/wp\/v2\/posts"}],"about":[{"href":"https:\/\/noticiaempauta.com\/portal\/wp-json\/wp\/v2\/types\/post"}],"author":[{"embeddable":true,"href":"https:\/\/noticiaempauta.com\/portal\/wp-json\/wp\/v2\/users\/2"}],"replies":[{"embeddable":true,"href":"https:\/\/noticiaempauta.com\/portal\/wp-json\/wp\/v2\/comments?post=294195"}],"version-history":[{"count":2,"href":"https:\/\/noticiaempauta.com\/portal\/wp-json\/wp\/v2\/posts\/294195\/revisions"}],"predecessor-version":[{"id":294198,"href":"https:\/\/noticiaempauta.com\/portal\/wp-json\/wp\/v2\/posts\/294195\/revisions\/294198"}],"wp:featuredmedia":[{"embeddable":true,"href":"https:\/\/noticiaempauta.com\/portal\/wp-json\/wp\/v2\/media\/294196"}],"wp:attachment":[{"href":"https:\/\/noticiaempauta.com\/portal\/wp-json\/wp\/v2\/media?parent=294195"}],"wp:term":[{"taxonomy":"category","embeddable":true,"href":"https:\/\/noticiaempauta.com\/portal\/wp-json\/wp\/v2\/categories?post=294195"},{"taxonomy":"post_tag","embeddable":true,"href":"https:\/\/noticiaempauta.com\/portal\/wp-json\/wp\/v2\/tags?post=294195"}],"curies":[{"name":"wp","href":"https:\/\/api.w.org\/{rel}","templated":true}]}}