{"id":294199,"date":"2026-09-02T16:17:35","date_gmt":"2026-09-02T19:17:35","guid":{"rendered":"https:\/\/noticiaempauta.com\/portal\/?p=294199"},"modified":"2026-09-02T16:17:38","modified_gmt":"2026-09-02T19:17:38","slug":"eleitor-ja-pode-consultar-os-locais-de-votacao-veja-como-acessar","status":"publish","type":"post","link":"https:\/\/noticiaempauta.com\/portal\/eleitor-ja-pode-consultar-os-locais-de-votacao-veja-como-acessar\/","title":{"rendered":"Eleitor j\u00e1 pode consultar os locais de vota\u00e7\u00e3o; veja como acessar"},"content":{"rendered":"\n<p class=\"wp-block-paragraph\">A partir desta ter\u00e7a-feira (1\u00ba), eleitoras e eleitores podem verificar o endere\u00e7o da se\u00e7\u00e3o de vota\u00e7\u00e3o pelo aplicativo e-T\u00edtulo ou pelo Portal do Tribunal Superior Eleitoral (TSE).&nbsp;&nbsp;<\/p>\n\n\n\n<p class=\"wp-block-paragraph\">A consulta est\u00e1 atualizada e inclui quem solicitou transfer\u00eancia tempor\u00e1ria de se\u00e7\u00e3o nos prazos previstos no calend\u00e1rio eleitoral (Resolu\u00e7\u00e3o n\u00ba 23.760\/2026), encerrados no m\u00eas passado.&nbsp;<\/p>\n\n\n\n<figure class=\"wp-block-image size-full\"><img fetchpriority=\"high\" decoding=\"async\" width=\"613\" height=\"409\" src=\"https:\/\/noticiaempauta.com\/portal\/wp-content\/uploads\/2026\/01\/urnass.webp\" alt=\"\" class=\"wp-image-283870\" srcset=\"https:\/\/noticiaempauta.com\/portal\/wp-content\/uploads\/2026\/01\/urnass.webp 613w, https:\/\/noticiaempauta.com\/portal\/wp-content\/uploads\/2026\/01\/urnass-300x200.webp 300w\" sizes=\"(max-width: 613px) 100vw, 613px\" \/><\/figure>\n\n\n\n<p class=\"wp-block-paragraph\">Essa modalidade atende, entre outros, eleitores que solicitaram vota\u00e7\u00e3o em tr\u00e2nsito, pessoas com defici\u00eancia ou mobilidade reduzida, militares, agentes de seguran\u00e7a p\u00fablica, mes\u00e1rios, agentes penitenci\u00e1rios, al\u00e9m de ju\u00edzes e promotores em servi\u00e7o no dia da elei\u00e7\u00e3o.&nbsp;<\/p>\n\n\n\n<p class=\"wp-block-paragraph\"><strong>Como consultar&nbsp;<\/strong><\/p>\n\n\n\n<p class=\"wp-block-paragraph\"><strong>Pelo e-T\u00edtulo:&nbsp;<\/strong><\/p>\n\n\n\n<p class=\"wp-block-paragraph\">Na tela inicial do aplicativo, atualize os dados cadastrais.&nbsp;<\/p>\n\n\n\n<p class=\"wp-block-paragraph\">O sistema mostrar\u00e1 o endere\u00e7o da se\u00e7\u00e3o e a zona eleitoral em que o eleitor dever\u00e1 votar.&nbsp;&nbsp;<\/p>\n\n\n\n<p class=\"wp-block-paragraph\"><strong>Pelo Portal do TSE:&nbsp;<\/strong><\/p>\n\n\n\n<p class=\"wp-block-paragraph\">Acesse a \u00e1rea &#8220;Servi\u00e7os Eleitorais&#8221; e selecione &#8220;Onde votar&#8221;.&nbsp;<\/p>\n\n\n\n<p class=\"wp-block-paragraph\">Informe o n\u00famero do CPF ou do t\u00edtulo de eleitor, a data de nascimento e o nome da m\u00e3e.&nbsp;<\/p>\n\n\n\n<p class=\"wp-block-paragraph\">A Justi\u00e7a Eleitoral recomenda que a eleitora ou o eleitor confira o local de vota\u00e7\u00e3o com anteced\u00eancia para evitar d\u00favidas no dia da elei\u00e7\u00e3o. A medida \u00e9 especialmente importante para quem pediu transfer\u00eancia tempor\u00e1ria ou teve a zona eleitoral alterada pelo tribunal regional eleitoral (TRE).&nbsp;<\/p>\n\n\n\n<p class=\"wp-block-paragraph\">O 1\u00ba turno das Elei\u00e7\u00f5es Gerais de 2026 ser\u00e1 em 4 de outubro de 2026. Se houver 2\u00ba turno, a vota\u00e7\u00e3o ocorrer\u00e1 no dia 25 do mesmo m\u00eas. O TSE estima o uso de 564 mil urnas eletr\u00f4nicas no pleito.<\/p>\n\n\n\n<p class=\"wp-block-paragraph\">Fonte: Cidade Verde<\/p>\n","protected":false},"excerpt":{"rendered":"<p>A partir desta ter\u00e7a-feira (1\u00ba), eleitoras e eleitores podem verificar o endere\u00e7o da se\u00e7\u00e3o de vota\u00e7\u00e3o pelo aplicativo e-T\u00edtulo ou pelo Portal do Tribunal Superior Eleitoral (TSE).&nbsp;&nbsp; A consulta est\u00e1 atualizada e inclui quem solicitou transfer\u00eancia tempor\u00e1ria de se\u00e7\u00e3o nos prazos previstos no calend\u00e1rio eleitoral (Resolu\u00e7\u00e3o n\u00ba 23.760\/2026), encerrados no m\u00eas passado.&nbsp; Essa modalidade atende, [&hellip;]<\/p>\n","protected":false},"author":2,"featured_media":283870,"comment_status":"closed","ping_status":"closed","sticky":false,"template":"","format":"standard","meta":{"_mi_skip_tracking":false,"footnotes":""},"categories":[25,1,3,16],"tags":[192],"class_list":["post-294199","post","type-post","status-publish","format-standard","has-post-thumbnail","hentry","category-destaques-site","category-geral","category-politica","category-todas","tag-destaqueprincipal"],"acf":[],"yoast_head":"<!-- This site is optimized with the Yoast SEO Premium plugin v19.2 (Yoast SEO v26.9) - https:\/\/yoast.com\/product\/yoast-seo-premium-wordpress\/ -->\n<title>Eleitor j\u00e1 pode consultar os locais de vota\u00e7\u00e3o; veja como acessar - Portal Not\u00edcia em Pauta<\/title>\n<meta name=\"robots\" content=\"index, follow, max-snippet:-1, max-image-preview:large, max-video-preview:-1\" \/>\n<link rel=\"canonical\" href=\"https:\/\/noticiaempauta.com\/portal\/eleitor-ja-pode-consultar-os-locais-de-votacao-veja-como-acessar\/\" \/>\n<meta property=\"og:locale\" content=\"pt_BR\" \/>\n<meta property=\"og:type\" content=\"article\" \/>\n<meta property=\"og:title\" content=\"Eleitor j\u00e1 pode consultar os locais de vota\u00e7\u00e3o; veja como acessar\" \/>\n<meta property=\"og:description\" content=\"A partir desta ter\u00e7a-feira (1\u00ba), eleitoras e eleitores podem verificar o endere\u00e7o da se\u00e7\u00e3o de vota\u00e7\u00e3o pelo aplicativo e-T\u00edtulo ou pelo Portal do Tribunal Superior Eleitoral (TSE).&nbsp;&nbsp; A consulta est\u00e1 atualizada e inclui quem solicitou transfer\u00eancia tempor\u00e1ria de se\u00e7\u00e3o nos prazos previstos no calend\u00e1rio eleitoral (Resolu\u00e7\u00e3o n\u00ba 23.760\/2026), encerrados no m\u00eas passado.&nbsp; Essa modalidade atende, [&hellip;]\" \/>\n<meta property=\"og:url\" content=\"https:\/\/noticiaempauta.com\/portal\/eleitor-ja-pode-consultar-os-locais-de-votacao-veja-como-acessar\/\" \/>\n<meta property=\"og:site_name\" content=\"Portal Not\u00edcia em Pauta\" \/>\n<meta property=\"article:publisher\" content=\"https:\/\/www.facebook.com\/Portal-Notcia-Em-Pauta-102292869264820\/\" \/>\n<meta property=\"article:published_time\" content=\"2026-09-02T19:17:35+00:00\" \/>\n<meta property=\"article:modified_time\" content=\"2026-09-02T19:17:38+00:00\" \/>\n<meta property=\"og:image\" content=\"https:\/\/noticiaempauta.com\/portal\/wp-content\/uploads\/2026\/01\/urnass.webp\" \/>\n\t<meta property=\"og:image:width\" content=\"613\" \/>\n\t<meta property=\"og:image:height\" content=\"409\" \/>\n\t<meta property=\"og:image:type\" content=\"image\/webp\" \/>\n<meta name=\"author\" content=\"Reda\u00e7\u00e3o\" \/>\n<meta name=\"twitter:card\" content=\"summary_large_image\" \/>\n<meta name=\"twitter:label1\" content=\"Escrito por\" \/>\n\t<meta name=\"twitter:data1\" content=\"Reda\u00e7\u00e3o\" \/>\n\t<meta name=\"twitter:label2\" content=\"Est. tempo de leitura\" \/>\n\t<meta name=\"twitter:data2\" content=\"2 minutos\" \/>\n<script type=\"application\/ld+json\" class=\"yoast-schema-graph\">{\"@context\":\"https:\/\/schema.org\",\"@graph\":[{\"@type\":\"Article\",\"@id\":\"https:\/\/noticiaempauta.com\/portal\/eleitor-ja-pode-consultar-os-locais-de-votacao-veja-como-acessar\/#article\",\"isPartOf\":{\"@id\":\"https:\/\/noticiaempauta.com\/portal\/eleitor-ja-pode-consultar-os-locais-de-votacao-veja-como-acessar\/\"},\"author\":{\"name\":\"Reda\u00e7\u00e3o\",\"@id\":\"https:\/\/noticiaempauta.com\/portal\/#\/schema\/person\/a74af43dd1ab3deca45f988c717d57ac\"},\"headline\":\"Eleitor j\u00e1 pode consultar os locais de vota\u00e7\u00e3o; veja como acessar\",\"datePublished\":\"2026-09-02T19:17:35+00:00\",\"dateModified\":\"2026-09-02T19:17:38+00:00\",\"mainEntityOfPage\":{\"@id\":\"https:\/\/noticiaempauta.com\/portal\/eleitor-ja-pode-consultar-os-locais-de-votacao-veja-como-acessar\/\"},\"wordCount\":293,\"publisher\":{\"@id\":\"https:\/\/noticiaempauta.com\/portal\/#organization\"},\"image\":{\"@id\":\"https:\/\/noticiaempauta.com\/portal\/eleitor-ja-pode-consultar-os-locais-de-votacao-veja-como-acessar\/#primaryimage\"},\"thumbnailUrl\":\"https:\/\/noticiaempauta.com\/portal\/wp-content\/uploads\/2026\/01\/urnass.webp\",\"keywords\":[\"destaqueprincipal\"],\"articleSection\":[\"Destaques\",\"Geral\",\"Pol\u00edtica\",\"Todas as Not\u00edcias\"],\"inLanguage\":\"pt-BR\"},{\"@type\":\"WebPage\",\"@id\":\"https:\/\/noticiaempauta.com\/portal\/eleitor-ja-pode-consultar-os-locais-de-votacao-veja-como-acessar\/\",\"url\":\"https:\/\/noticiaempauta.com\/portal\/eleitor-ja-pode-consultar-os-locais-de-votacao-veja-como-acessar\/\",\"name\":\"Eleitor j\u00e1 pode consultar os locais de vota\u00e7\u00e3o; veja como acessar - Portal Not\u00edcia em Pauta\",\"isPartOf\":{\"@id\":\"https:\/\/noticiaempauta.com\/portal\/#website\"},\"primaryImageOfPage\":{\"@id\":\"https:\/\/noticiaempauta.com\/portal\/eleitor-ja-pode-consultar-os-locais-de-votacao-veja-como-acessar\/#primaryimage\"},\"image\":{\"@id\":\"https:\/\/noticiaempauta.com\/portal\/eleitor-ja-pode-consultar-os-locais-de-votacao-veja-como-acessar\/#primaryimage\"},\"thumbnailUrl\":\"https:\/\/noticiaempauta.com\/portal\/wp-content\/uploads\/2026\/01\/urnass.webp\",\"datePublished\":\"2026-09-02T19:17:35+00:00\",\"dateModified\":\"2026-09-02T19:17:38+00:00\",\"breadcrumb\":{\"@id\":\"https:\/\/noticiaempauta.com\/portal\/eleitor-ja-pode-consultar-os-locais-de-votacao-veja-como-acessar\/#breadcrumb\"},\"inLanguage\":\"pt-BR\",\"potentialAction\":[{\"@type\":\"ReadAction\",\"target\":[\"https:\/\/noticiaempauta.com\/portal\/eleitor-ja-pode-consultar-os-locais-de-votacao-veja-como-acessar\/\"]}]},{\"@type\":\"ImageObject\",\"inLanguage\":\"pt-BR\",\"@id\":\"https:\/\/noticiaempauta.com\/portal\/eleitor-ja-pode-consultar-os-locais-de-votacao-veja-como-acessar\/#primaryimage\",\"url\":\"https:\/\/noticiaempauta.com\/portal\/wp-content\/uploads\/2026\/01\/urnass.webp\",\"contentUrl\":\"https:\/\/noticiaempauta.com\/portal\/wp-content\/uploads\/2026\/01\/urnass.webp\",\"width\":613,\"height\":409},{\"@type\":\"BreadcrumbList\",\"@id\":\"https:\/\/noticiaempauta.com\/portal\/eleitor-ja-pode-consultar-os-locais-de-votacao-veja-como-acessar\/#breadcrumb\",\"itemListElement\":[{\"@type\":\"ListItem\",\"position\":1,\"name\":\"P\u00e1gina Inicial\",\"item\":\"https:\/\/noticiaempauta.com\/portal\/\"},{\"@type\":\"ListItem\",\"position\":2,\"name\":\"Destaques\",\"item\":\"https:\/\/noticiaempauta.com\/portal\/destaques-site\/\"},{\"@type\":\"ListItem\",\"position\":3,\"name\":\"Eleitor j\u00e1 pode consultar os locais de vota\u00e7\u00e3o; veja como acessar\"}]},{\"@type\":\"WebSite\",\"@id\":\"https:\/\/noticiaempauta.com\/portal\/#website\",\"url\":\"https:\/\/noticiaempauta.com\/portal\/\",\"name\":\"Portal Not\u00edcia em Pauta\",\"description\":\"Voc\u00ea bem informado\",\"publisher\":{\"@id\":\"https:\/\/noticiaempauta.com\/portal\/#organization\"},\"potentialAction\":[{\"@type\":\"SearchAction\",\"target\":{\"@type\":\"EntryPoint\",\"urlTemplate\":\"https:\/\/noticiaempauta.com\/portal\/?s={search_term_string}\"},\"query-input\":{\"@type\":\"PropertyValueSpecification\",\"valueRequired\":true,\"valueName\":\"search_term_string\"}}],\"inLanguage\":\"pt-BR\"},{\"@type\":\"Organization\",\"@id\":\"https:\/\/noticiaempauta.com\/portal\/#organization\",\"name\":\"Portal Not\u00edcia em Pauta\",\"url\":\"https:\/\/noticiaempauta.com\/portal\/\",\"logo\":{\"@type\":\"ImageObject\",\"inLanguage\":\"pt-BR\",\"@id\":\"https:\/\/noticiaempauta.com\/portal\/#\/schema\/logo\/image\/\",\"url\":\"https:\/\/noticiaempauta.com\/portal\/wp-content\/uploads\/2022\/08\/logomarca_tema.fw_.png\",\"contentUrl\":\"https:\/\/noticiaempauta.com\/portal\/wp-content\/uploads\/2022\/08\/logomarca_tema.fw_.png\",\"width\":400,\"height\":232,\"caption\":\"Portal Not\u00edcia em Pauta\"},\"image\":{\"@id\":\"https:\/\/noticiaempauta.com\/portal\/#\/schema\/logo\/image\/\"},\"sameAs\":[\"https:\/\/www.facebook.com\/Portal-Notcia-Em-Pauta-102292869264820\/\",\"https:\/\/www.instagram.com\/portalnoticiaempauta\/\"]},{\"@type\":\"Person\",\"@id\":\"https:\/\/noticiaempauta.com\/portal\/#\/schema\/person\/a74af43dd1ab3deca45f988c717d57ac\",\"name\":\"Reda\u00e7\u00e3o\",\"image\":{\"@type\":\"ImageObject\",\"inLanguage\":\"pt-BR\",\"@id\":\"https:\/\/noticiaempauta.com\/portal\/#\/schema\/person\/image\/\",\"url\":\"https:\/\/secure.gravatar.com\/avatar\/03179346ecce6cdfc13361603e8f54242a90e5cde8618fa23c5c00aa2b0aadf3?s=96&d=mm&r=g\",\"contentUrl\":\"https:\/\/secure.gravatar.com\/avatar\/03179346ecce6cdfc13361603e8f54242a90e5cde8618fa23c5c00aa2b0aadf3?s=96&d=mm&r=g\",\"caption\":\"Reda\u00e7\u00e3o\"},\"sameAs\":[\"https:\/\/noticiaempauta.com\/portal\/\"],\"url\":\"https:\/\/noticiaempauta.com\/portal\/author\/fernando\/\"}]}<\/script>\n<!-- \/ Yoast SEO Premium plugin. -->","yoast_head_json":{"title":"Eleitor j\u00e1 pode consultar os locais de vota\u00e7\u00e3o; veja como acessar - Portal Not\u00edcia em Pauta","robots":{"index":"index","follow":"follow","max-snippet":"max-snippet:-1","max-image-preview":"max-image-preview:large","max-video-preview":"max-video-preview:-1"},"canonical":"https:\/\/noticiaempauta.com\/portal\/eleitor-ja-pode-consultar-os-locais-de-votacao-veja-como-acessar\/","og_locale":"pt_BR","og_type":"article","og_title":"Eleitor j\u00e1 pode consultar os locais de vota\u00e7\u00e3o; veja como acessar","og_description":"A partir desta ter\u00e7a-feira (1\u00ba), eleitoras e eleitores podem verificar o endere\u00e7o da se\u00e7\u00e3o de vota\u00e7\u00e3o pelo aplicativo e-T\u00edtulo ou pelo Portal do Tribunal Superior Eleitoral (TSE).&nbsp;&nbsp; A consulta est\u00e1 atualizada e inclui quem solicitou transfer\u00eancia tempor\u00e1ria de se\u00e7\u00e3o nos prazos previstos no calend\u00e1rio eleitoral (Resolu\u00e7\u00e3o n\u00ba 23.760\/2026), encerrados no m\u00eas passado.&nbsp; Essa modalidade atende, [&hellip;]","og_url":"https:\/\/noticiaempauta.com\/portal\/eleitor-ja-pode-consultar-os-locais-de-votacao-veja-como-acessar\/","og_site_name":"Portal Not\u00edcia em Pauta","article_publisher":"https:\/\/www.facebook.com\/Portal-Notcia-Em-Pauta-102292869264820\/","article_published_time":"2026-09-02T19:17:35+00:00","article_modified_time":"2026-09-02T19:17:38+00:00","og_image":[{"width":613,"height":409,"url":"https:\/\/noticiaempauta.com\/portal\/wp-content\/uploads\/2026\/01\/urnass.webp","type":"image\/webp"}],"author":"Reda\u00e7\u00e3o","twitter_card":"summary_large_image","twitter_misc":{"Escrito por":"Reda\u00e7\u00e3o","Est. tempo de leitura":"2 minutos"},"schema":{"@context":"https:\/\/schema.org","@graph":[{"@type":"Article","@id":"https:\/\/noticiaempauta.com\/portal\/eleitor-ja-pode-consultar-os-locais-de-votacao-veja-como-acessar\/#article","isPartOf":{"@id":"https:\/\/noticiaempauta.com\/portal\/eleitor-ja-pode-consultar-os-locais-de-votacao-veja-como-acessar\/"},"author":{"name":"Reda\u00e7\u00e3o","@id":"https:\/\/noticiaempauta.com\/portal\/#\/schema\/person\/a74af43dd1ab3deca45f988c717d57ac"},"headline":"Eleitor j\u00e1 pode consultar os locais de vota\u00e7\u00e3o; veja como acessar","datePublished":"2026-09-02T19:17:35+00:00","dateModified":"2026-09-02T19:17:38+00:00","mainEntityOfPage":{"@id":"https:\/\/noticiaempauta.com\/portal\/eleitor-ja-pode-consultar-os-locais-de-votacao-veja-como-acessar\/"},"wordCount":293,"publisher":{"@id":"https:\/\/noticiaempauta.com\/portal\/#organization"},"image":{"@id":"https:\/\/noticiaempauta.com\/portal\/eleitor-ja-pode-consultar-os-locais-de-votacao-veja-como-acessar\/#primaryimage"},"thumbnailUrl":"https:\/\/noticiaempauta.com\/portal\/wp-content\/uploads\/2026\/01\/urnass.webp","keywords":["destaqueprincipal"],"articleSection":["Destaques","Geral","Pol\u00edtica","Todas as Not\u00edcias"],"inLanguage":"pt-BR"},{"@type":"WebPage","@id":"https:\/\/noticiaempauta.com\/portal\/eleitor-ja-pode-consultar-os-locais-de-votacao-veja-como-acessar\/","url":"https:\/\/noticiaempauta.com\/portal\/eleitor-ja-pode-consultar-os-locais-de-votacao-veja-como-acessar\/","name":"Eleitor j\u00e1 pode consultar os locais de vota\u00e7\u00e3o; veja como acessar - Portal Not\u00edcia em Pauta","isPartOf":{"@id":"https:\/\/noticiaempauta.com\/portal\/#website"},"primaryImageOfPage":{"@id":"https:\/\/noticiaempauta.com\/portal\/eleitor-ja-pode-consultar-os-locais-de-votacao-veja-como-acessar\/#primaryimage"},"image":{"@id":"https:\/\/noticiaempauta.com\/portal\/eleitor-ja-pode-consultar-os-locais-de-votacao-veja-como-acessar\/#primaryimage"},"thumbnailUrl":"https:\/\/noticiaempauta.com\/portal\/wp-content\/uploads\/2026\/01\/urnass.webp","datePublished":"2026-09-02T19:17:35+00:00","dateModified":"2026-09-02T19:17:38+00:00","breadcrumb":{"@id":"https:\/\/noticiaempauta.com\/portal\/eleitor-ja-pode-consultar-os-locais-de-votacao-veja-como-acessar\/#breadcrumb"},"inLanguage":"pt-BR","potentialAction":[{"@type":"ReadAction","target":["https:\/\/noticiaempauta.com\/portal\/eleitor-ja-pode-consultar-os-locais-de-votacao-veja-como-acessar\/"]}]},{"@type":"ImageObject","inLanguage":"pt-BR","@id":"https:\/\/noticiaempauta.com\/portal\/eleitor-ja-pode-consultar-os-locais-de-votacao-veja-como-acessar\/#primaryimage","url":"https:\/\/noticiaempauta.com\/portal\/wp-content\/uploads\/2026\/01\/urnass.webp","contentUrl":"https:\/\/noticiaempauta.com\/portal\/wp-content\/uploads\/2026\/01\/urnass.webp","width":613,"height":409},{"@type":"BreadcrumbList","@id":"https:\/\/noticiaempauta.com\/portal\/eleitor-ja-pode-consultar-os-locais-de-votacao-veja-como-acessar\/#breadcrumb","itemListElement":[{"@type":"ListItem","position":1,"name":"P\u00e1gina Inicial","item":"https:\/\/noticiaempauta.com\/portal\/"},{"@type":"ListItem","position":2,"name":"Destaques","item":"https:\/\/noticiaempauta.com\/portal\/destaques-site\/"},{"@type":"ListItem","position":3,"name":"Eleitor j\u00e1 pode consultar os locais de vota\u00e7\u00e3o; veja como acessar"}]},{"@type":"WebSite","@id":"https:\/\/noticiaempauta.com\/portal\/#website","url":"https:\/\/noticiaempauta.com\/portal\/","name":"Portal Not\u00edcia em Pauta","description":"Voc\u00ea bem informado","publisher":{"@id":"https:\/\/noticiaempauta.com\/portal\/#organization"},"potentialAction":[{"@type":"SearchAction","target":{"@type":"EntryPoint","urlTemplate":"https:\/\/noticiaempauta.com\/portal\/?s={search_term_string}"},"query-input":{"@type":"PropertyValueSpecification","valueRequired":true,"valueName":"search_term_string"}}],"inLanguage":"pt-BR"},{"@type":"Organization","@id":"https:\/\/noticiaempauta.com\/portal\/#organization","name":"Portal Not\u00edcia em Pauta","url":"https:\/\/noticiaempauta.com\/portal\/","logo":{"@type":"ImageObject","inLanguage":"pt-BR","@id":"https:\/\/noticiaempauta.com\/portal\/#\/schema\/logo\/image\/","url":"https:\/\/noticiaempauta.com\/portal\/wp-content\/uploads\/2022\/08\/logomarca_tema.fw_.png","contentUrl":"https:\/\/noticiaempauta.com\/portal\/wp-content\/uploads\/2022\/08\/logomarca_tema.fw_.png","width":400,"height":232,"caption":"Portal Not\u00edcia em Pauta"},"image":{"@id":"https:\/\/noticiaempauta.com\/portal\/#\/schema\/logo\/image\/"},"sameAs":["https:\/\/www.facebook.com\/Portal-Notcia-Em-Pauta-102292869264820\/","https:\/\/www.instagram.com\/portalnoticiaempauta\/"]},{"@type":"Person","@id":"https:\/\/noticiaempauta.com\/portal\/#\/schema\/person\/a74af43dd1ab3deca45f988c717d57ac","name":"Reda\u00e7\u00e3o","image":{"@type":"ImageObject","inLanguage":"pt-BR","@id":"https:\/\/noticiaempauta.com\/portal\/#\/schema\/person\/image\/","url":"https:\/\/secure.gravatar.com\/avatar\/03179346ecce6cdfc13361603e8f54242a90e5cde8618fa23c5c00aa2b0aadf3?s=96&d=mm&r=g","contentUrl":"https:\/\/secure.gravatar.com\/avatar\/03179346ecce6cdfc13361603e8f54242a90e5cde8618fa23c5c00aa2b0aadf3?s=96&d=mm&r=g","caption":"Reda\u00e7\u00e3o"},"sameAs":["https:\/\/noticiaempauta.com\/portal\/"],"url":"https:\/\/noticiaempauta.com\/portal\/author\/fernando\/"}]}},"_links":{"self":[{"href":"https:\/\/noticiaempauta.com\/portal\/wp-json\/wp\/v2\/posts\/294199","targetHints":{"allow":["GET"]}}],"collection":[{"href":"https:\/\/noticiaempauta.com\/portal\/wp-json\/wp\/v2\/posts"}],"about":[{"href":"https:\/\/noticiaempauta.com\/portal\/wp-json\/wp\/v2\/types\/post"}],"author":[{"embeddable":true,"href":"https:\/\/noticiaempauta.com\/portal\/wp-json\/wp\/v2\/users\/2"}],"replies":[{"embeddable":true,"href":"https:\/\/noticiaempauta.com\/portal\/wp-json\/wp\/v2\/comments?post=294199"}],"version-history":[{"count":2,"href":"https:\/\/noticiaempauta.com\/portal\/wp-json\/wp\/v2\/posts\/294199\/revisions"}],"predecessor-version":[{"id":294201,"href":"https:\/\/noticiaempauta.com\/portal\/wp-json\/wp\/v2\/posts\/294199\/revisions\/294201"}],"wp:featuredmedia":[{"embeddable":true,"href":"https:\/\/noticiaempauta.com\/portal\/wp-json\/wp\/v2\/media\/283870"}],"wp:attachment":[{"href":"https:\/\/noticiaempauta.com\/portal\/wp-json\/wp\/v2\/media?parent=294199"}],"wp:term":[{"taxonomy":"category","embeddable":true,"href":"https:\/\/noticiaempauta.com\/portal\/wp-json\/wp\/v2\/categories?post=294199"},{"taxonomy":"post_tag","embeddable":true,"href":"https:\/\/noticiaempauta.com\/portal\/wp-json\/wp\/v2\/tags?post=294199"}],"curies":[{"name":"wp","href":"https:\/\/api.w.org\/{rel}","templated":true}]}}