{"id":294202,"date":"2026-09-02T16:48:35","date_gmt":"2026-09-02T19:48:35","guid":{"rendered":"https:\/\/noticiaempauta.com\/portal\/?p=294202"},"modified":"2026-09-02T16:48:36","modified_gmt":"2026-09-02T19:48:36","slug":"policia-federal-prende-suspeito-de-armazenar-material-de-abuso-sexual-infantojuvenil-em-picos","status":"publish","type":"post","link":"https:\/\/noticiaempauta.com\/portal\/policia-federal-prende-suspeito-de-armazenar-material-de-abuso-sexual-infantojuvenil-em-picos\/","title":{"rendered":"Pol\u00edcia Federal prende suspeito de armazenar material de abuso sexual infantojuvenil em Picos"},"content":{"rendered":"\n<p class=\"wp-block-paragraph\">A<strong>&nbsp;Pol\u00edcia Federal (PF) prendeu em flagrante, nesta quarta-feira (2), uma pessoa em Picos<\/strong>, durante uma&nbsp;<strong>opera\u00e7\u00e3o nacional que visa identificar e para responsabilizar investigados por crimes de abuso sexual contra crian\u00e7as e adolescentes<\/strong>. A a\u00e7\u00e3o tamb\u00e9m cumpriu mandado de busca e apreens\u00e3o em Uru\u00e7u\u00ed.&nbsp;<\/p>\n\n\n\n<figure class=\"wp-block-image size-full\"><img fetchpriority=\"high\" decoding=\"async\" width=\"768\" height=\"432\" src=\"https:\/\/noticiaempauta.com\/portal\/wp-content\/uploads\/2026\/09\/policia-federal-pf.webp\" alt=\"\" class=\"wp-image-294203\" srcset=\"https:\/\/noticiaempauta.com\/portal\/wp-content\/uploads\/2026\/09\/policia-federal-pf.webp 768w, https:\/\/noticiaempauta.com\/portal\/wp-content\/uploads\/2026\/09\/policia-federal-pf-300x169.webp 300w\" sizes=\"(max-width: 768px) 100vw, 768px\" \/><figcaption class=\"wp-element-caption\"><em>Foto: Ascom\/PF<\/em><\/figcaption><\/figure>\n\n\n\n<p class=\"wp-block-paragraph\">A Opera\u00e7\u00e3o Nacional Prote\u00e7\u00e3o Integral V foi realizada em todos os estados do pa\u00eds, em uma a\u00e7\u00e3o coordenada pela PF em parceria com as pol\u00edcias civis. Ao todo, foram realizadas 42 pris\u00f5es em flagrante, cumpridos 13 mandados de pris\u00e3o preventiva, apreens\u00e3o de tr\u00eas menores e resgatadas duas duas v\u00edtimas de abuso.<\/p>\n\n\n\n<p class=\"wp-block-paragraph\">A Opera\u00e7\u00e3o Nacional Prote\u00e7\u00e3o Integral V d\u00e1 continuidade \u00e0s a\u00e7\u00f5es realizadas nas opera\u00e7\u00f5es nacionais Prote\u00e7\u00e3o Integral I, II, III e IV, deflagradas em 2025 e 2026, e na Opera\u00e7\u00e3o Nacional Guardi\u00e3o Digital. Somente neste ano foram cumpridos mais de 980 mandados de pris\u00e3o de foragidos por crimes sexuais.&nbsp;<\/p>\n\n\n\n<h2 class=\"wp-block-heading\"><strong>Alerta<\/strong><\/h2>\n\n\n\n<p class=\"wp-block-paragraph\">A PF alerta pais e respons\u00e1veis sobre a import\u00e2ncia de monitorar e de orientar seus filhos no mundo virtual e f\u00edsico, protegendo-os dos riscos de abusos sexuais. A orienta\u00e7\u00e3o \u00e9 conversar abertamente sobre os perigos do mundo virtual e explicar como utilizar redes sociais, jogos e aplicativos de forma segura e acompanhar de perto as atividades on-line dos jovens s\u00e3o medidas essenciais de prote\u00e7\u00e3o.&nbsp;<\/p>\n\n\n\n<p class=\"wp-block-paragraph\">Al\u00e9m disso, \u00e9 importante estar atento a mudan\u00e7as de comportamento, como isolamento repentino ou segredo em rela\u00e7\u00e3o ao uso do celular e do computador, pode ajudar a identificar situa\u00e7\u00f5es de risco.<\/p>\n\n\n\n<p class=\"wp-block-paragraph\">Por fim, a PF ressalta a import\u00e2ncia de ensinar \u00e0s crian\u00e7as e aos adolescentes como agir diante de contatos inadequados em ambientes virtuais, refor\u00e7ando que podem e devem procurar ajuda. A preven\u00e7\u00e3o \u00e9 a maneira mais eficaz de garantir a seguran\u00e7a e o bem-estar de crian\u00e7as e de adolescentes, e a informa\u00e7\u00e3o continua sendo um instrumento capaz de salvar vidas.<\/p>\n\n\n\n<p class=\"wp-block-paragraph\">Fonte: Cidade Verde<\/p>\n","protected":false},"excerpt":{"rendered":"<p>A&nbsp;Pol\u00edcia Federal (PF) prendeu em flagrante, nesta quarta-feira (2), uma pessoa em Picos, durante uma&nbsp;opera\u00e7\u00e3o nacional que visa identificar e para responsabilizar investigados por crimes de abuso sexual contra crian\u00e7as e adolescentes. A a\u00e7\u00e3o tamb\u00e9m cumpriu mandado de busca e apreens\u00e3o em Uru\u00e7u\u00ed.&nbsp; A Opera\u00e7\u00e3o Nacional Prote\u00e7\u00e3o Integral V foi realizada em todos os estados [&hellip;]<\/p>\n","protected":false},"author":2,"featured_media":294203,"comment_status":"closed","ping_status":"closed","sticky":false,"template":"","format":"standard","meta":{"_mi_skip_tracking":false,"footnotes":""},"categories":[25,1,137,16],"tags":[192],"class_list":["post-294202","post","type-post","status-publish","format-standard","has-post-thumbnail","hentry","category-destaques-site","category-geral","category-policia","category-todas","tag-destaqueprincipal"],"acf":[],"yoast_head":"<!-- This site is optimized with the Yoast SEO Premium plugin v19.2 (Yoast SEO v26.9) - https:\/\/yoast.com\/product\/yoast-seo-premium-wordpress\/ -->\n<title>Pol\u00edcia Federal prende suspeito de armazenar material de abuso sexual infantojuvenil em Picos - Portal Not\u00edcia em Pauta<\/title>\n<meta name=\"robots\" content=\"index, follow, max-snippet:-1, max-image-preview:large, max-video-preview:-1\" \/>\n<link rel=\"canonical\" href=\"https:\/\/noticiaempauta.com\/portal\/policia-federal-prende-suspeito-de-armazenar-material-de-abuso-sexual-infantojuvenil-em-picos\/\" \/>\n<meta property=\"og:locale\" content=\"pt_BR\" \/>\n<meta property=\"og:type\" content=\"article\" \/>\n<meta property=\"og:title\" content=\"Pol\u00edcia Federal prende suspeito de armazenar material de abuso sexual infantojuvenil em Picos\" \/>\n<meta property=\"og:description\" content=\"A&nbsp;Pol\u00edcia Federal (PF) prendeu em flagrante, nesta quarta-feira (2), uma pessoa em Picos, durante uma&nbsp;opera\u00e7\u00e3o nacional que visa identificar e para responsabilizar investigados por crimes de abuso sexual contra crian\u00e7as e adolescentes. A a\u00e7\u00e3o tamb\u00e9m cumpriu mandado de busca e apreens\u00e3o em Uru\u00e7u\u00ed.&nbsp; A Opera\u00e7\u00e3o Nacional Prote\u00e7\u00e3o Integral V foi realizada em todos os estados [&hellip;]\" \/>\n<meta property=\"og:url\" content=\"https:\/\/noticiaempauta.com\/portal\/policia-federal-prende-suspeito-de-armazenar-material-de-abuso-sexual-infantojuvenil-em-picos\/\" \/>\n<meta property=\"og:site_name\" content=\"Portal Not\u00edcia em Pauta\" \/>\n<meta property=\"article:publisher\" content=\"https:\/\/www.facebook.com\/Portal-Notcia-Em-Pauta-102292869264820\/\" \/>\n<meta property=\"article:published_time\" content=\"2026-09-02T19:48:35+00:00\" \/>\n<meta property=\"article:modified_time\" content=\"2026-09-02T19:48:36+00:00\" \/>\n<meta property=\"og:image\" content=\"https:\/\/noticiaempauta.com\/portal\/wp-content\/uploads\/2026\/09\/policia-federal-pf.webp\" \/>\n\t<meta property=\"og:image:width\" content=\"768\" \/>\n\t<meta property=\"og:image:height\" content=\"432\" \/>\n\t<meta property=\"og:image:type\" content=\"image\/webp\" \/>\n<meta name=\"author\" content=\"Reda\u00e7\u00e3o\" \/>\n<meta name=\"twitter:card\" content=\"summary_large_image\" \/>\n<meta name=\"twitter:label1\" content=\"Escrito por\" \/>\n\t<meta name=\"twitter:data1\" content=\"Reda\u00e7\u00e3o\" \/>\n\t<meta name=\"twitter:label2\" content=\"Est. tempo de leitura\" \/>\n\t<meta name=\"twitter:data2\" content=\"3 minutos\" \/>\n<script type=\"application\/ld+json\" class=\"yoast-schema-graph\">{\"@context\":\"https:\/\/schema.org\",\"@graph\":[{\"@type\":\"Article\",\"@id\":\"https:\/\/noticiaempauta.com\/portal\/policia-federal-prende-suspeito-de-armazenar-material-de-abuso-sexual-infantojuvenil-em-picos\/#article\",\"isPartOf\":{\"@id\":\"https:\/\/noticiaempauta.com\/portal\/policia-federal-prende-suspeito-de-armazenar-material-de-abuso-sexual-infantojuvenil-em-picos\/\"},\"author\":{\"name\":\"Reda\u00e7\u00e3o\",\"@id\":\"https:\/\/noticiaempauta.com\/portal\/#\/schema\/person\/a74af43dd1ab3deca45f988c717d57ac\"},\"headline\":\"Pol\u00edcia Federal prende suspeito de armazenar material de abuso sexual infantojuvenil em Picos\",\"datePublished\":\"2026-09-02T19:48:35+00:00\",\"dateModified\":\"2026-09-02T19:48:36+00:00\",\"mainEntityOfPage\":{\"@id\":\"https:\/\/noticiaempauta.com\/portal\/policia-federal-prende-suspeito-de-armazenar-material-de-abuso-sexual-infantojuvenil-em-picos\/\"},\"wordCount\":358,\"publisher\":{\"@id\":\"https:\/\/noticiaempauta.com\/portal\/#organization\"},\"image\":{\"@id\":\"https:\/\/noticiaempauta.com\/portal\/policia-federal-prende-suspeito-de-armazenar-material-de-abuso-sexual-infantojuvenil-em-picos\/#primaryimage\"},\"thumbnailUrl\":\"https:\/\/noticiaempauta.com\/portal\/wp-content\/uploads\/2026\/09\/policia-federal-pf.webp\",\"keywords\":[\"destaqueprincipal\"],\"articleSection\":[\"Destaques\",\"Geral\",\"Pol\u00edcia\",\"Todas as Not\u00edcias\"],\"inLanguage\":\"pt-BR\"},{\"@type\":\"WebPage\",\"@id\":\"https:\/\/noticiaempauta.com\/portal\/policia-federal-prende-suspeito-de-armazenar-material-de-abuso-sexual-infantojuvenil-em-picos\/\",\"url\":\"https:\/\/noticiaempauta.com\/portal\/policia-federal-prende-suspeito-de-armazenar-material-de-abuso-sexual-infantojuvenil-em-picos\/\",\"name\":\"Pol\u00edcia Federal prende suspeito de armazenar material de abuso sexual infantojuvenil em Picos - Portal Not\u00edcia em Pauta\",\"isPartOf\":{\"@id\":\"https:\/\/noticiaempauta.com\/portal\/#website\"},\"primaryImageOfPage\":{\"@id\":\"https:\/\/noticiaempauta.com\/portal\/policia-federal-prende-suspeito-de-armazenar-material-de-abuso-sexual-infantojuvenil-em-picos\/#primaryimage\"},\"image\":{\"@id\":\"https:\/\/noticiaempauta.com\/portal\/policia-federal-prende-suspeito-de-armazenar-material-de-abuso-sexual-infantojuvenil-em-picos\/#primaryimage\"},\"thumbnailUrl\":\"https:\/\/noticiaempauta.com\/portal\/wp-content\/uploads\/2026\/09\/policia-federal-pf.webp\",\"datePublished\":\"2026-09-02T19:48:35+00:00\",\"dateModified\":\"2026-09-02T19:48:36+00:00\",\"breadcrumb\":{\"@id\":\"https:\/\/noticiaempauta.com\/portal\/policia-federal-prende-suspeito-de-armazenar-material-de-abuso-sexual-infantojuvenil-em-picos\/#breadcrumb\"},\"inLanguage\":\"pt-BR\",\"potentialAction\":[{\"@type\":\"ReadAction\",\"target\":[\"https:\/\/noticiaempauta.com\/portal\/policia-federal-prende-suspeito-de-armazenar-material-de-abuso-sexual-infantojuvenil-em-picos\/\"]}]},{\"@type\":\"ImageObject\",\"inLanguage\":\"pt-BR\",\"@id\":\"https:\/\/noticiaempauta.com\/portal\/policia-federal-prende-suspeito-de-armazenar-material-de-abuso-sexual-infantojuvenil-em-picos\/#primaryimage\",\"url\":\"https:\/\/noticiaempauta.com\/portal\/wp-content\/uploads\/2026\/09\/policia-federal-pf.webp\",\"contentUrl\":\"https:\/\/noticiaempauta.com\/portal\/wp-content\/uploads\/2026\/09\/policia-federal-pf.webp\",\"width\":768,\"height\":432},{\"@type\":\"BreadcrumbList\",\"@id\":\"https:\/\/noticiaempauta.com\/portal\/policia-federal-prende-suspeito-de-armazenar-material-de-abuso-sexual-infantojuvenil-em-picos\/#breadcrumb\",\"itemListElement\":[{\"@type\":\"ListItem\",\"position\":1,\"name\":\"P\u00e1gina Inicial\",\"item\":\"https:\/\/noticiaempauta.com\/portal\/\"},{\"@type\":\"ListItem\",\"position\":2,\"name\":\"Destaques\",\"item\":\"https:\/\/noticiaempauta.com\/portal\/destaques-site\/\"},{\"@type\":\"ListItem\",\"position\":3,\"name\":\"Pol\u00edcia Federal prende suspeito de armazenar material de abuso sexual infantojuvenil em Picos\"}]},{\"@type\":\"WebSite\",\"@id\":\"https:\/\/noticiaempauta.com\/portal\/#website\",\"url\":\"https:\/\/noticiaempauta.com\/portal\/\",\"name\":\"Portal Not\u00edcia em Pauta\",\"description\":\"Voc\u00ea bem informado\",\"publisher\":{\"@id\":\"https:\/\/noticiaempauta.com\/portal\/#organization\"},\"potentialAction\":[{\"@type\":\"SearchAction\",\"target\":{\"@type\":\"EntryPoint\",\"urlTemplate\":\"https:\/\/noticiaempauta.com\/portal\/?s={search_term_string}\"},\"query-input\":{\"@type\":\"PropertyValueSpecification\",\"valueRequired\":true,\"valueName\":\"search_term_string\"}}],\"inLanguage\":\"pt-BR\"},{\"@type\":\"Organization\",\"@id\":\"https:\/\/noticiaempauta.com\/portal\/#organization\",\"name\":\"Portal Not\u00edcia em Pauta\",\"url\":\"https:\/\/noticiaempauta.com\/portal\/\",\"logo\":{\"@type\":\"ImageObject\",\"inLanguage\":\"pt-BR\",\"@id\":\"https:\/\/noticiaempauta.com\/portal\/#\/schema\/logo\/image\/\",\"url\":\"https:\/\/noticiaempauta.com\/portal\/wp-content\/uploads\/2022\/08\/logomarca_tema.fw_.png\",\"contentUrl\":\"https:\/\/noticiaempauta.com\/portal\/wp-content\/uploads\/2022\/08\/logomarca_tema.fw_.png\",\"width\":400,\"height\":232,\"caption\":\"Portal Not\u00edcia em Pauta\"},\"image\":{\"@id\":\"https:\/\/noticiaempauta.com\/portal\/#\/schema\/logo\/image\/\"},\"sameAs\":[\"https:\/\/www.facebook.com\/Portal-Notcia-Em-Pauta-102292869264820\/\",\"https:\/\/www.instagram.com\/portalnoticiaempauta\/\"]},{\"@type\":\"Person\",\"@id\":\"https:\/\/noticiaempauta.com\/portal\/#\/schema\/person\/a74af43dd1ab3deca45f988c717d57ac\",\"name\":\"Reda\u00e7\u00e3o\",\"image\":{\"@type\":\"ImageObject\",\"inLanguage\":\"pt-BR\",\"@id\":\"https:\/\/noticiaempauta.com\/portal\/#\/schema\/person\/image\/\",\"url\":\"https:\/\/secure.gravatar.com\/avatar\/03179346ecce6cdfc13361603e8f54242a90e5cde8618fa23c5c00aa2b0aadf3?s=96&d=mm&r=g\",\"contentUrl\":\"https:\/\/secure.gravatar.com\/avatar\/03179346ecce6cdfc13361603e8f54242a90e5cde8618fa23c5c00aa2b0aadf3?s=96&d=mm&r=g\",\"caption\":\"Reda\u00e7\u00e3o\"},\"sameAs\":[\"https:\/\/noticiaempauta.com\/portal\/\"],\"url\":\"https:\/\/noticiaempauta.com\/portal\/author\/fernando\/\"}]}<\/script>\n<!-- \/ Yoast SEO Premium plugin. -->","yoast_head_json":{"title":"Pol\u00edcia Federal prende suspeito de armazenar material de abuso sexual infantojuvenil em Picos - Portal Not\u00edcia em Pauta","robots":{"index":"index","follow":"follow","max-snippet":"max-snippet:-1","max-image-preview":"max-image-preview:large","max-video-preview":"max-video-preview:-1"},"canonical":"https:\/\/noticiaempauta.com\/portal\/policia-federal-prende-suspeito-de-armazenar-material-de-abuso-sexual-infantojuvenil-em-picos\/","og_locale":"pt_BR","og_type":"article","og_title":"Pol\u00edcia Federal prende suspeito de armazenar material de abuso sexual infantojuvenil em Picos","og_description":"A&nbsp;Pol\u00edcia Federal (PF) prendeu em flagrante, nesta quarta-feira (2), uma pessoa em Picos, durante uma&nbsp;opera\u00e7\u00e3o nacional que visa identificar e para responsabilizar investigados por crimes de abuso sexual contra crian\u00e7as e adolescentes. A a\u00e7\u00e3o tamb\u00e9m cumpriu mandado de busca e apreens\u00e3o em Uru\u00e7u\u00ed.&nbsp; A Opera\u00e7\u00e3o Nacional Prote\u00e7\u00e3o Integral V foi realizada em todos os estados [&hellip;]","og_url":"https:\/\/noticiaempauta.com\/portal\/policia-federal-prende-suspeito-de-armazenar-material-de-abuso-sexual-infantojuvenil-em-picos\/","og_site_name":"Portal Not\u00edcia em Pauta","article_publisher":"https:\/\/www.facebook.com\/Portal-Notcia-Em-Pauta-102292869264820\/","article_published_time":"2026-09-02T19:48:35+00:00","article_modified_time":"2026-09-02T19:48:36+00:00","og_image":[{"width":768,"height":432,"url":"https:\/\/noticiaempauta.com\/portal\/wp-content\/uploads\/2026\/09\/policia-federal-pf.webp","type":"image\/webp"}],"author":"Reda\u00e7\u00e3o","twitter_card":"summary_large_image","twitter_misc":{"Escrito por":"Reda\u00e7\u00e3o","Est. tempo de leitura":"3 minutos"},"schema":{"@context":"https:\/\/schema.org","@graph":[{"@type":"Article","@id":"https:\/\/noticiaempauta.com\/portal\/policia-federal-prende-suspeito-de-armazenar-material-de-abuso-sexual-infantojuvenil-em-picos\/#article","isPartOf":{"@id":"https:\/\/noticiaempauta.com\/portal\/policia-federal-prende-suspeito-de-armazenar-material-de-abuso-sexual-infantojuvenil-em-picos\/"},"author":{"name":"Reda\u00e7\u00e3o","@id":"https:\/\/noticiaempauta.com\/portal\/#\/schema\/person\/a74af43dd1ab3deca45f988c717d57ac"},"headline":"Pol\u00edcia Federal prende suspeito de armazenar material de abuso sexual infantojuvenil em Picos","datePublished":"2026-09-02T19:48:35+00:00","dateModified":"2026-09-02T19:48:36+00:00","mainEntityOfPage":{"@id":"https:\/\/noticiaempauta.com\/portal\/policia-federal-prende-suspeito-de-armazenar-material-de-abuso-sexual-infantojuvenil-em-picos\/"},"wordCount":358,"publisher":{"@id":"https:\/\/noticiaempauta.com\/portal\/#organization"},"image":{"@id":"https:\/\/noticiaempauta.com\/portal\/policia-federal-prende-suspeito-de-armazenar-material-de-abuso-sexual-infantojuvenil-em-picos\/#primaryimage"},"thumbnailUrl":"https:\/\/noticiaempauta.com\/portal\/wp-content\/uploads\/2026\/09\/policia-federal-pf.webp","keywords":["destaqueprincipal"],"articleSection":["Destaques","Geral","Pol\u00edcia","Todas as Not\u00edcias"],"inLanguage":"pt-BR"},{"@type":"WebPage","@id":"https:\/\/noticiaempauta.com\/portal\/policia-federal-prende-suspeito-de-armazenar-material-de-abuso-sexual-infantojuvenil-em-picos\/","url":"https:\/\/noticiaempauta.com\/portal\/policia-federal-prende-suspeito-de-armazenar-material-de-abuso-sexual-infantojuvenil-em-picos\/","name":"Pol\u00edcia Federal prende suspeito de armazenar material de abuso sexual infantojuvenil em Picos - Portal Not\u00edcia em Pauta","isPartOf":{"@id":"https:\/\/noticiaempauta.com\/portal\/#website"},"primaryImageOfPage":{"@id":"https:\/\/noticiaempauta.com\/portal\/policia-federal-prende-suspeito-de-armazenar-material-de-abuso-sexual-infantojuvenil-em-picos\/#primaryimage"},"image":{"@id":"https:\/\/noticiaempauta.com\/portal\/policia-federal-prende-suspeito-de-armazenar-material-de-abuso-sexual-infantojuvenil-em-picos\/#primaryimage"},"thumbnailUrl":"https:\/\/noticiaempauta.com\/portal\/wp-content\/uploads\/2026\/09\/policia-federal-pf.webp","datePublished":"2026-09-02T19:48:35+00:00","dateModified":"2026-09-02T19:48:36+00:00","breadcrumb":{"@id":"https:\/\/noticiaempauta.com\/portal\/policia-federal-prende-suspeito-de-armazenar-material-de-abuso-sexual-infantojuvenil-em-picos\/#breadcrumb"},"inLanguage":"pt-BR","potentialAction":[{"@type":"ReadAction","target":["https:\/\/noticiaempauta.com\/portal\/policia-federal-prende-suspeito-de-armazenar-material-de-abuso-sexual-infantojuvenil-em-picos\/"]}]},{"@type":"ImageObject","inLanguage":"pt-BR","@id":"https:\/\/noticiaempauta.com\/portal\/policia-federal-prende-suspeito-de-armazenar-material-de-abuso-sexual-infantojuvenil-em-picos\/#primaryimage","url":"https:\/\/noticiaempauta.com\/portal\/wp-content\/uploads\/2026\/09\/policia-federal-pf.webp","contentUrl":"https:\/\/noticiaempauta.com\/portal\/wp-content\/uploads\/2026\/09\/policia-federal-pf.webp","width":768,"height":432},{"@type":"BreadcrumbList","@id":"https:\/\/noticiaempauta.com\/portal\/policia-federal-prende-suspeito-de-armazenar-material-de-abuso-sexual-infantojuvenil-em-picos\/#breadcrumb","itemListElement":[{"@type":"ListItem","position":1,"name":"P\u00e1gina Inicial","item":"https:\/\/noticiaempauta.com\/portal\/"},{"@type":"ListItem","position":2,"name":"Destaques","item":"https:\/\/noticiaempauta.com\/portal\/destaques-site\/"},{"@type":"ListItem","position":3,"name":"Pol\u00edcia Federal prende suspeito de armazenar material de abuso sexual infantojuvenil em Picos"}]},{"@type":"WebSite","@id":"https:\/\/noticiaempauta.com\/portal\/#website","url":"https:\/\/noticiaempauta.com\/portal\/","name":"Portal Not\u00edcia em Pauta","description":"Voc\u00ea bem informado","publisher":{"@id":"https:\/\/noticiaempauta.com\/portal\/#organization"},"potentialAction":[{"@type":"SearchAction","target":{"@type":"EntryPoint","urlTemplate":"https:\/\/noticiaempauta.com\/portal\/?s={search_term_string}"},"query-input":{"@type":"PropertyValueSpecification","valueRequired":true,"valueName":"search_term_string"}}],"inLanguage":"pt-BR"},{"@type":"Organization","@id":"https:\/\/noticiaempauta.com\/portal\/#organization","name":"Portal Not\u00edcia em Pauta","url":"https:\/\/noticiaempauta.com\/portal\/","logo":{"@type":"ImageObject","inLanguage":"pt-BR","@id":"https:\/\/noticiaempauta.com\/portal\/#\/schema\/logo\/image\/","url":"https:\/\/noticiaempauta.com\/portal\/wp-content\/uploads\/2022\/08\/logomarca_tema.fw_.png","contentUrl":"https:\/\/noticiaempauta.com\/portal\/wp-content\/uploads\/2022\/08\/logomarca_tema.fw_.png","width":400,"height":232,"caption":"Portal Not\u00edcia em Pauta"},"image":{"@id":"https:\/\/noticiaempauta.com\/portal\/#\/schema\/logo\/image\/"},"sameAs":["https:\/\/www.facebook.com\/Portal-Notcia-Em-Pauta-102292869264820\/","https:\/\/www.instagram.com\/portalnoticiaempauta\/"]},{"@type":"Person","@id":"https:\/\/noticiaempauta.com\/portal\/#\/schema\/person\/a74af43dd1ab3deca45f988c717d57ac","name":"Reda\u00e7\u00e3o","image":{"@type":"ImageObject","inLanguage":"pt-BR","@id":"https:\/\/noticiaempauta.com\/portal\/#\/schema\/person\/image\/","url":"https:\/\/secure.gravatar.com\/avatar\/03179346ecce6cdfc13361603e8f54242a90e5cde8618fa23c5c00aa2b0aadf3?s=96&d=mm&r=g","contentUrl":"https:\/\/secure.gravatar.com\/avatar\/03179346ecce6cdfc13361603e8f54242a90e5cde8618fa23c5c00aa2b0aadf3?s=96&d=mm&r=g","caption":"Reda\u00e7\u00e3o"},"sameAs":["https:\/\/noticiaempauta.com\/portal\/"],"url":"https:\/\/noticiaempauta.com\/portal\/author\/fernando\/"}]}},"_links":{"self":[{"href":"https:\/\/noticiaempauta.com\/portal\/wp-json\/wp\/v2\/posts\/294202","targetHints":{"allow":["GET"]}}],"collection":[{"href":"https:\/\/noticiaempauta.com\/portal\/wp-json\/wp\/v2\/posts"}],"about":[{"href":"https:\/\/noticiaempauta.com\/portal\/wp-json\/wp\/v2\/types\/post"}],"author":[{"embeddable":true,"href":"https:\/\/noticiaempauta.com\/portal\/wp-json\/wp\/v2\/users\/2"}],"replies":[{"embeddable":true,"href":"https:\/\/noticiaempauta.com\/portal\/wp-json\/wp\/v2\/comments?post=294202"}],"version-history":[{"count":2,"href":"https:\/\/noticiaempauta.com\/portal\/wp-json\/wp\/v2\/posts\/294202\/revisions"}],"predecessor-version":[{"id":294205,"href":"https:\/\/noticiaempauta.com\/portal\/wp-json\/wp\/v2\/posts\/294202\/revisions\/294205"}],"wp:featuredmedia":[{"embeddable":true,"href":"https:\/\/noticiaempauta.com\/portal\/wp-json\/wp\/v2\/media\/294203"}],"wp:attachment":[{"href":"https:\/\/noticiaempauta.com\/portal\/wp-json\/wp\/v2\/media?parent=294202"}],"wp:term":[{"taxonomy":"category","embeddable":true,"href":"https:\/\/noticiaempauta.com\/portal\/wp-json\/wp\/v2\/categories?post=294202"},{"taxonomy":"post_tag","embeddable":true,"href":"https:\/\/noticiaempauta.com\/portal\/wp-json\/wp\/v2\/tags?post=294202"}],"curies":[{"name":"wp","href":"https:\/\/api.w.org\/{rel}","templated":true}]}}