{"id":294207,"date":"2026-09-03T09:33:05","date_gmt":"2026-09-03T12:33:05","guid":{"rendered":"https:\/\/noticiaempauta.com\/portal\/?p=294207"},"modified":"2026-09-03T09:33:07","modified_gmt":"2026-09-03T12:33:07","slug":"antonio-barros-propoe-medicos-itinerantes-nos-municipios-e-polos-de-tratamento-do-cancer-no-piaui","status":"publish","type":"post","link":"https:\/\/noticiaempauta.com\/portal\/antonio-barros-propoe-medicos-itinerantes-nos-municipios-e-polos-de-tratamento-do-cancer-no-piaui\/","title":{"rendered":"Ant\u00f4nio Barros prop\u00f5e m\u00e9dicos itinerantes nos munic\u00edpios e polos de tratamento do c\u00e2ncer no Piau\u00ed"},"content":{"rendered":"\n<p class=\"wp-block-paragraph\">O candidato ao Senado Federal pelo Piau\u00ed, Ant\u00f4nio Barros (NOVO), defendeu a cria\u00e7\u00e3o de cinco polos de Sa\u00fade e o atendimento da popula\u00e7\u00e3o de forma itinerante por m\u00e9dicos contratados pelo Governo. O candidato apresentou suas propostas para a \u00e1rea da Sa\u00fade.<\/p>\n\n\n\n<figure class=\"wp-block-image size-full\"><img fetchpriority=\"high\" decoding=\"async\" width=\"828\" height=\"387\" src=\"https:\/\/noticiaempauta.com\/portal\/wp-content\/uploads\/2026\/09\/Antonio-Barros.webp\" alt=\"\" class=\"wp-image-294208\" srcset=\"https:\/\/noticiaempauta.com\/portal\/wp-content\/uploads\/2026\/09\/Antonio-Barros.webp 828w, https:\/\/noticiaempauta.com\/portal\/wp-content\/uploads\/2026\/09\/Antonio-Barros-766x358.webp 766w, https:\/\/noticiaempauta.com\/portal\/wp-content\/uploads\/2026\/09\/Antonio-Barros-300x140.webp 300w\" sizes=\"(max-width: 828px) 100vw, 828px\" \/><figcaption class=\"wp-element-caption\"><em>Ant\u00f4nio Barros (Foto: TV Clube)<\/em><\/figcaption><\/figure>\n\n\n\n<p class=\"wp-block-paragraph\">Segundo Ant\u00f4nio Barros, dois polos seriam direcionados ao tratamento contra o c\u00e2ncer no estado. O candidato tamb\u00e9m defendeu a implementa\u00e7\u00e3o de medicina preventiva.<\/p>\n\n\n\n<p class=\"wp-block-paragraph\">\u201cUsar os polos de medicina preventiva, que j\u00e1 est\u00e3o pr\u00e9-estabelecidos. Prevenir, sempre. Remediar quando necess\u00e1rio. Criar cinco polos de sa\u00fade nas cidades maiores cidades do interior do Piau\u00ed, sendo dois para tratamento de c\u00e2ncer\u201d, destacou.<\/p>\n\n\n\n<p class=\"wp-block-paragraph\">Ant\u00f4nio Barros disse que o objetivo ser\u00e1 a implementa\u00e7\u00e3o de uma estrat\u00e9gia de atendimento da popula\u00e7\u00e3o por meio de m\u00e9dicos itinerantes no tratamento de doen\u00e7as consideradas comuns.<\/p>\n\n\n\n<p class=\"wp-block-paragraph\">\u201c\u00c0s doen\u00e7as que s\u00e3o mais comuns, criar profissionais que v\u00e3o atender essas doen\u00e7as tanto localmente, como de maneira itinerante e tamb\u00e9m proporcionar melhora de equipamento e estrutura hospitalar juntamente com o Governo do Estado e os munic\u00edpios\u201d, disse.<\/p>\n\n\n\n<p class=\"wp-block-paragraph\">Mais de 2,7 milh\u00f5es de eleitoras e eleitores do Piau\u00ed estar\u00e3o aptos a votar no primeiro turno das Elei\u00e7\u00f5es Gerais de 2026, marcado para 4 de outubro. Ao todo, 2.709.740 pessoas poder\u00e3o escolher os ocupantes dos cargos de presidente da Rep\u00fablica, governador do Estado, senador, deputado federal e deputado estadual.<\/p>\n\n\n\n<p class=\"wp-block-paragraph\">Fonte: Portal Clube News<\/p>\n","protected":false},"excerpt":{"rendered":"<p>O candidato ao Senado Federal pelo Piau\u00ed, Ant\u00f4nio Barros (NOVO), defendeu a cria\u00e7\u00e3o de cinco polos de Sa\u00fade e o atendimento da popula\u00e7\u00e3o de forma itinerante por m\u00e9dicos contratados pelo Governo. O candidato apresentou suas propostas para a \u00e1rea da Sa\u00fade. Segundo Ant\u00f4nio Barros, dois polos seriam direcionados ao tratamento contra o c\u00e2ncer no estado. [&hellip;]<\/p>\n","protected":false},"author":2,"featured_media":294208,"comment_status":"closed","ping_status":"closed","sticky":false,"template":"","format":"standard","meta":{"_mi_skip_tracking":false,"footnotes":""},"categories":[25,1,3,16],"tags":[],"class_list":["post-294207","post","type-post","status-publish","format-standard","has-post-thumbnail","hentry","category-destaques-site","category-geral","category-politica","category-todas"],"acf":[],"yoast_head":"<!-- This site is optimized with the Yoast SEO Premium plugin v19.2 (Yoast SEO v26.9) - https:\/\/yoast.com\/product\/yoast-seo-premium-wordpress\/ -->\n<title>Ant\u00f4nio Barros prop\u00f5e m\u00e9dicos itinerantes nos munic\u00edpios e polos de tratamento do c\u00e2ncer no Piau\u00ed - Portal Not\u00edcia em Pauta<\/title>\n<meta name=\"robots\" content=\"index, follow, max-snippet:-1, max-image-preview:large, max-video-preview:-1\" \/>\n<link rel=\"canonical\" href=\"https:\/\/noticiaempauta.com\/portal\/antonio-barros-propoe-medicos-itinerantes-nos-municipios-e-polos-de-tratamento-do-cancer-no-piaui\/\" \/>\n<meta property=\"og:locale\" content=\"pt_BR\" \/>\n<meta property=\"og:type\" content=\"article\" \/>\n<meta property=\"og:title\" content=\"Ant\u00f4nio Barros prop\u00f5e m\u00e9dicos itinerantes nos munic\u00edpios e polos de tratamento do c\u00e2ncer no Piau\u00ed\" \/>\n<meta property=\"og:description\" content=\"O candidato ao Senado Federal pelo Piau\u00ed, Ant\u00f4nio Barros (NOVO), defendeu a cria\u00e7\u00e3o de cinco polos de Sa\u00fade e o atendimento da popula\u00e7\u00e3o de forma itinerante por m\u00e9dicos contratados pelo Governo. O candidato apresentou suas propostas para a \u00e1rea da Sa\u00fade. Segundo Ant\u00f4nio Barros, dois polos seriam direcionados ao tratamento contra o c\u00e2ncer no estado. [&hellip;]\" \/>\n<meta property=\"og:url\" content=\"https:\/\/noticiaempauta.com\/portal\/antonio-barros-propoe-medicos-itinerantes-nos-municipios-e-polos-de-tratamento-do-cancer-no-piaui\/\" \/>\n<meta property=\"og:site_name\" content=\"Portal Not\u00edcia em Pauta\" \/>\n<meta property=\"article:publisher\" content=\"https:\/\/www.facebook.com\/Portal-Notcia-Em-Pauta-102292869264820\/\" \/>\n<meta property=\"article:published_time\" content=\"2026-09-03T12:33:05+00:00\" \/>\n<meta property=\"article:modified_time\" content=\"2026-09-03T12:33:07+00:00\" \/>\n<meta property=\"og:image\" content=\"https:\/\/noticiaempauta.com\/portal\/wp-content\/uploads\/2026\/09\/Antonio-Barros.webp\" \/>\n\t<meta property=\"og:image:width\" content=\"828\" \/>\n\t<meta property=\"og:image:height\" content=\"387\" \/>\n\t<meta property=\"og:image:type\" content=\"image\/webp\" \/>\n<meta name=\"author\" content=\"Reda\u00e7\u00e3o\" \/>\n<meta name=\"twitter:card\" content=\"summary_large_image\" \/>\n<meta name=\"twitter:label1\" content=\"Escrito por\" \/>\n\t<meta name=\"twitter:data1\" content=\"Reda\u00e7\u00e3o\" \/>\n\t<meta name=\"twitter:label2\" content=\"Est. tempo de leitura\" \/>\n\t<meta name=\"twitter:data2\" content=\"2 minutos\" \/>\n<script type=\"application\/ld+json\" class=\"yoast-schema-graph\">{\"@context\":\"https:\/\/schema.org\",\"@graph\":[{\"@type\":\"Article\",\"@id\":\"https:\/\/noticiaempauta.com\/portal\/antonio-barros-propoe-medicos-itinerantes-nos-municipios-e-polos-de-tratamento-do-cancer-no-piaui\/#article\",\"isPartOf\":{\"@id\":\"https:\/\/noticiaempauta.com\/portal\/antonio-barros-propoe-medicos-itinerantes-nos-municipios-e-polos-de-tratamento-do-cancer-no-piaui\/\"},\"author\":{\"name\":\"Reda\u00e7\u00e3o\",\"@id\":\"https:\/\/noticiaempauta.com\/portal\/#\/schema\/person\/a74af43dd1ab3deca45f988c717d57ac\"},\"headline\":\"Ant\u00f4nio Barros prop\u00f5e m\u00e9dicos itinerantes nos munic\u00edpios e polos de tratamento do c\u00e2ncer no Piau\u00ed\",\"datePublished\":\"2026-09-03T12:33:05+00:00\",\"dateModified\":\"2026-09-03T12:33:07+00:00\",\"mainEntityOfPage\":{\"@id\":\"https:\/\/noticiaempauta.com\/portal\/antonio-barros-propoe-medicos-itinerantes-nos-municipios-e-polos-de-tratamento-do-cancer-no-piaui\/\"},\"wordCount\":272,\"publisher\":{\"@id\":\"https:\/\/noticiaempauta.com\/portal\/#organization\"},\"image\":{\"@id\":\"https:\/\/noticiaempauta.com\/portal\/antonio-barros-propoe-medicos-itinerantes-nos-municipios-e-polos-de-tratamento-do-cancer-no-piaui\/#primaryimage\"},\"thumbnailUrl\":\"https:\/\/noticiaempauta.com\/portal\/wp-content\/uploads\/2026\/09\/Antonio-Barros.webp\",\"articleSection\":[\"Destaques\",\"Geral\",\"Pol\u00edtica\",\"Todas as Not\u00edcias\"],\"inLanguage\":\"pt-BR\"},{\"@type\":\"WebPage\",\"@id\":\"https:\/\/noticiaempauta.com\/portal\/antonio-barros-propoe-medicos-itinerantes-nos-municipios-e-polos-de-tratamento-do-cancer-no-piaui\/\",\"url\":\"https:\/\/noticiaempauta.com\/portal\/antonio-barros-propoe-medicos-itinerantes-nos-municipios-e-polos-de-tratamento-do-cancer-no-piaui\/\",\"name\":\"Ant\u00f4nio Barros prop\u00f5e m\u00e9dicos itinerantes nos munic\u00edpios e polos de tratamento do c\u00e2ncer no Piau\u00ed - Portal Not\u00edcia em Pauta\",\"isPartOf\":{\"@id\":\"https:\/\/noticiaempauta.com\/portal\/#website\"},\"primaryImageOfPage\":{\"@id\":\"https:\/\/noticiaempauta.com\/portal\/antonio-barros-propoe-medicos-itinerantes-nos-municipios-e-polos-de-tratamento-do-cancer-no-piaui\/#primaryimage\"},\"image\":{\"@id\":\"https:\/\/noticiaempauta.com\/portal\/antonio-barros-propoe-medicos-itinerantes-nos-municipios-e-polos-de-tratamento-do-cancer-no-piaui\/#primaryimage\"},\"thumbnailUrl\":\"https:\/\/noticiaempauta.com\/portal\/wp-content\/uploads\/2026\/09\/Antonio-Barros.webp\",\"datePublished\":\"2026-09-03T12:33:05+00:00\",\"dateModified\":\"2026-09-03T12:33:07+00:00\",\"breadcrumb\":{\"@id\":\"https:\/\/noticiaempauta.com\/portal\/antonio-barros-propoe-medicos-itinerantes-nos-municipios-e-polos-de-tratamento-do-cancer-no-piaui\/#breadcrumb\"},\"inLanguage\":\"pt-BR\",\"potentialAction\":[{\"@type\":\"ReadAction\",\"target\":[\"https:\/\/noticiaempauta.com\/portal\/antonio-barros-propoe-medicos-itinerantes-nos-municipios-e-polos-de-tratamento-do-cancer-no-piaui\/\"]}]},{\"@type\":\"ImageObject\",\"inLanguage\":\"pt-BR\",\"@id\":\"https:\/\/noticiaempauta.com\/portal\/antonio-barros-propoe-medicos-itinerantes-nos-municipios-e-polos-de-tratamento-do-cancer-no-piaui\/#primaryimage\",\"url\":\"https:\/\/noticiaempauta.com\/portal\/wp-content\/uploads\/2026\/09\/Antonio-Barros.webp\",\"contentUrl\":\"https:\/\/noticiaempauta.com\/portal\/wp-content\/uploads\/2026\/09\/Antonio-Barros.webp\",\"width\":828,\"height\":387},{\"@type\":\"BreadcrumbList\",\"@id\":\"https:\/\/noticiaempauta.com\/portal\/antonio-barros-propoe-medicos-itinerantes-nos-municipios-e-polos-de-tratamento-do-cancer-no-piaui\/#breadcrumb\",\"itemListElement\":[{\"@type\":\"ListItem\",\"position\":1,\"name\":\"P\u00e1gina Inicial\",\"item\":\"https:\/\/noticiaempauta.com\/portal\/\"},{\"@type\":\"ListItem\",\"position\":2,\"name\":\"Destaques\",\"item\":\"https:\/\/noticiaempauta.com\/portal\/destaques-site\/\"},{\"@type\":\"ListItem\",\"position\":3,\"name\":\"Ant\u00f4nio Barros prop\u00f5e m\u00e9dicos itinerantes nos munic\u00edpios e polos de tratamento do c\u00e2ncer no Piau\u00ed\"}]},{\"@type\":\"WebSite\",\"@id\":\"https:\/\/noticiaempauta.com\/portal\/#website\",\"url\":\"https:\/\/noticiaempauta.com\/portal\/\",\"name\":\"Portal Not\u00edcia em Pauta\",\"description\":\"Voc\u00ea bem informado\",\"publisher\":{\"@id\":\"https:\/\/noticiaempauta.com\/portal\/#organization\"},\"potentialAction\":[{\"@type\":\"SearchAction\",\"target\":{\"@type\":\"EntryPoint\",\"urlTemplate\":\"https:\/\/noticiaempauta.com\/portal\/?s={search_term_string}\"},\"query-input\":{\"@type\":\"PropertyValueSpecification\",\"valueRequired\":true,\"valueName\":\"search_term_string\"}}],\"inLanguage\":\"pt-BR\"},{\"@type\":\"Organization\",\"@id\":\"https:\/\/noticiaempauta.com\/portal\/#organization\",\"name\":\"Portal Not\u00edcia em Pauta\",\"url\":\"https:\/\/noticiaempauta.com\/portal\/\",\"logo\":{\"@type\":\"ImageObject\",\"inLanguage\":\"pt-BR\",\"@id\":\"https:\/\/noticiaempauta.com\/portal\/#\/schema\/logo\/image\/\",\"url\":\"https:\/\/noticiaempauta.com\/portal\/wp-content\/uploads\/2022\/08\/logomarca_tema.fw_.png\",\"contentUrl\":\"https:\/\/noticiaempauta.com\/portal\/wp-content\/uploads\/2022\/08\/logomarca_tema.fw_.png\",\"width\":400,\"height\":232,\"caption\":\"Portal Not\u00edcia em Pauta\"},\"image\":{\"@id\":\"https:\/\/noticiaempauta.com\/portal\/#\/schema\/logo\/image\/\"},\"sameAs\":[\"https:\/\/www.facebook.com\/Portal-Notcia-Em-Pauta-102292869264820\/\",\"https:\/\/www.instagram.com\/portalnoticiaempauta\/\"]},{\"@type\":\"Person\",\"@id\":\"https:\/\/noticiaempauta.com\/portal\/#\/schema\/person\/a74af43dd1ab3deca45f988c717d57ac\",\"name\":\"Reda\u00e7\u00e3o\",\"image\":{\"@type\":\"ImageObject\",\"inLanguage\":\"pt-BR\",\"@id\":\"https:\/\/noticiaempauta.com\/portal\/#\/schema\/person\/image\/\",\"url\":\"https:\/\/secure.gravatar.com\/avatar\/03179346ecce6cdfc13361603e8f54242a90e5cde8618fa23c5c00aa2b0aadf3?s=96&d=mm&r=g\",\"contentUrl\":\"https:\/\/secure.gravatar.com\/avatar\/03179346ecce6cdfc13361603e8f54242a90e5cde8618fa23c5c00aa2b0aadf3?s=96&d=mm&r=g\",\"caption\":\"Reda\u00e7\u00e3o\"},\"sameAs\":[\"https:\/\/noticiaempauta.com\/portal\/\"],\"url\":\"https:\/\/noticiaempauta.com\/portal\/author\/fernando\/\"}]}<\/script>\n<!-- \/ Yoast SEO Premium plugin. -->","yoast_head_json":{"title":"Ant\u00f4nio Barros prop\u00f5e m\u00e9dicos itinerantes nos munic\u00edpios e polos de tratamento do c\u00e2ncer no Piau\u00ed - Portal Not\u00edcia em Pauta","robots":{"index":"index","follow":"follow","max-snippet":"max-snippet:-1","max-image-preview":"max-image-preview:large","max-video-preview":"max-video-preview:-1"},"canonical":"https:\/\/noticiaempauta.com\/portal\/antonio-barros-propoe-medicos-itinerantes-nos-municipios-e-polos-de-tratamento-do-cancer-no-piaui\/","og_locale":"pt_BR","og_type":"article","og_title":"Ant\u00f4nio Barros prop\u00f5e m\u00e9dicos itinerantes nos munic\u00edpios e polos de tratamento do c\u00e2ncer no Piau\u00ed","og_description":"O candidato ao Senado Federal pelo Piau\u00ed, Ant\u00f4nio Barros (NOVO), defendeu a cria\u00e7\u00e3o de cinco polos de Sa\u00fade e o atendimento da popula\u00e7\u00e3o de forma itinerante por m\u00e9dicos contratados pelo Governo. O candidato apresentou suas propostas para a \u00e1rea da Sa\u00fade. Segundo Ant\u00f4nio Barros, dois polos seriam direcionados ao tratamento contra o c\u00e2ncer no estado. [&hellip;]","og_url":"https:\/\/noticiaempauta.com\/portal\/antonio-barros-propoe-medicos-itinerantes-nos-municipios-e-polos-de-tratamento-do-cancer-no-piaui\/","og_site_name":"Portal Not\u00edcia em Pauta","article_publisher":"https:\/\/www.facebook.com\/Portal-Notcia-Em-Pauta-102292869264820\/","article_published_time":"2026-09-03T12:33:05+00:00","article_modified_time":"2026-09-03T12:33:07+00:00","og_image":[{"width":828,"height":387,"url":"https:\/\/noticiaempauta.com\/portal\/wp-content\/uploads\/2026\/09\/Antonio-Barros.webp","type":"image\/webp"}],"author":"Reda\u00e7\u00e3o","twitter_card":"summary_large_image","twitter_misc":{"Escrito por":"Reda\u00e7\u00e3o","Est. tempo de leitura":"2 minutos"},"schema":{"@context":"https:\/\/schema.org","@graph":[{"@type":"Article","@id":"https:\/\/noticiaempauta.com\/portal\/antonio-barros-propoe-medicos-itinerantes-nos-municipios-e-polos-de-tratamento-do-cancer-no-piaui\/#article","isPartOf":{"@id":"https:\/\/noticiaempauta.com\/portal\/antonio-barros-propoe-medicos-itinerantes-nos-municipios-e-polos-de-tratamento-do-cancer-no-piaui\/"},"author":{"name":"Reda\u00e7\u00e3o","@id":"https:\/\/noticiaempauta.com\/portal\/#\/schema\/person\/a74af43dd1ab3deca45f988c717d57ac"},"headline":"Ant\u00f4nio Barros prop\u00f5e m\u00e9dicos itinerantes nos munic\u00edpios e polos de tratamento do c\u00e2ncer no Piau\u00ed","datePublished":"2026-09-03T12:33:05+00:00","dateModified":"2026-09-03T12:33:07+00:00","mainEntityOfPage":{"@id":"https:\/\/noticiaempauta.com\/portal\/antonio-barros-propoe-medicos-itinerantes-nos-municipios-e-polos-de-tratamento-do-cancer-no-piaui\/"},"wordCount":272,"publisher":{"@id":"https:\/\/noticiaempauta.com\/portal\/#organization"},"image":{"@id":"https:\/\/noticiaempauta.com\/portal\/antonio-barros-propoe-medicos-itinerantes-nos-municipios-e-polos-de-tratamento-do-cancer-no-piaui\/#primaryimage"},"thumbnailUrl":"https:\/\/noticiaempauta.com\/portal\/wp-content\/uploads\/2026\/09\/Antonio-Barros.webp","articleSection":["Destaques","Geral","Pol\u00edtica","Todas as Not\u00edcias"],"inLanguage":"pt-BR"},{"@type":"WebPage","@id":"https:\/\/noticiaempauta.com\/portal\/antonio-barros-propoe-medicos-itinerantes-nos-municipios-e-polos-de-tratamento-do-cancer-no-piaui\/","url":"https:\/\/noticiaempauta.com\/portal\/antonio-barros-propoe-medicos-itinerantes-nos-municipios-e-polos-de-tratamento-do-cancer-no-piaui\/","name":"Ant\u00f4nio Barros prop\u00f5e m\u00e9dicos itinerantes nos munic\u00edpios e polos de tratamento do c\u00e2ncer no Piau\u00ed - Portal Not\u00edcia em Pauta","isPartOf":{"@id":"https:\/\/noticiaempauta.com\/portal\/#website"},"primaryImageOfPage":{"@id":"https:\/\/noticiaempauta.com\/portal\/antonio-barros-propoe-medicos-itinerantes-nos-municipios-e-polos-de-tratamento-do-cancer-no-piaui\/#primaryimage"},"image":{"@id":"https:\/\/noticiaempauta.com\/portal\/antonio-barros-propoe-medicos-itinerantes-nos-municipios-e-polos-de-tratamento-do-cancer-no-piaui\/#primaryimage"},"thumbnailUrl":"https:\/\/noticiaempauta.com\/portal\/wp-content\/uploads\/2026\/09\/Antonio-Barros.webp","datePublished":"2026-09-03T12:33:05+00:00","dateModified":"2026-09-03T12:33:07+00:00","breadcrumb":{"@id":"https:\/\/noticiaempauta.com\/portal\/antonio-barros-propoe-medicos-itinerantes-nos-municipios-e-polos-de-tratamento-do-cancer-no-piaui\/#breadcrumb"},"inLanguage":"pt-BR","potentialAction":[{"@type":"ReadAction","target":["https:\/\/noticiaempauta.com\/portal\/antonio-barros-propoe-medicos-itinerantes-nos-municipios-e-polos-de-tratamento-do-cancer-no-piaui\/"]}]},{"@type":"ImageObject","inLanguage":"pt-BR","@id":"https:\/\/noticiaempauta.com\/portal\/antonio-barros-propoe-medicos-itinerantes-nos-municipios-e-polos-de-tratamento-do-cancer-no-piaui\/#primaryimage","url":"https:\/\/noticiaempauta.com\/portal\/wp-content\/uploads\/2026\/09\/Antonio-Barros.webp","contentUrl":"https:\/\/noticiaempauta.com\/portal\/wp-content\/uploads\/2026\/09\/Antonio-Barros.webp","width":828,"height":387},{"@type":"BreadcrumbList","@id":"https:\/\/noticiaempauta.com\/portal\/antonio-barros-propoe-medicos-itinerantes-nos-municipios-e-polos-de-tratamento-do-cancer-no-piaui\/#breadcrumb","itemListElement":[{"@type":"ListItem","position":1,"name":"P\u00e1gina Inicial","item":"https:\/\/noticiaempauta.com\/portal\/"},{"@type":"ListItem","position":2,"name":"Destaques","item":"https:\/\/noticiaempauta.com\/portal\/destaques-site\/"},{"@type":"ListItem","position":3,"name":"Ant\u00f4nio Barros prop\u00f5e m\u00e9dicos itinerantes nos munic\u00edpios e polos de tratamento do c\u00e2ncer no Piau\u00ed"}]},{"@type":"WebSite","@id":"https:\/\/noticiaempauta.com\/portal\/#website","url":"https:\/\/noticiaempauta.com\/portal\/","name":"Portal Not\u00edcia em Pauta","description":"Voc\u00ea bem informado","publisher":{"@id":"https:\/\/noticiaempauta.com\/portal\/#organization"},"potentialAction":[{"@type":"SearchAction","target":{"@type":"EntryPoint","urlTemplate":"https:\/\/noticiaempauta.com\/portal\/?s={search_term_string}"},"query-input":{"@type":"PropertyValueSpecification","valueRequired":true,"valueName":"search_term_string"}}],"inLanguage":"pt-BR"},{"@type":"Organization","@id":"https:\/\/noticiaempauta.com\/portal\/#organization","name":"Portal Not\u00edcia em Pauta","url":"https:\/\/noticiaempauta.com\/portal\/","logo":{"@type":"ImageObject","inLanguage":"pt-BR","@id":"https:\/\/noticiaempauta.com\/portal\/#\/schema\/logo\/image\/","url":"https:\/\/noticiaempauta.com\/portal\/wp-content\/uploads\/2022\/08\/logomarca_tema.fw_.png","contentUrl":"https:\/\/noticiaempauta.com\/portal\/wp-content\/uploads\/2022\/08\/logomarca_tema.fw_.png","width":400,"height":232,"caption":"Portal Not\u00edcia em Pauta"},"image":{"@id":"https:\/\/noticiaempauta.com\/portal\/#\/schema\/logo\/image\/"},"sameAs":["https:\/\/www.facebook.com\/Portal-Notcia-Em-Pauta-102292869264820\/","https:\/\/www.instagram.com\/portalnoticiaempauta\/"]},{"@type":"Person","@id":"https:\/\/noticiaempauta.com\/portal\/#\/schema\/person\/a74af43dd1ab3deca45f988c717d57ac","name":"Reda\u00e7\u00e3o","image":{"@type":"ImageObject","inLanguage":"pt-BR","@id":"https:\/\/noticiaempauta.com\/portal\/#\/schema\/person\/image\/","url":"https:\/\/secure.gravatar.com\/avatar\/03179346ecce6cdfc13361603e8f54242a90e5cde8618fa23c5c00aa2b0aadf3?s=96&d=mm&r=g","contentUrl":"https:\/\/secure.gravatar.com\/avatar\/03179346ecce6cdfc13361603e8f54242a90e5cde8618fa23c5c00aa2b0aadf3?s=96&d=mm&r=g","caption":"Reda\u00e7\u00e3o"},"sameAs":["https:\/\/noticiaempauta.com\/portal\/"],"url":"https:\/\/noticiaempauta.com\/portal\/author\/fernando\/"}]}},"_links":{"self":[{"href":"https:\/\/noticiaempauta.com\/portal\/wp-json\/wp\/v2\/posts\/294207","targetHints":{"allow":["GET"]}}],"collection":[{"href":"https:\/\/noticiaempauta.com\/portal\/wp-json\/wp\/v2\/posts"}],"about":[{"href":"https:\/\/noticiaempauta.com\/portal\/wp-json\/wp\/v2\/types\/post"}],"author":[{"embeddable":true,"href":"https:\/\/noticiaempauta.com\/portal\/wp-json\/wp\/v2\/users\/2"}],"replies":[{"embeddable":true,"href":"https:\/\/noticiaempauta.com\/portal\/wp-json\/wp\/v2\/comments?post=294207"}],"version-history":[{"count":2,"href":"https:\/\/noticiaempauta.com\/portal\/wp-json\/wp\/v2\/posts\/294207\/revisions"}],"predecessor-version":[{"id":294210,"href":"https:\/\/noticiaempauta.com\/portal\/wp-json\/wp\/v2\/posts\/294207\/revisions\/294210"}],"wp:featuredmedia":[{"embeddable":true,"href":"https:\/\/noticiaempauta.com\/portal\/wp-json\/wp\/v2\/media\/294208"}],"wp:attachment":[{"href":"https:\/\/noticiaempauta.com\/portal\/wp-json\/wp\/v2\/media?parent=294207"}],"wp:term":[{"taxonomy":"category","embeddable":true,"href":"https:\/\/noticiaempauta.com\/portal\/wp-json\/wp\/v2\/categories?post=294207"},{"taxonomy":"post_tag","embeddable":true,"href":"https:\/\/noticiaempauta.com\/portal\/wp-json\/wp\/v2\/tags?post=294207"}],"curies":[{"name":"wp","href":"https:\/\/api.w.org\/{rel}","templated":true}]}}