{"id":294211,"date":"2026-09-03T09:41:52","date_gmt":"2026-09-03T12:41:52","guid":{"rendered":"https:\/\/noticiaempauta.com\/portal\/?p=294211"},"modified":"2026-09-03T09:41:54","modified_gmt":"2026-09-03T12:41:54","slug":"operacao-mira-motoristas-por-aplicativo-suspeitos-de-transportar-drogas-no-piaui","status":"publish","type":"post","link":"https:\/\/noticiaempauta.com\/portal\/operacao-mira-motoristas-por-aplicativo-suspeitos-de-transportar-drogas-no-piaui\/","title":{"rendered":"Opera\u00e7\u00e3o mira motoristas por aplicativo suspeitos de transportar drogas no Piau\u00ed"},"content":{"rendered":"\n<p class=\"wp-block-paragraph\">Motoristas por aplicativo investigados por transportar drogas para uma fac\u00e7\u00e3o criminosa foram alvo de uma opera\u00e7\u00e3o deflagrada na manh\u00e3 desta quinta-feira (3) pelo Departamento Estadual de Repress\u00e3o ao Narcotr\u00e1fico (Denarc). Ao todo, foram cumpridos 16 mandados judiciais em Teresina e Valen\u00e7a do Piau\u00ed. At\u00e9 o momento, quatro pessoas foram presas.<\/p>\n\n\n\n<figure class=\"wp-block-image size-large\"><img fetchpriority=\"high\" decoding=\"async\" width=\"1024\" height=\"768\" src=\"https:\/\/noticiaempauta.com\/portal\/wp-content\/uploads\/2026\/09\/WhatsApp_Image_2026-02-19_at_12_09_32_4-1024x768.webp\" alt=\"\" class=\"wp-image-294212\" srcset=\"https:\/\/noticiaempauta.com\/portal\/wp-content\/uploads\/2026\/09\/WhatsApp_Image_2026-02-19_at_12_09_32_4-1024x768.webp 1024w, https:\/\/noticiaempauta.com\/portal\/wp-content\/uploads\/2026\/09\/WhatsApp_Image_2026-02-19_at_12_09_32_4-300x225.webp 300w, https:\/\/noticiaempauta.com\/portal\/wp-content\/uploads\/2026\/09\/WhatsApp_Image_2026-02-19_at_12_09_32_4-768x576.webp 768w, https:\/\/noticiaempauta.com\/portal\/wp-content\/uploads\/2026\/09\/WhatsApp_Image_2026-02-19_at_12_09_32_4-1536x1152.webp 1536w, https:\/\/noticiaempauta.com\/portal\/wp-content\/uploads\/2026\/09\/WhatsApp_Image_2026-02-19_at_12_09_32_4.webp 1600w\" sizes=\"(max-width: 1024px) 100vw, 1024px\" \/><figcaption class=\"wp-element-caption\"><em>Foto: Jade Araujo \/ Cidadeverde.com<\/em><\/figcaption><\/figure>\n\n\n\n<p class=\"wp-block-paragraph\">Segundo o Denarc, a opera\u00e7\u00e3o cumpriu sete mandados de pris\u00e3o e nove de busca e apreens\u00e3o. Tr\u00eas suspeitos foram presos em Teresina e um em Valen\u00e7a do Piau\u00ed. Durante a a\u00e7\u00e3o, tamb\u00e9m foram apreendidas drogas e ve\u00edculos.<\/p>\n\n\n\n<p class=\"wp-block-paragraph\">\u201c\u00c9 mais um golpe contra a fac\u00e7\u00e3o PCC. Na manh\u00e3 de hoje, sete mandados de pris\u00e3o, nove mandados de busca, at\u00e9 o presente instante, quatro indiv\u00edduos presos, apreens\u00e3o tamb\u00e9m de drogas e tr\u00eas indiv\u00edduos aqui na capital e um indiv\u00edduo na cidade de Valen\u00e7a\u201d, explicou o coordenador do Denarc, delegado Samuel Silveira.<\/p>\n\n\n\n<p class=\"wp-block-paragraph\">A investiga\u00e7\u00e3o, segundo o delegado, come\u00e7ou h\u00e1 mais de um ano e teve origem em um desdobramento de outra opera\u00e7\u00e3o realizada em Valen\u00e7a do Piau\u00ed. A partir das apura\u00e7\u00f5es, os policiais identificaram uma liga\u00e7\u00e3o entre suspeitos que atuavam nas duas cidades e estariam envolvidos no transporte e na comercializa\u00e7\u00e3o de entorpecentes.<\/p>\n\n\n\n<p class=\"wp-block-paragraph\">\u201cEssa investiga\u00e7\u00e3o j\u00e1 ocorre h\u00e1 mais de um ano e essa investiga\u00e7\u00e3o nasceu a partir de um desdobramento de uma opera\u00e7\u00e3o na cidade de Valen\u00e7a em que, a partir de uma a\u00e7\u00e3o ocorrida l\u00e1, n\u00f3s conseguimos identificar um link direto entre a cidade de Teresina e a cidade de Valen\u00e7a, em que alguns indiv\u00edduos eram utilizados e sabiam disso naturalmente, para o transporte da droga e outros metiam mesmo, como diz o linguajar, a m\u00e3o na droga e faziam a venda direta\u201d, explicou o delegado.<\/p>\n\n\n\n<figure class=\"wp-block-embed is-type-video is-provider-youtube wp-block-embed-youtube wp-embed-aspect-16-9 wp-has-aspect-ratio\"><div class=\"wp-block-embed__wrapper\">\n<iframe title=\"Opera\u00e7\u00e3o investiga motoristas de aplicativo suspeitos de transportar drogas\" width=\"800\" height=\"450\" src=\"https:\/\/www.youtube.com\/embed\/WSgf0pisvyY?feature=oembed\" frameborder=\"0\" allow=\"accelerometer; autoplay; clipboard-write; encrypted-media; gyroscope; picture-in-picture; web-share\" referrerpolicy=\"strict-origin-when-cross-origin\" allowfullscreen><\/iframe>\n<\/div><\/figure>\n\n\n\n<h2 class=\"wp-block-heading\"><strong>Motoristas usavam atividade como camuflagem<\/strong><\/h2>\n\n\n\n<p class=\"wp-block-paragraph\">Ainda conforme Samuel Silveira,&nbsp;<strong>os investigados utilizavam o trabalho como motoristas de aplicativo para facilitar o transporte dos entorpecentes e tentar ocultar a atividade criminosa.<\/strong><\/p>\n\n\n\n<p class=\"wp-block-paragraph\">\u201cEles utilizam essa atividade como uma esp\u00e9cie de camuflagem para facilitar o transporte da droga, de fato se enquadram como traficantes. \u00c9 bom frisar que n\u00e3o \u00e9 de hoje, de algum tempo n\u00f3s temos alertado, inclusive nos aproveitando de outras opera\u00e7\u00f5es para externar isso a toda a popula\u00e7\u00e3o e nosso radar estar ligado e funcionando, n\u00e3o s\u00f3 na venda direta, mas em todo o entorno que envolve o tr\u00e1fico de drogas&#8221;, pontuou.&nbsp;<\/p>\n\n\n\n<p class=\"wp-block-paragraph\">O coordenador do Denarc informou ainda que alguns dos investigados possuem antecedentes criminais. Al\u00e9m das pris\u00f5es e da apreens\u00e3o de drogas, ve\u00edculos foram recolhidos durante o cumprimento dos mandados.<\/p>\n\n\n\n<p class=\"wp-block-paragraph\">A opera\u00e7\u00e3o contou com o apoio do Batalh\u00e3o de Rondas Ostensivas de Natureza Especial (BPRONE).<\/p>\n\n\n\n<p class=\"wp-block-paragraph\">Fonte: Cidade Verde<\/p>\n","protected":false},"excerpt":{"rendered":"<p>Motoristas por aplicativo investigados por transportar drogas para uma fac\u00e7\u00e3o criminosa foram alvo de uma opera\u00e7\u00e3o deflagrada na manh\u00e3 desta quinta-feira (3) pelo Departamento Estadual de Repress\u00e3o ao Narcotr\u00e1fico (Denarc). Ao todo, foram cumpridos 16 mandados judiciais em Teresina e Valen\u00e7a do Piau\u00ed. At\u00e9 o momento, quatro pessoas foram presas. Segundo o Denarc, a opera\u00e7\u00e3o [&hellip;]<\/p>\n","protected":false},"author":2,"featured_media":294212,"comment_status":"closed","ping_status":"closed","sticky":false,"template":"","format":"standard","meta":{"_mi_skip_tracking":false,"footnotes":""},"categories":[25,1,137,16],"tags":[192],"class_list":["post-294211","post","type-post","status-publish","format-standard","has-post-thumbnail","hentry","category-destaques-site","category-geral","category-policia","category-todas","tag-destaqueprincipal"],"acf":[],"yoast_head":"<!-- This site is optimized with the Yoast SEO Premium plugin v19.2 (Yoast SEO v26.9) - https:\/\/yoast.com\/product\/yoast-seo-premium-wordpress\/ -->\n<title>Opera\u00e7\u00e3o mira motoristas por aplicativo suspeitos de transportar drogas no Piau\u00ed - Portal Not\u00edcia em Pauta<\/title>\n<meta name=\"robots\" content=\"index, follow, max-snippet:-1, max-image-preview:large, max-video-preview:-1\" \/>\n<link rel=\"canonical\" href=\"https:\/\/noticiaempauta.com\/portal\/operacao-mira-motoristas-por-aplicativo-suspeitos-de-transportar-drogas-no-piaui\/\" \/>\n<meta property=\"og:locale\" content=\"pt_BR\" \/>\n<meta property=\"og:type\" content=\"article\" \/>\n<meta property=\"og:title\" content=\"Opera\u00e7\u00e3o mira motoristas por aplicativo suspeitos de transportar drogas no Piau\u00ed\" \/>\n<meta property=\"og:description\" content=\"Motoristas por aplicativo investigados por transportar drogas para uma fac\u00e7\u00e3o criminosa foram alvo de uma opera\u00e7\u00e3o deflagrada na manh\u00e3 desta quinta-feira (3) pelo Departamento Estadual de Repress\u00e3o ao Narcotr\u00e1fico (Denarc). Ao todo, foram cumpridos 16 mandados judiciais em Teresina e Valen\u00e7a do Piau\u00ed. At\u00e9 o momento, quatro pessoas foram presas. Segundo o Denarc, a opera\u00e7\u00e3o [&hellip;]\" \/>\n<meta property=\"og:url\" content=\"https:\/\/noticiaempauta.com\/portal\/operacao-mira-motoristas-por-aplicativo-suspeitos-de-transportar-drogas-no-piaui\/\" \/>\n<meta property=\"og:site_name\" content=\"Portal Not\u00edcia em Pauta\" \/>\n<meta property=\"article:publisher\" content=\"https:\/\/www.facebook.com\/Portal-Notcia-Em-Pauta-102292869264820\/\" \/>\n<meta property=\"article:published_time\" content=\"2026-09-03T12:41:52+00:00\" \/>\n<meta property=\"article:modified_time\" content=\"2026-09-03T12:41:54+00:00\" \/>\n<meta property=\"og:image\" content=\"https:\/\/noticiaempauta.com\/portal\/wp-content\/uploads\/2026\/09\/WhatsApp_Image_2026-02-19_at_12_09_32_4.webp\" \/>\n\t<meta property=\"og:image:width\" content=\"1600\" \/>\n\t<meta property=\"og:image:height\" content=\"1200\" \/>\n\t<meta property=\"og:image:type\" content=\"image\/webp\" \/>\n<meta name=\"author\" content=\"Reda\u00e7\u00e3o\" \/>\n<meta name=\"twitter:card\" content=\"summary_large_image\" \/>\n<meta name=\"twitter:label1\" content=\"Escrito por\" \/>\n\t<meta name=\"twitter:data1\" content=\"Reda\u00e7\u00e3o\" \/>\n\t<meta name=\"twitter:label2\" content=\"Est. tempo de leitura\" \/>\n\t<meta name=\"twitter:data2\" content=\"3 minutos\" \/>\n<script type=\"application\/ld+json\" class=\"yoast-schema-graph\">{\"@context\":\"https:\/\/schema.org\",\"@graph\":[{\"@type\":\"Article\",\"@id\":\"https:\/\/noticiaempauta.com\/portal\/operacao-mira-motoristas-por-aplicativo-suspeitos-de-transportar-drogas-no-piaui\/#article\",\"isPartOf\":{\"@id\":\"https:\/\/noticiaempauta.com\/portal\/operacao-mira-motoristas-por-aplicativo-suspeitos-de-transportar-drogas-no-piaui\/\"},\"author\":{\"name\":\"Reda\u00e7\u00e3o\",\"@id\":\"https:\/\/noticiaempauta.com\/portal\/#\/schema\/person\/a74af43dd1ab3deca45f988c717d57ac\"},\"headline\":\"Opera\u00e7\u00e3o mira motoristas por aplicativo suspeitos de transportar drogas no Piau\u00ed\",\"datePublished\":\"2026-09-03T12:41:52+00:00\",\"dateModified\":\"2026-09-03T12:41:54+00:00\",\"mainEntityOfPage\":{\"@id\":\"https:\/\/noticiaempauta.com\/portal\/operacao-mira-motoristas-por-aplicativo-suspeitos-de-transportar-drogas-no-piaui\/\"},\"wordCount\":497,\"publisher\":{\"@id\":\"https:\/\/noticiaempauta.com\/portal\/#organization\"},\"image\":{\"@id\":\"https:\/\/noticiaempauta.com\/portal\/operacao-mira-motoristas-por-aplicativo-suspeitos-de-transportar-drogas-no-piaui\/#primaryimage\"},\"thumbnailUrl\":\"https:\/\/noticiaempauta.com\/portal\/wp-content\/uploads\/2026\/09\/WhatsApp_Image_2026-02-19_at_12_09_32_4.webp\",\"keywords\":[\"destaqueprincipal\"],\"articleSection\":[\"Destaques\",\"Geral\",\"Pol\u00edcia\",\"Todas as Not\u00edcias\"],\"inLanguage\":\"pt-BR\"},{\"@type\":\"WebPage\",\"@id\":\"https:\/\/noticiaempauta.com\/portal\/operacao-mira-motoristas-por-aplicativo-suspeitos-de-transportar-drogas-no-piaui\/\",\"url\":\"https:\/\/noticiaempauta.com\/portal\/operacao-mira-motoristas-por-aplicativo-suspeitos-de-transportar-drogas-no-piaui\/\",\"name\":\"Opera\u00e7\u00e3o mira motoristas por aplicativo suspeitos de transportar drogas no Piau\u00ed - Portal Not\u00edcia em Pauta\",\"isPartOf\":{\"@id\":\"https:\/\/noticiaempauta.com\/portal\/#website\"},\"primaryImageOfPage\":{\"@id\":\"https:\/\/noticiaempauta.com\/portal\/operacao-mira-motoristas-por-aplicativo-suspeitos-de-transportar-drogas-no-piaui\/#primaryimage\"},\"image\":{\"@id\":\"https:\/\/noticiaempauta.com\/portal\/operacao-mira-motoristas-por-aplicativo-suspeitos-de-transportar-drogas-no-piaui\/#primaryimage\"},\"thumbnailUrl\":\"https:\/\/noticiaempauta.com\/portal\/wp-content\/uploads\/2026\/09\/WhatsApp_Image_2026-02-19_at_12_09_32_4.webp\",\"datePublished\":\"2026-09-03T12:41:52+00:00\",\"dateModified\":\"2026-09-03T12:41:54+00:00\",\"breadcrumb\":{\"@id\":\"https:\/\/noticiaempauta.com\/portal\/operacao-mira-motoristas-por-aplicativo-suspeitos-de-transportar-drogas-no-piaui\/#breadcrumb\"},\"inLanguage\":\"pt-BR\",\"potentialAction\":[{\"@type\":\"ReadAction\",\"target\":[\"https:\/\/noticiaempauta.com\/portal\/operacao-mira-motoristas-por-aplicativo-suspeitos-de-transportar-drogas-no-piaui\/\"]}]},{\"@type\":\"ImageObject\",\"inLanguage\":\"pt-BR\",\"@id\":\"https:\/\/noticiaempauta.com\/portal\/operacao-mira-motoristas-por-aplicativo-suspeitos-de-transportar-drogas-no-piaui\/#primaryimage\",\"url\":\"https:\/\/noticiaempauta.com\/portal\/wp-content\/uploads\/2026\/09\/WhatsApp_Image_2026-02-19_at_12_09_32_4.webp\",\"contentUrl\":\"https:\/\/noticiaempauta.com\/portal\/wp-content\/uploads\/2026\/09\/WhatsApp_Image_2026-02-19_at_12_09_32_4.webp\",\"width\":1600,\"height\":1200},{\"@type\":\"BreadcrumbList\",\"@id\":\"https:\/\/noticiaempauta.com\/portal\/operacao-mira-motoristas-por-aplicativo-suspeitos-de-transportar-drogas-no-piaui\/#breadcrumb\",\"itemListElement\":[{\"@type\":\"ListItem\",\"position\":1,\"name\":\"P\u00e1gina Inicial\",\"item\":\"https:\/\/noticiaempauta.com\/portal\/\"},{\"@type\":\"ListItem\",\"position\":2,\"name\":\"Destaques\",\"item\":\"https:\/\/noticiaempauta.com\/portal\/destaques-site\/\"},{\"@type\":\"ListItem\",\"position\":3,\"name\":\"Opera\u00e7\u00e3o mira motoristas por aplicativo suspeitos de transportar drogas no Piau\u00ed\"}]},{\"@type\":\"WebSite\",\"@id\":\"https:\/\/noticiaempauta.com\/portal\/#website\",\"url\":\"https:\/\/noticiaempauta.com\/portal\/\",\"name\":\"Portal Not\u00edcia em Pauta\",\"description\":\"Voc\u00ea bem informado\",\"publisher\":{\"@id\":\"https:\/\/noticiaempauta.com\/portal\/#organization\"},\"potentialAction\":[{\"@type\":\"SearchAction\",\"target\":{\"@type\":\"EntryPoint\",\"urlTemplate\":\"https:\/\/noticiaempauta.com\/portal\/?s={search_term_string}\"},\"query-input\":{\"@type\":\"PropertyValueSpecification\",\"valueRequired\":true,\"valueName\":\"search_term_string\"}}],\"inLanguage\":\"pt-BR\"},{\"@type\":\"Organization\",\"@id\":\"https:\/\/noticiaempauta.com\/portal\/#organization\",\"name\":\"Portal Not\u00edcia em Pauta\",\"url\":\"https:\/\/noticiaempauta.com\/portal\/\",\"logo\":{\"@type\":\"ImageObject\",\"inLanguage\":\"pt-BR\",\"@id\":\"https:\/\/noticiaempauta.com\/portal\/#\/schema\/logo\/image\/\",\"url\":\"https:\/\/noticiaempauta.com\/portal\/wp-content\/uploads\/2022\/08\/logomarca_tema.fw_.png\",\"contentUrl\":\"https:\/\/noticiaempauta.com\/portal\/wp-content\/uploads\/2022\/08\/logomarca_tema.fw_.png\",\"width\":400,\"height\":232,\"caption\":\"Portal Not\u00edcia em Pauta\"},\"image\":{\"@id\":\"https:\/\/noticiaempauta.com\/portal\/#\/schema\/logo\/image\/\"},\"sameAs\":[\"https:\/\/www.facebook.com\/Portal-Notcia-Em-Pauta-102292869264820\/\",\"https:\/\/www.instagram.com\/portalnoticiaempauta\/\"]},{\"@type\":\"Person\",\"@id\":\"https:\/\/noticiaempauta.com\/portal\/#\/schema\/person\/a74af43dd1ab3deca45f988c717d57ac\",\"name\":\"Reda\u00e7\u00e3o\",\"image\":{\"@type\":\"ImageObject\",\"inLanguage\":\"pt-BR\",\"@id\":\"https:\/\/noticiaempauta.com\/portal\/#\/schema\/person\/image\/\",\"url\":\"https:\/\/secure.gravatar.com\/avatar\/03179346ecce6cdfc13361603e8f54242a90e5cde8618fa23c5c00aa2b0aadf3?s=96&d=mm&r=g\",\"contentUrl\":\"https:\/\/secure.gravatar.com\/avatar\/03179346ecce6cdfc13361603e8f54242a90e5cde8618fa23c5c00aa2b0aadf3?s=96&d=mm&r=g\",\"caption\":\"Reda\u00e7\u00e3o\"},\"sameAs\":[\"https:\/\/noticiaempauta.com\/portal\/\"],\"url\":\"https:\/\/noticiaempauta.com\/portal\/author\/fernando\/\"}]}<\/script>\n<!-- \/ Yoast SEO Premium plugin. -->","yoast_head_json":{"title":"Opera\u00e7\u00e3o mira motoristas por aplicativo suspeitos de transportar drogas no Piau\u00ed - Portal Not\u00edcia em Pauta","robots":{"index":"index","follow":"follow","max-snippet":"max-snippet:-1","max-image-preview":"max-image-preview:large","max-video-preview":"max-video-preview:-1"},"canonical":"https:\/\/noticiaempauta.com\/portal\/operacao-mira-motoristas-por-aplicativo-suspeitos-de-transportar-drogas-no-piaui\/","og_locale":"pt_BR","og_type":"article","og_title":"Opera\u00e7\u00e3o mira motoristas por aplicativo suspeitos de transportar drogas no Piau\u00ed","og_description":"Motoristas por aplicativo investigados por transportar drogas para uma fac\u00e7\u00e3o criminosa foram alvo de uma opera\u00e7\u00e3o deflagrada na manh\u00e3 desta quinta-feira (3) pelo Departamento Estadual de Repress\u00e3o ao Narcotr\u00e1fico (Denarc). Ao todo, foram cumpridos 16 mandados judiciais em Teresina e Valen\u00e7a do Piau\u00ed. At\u00e9 o momento, quatro pessoas foram presas. Segundo o Denarc, a opera\u00e7\u00e3o [&hellip;]","og_url":"https:\/\/noticiaempauta.com\/portal\/operacao-mira-motoristas-por-aplicativo-suspeitos-de-transportar-drogas-no-piaui\/","og_site_name":"Portal Not\u00edcia em Pauta","article_publisher":"https:\/\/www.facebook.com\/Portal-Notcia-Em-Pauta-102292869264820\/","article_published_time":"2026-09-03T12:41:52+00:00","article_modified_time":"2026-09-03T12:41:54+00:00","og_image":[{"width":1600,"height":1200,"url":"https:\/\/noticiaempauta.com\/portal\/wp-content\/uploads\/2026\/09\/WhatsApp_Image_2026-02-19_at_12_09_32_4.webp","type":"image\/webp"}],"author":"Reda\u00e7\u00e3o","twitter_card":"summary_large_image","twitter_misc":{"Escrito por":"Reda\u00e7\u00e3o","Est. tempo de leitura":"3 minutos"},"schema":{"@context":"https:\/\/schema.org","@graph":[{"@type":"Article","@id":"https:\/\/noticiaempauta.com\/portal\/operacao-mira-motoristas-por-aplicativo-suspeitos-de-transportar-drogas-no-piaui\/#article","isPartOf":{"@id":"https:\/\/noticiaempauta.com\/portal\/operacao-mira-motoristas-por-aplicativo-suspeitos-de-transportar-drogas-no-piaui\/"},"author":{"name":"Reda\u00e7\u00e3o","@id":"https:\/\/noticiaempauta.com\/portal\/#\/schema\/person\/a74af43dd1ab3deca45f988c717d57ac"},"headline":"Opera\u00e7\u00e3o mira motoristas por aplicativo suspeitos de transportar drogas no Piau\u00ed","datePublished":"2026-09-03T12:41:52+00:00","dateModified":"2026-09-03T12:41:54+00:00","mainEntityOfPage":{"@id":"https:\/\/noticiaempauta.com\/portal\/operacao-mira-motoristas-por-aplicativo-suspeitos-de-transportar-drogas-no-piaui\/"},"wordCount":497,"publisher":{"@id":"https:\/\/noticiaempauta.com\/portal\/#organization"},"image":{"@id":"https:\/\/noticiaempauta.com\/portal\/operacao-mira-motoristas-por-aplicativo-suspeitos-de-transportar-drogas-no-piaui\/#primaryimage"},"thumbnailUrl":"https:\/\/noticiaempauta.com\/portal\/wp-content\/uploads\/2026\/09\/WhatsApp_Image_2026-02-19_at_12_09_32_4.webp","keywords":["destaqueprincipal"],"articleSection":["Destaques","Geral","Pol\u00edcia","Todas as Not\u00edcias"],"inLanguage":"pt-BR"},{"@type":"WebPage","@id":"https:\/\/noticiaempauta.com\/portal\/operacao-mira-motoristas-por-aplicativo-suspeitos-de-transportar-drogas-no-piaui\/","url":"https:\/\/noticiaempauta.com\/portal\/operacao-mira-motoristas-por-aplicativo-suspeitos-de-transportar-drogas-no-piaui\/","name":"Opera\u00e7\u00e3o mira motoristas por aplicativo suspeitos de transportar drogas no Piau\u00ed - Portal Not\u00edcia em Pauta","isPartOf":{"@id":"https:\/\/noticiaempauta.com\/portal\/#website"},"primaryImageOfPage":{"@id":"https:\/\/noticiaempauta.com\/portal\/operacao-mira-motoristas-por-aplicativo-suspeitos-de-transportar-drogas-no-piaui\/#primaryimage"},"image":{"@id":"https:\/\/noticiaempauta.com\/portal\/operacao-mira-motoristas-por-aplicativo-suspeitos-de-transportar-drogas-no-piaui\/#primaryimage"},"thumbnailUrl":"https:\/\/noticiaempauta.com\/portal\/wp-content\/uploads\/2026\/09\/WhatsApp_Image_2026-02-19_at_12_09_32_4.webp","datePublished":"2026-09-03T12:41:52+00:00","dateModified":"2026-09-03T12:41:54+00:00","breadcrumb":{"@id":"https:\/\/noticiaempauta.com\/portal\/operacao-mira-motoristas-por-aplicativo-suspeitos-de-transportar-drogas-no-piaui\/#breadcrumb"},"inLanguage":"pt-BR","potentialAction":[{"@type":"ReadAction","target":["https:\/\/noticiaempauta.com\/portal\/operacao-mira-motoristas-por-aplicativo-suspeitos-de-transportar-drogas-no-piaui\/"]}]},{"@type":"ImageObject","inLanguage":"pt-BR","@id":"https:\/\/noticiaempauta.com\/portal\/operacao-mira-motoristas-por-aplicativo-suspeitos-de-transportar-drogas-no-piaui\/#primaryimage","url":"https:\/\/noticiaempauta.com\/portal\/wp-content\/uploads\/2026\/09\/WhatsApp_Image_2026-02-19_at_12_09_32_4.webp","contentUrl":"https:\/\/noticiaempauta.com\/portal\/wp-content\/uploads\/2026\/09\/WhatsApp_Image_2026-02-19_at_12_09_32_4.webp","width":1600,"height":1200},{"@type":"BreadcrumbList","@id":"https:\/\/noticiaempauta.com\/portal\/operacao-mira-motoristas-por-aplicativo-suspeitos-de-transportar-drogas-no-piaui\/#breadcrumb","itemListElement":[{"@type":"ListItem","position":1,"name":"P\u00e1gina Inicial","item":"https:\/\/noticiaempauta.com\/portal\/"},{"@type":"ListItem","position":2,"name":"Destaques","item":"https:\/\/noticiaempauta.com\/portal\/destaques-site\/"},{"@type":"ListItem","position":3,"name":"Opera\u00e7\u00e3o mira motoristas por aplicativo suspeitos de transportar drogas no Piau\u00ed"}]},{"@type":"WebSite","@id":"https:\/\/noticiaempauta.com\/portal\/#website","url":"https:\/\/noticiaempauta.com\/portal\/","name":"Portal Not\u00edcia em Pauta","description":"Voc\u00ea bem informado","publisher":{"@id":"https:\/\/noticiaempauta.com\/portal\/#organization"},"potentialAction":[{"@type":"SearchAction","target":{"@type":"EntryPoint","urlTemplate":"https:\/\/noticiaempauta.com\/portal\/?s={search_term_string}"},"query-input":{"@type":"PropertyValueSpecification","valueRequired":true,"valueName":"search_term_string"}}],"inLanguage":"pt-BR"},{"@type":"Organization","@id":"https:\/\/noticiaempauta.com\/portal\/#organization","name":"Portal Not\u00edcia em Pauta","url":"https:\/\/noticiaempauta.com\/portal\/","logo":{"@type":"ImageObject","inLanguage":"pt-BR","@id":"https:\/\/noticiaempauta.com\/portal\/#\/schema\/logo\/image\/","url":"https:\/\/noticiaempauta.com\/portal\/wp-content\/uploads\/2022\/08\/logomarca_tema.fw_.png","contentUrl":"https:\/\/noticiaempauta.com\/portal\/wp-content\/uploads\/2022\/08\/logomarca_tema.fw_.png","width":400,"height":232,"caption":"Portal Not\u00edcia em Pauta"},"image":{"@id":"https:\/\/noticiaempauta.com\/portal\/#\/schema\/logo\/image\/"},"sameAs":["https:\/\/www.facebook.com\/Portal-Notcia-Em-Pauta-102292869264820\/","https:\/\/www.instagram.com\/portalnoticiaempauta\/"]},{"@type":"Person","@id":"https:\/\/noticiaempauta.com\/portal\/#\/schema\/person\/a74af43dd1ab3deca45f988c717d57ac","name":"Reda\u00e7\u00e3o","image":{"@type":"ImageObject","inLanguage":"pt-BR","@id":"https:\/\/noticiaempauta.com\/portal\/#\/schema\/person\/image\/","url":"https:\/\/secure.gravatar.com\/avatar\/03179346ecce6cdfc13361603e8f54242a90e5cde8618fa23c5c00aa2b0aadf3?s=96&d=mm&r=g","contentUrl":"https:\/\/secure.gravatar.com\/avatar\/03179346ecce6cdfc13361603e8f54242a90e5cde8618fa23c5c00aa2b0aadf3?s=96&d=mm&r=g","caption":"Reda\u00e7\u00e3o"},"sameAs":["https:\/\/noticiaempauta.com\/portal\/"],"url":"https:\/\/noticiaempauta.com\/portal\/author\/fernando\/"}]}},"_links":{"self":[{"href":"https:\/\/noticiaempauta.com\/portal\/wp-json\/wp\/v2\/posts\/294211","targetHints":{"allow":["GET"]}}],"collection":[{"href":"https:\/\/noticiaempauta.com\/portal\/wp-json\/wp\/v2\/posts"}],"about":[{"href":"https:\/\/noticiaempauta.com\/portal\/wp-json\/wp\/v2\/types\/post"}],"author":[{"embeddable":true,"href":"https:\/\/noticiaempauta.com\/portal\/wp-json\/wp\/v2\/users\/2"}],"replies":[{"embeddable":true,"href":"https:\/\/noticiaempauta.com\/portal\/wp-json\/wp\/v2\/comments?post=294211"}],"version-history":[{"count":2,"href":"https:\/\/noticiaempauta.com\/portal\/wp-json\/wp\/v2\/posts\/294211\/revisions"}],"predecessor-version":[{"id":294214,"href":"https:\/\/noticiaempauta.com\/portal\/wp-json\/wp\/v2\/posts\/294211\/revisions\/294214"}],"wp:featuredmedia":[{"embeddable":true,"href":"https:\/\/noticiaempauta.com\/portal\/wp-json\/wp\/v2\/media\/294212"}],"wp:attachment":[{"href":"https:\/\/noticiaempauta.com\/portal\/wp-json\/wp\/v2\/media?parent=294211"}],"wp:term":[{"taxonomy":"category","embeddable":true,"href":"https:\/\/noticiaempauta.com\/portal\/wp-json\/wp\/v2\/categories?post=294211"},{"taxonomy":"post_tag","embeddable":true,"href":"https:\/\/noticiaempauta.com\/portal\/wp-json\/wp\/v2\/tags?post=294211"}],"curies":[{"name":"wp","href":"https:\/\/api.w.org\/{rel}","templated":true}]}}