{"id":294221,"date":"2026-09-03T14:51:59","date_gmt":"2026-09-03T17:51:59","guid":{"rendered":"https:\/\/noticiaempauta.com\/portal\/?p=294221"},"modified":"2026-09-03T14:52:07","modified_gmt":"2026-09-03T17:52:07","slug":"deputado-dr-thales-coelho-reune-apoiadores-em-oeiras-e-reforca-campanha-eleitoral","status":"publish","type":"post","link":"https:\/\/noticiaempauta.com\/portal\/deputado-dr-thales-coelho-reune-apoiadores-em-oeiras-e-reforca-campanha-eleitoral\/","title":{"rendered":"Deputado Dr. Thales Coelho re\u00fane apoiadores em Oeiras e refor\u00e7a campanha eleitoral"},"content":{"rendered":"\n<p class=\"wp-block-paragraph\">O deputado estadual Dr. Thales Coelho (PT), candidato \u00e0 reelei\u00e7\u00e3o, participou na noite desta quarta-feira (2) de um evento em Oeiras do Piau\u00ed, ao lado da lideran\u00e7a local e suplente de vereador Regiel Gon\u00e7alves. O encontro reuniu conversas, alinhamento pol\u00edtico e contato direto com eleitores do munic\u00edpio.<\/p>\n\n\n\n<figure class=\"wp-block-image size-large\"><img fetchpriority=\"high\" decoding=\"async\" width=\"1024\" height=\"684\" src=\"https:\/\/noticiaempauta.com\/portal\/wp-content\/uploads\/2026\/09\/OEIRAS-1-1024x684.webp\" alt=\"\" class=\"wp-image-294222\" srcset=\"https:\/\/noticiaempauta.com\/portal\/wp-content\/uploads\/2026\/09\/OEIRAS-1-1024x684.webp 1024w, https:\/\/noticiaempauta.com\/portal\/wp-content\/uploads\/2026\/09\/OEIRAS-1-300x200.webp 300w, https:\/\/noticiaempauta.com\/portal\/wp-content\/uploads\/2026\/09\/OEIRAS-1-768x513.webp 768w, https:\/\/noticiaempauta.com\/portal\/wp-content\/uploads\/2026\/09\/OEIRAS-1-1536x1027.webp 1536w, https:\/\/noticiaempauta.com\/portal\/wp-content\/uploads\/2026\/09\/OEIRAS-1.webp 1616w\" sizes=\"(max-width: 1024px) 100vw, 1024px\" \/><\/figure>\n\n\n\n<p class=\"wp-block-paragraph\">Dr. Thales comentou sobre o encontro. &#8220;Fico muito feliz em participar de reuni\u00f5es como essa, em que a gente tem um contato direto com o eleitor. Aqui em Oeiras temos amigos e um time forte, que com certeza tem levado as nossas propostas, e o resultado disso ser\u00e1 visto nas urnas&#8221;, afirmou o deputado.<\/p>\n\n\n\n<figure class=\"wp-block-image size-large\"><img decoding=\"async\" width=\"1024\" height=\"684\" src=\"https:\/\/noticiaempauta.com\/portal\/wp-content\/uploads\/2026\/09\/OEIRAS-2-1024x684.webp\" alt=\"\" class=\"wp-image-294223\" srcset=\"https:\/\/noticiaempauta.com\/portal\/wp-content\/uploads\/2026\/09\/OEIRAS-2-1024x684.webp 1024w, https:\/\/noticiaempauta.com\/portal\/wp-content\/uploads\/2026\/09\/OEIRAS-2-300x200.webp 300w, https:\/\/noticiaempauta.com\/portal\/wp-content\/uploads\/2026\/09\/OEIRAS-2-768x513.webp 768w, https:\/\/noticiaempauta.com\/portal\/wp-content\/uploads\/2026\/09\/OEIRAS-2-1536x1027.webp 1536w, https:\/\/noticiaempauta.com\/portal\/wp-content\/uploads\/2026\/09\/OEIRAS-2.webp 1616w\" sizes=\"(max-width: 1024px) 100vw, 1024px\" \/><\/figure>\n\n\n\n<p class=\"wp-block-paragraph\">Para o suplente de vereador Regiel Gon\u00e7alves, a noite teve significado especial. &#8220;Ter a presen\u00e7a do deputado no munic\u00edpio \u00e9 sempre muito bem-vindo. Agradecemos a participa\u00e7\u00e3o do Dr. Thales na reuni\u00e3o de hoje. Realmente foi um momento em que ouvimos as suas propostas, e de fato podemos levar o trabalho do deputado aos nossos amigos aqui em Oeiras&#8221;, declarou.<\/p>\n\n\n\n<figure class=\"wp-block-image size-large\"><img decoding=\"async\" width=\"1024\" height=\"684\" src=\"https:\/\/noticiaempauta.com\/portal\/wp-content\/uploads\/2026\/09\/OEIRAS-3-1024x684.webp\" alt=\"\" class=\"wp-image-294224\" srcset=\"https:\/\/noticiaempauta.com\/portal\/wp-content\/uploads\/2026\/09\/OEIRAS-3-1024x684.webp 1024w, https:\/\/noticiaempauta.com\/portal\/wp-content\/uploads\/2026\/09\/OEIRAS-3-300x200.webp 300w, https:\/\/noticiaempauta.com\/portal\/wp-content\/uploads\/2026\/09\/OEIRAS-3-768x513.webp 768w, https:\/\/noticiaempauta.com\/portal\/wp-content\/uploads\/2026\/09\/OEIRAS-3-1536x1027.webp 1536w, https:\/\/noticiaempauta.com\/portal\/wp-content\/uploads\/2026\/09\/OEIRAS-3.webp 1616w\" sizes=\"(max-width: 1024px) 100vw, 1024px\" \/><\/figure>\n\n\n\n<p class=\"wp-block-paragraph\">Dr. Thales Coelho segue fazendo reuni\u00f5es, visitas e agendas em diversos munic\u00edpios do Piau\u00ed, com expectativa de ampliar o n\u00famero de votos no pleito de 2026.<\/p>\n","protected":false},"excerpt":{"rendered":"<p>O deputado estadual Dr. Thales Coelho (PT), candidato \u00e0 reelei\u00e7\u00e3o, participou na noite desta quarta-feira (2) de um evento em Oeiras do Piau\u00ed, ao lado da lideran\u00e7a local e suplente de vereador Regiel Gon\u00e7alves. O encontro reuniu conversas, alinhamento pol\u00edtico e contato direto com eleitores do munic\u00edpio. Dr. Thales comentou sobre o encontro. &#8220;Fico muito [&hellip;]<\/p>\n","protected":false},"author":2,"featured_media":294222,"comment_status":"closed","ping_status":"closed","sticky":false,"template":"","format":"standard","meta":{"_mi_skip_tracking":false,"footnotes":""},"categories":[25,1,3,16],"tags":[192],"class_list":["post-294221","post","type-post","status-publish","format-standard","has-post-thumbnail","hentry","category-destaques-site","category-geral","category-politica","category-todas","tag-destaqueprincipal"],"acf":[],"yoast_head":"<!-- This site is optimized with the Yoast SEO Premium plugin v19.2 (Yoast SEO v26.9) - https:\/\/yoast.com\/product\/yoast-seo-premium-wordpress\/ -->\n<title>Deputado Dr. Thales Coelho re\u00fane apoiadores em Oeiras e refor\u00e7a campanha eleitoral - Portal Not\u00edcia em Pauta<\/title>\n<meta name=\"robots\" content=\"index, follow, max-snippet:-1, max-image-preview:large, max-video-preview:-1\" \/>\n<link rel=\"canonical\" href=\"https:\/\/noticiaempauta.com\/portal\/deputado-dr-thales-coelho-reune-apoiadores-em-oeiras-e-reforca-campanha-eleitoral\/\" \/>\n<meta property=\"og:locale\" content=\"pt_BR\" \/>\n<meta property=\"og:type\" content=\"article\" \/>\n<meta property=\"og:title\" content=\"Deputado Dr. Thales Coelho re\u00fane apoiadores em Oeiras e refor\u00e7a campanha eleitoral\" \/>\n<meta property=\"og:description\" content=\"O deputado estadual Dr. Thales Coelho (PT), candidato \u00e0 reelei\u00e7\u00e3o, participou na noite desta quarta-feira (2) de um evento em Oeiras do Piau\u00ed, ao lado da lideran\u00e7a local e suplente de vereador Regiel Gon\u00e7alves. O encontro reuniu conversas, alinhamento pol\u00edtico e contato direto com eleitores do munic\u00edpio. Dr. Thales comentou sobre o encontro. &#8220;Fico muito [&hellip;]\" \/>\n<meta property=\"og:url\" content=\"https:\/\/noticiaempauta.com\/portal\/deputado-dr-thales-coelho-reune-apoiadores-em-oeiras-e-reforca-campanha-eleitoral\/\" \/>\n<meta property=\"og:site_name\" content=\"Portal Not\u00edcia em Pauta\" \/>\n<meta property=\"article:publisher\" content=\"https:\/\/www.facebook.com\/Portal-Notcia-Em-Pauta-102292869264820\/\" \/>\n<meta property=\"article:published_time\" content=\"2026-09-03T17:51:59+00:00\" \/>\n<meta property=\"article:modified_time\" content=\"2026-09-03T17:52:07+00:00\" \/>\n<meta property=\"og:image\" content=\"https:\/\/noticiaempauta.com\/portal\/wp-content\/uploads\/2026\/09\/OEIRAS-1.webp\" \/>\n\t<meta property=\"og:image:width\" content=\"1616\" \/>\n\t<meta property=\"og:image:height\" content=\"1080\" \/>\n\t<meta property=\"og:image:type\" content=\"image\/webp\" \/>\n<meta name=\"author\" content=\"Reda\u00e7\u00e3o\" \/>\n<meta name=\"twitter:card\" content=\"summary_large_image\" \/>\n<meta name=\"twitter:label1\" content=\"Escrito por\" \/>\n\t<meta name=\"twitter:data1\" content=\"Reda\u00e7\u00e3o\" \/>\n\t<meta name=\"twitter:label2\" content=\"Est. tempo de leitura\" \/>\n\t<meta name=\"twitter:data2\" content=\"2 minutos\" \/>\n<script type=\"application\/ld+json\" class=\"yoast-schema-graph\">{\"@context\":\"https:\/\/schema.org\",\"@graph\":[{\"@type\":\"Article\",\"@id\":\"https:\/\/noticiaempauta.com\/portal\/deputado-dr-thales-coelho-reune-apoiadores-em-oeiras-e-reforca-campanha-eleitoral\/#article\",\"isPartOf\":{\"@id\":\"https:\/\/noticiaempauta.com\/portal\/deputado-dr-thales-coelho-reune-apoiadores-em-oeiras-e-reforca-campanha-eleitoral\/\"},\"author\":{\"name\":\"Reda\u00e7\u00e3o\",\"@id\":\"https:\/\/noticiaempauta.com\/portal\/#\/schema\/person\/a74af43dd1ab3deca45f988c717d57ac\"},\"headline\":\"Deputado Dr. Thales Coelho re\u00fane apoiadores em Oeiras e refor\u00e7a campanha eleitoral\",\"datePublished\":\"2026-09-03T17:51:59+00:00\",\"dateModified\":\"2026-09-03T17:52:07+00:00\",\"mainEntityOfPage\":{\"@id\":\"https:\/\/noticiaempauta.com\/portal\/deputado-dr-thales-coelho-reune-apoiadores-em-oeiras-e-reforca-campanha-eleitoral\/\"},\"wordCount\":210,\"publisher\":{\"@id\":\"https:\/\/noticiaempauta.com\/portal\/#organization\"},\"image\":{\"@id\":\"https:\/\/noticiaempauta.com\/portal\/deputado-dr-thales-coelho-reune-apoiadores-em-oeiras-e-reforca-campanha-eleitoral\/#primaryimage\"},\"thumbnailUrl\":\"https:\/\/noticiaempauta.com\/portal\/wp-content\/uploads\/2026\/09\/OEIRAS-1.webp\",\"keywords\":[\"destaqueprincipal\"],\"articleSection\":[\"Destaques\",\"Geral\",\"Pol\u00edtica\",\"Todas as Not\u00edcias\"],\"inLanguage\":\"pt-BR\"},{\"@type\":\"WebPage\",\"@id\":\"https:\/\/noticiaempauta.com\/portal\/deputado-dr-thales-coelho-reune-apoiadores-em-oeiras-e-reforca-campanha-eleitoral\/\",\"url\":\"https:\/\/noticiaempauta.com\/portal\/deputado-dr-thales-coelho-reune-apoiadores-em-oeiras-e-reforca-campanha-eleitoral\/\",\"name\":\"Deputado Dr. Thales Coelho re\u00fane apoiadores em Oeiras e refor\u00e7a campanha eleitoral - Portal Not\u00edcia em Pauta\",\"isPartOf\":{\"@id\":\"https:\/\/noticiaempauta.com\/portal\/#website\"},\"primaryImageOfPage\":{\"@id\":\"https:\/\/noticiaempauta.com\/portal\/deputado-dr-thales-coelho-reune-apoiadores-em-oeiras-e-reforca-campanha-eleitoral\/#primaryimage\"},\"image\":{\"@id\":\"https:\/\/noticiaempauta.com\/portal\/deputado-dr-thales-coelho-reune-apoiadores-em-oeiras-e-reforca-campanha-eleitoral\/#primaryimage\"},\"thumbnailUrl\":\"https:\/\/noticiaempauta.com\/portal\/wp-content\/uploads\/2026\/09\/OEIRAS-1.webp\",\"datePublished\":\"2026-09-03T17:51:59+00:00\",\"dateModified\":\"2026-09-03T17:52:07+00:00\",\"breadcrumb\":{\"@id\":\"https:\/\/noticiaempauta.com\/portal\/deputado-dr-thales-coelho-reune-apoiadores-em-oeiras-e-reforca-campanha-eleitoral\/#breadcrumb\"},\"inLanguage\":\"pt-BR\",\"potentialAction\":[{\"@type\":\"ReadAction\",\"target\":[\"https:\/\/noticiaempauta.com\/portal\/deputado-dr-thales-coelho-reune-apoiadores-em-oeiras-e-reforca-campanha-eleitoral\/\"]}]},{\"@type\":\"ImageObject\",\"inLanguage\":\"pt-BR\",\"@id\":\"https:\/\/noticiaempauta.com\/portal\/deputado-dr-thales-coelho-reune-apoiadores-em-oeiras-e-reforca-campanha-eleitoral\/#primaryimage\",\"url\":\"https:\/\/noticiaempauta.com\/portal\/wp-content\/uploads\/2026\/09\/OEIRAS-1.webp\",\"contentUrl\":\"https:\/\/noticiaempauta.com\/portal\/wp-content\/uploads\/2026\/09\/OEIRAS-1.webp\",\"width\":1616,\"height\":1080},{\"@type\":\"BreadcrumbList\",\"@id\":\"https:\/\/noticiaempauta.com\/portal\/deputado-dr-thales-coelho-reune-apoiadores-em-oeiras-e-reforca-campanha-eleitoral\/#breadcrumb\",\"itemListElement\":[{\"@type\":\"ListItem\",\"position\":1,\"name\":\"P\u00e1gina Inicial\",\"item\":\"https:\/\/noticiaempauta.com\/portal\/\"},{\"@type\":\"ListItem\",\"position\":2,\"name\":\"Destaques\",\"item\":\"https:\/\/noticiaempauta.com\/portal\/destaques-site\/\"},{\"@type\":\"ListItem\",\"position\":3,\"name\":\"Deputado Dr. Thales Coelho re\u00fane apoiadores em Oeiras e refor\u00e7a campanha eleitoral\"}]},{\"@type\":\"WebSite\",\"@id\":\"https:\/\/noticiaempauta.com\/portal\/#website\",\"url\":\"https:\/\/noticiaempauta.com\/portal\/\",\"name\":\"Portal Not\u00edcia em Pauta\",\"description\":\"Voc\u00ea bem informado\",\"publisher\":{\"@id\":\"https:\/\/noticiaempauta.com\/portal\/#organization\"},\"potentialAction\":[{\"@type\":\"SearchAction\",\"target\":{\"@type\":\"EntryPoint\",\"urlTemplate\":\"https:\/\/noticiaempauta.com\/portal\/?s={search_term_string}\"},\"query-input\":{\"@type\":\"PropertyValueSpecification\",\"valueRequired\":true,\"valueName\":\"search_term_string\"}}],\"inLanguage\":\"pt-BR\"},{\"@type\":\"Organization\",\"@id\":\"https:\/\/noticiaempauta.com\/portal\/#organization\",\"name\":\"Portal Not\u00edcia em Pauta\",\"url\":\"https:\/\/noticiaempauta.com\/portal\/\",\"logo\":{\"@type\":\"ImageObject\",\"inLanguage\":\"pt-BR\",\"@id\":\"https:\/\/noticiaempauta.com\/portal\/#\/schema\/logo\/image\/\",\"url\":\"https:\/\/noticiaempauta.com\/portal\/wp-content\/uploads\/2022\/08\/logomarca_tema.fw_.png\",\"contentUrl\":\"https:\/\/noticiaempauta.com\/portal\/wp-content\/uploads\/2022\/08\/logomarca_tema.fw_.png\",\"width\":400,\"height\":232,\"caption\":\"Portal Not\u00edcia em Pauta\"},\"image\":{\"@id\":\"https:\/\/noticiaempauta.com\/portal\/#\/schema\/logo\/image\/\"},\"sameAs\":[\"https:\/\/www.facebook.com\/Portal-Notcia-Em-Pauta-102292869264820\/\",\"https:\/\/www.instagram.com\/portalnoticiaempauta\/\"]},{\"@type\":\"Person\",\"@id\":\"https:\/\/noticiaempauta.com\/portal\/#\/schema\/person\/a74af43dd1ab3deca45f988c717d57ac\",\"name\":\"Reda\u00e7\u00e3o\",\"image\":{\"@type\":\"ImageObject\",\"inLanguage\":\"pt-BR\",\"@id\":\"https:\/\/noticiaempauta.com\/portal\/#\/schema\/person\/image\/\",\"url\":\"https:\/\/secure.gravatar.com\/avatar\/03179346ecce6cdfc13361603e8f54242a90e5cde8618fa23c5c00aa2b0aadf3?s=96&d=mm&r=g\",\"contentUrl\":\"https:\/\/secure.gravatar.com\/avatar\/03179346ecce6cdfc13361603e8f54242a90e5cde8618fa23c5c00aa2b0aadf3?s=96&d=mm&r=g\",\"caption\":\"Reda\u00e7\u00e3o\"},\"sameAs\":[\"https:\/\/noticiaempauta.com\/portal\/\"],\"url\":\"https:\/\/noticiaempauta.com\/portal\/author\/fernando\/\"}]}<\/script>\n<!-- \/ Yoast SEO Premium plugin. -->","yoast_head_json":{"title":"Deputado Dr. Thales Coelho re\u00fane apoiadores em Oeiras e refor\u00e7a campanha eleitoral - Portal Not\u00edcia em Pauta","robots":{"index":"index","follow":"follow","max-snippet":"max-snippet:-1","max-image-preview":"max-image-preview:large","max-video-preview":"max-video-preview:-1"},"canonical":"https:\/\/noticiaempauta.com\/portal\/deputado-dr-thales-coelho-reune-apoiadores-em-oeiras-e-reforca-campanha-eleitoral\/","og_locale":"pt_BR","og_type":"article","og_title":"Deputado Dr. Thales Coelho re\u00fane apoiadores em Oeiras e refor\u00e7a campanha eleitoral","og_description":"O deputado estadual Dr. Thales Coelho (PT), candidato \u00e0 reelei\u00e7\u00e3o, participou na noite desta quarta-feira (2) de um evento em Oeiras do Piau\u00ed, ao lado da lideran\u00e7a local e suplente de vereador Regiel Gon\u00e7alves. O encontro reuniu conversas, alinhamento pol\u00edtico e contato direto com eleitores do munic\u00edpio. Dr. Thales comentou sobre o encontro. &#8220;Fico muito [&hellip;]","og_url":"https:\/\/noticiaempauta.com\/portal\/deputado-dr-thales-coelho-reune-apoiadores-em-oeiras-e-reforca-campanha-eleitoral\/","og_site_name":"Portal Not\u00edcia em Pauta","article_publisher":"https:\/\/www.facebook.com\/Portal-Notcia-Em-Pauta-102292869264820\/","article_published_time":"2026-09-03T17:51:59+00:00","article_modified_time":"2026-09-03T17:52:07+00:00","og_image":[{"width":1616,"height":1080,"url":"https:\/\/noticiaempauta.com\/portal\/wp-content\/uploads\/2026\/09\/OEIRAS-1.webp","type":"image\/webp"}],"author":"Reda\u00e7\u00e3o","twitter_card":"summary_large_image","twitter_misc":{"Escrito por":"Reda\u00e7\u00e3o","Est. tempo de leitura":"2 minutos"},"schema":{"@context":"https:\/\/schema.org","@graph":[{"@type":"Article","@id":"https:\/\/noticiaempauta.com\/portal\/deputado-dr-thales-coelho-reune-apoiadores-em-oeiras-e-reforca-campanha-eleitoral\/#article","isPartOf":{"@id":"https:\/\/noticiaempauta.com\/portal\/deputado-dr-thales-coelho-reune-apoiadores-em-oeiras-e-reforca-campanha-eleitoral\/"},"author":{"name":"Reda\u00e7\u00e3o","@id":"https:\/\/noticiaempauta.com\/portal\/#\/schema\/person\/a74af43dd1ab3deca45f988c717d57ac"},"headline":"Deputado Dr. Thales Coelho re\u00fane apoiadores em Oeiras e refor\u00e7a campanha eleitoral","datePublished":"2026-09-03T17:51:59+00:00","dateModified":"2026-09-03T17:52:07+00:00","mainEntityOfPage":{"@id":"https:\/\/noticiaempauta.com\/portal\/deputado-dr-thales-coelho-reune-apoiadores-em-oeiras-e-reforca-campanha-eleitoral\/"},"wordCount":210,"publisher":{"@id":"https:\/\/noticiaempauta.com\/portal\/#organization"},"image":{"@id":"https:\/\/noticiaempauta.com\/portal\/deputado-dr-thales-coelho-reune-apoiadores-em-oeiras-e-reforca-campanha-eleitoral\/#primaryimage"},"thumbnailUrl":"https:\/\/noticiaempauta.com\/portal\/wp-content\/uploads\/2026\/09\/OEIRAS-1.webp","keywords":["destaqueprincipal"],"articleSection":["Destaques","Geral","Pol\u00edtica","Todas as Not\u00edcias"],"inLanguage":"pt-BR"},{"@type":"WebPage","@id":"https:\/\/noticiaempauta.com\/portal\/deputado-dr-thales-coelho-reune-apoiadores-em-oeiras-e-reforca-campanha-eleitoral\/","url":"https:\/\/noticiaempauta.com\/portal\/deputado-dr-thales-coelho-reune-apoiadores-em-oeiras-e-reforca-campanha-eleitoral\/","name":"Deputado Dr. Thales Coelho re\u00fane apoiadores em Oeiras e refor\u00e7a campanha eleitoral - Portal Not\u00edcia em Pauta","isPartOf":{"@id":"https:\/\/noticiaempauta.com\/portal\/#website"},"primaryImageOfPage":{"@id":"https:\/\/noticiaempauta.com\/portal\/deputado-dr-thales-coelho-reune-apoiadores-em-oeiras-e-reforca-campanha-eleitoral\/#primaryimage"},"image":{"@id":"https:\/\/noticiaempauta.com\/portal\/deputado-dr-thales-coelho-reune-apoiadores-em-oeiras-e-reforca-campanha-eleitoral\/#primaryimage"},"thumbnailUrl":"https:\/\/noticiaempauta.com\/portal\/wp-content\/uploads\/2026\/09\/OEIRAS-1.webp","datePublished":"2026-09-03T17:51:59+00:00","dateModified":"2026-09-03T17:52:07+00:00","breadcrumb":{"@id":"https:\/\/noticiaempauta.com\/portal\/deputado-dr-thales-coelho-reune-apoiadores-em-oeiras-e-reforca-campanha-eleitoral\/#breadcrumb"},"inLanguage":"pt-BR","potentialAction":[{"@type":"ReadAction","target":["https:\/\/noticiaempauta.com\/portal\/deputado-dr-thales-coelho-reune-apoiadores-em-oeiras-e-reforca-campanha-eleitoral\/"]}]},{"@type":"ImageObject","inLanguage":"pt-BR","@id":"https:\/\/noticiaempauta.com\/portal\/deputado-dr-thales-coelho-reune-apoiadores-em-oeiras-e-reforca-campanha-eleitoral\/#primaryimage","url":"https:\/\/noticiaempauta.com\/portal\/wp-content\/uploads\/2026\/09\/OEIRAS-1.webp","contentUrl":"https:\/\/noticiaempauta.com\/portal\/wp-content\/uploads\/2026\/09\/OEIRAS-1.webp","width":1616,"height":1080},{"@type":"BreadcrumbList","@id":"https:\/\/noticiaempauta.com\/portal\/deputado-dr-thales-coelho-reune-apoiadores-em-oeiras-e-reforca-campanha-eleitoral\/#breadcrumb","itemListElement":[{"@type":"ListItem","position":1,"name":"P\u00e1gina Inicial","item":"https:\/\/noticiaempauta.com\/portal\/"},{"@type":"ListItem","position":2,"name":"Destaques","item":"https:\/\/noticiaempauta.com\/portal\/destaques-site\/"},{"@type":"ListItem","position":3,"name":"Deputado Dr. Thales Coelho re\u00fane apoiadores em Oeiras e refor\u00e7a campanha eleitoral"}]},{"@type":"WebSite","@id":"https:\/\/noticiaempauta.com\/portal\/#website","url":"https:\/\/noticiaempauta.com\/portal\/","name":"Portal Not\u00edcia em Pauta","description":"Voc\u00ea bem informado","publisher":{"@id":"https:\/\/noticiaempauta.com\/portal\/#organization"},"potentialAction":[{"@type":"SearchAction","target":{"@type":"EntryPoint","urlTemplate":"https:\/\/noticiaempauta.com\/portal\/?s={search_term_string}"},"query-input":{"@type":"PropertyValueSpecification","valueRequired":true,"valueName":"search_term_string"}}],"inLanguage":"pt-BR"},{"@type":"Organization","@id":"https:\/\/noticiaempauta.com\/portal\/#organization","name":"Portal Not\u00edcia em Pauta","url":"https:\/\/noticiaempauta.com\/portal\/","logo":{"@type":"ImageObject","inLanguage":"pt-BR","@id":"https:\/\/noticiaempauta.com\/portal\/#\/schema\/logo\/image\/","url":"https:\/\/noticiaempauta.com\/portal\/wp-content\/uploads\/2022\/08\/logomarca_tema.fw_.png","contentUrl":"https:\/\/noticiaempauta.com\/portal\/wp-content\/uploads\/2022\/08\/logomarca_tema.fw_.png","width":400,"height":232,"caption":"Portal Not\u00edcia em Pauta"},"image":{"@id":"https:\/\/noticiaempauta.com\/portal\/#\/schema\/logo\/image\/"},"sameAs":["https:\/\/www.facebook.com\/Portal-Notcia-Em-Pauta-102292869264820\/","https:\/\/www.instagram.com\/portalnoticiaempauta\/"]},{"@type":"Person","@id":"https:\/\/noticiaempauta.com\/portal\/#\/schema\/person\/a74af43dd1ab3deca45f988c717d57ac","name":"Reda\u00e7\u00e3o","image":{"@type":"ImageObject","inLanguage":"pt-BR","@id":"https:\/\/noticiaempauta.com\/portal\/#\/schema\/person\/image\/","url":"https:\/\/secure.gravatar.com\/avatar\/03179346ecce6cdfc13361603e8f54242a90e5cde8618fa23c5c00aa2b0aadf3?s=96&d=mm&r=g","contentUrl":"https:\/\/secure.gravatar.com\/avatar\/03179346ecce6cdfc13361603e8f54242a90e5cde8618fa23c5c00aa2b0aadf3?s=96&d=mm&r=g","caption":"Reda\u00e7\u00e3o"},"sameAs":["https:\/\/noticiaempauta.com\/portal\/"],"url":"https:\/\/noticiaempauta.com\/portal\/author\/fernando\/"}]}},"_links":{"self":[{"href":"https:\/\/noticiaempauta.com\/portal\/wp-json\/wp\/v2\/posts\/294221","targetHints":{"allow":["GET"]}}],"collection":[{"href":"https:\/\/noticiaempauta.com\/portal\/wp-json\/wp\/v2\/posts"}],"about":[{"href":"https:\/\/noticiaempauta.com\/portal\/wp-json\/wp\/v2\/types\/post"}],"author":[{"embeddable":true,"href":"https:\/\/noticiaempauta.com\/portal\/wp-json\/wp\/v2\/users\/2"}],"replies":[{"embeddable":true,"href":"https:\/\/noticiaempauta.com\/portal\/wp-json\/wp\/v2\/comments?post=294221"}],"version-history":[{"count":2,"href":"https:\/\/noticiaempauta.com\/portal\/wp-json\/wp\/v2\/posts\/294221\/revisions"}],"predecessor-version":[{"id":294226,"href":"https:\/\/noticiaempauta.com\/portal\/wp-json\/wp\/v2\/posts\/294221\/revisions\/294226"}],"wp:featuredmedia":[{"embeddable":true,"href":"https:\/\/noticiaempauta.com\/portal\/wp-json\/wp\/v2\/media\/294222"}],"wp:attachment":[{"href":"https:\/\/noticiaempauta.com\/portal\/wp-json\/wp\/v2\/media?parent=294221"}],"wp:term":[{"taxonomy":"category","embeddable":true,"href":"https:\/\/noticiaempauta.com\/portal\/wp-json\/wp\/v2\/categories?post=294221"},{"taxonomy":"post_tag","embeddable":true,"href":"https:\/\/noticiaempauta.com\/portal\/wp-json\/wp\/v2\/tags?post=294221"}],"curies":[{"name":"wp","href":"https:\/\/api.w.org\/{rel}","templated":true}]}}