{"id":294234,"date":"2026-09-03T16:27:04","date_gmt":"2026-09-03T19:27:04","guid":{"rendered":"https:\/\/noticiaempauta.com\/portal\/?p=294234"},"modified":"2026-09-03T16:27:08","modified_gmt":"2026-09-03T19:27:08","slug":"prefeitura-de-picos-da-inicio-a-2a-fase-do-projeto-de-georreferenciamento-com-mapeamento-terrestre-em-360","status":"publish","type":"post","link":"https:\/\/noticiaempauta.com\/portal\/prefeitura-de-picos-da-inicio-a-2a-fase-do-projeto-de-georreferenciamento-com-mapeamento-terrestre-em-360\/","title":{"rendered":"Prefeitura de Picos d\u00e1 in\u00edcio a 2\u00aa fase do projeto de georreferenciamento com mapeamento terrestre em 360\u00b0"},"content":{"rendered":"\n<p class=\"wp-block-paragraph\">A Prefeitura de Picos deu continuidade ao projeto de georreferenciamento do munic\u00edpio ao iniciar nesta \u00faltima quarta-feira (02), a 2\u00aa fase do mapeamento, focada agora na capta\u00e7\u00e3o terrestre em 360\u00b0. O trabalho \u00e9 realizado por uma empresa especializada e d\u00e1 sequ\u00eancia \u00e0s a\u00e7\u00f5es de moderniza\u00e7\u00e3o da gest\u00e3o p\u00fablica municipal.<\/p>\n\n\n\n<figure class=\"wp-block-image size-large\"><img fetchpriority=\"high\" decoding=\"async\" width=\"1024\" height=\"683\" src=\"https:\/\/noticiaempauta.com\/portal\/wp-content\/uploads\/2026\/09\/CCM_0050-scaled-1-1024x683.webp\" alt=\"\" class=\"wp-image-294235\" srcset=\"https:\/\/noticiaempauta.com\/portal\/wp-content\/uploads\/2026\/09\/CCM_0050-scaled-1-1024x683.webp 1024w, https:\/\/noticiaempauta.com\/portal\/wp-content\/uploads\/2026\/09\/CCM_0050-scaled-1-300x200.webp 300w, https:\/\/noticiaempauta.com\/portal\/wp-content\/uploads\/2026\/09\/CCM_0050-scaled-1-767x512.webp 767w, https:\/\/noticiaempauta.com\/portal\/wp-content\/uploads\/2026\/09\/CCM_0050-scaled-1-1536x1025.webp 1536w, https:\/\/noticiaempauta.com\/portal\/wp-content\/uploads\/2026\/09\/CCM_0050-scaled-1-2048x1366.webp 2048w\" sizes=\"(max-width: 1024px) 100vw, 1024px\" \/><\/figure>\n\n\n\n<p class=\"wp-block-paragraph\">Na 1\u00aa fase do projeto, a administra\u00e7\u00e3o municipal realizou o mapeamento a\u00e9reo da zona urbana por meio de aerofotogrametria, com a utiliza\u00e7\u00e3o de sobrevoos com helic\u00f3ptero. O levantamento a\u00e9reo permitiu identificar APPs (\u00c1reas de Preserva\u00e7\u00e3o Permanente), mapear regi\u00f5es de risco e de potencial inunda\u00e7\u00e3o, delimitar com precis\u00e3o os limites dos bairros e estruturar a atualiza\u00e7\u00e3o do cadastro imobili\u00e1rio e econ\u00f4mico.<\/p>\n\n\n\n<p class=\"wp-block-paragraph\">Nesta nova etapa do projeto de georreferenciamento \u00e9 utilizado um ve\u00edculo terrestre modelo Volkswagen T-Cross equipado no teto com uma estrutura met\u00e1lica que comporta dois receptores GPS de alta precis\u00e3o, tecnologia de raio laser e um sistema integrado de captura de imagens de alta defini\u00e7\u00e3o.<\/p>\n\n\n\n<figure class=\"wp-block-image size-full\"><img decoding=\"async\" width=\"1024\" height=\"683\" src=\"https:\/\/noticiaempauta.com\/portal\/wp-content\/uploads\/2026\/09\/CCM_0022-1024x683-1.webp\" alt=\"\" class=\"wp-image-294236\" srcset=\"https:\/\/noticiaempauta.com\/portal\/wp-content\/uploads\/2026\/09\/CCM_0022-1024x683-1.webp 1024w, https:\/\/noticiaempauta.com\/portal\/wp-content\/uploads\/2026\/09\/CCM_0022-1024x683-1-300x200.webp 300w, https:\/\/noticiaempauta.com\/portal\/wp-content\/uploads\/2026\/09\/CCM_0022-1024x683-1-768x512.webp 768w\" sizes=\"(max-width: 1024px) 100vw, 1024px\" \/><\/figure>\n\n\n\n<p class=\"wp-block-paragraph\">O conjunto de c\u00e2meras conta com uma c\u00e2mera 360\u00b0, cinco c\u00e2meras laterais e uma c\u00e2mera superior, todas com resolu\u00e7\u00e3o de 12 megapixels, o que permite o registro minucioso e o mapeamento m\u00f3vel em 360\u00b0 com geolocaliza\u00e7\u00e3o em tempo real de todo o per\u00edmetro urbano.<\/p>\n\n\n\n<p class=\"wp-block-paragraph\">O secret\u00e1rio municipal de Finan\u00e7as de Picos, J\u00falio C\u00e9sar, explicou que o mapeamento terrestre em 360\u00b0 \u00e9 uma das etapas fundamentais do projeto, que visa integrar e atualizar as informa\u00e7\u00f5es espaciais e territoriais da cidade, para assim promover moderniza\u00e7\u00e3o administrativa e melhorar a qualidade dos servi\u00e7os p\u00fablicos prestados \u00e0 popula\u00e7\u00e3o.<\/p>\n\n\n\n<figure class=\"wp-block-image size-full\"><img decoding=\"async\" width=\"1024\" height=\"683\" src=\"https:\/\/noticiaempauta.com\/portal\/wp-content\/uploads\/2026\/09\/CCM_0019-1024x683-1.webp\" alt=\"\" class=\"wp-image-294237\" srcset=\"https:\/\/noticiaempauta.com\/portal\/wp-content\/uploads\/2026\/09\/CCM_0019-1024x683-1.webp 1024w, https:\/\/noticiaempauta.com\/portal\/wp-content\/uploads\/2026\/09\/CCM_0019-1024x683-1-768x512.webp 768w, https:\/\/noticiaempauta.com\/portal\/wp-content\/uploads\/2026\/09\/CCM_0019-1024x683-1-300x200.webp 300w\" sizes=\"(max-width: 1024px) 100vw, 1024px\" \/><\/figure>\n\n\n\n<p class=\"wp-block-paragraph\">\u201cAs imagens e dados obtidos v\u00e3o compor uma base digital detalhada do territ\u00f3rio urbano de Picos, facilitando an\u00e1lises, atualiza\u00e7\u00f5es cadastrais, a\u00e7\u00f5es de planejamento urbano, infraestrutura, fiscaliza\u00e7\u00e3o e diversas outras \u00e1reas da administra\u00e7\u00e3o municipal\u201d, completou o secret\u00e1rio de Finan\u00e7as.<\/p>\n\n\n\n<p class=\"wp-block-paragraph\">Ele destacou ainda que, para realizar esse projeto de georreferenciamento do munic\u00edpio picoense, a Prefeitura de Picos investiu no que h\u00e1 de melhor e mais tecnol\u00f3gico para que seja realizado um servi\u00e7o de excel\u00eancia.<\/p>\n\n\n\n<figure class=\"wp-block-image size-full\"><img loading=\"lazy\" decoding=\"async\" width=\"1024\" height=\"683\" src=\"https:\/\/noticiaempauta.com\/portal\/wp-content\/uploads\/2026\/09\/CCM_0025-1024x683-1.webp\" alt=\"\" class=\"wp-image-294238\" srcset=\"https:\/\/noticiaempauta.com\/portal\/wp-content\/uploads\/2026\/09\/CCM_0025-1024x683-1.webp 1024w, https:\/\/noticiaempauta.com\/portal\/wp-content\/uploads\/2026\/09\/CCM_0025-1024x683-1-300x200.webp 300w, https:\/\/noticiaempauta.com\/portal\/wp-content\/uploads\/2026\/09\/CCM_0025-1024x683-1-768x512.webp 768w\" sizes=\"(max-width: 1024px) 100vw, 1024px\" \/><\/figure>\n\n\n\n<p class=\"wp-block-paragraph\">\u201cEsses dados e as imagens obtidas ir\u00e3o compor a base digital do munic\u00edpio, que ser\u00e1 utilizada para trabalhos de infraestrutura, fiscaliza\u00e7\u00e3o e para organizar toda a administra\u00e7\u00e3o p\u00fablica do munic\u00edpio de Picos. O ve\u00edculo ir\u00e1 percorrer todas as ruas da \u00e1rea urbana fazendo esse trabalho de mapeamento terrestre\u201d, informou J\u00falio C\u00e9sar.<\/p>\n\n\n\n<p class=\"wp-block-paragraph\">A consolida\u00e7\u00e3o dessas do etapas projeto de georreferenciamento do munic\u00edpio garante a Picos ferramentas tecnol\u00f3gicas de precis\u00e3o para aprimorar o planejamento urbano, garantir a justi\u00e7a tribut\u00e1ria e impulsionar o desenvolvimento sustent\u00e1vel e organizado da cidade.<\/p>\n","protected":false},"excerpt":{"rendered":"<p>A Prefeitura de Picos deu continuidade ao projeto de georreferenciamento do munic\u00edpio ao iniciar nesta \u00faltima quarta-feira (02), a 2\u00aa fase do mapeamento, focada agora na capta\u00e7\u00e3o terrestre em 360\u00b0. O trabalho \u00e9 realizado por uma empresa especializada e d\u00e1 sequ\u00eancia \u00e0s a\u00e7\u00f5es de moderniza\u00e7\u00e3o da gest\u00e3o p\u00fablica municipal. Na 1\u00aa fase do projeto, a [&hellip;]<\/p>\n","protected":false},"author":2,"featured_media":294235,"comment_status":"closed","ping_status":"closed","sticky":false,"template":"","format":"standard","meta":{"_mi_skip_tracking":false,"footnotes":""},"categories":[25,1,16],"tags":[],"class_list":["post-294234","post","type-post","status-publish","format-standard","has-post-thumbnail","hentry","category-destaques-site","category-geral","category-todas"],"acf":[],"yoast_head":"<!-- This site is optimized with the Yoast SEO Premium plugin v19.2 (Yoast SEO v26.9) - https:\/\/yoast.com\/product\/yoast-seo-premium-wordpress\/ -->\n<title>Prefeitura de Picos d\u00e1 in\u00edcio a 2\u00aa fase do projeto de georreferenciamento com mapeamento terrestre em 360\u00b0 - Portal Not\u00edcia em Pauta<\/title>\n<meta name=\"robots\" content=\"index, follow, max-snippet:-1, max-image-preview:large, max-video-preview:-1\" \/>\n<link rel=\"canonical\" href=\"https:\/\/noticiaempauta.com\/portal\/prefeitura-de-picos-da-inicio-a-2a-fase-do-projeto-de-georreferenciamento-com-mapeamento-terrestre-em-360\/\" \/>\n<meta property=\"og:locale\" content=\"pt_BR\" \/>\n<meta property=\"og:type\" content=\"article\" \/>\n<meta property=\"og:title\" content=\"Prefeitura de Picos d\u00e1 in\u00edcio a 2\u00aa fase do projeto de georreferenciamento com mapeamento terrestre em 360\u00b0\" \/>\n<meta property=\"og:description\" content=\"A Prefeitura de Picos deu continuidade ao projeto de georreferenciamento do munic\u00edpio ao iniciar nesta \u00faltima quarta-feira (02), a 2\u00aa fase do mapeamento, focada agora na capta\u00e7\u00e3o terrestre em 360\u00b0. O trabalho \u00e9 realizado por uma empresa especializada e d\u00e1 sequ\u00eancia \u00e0s a\u00e7\u00f5es de moderniza\u00e7\u00e3o da gest\u00e3o p\u00fablica municipal. Na 1\u00aa fase do projeto, a [&hellip;]\" \/>\n<meta property=\"og:url\" content=\"https:\/\/noticiaempauta.com\/portal\/prefeitura-de-picos-da-inicio-a-2a-fase-do-projeto-de-georreferenciamento-com-mapeamento-terrestre-em-360\/\" \/>\n<meta property=\"og:site_name\" content=\"Portal Not\u00edcia em Pauta\" \/>\n<meta property=\"article:publisher\" content=\"https:\/\/www.facebook.com\/Portal-Notcia-Em-Pauta-102292869264820\/\" \/>\n<meta property=\"article:published_time\" content=\"2026-09-03T19:27:04+00:00\" \/>\n<meta property=\"article:modified_time\" content=\"2026-09-03T19:27:08+00:00\" \/>\n<meta property=\"og:image\" content=\"https:\/\/noticiaempauta.com\/portal\/wp-content\/uploads\/2026\/09\/CCM_0050-scaled-1.webp\" \/>\n\t<meta property=\"og:image:width\" content=\"2560\" \/>\n\t<meta property=\"og:image:height\" content=\"1708\" \/>\n\t<meta property=\"og:image:type\" content=\"image\/webp\" \/>\n<meta name=\"author\" content=\"Reda\u00e7\u00e3o\" \/>\n<meta name=\"twitter:card\" content=\"summary_large_image\" \/>\n<meta name=\"twitter:label1\" content=\"Escrito por\" \/>\n\t<meta name=\"twitter:data1\" content=\"Reda\u00e7\u00e3o\" \/>\n\t<meta name=\"twitter:label2\" content=\"Est. tempo de leitura\" \/>\n\t<meta name=\"twitter:data2\" content=\"4 minutos\" \/>\n<script type=\"application\/ld+json\" class=\"yoast-schema-graph\">{\"@context\":\"https:\/\/schema.org\",\"@graph\":[{\"@type\":\"Article\",\"@id\":\"https:\/\/noticiaempauta.com\/portal\/prefeitura-de-picos-da-inicio-a-2a-fase-do-projeto-de-georreferenciamento-com-mapeamento-terrestre-em-360\/#article\",\"isPartOf\":{\"@id\":\"https:\/\/noticiaempauta.com\/portal\/prefeitura-de-picos-da-inicio-a-2a-fase-do-projeto-de-georreferenciamento-com-mapeamento-terrestre-em-360\/\"},\"author\":{\"name\":\"Reda\u00e7\u00e3o\",\"@id\":\"https:\/\/noticiaempauta.com\/portal\/#\/schema\/person\/a74af43dd1ab3deca45f988c717d57ac\"},\"headline\":\"Prefeitura de Picos d\u00e1 in\u00edcio a 2\u00aa fase do projeto de georreferenciamento com mapeamento terrestre em 360\u00b0\",\"datePublished\":\"2026-09-03T19:27:04+00:00\",\"dateModified\":\"2026-09-03T19:27:08+00:00\",\"mainEntityOfPage\":{\"@id\":\"https:\/\/noticiaempauta.com\/portal\/prefeitura-de-picos-da-inicio-a-2a-fase-do-projeto-de-georreferenciamento-com-mapeamento-terrestre-em-360\/\"},\"wordCount\":479,\"publisher\":{\"@id\":\"https:\/\/noticiaempauta.com\/portal\/#organization\"},\"image\":{\"@id\":\"https:\/\/noticiaempauta.com\/portal\/prefeitura-de-picos-da-inicio-a-2a-fase-do-projeto-de-georreferenciamento-com-mapeamento-terrestre-em-360\/#primaryimage\"},\"thumbnailUrl\":\"https:\/\/noticiaempauta.com\/portal\/wp-content\/uploads\/2026\/09\/CCM_0050-scaled-1.webp\",\"articleSection\":[\"Destaques\",\"Geral\",\"Todas as Not\u00edcias\"],\"inLanguage\":\"pt-BR\"},{\"@type\":\"WebPage\",\"@id\":\"https:\/\/noticiaempauta.com\/portal\/prefeitura-de-picos-da-inicio-a-2a-fase-do-projeto-de-georreferenciamento-com-mapeamento-terrestre-em-360\/\",\"url\":\"https:\/\/noticiaempauta.com\/portal\/prefeitura-de-picos-da-inicio-a-2a-fase-do-projeto-de-georreferenciamento-com-mapeamento-terrestre-em-360\/\",\"name\":\"Prefeitura de Picos d\u00e1 in\u00edcio a 2\u00aa fase do projeto de georreferenciamento com mapeamento terrestre em 360\u00b0 - Portal Not\u00edcia em Pauta\",\"isPartOf\":{\"@id\":\"https:\/\/noticiaempauta.com\/portal\/#website\"},\"primaryImageOfPage\":{\"@id\":\"https:\/\/noticiaempauta.com\/portal\/prefeitura-de-picos-da-inicio-a-2a-fase-do-projeto-de-georreferenciamento-com-mapeamento-terrestre-em-360\/#primaryimage\"},\"image\":{\"@id\":\"https:\/\/noticiaempauta.com\/portal\/prefeitura-de-picos-da-inicio-a-2a-fase-do-projeto-de-georreferenciamento-com-mapeamento-terrestre-em-360\/#primaryimage\"},\"thumbnailUrl\":\"https:\/\/noticiaempauta.com\/portal\/wp-content\/uploads\/2026\/09\/CCM_0050-scaled-1.webp\",\"datePublished\":\"2026-09-03T19:27:04+00:00\",\"dateModified\":\"2026-09-03T19:27:08+00:00\",\"breadcrumb\":{\"@id\":\"https:\/\/noticiaempauta.com\/portal\/prefeitura-de-picos-da-inicio-a-2a-fase-do-projeto-de-georreferenciamento-com-mapeamento-terrestre-em-360\/#breadcrumb\"},\"inLanguage\":\"pt-BR\",\"potentialAction\":[{\"@type\":\"ReadAction\",\"target\":[\"https:\/\/noticiaempauta.com\/portal\/prefeitura-de-picos-da-inicio-a-2a-fase-do-projeto-de-georreferenciamento-com-mapeamento-terrestre-em-360\/\"]}]},{\"@type\":\"ImageObject\",\"inLanguage\":\"pt-BR\",\"@id\":\"https:\/\/noticiaempauta.com\/portal\/prefeitura-de-picos-da-inicio-a-2a-fase-do-projeto-de-georreferenciamento-com-mapeamento-terrestre-em-360\/#primaryimage\",\"url\":\"https:\/\/noticiaempauta.com\/portal\/wp-content\/uploads\/2026\/09\/CCM_0050-scaled-1.webp\",\"contentUrl\":\"https:\/\/noticiaempauta.com\/portal\/wp-content\/uploads\/2026\/09\/CCM_0050-scaled-1.webp\",\"width\":2560,\"height\":1708},{\"@type\":\"BreadcrumbList\",\"@id\":\"https:\/\/noticiaempauta.com\/portal\/prefeitura-de-picos-da-inicio-a-2a-fase-do-projeto-de-georreferenciamento-com-mapeamento-terrestre-em-360\/#breadcrumb\",\"itemListElement\":[{\"@type\":\"ListItem\",\"position\":1,\"name\":\"P\u00e1gina Inicial\",\"item\":\"https:\/\/noticiaempauta.com\/portal\/\"},{\"@type\":\"ListItem\",\"position\":2,\"name\":\"Destaques\",\"item\":\"https:\/\/noticiaempauta.com\/portal\/destaques-site\/\"},{\"@type\":\"ListItem\",\"position\":3,\"name\":\"Prefeitura de Picos d\u00e1 in\u00edcio a 2\u00aa fase do projeto de georreferenciamento com mapeamento terrestre em 360\u00b0\"}]},{\"@type\":\"WebSite\",\"@id\":\"https:\/\/noticiaempauta.com\/portal\/#website\",\"url\":\"https:\/\/noticiaempauta.com\/portal\/\",\"name\":\"Portal Not\u00edcia em Pauta\",\"description\":\"Voc\u00ea bem informado\",\"publisher\":{\"@id\":\"https:\/\/noticiaempauta.com\/portal\/#organization\"},\"potentialAction\":[{\"@type\":\"SearchAction\",\"target\":{\"@type\":\"EntryPoint\",\"urlTemplate\":\"https:\/\/noticiaempauta.com\/portal\/?s={search_term_string}\"},\"query-input\":{\"@type\":\"PropertyValueSpecification\",\"valueRequired\":true,\"valueName\":\"search_term_string\"}}],\"inLanguage\":\"pt-BR\"},{\"@type\":\"Organization\",\"@id\":\"https:\/\/noticiaempauta.com\/portal\/#organization\",\"name\":\"Portal Not\u00edcia em Pauta\",\"url\":\"https:\/\/noticiaempauta.com\/portal\/\",\"logo\":{\"@type\":\"ImageObject\",\"inLanguage\":\"pt-BR\",\"@id\":\"https:\/\/noticiaempauta.com\/portal\/#\/schema\/logo\/image\/\",\"url\":\"https:\/\/noticiaempauta.com\/portal\/wp-content\/uploads\/2022\/08\/logomarca_tema.fw_.png\",\"contentUrl\":\"https:\/\/noticiaempauta.com\/portal\/wp-content\/uploads\/2022\/08\/logomarca_tema.fw_.png\",\"width\":400,\"height\":232,\"caption\":\"Portal Not\u00edcia em Pauta\"},\"image\":{\"@id\":\"https:\/\/noticiaempauta.com\/portal\/#\/schema\/logo\/image\/\"},\"sameAs\":[\"https:\/\/www.facebook.com\/Portal-Notcia-Em-Pauta-102292869264820\/\",\"https:\/\/www.instagram.com\/portalnoticiaempauta\/\"]},{\"@type\":\"Person\",\"@id\":\"https:\/\/noticiaempauta.com\/portal\/#\/schema\/person\/a74af43dd1ab3deca45f988c717d57ac\",\"name\":\"Reda\u00e7\u00e3o\",\"image\":{\"@type\":\"ImageObject\",\"inLanguage\":\"pt-BR\",\"@id\":\"https:\/\/noticiaempauta.com\/portal\/#\/schema\/person\/image\/\",\"url\":\"https:\/\/secure.gravatar.com\/avatar\/03179346ecce6cdfc13361603e8f54242a90e5cde8618fa23c5c00aa2b0aadf3?s=96&d=mm&r=g\",\"contentUrl\":\"https:\/\/secure.gravatar.com\/avatar\/03179346ecce6cdfc13361603e8f54242a90e5cde8618fa23c5c00aa2b0aadf3?s=96&d=mm&r=g\",\"caption\":\"Reda\u00e7\u00e3o\"},\"sameAs\":[\"https:\/\/noticiaempauta.com\/portal\/\"],\"url\":\"https:\/\/noticiaempauta.com\/portal\/author\/fernando\/\"}]}<\/script>\n<!-- \/ Yoast SEO Premium plugin. -->","yoast_head_json":{"title":"Prefeitura de Picos d\u00e1 in\u00edcio a 2\u00aa fase do projeto de georreferenciamento com mapeamento terrestre em 360\u00b0 - Portal Not\u00edcia em Pauta","robots":{"index":"index","follow":"follow","max-snippet":"max-snippet:-1","max-image-preview":"max-image-preview:large","max-video-preview":"max-video-preview:-1"},"canonical":"https:\/\/noticiaempauta.com\/portal\/prefeitura-de-picos-da-inicio-a-2a-fase-do-projeto-de-georreferenciamento-com-mapeamento-terrestre-em-360\/","og_locale":"pt_BR","og_type":"article","og_title":"Prefeitura de Picos d\u00e1 in\u00edcio a 2\u00aa fase do projeto de georreferenciamento com mapeamento terrestre em 360\u00b0","og_description":"A Prefeitura de Picos deu continuidade ao projeto de georreferenciamento do munic\u00edpio ao iniciar nesta \u00faltima quarta-feira (02), a 2\u00aa fase do mapeamento, focada agora na capta\u00e7\u00e3o terrestre em 360\u00b0. O trabalho \u00e9 realizado por uma empresa especializada e d\u00e1 sequ\u00eancia \u00e0s a\u00e7\u00f5es de moderniza\u00e7\u00e3o da gest\u00e3o p\u00fablica municipal. Na 1\u00aa fase do projeto, a [&hellip;]","og_url":"https:\/\/noticiaempauta.com\/portal\/prefeitura-de-picos-da-inicio-a-2a-fase-do-projeto-de-georreferenciamento-com-mapeamento-terrestre-em-360\/","og_site_name":"Portal Not\u00edcia em Pauta","article_publisher":"https:\/\/www.facebook.com\/Portal-Notcia-Em-Pauta-102292869264820\/","article_published_time":"2026-09-03T19:27:04+00:00","article_modified_time":"2026-09-03T19:27:08+00:00","og_image":[{"width":2560,"height":1708,"url":"https:\/\/noticiaempauta.com\/portal\/wp-content\/uploads\/2026\/09\/CCM_0050-scaled-1.webp","type":"image\/webp"}],"author":"Reda\u00e7\u00e3o","twitter_card":"summary_large_image","twitter_misc":{"Escrito por":"Reda\u00e7\u00e3o","Est. tempo de leitura":"4 minutos"},"schema":{"@context":"https:\/\/schema.org","@graph":[{"@type":"Article","@id":"https:\/\/noticiaempauta.com\/portal\/prefeitura-de-picos-da-inicio-a-2a-fase-do-projeto-de-georreferenciamento-com-mapeamento-terrestre-em-360\/#article","isPartOf":{"@id":"https:\/\/noticiaempauta.com\/portal\/prefeitura-de-picos-da-inicio-a-2a-fase-do-projeto-de-georreferenciamento-com-mapeamento-terrestre-em-360\/"},"author":{"name":"Reda\u00e7\u00e3o","@id":"https:\/\/noticiaempauta.com\/portal\/#\/schema\/person\/a74af43dd1ab3deca45f988c717d57ac"},"headline":"Prefeitura de Picos d\u00e1 in\u00edcio a 2\u00aa fase do projeto de georreferenciamento com mapeamento terrestre em 360\u00b0","datePublished":"2026-09-03T19:27:04+00:00","dateModified":"2026-09-03T19:27:08+00:00","mainEntityOfPage":{"@id":"https:\/\/noticiaempauta.com\/portal\/prefeitura-de-picos-da-inicio-a-2a-fase-do-projeto-de-georreferenciamento-com-mapeamento-terrestre-em-360\/"},"wordCount":479,"publisher":{"@id":"https:\/\/noticiaempauta.com\/portal\/#organization"},"image":{"@id":"https:\/\/noticiaempauta.com\/portal\/prefeitura-de-picos-da-inicio-a-2a-fase-do-projeto-de-georreferenciamento-com-mapeamento-terrestre-em-360\/#primaryimage"},"thumbnailUrl":"https:\/\/noticiaempauta.com\/portal\/wp-content\/uploads\/2026\/09\/CCM_0050-scaled-1.webp","articleSection":["Destaques","Geral","Todas as Not\u00edcias"],"inLanguage":"pt-BR"},{"@type":"WebPage","@id":"https:\/\/noticiaempauta.com\/portal\/prefeitura-de-picos-da-inicio-a-2a-fase-do-projeto-de-georreferenciamento-com-mapeamento-terrestre-em-360\/","url":"https:\/\/noticiaempauta.com\/portal\/prefeitura-de-picos-da-inicio-a-2a-fase-do-projeto-de-georreferenciamento-com-mapeamento-terrestre-em-360\/","name":"Prefeitura de Picos d\u00e1 in\u00edcio a 2\u00aa fase do projeto de georreferenciamento com mapeamento terrestre em 360\u00b0 - Portal Not\u00edcia em Pauta","isPartOf":{"@id":"https:\/\/noticiaempauta.com\/portal\/#website"},"primaryImageOfPage":{"@id":"https:\/\/noticiaempauta.com\/portal\/prefeitura-de-picos-da-inicio-a-2a-fase-do-projeto-de-georreferenciamento-com-mapeamento-terrestre-em-360\/#primaryimage"},"image":{"@id":"https:\/\/noticiaempauta.com\/portal\/prefeitura-de-picos-da-inicio-a-2a-fase-do-projeto-de-georreferenciamento-com-mapeamento-terrestre-em-360\/#primaryimage"},"thumbnailUrl":"https:\/\/noticiaempauta.com\/portal\/wp-content\/uploads\/2026\/09\/CCM_0050-scaled-1.webp","datePublished":"2026-09-03T19:27:04+00:00","dateModified":"2026-09-03T19:27:08+00:00","breadcrumb":{"@id":"https:\/\/noticiaempauta.com\/portal\/prefeitura-de-picos-da-inicio-a-2a-fase-do-projeto-de-georreferenciamento-com-mapeamento-terrestre-em-360\/#breadcrumb"},"inLanguage":"pt-BR","potentialAction":[{"@type":"ReadAction","target":["https:\/\/noticiaempauta.com\/portal\/prefeitura-de-picos-da-inicio-a-2a-fase-do-projeto-de-georreferenciamento-com-mapeamento-terrestre-em-360\/"]}]},{"@type":"ImageObject","inLanguage":"pt-BR","@id":"https:\/\/noticiaempauta.com\/portal\/prefeitura-de-picos-da-inicio-a-2a-fase-do-projeto-de-georreferenciamento-com-mapeamento-terrestre-em-360\/#primaryimage","url":"https:\/\/noticiaempauta.com\/portal\/wp-content\/uploads\/2026\/09\/CCM_0050-scaled-1.webp","contentUrl":"https:\/\/noticiaempauta.com\/portal\/wp-content\/uploads\/2026\/09\/CCM_0050-scaled-1.webp","width":2560,"height":1708},{"@type":"BreadcrumbList","@id":"https:\/\/noticiaempauta.com\/portal\/prefeitura-de-picos-da-inicio-a-2a-fase-do-projeto-de-georreferenciamento-com-mapeamento-terrestre-em-360\/#breadcrumb","itemListElement":[{"@type":"ListItem","position":1,"name":"P\u00e1gina Inicial","item":"https:\/\/noticiaempauta.com\/portal\/"},{"@type":"ListItem","position":2,"name":"Destaques","item":"https:\/\/noticiaempauta.com\/portal\/destaques-site\/"},{"@type":"ListItem","position":3,"name":"Prefeitura de Picos d\u00e1 in\u00edcio a 2\u00aa fase do projeto de georreferenciamento com mapeamento terrestre em 360\u00b0"}]},{"@type":"WebSite","@id":"https:\/\/noticiaempauta.com\/portal\/#website","url":"https:\/\/noticiaempauta.com\/portal\/","name":"Portal Not\u00edcia em Pauta","description":"Voc\u00ea bem informado","publisher":{"@id":"https:\/\/noticiaempauta.com\/portal\/#organization"},"potentialAction":[{"@type":"SearchAction","target":{"@type":"EntryPoint","urlTemplate":"https:\/\/noticiaempauta.com\/portal\/?s={search_term_string}"},"query-input":{"@type":"PropertyValueSpecification","valueRequired":true,"valueName":"search_term_string"}}],"inLanguage":"pt-BR"},{"@type":"Organization","@id":"https:\/\/noticiaempauta.com\/portal\/#organization","name":"Portal Not\u00edcia em Pauta","url":"https:\/\/noticiaempauta.com\/portal\/","logo":{"@type":"ImageObject","inLanguage":"pt-BR","@id":"https:\/\/noticiaempauta.com\/portal\/#\/schema\/logo\/image\/","url":"https:\/\/noticiaempauta.com\/portal\/wp-content\/uploads\/2022\/08\/logomarca_tema.fw_.png","contentUrl":"https:\/\/noticiaempauta.com\/portal\/wp-content\/uploads\/2022\/08\/logomarca_tema.fw_.png","width":400,"height":232,"caption":"Portal Not\u00edcia em Pauta"},"image":{"@id":"https:\/\/noticiaempauta.com\/portal\/#\/schema\/logo\/image\/"},"sameAs":["https:\/\/www.facebook.com\/Portal-Notcia-Em-Pauta-102292869264820\/","https:\/\/www.instagram.com\/portalnoticiaempauta\/"]},{"@type":"Person","@id":"https:\/\/noticiaempauta.com\/portal\/#\/schema\/person\/a74af43dd1ab3deca45f988c717d57ac","name":"Reda\u00e7\u00e3o","image":{"@type":"ImageObject","inLanguage":"pt-BR","@id":"https:\/\/noticiaempauta.com\/portal\/#\/schema\/person\/image\/","url":"https:\/\/secure.gravatar.com\/avatar\/03179346ecce6cdfc13361603e8f54242a90e5cde8618fa23c5c00aa2b0aadf3?s=96&d=mm&r=g","contentUrl":"https:\/\/secure.gravatar.com\/avatar\/03179346ecce6cdfc13361603e8f54242a90e5cde8618fa23c5c00aa2b0aadf3?s=96&d=mm&r=g","caption":"Reda\u00e7\u00e3o"},"sameAs":["https:\/\/noticiaempauta.com\/portal\/"],"url":"https:\/\/noticiaempauta.com\/portal\/author\/fernando\/"}]}},"_links":{"self":[{"href":"https:\/\/noticiaempauta.com\/portal\/wp-json\/wp\/v2\/posts\/294234","targetHints":{"allow":["GET"]}}],"collection":[{"href":"https:\/\/noticiaempauta.com\/portal\/wp-json\/wp\/v2\/posts"}],"about":[{"href":"https:\/\/noticiaempauta.com\/portal\/wp-json\/wp\/v2\/types\/post"}],"author":[{"embeddable":true,"href":"https:\/\/noticiaempauta.com\/portal\/wp-json\/wp\/v2\/users\/2"}],"replies":[{"embeddable":true,"href":"https:\/\/noticiaempauta.com\/portal\/wp-json\/wp\/v2\/comments?post=294234"}],"version-history":[{"count":2,"href":"https:\/\/noticiaempauta.com\/portal\/wp-json\/wp\/v2\/posts\/294234\/revisions"}],"predecessor-version":[{"id":294240,"href":"https:\/\/noticiaempauta.com\/portal\/wp-json\/wp\/v2\/posts\/294234\/revisions\/294240"}],"wp:featuredmedia":[{"embeddable":true,"href":"https:\/\/noticiaempauta.com\/portal\/wp-json\/wp\/v2\/media\/294235"}],"wp:attachment":[{"href":"https:\/\/noticiaempauta.com\/portal\/wp-json\/wp\/v2\/media?parent=294234"}],"wp:term":[{"taxonomy":"category","embeddable":true,"href":"https:\/\/noticiaempauta.com\/portal\/wp-json\/wp\/v2\/categories?post=294234"},{"taxonomy":"post_tag","embeddable":true,"href":"https:\/\/noticiaempauta.com\/portal\/wp-json\/wp\/v2\/tags?post=294234"}],"curies":[{"name":"wp","href":"https:\/\/api.w.org\/{rel}","templated":true}]}}